{"id":2137,"date":"2023-05-04T18:19:05","date_gmt":"2023-05-04T21:19:05","guid":{"rendered":"https:\/\/autofans.com.ar\/?p=2137"},"modified":"2023-05-04T18:20:34","modified_gmt":"2023-05-04T21:20:34","slug":"mini-cooper-electric-el-futuro-de-la-conduccion-urbana","status":"publish","type":"post","link":"https:\/\/autofans.com.ar\/index.php\/2023\/05\/04\/mini-cooper-electric-el-futuro-de-la-conduccion-urbana\/","title":{"rendered":"MINI Cooper Electric &#8211; el futuro de la conducci\u00f3n urbana"},"content":{"rendered":"<p>MINI presenta su nueva generaci\u00f3n totalmente el\u00e9ctrica, el MINI Cooper Electric. El cual conserva el ic\u00f3nico \u201cgo-kart feeling\u201d que caracteriza a la marca y que se adapta a la conducci\u00f3n urbana del futuro. Mientras que el MINI Cooper SE, lanzado en 2020, experiment\u00f3 un aumento del 25.5% en sus ventas en el a\u00f1o 2022, convirti\u00e9ndose en el modelo MINI m\u00e1s popular, con m\u00e1s de 43 mil unidades vendidas en todo el mundo.<\/p>\n<p>&nbsp;<\/p>\n<p><center><iframe title=\"MINI Cooper Electric: el ic\u00f3nico modelo ahora 100% el\u00e9ctrico\" width=\"640\" height=\"360\" src=\"https:\/\/www.youtube.com\/embed\/U70nCR_Tdfg?feature=oembed\" frameborder=\"0\" allow=\"accelerometer; autoplay; clipboard-write; encrypted-media; gyroscope; picture-in-picture; web-share\" referrerpolicy=\"strict-origin-when-cross-origin\" allowfullscreen><\/iframe><\/p>\n<p>&nbsp;<\/p>\n<p>En cuanto a la pr\u00f3xima generaci\u00f3n de la familia MINI se estrena con el MINI Cooper Electric, que estar\u00e1 disponible en dos niveles de potencia. El MINI Cooper E, con una potencia de 135 kW, y el MINI Cooper SE, con 160 kW. Ambos modelos contar\u00e1n con el par m\u00e1ximo disponible desde el inicio, sin las interrupciones producidas por las cajas de cambios, y con las bater\u00edas instaladas bajo el piso del veh\u00edculo para garantizar su estabilidad y agilidad en la conducci\u00f3n.<\/p>\n<p>&nbsp;<\/p>\n<p><\/center>&nbsp;<\/p>\n<div id='gallery-1' class='gallery galleryid-2137 gallery-columns-3 gallery-size-large'><figure class='gallery-item'>\n\t\t\t<div class='gallery-icon landscape'>\n\t\t\t\t<a href='https:\/\/autofans.com.ar\/index.php\/2023\/05\/04\/mini-cooper-electric-el-futuro-de-la-conduccion-urbana\/foto-5-41\/'><img loading=\"lazy\" width=\"640\" height=\"427\" src=\"https:\/\/autofans.com.ar\/wp-content\/uploads\/2023\/05\/foto-5-2.jpg\" class=\"attachment-large size-large\" alt=\"mini electrico\" srcset=\"https:\/\/autofans.com.ar\/wp-content\/uploads\/2023\/05\/foto-5-2.jpg 1000w, https:\/\/autofans.com.ar\/wp-content\/uploads\/2023\/05\/foto-5-2-300x200.jpg 300w, https:\/\/autofans.com.ar\/wp-content\/uploads\/2023\/05\/foto-5-2-768x512.jpg 768w\" sizes=\"auto, (max-width: 640px) 100vw, 640px\" loading=\"lazy\" decoding=\"async\" \/><\/a>\n\t\t\t<\/div><\/figure><figure class='gallery-item'>\n\t\t\t<div class='gallery-icon landscape'>\n\t\t\t\t<a href='https:\/\/autofans.com.ar\/index.php\/2023\/05\/04\/mini-cooper-electric-el-futuro-de-la-conduccion-urbana\/foto-2-75\/'><img loading=\"lazy\" width=\"640\" height=\"427\" src=\"https:\/\/autofans.com.ar\/wp-content\/uploads\/2023\/05\/foto-2-5.jpg\" class=\"attachment-large size-large\" alt=\"mini electrico\" srcset=\"https:\/\/autofans.com.ar\/wp-content\/uploads\/2023\/05\/foto-2-5.jpg 1000w, https:\/\/autofans.com.ar\/wp-content\/uploads\/2023\/05\/foto-2-5-300x200.jpg 300w, https:\/\/autofans.com.ar\/wp-content\/uploads\/2023\/05\/foto-2-5-768x512.jpg 768w\" sizes=\"auto, (max-width: 640px) 100vw, 640px\" loading=\"lazy\" decoding=\"async\" \/><\/a>\n\t\t\t<\/div><\/figure><figure class='gallery-item'>\n\t\t\t<div class='gallery-icon landscape'>\n\t\t\t\t<a href='https:\/\/autofans.com.ar\/index.php\/2023\/05\/04\/mini-cooper-electric-el-futuro-de-la-conduccion-urbana\/foto-1-78\/'><img loading=\"lazy\" width=\"640\" height=\"427\" src=\"https:\/\/autofans.com.ar\/wp-content\/uploads\/2023\/05\/foto-1-5.jpg\" class=\"attachment-large size-large\" alt=\"mini electrico\" srcset=\"https:\/\/autofans.com.ar\/wp-content\/uploads\/2023\/05\/foto-1-5.jpg 1000w, https:\/\/autofans.com.ar\/wp-content\/uploads\/2023\/05\/foto-1-5-300x200.jpg 300w, https:\/\/autofans.com.ar\/wp-content\/uploads\/2023\/05\/foto-1-5-768x512.jpg 768w\" sizes=\"auto, (max-width: 640px) 100vw, 640px\" loading=\"lazy\" decoding=\"async\" \/><\/a>\n\t\t\t<\/div><\/figure>\n\t\t<\/div>\n\n<p>Por otra parte la capacidad de la bater\u00eda en el MINI Cooper E ser\u00e1 de 40.7 kWh, mientras que en el MINI Cooper SE ser\u00e1 de 54.2 kWh. Esto le permitir\u00e1 que ambos modelos tengan una autonom\u00eda de entre 300 y 400 kil\u00f3metros, ampliando significativamente su capacidad de viaje a distancias m\u00e1s largas. Adem\u00e1s, el interior de cuatro asientos ha sido especialmente dise\u00f1ado para brindar mayor flexibilidad y versatilidad.<\/p>\n<p>&nbsp;<\/p>\n<div id='gallery-2' class='gallery galleryid-2137 gallery-columns-2 gallery-size-full'><figure class='gallery-item'>\n\t\t\t<div class='gallery-icon landscape'>\n\t\t\t\t<a href='https:\/\/autofans.com.ar\/index.php\/2023\/05\/04\/mini-cooper-electric-el-futuro-de-la-conduccion-urbana\/foto-4-53\/'><img loading=\"lazy\" width=\"1000\" height=\"667\" src=\"https:\/\/autofans.com.ar\/wp-content\/uploads\/2023\/05\/foto-4-2.jpg\" class=\"attachment-full size-full\" alt=\"mini electrico\" aria-describedby=\"gallery-2-2139\" srcset=\"https:\/\/autofans.com.ar\/wp-content\/uploads\/2023\/05\/foto-4-2.jpg 1000w, https:\/\/autofans.com.ar\/wp-content\/uploads\/2023\/05\/foto-4-2-300x200.jpg 300w, https:\/\/autofans.com.ar\/wp-content\/uploads\/2023\/05\/foto-4-2-768x512.jpg 768w\" sizes=\"auto, (max-width: 1000px) 100vw, 1000px\" loading=\"lazy\" decoding=\"async\" \/><\/a>\n\t\t\t<\/div>\n\t\t\t\t<figcaption class='wp-caption-text gallery-caption' id='gallery-2-2139'>\n\t\t\t\tMINI Cooper Electric\n\t\t\t\t<\/figcaption><\/figure><figure class='gallery-item'>\n\t\t\t<div class='gallery-icon landscape'>\n\t\t\t\t<a href='https:\/\/autofans.com.ar\/index.php\/2023\/05\/04\/mini-cooper-electric-el-futuro-de-la-conduccion-urbana\/foto-6-26\/'><img loading=\"lazy\" width=\"1000\" height=\"667\" src=\"https:\/\/autofans.com.ar\/wp-content\/uploads\/2023\/05\/foto-6-1.jpg\" class=\"attachment-full size-full\" alt=\"mini electrico\" aria-describedby=\"gallery-2-2145\" srcset=\"https:\/\/autofans.com.ar\/wp-content\/uploads\/2023\/05\/foto-6-1.jpg 1000w, https:\/\/autofans.com.ar\/wp-content\/uploads\/2023\/05\/foto-6-1-300x200.jpg 300w, https:\/\/autofans.com.ar\/wp-content\/uploads\/2023\/05\/foto-6-1-768x512.jpg 768w\" sizes=\"auto, (max-width: 1000px) 100vw, 1000px\" loading=\"lazy\" decoding=\"async\" \/><\/a>\n\t\t\t<\/div>\n\t\t\t\t<figcaption class='wp-caption-text gallery-caption' id='gallery-2-2145'>\n\t\t\t\tMINI Countryman\n\t\t\t\t<\/figcaption><\/figure>\n\t\t<\/div>\n\n<p>Con el MINI Cooper Electric, la marca contin\u00faa su legado de m\u00e1s de 60 a\u00f1os en la conducci\u00f3n urbana y entretenida. Junto con el nuevo MINI Countryman que se producir\u00e1 en la planta de BMW Group en Leipzig. El <a href=\"https:\/\/www.mini.com.ar\/es_AR\/home.html\" target=\"_blank\" rel=\"noopener\">MINI Cooper<\/a> Electric se suma a la apuesta de la marca por un futuro totalmente el\u00e9ctrico.<\/p>\n<p>&nbsp;<\/p>\n<p><i>Para enterarte de m\u00e1s novedades, no dejes de leer\u00a0<\/i><a href=\"https:\/\/autofans.thebrandsoup.com\/\"><i>nuestras notas<\/i><\/a><i>, de ver<\/i><b><i>\u00a0<\/i><\/b><a href=\"https:\/\/www.youtube.com\/channel\/UCgAC8UGHZYbT6P7PpmVnP7g\"><b><i>AUTOFANS TV<\/i><\/b><\/a><b><i>\u00a0<\/i><\/b><i>en nuestro\u00a0canal de Youtube. Adem\u00e1s seguinos en\u00a0<\/i><a href=\"https:\/\/www.instagram.com\/autofanstv\/\"><i>INSTAGRAM<\/i><\/a><i> y <\/i><a href=\"https:\/\/www.facebook.com\/autofansmas\/\"><i>FACEBOOK<\/i><\/a><i> para no perderte nada sobre las novedades del segmento automotor de Argentina y el mundo. <\/i><\/p>\n","protected":false},"excerpt":{"rendered":"<p>MINI presenta su nueva generaci\u00f3n totalmente el\u00e9ctrica, el MINI Cooper Electric. El cual conserva el&#8230;<\/p>\n","protected":false},"author":2,"featured_media":2140,"comment_status":"closed","ping_status":"closed","sticky":false,"template":"","format":"standard","meta":{"footnotes":""},"categories":[341,1],"tags":[984,430,985,983,125],"class_list":["post-2137","post","type-post","status-publish","format-standard","has-post-thumbnail","hentry","category-hibridos-y-electricos","category-lanzamientos","tag-coche-electrico","tag-mini","tag-mini-cooper","tag-minicooper-electric","tag-movilidad-sostenible"],"yoast_head":"<!-- This site is optimized with the Yoast SEO plugin v27.5 - https:\/\/yoast.com\/product\/yoast-seo-wordpress\/ -->\n<title>MINI Cooper Electric - el futuro de la conducci\u00f3n urbana -<\/title>\n<meta name=\"description\" content=\"MINI presenta su nueva generaci\u00f3n totalmente el\u00e9ctrica, el MINI Cooper Electric, el cual conserva el ic\u00f3nico \u201cgo-kart feeling\u201d...\" \/>\n<meta name=\"robots\" content=\"index, follow, max-snippet:-1, max-image-preview:large, max-video-preview:-1\" \/>\n<link rel=\"canonical\" href=\"https:\/\/autofans.com.ar\/index.php\/2023\/05\/04\/mini-cooper-electric-el-futuro-de-la-conduccion-urbana\/\" \/>\n<meta property=\"og:locale\" content=\"es_ES\" \/>\n<meta property=\"og:type\" content=\"article\" \/>\n<meta property=\"og:title\" content=\"MINI Cooper Electric - el futuro de la conducci\u00f3n urbana -\" \/>\n<meta property=\"og:description\" content=\"MINI presenta su nueva generaci\u00f3n totalmente el\u00e9ctrica, el MINI Cooper Electric, el cual conserva el ic\u00f3nico \u201cgo-kart feeling\u201d...\" \/>\n<meta property=\"og:url\" content=\"https:\/\/autofans.com.ar\/index.php\/2023\/05\/04\/mini-cooper-electric-el-futuro-de-la-conduccion-urbana\/\" \/>\n<meta property=\"article:published_time\" content=\"2023-05-04T21:19:05+00:00\" \/>\n<meta property=\"article:modified_time\" content=\"2023-05-04T21:20:34+00:00\" \/>\n<meta property=\"og:image\" content=\"https:\/\/autofans.com.ar\/wp-content\/uploads\/2023\/05\/foto-3-4.jpg\" \/>\n\t<meta property=\"og:image:width\" content=\"1000\" \/>\n\t<meta property=\"og:image:height\" content=\"667\" \/>\n\t<meta property=\"og:image:type\" content=\"image\/jpeg\" \/>\n<meta name=\"author\" content=\"Alejandro Gabriel Rosito\" \/>\n<meta name=\"twitter:card\" content=\"summary_large_image\" \/>\n<meta name=\"twitter:label1\" content=\"Escrito por\" \/>\n\t<meta name=\"twitter:data1\" content=\"Alejandro Gabriel Rosito\" \/>\n\t<meta name=\"twitter:label2\" content=\"Tiempo de lectura\" \/>\n\t<meta name=\"twitter:data2\" content=\"2 minutos\" \/>\n<script type=\"application\/ld+json\" class=\"yoast-schema-graph\">{\"@context\":\"https:\\\/\\\/schema.org\",\"@graph\":[{\"@type\":\"Article\",\"@id\":\"https:\\\/\\\/autofans.com.ar\\\/index.php\\\/2023\\\/05\\\/04\\\/mini-cooper-electric-el-futuro-de-la-conduccion-urbana\\\/#article\",\"isPartOf\":{\"@id\":\"https:\\\/\\\/autofans.com.ar\\\/index.php\\\/2023\\\/05\\\/04\\\/mini-cooper-electric-el-futuro-de-la-conduccion-urbana\\\/\"},\"author\":{\"name\":\"Alejandro Gabriel Rosito\",\"@id\":\"https:\\\/\\\/autofans.com.ar\\\/#\\\/schema\\\/person\\\/4a8dda0b6df83ac3d6723e921274c2aa\"},\"headline\":\"MINI Cooper Electric &#8211; el futuro de la conducci\u00f3n urbana\",\"datePublished\":\"2023-05-04T21:19:05+00:00\",\"dateModified\":\"2023-05-04T21:20:34+00:00\",\"mainEntityOfPage\":{\"@id\":\"https:\\\/\\\/autofans.com.ar\\\/index.php\\\/2023\\\/05\\\/04\\\/mini-cooper-electric-el-futuro-de-la-conduccion-urbana\\\/\"},\"wordCount\":370,\"image\":{\"@id\":\"https:\\\/\\\/autofans.com.ar\\\/index.php\\\/2023\\\/05\\\/04\\\/mini-cooper-electric-el-futuro-de-la-conduccion-urbana\\\/#primaryimage\"},\"thumbnailUrl\":\"https:\\\/\\\/autofans.com.ar\\\/wp-content\\\/uploads\\\/2023\\\/05\\\/foto-3-4.jpg\",\"keywords\":[\"coche el\u00e9ctrico\",\"MINI\",\"Mini Cooper\",\"MINICooper Electric\",\"Movilidad Sostenible\"],\"articleSection\":[\"HIBRIDOS, ELECTRICOS y otros\",\"LANZAMIENTOS\"],\"inLanguage\":\"es\"},{\"@type\":\"WebPage\",\"@id\":\"https:\\\/\\\/autofans.com.ar\\\/index.php\\\/2023\\\/05\\\/04\\\/mini-cooper-electric-el-futuro-de-la-conduccion-urbana\\\/\",\"url\":\"https:\\\/\\\/autofans.com.ar\\\/index.php\\\/2023\\\/05\\\/04\\\/mini-cooper-electric-el-futuro-de-la-conduccion-urbana\\\/\",\"name\":\"MINI Cooper Electric - el futuro de la conducci\u00f3n urbana -\",\"isPartOf\":{\"@id\":\"https:\\\/\\\/autofans.com.ar\\\/#website\"},\"primaryImageOfPage\":{\"@id\":\"https:\\\/\\\/autofans.com.ar\\\/index.php\\\/2023\\\/05\\\/04\\\/mini-cooper-electric-el-futuro-de-la-conduccion-urbana\\\/#primaryimage\"},\"image\":{\"@id\":\"https:\\\/\\\/autofans.com.ar\\\/index.php\\\/2023\\\/05\\\/04\\\/mini-cooper-electric-el-futuro-de-la-conduccion-urbana\\\/#primaryimage\"},\"thumbnailUrl\":\"https:\\\/\\\/autofans.com.ar\\\/wp-content\\\/uploads\\\/2023\\\/05\\\/foto-3-4.jpg\",\"datePublished\":\"2023-05-04T21:19:05+00:00\",\"dateModified\":\"2023-05-04T21:20:34+00:00\",\"author\":{\"@id\":\"https:\\\/\\\/autofans.com.ar\\\/#\\\/schema\\\/person\\\/4a8dda0b6df83ac3d6723e921274c2aa\"},\"description\":\"MINI presenta su nueva generaci\u00f3n totalmente el\u00e9ctrica, el MINI Cooper Electric, el cual conserva el ic\u00f3nico \u201cgo-kart feeling\u201d...\",\"breadcrumb\":{\"@id\":\"https:\\\/\\\/autofans.com.ar\\\/index.php\\\/2023\\\/05\\\/04\\\/mini-cooper-electric-el-futuro-de-la-conduccion-urbana\\\/#breadcrumb\"},\"inLanguage\":\"es\",\"potentialAction\":[{\"@type\":\"ReadAction\",\"target\":[\"https:\\\/\\\/autofans.com.ar\\\/index.php\\\/2023\\\/05\\\/04\\\/mini-cooper-electric-el-futuro-de-la-conduccion-urbana\\\/\"]}]},{\"@type\":\"ImageObject\",\"inLanguage\":\"es\",\"@id\":\"https:\\\/\\\/autofans.com.ar\\\/index.php\\\/2023\\\/05\\\/04\\\/mini-cooper-electric-el-futuro-de-la-conduccion-urbana\\\/#primaryimage\",\"url\":\"https:\\\/\\\/autofans.com.ar\\\/wp-content\\\/uploads\\\/2023\\\/05\\\/foto-3-4.jpg\",\"contentUrl\":\"https:\\\/\\\/autofans.com.ar\\\/wp-content\\\/uploads\\\/2023\\\/05\\\/foto-3-4.jpg\",\"width\":1000,\"height\":667,\"caption\":\"mini electrico\"},{\"@type\":\"BreadcrumbList\",\"@id\":\"https:\\\/\\\/autofans.com.ar\\\/index.php\\\/2023\\\/05\\\/04\\\/mini-cooper-electric-el-futuro-de-la-conduccion-urbana\\\/#breadcrumb\",\"itemListElement\":[{\"@type\":\"ListItem\",\"position\":1,\"name\":\"Inicio\",\"item\":\"https:\\\/\\\/autofans.com.ar\\\/\"},{\"@type\":\"ListItem\",\"position\":2,\"name\":\"MINI Cooper Electric &#8211; el futuro de la conducci\u00f3n urbana\"}]},{\"@type\":\"WebSite\",\"@id\":\"https:\\\/\\\/autofans.com.ar\\\/#website\",\"url\":\"https:\\\/\\\/autofans.com.ar\\\/\",\"name\":\"\",\"description\":\"El multimedio referente de la industria automotriz\",\"potentialAction\":[{\"@type\":\"SearchAction\",\"target\":{\"@type\":\"EntryPoint\",\"urlTemplate\":\"https:\\\/\\\/autofans.com.ar\\\/?s={search_term_string}\"},\"query-input\":{\"@type\":\"PropertyValueSpecification\",\"valueRequired\":true,\"valueName\":\"search_term_string\"}}],\"inLanguage\":\"es\"},{\"@type\":\"Person\",\"@id\":\"https:\\\/\\\/autofans.com.ar\\\/#\\\/schema\\\/person\\\/4a8dda0b6df83ac3d6723e921274c2aa\",\"name\":\"Alejandro Gabriel Rosito\",\"image\":{\"@type\":\"ImageObject\",\"inLanguage\":\"es\",\"@id\":\"https:\\\/\\\/secure.gravatar.com\\\/avatar\\\/16c5dda1489adfc62618084dcbb91cffd879c374b13fe5dd8e44ed6733852c88?s=96&d=mm&r=g\",\"url\":\"https:\\\/\\\/secure.gravatar.com\\\/avatar\\\/16c5dda1489adfc62618084dcbb91cffd879c374b13fe5dd8e44ed6733852c88?s=96&d=mm&r=g\",\"contentUrl\":\"https:\\\/\\\/secure.gravatar.com\\\/avatar\\\/16c5dda1489adfc62618084dcbb91cffd879c374b13fe5dd8e44ed6733852c88?s=96&d=mm&r=g\",\"caption\":\"Alejandro Gabriel Rosito\"},\"url\":\"https:\\\/\\\/autofans.com.ar\\\/index.php\\\/author\\\/gabrielr\\\/\"}]}<\/script>\n<!-- \/ Yoast SEO plugin. -->","yoast_head_json":{"title":"MINI Cooper Electric - el futuro de la conducci\u00f3n urbana -","description":"MINI presenta su nueva generaci\u00f3n totalmente el\u00e9ctrica, el MINI Cooper Electric, el cual conserva el ic\u00f3nico \u201cgo-kart feeling\u201d...","robots":{"index":"index","follow":"follow","max-snippet":"max-snippet:-1","max-image-preview":"max-image-preview:large","max-video-preview":"max-video-preview:-1"},"canonical":"https:\/\/autofans.com.ar\/index.php\/2023\/05\/04\/mini-cooper-electric-el-futuro-de-la-conduccion-urbana\/","og_locale":"es_ES","og_type":"article","og_title":"MINI Cooper Electric - el futuro de la conducci\u00f3n urbana -","og_description":"MINI presenta su nueva generaci\u00f3n totalmente el\u00e9ctrica, el MINI Cooper Electric, el cual conserva el ic\u00f3nico \u201cgo-kart feeling\u201d...","og_url":"https:\/\/autofans.com.ar\/index.php\/2023\/05\/04\/mini-cooper-electric-el-futuro-de-la-conduccion-urbana\/","article_published_time":"2023-05-04T21:19:05+00:00","article_modified_time":"2023-05-04T21:20:34+00:00","og_image":[{"width":1000,"height":667,"url":"https:\/\/autofans.com.ar\/wp-content\/uploads\/2023\/05\/foto-3-4.jpg","type":"image\/jpeg"}],"author":"Alejandro Gabriel Rosito","twitter_card":"summary_large_image","twitter_misc":{"Escrito por":"Alejandro Gabriel Rosito","Tiempo de lectura":"2 minutos"},"schema":{"@context":"https:\/\/schema.org","@graph":[{"@type":"Article","@id":"https:\/\/autofans.com.ar\/index.php\/2023\/05\/04\/mini-cooper-electric-el-futuro-de-la-conduccion-urbana\/#article","isPartOf":{"@id":"https:\/\/autofans.com.ar\/index.php\/2023\/05\/04\/mini-cooper-electric-el-futuro-de-la-conduccion-urbana\/"},"author":{"name":"Alejandro Gabriel Rosito","@id":"https:\/\/autofans.com.ar\/#\/schema\/person\/4a8dda0b6df83ac3d6723e921274c2aa"},"headline":"MINI Cooper Electric &#8211; el futuro de la conducci\u00f3n urbana","datePublished":"2023-05-04T21:19:05+00:00","dateModified":"2023-05-04T21:20:34+00:00","mainEntityOfPage":{"@id":"https:\/\/autofans.com.ar\/index.php\/2023\/05\/04\/mini-cooper-electric-el-futuro-de-la-conduccion-urbana\/"},"wordCount":370,"image":{"@id":"https:\/\/autofans.com.ar\/index.php\/2023\/05\/04\/mini-cooper-electric-el-futuro-de-la-conduccion-urbana\/#primaryimage"},"thumbnailUrl":"https:\/\/autofans.com.ar\/wp-content\/uploads\/2023\/05\/foto-3-4.jpg","keywords":["coche el\u00e9ctrico","MINI","Mini Cooper","MINICooper Electric","Movilidad Sostenible"],"articleSection":["HIBRIDOS, ELECTRICOS y otros","LANZAMIENTOS"],"inLanguage":"es"},{"@type":"WebPage","@id":"https:\/\/autofans.com.ar\/index.php\/2023\/05\/04\/mini-cooper-electric-el-futuro-de-la-conduccion-urbana\/","url":"https:\/\/autofans.com.ar\/index.php\/2023\/05\/04\/mini-cooper-electric-el-futuro-de-la-conduccion-urbana\/","name":"MINI Cooper Electric - el futuro de la conducci\u00f3n urbana -","isPartOf":{"@id":"https:\/\/autofans.com.ar\/#website"},"primaryImageOfPage":{"@id":"https:\/\/autofans.com.ar\/index.php\/2023\/05\/04\/mini-cooper-electric-el-futuro-de-la-conduccion-urbana\/#primaryimage"},"image":{"@id":"https:\/\/autofans.com.ar\/index.php\/2023\/05\/04\/mini-cooper-electric-el-futuro-de-la-conduccion-urbana\/#primaryimage"},"thumbnailUrl":"https:\/\/autofans.com.ar\/wp-content\/uploads\/2023\/05\/foto-3-4.jpg","datePublished":"2023-05-04T21:19:05+00:00","dateModified":"2023-05-04T21:20:34+00:00","author":{"@id":"https:\/\/autofans.com.ar\/#\/schema\/person\/4a8dda0b6df83ac3d6723e921274c2aa"},"description":"MINI presenta su nueva generaci\u00f3n totalmente el\u00e9ctrica, el MINI Cooper Electric, el cual conserva el ic\u00f3nico \u201cgo-kart feeling\u201d...","breadcrumb":{"@id":"https:\/\/autofans.com.ar\/index.php\/2023\/05\/04\/mini-cooper-electric-el-futuro-de-la-conduccion-urbana\/#breadcrumb"},"inLanguage":"es","potentialAction":[{"@type":"ReadAction","target":["https:\/\/autofans.com.ar\/index.php\/2023\/05\/04\/mini-cooper-electric-el-futuro-de-la-conduccion-urbana\/"]}]},{"@type":"ImageObject","inLanguage":"es","@id":"https:\/\/autofans.com.ar\/index.php\/2023\/05\/04\/mini-cooper-electric-el-futuro-de-la-conduccion-urbana\/#primaryimage","url":"https:\/\/autofans.com.ar\/wp-content\/uploads\/2023\/05\/foto-3-4.jpg","contentUrl":"https:\/\/autofans.com.ar\/wp-content\/uploads\/2023\/05\/foto-3-4.jpg","width":1000,"height":667,"caption":"mini electrico"},{"@type":"BreadcrumbList","@id":"https:\/\/autofans.com.ar\/index.php\/2023\/05\/04\/mini-cooper-electric-el-futuro-de-la-conduccion-urbana\/#breadcrumb","itemListElement":[{"@type":"ListItem","position":1,"name":"Inicio","item":"https:\/\/autofans.com.ar\/"},{"@type":"ListItem","position":2,"name":"MINI Cooper Electric &#8211; el futuro de la conducci\u00f3n urbana"}]},{"@type":"WebSite","@id":"https:\/\/autofans.com.ar\/#website","url":"https:\/\/autofans.com.ar\/","name":"","description":"El multimedio referente de la industria automotriz","potentialAction":[{"@type":"SearchAction","target":{"@type":"EntryPoint","urlTemplate":"https:\/\/autofans.com.ar\/?s={search_term_string}"},"query-input":{"@type":"PropertyValueSpecification","valueRequired":true,"valueName":"search_term_string"}}],"inLanguage":"es"},{"@type":"Person","@id":"https:\/\/autofans.com.ar\/#\/schema\/person\/4a8dda0b6df83ac3d6723e921274c2aa","name":"Alejandro Gabriel Rosito","image":{"@type":"ImageObject","inLanguage":"es","@id":"https:\/\/secure.gravatar.com\/avatar\/16c5dda1489adfc62618084dcbb91cffd879c374b13fe5dd8e44ed6733852c88?s=96&d=mm&r=g","url":"https:\/\/secure.gravatar.com\/avatar\/16c5dda1489adfc62618084dcbb91cffd879c374b13fe5dd8e44ed6733852c88?s=96&d=mm&r=g","contentUrl":"https:\/\/secure.gravatar.com\/avatar\/16c5dda1489adfc62618084dcbb91cffd879c374b13fe5dd8e44ed6733852c88?s=96&d=mm&r=g","caption":"Alejandro Gabriel Rosito"},"url":"https:\/\/autofans.com.ar\/index.php\/author\/gabrielr\/"}]}},"featured_image_urls":{"full":["https:\/\/autofans.com.ar\/wp-content\/uploads\/2023\/05\/foto-3-4.jpg",1000,667,false],"thumbnail":["https:\/\/autofans.com.ar\/wp-content\/uploads\/2023\/05\/foto-3-4-150x150.jpg",150,150,true],"medium":["https:\/\/autofans.com.ar\/wp-content\/uploads\/2023\/05\/foto-3-4-300x200.jpg",300,200,true],"medium_large":["https:\/\/autofans.com.ar\/wp-content\/uploads\/2023\/05\/foto-3-4-768x512.jpg",640,427,true],"large":["https:\/\/autofans.com.ar\/wp-content\/uploads\/2023\/05\/foto-3-4.jpg",640,427,false],"1536x1536":["https:\/\/autofans.com.ar\/wp-content\/uploads\/2023\/05\/foto-3-4.jpg",1000,667,false],"2048x2048":["https:\/\/autofans.com.ar\/wp-content\/uploads\/2023\/05\/foto-3-4.jpg",1000,667,false],"covernews-featured":["https:\/\/autofans.com.ar\/wp-content\/uploads\/2023\/05\/foto-3-4.jpg",1000,667,false],"covernews-medium":["https:\/\/autofans.com.ar\/wp-content\/uploads\/2023\/05\/foto-3-4-540x340.jpg",540,340,true]},"author_info":{"display_name":"Alejandro Gabriel Rosito","author_link":"https:\/\/autofans.com.ar\/index.php\/author\/gabrielr\/"},"category_info":"<a href=\"https:\/\/autofans.com.ar\/index.php\/category\/noticias\/hibridos-y-electricos\/\" rel=\"category tag\">HIBRIDOS, ELECTRICOS y otros<\/a> <a href=\"https:\/\/autofans.com.ar\/index.php\/category\/lanzamientos\/\" rel=\"category tag\">LANZAMIENTOS<\/a>","tag_info":"LANZAMIENTOS","comment_count":0,"_links":{"self":[{"href":"https:\/\/autofans.com.ar\/index.php\/wp-json\/wp\/v2\/posts\/2137","targetHints":{"allow":["GET"]}}],"collection":[{"href":"https:\/\/autofans.com.ar\/index.php\/wp-json\/wp\/v2\/posts"}],"about":[{"href":"https:\/\/autofans.com.ar\/index.php\/wp-json\/wp\/v2\/types\/post"}],"author":[{"embeddable":true,"href":"https:\/\/autofans.com.ar\/index.php\/wp-json\/wp\/v2\/users\/2"}],"replies":[{"embeddable":true,"href":"https:\/\/autofans.com.ar\/index.php\/wp-json\/wp\/v2\/comments?post=2137"}],"version-history":[{"count":6,"href":"https:\/\/autofans.com.ar\/index.php\/wp-json\/wp\/v2\/posts\/2137\/revisions"}],"predecessor-version":[{"id":2165,"href":"https:\/\/autofans.com.ar\/index.php\/wp-json\/wp\/v2\/posts\/2137\/revisions\/2165"}],"wp:featuredmedia":[{"embeddable":true,"href":"https:\/\/autofans.com.ar\/index.php\/wp-json\/wp\/v2\/media\/2140"}],"wp:attachment":[{"href":"https:\/\/autofans.com.ar\/index.php\/wp-json\/wp\/v2\/media?parent=2137"}],"wp:term":[{"taxonomy":"category","embeddable":true,"href":"https:\/\/autofans.com.ar\/index.php\/wp-json\/wp\/v2\/categories?post=2137"},{"taxonomy":"post_tag","embeddable":true,"href":"https:\/\/autofans.com.ar\/index.php\/wp-json\/wp\/v2\/tags?post=2137"}],"curies":[{"name":"wp","href":"https:\/\/api.w.org\/{rel}","templated":true}]}}