{"id":2291,"date":"2023-04-29T13:23:23","date_gmt":"2023-04-29T16:23:23","guid":{"rendered":"https:\/\/autofans.com.ar\/?p=2291"},"modified":"2023-05-08T13:41:13","modified_gmt":"2023-05-08T16:41:13","slug":"notifans-del-29-de-abril-de-2023","status":"publish","type":"post","link":"https:\/\/autofans.com.ar\/index.php\/2023\/04\/29\/notifans-del-29-de-abril-de-2023\/","title":{"rendered":"NOTIFANS del 29 de Abril de 2023"},"content":{"rendered":"<p>En en segmento NOTIFANS del 29 de Abril de 2023 podr\u00e1s enterarte de varias noticias del segmento automotor mientras disfrutas de algunas im\u00e1genes de la presencia en el verano 2023 en la costa de varias de las automotrices nacionales.<\/p>\n<p><iframe title=\"NOTIFANS 29\/04\/2023 - Segmento de noticias del programa Autofans TV #3\" width=\"640\" height=\"360\" src=\"https:\/\/www.youtube.com\/embed\/iWjR8NtWFlc?feature=oembed\" frameborder=\"0\" allow=\"accelerometer; autoplay; clipboard-write; encrypted-media; gyroscope; picture-in-picture; web-share\" referrerpolicy=\"strict-origin-when-cross-origin\" allowfullscreen><\/iframe><\/p>\n<p>No olvides que en nuestra playlist \u00abProgramas 2023\u00bb podr\u00e1s todos los programas del a\u00f1o completos, pero si quer\u00e9s revivir este programa segu\u00ed este link https:\/\/www.youtube.com\/watch?v=vYGUyYGEW-A<\/p>\n","protected":false},"excerpt":{"rendered":"<p>En en segmento NOTIFANS del 29 de Abril de 2023 podr\u00e1s enterarte de varias noticias&#8230;<\/p>\n","protected":false},"author":1,"featured_media":2293,"comment_status":"closed","ping_status":"closed","sticky":false,"template":"","format":"standard","meta":{"footnotes":""},"categories":[1],"tags":[81,741,49,89,1054,1053,1044,1052,82],"class_list":["post-2291","post","type-post","status-publish","format-standard","has-post-thumbnail","hentry","category-lanzamientos","tag-autofans","tag-autofanstv","tag-automotriz","tag-cobertura","tag-exclusivo","tag-marcas","tag-noticias","tag-notifans","tag-programa"],"yoast_head":"<!-- This site is optimized with the Yoast SEO plugin v27.5 - https:\/\/yoast.com\/product\/yoast-seo-wordpress\/ -->\n<title>NOTIFANS del 29 de Abril de 2023 -<\/title>\n<meta name=\"description\" content=\"En en segmento NOTIFANS del 29 de Abril podr\u00e1s enterarte de varias noticias del segmento automotor mientras disfrutas del verano 2023...\" \/>\n<meta name=\"robots\" content=\"index, follow, max-snippet:-1, max-image-preview:large, max-video-preview:-1\" \/>\n<link rel=\"canonical\" href=\"https:\/\/autofans.com.ar\/index.php\/2023\/04\/29\/notifans-del-29-de-abril-de-2023\/\" \/>\n<meta property=\"og:locale\" content=\"es_ES\" \/>\n<meta property=\"og:type\" content=\"article\" \/>\n<meta property=\"og:title\" content=\"NOTIFANS del 29 de Abril de 2023 -\" \/>\n<meta property=\"og:description\" content=\"En en segmento NOTIFANS del 29 de Abril podr\u00e1s enterarte de varias noticias del segmento automotor mientras disfrutas del verano 2023...\" \/>\n<meta property=\"og:url\" content=\"https:\/\/autofans.com.ar\/index.php\/2023\/04\/29\/notifans-del-29-de-abril-de-2023\/\" \/>\n<meta property=\"article:published_time\" content=\"2023-04-29T16:23:23+00:00\" \/>\n<meta property=\"article:modified_time\" content=\"2023-05-08T16:41:13+00:00\" \/>\n<meta property=\"og:image\" content=\"https:\/\/autofans.com.ar\/wp-content\/uploads\/2023\/04\/Caratula-Notifans-Web.jpg\" \/>\n\t<meta property=\"og:image:width\" content=\"1920\" \/>\n\t<meta property=\"og:image:height\" content=\"1080\" \/>\n\t<meta property=\"og:image:type\" content=\"image\/jpeg\" \/>\n<meta name=\"author\" content=\"AleCAF\" \/>\n<meta name=\"twitter:card\" content=\"summary_large_image\" \/>\n<meta name=\"twitter:label1\" content=\"Escrito por\" \/>\n\t<meta name=\"twitter:data1\" content=\"AleCAF\" \/>\n\t<meta name=\"twitter:label2\" content=\"Tiempo de lectura\" \/>\n\t<meta name=\"twitter:data2\" content=\"1 minuto\" \/>\n<script type=\"application\/ld+json\" class=\"yoast-schema-graph\">{\"@context\":\"https:\\\/\\\/schema.org\",\"@graph\":[{\"@type\":\"Article\",\"@id\":\"https:\\\/\\\/autofans.com.ar\\\/index.php\\\/2023\\\/04\\\/29\\\/notifans-del-29-de-abril-de-2023\\\/#article\",\"isPartOf\":{\"@id\":\"https:\\\/\\\/autofans.com.ar\\\/index.php\\\/2023\\\/04\\\/29\\\/notifans-del-29-de-abril-de-2023\\\/\"},\"author\":{\"name\":\"AleCAF\",\"@id\":\"https:\\\/\\\/autofans.com.ar\\\/#\\\/schema\\\/person\\\/4f260a29da3cfebb7f29121591a73481\"},\"headline\":\"NOTIFANS del 29 de Abril de 2023\",\"datePublished\":\"2023-04-29T16:23:23+00:00\",\"dateModified\":\"2023-05-08T16:41:13+00:00\",\"mainEntityOfPage\":{\"@id\":\"https:\\\/\\\/autofans.com.ar\\\/index.php\\\/2023\\\/04\\\/29\\\/notifans-del-29-de-abril-de-2023\\\/\"},\"wordCount\":81,\"image\":{\"@id\":\"https:\\\/\\\/autofans.com.ar\\\/index.php\\\/2023\\\/04\\\/29\\\/notifans-del-29-de-abril-de-2023\\\/#primaryimage\"},\"thumbnailUrl\":\"https:\\\/\\\/autofans.com.ar\\\/wp-content\\\/uploads\\\/2023\\\/04\\\/Caratula-Notifans-Web.jpg\",\"keywords\":[\"AutoFans+\",\"AutoFanstv\",\"Automotriz\",\"Cobertura\",\"exclusivo\",\"marcas\",\"noticias\",\"Notifans\",\"Programa\"],\"articleSection\":[\"LANZAMIENTOS\"],\"inLanguage\":\"es\"},{\"@type\":\"WebPage\",\"@id\":\"https:\\\/\\\/autofans.com.ar\\\/index.php\\\/2023\\\/04\\\/29\\\/notifans-del-29-de-abril-de-2023\\\/\",\"url\":\"https:\\\/\\\/autofans.com.ar\\\/index.php\\\/2023\\\/04\\\/29\\\/notifans-del-29-de-abril-de-2023\\\/\",\"name\":\"NOTIFANS del 29 de Abril de 2023 -\",\"isPartOf\":{\"@id\":\"https:\\\/\\\/autofans.com.ar\\\/#website\"},\"primaryImageOfPage\":{\"@id\":\"https:\\\/\\\/autofans.com.ar\\\/index.php\\\/2023\\\/04\\\/29\\\/notifans-del-29-de-abril-de-2023\\\/#primaryimage\"},\"image\":{\"@id\":\"https:\\\/\\\/autofans.com.ar\\\/index.php\\\/2023\\\/04\\\/29\\\/notifans-del-29-de-abril-de-2023\\\/#primaryimage\"},\"thumbnailUrl\":\"https:\\\/\\\/autofans.com.ar\\\/wp-content\\\/uploads\\\/2023\\\/04\\\/Caratula-Notifans-Web.jpg\",\"datePublished\":\"2023-04-29T16:23:23+00:00\",\"dateModified\":\"2023-05-08T16:41:13+00:00\",\"author\":{\"@id\":\"https:\\\/\\\/autofans.com.ar\\\/#\\\/schema\\\/person\\\/4f260a29da3cfebb7f29121591a73481\"},\"description\":\"En en segmento NOTIFANS del 29 de Abril podr\u00e1s enterarte de varias noticias del segmento automotor mientras disfrutas del verano 2023...\",\"breadcrumb\":{\"@id\":\"https:\\\/\\\/autofans.com.ar\\\/index.php\\\/2023\\\/04\\\/29\\\/notifans-del-29-de-abril-de-2023\\\/#breadcrumb\"},\"inLanguage\":\"es\",\"potentialAction\":[{\"@type\":\"ReadAction\",\"target\":[\"https:\\\/\\\/autofans.com.ar\\\/index.php\\\/2023\\\/04\\\/29\\\/notifans-del-29-de-abril-de-2023\\\/\"]}]},{\"@type\":\"ImageObject\",\"inLanguage\":\"es\",\"@id\":\"https:\\\/\\\/autofans.com.ar\\\/index.php\\\/2023\\\/04\\\/29\\\/notifans-del-29-de-abril-de-2023\\\/#primaryimage\",\"url\":\"https:\\\/\\\/autofans.com.ar\\\/wp-content\\\/uploads\\\/2023\\\/04\\\/Caratula-Notifans-Web.jpg\",\"contentUrl\":\"https:\\\/\\\/autofans.com.ar\\\/wp-content\\\/uploads\\\/2023\\\/04\\\/Caratula-Notifans-Web.jpg\",\"width\":1920,\"height\":1080,\"caption\":\"notifans\"},{\"@type\":\"BreadcrumbList\",\"@id\":\"https:\\\/\\\/autofans.com.ar\\\/index.php\\\/2023\\\/04\\\/29\\\/notifans-del-29-de-abril-de-2023\\\/#breadcrumb\",\"itemListElement\":[{\"@type\":\"ListItem\",\"position\":1,\"name\":\"Inicio\",\"item\":\"https:\\\/\\\/autofans.com.ar\\\/\"},{\"@type\":\"ListItem\",\"position\":2,\"name\":\"NOTIFANS del 29 de Abril de 2023\"}]},{\"@type\":\"WebSite\",\"@id\":\"https:\\\/\\\/autofans.com.ar\\\/#website\",\"url\":\"https:\\\/\\\/autofans.com.ar\\\/\",\"name\":\"\",\"description\":\"El multimedio referente de la industria automotriz\",\"potentialAction\":[{\"@type\":\"SearchAction\",\"target\":{\"@type\":\"EntryPoint\",\"urlTemplate\":\"https:\\\/\\\/autofans.com.ar\\\/?s={search_term_string}\"},\"query-input\":{\"@type\":\"PropertyValueSpecification\",\"valueRequired\":true,\"valueName\":\"search_term_string\"}}],\"inLanguage\":\"es\"},{\"@type\":\"Person\",\"@id\":\"https:\\\/\\\/autofans.com.ar\\\/#\\\/schema\\\/person\\\/4f260a29da3cfebb7f29121591a73481\",\"name\":\"AleCAF\",\"image\":{\"@type\":\"ImageObject\",\"inLanguage\":\"es\",\"@id\":\"https:\\\/\\\/secure.gravatar.com\\\/avatar\\\/959b1ac26ee9dfc67318763f0a21a739fce256ee110a46fe86a2957f5568f27e?s=96&d=mm&r=g\",\"url\":\"https:\\\/\\\/secure.gravatar.com\\\/avatar\\\/959b1ac26ee9dfc67318763f0a21a739fce256ee110a46fe86a2957f5568f27e?s=96&d=mm&r=g\",\"contentUrl\":\"https:\\\/\\\/secure.gravatar.com\\\/avatar\\\/959b1ac26ee9dfc67318763f0a21a739fce256ee110a46fe86a2957f5568f27e?s=96&d=mm&r=g\",\"caption\":\"AleCAF\"},\"description\":\"Se trata del sitio web del multimedio Autofans, dedicado a informar las novedades y tendencias del segmento automotor nacional e internacional. El multimedio est\u00e1 conformado por Autofans web, Autofans TV (Programa), Youtube, Intagram y Facebook\",\"sameAs\":[\"https:\\\/\\\/autofans.com.ar\"],\"url\":\"https:\\\/\\\/autofans.com.ar\\\/index.php\\\/author\\\/alecampolieto\\\/\"}]}<\/script>\n<!-- \/ Yoast SEO plugin. -->","yoast_head_json":{"title":"NOTIFANS del 29 de Abril de 2023 -","description":"En en segmento NOTIFANS del 29 de Abril podr\u00e1s enterarte de varias noticias del segmento automotor mientras disfrutas del verano 2023...","robots":{"index":"index","follow":"follow","max-snippet":"max-snippet:-1","max-image-preview":"max-image-preview:large","max-video-preview":"max-video-preview:-1"},"canonical":"https:\/\/autofans.com.ar\/index.php\/2023\/04\/29\/notifans-del-29-de-abril-de-2023\/","og_locale":"es_ES","og_type":"article","og_title":"NOTIFANS del 29 de Abril de 2023 -","og_description":"En en segmento NOTIFANS del 29 de Abril podr\u00e1s enterarte de varias noticias del segmento automotor mientras disfrutas del verano 2023...","og_url":"https:\/\/autofans.com.ar\/index.php\/2023\/04\/29\/notifans-del-29-de-abril-de-2023\/","article_published_time":"2023-04-29T16:23:23+00:00","article_modified_time":"2023-05-08T16:41:13+00:00","og_image":[{"width":1920,"height":1080,"url":"https:\/\/autofans.com.ar\/wp-content\/uploads\/2023\/04\/Caratula-Notifans-Web.jpg","type":"image\/jpeg"}],"author":"AleCAF","twitter_card":"summary_large_image","twitter_misc":{"Escrito por":"AleCAF","Tiempo de lectura":"1 minuto"},"schema":{"@context":"https:\/\/schema.org","@graph":[{"@type":"Article","@id":"https:\/\/autofans.com.ar\/index.php\/2023\/04\/29\/notifans-del-29-de-abril-de-2023\/#article","isPartOf":{"@id":"https:\/\/autofans.com.ar\/index.php\/2023\/04\/29\/notifans-del-29-de-abril-de-2023\/"},"author":{"name":"AleCAF","@id":"https:\/\/autofans.com.ar\/#\/schema\/person\/4f260a29da3cfebb7f29121591a73481"},"headline":"NOTIFANS del 29 de Abril de 2023","datePublished":"2023-04-29T16:23:23+00:00","dateModified":"2023-05-08T16:41:13+00:00","mainEntityOfPage":{"@id":"https:\/\/autofans.com.ar\/index.php\/2023\/04\/29\/notifans-del-29-de-abril-de-2023\/"},"wordCount":81,"image":{"@id":"https:\/\/autofans.com.ar\/index.php\/2023\/04\/29\/notifans-del-29-de-abril-de-2023\/#primaryimage"},"thumbnailUrl":"https:\/\/autofans.com.ar\/wp-content\/uploads\/2023\/04\/Caratula-Notifans-Web.jpg","keywords":["AutoFans+","AutoFanstv","Automotriz","Cobertura","exclusivo","marcas","noticias","Notifans","Programa"],"articleSection":["LANZAMIENTOS"],"inLanguage":"es"},{"@type":"WebPage","@id":"https:\/\/autofans.com.ar\/index.php\/2023\/04\/29\/notifans-del-29-de-abril-de-2023\/","url":"https:\/\/autofans.com.ar\/index.php\/2023\/04\/29\/notifans-del-29-de-abril-de-2023\/","name":"NOTIFANS del 29 de Abril de 2023 -","isPartOf":{"@id":"https:\/\/autofans.com.ar\/#website"},"primaryImageOfPage":{"@id":"https:\/\/autofans.com.ar\/index.php\/2023\/04\/29\/notifans-del-29-de-abril-de-2023\/#primaryimage"},"image":{"@id":"https:\/\/autofans.com.ar\/index.php\/2023\/04\/29\/notifans-del-29-de-abril-de-2023\/#primaryimage"},"thumbnailUrl":"https:\/\/autofans.com.ar\/wp-content\/uploads\/2023\/04\/Caratula-Notifans-Web.jpg","datePublished":"2023-04-29T16:23:23+00:00","dateModified":"2023-05-08T16:41:13+00:00","author":{"@id":"https:\/\/autofans.com.ar\/#\/schema\/person\/4f260a29da3cfebb7f29121591a73481"},"description":"En en segmento NOTIFANS del 29 de Abril podr\u00e1s enterarte de varias noticias del segmento automotor mientras disfrutas del verano 2023...","breadcrumb":{"@id":"https:\/\/autofans.com.ar\/index.php\/2023\/04\/29\/notifans-del-29-de-abril-de-2023\/#breadcrumb"},"inLanguage":"es","potentialAction":[{"@type":"ReadAction","target":["https:\/\/autofans.com.ar\/index.php\/2023\/04\/29\/notifans-del-29-de-abril-de-2023\/"]}]},{"@type":"ImageObject","inLanguage":"es","@id":"https:\/\/autofans.com.ar\/index.php\/2023\/04\/29\/notifans-del-29-de-abril-de-2023\/#primaryimage","url":"https:\/\/autofans.com.ar\/wp-content\/uploads\/2023\/04\/Caratula-Notifans-Web.jpg","contentUrl":"https:\/\/autofans.com.ar\/wp-content\/uploads\/2023\/04\/Caratula-Notifans-Web.jpg","width":1920,"height":1080,"caption":"notifans"},{"@type":"BreadcrumbList","@id":"https:\/\/autofans.com.ar\/index.php\/2023\/04\/29\/notifans-del-29-de-abril-de-2023\/#breadcrumb","itemListElement":[{"@type":"ListItem","position":1,"name":"Inicio","item":"https:\/\/autofans.com.ar\/"},{"@type":"ListItem","position":2,"name":"NOTIFANS del 29 de Abril de 2023"}]},{"@type":"WebSite","@id":"https:\/\/autofans.com.ar\/#website","url":"https:\/\/autofans.com.ar\/","name":"","description":"El multimedio referente de la industria automotriz","potentialAction":[{"@type":"SearchAction","target":{"@type":"EntryPoint","urlTemplate":"https:\/\/autofans.com.ar\/?s={search_term_string}"},"query-input":{"@type":"PropertyValueSpecification","valueRequired":true,"valueName":"search_term_string"}}],"inLanguage":"es"},{"@type":"Person","@id":"https:\/\/autofans.com.ar\/#\/schema\/person\/4f260a29da3cfebb7f29121591a73481","name":"AleCAF","image":{"@type":"ImageObject","inLanguage":"es","@id":"https:\/\/secure.gravatar.com\/avatar\/959b1ac26ee9dfc67318763f0a21a739fce256ee110a46fe86a2957f5568f27e?s=96&d=mm&r=g","url":"https:\/\/secure.gravatar.com\/avatar\/959b1ac26ee9dfc67318763f0a21a739fce256ee110a46fe86a2957f5568f27e?s=96&d=mm&r=g","contentUrl":"https:\/\/secure.gravatar.com\/avatar\/959b1ac26ee9dfc67318763f0a21a739fce256ee110a46fe86a2957f5568f27e?s=96&d=mm&r=g","caption":"AleCAF"},"description":"Se trata del sitio web del multimedio Autofans, dedicado a informar las novedades y tendencias del segmento automotor nacional e internacional. El multimedio est\u00e1 conformado por Autofans web, Autofans TV (Programa), Youtube, Intagram y Facebook","sameAs":["https:\/\/autofans.com.ar"],"url":"https:\/\/autofans.com.ar\/index.php\/author\/alecampolieto\/"}]}},"featured_image_urls":{"full":["https:\/\/autofans.com.ar\/wp-content\/uploads\/2023\/04\/Caratula-Notifans-Web.jpg",1920,1080,false],"thumbnail":["https:\/\/autofans.com.ar\/wp-content\/uploads\/2023\/04\/Caratula-Notifans-Web-150x150.jpg",150,150,true],"medium":["https:\/\/autofans.com.ar\/wp-content\/uploads\/2023\/04\/Caratula-Notifans-Web-300x169.jpg",300,169,true],"medium_large":["https:\/\/autofans.com.ar\/wp-content\/uploads\/2023\/04\/Caratula-Notifans-Web-768x432.jpg",640,360,true],"large":["https:\/\/autofans.com.ar\/wp-content\/uploads\/2023\/04\/Caratula-Notifans-Web-1024x576.jpg",640,360,true],"1536x1536":["https:\/\/autofans.com.ar\/wp-content\/uploads\/2023\/04\/Caratula-Notifans-Web-1536x864.jpg",1536,864,true],"2048x2048":["https:\/\/autofans.com.ar\/wp-content\/uploads\/2023\/04\/Caratula-Notifans-Web.jpg",1920,1080,false],"covernews-featured":["https:\/\/autofans.com.ar\/wp-content\/uploads\/2023\/04\/Caratula-Notifans-Web-1024x576.jpg",1024,576,true],"covernews-medium":["https:\/\/autofans.com.ar\/wp-content\/uploads\/2023\/04\/Caratula-Notifans-Web-540x340.jpg",540,340,true]},"author_info":{"display_name":"AleCAF","author_link":"https:\/\/autofans.com.ar\/index.php\/author\/alecampolieto\/"},"category_info":"<a href=\"https:\/\/autofans.com.ar\/index.php\/category\/lanzamientos\/\" rel=\"category tag\">LANZAMIENTOS<\/a>","tag_info":"LANZAMIENTOS","comment_count":0,"_links":{"self":[{"href":"https:\/\/autofans.com.ar\/index.php\/wp-json\/wp\/v2\/posts\/2291","targetHints":{"allow":["GET"]}}],"collection":[{"href":"https:\/\/autofans.com.ar\/index.php\/wp-json\/wp\/v2\/posts"}],"about":[{"href":"https:\/\/autofans.com.ar\/index.php\/wp-json\/wp\/v2\/types\/post"}],"author":[{"embeddable":true,"href":"https:\/\/autofans.com.ar\/index.php\/wp-json\/wp\/v2\/users\/1"}],"replies":[{"embeddable":true,"href":"https:\/\/autofans.com.ar\/index.php\/wp-json\/wp\/v2\/comments?post=2291"}],"version-history":[{"count":1,"href":"https:\/\/autofans.com.ar\/index.php\/wp-json\/wp\/v2\/posts\/2291\/revisions"}],"predecessor-version":[{"id":2294,"href":"https:\/\/autofans.com.ar\/index.php\/wp-json\/wp\/v2\/posts\/2291\/revisions\/2294"}],"wp:featuredmedia":[{"embeddable":true,"href":"https:\/\/autofans.com.ar\/index.php\/wp-json\/wp\/v2\/media\/2293"}],"wp:attachment":[{"href":"https:\/\/autofans.com.ar\/index.php\/wp-json\/wp\/v2\/media?parent=2291"}],"wp:term":[{"taxonomy":"category","embeddable":true,"href":"https:\/\/autofans.com.ar\/index.php\/wp-json\/wp\/v2\/categories?post=2291"},{"taxonomy":"post_tag","embeddable":true,"href":"https:\/\/autofans.com.ar\/index.php\/wp-json\/wp\/v2\/tags?post=2291"}],"curies":[{"name":"wp","href":"https:\/\/api.w.org\/{rel}","templated":true}]}}