{"id":2296,"date":"2023-04-02T13:50:50","date_gmt":"2023-04-02T16:50:50","guid":{"rendered":"https:\/\/autofans.com.ar\/?p=2296"},"modified":"2023-05-08T16:32:16","modified_gmt":"2023-05-08T19:32:16","slug":"cobertura-volkswagen-presente-en-bioferia-con-su-primer-camion-100-electrico","status":"publish","type":"post","link":"https:\/\/autofans.com.ar\/index.php\/2023\/04\/02\/cobertura-volkswagen-presente-en-bioferia-con-su-primer-camion-100-electrico\/","title":{"rendered":"Cobertura &#8211; Volkswagen presente en Bioferia con su primer cami\u00f3n 100% el\u00e9ctrico"},"content":{"rendered":"<p>El primer cami\u00f3n el\u00e9ctrico de Volkswagen Camiones y Buses, el e-Delivery, estuvo presente en la Bioferia, el\u00a0evento de sustentabilidad m\u00e1s importante de Latinoam\u00e9rica, que se realiz\u00f3 del 31 de marzo al 2 de abril en el Hip\u00f3dromo de Palermo.<\/p>\n<p>Estuvimos presentes y realizamos esta cobertura en video para que conozcas toda la info de la mano de los directivos de la marca.<\/p>\n<p>Para conocer m\u00e1s detalles, no dejes de leer nuestra <a href=\"https:\/\/bit.ly\/3nMQswJ\" target=\"_blank\" rel=\"noopener\">nota web<\/a> sobre el tema.<\/p>\n<p><iframe title=\"Volkswagen presente en Bioferia con su primer cami\u00f3n 100% el\u00e9ctrico\" width=\"640\" height=\"360\" src=\"https:\/\/www.youtube.com\/embed\/FPKpkt4HJO4?feature=oembed\" frameborder=\"0\" allow=\"accelerometer; autoplay; clipboard-write; encrypted-media; gyroscope; picture-in-picture; web-share\" referrerpolicy=\"strict-origin-when-cross-origin\" allowfullscreen><\/iframe><\/p>\n<p>&nbsp;<\/p>\n<p><i>Para enterarte de m\u00e1s novedades, no dejes de leer\u00a0<\/i><a href=\"https:\/\/autofans.thebrandsoup.com\/\"><i>nuestras notas<\/i><\/a><i>, de ver<\/i><b><i>\u00a0<\/i><\/b><a href=\"https:\/\/www.youtube.com\/channel\/UCgAC8UGHZYbT6P7PpmVnP7g\"><b><i>AUTOFANS TV<\/i><\/b><\/a><b><i>\u00a0<\/i><\/b><i>en nuestro\u00a0canal de Youtube. Adem\u00e1s seguinos en\u00a0<\/i><a href=\"https:\/\/www.instagram.com\/autofanstv\/\"><i>INSTAGRAM<\/i><\/a><i>\u00a0y\u00a0<\/i><a href=\"https:\/\/www.facebook.com\/autofansmas\/\"><i>FACEBOOK<\/i><\/a><i>\u00a0para no perderte nada sobre las novedades del segmento automotor de Argentina y el mundo.<\/i><\/p>\n","protected":false},"excerpt":{"rendered":"<p>El primer cami\u00f3n el\u00e9ctrico de Volkswagen Camiones y Buses, el e-Delivery, estuvo presente en la&#8230;<\/p>\n","protected":false},"author":1,"featured_media":1198,"comment_status":"closed","ping_status":"closed","sticky":false,"template":"","format":"standard","meta":{"footnotes":""},"categories":[1024],"tags":[741,20,540,89,1066,1067,773,75,76,1064,1065],"class_list":["post-2296","post","type-post","status-publish","format-standard","has-post-thumbnail","hentry","category-coberturas","tag-autofanstv","tag-camion","tag-camion-electrico","tag-cobertura","tag-electrico","tag-presencia","tag-sustentable","tag-volkswagen-argentina","tag-vw","tag-vw-argentina","tag-vw-camiones"],"yoast_head":"<!-- This site is optimized with the Yoast SEO plugin v27.5 - https:\/\/yoast.com\/product\/yoast-seo-wordpress\/ -->\n<title>Cobertura - Volkswagen presente en Bioferia con su primer cami\u00f3n 100% el\u00e9ctrico<\/title>\n<meta name=\"description\" content=\"El primer cami\u00f3n el\u00e9ctrico de Volkswagen Camiones y Buses, el e-Delivery, estuvo presente en la Bioferia, el\u00a0evento...\" \/>\n<meta name=\"robots\" content=\"index, follow, max-snippet:-1, max-image-preview:large, max-video-preview:-1\" \/>\n<link rel=\"canonical\" href=\"https:\/\/autofans.com.ar\/index.php\/2023\/04\/02\/cobertura-volkswagen-presente-en-bioferia-con-su-primer-camion-100-electrico\/\" \/>\n<meta property=\"og:locale\" content=\"es_ES\" \/>\n<meta property=\"og:type\" content=\"article\" \/>\n<meta property=\"og:title\" content=\"Cobertura - Volkswagen presente en Bioferia con su primer cami\u00f3n 100% el\u00e9ctrico\" \/>\n<meta property=\"og:description\" content=\"El primer cami\u00f3n el\u00e9ctrico de Volkswagen Camiones y Buses, el e-Delivery, estuvo presente en la Bioferia, el\u00a0evento...\" \/>\n<meta property=\"og:url\" content=\"https:\/\/autofans.com.ar\/index.php\/2023\/04\/02\/cobertura-volkswagen-presente-en-bioferia-con-su-primer-camion-100-electrico\/\" \/>\n<meta property=\"article:published_time\" content=\"2023-04-02T16:50:50+00:00\" \/>\n<meta property=\"article:modified_time\" content=\"2023-05-08T19:32:16+00:00\" \/>\n<meta property=\"og:image\" content=\"https:\/\/autofans.com.ar\/wp-content\/uploads\/2023\/04\/foto-05-jpg.webp\" \/>\n\t<meta property=\"og:image:width\" content=\"1000\" \/>\n\t<meta property=\"og:image:height\" content=\"667\" \/>\n\t<meta property=\"og:image:type\" content=\"image\/jpeg\" \/>\n<meta name=\"author\" content=\"AleCAF\" \/>\n<meta name=\"twitter:card\" content=\"summary_large_image\" \/>\n<meta name=\"twitter:label1\" content=\"Escrito por\" \/>\n\t<meta name=\"twitter:data1\" content=\"AleCAF\" \/>\n\t<meta name=\"twitter:label2\" content=\"Tiempo de lectura\" \/>\n\t<meta name=\"twitter:data2\" content=\"1 minuto\" \/>\n<script type=\"application\/ld+json\" class=\"yoast-schema-graph\">{\"@context\":\"https:\\\/\\\/schema.org\",\"@graph\":[{\"@type\":\"Article\",\"@id\":\"https:\\\/\\\/autofans.com.ar\\\/index.php\\\/2023\\\/04\\\/02\\\/cobertura-volkswagen-presente-en-bioferia-con-su-primer-camion-100-electrico\\\/#article\",\"isPartOf\":{\"@id\":\"https:\\\/\\\/autofans.com.ar\\\/index.php\\\/2023\\\/04\\\/02\\\/cobertura-volkswagen-presente-en-bioferia-con-su-primer-camion-100-electrico\\\/\"},\"author\":{\"name\":\"AleCAF\",\"@id\":\"https:\\\/\\\/autofans.com.ar\\\/#\\\/schema\\\/person\\\/4f260a29da3cfebb7f29121591a73481\"},\"headline\":\"Cobertura &#8211; Volkswagen presente en Bioferia con su primer cami\u00f3n 100% el\u00e9ctrico\",\"datePublished\":\"2023-04-02T16:50:50+00:00\",\"dateModified\":\"2023-05-08T19:32:16+00:00\",\"mainEntityOfPage\":{\"@id\":\"https:\\\/\\\/autofans.com.ar\\\/index.php\\\/2023\\\/04\\\/02\\\/cobertura-volkswagen-presente-en-bioferia-con-su-primer-camion-100-electrico\\\/\"},\"wordCount\":143,\"image\":{\"@id\":\"https:\\\/\\\/autofans.com.ar\\\/index.php\\\/2023\\\/04\\\/02\\\/cobertura-volkswagen-presente-en-bioferia-con-su-primer-camion-100-electrico\\\/#primaryimage\"},\"thumbnailUrl\":\"https:\\\/\\\/autofans.com.ar\\\/wp-content\\\/uploads\\\/2023\\\/04\\\/foto-05-jpg.webp\",\"keywords\":[\"AutoFanstv\",\"Camion\",\"cami\u00f3n el\u00e9ctrico\",\"Cobertura\",\"electrico\",\"presencia\",\"sustentable\",\"Volkswagen Argentina\",\"VW\",\"vw argentina\",\"vw camiones\"],\"articleSection\":[\"Coberturas 2023\"],\"inLanguage\":\"es\"},{\"@type\":\"WebPage\",\"@id\":\"https:\\\/\\\/autofans.com.ar\\\/index.php\\\/2023\\\/04\\\/02\\\/cobertura-volkswagen-presente-en-bioferia-con-su-primer-camion-100-electrico\\\/\",\"url\":\"https:\\\/\\\/autofans.com.ar\\\/index.php\\\/2023\\\/04\\\/02\\\/cobertura-volkswagen-presente-en-bioferia-con-su-primer-camion-100-electrico\\\/\",\"name\":\"Cobertura - Volkswagen presente en Bioferia con su primer cami\u00f3n 100% el\u00e9ctrico\",\"isPartOf\":{\"@id\":\"https:\\\/\\\/autofans.com.ar\\\/#website\"},\"primaryImageOfPage\":{\"@id\":\"https:\\\/\\\/autofans.com.ar\\\/index.php\\\/2023\\\/04\\\/02\\\/cobertura-volkswagen-presente-en-bioferia-con-su-primer-camion-100-electrico\\\/#primaryimage\"},\"image\":{\"@id\":\"https:\\\/\\\/autofans.com.ar\\\/index.php\\\/2023\\\/04\\\/02\\\/cobertura-volkswagen-presente-en-bioferia-con-su-primer-camion-100-electrico\\\/#primaryimage\"},\"thumbnailUrl\":\"https:\\\/\\\/autofans.com.ar\\\/wp-content\\\/uploads\\\/2023\\\/04\\\/foto-05-jpg.webp\",\"datePublished\":\"2023-04-02T16:50:50+00:00\",\"dateModified\":\"2023-05-08T19:32:16+00:00\",\"author\":{\"@id\":\"https:\\\/\\\/autofans.com.ar\\\/#\\\/schema\\\/person\\\/4f260a29da3cfebb7f29121591a73481\"},\"description\":\"El primer cami\u00f3n el\u00e9ctrico de Volkswagen Camiones y Buses, el e-Delivery, estuvo presente en la Bioferia, el\u00a0evento...\",\"breadcrumb\":{\"@id\":\"https:\\\/\\\/autofans.com.ar\\\/index.php\\\/2023\\\/04\\\/02\\\/cobertura-volkswagen-presente-en-bioferia-con-su-primer-camion-100-electrico\\\/#breadcrumb\"},\"inLanguage\":\"es\",\"potentialAction\":[{\"@type\":\"ReadAction\",\"target\":[\"https:\\\/\\\/autofans.com.ar\\\/index.php\\\/2023\\\/04\\\/02\\\/cobertura-volkswagen-presente-en-bioferia-con-su-primer-camion-100-electrico\\\/\"]}]},{\"@type\":\"ImageObject\",\"inLanguage\":\"es\",\"@id\":\"https:\\\/\\\/autofans.com.ar\\\/index.php\\\/2023\\\/04\\\/02\\\/cobertura-volkswagen-presente-en-bioferia-con-su-primer-camion-100-electrico\\\/#primaryimage\",\"url\":\"https:\\\/\\\/autofans.com.ar\\\/wp-content\\\/uploads\\\/2023\\\/04\\\/foto-05-jpg.webp\",\"contentUrl\":\"https:\\\/\\\/autofans.com.ar\\\/wp-content\\\/uploads\\\/2023\\\/04\\\/foto-05-jpg.webp\",\"width\":1000,\"height\":667,\"caption\":\"Volkswagen bio\"},{\"@type\":\"BreadcrumbList\",\"@id\":\"https:\\\/\\\/autofans.com.ar\\\/index.php\\\/2023\\\/04\\\/02\\\/cobertura-volkswagen-presente-en-bioferia-con-su-primer-camion-100-electrico\\\/#breadcrumb\",\"itemListElement\":[{\"@type\":\"ListItem\",\"position\":1,\"name\":\"Inicio\",\"item\":\"https:\\\/\\\/autofans.com.ar\\\/\"},{\"@type\":\"ListItem\",\"position\":2,\"name\":\"Cobertura &#8211; Volkswagen presente en Bioferia con su primer cami\u00f3n 100% el\u00e9ctrico\"}]},{\"@type\":\"WebSite\",\"@id\":\"https:\\\/\\\/autofans.com.ar\\\/#website\",\"url\":\"https:\\\/\\\/autofans.com.ar\\\/\",\"name\":\"\",\"description\":\"El multimedio referente de la industria automotriz\",\"potentialAction\":[{\"@type\":\"SearchAction\",\"target\":{\"@type\":\"EntryPoint\",\"urlTemplate\":\"https:\\\/\\\/autofans.com.ar\\\/?s={search_term_string}\"},\"query-input\":{\"@type\":\"PropertyValueSpecification\",\"valueRequired\":true,\"valueName\":\"search_term_string\"}}],\"inLanguage\":\"es\"},{\"@type\":\"Person\",\"@id\":\"https:\\\/\\\/autofans.com.ar\\\/#\\\/schema\\\/person\\\/4f260a29da3cfebb7f29121591a73481\",\"name\":\"AleCAF\",\"image\":{\"@type\":\"ImageObject\",\"inLanguage\":\"es\",\"@id\":\"https:\\\/\\\/secure.gravatar.com\\\/avatar\\\/959b1ac26ee9dfc67318763f0a21a739fce256ee110a46fe86a2957f5568f27e?s=96&d=mm&r=g\",\"url\":\"https:\\\/\\\/secure.gravatar.com\\\/avatar\\\/959b1ac26ee9dfc67318763f0a21a739fce256ee110a46fe86a2957f5568f27e?s=96&d=mm&r=g\",\"contentUrl\":\"https:\\\/\\\/secure.gravatar.com\\\/avatar\\\/959b1ac26ee9dfc67318763f0a21a739fce256ee110a46fe86a2957f5568f27e?s=96&d=mm&r=g\",\"caption\":\"AleCAF\"},\"description\":\"Se trata del sitio web del multimedio Autofans, dedicado a informar las novedades y tendencias del segmento automotor nacional e internacional. El multimedio est\u00e1 conformado por Autofans web, Autofans TV (Programa), Youtube, Intagram y Facebook\",\"sameAs\":[\"https:\\\/\\\/autofans.com.ar\"],\"url\":\"https:\\\/\\\/autofans.com.ar\\\/index.php\\\/author\\\/alecampolieto\\\/\"}]}<\/script>\n<!-- \/ Yoast SEO plugin. -->","yoast_head_json":{"title":"Cobertura - Volkswagen presente en Bioferia con su primer cami\u00f3n 100% el\u00e9ctrico","description":"El primer cami\u00f3n el\u00e9ctrico de Volkswagen Camiones y Buses, el e-Delivery, estuvo presente en la Bioferia, el\u00a0evento...","robots":{"index":"index","follow":"follow","max-snippet":"max-snippet:-1","max-image-preview":"max-image-preview:large","max-video-preview":"max-video-preview:-1"},"canonical":"https:\/\/autofans.com.ar\/index.php\/2023\/04\/02\/cobertura-volkswagen-presente-en-bioferia-con-su-primer-camion-100-electrico\/","og_locale":"es_ES","og_type":"article","og_title":"Cobertura - Volkswagen presente en Bioferia con su primer cami\u00f3n 100% el\u00e9ctrico","og_description":"El primer cami\u00f3n el\u00e9ctrico de Volkswagen Camiones y Buses, el e-Delivery, estuvo presente en la Bioferia, el\u00a0evento...","og_url":"https:\/\/autofans.com.ar\/index.php\/2023\/04\/02\/cobertura-volkswagen-presente-en-bioferia-con-su-primer-camion-100-electrico\/","article_published_time":"2023-04-02T16:50:50+00:00","article_modified_time":"2023-05-08T19:32:16+00:00","og_image":[{"width":1000,"height":667,"url":"https:\/\/autofans.com.ar\/wp-content\/uploads\/2023\/04\/foto-05-jpg.webp","type":"image\/jpeg"}],"author":"AleCAF","twitter_card":"summary_large_image","twitter_misc":{"Escrito por":"AleCAF","Tiempo de lectura":"1 minuto"},"schema":{"@context":"https:\/\/schema.org","@graph":[{"@type":"Article","@id":"https:\/\/autofans.com.ar\/index.php\/2023\/04\/02\/cobertura-volkswagen-presente-en-bioferia-con-su-primer-camion-100-electrico\/#article","isPartOf":{"@id":"https:\/\/autofans.com.ar\/index.php\/2023\/04\/02\/cobertura-volkswagen-presente-en-bioferia-con-su-primer-camion-100-electrico\/"},"author":{"name":"AleCAF","@id":"https:\/\/autofans.com.ar\/#\/schema\/person\/4f260a29da3cfebb7f29121591a73481"},"headline":"Cobertura &#8211; Volkswagen presente en Bioferia con su primer cami\u00f3n 100% el\u00e9ctrico","datePublished":"2023-04-02T16:50:50+00:00","dateModified":"2023-05-08T19:32:16+00:00","mainEntityOfPage":{"@id":"https:\/\/autofans.com.ar\/index.php\/2023\/04\/02\/cobertura-volkswagen-presente-en-bioferia-con-su-primer-camion-100-electrico\/"},"wordCount":143,"image":{"@id":"https:\/\/autofans.com.ar\/index.php\/2023\/04\/02\/cobertura-volkswagen-presente-en-bioferia-con-su-primer-camion-100-electrico\/#primaryimage"},"thumbnailUrl":"https:\/\/autofans.com.ar\/wp-content\/uploads\/2023\/04\/foto-05-jpg.webp","keywords":["AutoFanstv","Camion","cami\u00f3n el\u00e9ctrico","Cobertura","electrico","presencia","sustentable","Volkswagen Argentina","VW","vw argentina","vw camiones"],"articleSection":["Coberturas 2023"],"inLanguage":"es"},{"@type":"WebPage","@id":"https:\/\/autofans.com.ar\/index.php\/2023\/04\/02\/cobertura-volkswagen-presente-en-bioferia-con-su-primer-camion-100-electrico\/","url":"https:\/\/autofans.com.ar\/index.php\/2023\/04\/02\/cobertura-volkswagen-presente-en-bioferia-con-su-primer-camion-100-electrico\/","name":"Cobertura - Volkswagen presente en Bioferia con su primer cami\u00f3n 100% el\u00e9ctrico","isPartOf":{"@id":"https:\/\/autofans.com.ar\/#website"},"primaryImageOfPage":{"@id":"https:\/\/autofans.com.ar\/index.php\/2023\/04\/02\/cobertura-volkswagen-presente-en-bioferia-con-su-primer-camion-100-electrico\/#primaryimage"},"image":{"@id":"https:\/\/autofans.com.ar\/index.php\/2023\/04\/02\/cobertura-volkswagen-presente-en-bioferia-con-su-primer-camion-100-electrico\/#primaryimage"},"thumbnailUrl":"https:\/\/autofans.com.ar\/wp-content\/uploads\/2023\/04\/foto-05-jpg.webp","datePublished":"2023-04-02T16:50:50+00:00","dateModified":"2023-05-08T19:32:16+00:00","author":{"@id":"https:\/\/autofans.com.ar\/#\/schema\/person\/4f260a29da3cfebb7f29121591a73481"},"description":"El primer cami\u00f3n el\u00e9ctrico de Volkswagen Camiones y Buses, el e-Delivery, estuvo presente en la Bioferia, el\u00a0evento...","breadcrumb":{"@id":"https:\/\/autofans.com.ar\/index.php\/2023\/04\/02\/cobertura-volkswagen-presente-en-bioferia-con-su-primer-camion-100-electrico\/#breadcrumb"},"inLanguage":"es","potentialAction":[{"@type":"ReadAction","target":["https:\/\/autofans.com.ar\/index.php\/2023\/04\/02\/cobertura-volkswagen-presente-en-bioferia-con-su-primer-camion-100-electrico\/"]}]},{"@type":"ImageObject","inLanguage":"es","@id":"https:\/\/autofans.com.ar\/index.php\/2023\/04\/02\/cobertura-volkswagen-presente-en-bioferia-con-su-primer-camion-100-electrico\/#primaryimage","url":"https:\/\/autofans.com.ar\/wp-content\/uploads\/2023\/04\/foto-05-jpg.webp","contentUrl":"https:\/\/autofans.com.ar\/wp-content\/uploads\/2023\/04\/foto-05-jpg.webp","width":1000,"height":667,"caption":"Volkswagen bio"},{"@type":"BreadcrumbList","@id":"https:\/\/autofans.com.ar\/index.php\/2023\/04\/02\/cobertura-volkswagen-presente-en-bioferia-con-su-primer-camion-100-electrico\/#breadcrumb","itemListElement":[{"@type":"ListItem","position":1,"name":"Inicio","item":"https:\/\/autofans.com.ar\/"},{"@type":"ListItem","position":2,"name":"Cobertura &#8211; Volkswagen presente en Bioferia con su primer cami\u00f3n 100% el\u00e9ctrico"}]},{"@type":"WebSite","@id":"https:\/\/autofans.com.ar\/#website","url":"https:\/\/autofans.com.ar\/","name":"","description":"El multimedio referente de la industria automotriz","potentialAction":[{"@type":"SearchAction","target":{"@type":"EntryPoint","urlTemplate":"https:\/\/autofans.com.ar\/?s={search_term_string}"},"query-input":{"@type":"PropertyValueSpecification","valueRequired":true,"valueName":"search_term_string"}}],"inLanguage":"es"},{"@type":"Person","@id":"https:\/\/autofans.com.ar\/#\/schema\/person\/4f260a29da3cfebb7f29121591a73481","name":"AleCAF","image":{"@type":"ImageObject","inLanguage":"es","@id":"https:\/\/secure.gravatar.com\/avatar\/959b1ac26ee9dfc67318763f0a21a739fce256ee110a46fe86a2957f5568f27e?s=96&d=mm&r=g","url":"https:\/\/secure.gravatar.com\/avatar\/959b1ac26ee9dfc67318763f0a21a739fce256ee110a46fe86a2957f5568f27e?s=96&d=mm&r=g","contentUrl":"https:\/\/secure.gravatar.com\/avatar\/959b1ac26ee9dfc67318763f0a21a739fce256ee110a46fe86a2957f5568f27e?s=96&d=mm&r=g","caption":"AleCAF"},"description":"Se trata del sitio web del multimedio Autofans, dedicado a informar las novedades y tendencias del segmento automotor nacional e internacional. El multimedio est\u00e1 conformado por Autofans web, Autofans TV (Programa), Youtube, Intagram y Facebook","sameAs":["https:\/\/autofans.com.ar"],"url":"https:\/\/autofans.com.ar\/index.php\/author\/alecampolieto\/"}]}},"featured_image_urls":{"full":["https:\/\/autofans.com.ar\/wp-content\/uploads\/2023\/04\/foto-05-jpg.webp",1000,667,false],"thumbnail":["https:\/\/autofans.com.ar\/wp-content\/uploads\/2023\/04\/foto-05-150x150.webp",150,150,true],"medium":["https:\/\/autofans.com.ar\/wp-content\/uploads\/2023\/04\/foto-05-300x200.webp",300,200,true],"medium_large":["https:\/\/autofans.com.ar\/wp-content\/uploads\/2023\/04\/foto-05-768x512.webp",640,427,true],"large":["https:\/\/autofans.com.ar\/wp-content\/uploads\/2023\/04\/foto-05-jpg.webp",640,427,false],"1536x1536":["https:\/\/autofans.com.ar\/wp-content\/uploads\/2023\/04\/foto-05-jpg.webp",1000,667,false],"2048x2048":["https:\/\/autofans.com.ar\/wp-content\/uploads\/2023\/04\/foto-05-jpg.webp",1000,667,false],"covernews-featured":["https:\/\/autofans.com.ar\/wp-content\/uploads\/2023\/04\/foto-05-jpg.webp",1000,667,false],"covernews-medium":["https:\/\/autofans.com.ar\/wp-content\/uploads\/2023\/04\/foto-05-540x340.webp",540,340,true]},"author_info":{"display_name":"AleCAF","author_link":"https:\/\/autofans.com.ar\/index.php\/author\/alecampolieto\/"},"category_info":"<a href=\"https:\/\/autofans.com.ar\/index.php\/category\/autofans-tv\/programas-2023\/coberturas\/\" rel=\"category tag\">Coberturas 2023<\/a>","tag_info":"Coberturas 2023","comment_count":0,"_links":{"self":[{"href":"https:\/\/autofans.com.ar\/index.php\/wp-json\/wp\/v2\/posts\/2296","targetHints":{"allow":["GET"]}}],"collection":[{"href":"https:\/\/autofans.com.ar\/index.php\/wp-json\/wp\/v2\/posts"}],"about":[{"href":"https:\/\/autofans.com.ar\/index.php\/wp-json\/wp\/v2\/types\/post"}],"author":[{"embeddable":true,"href":"https:\/\/autofans.com.ar\/index.php\/wp-json\/wp\/v2\/users\/1"}],"replies":[{"embeddable":true,"href":"https:\/\/autofans.com.ar\/index.php\/wp-json\/wp\/v2\/comments?post=2296"}],"version-history":[{"count":1,"href":"https:\/\/autofans.com.ar\/index.php\/wp-json\/wp\/v2\/posts\/2296\/revisions"}],"predecessor-version":[{"id":2303,"href":"https:\/\/autofans.com.ar\/index.php\/wp-json\/wp\/v2\/posts\/2296\/revisions\/2303"}],"wp:featuredmedia":[{"embeddable":true,"href":"https:\/\/autofans.com.ar\/index.php\/wp-json\/wp\/v2\/media\/1198"}],"wp:attachment":[{"href":"https:\/\/autofans.com.ar\/index.php\/wp-json\/wp\/v2\/media?parent=2296"}],"wp:term":[{"taxonomy":"category","embeddable":true,"href":"https:\/\/autofans.com.ar\/index.php\/wp-json\/wp\/v2\/categories?post=2296"},{"taxonomy":"post_tag","embeddable":true,"href":"https:\/\/autofans.com.ar\/index.php\/wp-json\/wp\/v2\/tags?post=2296"}],"curies":[{"name":"wp","href":"https:\/\/api.w.org\/{rel}","templated":true}]}}