{"id":2352,"date":"2023-05-09T11:48:51","date_gmt":"2023-05-09T14:48:51","guid":{"rendered":"https:\/\/autofans.com.ar\/?p=2352"},"modified":"2023-05-09T12:13:09","modified_gmt":"2023-05-09T15:13:09","slug":"bmw-motorrad-motorsport-incorpora-a-ivo-lopes-en-worldsbk","status":"publish","type":"post","link":"https:\/\/autofans.com.ar\/index.php\/2023\/05\/09\/bmw-motorrad-motorsport-incorpora-a-ivo-lopes-en-worldsbk\/","title":{"rendered":"BMW Motorrad Motorsport incorpora a Ivo Lopes en WorldSBK"},"content":{"rendered":"<p>Ivo Lopes sustituir\u00e1 a Michael van der Mark en BMW Motorrad Motorsport para la cuarta ronda del Campeonato del Mundo FIM de Superbike (WorldSBK) en Barcelona. El piloto portugu\u00e9s, quien ha logrado varios \u00e9xitos con BMW en el Campeonato de Espa\u00f1a de Superbikes (ESBK), ser\u00e1 compa\u00f1ero de Scott Redding dentro del equipo RoKiT BMW Motorrad WorldSBK.<\/p>\n<p>&nbsp;<\/p>\n<p><img fetchpriority=\"high\" decoding=\"async\" class=\"aligncenter wp-image-2356 size-full\" src=\"https:\/\/autofans.com.ar\/wp-content\/uploads\/2023\/05\/foto-2-13.jpg\" alt=\"BMW Motorrad\" width=\"1000\" height=\"667\" srcset=\"https:\/\/autofans.com.ar\/wp-content\/uploads\/2023\/05\/foto-2-13.jpg 1000w, https:\/\/autofans.com.ar\/wp-content\/uploads\/2023\/05\/foto-2-13-300x200.jpg 300w, https:\/\/autofans.com.ar\/wp-content\/uploads\/2023\/05\/foto-2-13-768x512.jpg 768w\" sizes=\"(max-width: 1000px) 100vw, 1000px\" \/><\/p>\n<p>Lopes, de 26 a\u00f1os, se coron\u00f3 campe\u00f3n de Portugal de Superbike en 2019 y se convirti\u00f3 en el primer portugu\u00e9s en ganar el Campeonato de Espa\u00f1a de Superbike en 2021, con una BMW M 1000 RR del EasyRace BMW Team. Por la presente temporada ha conseguido una victoria y dos segundos puestos en las cuatro carreras del ESBK celebradas hasta el momento, lo que lo coloca en lo m\u00e1s alto de la tabla.<\/p>\n<p>&nbsp;<\/p>\n<p><img decoding=\"async\" class=\"aligncenter wp-image-2354 size-full\" src=\"https:\/\/autofans.com.ar\/wp-content\/uploads\/2023\/05\/foto-4-7.jpg\" alt=\"BMW Motorrad\" width=\"1000\" height=\"667\" srcset=\"https:\/\/autofans.com.ar\/wp-content\/uploads\/2023\/05\/foto-4-7.jpg 1000w, https:\/\/autofans.com.ar\/wp-content\/uploads\/2023\/05\/foto-4-7-300x200.jpg 300w, https:\/\/autofans.com.ar\/wp-content\/uploads\/2023\/05\/foto-4-7-768x512.jpg 768w\" sizes=\"(max-width: 1000px) 100vw, 1000px\" \/><\/p>\n<p>La lesi\u00f3n de Michael van der Mark, quien sufri\u00f3 la fractur\u00f3 de su muslo izquierdo en la segunda Main Race de Assen (NED), ha sido el motivo de la inclusi\u00f3n de Ivo Lopes en el equipo. Aunque ya se encuentra trabajando en su recuperaci\u00f3n, todav\u00eda no se conoce cu\u00e1ndo podr\u00e1 volver a correr. Su reemplazo en futuras competencias ser\u00e1 anunciado posteriormente.<\/p>\n<blockquote>\n<p style=\"text-align: center;\">\u00abQuiero agradecerle a BMW Motorrad Motorsport y al equipo ROKiT BMW Motorrad WorldSBK por la oportunidad que me est\u00e1n brindando. Siempre he so\u00f1ado con correr en WorldSBK, y ese sue\u00f1o ahora se est\u00e1 convirtiendo en realidad. Conozco muy bien el circuito de Barcelona, al igual que la BMW M 1000 RR. Dar\u00e9 todo para apoyar al equipo y a BMW Motorrad Motorsport de la mejor manera posible, para agradecerles la confianza que han depositado en m\u00ed. Tambi\u00e9n quiero desearle a Michael van der Mark una pronta recuperaci\u00f3n\u00bb, coment\u00f3 el rider ib\u00e9rico.<\/p>\n<\/blockquote>\n<p>La participaci\u00f3n de Ivo Lopes en el equipo RoKiT <a href=\"https:\/\/rokit-bmwmotorradworldsbk.com\" target=\"_blank\" rel=\"noopener\">BMW Motorrad WorldSBK<\/a> es una excelente oportunidad para demostrar su capacidad en el Campeonato del Mundo FIM de Superbike. Seguiremos de cerca el desempe\u00f1o del piloto portugu\u00e9s en su debut en la categor\u00eda mundial.<\/p>\n<p>&nbsp;<\/p>\n<p><i>Para enterarte de m\u00e1s novedades, no dejes de leer\u00a0<\/i><a href=\"https:\/\/autofans.thebrandsoup.com\/\"><i>nuestras notas<\/i><\/a><i>, de ver<\/i><b><i>\u00a0<\/i><\/b><a href=\"https:\/\/www.youtube.com\/channel\/UCgAC8UGHZYbT6P7PpmVnP7g\"><b><i>AUTOFANS TV<\/i><\/b><\/a><b><i>\u00a0<\/i><\/b><i>en nuestro\u00a0canal de Youtube. Adem\u00e1s seguinos en\u00a0<\/i><a href=\"https:\/\/www.instagram.com\/autofanstv\/\"><i>INSTAGRAM<\/i><\/a><i> y <\/i><a href=\"https:\/\/www.facebook.com\/autofansmas\/\"><i>FACEBOOK<\/i><\/a><i> para no perderte nada sobre las novedades del segmento automotor de Argentina y el mundo. <\/i><\/p>\n","protected":false},"excerpt":{"rendered":"<p>Ivo Lopes sustituir\u00e1 a Michael van der Mark en BMW Motorrad Motorsport para la cuarta&#8230;<\/p>\n","protected":false},"author":2,"featured_media":2357,"comment_status":"closed","ping_status":"closed","sticky":false,"template":"","format":"standard","meta":{"footnotes":""},"categories":[127,16],"tags":[1108,1105,1106,1107,1109,890,220],"class_list":["post-2352","post","type-post","status-publish","format-standard","has-post-thumbnail","hentry","category-deporte","category-noticias","tag-barcelona","tag-bmwmotorradmotorsport","tag-ivo-lopes","tag-michael-van-der-mark","tag-rokit-bmw-motorrad-worldsbk","tag-superbike","tag-worldsbk"],"yoast_head":"<!-- This site is optimized with the Yoast SEO plugin v27.4 - https:\/\/yoast.com\/product\/yoast-seo-wordpress\/ -->\n<title>BMW Motorrad Motorsport incorpora a Ivo Lopes en WorldSBK -<\/title>\n<meta name=\"description\" content=\"Ivo Lopes sustituir\u00e1 a Michael van der Mark en BMW Motorrad Motorsport para la cuarta ronda del Campeonato del Mundo FIM de Superbike...\" \/>\n<meta name=\"robots\" content=\"index, follow, max-snippet:-1, max-image-preview:large, max-video-preview:-1\" \/>\n<link rel=\"canonical\" href=\"https:\/\/autofans.com.ar\/index.php\/2023\/05\/09\/bmw-motorrad-motorsport-incorpora-a-ivo-lopes-en-worldsbk\/\" \/>\n<meta property=\"og:locale\" content=\"es_ES\" \/>\n<meta property=\"og:type\" content=\"article\" \/>\n<meta property=\"og:title\" content=\"BMW Motorrad Motorsport incorpora a Ivo Lopes en WorldSBK -\" \/>\n<meta property=\"og:description\" content=\"Ivo Lopes sustituir\u00e1 a Michael van der Mark en BMW Motorrad Motorsport para la cuarta ronda del Campeonato del Mundo FIM de Superbike...\" \/>\n<meta property=\"og:url\" content=\"https:\/\/autofans.com.ar\/index.php\/2023\/05\/09\/bmw-motorrad-motorsport-incorpora-a-ivo-lopes-en-worldsbk\/\" \/>\n<meta property=\"article:published_time\" content=\"2023-05-09T14:48:51+00:00\" \/>\n<meta property=\"article:modified_time\" content=\"2023-05-09T15:13:09+00:00\" \/>\n<meta property=\"og:image\" content=\"https:\/\/autofans.com.ar\/wp-content\/uploads\/2023\/05\/foto-1-12.jpg\" \/>\n\t<meta property=\"og:image:width\" content=\"1000\" \/>\n\t<meta property=\"og:image:height\" content=\"667\" \/>\n\t<meta property=\"og:image:type\" content=\"image\/jpeg\" \/>\n<meta name=\"author\" content=\"Alejandro Gabriel Rosito\" \/>\n<meta name=\"twitter:card\" content=\"summary_large_image\" \/>\n<meta name=\"twitter:label1\" content=\"Escrito por\" \/>\n\t<meta name=\"twitter:data1\" content=\"Alejandro Gabriel Rosito\" \/>\n\t<meta name=\"twitter:label2\" content=\"Tiempo de lectura\" \/>\n\t<meta name=\"twitter:data2\" content=\"3 minutos\" \/>\n<script type=\"application\/ld+json\" class=\"yoast-schema-graph\">{\"@context\":\"https:\\\/\\\/schema.org\",\"@graph\":[{\"@type\":\"Article\",\"@id\":\"https:\\\/\\\/autofans.com.ar\\\/index.php\\\/2023\\\/05\\\/09\\\/bmw-motorrad-motorsport-incorpora-a-ivo-lopes-en-worldsbk\\\/#article\",\"isPartOf\":{\"@id\":\"https:\\\/\\\/autofans.com.ar\\\/index.php\\\/2023\\\/05\\\/09\\\/bmw-motorrad-motorsport-incorpora-a-ivo-lopes-en-worldsbk\\\/\"},\"author\":{\"name\":\"Alejandro Gabriel Rosito\",\"@id\":\"https:\\\/\\\/autofans.com.ar\\\/#\\\/schema\\\/person\\\/4a8dda0b6df83ac3d6723e921274c2aa\"},\"headline\":\"BMW Motorrad Motorsport incorpora a Ivo Lopes en WorldSBK\",\"datePublished\":\"2023-05-09T14:48:51+00:00\",\"dateModified\":\"2023-05-09T15:13:09+00:00\",\"mainEntityOfPage\":{\"@id\":\"https:\\\/\\\/autofans.com.ar\\\/index.php\\\/2023\\\/05\\\/09\\\/bmw-motorrad-motorsport-incorpora-a-ivo-lopes-en-worldsbk\\\/\"},\"wordCount\":397,\"image\":{\"@id\":\"https:\\\/\\\/autofans.com.ar\\\/index.php\\\/2023\\\/05\\\/09\\\/bmw-motorrad-motorsport-incorpora-a-ivo-lopes-en-worldsbk\\\/#primaryimage\"},\"thumbnailUrl\":\"https:\\\/\\\/autofans.com.ar\\\/wp-content\\\/uploads\\\/2023\\\/05\\\/foto-1-12.jpg\",\"keywords\":[\"Barcelona\",\"BMWMotorradMotorsport\",\"Ivo Lopes\",\"Michael van der Mark\",\"RoKiT BMW Motorrad WorldSBK\",\"Superbike\",\"WorldSBK\"],\"articleSection\":[\"DEPORTE MOTOR\",\"NOTICIAS\"],\"inLanguage\":\"es\"},{\"@type\":\"WebPage\",\"@id\":\"https:\\\/\\\/autofans.com.ar\\\/index.php\\\/2023\\\/05\\\/09\\\/bmw-motorrad-motorsport-incorpora-a-ivo-lopes-en-worldsbk\\\/\",\"url\":\"https:\\\/\\\/autofans.com.ar\\\/index.php\\\/2023\\\/05\\\/09\\\/bmw-motorrad-motorsport-incorpora-a-ivo-lopes-en-worldsbk\\\/\",\"name\":\"BMW Motorrad Motorsport incorpora a Ivo Lopes en WorldSBK -\",\"isPartOf\":{\"@id\":\"https:\\\/\\\/autofans.com.ar\\\/#website\"},\"primaryImageOfPage\":{\"@id\":\"https:\\\/\\\/autofans.com.ar\\\/index.php\\\/2023\\\/05\\\/09\\\/bmw-motorrad-motorsport-incorpora-a-ivo-lopes-en-worldsbk\\\/#primaryimage\"},\"image\":{\"@id\":\"https:\\\/\\\/autofans.com.ar\\\/index.php\\\/2023\\\/05\\\/09\\\/bmw-motorrad-motorsport-incorpora-a-ivo-lopes-en-worldsbk\\\/#primaryimage\"},\"thumbnailUrl\":\"https:\\\/\\\/autofans.com.ar\\\/wp-content\\\/uploads\\\/2023\\\/05\\\/foto-1-12.jpg\",\"datePublished\":\"2023-05-09T14:48:51+00:00\",\"dateModified\":\"2023-05-09T15:13:09+00:00\",\"author\":{\"@id\":\"https:\\\/\\\/autofans.com.ar\\\/#\\\/schema\\\/person\\\/4a8dda0b6df83ac3d6723e921274c2aa\"},\"description\":\"Ivo Lopes sustituir\u00e1 a Michael van der Mark en BMW Motorrad Motorsport para la cuarta ronda del Campeonato del Mundo FIM de Superbike...\",\"breadcrumb\":{\"@id\":\"https:\\\/\\\/autofans.com.ar\\\/index.php\\\/2023\\\/05\\\/09\\\/bmw-motorrad-motorsport-incorpora-a-ivo-lopes-en-worldsbk\\\/#breadcrumb\"},\"inLanguage\":\"es\",\"potentialAction\":[{\"@type\":\"ReadAction\",\"target\":[\"https:\\\/\\\/autofans.com.ar\\\/index.php\\\/2023\\\/05\\\/09\\\/bmw-motorrad-motorsport-incorpora-a-ivo-lopes-en-worldsbk\\\/\"]}]},{\"@type\":\"ImageObject\",\"inLanguage\":\"es\",\"@id\":\"https:\\\/\\\/autofans.com.ar\\\/index.php\\\/2023\\\/05\\\/09\\\/bmw-motorrad-motorsport-incorpora-a-ivo-lopes-en-worldsbk\\\/#primaryimage\",\"url\":\"https:\\\/\\\/autofans.com.ar\\\/wp-content\\\/uploads\\\/2023\\\/05\\\/foto-1-12.jpg\",\"contentUrl\":\"https:\\\/\\\/autofans.com.ar\\\/wp-content\\\/uploads\\\/2023\\\/05\\\/foto-1-12.jpg\",\"width\":1000,\"height\":667,\"caption\":\"BMW Motorrad\"},{\"@type\":\"BreadcrumbList\",\"@id\":\"https:\\\/\\\/autofans.com.ar\\\/index.php\\\/2023\\\/05\\\/09\\\/bmw-motorrad-motorsport-incorpora-a-ivo-lopes-en-worldsbk\\\/#breadcrumb\",\"itemListElement\":[{\"@type\":\"ListItem\",\"position\":1,\"name\":\"Inicio\",\"item\":\"https:\\\/\\\/autofans.com.ar\\\/\"},{\"@type\":\"ListItem\",\"position\":2,\"name\":\"BMW Motorrad Motorsport incorpora a Ivo Lopes en WorldSBK\"}]},{\"@type\":\"WebSite\",\"@id\":\"https:\\\/\\\/autofans.com.ar\\\/#website\",\"url\":\"https:\\\/\\\/autofans.com.ar\\\/\",\"name\":\"\",\"description\":\"El multimedio referente de la industria automotriz\",\"potentialAction\":[{\"@type\":\"SearchAction\",\"target\":{\"@type\":\"EntryPoint\",\"urlTemplate\":\"https:\\\/\\\/autofans.com.ar\\\/?s={search_term_string}\"},\"query-input\":{\"@type\":\"PropertyValueSpecification\",\"valueRequired\":true,\"valueName\":\"search_term_string\"}}],\"inLanguage\":\"es\"},{\"@type\":\"Person\",\"@id\":\"https:\\\/\\\/autofans.com.ar\\\/#\\\/schema\\\/person\\\/4a8dda0b6df83ac3d6723e921274c2aa\",\"name\":\"Alejandro Gabriel Rosito\",\"image\":{\"@type\":\"ImageObject\",\"inLanguage\":\"es\",\"@id\":\"https:\\\/\\\/secure.gravatar.com\\\/avatar\\\/16c5dda1489adfc62618084dcbb91cffd879c374b13fe5dd8e44ed6733852c88?s=96&d=mm&r=g\",\"url\":\"https:\\\/\\\/secure.gravatar.com\\\/avatar\\\/16c5dda1489adfc62618084dcbb91cffd879c374b13fe5dd8e44ed6733852c88?s=96&d=mm&r=g\",\"contentUrl\":\"https:\\\/\\\/secure.gravatar.com\\\/avatar\\\/16c5dda1489adfc62618084dcbb91cffd879c374b13fe5dd8e44ed6733852c88?s=96&d=mm&r=g\",\"caption\":\"Alejandro Gabriel Rosito\"},\"url\":\"https:\\\/\\\/autofans.com.ar\\\/index.php\\\/author\\\/gabrielr\\\/\"}]}<\/script>\n<!-- \/ Yoast SEO plugin. -->","yoast_head_json":{"title":"BMW Motorrad Motorsport incorpora a Ivo Lopes en WorldSBK -","description":"Ivo Lopes sustituir\u00e1 a Michael van der Mark en BMW Motorrad Motorsport para la cuarta ronda del Campeonato del Mundo FIM de Superbike...","robots":{"index":"index","follow":"follow","max-snippet":"max-snippet:-1","max-image-preview":"max-image-preview:large","max-video-preview":"max-video-preview:-1"},"canonical":"https:\/\/autofans.com.ar\/index.php\/2023\/05\/09\/bmw-motorrad-motorsport-incorpora-a-ivo-lopes-en-worldsbk\/","og_locale":"es_ES","og_type":"article","og_title":"BMW Motorrad Motorsport incorpora a Ivo Lopes en WorldSBK -","og_description":"Ivo Lopes sustituir\u00e1 a Michael van der Mark en BMW Motorrad Motorsport para la cuarta ronda del Campeonato del Mundo FIM de Superbike...","og_url":"https:\/\/autofans.com.ar\/index.php\/2023\/05\/09\/bmw-motorrad-motorsport-incorpora-a-ivo-lopes-en-worldsbk\/","article_published_time":"2023-05-09T14:48:51+00:00","article_modified_time":"2023-05-09T15:13:09+00:00","og_image":[{"width":1000,"height":667,"url":"https:\/\/autofans.com.ar\/wp-content\/uploads\/2023\/05\/foto-1-12.jpg","type":"image\/jpeg"}],"author":"Alejandro Gabriel Rosito","twitter_card":"summary_large_image","twitter_misc":{"Escrito por":"Alejandro Gabriel Rosito","Tiempo de lectura":"3 minutos"},"schema":{"@context":"https:\/\/schema.org","@graph":[{"@type":"Article","@id":"https:\/\/autofans.com.ar\/index.php\/2023\/05\/09\/bmw-motorrad-motorsport-incorpora-a-ivo-lopes-en-worldsbk\/#article","isPartOf":{"@id":"https:\/\/autofans.com.ar\/index.php\/2023\/05\/09\/bmw-motorrad-motorsport-incorpora-a-ivo-lopes-en-worldsbk\/"},"author":{"name":"Alejandro Gabriel Rosito","@id":"https:\/\/autofans.com.ar\/#\/schema\/person\/4a8dda0b6df83ac3d6723e921274c2aa"},"headline":"BMW Motorrad Motorsport incorpora a Ivo Lopes en WorldSBK","datePublished":"2023-05-09T14:48:51+00:00","dateModified":"2023-05-09T15:13:09+00:00","mainEntityOfPage":{"@id":"https:\/\/autofans.com.ar\/index.php\/2023\/05\/09\/bmw-motorrad-motorsport-incorpora-a-ivo-lopes-en-worldsbk\/"},"wordCount":397,"image":{"@id":"https:\/\/autofans.com.ar\/index.php\/2023\/05\/09\/bmw-motorrad-motorsport-incorpora-a-ivo-lopes-en-worldsbk\/#primaryimage"},"thumbnailUrl":"https:\/\/autofans.com.ar\/wp-content\/uploads\/2023\/05\/foto-1-12.jpg","keywords":["Barcelona","BMWMotorradMotorsport","Ivo Lopes","Michael van der Mark","RoKiT BMW Motorrad WorldSBK","Superbike","WorldSBK"],"articleSection":["DEPORTE MOTOR","NOTICIAS"],"inLanguage":"es"},{"@type":"WebPage","@id":"https:\/\/autofans.com.ar\/index.php\/2023\/05\/09\/bmw-motorrad-motorsport-incorpora-a-ivo-lopes-en-worldsbk\/","url":"https:\/\/autofans.com.ar\/index.php\/2023\/05\/09\/bmw-motorrad-motorsport-incorpora-a-ivo-lopes-en-worldsbk\/","name":"BMW Motorrad Motorsport incorpora a Ivo Lopes en WorldSBK -","isPartOf":{"@id":"https:\/\/autofans.com.ar\/#website"},"primaryImageOfPage":{"@id":"https:\/\/autofans.com.ar\/index.php\/2023\/05\/09\/bmw-motorrad-motorsport-incorpora-a-ivo-lopes-en-worldsbk\/#primaryimage"},"image":{"@id":"https:\/\/autofans.com.ar\/index.php\/2023\/05\/09\/bmw-motorrad-motorsport-incorpora-a-ivo-lopes-en-worldsbk\/#primaryimage"},"thumbnailUrl":"https:\/\/autofans.com.ar\/wp-content\/uploads\/2023\/05\/foto-1-12.jpg","datePublished":"2023-05-09T14:48:51+00:00","dateModified":"2023-05-09T15:13:09+00:00","author":{"@id":"https:\/\/autofans.com.ar\/#\/schema\/person\/4a8dda0b6df83ac3d6723e921274c2aa"},"description":"Ivo Lopes sustituir\u00e1 a Michael van der Mark en BMW Motorrad Motorsport para la cuarta ronda del Campeonato del Mundo FIM de Superbike...","breadcrumb":{"@id":"https:\/\/autofans.com.ar\/index.php\/2023\/05\/09\/bmw-motorrad-motorsport-incorpora-a-ivo-lopes-en-worldsbk\/#breadcrumb"},"inLanguage":"es","potentialAction":[{"@type":"ReadAction","target":["https:\/\/autofans.com.ar\/index.php\/2023\/05\/09\/bmw-motorrad-motorsport-incorpora-a-ivo-lopes-en-worldsbk\/"]}]},{"@type":"ImageObject","inLanguage":"es","@id":"https:\/\/autofans.com.ar\/index.php\/2023\/05\/09\/bmw-motorrad-motorsport-incorpora-a-ivo-lopes-en-worldsbk\/#primaryimage","url":"https:\/\/autofans.com.ar\/wp-content\/uploads\/2023\/05\/foto-1-12.jpg","contentUrl":"https:\/\/autofans.com.ar\/wp-content\/uploads\/2023\/05\/foto-1-12.jpg","width":1000,"height":667,"caption":"BMW Motorrad"},{"@type":"BreadcrumbList","@id":"https:\/\/autofans.com.ar\/index.php\/2023\/05\/09\/bmw-motorrad-motorsport-incorpora-a-ivo-lopes-en-worldsbk\/#breadcrumb","itemListElement":[{"@type":"ListItem","position":1,"name":"Inicio","item":"https:\/\/autofans.com.ar\/"},{"@type":"ListItem","position":2,"name":"BMW Motorrad Motorsport incorpora a Ivo Lopes en WorldSBK"}]},{"@type":"WebSite","@id":"https:\/\/autofans.com.ar\/#website","url":"https:\/\/autofans.com.ar\/","name":"","description":"El multimedio referente de la industria automotriz","potentialAction":[{"@type":"SearchAction","target":{"@type":"EntryPoint","urlTemplate":"https:\/\/autofans.com.ar\/?s={search_term_string}"},"query-input":{"@type":"PropertyValueSpecification","valueRequired":true,"valueName":"search_term_string"}}],"inLanguage":"es"},{"@type":"Person","@id":"https:\/\/autofans.com.ar\/#\/schema\/person\/4a8dda0b6df83ac3d6723e921274c2aa","name":"Alejandro Gabriel Rosito","image":{"@type":"ImageObject","inLanguage":"es","@id":"https:\/\/secure.gravatar.com\/avatar\/16c5dda1489adfc62618084dcbb91cffd879c374b13fe5dd8e44ed6733852c88?s=96&d=mm&r=g","url":"https:\/\/secure.gravatar.com\/avatar\/16c5dda1489adfc62618084dcbb91cffd879c374b13fe5dd8e44ed6733852c88?s=96&d=mm&r=g","contentUrl":"https:\/\/secure.gravatar.com\/avatar\/16c5dda1489adfc62618084dcbb91cffd879c374b13fe5dd8e44ed6733852c88?s=96&d=mm&r=g","caption":"Alejandro Gabriel Rosito"},"url":"https:\/\/autofans.com.ar\/index.php\/author\/gabrielr\/"}]}},"featured_image_urls":{"full":["https:\/\/autofans.com.ar\/wp-content\/uploads\/2023\/05\/foto-1-12.jpg",1000,667,false],"thumbnail":["https:\/\/autofans.com.ar\/wp-content\/uploads\/2023\/05\/foto-1-12-150x150.jpg",150,150,true],"medium":["https:\/\/autofans.com.ar\/wp-content\/uploads\/2023\/05\/foto-1-12-300x200.jpg",300,200,true],"medium_large":["https:\/\/autofans.com.ar\/wp-content\/uploads\/2023\/05\/foto-1-12-768x512.jpg",640,427,true],"large":["https:\/\/autofans.com.ar\/wp-content\/uploads\/2023\/05\/foto-1-12.jpg",640,427,false],"1536x1536":["https:\/\/autofans.com.ar\/wp-content\/uploads\/2023\/05\/foto-1-12.jpg",1000,667,false],"2048x2048":["https:\/\/autofans.com.ar\/wp-content\/uploads\/2023\/05\/foto-1-12.jpg",1000,667,false],"covernews-featured":["https:\/\/autofans.com.ar\/wp-content\/uploads\/2023\/05\/foto-1-12.jpg",1000,667,false],"covernews-medium":["https:\/\/autofans.com.ar\/wp-content\/uploads\/2023\/05\/foto-1-12-540x340.jpg",540,340,true]},"author_info":{"display_name":"Alejandro Gabriel Rosito","author_link":"https:\/\/autofans.com.ar\/index.php\/author\/gabrielr\/"},"category_info":"<a href=\"https:\/\/autofans.com.ar\/index.php\/category\/noticias\/deporte\/\" rel=\"category tag\">DEPORTE MOTOR<\/a> <a href=\"https:\/\/autofans.com.ar\/index.php\/category\/noticias\/\" rel=\"category tag\">NOTICIAS<\/a>","tag_info":"NOTICIAS","comment_count":0,"_links":{"self":[{"href":"https:\/\/autofans.com.ar\/index.php\/wp-json\/wp\/v2\/posts\/2352","targetHints":{"allow":["GET"]}}],"collection":[{"href":"https:\/\/autofans.com.ar\/index.php\/wp-json\/wp\/v2\/posts"}],"about":[{"href":"https:\/\/autofans.com.ar\/index.php\/wp-json\/wp\/v2\/types\/post"}],"author":[{"embeddable":true,"href":"https:\/\/autofans.com.ar\/index.php\/wp-json\/wp\/v2\/users\/2"}],"replies":[{"embeddable":true,"href":"https:\/\/autofans.com.ar\/index.php\/wp-json\/wp\/v2\/comments?post=2352"}],"version-history":[{"count":3,"href":"https:\/\/autofans.com.ar\/index.php\/wp-json\/wp\/v2\/posts\/2352\/revisions"}],"predecessor-version":[{"id":2361,"href":"https:\/\/autofans.com.ar\/index.php\/wp-json\/wp\/v2\/posts\/2352\/revisions\/2361"}],"wp:featuredmedia":[{"embeddable":true,"href":"https:\/\/autofans.com.ar\/index.php\/wp-json\/wp\/v2\/media\/2357"}],"wp:attachment":[{"href":"https:\/\/autofans.com.ar\/index.php\/wp-json\/wp\/v2\/media?parent=2352"}],"wp:term":[{"taxonomy":"category","embeddable":true,"href":"https:\/\/autofans.com.ar\/index.php\/wp-json\/wp\/v2\/categories?post=2352"},{"taxonomy":"post_tag","embeddable":true,"href":"https:\/\/autofans.com.ar\/index.php\/wp-json\/wp\/v2\/tags?post=2352"}],"curies":[{"name":"wp","href":"https:\/\/api.w.org\/{rel}","templated":true}]}}