{"id":2397,"date":"2023-05-10T13:49:24","date_gmt":"2023-05-10T16:49:24","guid":{"rendered":"https:\/\/autofans.com.ar\/?p=2397"},"modified":"2023-05-10T13:49:24","modified_gmt":"2023-05-10T16:49:24","slug":"equipo-nissan-formula-e-se-prepara-para-el-e-prix-de-monaco","status":"publish","type":"post","link":"https:\/\/autofans.com.ar\/index.php\/2023\/05\/10\/equipo-nissan-formula-e-se-prepara-para-el-e-prix-de-monaco\/","title":{"rendered":"Equipo Nissan F\u00f3rmula E se prepara para el E-Prix de M\u00f3naco"},"content":{"rendered":"<p>El equipo Nissan F\u00f3rmula E se prepara para disputar el E-Prix de M\u00f3naco este fin de semana. El que el Campeonato Mundial de F\u00f3rmula E ABB FIA entra en su segunda mitad. La clasificaci\u00f3n y el E-Prix se llevar\u00e1n a cabo el pr\u00f3ximo s\u00e1bado en el circuito de Montecarlo.<\/p>\n<p>&nbsp;<\/p>\n<p><img fetchpriority=\"high\" decoding=\"async\" class=\"aligncenter wp-image-2402 size-full\" src=\"https:\/\/autofans.com.ar\/wp-content\/uploads\/2023\/05\/foto-4-9.jpg\" alt=\"formula e\" width=\"1000\" height=\"667\" srcset=\"https:\/\/autofans.com.ar\/wp-content\/uploads\/2023\/05\/foto-4-9.jpg 1000w, https:\/\/autofans.com.ar\/wp-content\/uploads\/2023\/05\/foto-4-9-300x200.jpg 300w, https:\/\/autofans.com.ar\/wp-content\/uploads\/2023\/05\/foto-4-9-768x512.jpg 768w\" sizes=\"(max-width: 1000px) 100vw, 1000px\" \/><\/p>\n<p>Norman Nato y <a href=\"https:\/\/autofans.com.ar\/index.php\/2023\/03\/09\/sacha-fenestraz-el-piloto-de-nissan-en-la-formula-e\/\" target=\"_blank\" rel=\"noopener\">Sacha Fenestraz<\/a>, quienes han tenido \u00e9xitos previos en distintas categor\u00edas de monoplazas en M\u00f3naco, buscar\u00e1n recuperarse despu\u00e9s de un dif\u00edcil fin de semana en Berl\u00edn. La gesti\u00f3n de la energ\u00eda ser\u00e1 el principal tema de conversaci\u00f3n del fin de semana. debido a los constantes cambios de elevaci\u00f3n del circuito. La F\u00f3rmula E corri\u00f3 por primera vez en M\u00f3naco en la temporada 1 y se ha disputado en diferentes dise\u00f1os<a href=\"https:\/\/www.nissan.com.ar\" target=\"_blank\" rel=\"noopener\">. Nissan<\/a> hizo su debut en las carreras totalmente el\u00e9ctricas en la quinta temporada y en abril de 2022 adquiri\u00f3 el equipo de carreras e.dams, consolidando su compromiso con la serie.<\/p>\n<p>&nbsp;<\/p>\n<div id='gallery-1' class='gallery galleryid-2397 gallery-columns-2 gallery-size-full'><figure class='gallery-item'>\n\t\t\t<div class='gallery-icon landscape'>\n\t\t\t\t<a href='https:\/\/autofans.com.ar\/index.php\/2023\/05\/10\/equipo-nissan-formula-e-se-prepara-para-el-e-prix-de-monaco\/foto-1-88\/'><img loading=\"lazy\" width=\"1000\" height=\"667\" src=\"https:\/\/autofans.com.ar\/wp-content\/uploads\/2023\/05\/foto-1-15.jpg\" class=\"attachment-full size-full\" alt=\"formula e\" srcset=\"https:\/\/autofans.com.ar\/wp-content\/uploads\/2023\/05\/foto-1-15.jpg 1000w, https:\/\/autofans.com.ar\/wp-content\/uploads\/2023\/05\/foto-1-15-300x200.jpg 300w, https:\/\/autofans.com.ar\/wp-content\/uploads\/2023\/05\/foto-1-15-768x512.jpg 768w\" sizes=\"auto, (max-width: 1000px) 100vw, 1000px\" loading=\"lazy\" decoding=\"async\" \/><\/a>\n\t\t\t<\/div><\/figure><figure class='gallery-item'>\n\t\t\t<div class='gallery-icon landscape'>\n\t\t\t\t<a href='https:\/\/autofans.com.ar\/index.php\/2023\/05\/10\/equipo-nissan-formula-e-se-prepara-para-el-e-prix-de-monaco\/foto-2-86\/'><img loading=\"lazy\" width=\"1000\" height=\"667\" src=\"https:\/\/autofans.com.ar\/wp-content\/uploads\/2023\/05\/foto-2-16.jpg\" class=\"attachment-full size-full\" alt=\"formula e\" srcset=\"https:\/\/autofans.com.ar\/wp-content\/uploads\/2023\/05\/foto-2-16.jpg 1000w, https:\/\/autofans.com.ar\/wp-content\/uploads\/2023\/05\/foto-2-16-300x200.jpg 300w, https:\/\/autofans.com.ar\/wp-content\/uploads\/2023\/05\/foto-2-16-768x512.jpg 768w\" sizes=\"auto, (max-width: 1000px) 100vw, 1000px\" loading=\"lazy\" decoding=\"async\" \/><\/a>\n\t\t\t<\/div><\/figure>\n\t\t<\/div>\n\n<p>La F\u00f3rmula E es uno de los eventos m\u00e1s emocionantes del mundo del automovilismo, y este fin de semana se llevar\u00e1 a cabo en el ic\u00f3nico circuito de Montecarlo. Mientras que en M\u00f3naco, el equipo se enfrentar\u00e1 a desaf\u00edos \u00fanicos debido a los constantes cambios de elevaci\u00f3n del circuito. La F\u00f3rmula E ha tenido diferentes dise\u00f1os en M\u00f3naco desde su debut en la temporada 1. Este a\u00f1o la serie utilizar\u00e1 un dise\u00f1o de 3.337 kil\u00f3metros reconocible al instante. \u00a1No te pierdas la emoci\u00f3n de la F\u00f3rmula E en M\u00f3naco este fin de semana!<\/p>\n<p>&nbsp;<\/p>\n<h3>Acerca de Nissan en la F\u00f3rmula E<\/h3>\n<p>Nissan hizo su debut en las carreras totalmente el\u00e9ctricas en la quinta temporada (2018\/19) del Campeonato Mundial de F\u00f3rmula E de la ABB FIA, convirti\u00e9ndose en el primer y \u00fanico fabricante japon\u00e9s en entrar en la serie.<\/p>\n<p>En la Temporada 7 (2020\/21), Nissan anunci\u00f3 su participaci\u00f3n a largo plazo en la F\u00f3rmula E y su compromiso con la era Gen3. Esta se extender\u00e1 desde la Temporada 9 (2022\/23) y hasta el final de la Temporada 12 (2025\/26) de la serie de carreras totalmente el\u00e9ctricas.<\/p>\n<p>En abril de 2022, Nissan adquiri\u00f3 el equipo de carreras e.dams, con lo que el fabricante de autom\u00f3viles japon\u00e9s asumi\u00f3 la plena propiedad de su participaci\u00f3n en el Campeonato Mundial de F\u00f3rmula E de la ABB FIA. En junio de 2022, Nissan anunci\u00f3 que suministrar\u00eda su tecnolog\u00eda de tren motriz Nissan EV a McLaren Racing durante toda la era de la F\u00f3rmula E Gen3.<\/p>\n<p>Para la novena temporada del Campeonato Mundial de F\u00f3rmula E de la ABB FIA, los pilotos de Nissan F\u00f3rmula E son Norman Nato y Sacha Fenestraz.<\/p>\n<p>El equipo seguir\u00e1 vinculando su presencia en el campeonato totalmente el\u00e9ctrico a los veh\u00edculos el\u00e9ctricos de carretera de Nissan. Asimismo Nissan Ariya #23 lleva el nombre del SUV crossover el\u00e9ctrico del fabricante japon\u00e9s. La Nissan LEAF #22, el nombre del conocido EV de la marca, lanzado por primera vez en 2010.<\/p>\n<p>&nbsp;<\/p>\n<p><i>Para enterarte de m\u00e1s novedades, no dejes de leer\u00a0<\/i><a href=\"https:\/\/autofans.thebrandsoup.com\/\"><i>nuestras notas<\/i><\/a><i>, de ver<\/i><b><i>\u00a0<\/i><\/b><a href=\"https:\/\/www.youtube.com\/channel\/UCgAC8UGHZYbT6P7PpmVnP7g\"><b><i>AUTOFANS TV<\/i><\/b><\/a><b><i>\u00a0<\/i><\/b><i>en nuestro\u00a0canal de Youtube. Adem\u00e1s seguinos en\u00a0<\/i><a href=\"https:\/\/www.instagram.com\/autofanstv\/\"><i>INSTAGRAM<\/i><\/a><i> y <\/i><a href=\"https:\/\/www.facebook.com\/autofansmas\/\"><i>FACEBOOK<\/i><\/a><i> para no perderte nada sobre las novedades del segmento automotor de Argentina y el mundo. <\/i><\/p>\n","protected":false},"excerpt":{"rendered":"<p>El equipo Nissan F\u00f3rmula E se prepara para disputar el E-Prix de M\u00f3naco este fin&#8230;<\/p>\n","protected":false},"author":2,"featured_media":2398,"comment_status":"closed","ping_status":"closed","sticky":false,"template":"","format":"standard","meta":{"footnotes":""},"categories":[127,16],"tags":[185,1120,1122,858,1121,267,1119,268],"class_list":["post-2397","post","type-post","status-publish","format-standard","has-post-thumbnail","hentry","category-deporte","category-noticias","tag-automovilismo","tag-carreras","tag-circuito","tag-energia","tag-equipo","tag-formula-e","tag-monaco","tag-nissan"],"yoast_head":"<!-- This site is optimized with the Yoast SEO plugin v27.5 - https:\/\/yoast.com\/product\/yoast-seo-wordpress\/ -->\n<title>Equipo Nissan F\u00f3rmula E se prepara para el E-Prix de M\u00f3naco -<\/title>\n<meta name=\"description\" content=\"Nissan F\u00f3rmula E se prepara para disputar el E-Prix de M\u00f3naco este fin de semana, con el que el Campeonato Mundial de F\u00f3rmula E ABB FIA...\" \/>\n<meta name=\"robots\" content=\"index, follow, max-snippet:-1, max-image-preview:large, max-video-preview:-1\" \/>\n<link rel=\"canonical\" href=\"https:\/\/autofans.com.ar\/index.php\/2023\/05\/10\/equipo-nissan-formula-e-se-prepara-para-el-e-prix-de-monaco\/\" \/>\n<meta property=\"og:locale\" content=\"es_ES\" \/>\n<meta property=\"og:type\" content=\"article\" \/>\n<meta property=\"og:title\" content=\"Equipo Nissan F\u00f3rmula E se prepara para el E-Prix de M\u00f3naco -\" \/>\n<meta property=\"og:description\" content=\"Nissan F\u00f3rmula E se prepara para disputar el E-Prix de M\u00f3naco este fin de semana, con el que el Campeonato Mundial de F\u00f3rmula E ABB FIA...\" \/>\n<meta property=\"og:url\" content=\"https:\/\/autofans.com.ar\/index.php\/2023\/05\/10\/equipo-nissan-formula-e-se-prepara-para-el-e-prix-de-monaco\/\" \/>\n<meta property=\"article:published_time\" content=\"2023-05-10T16:49:24+00:00\" \/>\n<meta property=\"og:image\" content=\"https:\/\/autofans.com.ar\/wp-content\/uploads\/2023\/05\/foto-5-9.jpg\" \/>\n\t<meta property=\"og:image:width\" content=\"1000\" \/>\n\t<meta property=\"og:image:height\" content=\"667\" \/>\n\t<meta property=\"og:image:type\" content=\"image\/jpeg\" \/>\n<meta name=\"author\" content=\"Alejandro Gabriel Rosito\" \/>\n<meta name=\"twitter:card\" content=\"summary_large_image\" \/>\n<meta name=\"twitter:label1\" content=\"Escrito por\" \/>\n\t<meta name=\"twitter:data1\" content=\"Alejandro Gabriel Rosito\" \/>\n\t<meta name=\"twitter:label2\" content=\"Tiempo de lectura\" \/>\n\t<meta name=\"twitter:data2\" content=\"3 minutos\" \/>\n<script type=\"application\/ld+json\" class=\"yoast-schema-graph\">{\"@context\":\"https:\\\/\\\/schema.org\",\"@graph\":[{\"@type\":\"Article\",\"@id\":\"https:\\\/\\\/autofans.com.ar\\\/index.php\\\/2023\\\/05\\\/10\\\/equipo-nissan-formula-e-se-prepara-para-el-e-prix-de-monaco\\\/#article\",\"isPartOf\":{\"@id\":\"https:\\\/\\\/autofans.com.ar\\\/index.php\\\/2023\\\/05\\\/10\\\/equipo-nissan-formula-e-se-prepara-para-el-e-prix-de-monaco\\\/\"},\"author\":{\"name\":\"Alejandro Gabriel Rosito\",\"@id\":\"https:\\\/\\\/autofans.com.ar\\\/#\\\/schema\\\/person\\\/4a8dda0b6df83ac3d6723e921274c2aa\"},\"headline\":\"Equipo Nissan F\u00f3rmula E se prepara para el E-Prix de M\u00f3naco\",\"datePublished\":\"2023-05-10T16:49:24+00:00\",\"mainEntityOfPage\":{\"@id\":\"https:\\\/\\\/autofans.com.ar\\\/index.php\\\/2023\\\/05\\\/10\\\/equipo-nissan-formula-e-se-prepara-para-el-e-prix-de-monaco\\\/\"},\"wordCount\":585,\"image\":{\"@id\":\"https:\\\/\\\/autofans.com.ar\\\/index.php\\\/2023\\\/05\\\/10\\\/equipo-nissan-formula-e-se-prepara-para-el-e-prix-de-monaco\\\/#primaryimage\"},\"thumbnailUrl\":\"https:\\\/\\\/autofans.com.ar\\\/wp-content\\\/uploads\\\/2023\\\/05\\\/foto-5-9.jpg\",\"keywords\":[\"#automovilismo\",\"carreras\",\"circuito\",\"energ\u00eda\",\"equipo\",\"F\u00f3rmula E\",\"M\u00f3naco\",\"Nissan\"],\"articleSection\":[\"DEPORTE MOTOR\",\"NOTICIAS\"],\"inLanguage\":\"es\"},{\"@type\":\"WebPage\",\"@id\":\"https:\\\/\\\/autofans.com.ar\\\/index.php\\\/2023\\\/05\\\/10\\\/equipo-nissan-formula-e-se-prepara-para-el-e-prix-de-monaco\\\/\",\"url\":\"https:\\\/\\\/autofans.com.ar\\\/index.php\\\/2023\\\/05\\\/10\\\/equipo-nissan-formula-e-se-prepara-para-el-e-prix-de-monaco\\\/\",\"name\":\"Equipo Nissan F\u00f3rmula E se prepara para el E-Prix de M\u00f3naco -\",\"isPartOf\":{\"@id\":\"https:\\\/\\\/autofans.com.ar\\\/#website\"},\"primaryImageOfPage\":{\"@id\":\"https:\\\/\\\/autofans.com.ar\\\/index.php\\\/2023\\\/05\\\/10\\\/equipo-nissan-formula-e-se-prepara-para-el-e-prix-de-monaco\\\/#primaryimage\"},\"image\":{\"@id\":\"https:\\\/\\\/autofans.com.ar\\\/index.php\\\/2023\\\/05\\\/10\\\/equipo-nissan-formula-e-se-prepara-para-el-e-prix-de-monaco\\\/#primaryimage\"},\"thumbnailUrl\":\"https:\\\/\\\/autofans.com.ar\\\/wp-content\\\/uploads\\\/2023\\\/05\\\/foto-5-9.jpg\",\"datePublished\":\"2023-05-10T16:49:24+00:00\",\"author\":{\"@id\":\"https:\\\/\\\/autofans.com.ar\\\/#\\\/schema\\\/person\\\/4a8dda0b6df83ac3d6723e921274c2aa\"},\"description\":\"Nissan F\u00f3rmula E se prepara para disputar el E-Prix de M\u00f3naco este fin de semana, con el que el Campeonato Mundial de F\u00f3rmula E ABB FIA...\",\"breadcrumb\":{\"@id\":\"https:\\\/\\\/autofans.com.ar\\\/index.php\\\/2023\\\/05\\\/10\\\/equipo-nissan-formula-e-se-prepara-para-el-e-prix-de-monaco\\\/#breadcrumb\"},\"inLanguage\":\"es\",\"potentialAction\":[{\"@type\":\"ReadAction\",\"target\":[\"https:\\\/\\\/autofans.com.ar\\\/index.php\\\/2023\\\/05\\\/10\\\/equipo-nissan-formula-e-se-prepara-para-el-e-prix-de-monaco\\\/\"]}]},{\"@type\":\"ImageObject\",\"inLanguage\":\"es\",\"@id\":\"https:\\\/\\\/autofans.com.ar\\\/index.php\\\/2023\\\/05\\\/10\\\/equipo-nissan-formula-e-se-prepara-para-el-e-prix-de-monaco\\\/#primaryimage\",\"url\":\"https:\\\/\\\/autofans.com.ar\\\/wp-content\\\/uploads\\\/2023\\\/05\\\/foto-5-9.jpg\",\"contentUrl\":\"https:\\\/\\\/autofans.com.ar\\\/wp-content\\\/uploads\\\/2023\\\/05\\\/foto-5-9.jpg\",\"width\":1000,\"height\":667,\"caption\":\"formula e\"},{\"@type\":\"BreadcrumbList\",\"@id\":\"https:\\\/\\\/autofans.com.ar\\\/index.php\\\/2023\\\/05\\\/10\\\/equipo-nissan-formula-e-se-prepara-para-el-e-prix-de-monaco\\\/#breadcrumb\",\"itemListElement\":[{\"@type\":\"ListItem\",\"position\":1,\"name\":\"Inicio\",\"item\":\"https:\\\/\\\/autofans.com.ar\\\/\"},{\"@type\":\"ListItem\",\"position\":2,\"name\":\"Equipo Nissan F\u00f3rmula E se prepara para el E-Prix de M\u00f3naco\"}]},{\"@type\":\"WebSite\",\"@id\":\"https:\\\/\\\/autofans.com.ar\\\/#website\",\"url\":\"https:\\\/\\\/autofans.com.ar\\\/\",\"name\":\"\",\"description\":\"El multimedio referente de la industria automotriz\",\"potentialAction\":[{\"@type\":\"SearchAction\",\"target\":{\"@type\":\"EntryPoint\",\"urlTemplate\":\"https:\\\/\\\/autofans.com.ar\\\/?s={search_term_string}\"},\"query-input\":{\"@type\":\"PropertyValueSpecification\",\"valueRequired\":true,\"valueName\":\"search_term_string\"}}],\"inLanguage\":\"es\"},{\"@type\":\"Person\",\"@id\":\"https:\\\/\\\/autofans.com.ar\\\/#\\\/schema\\\/person\\\/4a8dda0b6df83ac3d6723e921274c2aa\",\"name\":\"Alejandro Gabriel Rosito\",\"image\":{\"@type\":\"ImageObject\",\"inLanguage\":\"es\",\"@id\":\"https:\\\/\\\/secure.gravatar.com\\\/avatar\\\/16c5dda1489adfc62618084dcbb91cffd879c374b13fe5dd8e44ed6733852c88?s=96&d=mm&r=g\",\"url\":\"https:\\\/\\\/secure.gravatar.com\\\/avatar\\\/16c5dda1489adfc62618084dcbb91cffd879c374b13fe5dd8e44ed6733852c88?s=96&d=mm&r=g\",\"contentUrl\":\"https:\\\/\\\/secure.gravatar.com\\\/avatar\\\/16c5dda1489adfc62618084dcbb91cffd879c374b13fe5dd8e44ed6733852c88?s=96&d=mm&r=g\",\"caption\":\"Alejandro Gabriel Rosito\"},\"url\":\"https:\\\/\\\/autofans.com.ar\\\/index.php\\\/author\\\/gabrielr\\\/\"}]}<\/script>\n<!-- \/ Yoast SEO plugin. -->","yoast_head_json":{"title":"Equipo Nissan F\u00f3rmula E se prepara para el E-Prix de M\u00f3naco -","description":"Nissan F\u00f3rmula E se prepara para disputar el E-Prix de M\u00f3naco este fin de semana, con el que el Campeonato Mundial de F\u00f3rmula E ABB FIA...","robots":{"index":"index","follow":"follow","max-snippet":"max-snippet:-1","max-image-preview":"max-image-preview:large","max-video-preview":"max-video-preview:-1"},"canonical":"https:\/\/autofans.com.ar\/index.php\/2023\/05\/10\/equipo-nissan-formula-e-se-prepara-para-el-e-prix-de-monaco\/","og_locale":"es_ES","og_type":"article","og_title":"Equipo Nissan F\u00f3rmula E se prepara para el E-Prix de M\u00f3naco -","og_description":"Nissan F\u00f3rmula E se prepara para disputar el E-Prix de M\u00f3naco este fin de semana, con el que el Campeonato Mundial de F\u00f3rmula E ABB FIA...","og_url":"https:\/\/autofans.com.ar\/index.php\/2023\/05\/10\/equipo-nissan-formula-e-se-prepara-para-el-e-prix-de-monaco\/","article_published_time":"2023-05-10T16:49:24+00:00","og_image":[{"width":1000,"height":667,"url":"https:\/\/autofans.com.ar\/wp-content\/uploads\/2023\/05\/foto-5-9.jpg","type":"image\/jpeg"}],"author":"Alejandro Gabriel Rosito","twitter_card":"summary_large_image","twitter_misc":{"Escrito por":"Alejandro Gabriel Rosito","Tiempo de lectura":"3 minutos"},"schema":{"@context":"https:\/\/schema.org","@graph":[{"@type":"Article","@id":"https:\/\/autofans.com.ar\/index.php\/2023\/05\/10\/equipo-nissan-formula-e-se-prepara-para-el-e-prix-de-monaco\/#article","isPartOf":{"@id":"https:\/\/autofans.com.ar\/index.php\/2023\/05\/10\/equipo-nissan-formula-e-se-prepara-para-el-e-prix-de-monaco\/"},"author":{"name":"Alejandro Gabriel Rosito","@id":"https:\/\/autofans.com.ar\/#\/schema\/person\/4a8dda0b6df83ac3d6723e921274c2aa"},"headline":"Equipo Nissan F\u00f3rmula E se prepara para el E-Prix de M\u00f3naco","datePublished":"2023-05-10T16:49:24+00:00","mainEntityOfPage":{"@id":"https:\/\/autofans.com.ar\/index.php\/2023\/05\/10\/equipo-nissan-formula-e-se-prepara-para-el-e-prix-de-monaco\/"},"wordCount":585,"image":{"@id":"https:\/\/autofans.com.ar\/index.php\/2023\/05\/10\/equipo-nissan-formula-e-se-prepara-para-el-e-prix-de-monaco\/#primaryimage"},"thumbnailUrl":"https:\/\/autofans.com.ar\/wp-content\/uploads\/2023\/05\/foto-5-9.jpg","keywords":["#automovilismo","carreras","circuito","energ\u00eda","equipo","F\u00f3rmula E","M\u00f3naco","Nissan"],"articleSection":["DEPORTE MOTOR","NOTICIAS"],"inLanguage":"es"},{"@type":"WebPage","@id":"https:\/\/autofans.com.ar\/index.php\/2023\/05\/10\/equipo-nissan-formula-e-se-prepara-para-el-e-prix-de-monaco\/","url":"https:\/\/autofans.com.ar\/index.php\/2023\/05\/10\/equipo-nissan-formula-e-se-prepara-para-el-e-prix-de-monaco\/","name":"Equipo Nissan F\u00f3rmula E se prepara para el E-Prix de M\u00f3naco -","isPartOf":{"@id":"https:\/\/autofans.com.ar\/#website"},"primaryImageOfPage":{"@id":"https:\/\/autofans.com.ar\/index.php\/2023\/05\/10\/equipo-nissan-formula-e-se-prepara-para-el-e-prix-de-monaco\/#primaryimage"},"image":{"@id":"https:\/\/autofans.com.ar\/index.php\/2023\/05\/10\/equipo-nissan-formula-e-se-prepara-para-el-e-prix-de-monaco\/#primaryimage"},"thumbnailUrl":"https:\/\/autofans.com.ar\/wp-content\/uploads\/2023\/05\/foto-5-9.jpg","datePublished":"2023-05-10T16:49:24+00:00","author":{"@id":"https:\/\/autofans.com.ar\/#\/schema\/person\/4a8dda0b6df83ac3d6723e921274c2aa"},"description":"Nissan F\u00f3rmula E se prepara para disputar el E-Prix de M\u00f3naco este fin de semana, con el que el Campeonato Mundial de F\u00f3rmula E ABB FIA...","breadcrumb":{"@id":"https:\/\/autofans.com.ar\/index.php\/2023\/05\/10\/equipo-nissan-formula-e-se-prepara-para-el-e-prix-de-monaco\/#breadcrumb"},"inLanguage":"es","potentialAction":[{"@type":"ReadAction","target":["https:\/\/autofans.com.ar\/index.php\/2023\/05\/10\/equipo-nissan-formula-e-se-prepara-para-el-e-prix-de-monaco\/"]}]},{"@type":"ImageObject","inLanguage":"es","@id":"https:\/\/autofans.com.ar\/index.php\/2023\/05\/10\/equipo-nissan-formula-e-se-prepara-para-el-e-prix-de-monaco\/#primaryimage","url":"https:\/\/autofans.com.ar\/wp-content\/uploads\/2023\/05\/foto-5-9.jpg","contentUrl":"https:\/\/autofans.com.ar\/wp-content\/uploads\/2023\/05\/foto-5-9.jpg","width":1000,"height":667,"caption":"formula e"},{"@type":"BreadcrumbList","@id":"https:\/\/autofans.com.ar\/index.php\/2023\/05\/10\/equipo-nissan-formula-e-se-prepara-para-el-e-prix-de-monaco\/#breadcrumb","itemListElement":[{"@type":"ListItem","position":1,"name":"Inicio","item":"https:\/\/autofans.com.ar\/"},{"@type":"ListItem","position":2,"name":"Equipo Nissan F\u00f3rmula E se prepara para el E-Prix de M\u00f3naco"}]},{"@type":"WebSite","@id":"https:\/\/autofans.com.ar\/#website","url":"https:\/\/autofans.com.ar\/","name":"","description":"El multimedio referente de la industria automotriz","potentialAction":[{"@type":"SearchAction","target":{"@type":"EntryPoint","urlTemplate":"https:\/\/autofans.com.ar\/?s={search_term_string}"},"query-input":{"@type":"PropertyValueSpecification","valueRequired":true,"valueName":"search_term_string"}}],"inLanguage":"es"},{"@type":"Person","@id":"https:\/\/autofans.com.ar\/#\/schema\/person\/4a8dda0b6df83ac3d6723e921274c2aa","name":"Alejandro Gabriel Rosito","image":{"@type":"ImageObject","inLanguage":"es","@id":"https:\/\/secure.gravatar.com\/avatar\/16c5dda1489adfc62618084dcbb91cffd879c374b13fe5dd8e44ed6733852c88?s=96&d=mm&r=g","url":"https:\/\/secure.gravatar.com\/avatar\/16c5dda1489adfc62618084dcbb91cffd879c374b13fe5dd8e44ed6733852c88?s=96&d=mm&r=g","contentUrl":"https:\/\/secure.gravatar.com\/avatar\/16c5dda1489adfc62618084dcbb91cffd879c374b13fe5dd8e44ed6733852c88?s=96&d=mm&r=g","caption":"Alejandro Gabriel Rosito"},"url":"https:\/\/autofans.com.ar\/index.php\/author\/gabrielr\/"}]}},"featured_image_urls":{"full":["https:\/\/autofans.com.ar\/wp-content\/uploads\/2023\/05\/foto-5-9.jpg",1000,667,false],"thumbnail":["https:\/\/autofans.com.ar\/wp-content\/uploads\/2023\/05\/foto-5-9-150x150.jpg",150,150,true],"medium":["https:\/\/autofans.com.ar\/wp-content\/uploads\/2023\/05\/foto-5-9-300x200.jpg",300,200,true],"medium_large":["https:\/\/autofans.com.ar\/wp-content\/uploads\/2023\/05\/foto-5-9-768x512.jpg",640,427,true],"large":["https:\/\/autofans.com.ar\/wp-content\/uploads\/2023\/05\/foto-5-9.jpg",640,427,false],"1536x1536":["https:\/\/autofans.com.ar\/wp-content\/uploads\/2023\/05\/foto-5-9.jpg",1000,667,false],"2048x2048":["https:\/\/autofans.com.ar\/wp-content\/uploads\/2023\/05\/foto-5-9.jpg",1000,667,false],"covernews-featured":["https:\/\/autofans.com.ar\/wp-content\/uploads\/2023\/05\/foto-5-9.jpg",1000,667,false],"covernews-medium":["https:\/\/autofans.com.ar\/wp-content\/uploads\/2023\/05\/foto-5-9-540x340.jpg",540,340,true]},"author_info":{"display_name":"Alejandro Gabriel Rosito","author_link":"https:\/\/autofans.com.ar\/index.php\/author\/gabrielr\/"},"category_info":"<a href=\"https:\/\/autofans.com.ar\/index.php\/category\/noticias\/deporte\/\" rel=\"category tag\">DEPORTE MOTOR<\/a> <a href=\"https:\/\/autofans.com.ar\/index.php\/category\/noticias\/\" rel=\"category tag\">NOTICIAS<\/a>","tag_info":"NOTICIAS","comment_count":0,"_links":{"self":[{"href":"https:\/\/autofans.com.ar\/index.php\/wp-json\/wp\/v2\/posts\/2397","targetHints":{"allow":["GET"]}}],"collection":[{"href":"https:\/\/autofans.com.ar\/index.php\/wp-json\/wp\/v2\/posts"}],"about":[{"href":"https:\/\/autofans.com.ar\/index.php\/wp-json\/wp\/v2\/types\/post"}],"author":[{"embeddable":true,"href":"https:\/\/autofans.com.ar\/index.php\/wp-json\/wp\/v2\/users\/2"}],"replies":[{"embeddable":true,"href":"https:\/\/autofans.com.ar\/index.php\/wp-json\/wp\/v2\/comments?post=2397"}],"version-history":[{"count":7,"href":"https:\/\/autofans.com.ar\/index.php\/wp-json\/wp\/v2\/posts\/2397\/revisions"}],"predecessor-version":[{"id":2411,"href":"https:\/\/autofans.com.ar\/index.php\/wp-json\/wp\/v2\/posts\/2397\/revisions\/2411"}],"wp:featuredmedia":[{"embeddable":true,"href":"https:\/\/autofans.com.ar\/index.php\/wp-json\/wp\/v2\/media\/2398"}],"wp:attachment":[{"href":"https:\/\/autofans.com.ar\/index.php\/wp-json\/wp\/v2\/media?parent=2397"}],"wp:term":[{"taxonomy":"category","embeddable":true,"href":"https:\/\/autofans.com.ar\/index.php\/wp-json\/wp\/v2\/categories?post=2397"},{"taxonomy":"post_tag","embeddable":true,"href":"https:\/\/autofans.com.ar\/index.php\/wp-json\/wp\/v2\/tags?post=2397"}],"curies":[{"name":"wp","href":"https:\/\/api.w.org\/{rel}","templated":true}]}}