{"id":2427,"date":"2023-05-11T12:04:50","date_gmt":"2023-05-11T15:04:50","guid":{"rendered":"https:\/\/autofans.com.ar\/?p=2427"},"modified":"2023-05-11T12:04:50","modified_gmt":"2023-05-11T15:04:50","slug":"regreso-del-desafio-ruta-40-como-parte-del-w2rc","status":"publish","type":"post","link":"https:\/\/autofans.com.ar\/index.php\/2023\/05\/11\/regreso-del-desafio-ruta-40-como-parte-del-w2rc\/","title":{"rendered":"Regreso del Desaf\u00edo Ruta 40 como parte del W2RC"},"content":{"rendered":"<p>El Desaf\u00edo Ruta 40 se disputar\u00e1 del 26 de agosto al 1 de septiembre en La Rioja, Bel\u00e9n (Catamarca) y Salta, en lo que marcar\u00e1 el regreso de esta prestigiosa competencia al escenario deportivo mundial como parte del Campeonato del Mundo de Rally-Raid (W2RC).<\/p>\n<p>Naturalmente, el Desaf\u00edo Ruta 40 ser\u00e1 una gran oportunidad para los competidores de esta disciplina de volver a competir en terrenos desafiantes que supieron ser parte de la historia del Rally Dakar cuando el mismo se corr\u00eda en el continente sudamericano.<\/p>\n<p><img fetchpriority=\"high\" decoding=\"async\" class=\"aligncenter wp-image-2433 size-full\" src=\"https:\/\/autofans.com.ar\/wp-content\/uploads\/2023\/05\/foto-2-19.jpg\" alt=\"W2RC\" width=\"1000\" height=\"667\" srcset=\"https:\/\/autofans.com.ar\/wp-content\/uploads\/2023\/05\/foto-2-19.jpg 1000w, https:\/\/autofans.com.ar\/wp-content\/uploads\/2023\/05\/foto-2-19-300x200.jpg 300w, https:\/\/autofans.com.ar\/wp-content\/uploads\/2023\/05\/foto-2-19-768x512.jpg 768w\" sizes=\"(max-width: 1000px) 100vw, 1000px\" \/><\/p>\n<p>Esta vez, el DR40 tambi\u00e9n representar\u00e1 un gran atractivo para una nueva generaci\u00f3n de pilotos que sue\u00f1a con competir en el Rally Dakar. La competencia ser\u00e1 parte del programa Road to Dakar, tanto para motos como para la categor\u00eda T4.<\/p>\n<p>Este interesante programa le da la oportunidad a los pilotos que compitan en el Desaf\u00edo Ruta 40 la posibilidad de ganarse una inscripci\u00f3n gratuita para el Dakar. Para ello, los aspirantes deber\u00e1n reunir los siguientes requisitos:<\/p>\n<p>&nbsp;<\/p>\n<ul>\n<li>No haber participado nunca en el Dakar en ninguna categor\u00eda.<\/li>\n<li>No haber clasificado nunca entre los 10 primeros de un campeonato de la FIM en cualquier disciplina y en cualquier categor\u00eda de edad.<\/li>\n<li>Nunca haber formado parte de la lista Elite \/ Prioritaria de la FIA y ASO (Moto, coches\/SSV o cami\u00f3n).<\/li>\n<li>Nunca haber sido ganadores del Road to Dakar Challenge en el pasado.<\/li>\n<li>No formar parte de un equipo oficial.<\/li>\n<\/ul>\n<div><\/div>\n<div><\/div>\n<div><center><\/p>\n<blockquote class=\"wp-embedded-content\" data-secret=\"TKADRXtSXz\"><p><a href=\"https:\/\/desafioruta40.ar\/inscripciones\/\">Inscripciones Desaf\u00edo Ruta 40<\/a><\/p><\/blockquote>\n<p><iframe class=\"wp-embedded-content\" sandbox=\"allow-scripts\" security=\"restricted\" style=\"position: absolute; clip: rect(1px, 1px, 1px, 1px);\" title=\"\u00abInscripciones Desaf\u00edo Ruta 40\u00bb \u2014 Desaf\u00edo Ruta 40\" src=\"https:\/\/desafioruta40.ar\/inscripciones\/embed\/#?secret=Qt36izCJ2w#?secret=TKADRXtSXz\" data-secret=\"TKADRXtSXz\" width=\"600\" height=\"338\" frameborder=\"0\" marginwidth=\"0\" marginheight=\"0\" scrolling=\"no\"><\/iframe><\/p>\n<blockquote class=\"wp-embedded-content\" data-secret=\"wTLkTcyCTA\"><p><a href=\"https:\/\/desafioruta40.ar\/recorrido\/\">Recorrido<\/a><\/p><\/blockquote>\n<p><iframe class=\"wp-embedded-content\" sandbox=\"allow-scripts\" security=\"restricted\" style=\"position: absolute; clip: rect(1px, 1px, 1px, 1px);\" title=\"\u00abRecorrido\u00bb \u2014 Desaf\u00edo Ruta 40\" src=\"https:\/\/desafioruta40.ar\/recorrido\/embed\/#?secret=SpTZfWUa6x#?secret=wTLkTcyCTA\" data-secret=\"wTLkTcyCTA\" width=\"600\" height=\"338\" frameborder=\"0\" marginwidth=\"0\" marginheight=\"0\" scrolling=\"no\"><\/iframe><\/p>\n<blockquote class=\"wp-embedded-content\" data-secret=\"Ge9ejaMoey\"><p><a href=\"https:\/\/desafioruta40.ar\/documentos\/\">Documentos deportivos<\/a><\/p><\/blockquote>\n<p><iframe class=\"wp-embedded-content\" sandbox=\"allow-scripts\" security=\"restricted\" style=\"position: absolute; clip: rect(1px, 1px, 1px, 1px);\" title=\"\u00abDocumentos deportivos\u00bb \u2014 Desaf\u00edo Ruta 40\" src=\"https:\/\/desafioruta40.ar\/documentos\/embed\/#?secret=3JYHDuXg5a#?secret=Ge9ejaMoey\" data-secret=\"Ge9ejaMoey\" width=\"600\" height=\"338\" frameborder=\"0\" marginwidth=\"0\" marginheight=\"0\" scrolling=\"no\"><\/iframe><\/p>\n<blockquote class=\"wp-embedded-content\" data-secret=\"XmIMPxqROo\"><p><a href=\"https:\/\/desafioruta40.ar\/historia\/\">Historia del Desaf\u00edo Ruta 40<\/a><\/p><\/blockquote>\n<p><iframe class=\"wp-embedded-content\" sandbox=\"allow-scripts\" security=\"restricted\" style=\"position: absolute; clip: rect(1px, 1px, 1px, 1px);\" title=\"\u00abHistoria del Desaf\u00edo Ruta 40\u00bb \u2014 Desaf\u00edo Ruta 40\" src=\"https:\/\/desafioruta40.ar\/historia\/embed\/#?secret=g293uP1HUN#?secret=XmIMPxqROo\" data-secret=\"XmIMPxqROo\" width=\"600\" height=\"338\" frameborder=\"0\" marginwidth=\"0\" marginheight=\"0\" scrolling=\"no\"><\/iframe><\/p>\n<p>&nbsp;<\/p>\n<p><\/center><\/div>\n<div><\/div>\n<p><img decoding=\"async\" class=\"aligncenter wp-image-2432 size-medium\" src=\"https:\/\/autofans.com.ar\/wp-content\/uploads\/2023\/05\/foto-3-14-300x63.jpg\" alt=\"W2RC\" width=\"300\" height=\"63\" srcset=\"https:\/\/autofans.com.ar\/wp-content\/uploads\/2023\/05\/foto-3-14-300x63.jpg 300w, https:\/\/autofans.com.ar\/wp-content\/uploads\/2023\/05\/foto-3-14-768x162.jpg 768w, https:\/\/autofans.com.ar\/wp-content\/uploads\/2023\/05\/foto-3-14.jpg 1000w\" sizes=\"(max-width: 300px) 100vw, 300px\" \/><\/p>\n<p>&nbsp;<\/p>\n<p><i>Para enterarte de m\u00e1s novedades, no dejes de leer\u00a0<\/i><a href=\"https:\/\/autofans.thebrandsoup.com\/\"><i>nuestras notas<\/i><\/a><i>, de ver<\/i><b><i>\u00a0<\/i><\/b><a href=\"https:\/\/www.youtube.com\/channel\/UCgAC8UGHZYbT6P7PpmVnP7g\"><b><i>AUTOFANS TV<\/i><\/b><\/a><b><i>\u00a0<\/i><\/b><i>en nuestro\u00a0canal de Youtube. Adem\u00e1s seguinos en\u00a0<\/i><a href=\"https:\/\/www.instagram.com\/autofanstv\/\"><i>INSTAGRAM<\/i><\/a><i> y <\/i><a href=\"https:\/\/www.facebook.com\/autofansmas\/\"><i>FACEBOOK<\/i><\/a><i> para no perderte nada sobre las novedades del segmento automotor de Argentina y el mundo. <\/i><\/p>\n","protected":false},"excerpt":{"rendered":"<p>El Desaf\u00edo Ruta 40 se disputar\u00e1 del 26 de agosto al 1 de septiembre en&#8230;<\/p>\n","protected":false},"author":2,"featured_media":2434,"comment_status":"closed","ping_status":"closed","sticky":false,"template":"","format":"standard","meta":{"footnotes":""},"categories":[127,16],"tags":[1140,1143,1141,1139,1144,1142],"class_list":["post-2427","post","type-post","status-publish","format-standard","has-post-thumbnail","hentry","category-deporte","category-noticias","tag-campeonato-mundial-de-rally-raid","tag-competencia-de-rally-raid","tag-dakar","tag-desafio-ruta-40","tag-pilotos-de-rally-raid","tag-road-to-dakar-challenge"],"yoast_head":"<!-- This site is optimized with the Yoast SEO plugin v27.5 - https:\/\/yoast.com\/product\/yoast-seo-wordpress\/ -->\n<title>Regreso del Desaf\u00edo Ruta 40 como parte del W2RC -<\/title>\n<meta name=\"description\" content=\"El Desaf\u00edo Ruta 40 se disputar\u00e1 del 26 de agosto al 1 de septiembre como parte del Campeonato del Mundo de Rally-Raid (W2RC)...\" \/>\n<meta name=\"robots\" content=\"index, follow, max-snippet:-1, max-image-preview:large, max-video-preview:-1\" \/>\n<link rel=\"canonical\" href=\"https:\/\/autofans.com.ar\/index.php\/2023\/05\/11\/regreso-del-desafio-ruta-40-como-parte-del-w2rc\/\" \/>\n<meta property=\"og:locale\" content=\"es_ES\" \/>\n<meta property=\"og:type\" content=\"article\" \/>\n<meta property=\"og:title\" content=\"Regreso del Desaf\u00edo Ruta 40 como parte del W2RC -\" \/>\n<meta property=\"og:description\" content=\"El Desaf\u00edo Ruta 40 se disputar\u00e1 del 26 de agosto al 1 de septiembre como parte del Campeonato del Mundo de Rally-Raid (W2RC)...\" \/>\n<meta property=\"og:url\" content=\"https:\/\/autofans.com.ar\/index.php\/2023\/05\/11\/regreso-del-desafio-ruta-40-como-parte-del-w2rc\/\" \/>\n<meta property=\"article:published_time\" content=\"2023-05-11T15:04:50+00:00\" \/>\n<meta property=\"og:image\" content=\"https:\/\/autofans.com.ar\/wp-content\/uploads\/2023\/05\/foto-1-18.jpg\" \/>\n\t<meta property=\"og:image:width\" content=\"1000\" \/>\n\t<meta property=\"og:image:height\" content=\"667\" \/>\n\t<meta property=\"og:image:type\" content=\"image\/jpeg\" \/>\n<meta name=\"author\" content=\"Alejandro Gabriel Rosito\" \/>\n<meta name=\"twitter:card\" content=\"summary_large_image\" \/>\n<meta name=\"twitter:label1\" content=\"Escrito por\" \/>\n\t<meta name=\"twitter:data1\" content=\"Alejandro Gabriel Rosito\" \/>\n\t<meta name=\"twitter:label2\" content=\"Tiempo de lectura\" \/>\n\t<meta name=\"twitter:data2\" content=\"2 minutos\" \/>\n<script type=\"application\/ld+json\" class=\"yoast-schema-graph\">{\"@context\":\"https:\\\/\\\/schema.org\",\"@graph\":[{\"@type\":\"Article\",\"@id\":\"https:\\\/\\\/autofans.com.ar\\\/index.php\\\/2023\\\/05\\\/11\\\/regreso-del-desafio-ruta-40-como-parte-del-w2rc\\\/#article\",\"isPartOf\":{\"@id\":\"https:\\\/\\\/autofans.com.ar\\\/index.php\\\/2023\\\/05\\\/11\\\/regreso-del-desafio-ruta-40-como-parte-del-w2rc\\\/\"},\"author\":{\"name\":\"Alejandro Gabriel Rosito\",\"@id\":\"https:\\\/\\\/autofans.com.ar\\\/#\\\/schema\\\/person\\\/4a8dda0b6df83ac3d6723e921274c2aa\"},\"headline\":\"Regreso del Desaf\u00edo Ruta 40 como parte del W2RC\",\"datePublished\":\"2023-05-11T15:04:50+00:00\",\"mainEntityOfPage\":{\"@id\":\"https:\\\/\\\/autofans.com.ar\\\/index.php\\\/2023\\\/05\\\/11\\\/regreso-del-desafio-ruta-40-como-parte-del-w2rc\\\/\"},\"wordCount\":321,\"image\":{\"@id\":\"https:\\\/\\\/autofans.com.ar\\\/index.php\\\/2023\\\/05\\\/11\\\/regreso-del-desafio-ruta-40-como-parte-del-w2rc\\\/#primaryimage\"},\"thumbnailUrl\":\"https:\\\/\\\/autofans.com.ar\\\/wp-content\\\/uploads\\\/2023\\\/05\\\/foto-1-18.jpg\",\"keywords\":[\"Campeonato Mundial de Rally-Raid\",\"competencia de rally-raid\",\"Dakar\",\"Desaf\u00edo Ruta 40\",\"pilotos de rally-raid\",\"Road to Dakar Challenge\"],\"articleSection\":[\"DEPORTE MOTOR\",\"NOTICIAS\"],\"inLanguage\":\"es\"},{\"@type\":\"WebPage\",\"@id\":\"https:\\\/\\\/autofans.com.ar\\\/index.php\\\/2023\\\/05\\\/11\\\/regreso-del-desafio-ruta-40-como-parte-del-w2rc\\\/\",\"url\":\"https:\\\/\\\/autofans.com.ar\\\/index.php\\\/2023\\\/05\\\/11\\\/regreso-del-desafio-ruta-40-como-parte-del-w2rc\\\/\",\"name\":\"Regreso del Desaf\u00edo Ruta 40 como parte del W2RC -\",\"isPartOf\":{\"@id\":\"https:\\\/\\\/autofans.com.ar\\\/#website\"},\"primaryImageOfPage\":{\"@id\":\"https:\\\/\\\/autofans.com.ar\\\/index.php\\\/2023\\\/05\\\/11\\\/regreso-del-desafio-ruta-40-como-parte-del-w2rc\\\/#primaryimage\"},\"image\":{\"@id\":\"https:\\\/\\\/autofans.com.ar\\\/index.php\\\/2023\\\/05\\\/11\\\/regreso-del-desafio-ruta-40-como-parte-del-w2rc\\\/#primaryimage\"},\"thumbnailUrl\":\"https:\\\/\\\/autofans.com.ar\\\/wp-content\\\/uploads\\\/2023\\\/05\\\/foto-1-18.jpg\",\"datePublished\":\"2023-05-11T15:04:50+00:00\",\"author\":{\"@id\":\"https:\\\/\\\/autofans.com.ar\\\/#\\\/schema\\\/person\\\/4a8dda0b6df83ac3d6723e921274c2aa\"},\"description\":\"El Desaf\u00edo Ruta 40 se disputar\u00e1 del 26 de agosto al 1 de septiembre como parte del Campeonato del Mundo de Rally-Raid (W2RC)...\",\"breadcrumb\":{\"@id\":\"https:\\\/\\\/autofans.com.ar\\\/index.php\\\/2023\\\/05\\\/11\\\/regreso-del-desafio-ruta-40-como-parte-del-w2rc\\\/#breadcrumb\"},\"inLanguage\":\"es\",\"potentialAction\":[{\"@type\":\"ReadAction\",\"target\":[\"https:\\\/\\\/autofans.com.ar\\\/index.php\\\/2023\\\/05\\\/11\\\/regreso-del-desafio-ruta-40-como-parte-del-w2rc\\\/\"]}]},{\"@type\":\"ImageObject\",\"inLanguage\":\"es\",\"@id\":\"https:\\\/\\\/autofans.com.ar\\\/index.php\\\/2023\\\/05\\\/11\\\/regreso-del-desafio-ruta-40-como-parte-del-w2rc\\\/#primaryimage\",\"url\":\"https:\\\/\\\/autofans.com.ar\\\/wp-content\\\/uploads\\\/2023\\\/05\\\/foto-1-18.jpg\",\"contentUrl\":\"https:\\\/\\\/autofans.com.ar\\\/wp-content\\\/uploads\\\/2023\\\/05\\\/foto-1-18.jpg\",\"width\":1000,\"height\":667,\"caption\":\"Desaf\u00edo Ruta 40 YPF\"},{\"@type\":\"BreadcrumbList\",\"@id\":\"https:\\\/\\\/autofans.com.ar\\\/index.php\\\/2023\\\/05\\\/11\\\/regreso-del-desafio-ruta-40-como-parte-del-w2rc\\\/#breadcrumb\",\"itemListElement\":[{\"@type\":\"ListItem\",\"position\":1,\"name\":\"Inicio\",\"item\":\"https:\\\/\\\/autofans.com.ar\\\/\"},{\"@type\":\"ListItem\",\"position\":2,\"name\":\"Regreso del Desaf\u00edo Ruta 40 como parte del W2RC\"}]},{\"@type\":\"WebSite\",\"@id\":\"https:\\\/\\\/autofans.com.ar\\\/#website\",\"url\":\"https:\\\/\\\/autofans.com.ar\\\/\",\"name\":\"\",\"description\":\"El multimedio referente de la industria automotriz\",\"potentialAction\":[{\"@type\":\"SearchAction\",\"target\":{\"@type\":\"EntryPoint\",\"urlTemplate\":\"https:\\\/\\\/autofans.com.ar\\\/?s={search_term_string}\"},\"query-input\":{\"@type\":\"PropertyValueSpecification\",\"valueRequired\":true,\"valueName\":\"search_term_string\"}}],\"inLanguage\":\"es\"},{\"@type\":\"Person\",\"@id\":\"https:\\\/\\\/autofans.com.ar\\\/#\\\/schema\\\/person\\\/4a8dda0b6df83ac3d6723e921274c2aa\",\"name\":\"Alejandro Gabriel Rosito\",\"image\":{\"@type\":\"ImageObject\",\"inLanguage\":\"es\",\"@id\":\"https:\\\/\\\/secure.gravatar.com\\\/avatar\\\/16c5dda1489adfc62618084dcbb91cffd879c374b13fe5dd8e44ed6733852c88?s=96&d=mm&r=g\",\"url\":\"https:\\\/\\\/secure.gravatar.com\\\/avatar\\\/16c5dda1489adfc62618084dcbb91cffd879c374b13fe5dd8e44ed6733852c88?s=96&d=mm&r=g\",\"contentUrl\":\"https:\\\/\\\/secure.gravatar.com\\\/avatar\\\/16c5dda1489adfc62618084dcbb91cffd879c374b13fe5dd8e44ed6733852c88?s=96&d=mm&r=g\",\"caption\":\"Alejandro Gabriel Rosito\"},\"url\":\"https:\\\/\\\/autofans.com.ar\\\/index.php\\\/author\\\/gabrielr\\\/\"}]}<\/script>\n<!-- \/ Yoast SEO plugin. -->","yoast_head_json":{"title":"Regreso del Desaf\u00edo Ruta 40 como parte del W2RC -","description":"El Desaf\u00edo Ruta 40 se disputar\u00e1 del 26 de agosto al 1 de septiembre como parte del Campeonato del Mundo de Rally-Raid (W2RC)...","robots":{"index":"index","follow":"follow","max-snippet":"max-snippet:-1","max-image-preview":"max-image-preview:large","max-video-preview":"max-video-preview:-1"},"canonical":"https:\/\/autofans.com.ar\/index.php\/2023\/05\/11\/regreso-del-desafio-ruta-40-como-parte-del-w2rc\/","og_locale":"es_ES","og_type":"article","og_title":"Regreso del Desaf\u00edo Ruta 40 como parte del W2RC -","og_description":"El Desaf\u00edo Ruta 40 se disputar\u00e1 del 26 de agosto al 1 de septiembre como parte del Campeonato del Mundo de Rally-Raid (W2RC)...","og_url":"https:\/\/autofans.com.ar\/index.php\/2023\/05\/11\/regreso-del-desafio-ruta-40-como-parte-del-w2rc\/","article_published_time":"2023-05-11T15:04:50+00:00","og_image":[{"width":1000,"height":667,"url":"https:\/\/autofans.com.ar\/wp-content\/uploads\/2023\/05\/foto-1-18.jpg","type":"image\/jpeg"}],"author":"Alejandro Gabriel Rosito","twitter_card":"summary_large_image","twitter_misc":{"Escrito por":"Alejandro Gabriel Rosito","Tiempo de lectura":"2 minutos"},"schema":{"@context":"https:\/\/schema.org","@graph":[{"@type":"Article","@id":"https:\/\/autofans.com.ar\/index.php\/2023\/05\/11\/regreso-del-desafio-ruta-40-como-parte-del-w2rc\/#article","isPartOf":{"@id":"https:\/\/autofans.com.ar\/index.php\/2023\/05\/11\/regreso-del-desafio-ruta-40-como-parte-del-w2rc\/"},"author":{"name":"Alejandro Gabriel Rosito","@id":"https:\/\/autofans.com.ar\/#\/schema\/person\/4a8dda0b6df83ac3d6723e921274c2aa"},"headline":"Regreso del Desaf\u00edo Ruta 40 como parte del W2RC","datePublished":"2023-05-11T15:04:50+00:00","mainEntityOfPage":{"@id":"https:\/\/autofans.com.ar\/index.php\/2023\/05\/11\/regreso-del-desafio-ruta-40-como-parte-del-w2rc\/"},"wordCount":321,"image":{"@id":"https:\/\/autofans.com.ar\/index.php\/2023\/05\/11\/regreso-del-desafio-ruta-40-como-parte-del-w2rc\/#primaryimage"},"thumbnailUrl":"https:\/\/autofans.com.ar\/wp-content\/uploads\/2023\/05\/foto-1-18.jpg","keywords":["Campeonato Mundial de Rally-Raid","competencia de rally-raid","Dakar","Desaf\u00edo Ruta 40","pilotos de rally-raid","Road to Dakar Challenge"],"articleSection":["DEPORTE MOTOR","NOTICIAS"],"inLanguage":"es"},{"@type":"WebPage","@id":"https:\/\/autofans.com.ar\/index.php\/2023\/05\/11\/regreso-del-desafio-ruta-40-como-parte-del-w2rc\/","url":"https:\/\/autofans.com.ar\/index.php\/2023\/05\/11\/regreso-del-desafio-ruta-40-como-parte-del-w2rc\/","name":"Regreso del Desaf\u00edo Ruta 40 como parte del W2RC -","isPartOf":{"@id":"https:\/\/autofans.com.ar\/#website"},"primaryImageOfPage":{"@id":"https:\/\/autofans.com.ar\/index.php\/2023\/05\/11\/regreso-del-desafio-ruta-40-como-parte-del-w2rc\/#primaryimage"},"image":{"@id":"https:\/\/autofans.com.ar\/index.php\/2023\/05\/11\/regreso-del-desafio-ruta-40-como-parte-del-w2rc\/#primaryimage"},"thumbnailUrl":"https:\/\/autofans.com.ar\/wp-content\/uploads\/2023\/05\/foto-1-18.jpg","datePublished":"2023-05-11T15:04:50+00:00","author":{"@id":"https:\/\/autofans.com.ar\/#\/schema\/person\/4a8dda0b6df83ac3d6723e921274c2aa"},"description":"El Desaf\u00edo Ruta 40 se disputar\u00e1 del 26 de agosto al 1 de septiembre como parte del Campeonato del Mundo de Rally-Raid (W2RC)...","breadcrumb":{"@id":"https:\/\/autofans.com.ar\/index.php\/2023\/05\/11\/regreso-del-desafio-ruta-40-como-parte-del-w2rc\/#breadcrumb"},"inLanguage":"es","potentialAction":[{"@type":"ReadAction","target":["https:\/\/autofans.com.ar\/index.php\/2023\/05\/11\/regreso-del-desafio-ruta-40-como-parte-del-w2rc\/"]}]},{"@type":"ImageObject","inLanguage":"es","@id":"https:\/\/autofans.com.ar\/index.php\/2023\/05\/11\/regreso-del-desafio-ruta-40-como-parte-del-w2rc\/#primaryimage","url":"https:\/\/autofans.com.ar\/wp-content\/uploads\/2023\/05\/foto-1-18.jpg","contentUrl":"https:\/\/autofans.com.ar\/wp-content\/uploads\/2023\/05\/foto-1-18.jpg","width":1000,"height":667,"caption":"Desaf\u00edo Ruta 40 YPF"},{"@type":"BreadcrumbList","@id":"https:\/\/autofans.com.ar\/index.php\/2023\/05\/11\/regreso-del-desafio-ruta-40-como-parte-del-w2rc\/#breadcrumb","itemListElement":[{"@type":"ListItem","position":1,"name":"Inicio","item":"https:\/\/autofans.com.ar\/"},{"@type":"ListItem","position":2,"name":"Regreso del Desaf\u00edo Ruta 40 como parte del W2RC"}]},{"@type":"WebSite","@id":"https:\/\/autofans.com.ar\/#website","url":"https:\/\/autofans.com.ar\/","name":"","description":"El multimedio referente de la industria automotriz","potentialAction":[{"@type":"SearchAction","target":{"@type":"EntryPoint","urlTemplate":"https:\/\/autofans.com.ar\/?s={search_term_string}"},"query-input":{"@type":"PropertyValueSpecification","valueRequired":true,"valueName":"search_term_string"}}],"inLanguage":"es"},{"@type":"Person","@id":"https:\/\/autofans.com.ar\/#\/schema\/person\/4a8dda0b6df83ac3d6723e921274c2aa","name":"Alejandro Gabriel Rosito","image":{"@type":"ImageObject","inLanguage":"es","@id":"https:\/\/secure.gravatar.com\/avatar\/16c5dda1489adfc62618084dcbb91cffd879c374b13fe5dd8e44ed6733852c88?s=96&d=mm&r=g","url":"https:\/\/secure.gravatar.com\/avatar\/16c5dda1489adfc62618084dcbb91cffd879c374b13fe5dd8e44ed6733852c88?s=96&d=mm&r=g","contentUrl":"https:\/\/secure.gravatar.com\/avatar\/16c5dda1489adfc62618084dcbb91cffd879c374b13fe5dd8e44ed6733852c88?s=96&d=mm&r=g","caption":"Alejandro Gabriel Rosito"},"url":"https:\/\/autofans.com.ar\/index.php\/author\/gabrielr\/"}]}},"featured_image_urls":{"full":["https:\/\/autofans.com.ar\/wp-content\/uploads\/2023\/05\/foto-1-18.jpg",1000,667,false],"thumbnail":["https:\/\/autofans.com.ar\/wp-content\/uploads\/2023\/05\/foto-1-18-150x150.jpg",150,150,true],"medium":["https:\/\/autofans.com.ar\/wp-content\/uploads\/2023\/05\/foto-1-18-300x200.jpg",300,200,true],"medium_large":["https:\/\/autofans.com.ar\/wp-content\/uploads\/2023\/05\/foto-1-18-768x512.jpg",640,427,true],"large":["https:\/\/autofans.com.ar\/wp-content\/uploads\/2023\/05\/foto-1-18.jpg",640,427,false],"1536x1536":["https:\/\/autofans.com.ar\/wp-content\/uploads\/2023\/05\/foto-1-18.jpg",1000,667,false],"2048x2048":["https:\/\/autofans.com.ar\/wp-content\/uploads\/2023\/05\/foto-1-18.jpg",1000,667,false],"covernews-featured":["https:\/\/autofans.com.ar\/wp-content\/uploads\/2023\/05\/foto-1-18.jpg",1000,667,false],"covernews-medium":["https:\/\/autofans.com.ar\/wp-content\/uploads\/2023\/05\/foto-1-18-540x340.jpg",540,340,true]},"author_info":{"display_name":"Alejandro Gabriel Rosito","author_link":"https:\/\/autofans.com.ar\/index.php\/author\/gabrielr\/"},"category_info":"<a href=\"https:\/\/autofans.com.ar\/index.php\/category\/noticias\/deporte\/\" rel=\"category tag\">DEPORTE MOTOR<\/a> <a href=\"https:\/\/autofans.com.ar\/index.php\/category\/noticias\/\" rel=\"category tag\">NOTICIAS<\/a>","tag_info":"NOTICIAS","comment_count":0,"_links":{"self":[{"href":"https:\/\/autofans.com.ar\/index.php\/wp-json\/wp\/v2\/posts\/2427","targetHints":{"allow":["GET"]}}],"collection":[{"href":"https:\/\/autofans.com.ar\/index.php\/wp-json\/wp\/v2\/posts"}],"about":[{"href":"https:\/\/autofans.com.ar\/index.php\/wp-json\/wp\/v2\/types\/post"}],"author":[{"embeddable":true,"href":"https:\/\/autofans.com.ar\/index.php\/wp-json\/wp\/v2\/users\/2"}],"replies":[{"embeddable":true,"href":"https:\/\/autofans.com.ar\/index.php\/wp-json\/wp\/v2\/comments?post=2427"}],"version-history":[{"count":13,"href":"https:\/\/autofans.com.ar\/index.php\/wp-json\/wp\/v2\/posts\/2427\/revisions"}],"predecessor-version":[{"id":2455,"href":"https:\/\/autofans.com.ar\/index.php\/wp-json\/wp\/v2\/posts\/2427\/revisions\/2455"}],"wp:featuredmedia":[{"embeddable":true,"href":"https:\/\/autofans.com.ar\/index.php\/wp-json\/wp\/v2\/media\/2434"}],"wp:attachment":[{"href":"https:\/\/autofans.com.ar\/index.php\/wp-json\/wp\/v2\/media?parent=2427"}],"wp:term":[{"taxonomy":"category","embeddable":true,"href":"https:\/\/autofans.com.ar\/index.php\/wp-json\/wp\/v2\/categories?post=2427"},{"taxonomy":"post_tag","embeddable":true,"href":"https:\/\/autofans.com.ar\/index.php\/wp-json\/wp\/v2\/tags?post=2427"}],"curies":[{"name":"wp","href":"https:\/\/api.w.org\/{rel}","templated":true}]}}