{"id":245,"date":"2023-02-22T14:37:46","date_gmt":"2023-02-22T14:37:46","guid":{"rendered":"https:\/\/autofans.thebrandsoup.com\/?p=245"},"modified":"2023-03-02T18:06:05","modified_gmt":"2023-03-02T18:06:05","slug":"honda-argentina-e-ypf-amplian-su-alianza-estrategica","status":"publish","type":"post","link":"https:\/\/autofans.com.ar\/index.php\/2023\/02\/22\/honda-argentina-e-ypf-amplian-su-alianza-estrategica\/","title":{"rendered":"Honda Argentina e YPF ampl\u00edan su alianza estrat\u00e9gica"},"content":{"rendered":"<p>Honda Motor de Argentina y YPF han anunciado la ampliaci\u00f3n de su alianza estrat\u00e9gica, que hasta ahora se centraba en soluciones de movilidad para la divisi\u00f3n de motocicletas y energ\u00edas renovables. Ahora, la colaboraci\u00f3n se extender\u00e1 a las unidades de negocios de autom\u00f3viles y motores fuera de borda, as\u00ed como a la competici\u00f3n deportiva.<\/p>\n<figure id=\"attachment_247\" aria-describedby=\"caption-attachment-247\" style=\"width: 1706px\" class=\"wp-caption aligncenter\"><img fetchpriority=\"high\" decoding=\"async\" class=\"wp-image-247 size-full\" src=\"https:\/\/autofans.thebrandsoup.com\/wp-content\/uploads\/2023\/02\/Hoda_YPF_02-scaled.jpg\" alt=\"Honda Argentina e YPF alianza\" width=\"1706\" height=\"2560\" srcset=\"https:\/\/autofans.com.ar\/wp-content\/uploads\/2023\/02\/Hoda_YPF_02-scaled.jpg 1706w, https:\/\/autofans.com.ar\/wp-content\/uploads\/2023\/02\/Hoda_YPF_02-200x300.jpg 200w, https:\/\/autofans.com.ar\/wp-content\/uploads\/2023\/02\/Hoda_YPF_02-683x1024.jpg 683w, https:\/\/autofans.com.ar\/wp-content\/uploads\/2023\/02\/Hoda_YPF_02-768x1152.jpg 768w, https:\/\/autofans.com.ar\/wp-content\/uploads\/2023\/02\/Hoda_YPF_02-1024x1536.jpg 1024w, https:\/\/autofans.com.ar\/wp-content\/uploads\/2023\/02\/Hoda_YPF_02-1365x2048.jpg 1365w\" sizes=\"(max-width: 1706px) 100vw, 1706px\" \/><figcaption id=\"caption-attachment-247\" class=\"wp-caption-text\">V\u00edctor Pruvost (Izq), Leandro Caruso (Centro)<\/figcaption><\/figure>\n<p>La alianza estrat\u00e9gica original se centraba en el desarrollo de soluciones de valor para la industria de motocicletas. Tambi\u00e9n la provisi\u00f3n de energ\u00eda renovable por parte de YPF Luz a la planta de Honda Motor de Argentina. Ahora, ambas empresas buscan nuevas oportunidades para las unidades de negocios de autom\u00f3viles y motores fuera de borda. Por ello est\u00e1n trabajando en la comercializaci\u00f3n de especialidades y beneficios para los clientes y usuarios de ambas marcas.<\/p>\n<blockquote>\n<p style=\"text-align: left;\">\u201cCelebramos seguir fortaleciendo la alianza con YPF y la reciente presentaci\u00f3n del equipo YPF Honda RV Racing es una muestra m\u00e1s de ello. Esto significa una excelente oportunidad para continuar reforzando el trabajo que venimos desarrollando entre ambas empresas. La relaci\u00f3n de mutua confianza nos permite ir por m\u00e1s\u201d, coment\u00f3 V\u00edctor Pruvost, Gerente Comercial de Honda Motor de Argentina.<\/p>\n<\/blockquote>\n<p>En cuanto a la competici\u00f3n deportiva, Honda e YPF continuar\u00e1n potenciando su presencia en SuperBike, Motocross y Enduro, y han presentado el nuevo equipo YPF Honda RV Racing, que participar\u00e1 en el campeonato de automovilismo nacional en la categor\u00eda TC2000.<\/p>\n<blockquote>\n<p style=\"text-align: left;\">Por su parte, Leandro Caruso, CMO de YPF, se\u00f1al\u00f3 que \u201cesta alianza con Honda ratifica la confianza de las marcas l\u00edderes del mundo en la calidad de los productos de YPF. En este caso, nuestros combustibles INFINIA podr\u00e1n demostrar todos sus beneficios para los clientes de Honda y en la alta exigencia que plantea la competici\u00f3n en el TC2000\u201d.<\/p>\n<p>&nbsp;<\/p><\/blockquote>\n<p><span style=\"color: #ff9900;\"><span style=\"color: #dbdbdb;\"><em>Para enterarte de m\u00e1s novedades, no dejes de leer <a href=\"https:\/\/autofans.thebrandsoup.com\/\" target=\"_blank\" rel=\"noopener\">nuestras notas<\/a>, de ver<\/em><\/span><strong><em> <a style=\"color: #ff9900;\" href=\"https:\/\/www.youtube.com\/channel\/UCgAC8UGHZYbT6P7PpmVnP7g\" target=\"_blank\" rel=\"noopener\"><span style=\"color: #00ccff;\"><span style=\"color: #3366ff;\">AUTOFANS TV<\/span><\/span><\/a> <\/em><\/strong><span style=\"color: #dbdbdb;\"><em>en nuestro<\/em><\/span><em><span style=\"color: #dbdbdb;\"> canal de Youtube. Adem\u00e1s seguinos en<\/span> <span style=\"color: #3366ff;\"><a style=\"color: #3366ff;\" href=\"https:\/\/www.instagram.com\/autofanstv\/\" target=\"_blank\" rel=\"noopener\">INSTAGRAM<\/a> <\/span><span style=\"color: #dbdbdb;\">y <span style=\"color: #3366ff;\">FACEBOOK<\/span> para no perderte nada sobre las novedades del segmento automotor de Argentina y el mundo.<\/span><\/em><\/span><\/p>\n","protected":false},"excerpt":{"rendered":"<p>Honda Motor de Argentina y YPF han anunciado la ampliaci\u00f3n de su alianza estrat\u00e9gica, que&#8230;<\/p>\n","protected":false},"author":1,"featured_media":246,"comment_status":"closed","ping_status":"open","sticky":false,"template":"","format":"standard","meta":{"footnotes":""},"categories":[6,16],"tags":[142,143,140,144,86,141],"class_list":["post-245","post","type-post","status-publish","format-standard","has-post-thumbnail","hentry","category-bizstyle","category-noticias","tag-alianza-estrategica","tag-competicion","tag-honda-argentina","tag-honda-racing","tag-industria-automotriz","tag-ypf"],"yoast_head":"<!-- This site is optimized with the Yoast SEO plugin v27.5 - https:\/\/yoast.com\/product\/yoast-seo-wordpress\/ -->\n<title>Honda Argentina e YPF ampl\u00edan su alianza estrat\u00e9gica -<\/title>\n<meta name=\"description\" content=\"Honda Motor de Argentina y YPF han anunciado la ampliaci\u00f3n de su alianza estrat\u00e9gica, que se extender\u00e1 a las unidades de negocios de...\" \/>\n<meta name=\"robots\" content=\"index, follow, max-snippet:-1, max-image-preview:large, max-video-preview:-1\" \/>\n<link rel=\"canonical\" href=\"https:\/\/autofans.com.ar\/index.php\/2023\/02\/22\/honda-argentina-e-ypf-amplian-su-alianza-estrategica\/\" \/>\n<meta property=\"og:locale\" content=\"es_ES\" \/>\n<meta property=\"og:type\" content=\"article\" \/>\n<meta property=\"og:title\" content=\"Honda Argentina e YPF ampl\u00edan su alianza estrat\u00e9gica -\" \/>\n<meta property=\"og:description\" content=\"Honda Motor de Argentina y YPF han anunciado la ampliaci\u00f3n de su alianza estrat\u00e9gica, que se extender\u00e1 a las unidades de negocios de...\" \/>\n<meta property=\"og:url\" content=\"https:\/\/autofans.com.ar\/index.php\/2023\/02\/22\/honda-argentina-e-ypf-amplian-su-alianza-estrategica\/\" \/>\n<meta property=\"article:published_time\" content=\"2023-02-22T14:37:46+00:00\" \/>\n<meta property=\"article:modified_time\" content=\"2023-03-02T18:06:05+00:00\" \/>\n<meta property=\"og:image\" content=\"https:\/\/autofans.com.ar\/wp-content\/uploads\/2023\/02\/Hoda_YPF_01.jpg\" \/>\n\t<meta property=\"og:image:width\" content=\"1000\" \/>\n\t<meta property=\"og:image:height\" content=\"667\" \/>\n\t<meta property=\"og:image:type\" content=\"image\/jpeg\" \/>\n<meta name=\"author\" content=\"AleCAF\" \/>\n<meta name=\"twitter:card\" content=\"summary_large_image\" \/>\n<meta name=\"twitter:label1\" content=\"Escrito por\" \/>\n\t<meta name=\"twitter:data1\" content=\"AleCAF\" \/>\n\t<meta name=\"twitter:label2\" content=\"Tiempo de lectura\" \/>\n\t<meta name=\"twitter:data2\" content=\"2 minutos\" \/>\n<script type=\"application\/ld+json\" class=\"yoast-schema-graph\">{\"@context\":\"https:\\\/\\\/schema.org\",\"@graph\":[{\"@type\":\"Article\",\"@id\":\"https:\\\/\\\/autofans.com.ar\\\/index.php\\\/2023\\\/02\\\/22\\\/honda-argentina-e-ypf-amplian-su-alianza-estrategica\\\/#article\",\"isPartOf\":{\"@id\":\"https:\\\/\\\/autofans.com.ar\\\/index.php\\\/2023\\\/02\\\/22\\\/honda-argentina-e-ypf-amplian-su-alianza-estrategica\\\/\"},\"author\":{\"name\":\"AleCAF\",\"@id\":\"https:\\\/\\\/autofans.com.ar\\\/#\\\/schema\\\/person\\\/4f260a29da3cfebb7f29121591a73481\"},\"headline\":\"Honda Argentina e YPF ampl\u00edan su alianza estrat\u00e9gica\",\"datePublished\":\"2023-02-22T14:37:46+00:00\",\"dateModified\":\"2023-03-02T18:06:05+00:00\",\"mainEntityOfPage\":{\"@id\":\"https:\\\/\\\/autofans.com.ar\\\/index.php\\\/2023\\\/02\\\/22\\\/honda-argentina-e-ypf-amplian-su-alianza-estrategica\\\/\"},\"wordCount\":380,\"image\":{\"@id\":\"https:\\\/\\\/autofans.com.ar\\\/index.php\\\/2023\\\/02\\\/22\\\/honda-argentina-e-ypf-amplian-su-alianza-estrategica\\\/#primaryimage\"},\"thumbnailUrl\":\"https:\\\/\\\/autofans.com.ar\\\/wp-content\\\/uploads\\\/2023\\\/02\\\/Hoda_YPF_01.jpg\",\"keywords\":[\"Alianza Estrat\u00e9gica\",\"Competici\u00f3n\",\"Honda Argentina\",\"Honda Racing\",\"Industria Automotriz\",\"ypf\"],\"articleSection\":[\"BIZSTYLE\",\"NOTICIAS\"],\"inLanguage\":\"es\"},{\"@type\":\"WebPage\",\"@id\":\"https:\\\/\\\/autofans.com.ar\\\/index.php\\\/2023\\\/02\\\/22\\\/honda-argentina-e-ypf-amplian-su-alianza-estrategica\\\/\",\"url\":\"https:\\\/\\\/autofans.com.ar\\\/index.php\\\/2023\\\/02\\\/22\\\/honda-argentina-e-ypf-amplian-su-alianza-estrategica\\\/\",\"name\":\"Honda Argentina e YPF ampl\u00edan su alianza estrat\u00e9gica -\",\"isPartOf\":{\"@id\":\"https:\\\/\\\/autofans.com.ar\\\/#website\"},\"primaryImageOfPage\":{\"@id\":\"https:\\\/\\\/autofans.com.ar\\\/index.php\\\/2023\\\/02\\\/22\\\/honda-argentina-e-ypf-amplian-su-alianza-estrategica\\\/#primaryimage\"},\"image\":{\"@id\":\"https:\\\/\\\/autofans.com.ar\\\/index.php\\\/2023\\\/02\\\/22\\\/honda-argentina-e-ypf-amplian-su-alianza-estrategica\\\/#primaryimage\"},\"thumbnailUrl\":\"https:\\\/\\\/autofans.com.ar\\\/wp-content\\\/uploads\\\/2023\\\/02\\\/Hoda_YPF_01.jpg\",\"datePublished\":\"2023-02-22T14:37:46+00:00\",\"dateModified\":\"2023-03-02T18:06:05+00:00\",\"author\":{\"@id\":\"https:\\\/\\\/autofans.com.ar\\\/#\\\/schema\\\/person\\\/4f260a29da3cfebb7f29121591a73481\"},\"description\":\"Honda Motor de Argentina y YPF han anunciado la ampliaci\u00f3n de su alianza estrat\u00e9gica, que se extender\u00e1 a las unidades de negocios de...\",\"breadcrumb\":{\"@id\":\"https:\\\/\\\/autofans.com.ar\\\/index.php\\\/2023\\\/02\\\/22\\\/honda-argentina-e-ypf-amplian-su-alianza-estrategica\\\/#breadcrumb\"},\"inLanguage\":\"es\",\"potentialAction\":[{\"@type\":\"ReadAction\",\"target\":[\"https:\\\/\\\/autofans.com.ar\\\/index.php\\\/2023\\\/02\\\/22\\\/honda-argentina-e-ypf-amplian-su-alianza-estrategica\\\/\"]}]},{\"@type\":\"ImageObject\",\"inLanguage\":\"es\",\"@id\":\"https:\\\/\\\/autofans.com.ar\\\/index.php\\\/2023\\\/02\\\/22\\\/honda-argentina-e-ypf-amplian-su-alianza-estrategica\\\/#primaryimage\",\"url\":\"https:\\\/\\\/autofans.com.ar\\\/wp-content\\\/uploads\\\/2023\\\/02\\\/Hoda_YPF_01.jpg\",\"contentUrl\":\"https:\\\/\\\/autofans.com.ar\\\/wp-content\\\/uploads\\\/2023\\\/02\\\/Hoda_YPF_01.jpg\",\"width\":1000,\"height\":667,\"caption\":\"Honda Argentina e YPF alianza\"},{\"@type\":\"BreadcrumbList\",\"@id\":\"https:\\\/\\\/autofans.com.ar\\\/index.php\\\/2023\\\/02\\\/22\\\/honda-argentina-e-ypf-amplian-su-alianza-estrategica\\\/#breadcrumb\",\"itemListElement\":[{\"@type\":\"ListItem\",\"position\":1,\"name\":\"Inicio\",\"item\":\"https:\\\/\\\/autofans.com.ar\\\/\"},{\"@type\":\"ListItem\",\"position\":2,\"name\":\"Honda Argentina e YPF ampl\u00edan su alianza estrat\u00e9gica\"}]},{\"@type\":\"WebSite\",\"@id\":\"https:\\\/\\\/autofans.com.ar\\\/#website\",\"url\":\"https:\\\/\\\/autofans.com.ar\\\/\",\"name\":\"\",\"description\":\"El multimedio referente de la industria automotriz\",\"potentialAction\":[{\"@type\":\"SearchAction\",\"target\":{\"@type\":\"EntryPoint\",\"urlTemplate\":\"https:\\\/\\\/autofans.com.ar\\\/?s={search_term_string}\"},\"query-input\":{\"@type\":\"PropertyValueSpecification\",\"valueRequired\":true,\"valueName\":\"search_term_string\"}}],\"inLanguage\":\"es\"},{\"@type\":\"Person\",\"@id\":\"https:\\\/\\\/autofans.com.ar\\\/#\\\/schema\\\/person\\\/4f260a29da3cfebb7f29121591a73481\",\"name\":\"AleCAF\",\"image\":{\"@type\":\"ImageObject\",\"inLanguage\":\"es\",\"@id\":\"https:\\\/\\\/secure.gravatar.com\\\/avatar\\\/959b1ac26ee9dfc67318763f0a21a739fce256ee110a46fe86a2957f5568f27e?s=96&d=mm&r=g\",\"url\":\"https:\\\/\\\/secure.gravatar.com\\\/avatar\\\/959b1ac26ee9dfc67318763f0a21a739fce256ee110a46fe86a2957f5568f27e?s=96&d=mm&r=g\",\"contentUrl\":\"https:\\\/\\\/secure.gravatar.com\\\/avatar\\\/959b1ac26ee9dfc67318763f0a21a739fce256ee110a46fe86a2957f5568f27e?s=96&d=mm&r=g\",\"caption\":\"AleCAF\"},\"description\":\"Se trata del sitio web del multimedio Autofans, dedicado a informar las novedades y tendencias del segmento automotor nacional e internacional. El multimedio est\u00e1 conformado por Autofans web, Autofans TV (Programa), Youtube, Intagram y Facebook\",\"sameAs\":[\"https:\\\/\\\/autofans.com.ar\"],\"url\":\"https:\\\/\\\/autofans.com.ar\\\/index.php\\\/author\\\/alecampolieto\\\/\"}]}<\/script>\n<!-- \/ Yoast SEO plugin. -->","yoast_head_json":{"title":"Honda Argentina e YPF ampl\u00edan su alianza estrat\u00e9gica -","description":"Honda Motor de Argentina y YPF han anunciado la ampliaci\u00f3n de su alianza estrat\u00e9gica, que se extender\u00e1 a las unidades de negocios de...","robots":{"index":"index","follow":"follow","max-snippet":"max-snippet:-1","max-image-preview":"max-image-preview:large","max-video-preview":"max-video-preview:-1"},"canonical":"https:\/\/autofans.com.ar\/index.php\/2023\/02\/22\/honda-argentina-e-ypf-amplian-su-alianza-estrategica\/","og_locale":"es_ES","og_type":"article","og_title":"Honda Argentina e YPF ampl\u00edan su alianza estrat\u00e9gica -","og_description":"Honda Motor de Argentina y YPF han anunciado la ampliaci\u00f3n de su alianza estrat\u00e9gica, que se extender\u00e1 a las unidades de negocios de...","og_url":"https:\/\/autofans.com.ar\/index.php\/2023\/02\/22\/honda-argentina-e-ypf-amplian-su-alianza-estrategica\/","article_published_time":"2023-02-22T14:37:46+00:00","article_modified_time":"2023-03-02T18:06:05+00:00","og_image":[{"width":1000,"height":667,"url":"https:\/\/autofans.com.ar\/wp-content\/uploads\/2023\/02\/Hoda_YPF_01.jpg","type":"image\/jpeg"}],"author":"AleCAF","twitter_card":"summary_large_image","twitter_misc":{"Escrito por":"AleCAF","Tiempo de lectura":"2 minutos"},"schema":{"@context":"https:\/\/schema.org","@graph":[{"@type":"Article","@id":"https:\/\/autofans.com.ar\/index.php\/2023\/02\/22\/honda-argentina-e-ypf-amplian-su-alianza-estrategica\/#article","isPartOf":{"@id":"https:\/\/autofans.com.ar\/index.php\/2023\/02\/22\/honda-argentina-e-ypf-amplian-su-alianza-estrategica\/"},"author":{"name":"AleCAF","@id":"https:\/\/autofans.com.ar\/#\/schema\/person\/4f260a29da3cfebb7f29121591a73481"},"headline":"Honda Argentina e YPF ampl\u00edan su alianza estrat\u00e9gica","datePublished":"2023-02-22T14:37:46+00:00","dateModified":"2023-03-02T18:06:05+00:00","mainEntityOfPage":{"@id":"https:\/\/autofans.com.ar\/index.php\/2023\/02\/22\/honda-argentina-e-ypf-amplian-su-alianza-estrategica\/"},"wordCount":380,"image":{"@id":"https:\/\/autofans.com.ar\/index.php\/2023\/02\/22\/honda-argentina-e-ypf-amplian-su-alianza-estrategica\/#primaryimage"},"thumbnailUrl":"https:\/\/autofans.com.ar\/wp-content\/uploads\/2023\/02\/Hoda_YPF_01.jpg","keywords":["Alianza Estrat\u00e9gica","Competici\u00f3n","Honda Argentina","Honda Racing","Industria Automotriz","ypf"],"articleSection":["BIZSTYLE","NOTICIAS"],"inLanguage":"es"},{"@type":"WebPage","@id":"https:\/\/autofans.com.ar\/index.php\/2023\/02\/22\/honda-argentina-e-ypf-amplian-su-alianza-estrategica\/","url":"https:\/\/autofans.com.ar\/index.php\/2023\/02\/22\/honda-argentina-e-ypf-amplian-su-alianza-estrategica\/","name":"Honda Argentina e YPF ampl\u00edan su alianza estrat\u00e9gica -","isPartOf":{"@id":"https:\/\/autofans.com.ar\/#website"},"primaryImageOfPage":{"@id":"https:\/\/autofans.com.ar\/index.php\/2023\/02\/22\/honda-argentina-e-ypf-amplian-su-alianza-estrategica\/#primaryimage"},"image":{"@id":"https:\/\/autofans.com.ar\/index.php\/2023\/02\/22\/honda-argentina-e-ypf-amplian-su-alianza-estrategica\/#primaryimage"},"thumbnailUrl":"https:\/\/autofans.com.ar\/wp-content\/uploads\/2023\/02\/Hoda_YPF_01.jpg","datePublished":"2023-02-22T14:37:46+00:00","dateModified":"2023-03-02T18:06:05+00:00","author":{"@id":"https:\/\/autofans.com.ar\/#\/schema\/person\/4f260a29da3cfebb7f29121591a73481"},"description":"Honda Motor de Argentina y YPF han anunciado la ampliaci\u00f3n de su alianza estrat\u00e9gica, que se extender\u00e1 a las unidades de negocios de...","breadcrumb":{"@id":"https:\/\/autofans.com.ar\/index.php\/2023\/02\/22\/honda-argentina-e-ypf-amplian-su-alianza-estrategica\/#breadcrumb"},"inLanguage":"es","potentialAction":[{"@type":"ReadAction","target":["https:\/\/autofans.com.ar\/index.php\/2023\/02\/22\/honda-argentina-e-ypf-amplian-su-alianza-estrategica\/"]}]},{"@type":"ImageObject","inLanguage":"es","@id":"https:\/\/autofans.com.ar\/index.php\/2023\/02\/22\/honda-argentina-e-ypf-amplian-su-alianza-estrategica\/#primaryimage","url":"https:\/\/autofans.com.ar\/wp-content\/uploads\/2023\/02\/Hoda_YPF_01.jpg","contentUrl":"https:\/\/autofans.com.ar\/wp-content\/uploads\/2023\/02\/Hoda_YPF_01.jpg","width":1000,"height":667,"caption":"Honda Argentina e YPF alianza"},{"@type":"BreadcrumbList","@id":"https:\/\/autofans.com.ar\/index.php\/2023\/02\/22\/honda-argentina-e-ypf-amplian-su-alianza-estrategica\/#breadcrumb","itemListElement":[{"@type":"ListItem","position":1,"name":"Inicio","item":"https:\/\/autofans.com.ar\/"},{"@type":"ListItem","position":2,"name":"Honda Argentina e YPF ampl\u00edan su alianza estrat\u00e9gica"}]},{"@type":"WebSite","@id":"https:\/\/autofans.com.ar\/#website","url":"https:\/\/autofans.com.ar\/","name":"","description":"El multimedio referente de la industria automotriz","potentialAction":[{"@type":"SearchAction","target":{"@type":"EntryPoint","urlTemplate":"https:\/\/autofans.com.ar\/?s={search_term_string}"},"query-input":{"@type":"PropertyValueSpecification","valueRequired":true,"valueName":"search_term_string"}}],"inLanguage":"es"},{"@type":"Person","@id":"https:\/\/autofans.com.ar\/#\/schema\/person\/4f260a29da3cfebb7f29121591a73481","name":"AleCAF","image":{"@type":"ImageObject","inLanguage":"es","@id":"https:\/\/secure.gravatar.com\/avatar\/959b1ac26ee9dfc67318763f0a21a739fce256ee110a46fe86a2957f5568f27e?s=96&d=mm&r=g","url":"https:\/\/secure.gravatar.com\/avatar\/959b1ac26ee9dfc67318763f0a21a739fce256ee110a46fe86a2957f5568f27e?s=96&d=mm&r=g","contentUrl":"https:\/\/secure.gravatar.com\/avatar\/959b1ac26ee9dfc67318763f0a21a739fce256ee110a46fe86a2957f5568f27e?s=96&d=mm&r=g","caption":"AleCAF"},"description":"Se trata del sitio web del multimedio Autofans, dedicado a informar las novedades y tendencias del segmento automotor nacional e internacional. El multimedio est\u00e1 conformado por Autofans web, Autofans TV (Programa), Youtube, Intagram y Facebook","sameAs":["https:\/\/autofans.com.ar"],"url":"https:\/\/autofans.com.ar\/index.php\/author\/alecampolieto\/"}]}},"featured_image_urls":{"full":["https:\/\/autofans.com.ar\/wp-content\/uploads\/2023\/02\/Hoda_YPF_01.jpg",1000,667,false],"thumbnail":["https:\/\/autofans.com.ar\/wp-content\/uploads\/2023\/02\/Hoda_YPF_01-150x150.jpg",150,150,true],"medium":["https:\/\/autofans.com.ar\/wp-content\/uploads\/2023\/02\/Hoda_YPF_01-300x200.jpg",300,200,true],"medium_large":["https:\/\/autofans.com.ar\/wp-content\/uploads\/2023\/02\/Hoda_YPF_01-768x512.jpg",640,427,true],"large":["https:\/\/autofans.com.ar\/wp-content\/uploads\/2023\/02\/Hoda_YPF_01.jpg",640,427,false],"1536x1536":["https:\/\/autofans.com.ar\/wp-content\/uploads\/2023\/02\/Hoda_YPF_01.jpg",1000,667,false],"2048x2048":["https:\/\/autofans.com.ar\/wp-content\/uploads\/2023\/02\/Hoda_YPF_01.jpg",1000,667,false],"covernews-featured":["https:\/\/autofans.com.ar\/wp-content\/uploads\/2023\/02\/Hoda_YPF_01.jpg",1000,667,false],"covernews-medium":["https:\/\/autofans.com.ar\/wp-content\/uploads\/2023\/02\/Hoda_YPF_01-540x340.jpg",540,340,true]},"author_info":{"display_name":"AleCAF","author_link":"https:\/\/autofans.com.ar\/index.php\/author\/alecampolieto\/"},"category_info":"<a href=\"https:\/\/autofans.com.ar\/index.php\/category\/noticias\/bizstyle\/\" rel=\"category tag\">BIZSTYLE<\/a> <a href=\"https:\/\/autofans.com.ar\/index.php\/category\/noticias\/\" rel=\"category tag\">NOTICIAS<\/a>","tag_info":"NOTICIAS","comment_count":0,"_links":{"self":[{"href":"https:\/\/autofans.com.ar\/index.php\/wp-json\/wp\/v2\/posts\/245","targetHints":{"allow":["GET"]}}],"collection":[{"href":"https:\/\/autofans.com.ar\/index.php\/wp-json\/wp\/v2\/posts"}],"about":[{"href":"https:\/\/autofans.com.ar\/index.php\/wp-json\/wp\/v2\/types\/post"}],"author":[{"embeddable":true,"href":"https:\/\/autofans.com.ar\/index.php\/wp-json\/wp\/v2\/users\/1"}],"replies":[{"embeddable":true,"href":"https:\/\/autofans.com.ar\/index.php\/wp-json\/wp\/v2\/comments?post=245"}],"version-history":[{"count":2,"href":"https:\/\/autofans.com.ar\/index.php\/wp-json\/wp\/v2\/posts\/245\/revisions"}],"predecessor-version":[{"id":249,"href":"https:\/\/autofans.com.ar\/index.php\/wp-json\/wp\/v2\/posts\/245\/revisions\/249"}],"wp:featuredmedia":[{"embeddable":true,"href":"https:\/\/autofans.com.ar\/index.php\/wp-json\/wp\/v2\/media\/246"}],"wp:attachment":[{"href":"https:\/\/autofans.com.ar\/index.php\/wp-json\/wp\/v2\/media?parent=245"}],"wp:term":[{"taxonomy":"category","embeddable":true,"href":"https:\/\/autofans.com.ar\/index.php\/wp-json\/wp\/v2\/categories?post=245"},{"taxonomy":"post_tag","embeddable":true,"href":"https:\/\/autofans.com.ar\/index.php\/wp-json\/wp\/v2\/tags?post=245"}],"curies":[{"name":"wp","href":"https:\/\/api.w.org\/{rel}","templated":true}]}}