{"id":2467,"date":"2023-05-12T16:58:36","date_gmt":"2023-05-12T19:58:36","guid":{"rendered":"https:\/\/autofans.com.ar\/?p=2467"},"modified":"2023-05-12T16:58:36","modified_gmt":"2023-05-12T19:58:36","slug":"ds-automobiles-en-busca-de-su-tercer-triunfo-en-monaco","status":"publish","type":"post","link":"https:\/\/autofans.com.ar\/index.php\/2023\/05\/12\/ds-automobiles-en-busca-de-su-tercer-triunfo-en-monaco\/","title":{"rendered":"DS Automobiles en busca de su tercer triunfo en M\u00f3naco"},"content":{"rendered":"<p>DS Automobiles se prepara para disputar la carrera m\u00e1s esperada del a\u00f1o en el Campeonato del Mundo ABB FIA de F\u00f3rmula E en M\u00f3naco el pr\u00f3ximo 6 de mayo. El equipo, que se encuentra en tercera posici\u00f3n del campeonato de pilotos con Jean-Eric Vergne, est\u00e1 listo para volver a puntuar en uno de los circuitos m\u00e1s legendarios de la competici\u00f3n.<\/p>\n<p>&nbsp;<\/p>\n<p><img fetchpriority=\"high\" decoding=\"async\" class=\"aligncenter wp-image-1213 size-full\" src=\"https:\/\/autofans.com.ar\/wp-content\/uploads\/2023\/04\/foto-1-jpg.webp\" alt=\"DS Automobiles\" width=\"1000\" height=\"667\" srcset=\"https:\/\/autofans.com.ar\/wp-content\/uploads\/2023\/04\/foto-1-jpg.webp 1000w, https:\/\/autofans.com.ar\/wp-content\/uploads\/2023\/04\/foto-1-300x200.webp 300w, https:\/\/autofans.com.ar\/wp-content\/uploads\/2023\/04\/foto-1-768x512.webp 768w\" sizes=\"(max-width: 1000px) 100vw, 1000px\" \/><\/p>\n<p>M\u00f3naco es una carrera que los fans de la F\u00f3rmula E esperan con ansias. El E-Prix, que se llevar\u00e1 a cabo por sexta vez en las famosas calles de Montecarlo, promete muchos adelantamientos en una pista de 3,3 kil\u00f3metros. Tras el \u00e9xito en Berl\u00edn, DS Automobiles y PENSKE AUTOSPORT conf\u00edan en su pareja de pilotos y en su paquete t\u00e9cnico para lograr una victoria en esta carrera tan emblem\u00e1tica.<\/p>\n<p>&nbsp;<\/p>\n<p><img decoding=\"async\" class=\"aligncenter wp-image-1546 size-full\" src=\"https:\/\/autofans.com.ar\/wp-content\/uploads\/2023\/04\/foto-1-19-jpg.webp\" alt=\"ds automobiles\" width=\"1000\" height=\"667\" srcset=\"https:\/\/autofans.com.ar\/wp-content\/uploads\/2023\/04\/foto-1-19-jpg.webp 1000w, https:\/\/autofans.com.ar\/wp-content\/uploads\/2023\/04\/foto-1-19-300x200.webp 300w, https:\/\/autofans.com.ar\/wp-content\/uploads\/2023\/04\/foto-1-19-768x512.webp 768w\" sizes=\"(max-width: 1000px) 100vw, 1000px\" \/><\/p>\n<blockquote>\n<p style=\"text-align: center;\"><a href=\"https:\/\/autofans.com.ar\/index.php\/2023\/04\/13\/ds-automobiles-y-la-electrificacion-en-la-formula-e\/\" target=\"_blank\" rel=\"noopener\">Eugenio Franzetti<\/a>, director de DS Performance:<\/p>\n<p style=\"text-align: center;\">\u00abDespu\u00e9s de la emoci\u00f3n que vivimos en las dos carreras de Berl\u00edn, lo que signific\u00f3 que pudimos reducir la distancia con respecto a los l\u00edderes del campeonato, ahora nos enfrentamos a otra carrera muy importante tanto por el lugar en el que se disputa como por los puntos que est\u00e1n en juego. M\u00f3naco es uno de los templos del automovilismo y para nosotros es clave hacerlo bien all\u00ed, como ya ocurri\u00f3 en dos ocasiones. Por eso hemos trabajado duro y nos hemos preparado bien para esta legendaria carrera. Como siempre, nuestra ambici\u00f3n es alta, y estamos decididos a hacer todo lo posible por alcanzarlo, sin olvidar que nos enfrentamos a unos competidores muy duros y a que \u00e9ste sigue siendo un campeonato realmente impredecible.\u00bb<\/p>\n<\/blockquote>\n<p><span style=\"text-align: left;\">El equipo cuenta con Jean-Eric Vergne, quien ha conseguido tres podios desde el inicio de la temporada, incluida una victoria. El vigente campe\u00f3n del mundo, Stoffel Vandoorne, tambi\u00e9n ser\u00e1 una pieza clave para el \u00e9xito del equipo en M\u00f3naco. DS Automobiles ha ganado esta carrera en dos ocasiones, con Vergne en 2019 y con Antonio F\u00e9lix Da Costa en 2021, lo que demuestra la experiencia y calidad del equipo en esta pista.<\/span><\/p>\n<p>La carrera m\u00e1s glamurosa del a\u00f1o comenzar\u00e1 el s\u00e1bado 6 de mayo a las 15:00 CET. El director de DS Performance, Eugenio Franzetti, afirm\u00f3 que el equipo est\u00e1 trabajando duro y se ha preparado bien para la legendaria carrera en M\u00f3naco. Adem\u00e1s, destac\u00f3 que la ambici\u00f3n del equipo es alta y est\u00e1n decididos a hacer todo lo posible por alcanzarla.<\/p>\n<h3><\/h3>\n<h3>Cifras clave desde que DS Automobiles compite en F\u00f3rmula E:<\/h3>\n<ul>\n<li>97 carreras<\/li>\n<li>4 t\u00edtulos<\/li>\n<li>16 victorias<\/li>\n<li>47 podios<\/li>\n<li>22 pole positions<\/li>\n<\/ul>\n<p>&nbsp;<\/p>\n<p><i>Para enterarte de m\u00e1s novedades, no dejes de leer\u00a0<\/i><a href=\"https:\/\/autofans.thebrandsoup.com\/\"><i>nuestras notas<\/i><\/a><i>, de ver<\/i><b><i>\u00a0<\/i><\/b><a href=\"https:\/\/www.youtube.com\/channel\/UCgAC8UGHZYbT6P7PpmVnP7g\"><b><i>AUTOFANS TV<\/i><\/b><\/a><b><i>\u00a0<\/i><\/b><i>en nuestro\u00a0canal de Youtube. Adem\u00e1s seguinos en\u00a0<\/i><a href=\"https:\/\/www.instagram.com\/autofanstv\/\"><i>INSTAGRAM<\/i><\/a><i> y <\/i><a href=\"https:\/\/www.facebook.com\/autofansmas\/\"><i>FACEBOOK<\/i><\/a><i> para no perderte nada sobre las novedades del segmento automotor de Argentina y el mundo. <\/i><\/p>\n","protected":false},"excerpt":{"rendered":"<p>DS Automobiles se prepara para disputar la carrera m\u00e1s esperada del a\u00f1o en el Campeonato&#8230;<\/p>\n","protected":false},"author":2,"featured_media":1214,"comment_status":"closed","ping_status":"closed","sticky":false,"template":"","format":"standard","meta":{"footnotes":""},"categories":[127,16],"tags":[185,230,1120,1158,545,267,880,1156,1157,881],"class_list":["post-2467","post","type-post","status-publish","format-standard","has-post-thumbnail","hentry","category-deporte","category-noticias","tag-automovilismo","tag-campeonato","tag-carreras","tag-circuitos-electricos","tag-ds-automobiles","tag-formula-e","tag-jean-eric-vergne","tag-monaco-e-prix","tag-penske-autosport","tag-stoffel-vandoorne"],"yoast_head":"<!-- This site is optimized with the Yoast SEO plugin v27.5 - https:\/\/yoast.com\/product\/yoast-seo-wordpress\/ -->\n<title>DS Automobiles en busca de su tercer triunfo en M\u00f3naco -<\/title>\n<meta name=\"description\" content=\"DS Automobiles se prepara para disputar la carrera m\u00e1s esperada del a\u00f1o, el Campeonato del Mundo ABB FIA de F\u00f3rmula E en M\u00f3naco el 6 de mayo.\" \/>\n<meta name=\"robots\" content=\"index, follow, max-snippet:-1, max-image-preview:large, max-video-preview:-1\" \/>\n<link rel=\"canonical\" href=\"https:\/\/autofans.com.ar\/index.php\/2023\/05\/12\/ds-automobiles-en-busca-de-su-tercer-triunfo-en-monaco\/\" \/>\n<meta property=\"og:locale\" content=\"es_ES\" \/>\n<meta property=\"og:type\" content=\"article\" \/>\n<meta property=\"og:title\" content=\"DS Automobiles en busca de su tercer triunfo en M\u00f3naco -\" \/>\n<meta property=\"og:description\" content=\"DS Automobiles se prepara para disputar la carrera m\u00e1s esperada del a\u00f1o, el Campeonato del Mundo ABB FIA de F\u00f3rmula E en M\u00f3naco el 6 de mayo.\" \/>\n<meta property=\"og:url\" content=\"https:\/\/autofans.com.ar\/index.php\/2023\/05\/12\/ds-automobiles-en-busca-de-su-tercer-triunfo-en-monaco\/\" \/>\n<meta property=\"article:published_time\" content=\"2023-05-12T19:58:36+00:00\" \/>\n<meta property=\"og:image\" content=\"https:\/\/autofans.com.ar\/wp-content\/uploads\/2023\/04\/foto-2-jpg.webp\" \/>\n\t<meta property=\"og:image:width\" content=\"1000\" \/>\n\t<meta property=\"og:image:height\" content=\"667\" \/>\n\t<meta property=\"og:image:type\" content=\"image\/jpeg\" \/>\n<meta name=\"author\" content=\"Alejandro Gabriel Rosito\" \/>\n<meta name=\"twitter:card\" content=\"summary_large_image\" \/>\n<meta name=\"twitter:label1\" content=\"Escrito por\" \/>\n\t<meta name=\"twitter:data1\" content=\"Alejandro Gabriel Rosito\" \/>\n\t<meta name=\"twitter:label2\" content=\"Tiempo de lectura\" \/>\n\t<meta name=\"twitter:data2\" content=\"3 minutos\" \/>\n<script type=\"application\/ld+json\" class=\"yoast-schema-graph\">{\"@context\":\"https:\\\/\\\/schema.org\",\"@graph\":[{\"@type\":\"Article\",\"@id\":\"https:\\\/\\\/autofans.com.ar\\\/index.php\\\/2023\\\/05\\\/12\\\/ds-automobiles-en-busca-de-su-tercer-triunfo-en-monaco\\\/#article\",\"isPartOf\":{\"@id\":\"https:\\\/\\\/autofans.com.ar\\\/index.php\\\/2023\\\/05\\\/12\\\/ds-automobiles-en-busca-de-su-tercer-triunfo-en-monaco\\\/\"},\"author\":{\"name\":\"Alejandro Gabriel Rosito\",\"@id\":\"https:\\\/\\\/autofans.com.ar\\\/#\\\/schema\\\/person\\\/4a8dda0b6df83ac3d6723e921274c2aa\"},\"headline\":\"DS Automobiles en busca de su tercer triunfo en M\u00f3naco\",\"datePublished\":\"2023-05-12T19:58:36+00:00\",\"mainEntityOfPage\":{\"@id\":\"https:\\\/\\\/autofans.com.ar\\\/index.php\\\/2023\\\/05\\\/12\\\/ds-automobiles-en-busca-de-su-tercer-triunfo-en-monaco\\\/\"},\"wordCount\":493,\"image\":{\"@id\":\"https:\\\/\\\/autofans.com.ar\\\/index.php\\\/2023\\\/05\\\/12\\\/ds-automobiles-en-busca-de-su-tercer-triunfo-en-monaco\\\/#primaryimage\"},\"thumbnailUrl\":\"https:\\\/\\\/autofans.com.ar\\\/wp-content\\\/uploads\\\/2023\\\/04\\\/foto-2-jpg.webp\",\"keywords\":[\"#automovilismo\",\"campeonato\",\"carreras\",\"circuitos el\u00e9ctricos\",\"DS Automobiles\",\"F\u00f3rmula E\",\"Jean-Eric Vergne\",\"Monaco E-Prix\",\"Penske Autosport\",\"Stoffel Vandoorne\"],\"articleSection\":[\"DEPORTE MOTOR\",\"NOTICIAS\"],\"inLanguage\":\"es\"},{\"@type\":\"WebPage\",\"@id\":\"https:\\\/\\\/autofans.com.ar\\\/index.php\\\/2023\\\/05\\\/12\\\/ds-automobiles-en-busca-de-su-tercer-triunfo-en-monaco\\\/\",\"url\":\"https:\\\/\\\/autofans.com.ar\\\/index.php\\\/2023\\\/05\\\/12\\\/ds-automobiles-en-busca-de-su-tercer-triunfo-en-monaco\\\/\",\"name\":\"DS Automobiles en busca de su tercer triunfo en M\u00f3naco -\",\"isPartOf\":{\"@id\":\"https:\\\/\\\/autofans.com.ar\\\/#website\"},\"primaryImageOfPage\":{\"@id\":\"https:\\\/\\\/autofans.com.ar\\\/index.php\\\/2023\\\/05\\\/12\\\/ds-automobiles-en-busca-de-su-tercer-triunfo-en-monaco\\\/#primaryimage\"},\"image\":{\"@id\":\"https:\\\/\\\/autofans.com.ar\\\/index.php\\\/2023\\\/05\\\/12\\\/ds-automobiles-en-busca-de-su-tercer-triunfo-en-monaco\\\/#primaryimage\"},\"thumbnailUrl\":\"https:\\\/\\\/autofans.com.ar\\\/wp-content\\\/uploads\\\/2023\\\/04\\\/foto-2-jpg.webp\",\"datePublished\":\"2023-05-12T19:58:36+00:00\",\"author\":{\"@id\":\"https:\\\/\\\/autofans.com.ar\\\/#\\\/schema\\\/person\\\/4a8dda0b6df83ac3d6723e921274c2aa\"},\"description\":\"DS Automobiles se prepara para disputar la carrera m\u00e1s esperada del a\u00f1o, el Campeonato del Mundo ABB FIA de F\u00f3rmula E en M\u00f3naco el 6 de mayo.\",\"breadcrumb\":{\"@id\":\"https:\\\/\\\/autofans.com.ar\\\/index.php\\\/2023\\\/05\\\/12\\\/ds-automobiles-en-busca-de-su-tercer-triunfo-en-monaco\\\/#breadcrumb\"},\"inLanguage\":\"es\",\"potentialAction\":[{\"@type\":\"ReadAction\",\"target\":[\"https:\\\/\\\/autofans.com.ar\\\/index.php\\\/2023\\\/05\\\/12\\\/ds-automobiles-en-busca-de-su-tercer-triunfo-en-monaco\\\/\"]}]},{\"@type\":\"ImageObject\",\"inLanguage\":\"es\",\"@id\":\"https:\\\/\\\/autofans.com.ar\\\/index.php\\\/2023\\\/05\\\/12\\\/ds-automobiles-en-busca-de-su-tercer-triunfo-en-monaco\\\/#primaryimage\",\"url\":\"https:\\\/\\\/autofans.com.ar\\\/wp-content\\\/uploads\\\/2023\\\/04\\\/foto-2-jpg.webp\",\"contentUrl\":\"https:\\\/\\\/autofans.com.ar\\\/wp-content\\\/uploads\\\/2023\\\/04\\\/foto-2-jpg.webp\",\"width\":1000,\"height\":667,\"caption\":\"DS Automobiles\"},{\"@type\":\"BreadcrumbList\",\"@id\":\"https:\\\/\\\/autofans.com.ar\\\/index.php\\\/2023\\\/05\\\/12\\\/ds-automobiles-en-busca-de-su-tercer-triunfo-en-monaco\\\/#breadcrumb\",\"itemListElement\":[{\"@type\":\"ListItem\",\"position\":1,\"name\":\"Inicio\",\"item\":\"https:\\\/\\\/autofans.com.ar\\\/\"},{\"@type\":\"ListItem\",\"position\":2,\"name\":\"DS Automobiles en busca de su tercer triunfo en M\u00f3naco\"}]},{\"@type\":\"WebSite\",\"@id\":\"https:\\\/\\\/autofans.com.ar\\\/#website\",\"url\":\"https:\\\/\\\/autofans.com.ar\\\/\",\"name\":\"\",\"description\":\"El multimedio referente de la industria automotriz\",\"potentialAction\":[{\"@type\":\"SearchAction\",\"target\":{\"@type\":\"EntryPoint\",\"urlTemplate\":\"https:\\\/\\\/autofans.com.ar\\\/?s={search_term_string}\"},\"query-input\":{\"@type\":\"PropertyValueSpecification\",\"valueRequired\":true,\"valueName\":\"search_term_string\"}}],\"inLanguage\":\"es\"},{\"@type\":\"Person\",\"@id\":\"https:\\\/\\\/autofans.com.ar\\\/#\\\/schema\\\/person\\\/4a8dda0b6df83ac3d6723e921274c2aa\",\"name\":\"Alejandro Gabriel Rosito\",\"image\":{\"@type\":\"ImageObject\",\"inLanguage\":\"es\",\"@id\":\"https:\\\/\\\/secure.gravatar.com\\\/avatar\\\/16c5dda1489adfc62618084dcbb91cffd879c374b13fe5dd8e44ed6733852c88?s=96&d=mm&r=g\",\"url\":\"https:\\\/\\\/secure.gravatar.com\\\/avatar\\\/16c5dda1489adfc62618084dcbb91cffd879c374b13fe5dd8e44ed6733852c88?s=96&d=mm&r=g\",\"contentUrl\":\"https:\\\/\\\/secure.gravatar.com\\\/avatar\\\/16c5dda1489adfc62618084dcbb91cffd879c374b13fe5dd8e44ed6733852c88?s=96&d=mm&r=g\",\"caption\":\"Alejandro Gabriel Rosito\"},\"url\":\"https:\\\/\\\/autofans.com.ar\\\/index.php\\\/author\\\/gabrielr\\\/\"}]}<\/script>\n<!-- \/ Yoast SEO plugin. -->","yoast_head_json":{"title":"DS Automobiles en busca de su tercer triunfo en M\u00f3naco -","description":"DS Automobiles se prepara para disputar la carrera m\u00e1s esperada del a\u00f1o, el Campeonato del Mundo ABB FIA de F\u00f3rmula E en M\u00f3naco el 6 de mayo.","robots":{"index":"index","follow":"follow","max-snippet":"max-snippet:-1","max-image-preview":"max-image-preview:large","max-video-preview":"max-video-preview:-1"},"canonical":"https:\/\/autofans.com.ar\/index.php\/2023\/05\/12\/ds-automobiles-en-busca-de-su-tercer-triunfo-en-monaco\/","og_locale":"es_ES","og_type":"article","og_title":"DS Automobiles en busca de su tercer triunfo en M\u00f3naco -","og_description":"DS Automobiles se prepara para disputar la carrera m\u00e1s esperada del a\u00f1o, el Campeonato del Mundo ABB FIA de F\u00f3rmula E en M\u00f3naco el 6 de mayo.","og_url":"https:\/\/autofans.com.ar\/index.php\/2023\/05\/12\/ds-automobiles-en-busca-de-su-tercer-triunfo-en-monaco\/","article_published_time":"2023-05-12T19:58:36+00:00","og_image":[{"width":1000,"height":667,"url":"https:\/\/autofans.com.ar\/wp-content\/uploads\/2023\/04\/foto-2-jpg.webp","type":"image\/jpeg"}],"author":"Alejandro Gabriel Rosito","twitter_card":"summary_large_image","twitter_misc":{"Escrito por":"Alejandro Gabriel Rosito","Tiempo de lectura":"3 minutos"},"schema":{"@context":"https:\/\/schema.org","@graph":[{"@type":"Article","@id":"https:\/\/autofans.com.ar\/index.php\/2023\/05\/12\/ds-automobiles-en-busca-de-su-tercer-triunfo-en-monaco\/#article","isPartOf":{"@id":"https:\/\/autofans.com.ar\/index.php\/2023\/05\/12\/ds-automobiles-en-busca-de-su-tercer-triunfo-en-monaco\/"},"author":{"name":"Alejandro Gabriel Rosito","@id":"https:\/\/autofans.com.ar\/#\/schema\/person\/4a8dda0b6df83ac3d6723e921274c2aa"},"headline":"DS Automobiles en busca de su tercer triunfo en M\u00f3naco","datePublished":"2023-05-12T19:58:36+00:00","mainEntityOfPage":{"@id":"https:\/\/autofans.com.ar\/index.php\/2023\/05\/12\/ds-automobiles-en-busca-de-su-tercer-triunfo-en-monaco\/"},"wordCount":493,"image":{"@id":"https:\/\/autofans.com.ar\/index.php\/2023\/05\/12\/ds-automobiles-en-busca-de-su-tercer-triunfo-en-monaco\/#primaryimage"},"thumbnailUrl":"https:\/\/autofans.com.ar\/wp-content\/uploads\/2023\/04\/foto-2-jpg.webp","keywords":["#automovilismo","campeonato","carreras","circuitos el\u00e9ctricos","DS Automobiles","F\u00f3rmula E","Jean-Eric Vergne","Monaco E-Prix","Penske Autosport","Stoffel Vandoorne"],"articleSection":["DEPORTE MOTOR","NOTICIAS"],"inLanguage":"es"},{"@type":"WebPage","@id":"https:\/\/autofans.com.ar\/index.php\/2023\/05\/12\/ds-automobiles-en-busca-de-su-tercer-triunfo-en-monaco\/","url":"https:\/\/autofans.com.ar\/index.php\/2023\/05\/12\/ds-automobiles-en-busca-de-su-tercer-triunfo-en-monaco\/","name":"DS Automobiles en busca de su tercer triunfo en M\u00f3naco -","isPartOf":{"@id":"https:\/\/autofans.com.ar\/#website"},"primaryImageOfPage":{"@id":"https:\/\/autofans.com.ar\/index.php\/2023\/05\/12\/ds-automobiles-en-busca-de-su-tercer-triunfo-en-monaco\/#primaryimage"},"image":{"@id":"https:\/\/autofans.com.ar\/index.php\/2023\/05\/12\/ds-automobiles-en-busca-de-su-tercer-triunfo-en-monaco\/#primaryimage"},"thumbnailUrl":"https:\/\/autofans.com.ar\/wp-content\/uploads\/2023\/04\/foto-2-jpg.webp","datePublished":"2023-05-12T19:58:36+00:00","author":{"@id":"https:\/\/autofans.com.ar\/#\/schema\/person\/4a8dda0b6df83ac3d6723e921274c2aa"},"description":"DS Automobiles se prepara para disputar la carrera m\u00e1s esperada del a\u00f1o, el Campeonato del Mundo ABB FIA de F\u00f3rmula E en M\u00f3naco el 6 de mayo.","breadcrumb":{"@id":"https:\/\/autofans.com.ar\/index.php\/2023\/05\/12\/ds-automobiles-en-busca-de-su-tercer-triunfo-en-monaco\/#breadcrumb"},"inLanguage":"es","potentialAction":[{"@type":"ReadAction","target":["https:\/\/autofans.com.ar\/index.php\/2023\/05\/12\/ds-automobiles-en-busca-de-su-tercer-triunfo-en-monaco\/"]}]},{"@type":"ImageObject","inLanguage":"es","@id":"https:\/\/autofans.com.ar\/index.php\/2023\/05\/12\/ds-automobiles-en-busca-de-su-tercer-triunfo-en-monaco\/#primaryimage","url":"https:\/\/autofans.com.ar\/wp-content\/uploads\/2023\/04\/foto-2-jpg.webp","contentUrl":"https:\/\/autofans.com.ar\/wp-content\/uploads\/2023\/04\/foto-2-jpg.webp","width":1000,"height":667,"caption":"DS Automobiles"},{"@type":"BreadcrumbList","@id":"https:\/\/autofans.com.ar\/index.php\/2023\/05\/12\/ds-automobiles-en-busca-de-su-tercer-triunfo-en-monaco\/#breadcrumb","itemListElement":[{"@type":"ListItem","position":1,"name":"Inicio","item":"https:\/\/autofans.com.ar\/"},{"@type":"ListItem","position":2,"name":"DS Automobiles en busca de su tercer triunfo en M\u00f3naco"}]},{"@type":"WebSite","@id":"https:\/\/autofans.com.ar\/#website","url":"https:\/\/autofans.com.ar\/","name":"","description":"El multimedio referente de la industria automotriz","potentialAction":[{"@type":"SearchAction","target":{"@type":"EntryPoint","urlTemplate":"https:\/\/autofans.com.ar\/?s={search_term_string}"},"query-input":{"@type":"PropertyValueSpecification","valueRequired":true,"valueName":"search_term_string"}}],"inLanguage":"es"},{"@type":"Person","@id":"https:\/\/autofans.com.ar\/#\/schema\/person\/4a8dda0b6df83ac3d6723e921274c2aa","name":"Alejandro Gabriel Rosito","image":{"@type":"ImageObject","inLanguage":"es","@id":"https:\/\/secure.gravatar.com\/avatar\/16c5dda1489adfc62618084dcbb91cffd879c374b13fe5dd8e44ed6733852c88?s=96&d=mm&r=g","url":"https:\/\/secure.gravatar.com\/avatar\/16c5dda1489adfc62618084dcbb91cffd879c374b13fe5dd8e44ed6733852c88?s=96&d=mm&r=g","contentUrl":"https:\/\/secure.gravatar.com\/avatar\/16c5dda1489adfc62618084dcbb91cffd879c374b13fe5dd8e44ed6733852c88?s=96&d=mm&r=g","caption":"Alejandro Gabriel Rosito"},"url":"https:\/\/autofans.com.ar\/index.php\/author\/gabrielr\/"}]}},"featured_image_urls":{"full":["https:\/\/autofans.com.ar\/wp-content\/uploads\/2023\/04\/foto-2-jpg.webp",1000,667,false],"thumbnail":["https:\/\/autofans.com.ar\/wp-content\/uploads\/2023\/04\/foto-2-150x150.webp",150,150,true],"medium":["https:\/\/autofans.com.ar\/wp-content\/uploads\/2023\/04\/foto-2-300x200.webp",300,200,true],"medium_large":["https:\/\/autofans.com.ar\/wp-content\/uploads\/2023\/04\/foto-2-768x512.webp",640,427,true],"large":["https:\/\/autofans.com.ar\/wp-content\/uploads\/2023\/04\/foto-2-jpg.webp",640,427,false],"1536x1536":["https:\/\/autofans.com.ar\/wp-content\/uploads\/2023\/04\/foto-2-jpg.webp",1000,667,false],"2048x2048":["https:\/\/autofans.com.ar\/wp-content\/uploads\/2023\/04\/foto-2-jpg.webp",1000,667,false],"covernews-featured":["https:\/\/autofans.com.ar\/wp-content\/uploads\/2023\/04\/foto-2-jpg.webp",1000,667,false],"covernews-medium":["https:\/\/autofans.com.ar\/wp-content\/uploads\/2023\/04\/foto-2-540x340.webp",540,340,true]},"author_info":{"display_name":"Alejandro Gabriel Rosito","author_link":"https:\/\/autofans.com.ar\/index.php\/author\/gabrielr\/"},"category_info":"<a href=\"https:\/\/autofans.com.ar\/index.php\/category\/noticias\/deporte\/\" rel=\"category tag\">DEPORTE MOTOR<\/a> <a href=\"https:\/\/autofans.com.ar\/index.php\/category\/noticias\/\" rel=\"category tag\">NOTICIAS<\/a>","tag_info":"NOTICIAS","comment_count":0,"_links":{"self":[{"href":"https:\/\/autofans.com.ar\/index.php\/wp-json\/wp\/v2\/posts\/2467","targetHints":{"allow":["GET"]}}],"collection":[{"href":"https:\/\/autofans.com.ar\/index.php\/wp-json\/wp\/v2\/posts"}],"about":[{"href":"https:\/\/autofans.com.ar\/index.php\/wp-json\/wp\/v2\/types\/post"}],"author":[{"embeddable":true,"href":"https:\/\/autofans.com.ar\/index.php\/wp-json\/wp\/v2\/users\/2"}],"replies":[{"embeddable":true,"href":"https:\/\/autofans.com.ar\/index.php\/wp-json\/wp\/v2\/comments?post=2467"}],"version-history":[{"count":6,"href":"https:\/\/autofans.com.ar\/index.php\/wp-json\/wp\/v2\/posts\/2467\/revisions"}],"predecessor-version":[{"id":2473,"href":"https:\/\/autofans.com.ar\/index.php\/wp-json\/wp\/v2\/posts\/2467\/revisions\/2473"}],"wp:featuredmedia":[{"embeddable":true,"href":"https:\/\/autofans.com.ar\/index.php\/wp-json\/wp\/v2\/media\/1214"}],"wp:attachment":[{"href":"https:\/\/autofans.com.ar\/index.php\/wp-json\/wp\/v2\/media?parent=2467"}],"wp:term":[{"taxonomy":"category","embeddable":true,"href":"https:\/\/autofans.com.ar\/index.php\/wp-json\/wp\/v2\/categories?post=2467"},{"taxonomy":"post_tag","embeddable":true,"href":"https:\/\/autofans.com.ar\/index.php\/wp-json\/wp\/v2\/tags?post=2467"}],"curies":[{"name":"wp","href":"https:\/\/api.w.org\/{rel}","templated":true}]}}