{"id":2483,"date":"2023-05-15T11:58:03","date_gmt":"2023-05-15T14:58:03","guid":{"rendered":"https:\/\/autofans.com.ar\/?p=2483"},"modified":"2023-05-15T11:58:03","modified_gmt":"2023-05-15T14:58:03","slug":"ducati-celebra-con-exito-la-segunda-edicion-de-we-ride-as-one","status":"publish","type":"post","link":"https:\/\/autofans.com.ar\/index.php\/2023\/05\/15\/ducati-celebra-con-exito-la-segunda-edicion-de-we-ride-as-one\/","title":{"rendered":"Ducati celebra con \u00e9xito la segunda edici\u00f3n de We Ride As One"},"content":{"rendered":"<p>Ducati celebr\u00f3 con \u00e9xito la segunda edici\u00f3n de \u00ab<a href=\"https:\/\/autofans.com.ar\/index.php\/2023\/04\/22\/ducati-invita-a-los-ducatistas-a-unirse-en-we-ride-as-one\/\" target=\"_blank\" rel=\"noopener\">We Ride As One<\/a>\u00ab, un evento global que reuni\u00f3 a m\u00e1s de 15.000 de m\u00e1s de 50 pa\u00edses en todo el mundo. En esta ocasi\u00f3n, los concesionarios Ducati de todo el mundo organizaron recorridos personalizados en sus ciudades, convirti\u00e9ndolas en escenarios exclusivos para los participantes.<\/p>\n<p>&nbsp;<\/p>\n<div id='gallery-1' class='gallery galleryid-2483 gallery-columns-3 gallery-size-full'><figure class='gallery-item'>\n\t\t\t<div class='gallery-icon landscape'>\n\t\t\t\t<a href='https:\/\/autofans.com.ar\/index.php\/2023\/05\/15\/ducati-celebra-con-exito-la-segunda-edicion-de-we-ride-as-one\/bs-as\/'><img loading=\"lazy\" width=\"1000\" height=\"667\" src=\"https:\/\/autofans.com.ar\/wp-content\/uploads\/2023\/05\/bs-as.jpg\" class=\"attachment-full size-full\" alt=\"Ducatistas\" aria-describedby=\"gallery-1-2486\" srcset=\"https:\/\/autofans.com.ar\/wp-content\/uploads\/2023\/05\/bs-as.jpg 1000w, https:\/\/autofans.com.ar\/wp-content\/uploads\/2023\/05\/bs-as-300x200.jpg 300w, https:\/\/autofans.com.ar\/wp-content\/uploads\/2023\/05\/bs-as-768x512.jpg 768w\" sizes=\"auto, (max-width: 1000px) 100vw, 1000px\" loading=\"lazy\" decoding=\"async\" \/><\/a>\n\t\t\t<\/div>\n\t\t\t\t<figcaption class='wp-caption-text gallery-caption' id='gallery-1-2486'>\n\t\t\t\tBuenos Aires\n\t\t\t\t<\/figcaption><\/figure><figure class='gallery-item'>\n\t\t\t<div class='gallery-icon landscape'>\n\t\t\t\t<a href='https:\/\/autofans.com.ar\/index.php\/2023\/05\/15\/ducati-celebra-con-exito-la-segunda-edicion-de-we-ride-as-one\/londres\/'><img loading=\"lazy\" width=\"1000\" height=\"667\" src=\"https:\/\/autofans.com.ar\/wp-content\/uploads\/2023\/05\/londres.jpg\" class=\"attachment-full size-full\" alt=\"Ducatistas\" aria-describedby=\"gallery-1-2488\" srcset=\"https:\/\/autofans.com.ar\/wp-content\/uploads\/2023\/05\/londres.jpg 1000w, https:\/\/autofans.com.ar\/wp-content\/uploads\/2023\/05\/londres-300x200.jpg 300w, https:\/\/autofans.com.ar\/wp-content\/uploads\/2023\/05\/londres-768x512.jpg 768w\" sizes=\"auto, (max-width: 1000px) 100vw, 1000px\" loading=\"lazy\" decoding=\"async\" \/><\/a>\n\t\t\t<\/div>\n\t\t\t\t<figcaption class='wp-caption-text gallery-caption' id='gallery-1-2488'>\n\t\t\t\tLondres\n\t\t\t\t<\/figcaption><\/figure><figure class='gallery-item'>\n\t\t\t<div class='gallery-icon landscape'>\n\t\t\t\t<a href='https:\/\/autofans.com.ar\/index.php\/2023\/05\/15\/ducati-celebra-con-exito-la-segunda-edicion-de-we-ride-as-one\/tokio\/'><img loading=\"lazy\" width=\"1000\" height=\"667\" src=\"https:\/\/autofans.com.ar\/wp-content\/uploads\/2023\/05\/tokio.jpg\" class=\"attachment-full size-full\" alt=\"Ducatistas\" aria-describedby=\"gallery-1-2491\" srcset=\"https:\/\/autofans.com.ar\/wp-content\/uploads\/2023\/05\/tokio.jpg 1000w, https:\/\/autofans.com.ar\/wp-content\/uploads\/2023\/05\/tokio-300x200.jpg 300w, https:\/\/autofans.com.ar\/wp-content\/uploads\/2023\/05\/tokio-768x512.jpg 768w\" sizes=\"auto, (max-width: 1000px) 100vw, 1000px\" loading=\"lazy\" decoding=\"async\" \/><\/a>\n\t\t\t<\/div>\n\t\t\t\t<figcaption class='wp-caption-text gallery-caption' id='gallery-1-2491'>\n\t\t\t\tTokio\n\t\t\t\t<\/figcaption><\/figure>\n\t\t<\/div>\n\n<p>Grandes ciudades como Par\u00eds, Nueva York, Roma, Colonia, Nueva Delhi y Bruselas se unieron a la convocatoria y fueron escenario de un desfile global de motocicletas Ducati y Scrambler Ducati. En Argentina, los usuarios y seguidores de la marca se reunieron en diversos puntos geogr\u00e1ficos como Buenos Aires, Rosario, C\u00f3rdoba, Mendoza y Tucum\u00e1n.<\/p>\n<blockquote>\n<p style=\"text-align: center;\">Francesco Milicia, Vicepresidente de Ventas y Postventas globales de Ducati<\/p>\n<p style=\"text-align: center;\">\u00ab#WeRideAsOne es un evento que muy bien representa a Ducati y su misi\u00f3n de crear experiencias inolvidables para todos los apasionados. En ocasiones as\u00ed, se genera una atm\u00f3sfera incre\u00edble que transmite el sentido de pertenencia a una gran familia. Ver miles de motos Ducati desfilar juntas por las principales ciudades del mundo es una emoci\u00f3n \u00fanica que nos llena de orgullo. Tuve el placer de rodar por las hermosas calles de Roma en la compa\u00f1\u00eda del piloto de MotoGP Fabio Di Giannantonio, as\u00ed como muchos apasionados y seguidores de la marca.\u201d<\/p>\n<\/blockquote>\n<p>&nbsp;<\/p>\n<p><img fetchpriority=\"high\" decoding=\"async\" class=\"aligncenter wp-image-2490 size-full\" src=\"https:\/\/autofans.com.ar\/wp-content\/uploads\/2023\/05\/rosario.jpg\" alt=\"Ducatistas\" width=\"1000\" height=\"667\" srcset=\"https:\/\/autofans.com.ar\/wp-content\/uploads\/2023\/05\/rosario.jpg 1000w, https:\/\/autofans.com.ar\/wp-content\/uploads\/2023\/05\/rosario-300x200.jpg 300w, https:\/\/autofans.com.ar\/wp-content\/uploads\/2023\/05\/rosario-768x512.jpg 768w\" sizes=\"(max-width: 1000px) 100vw, 1000px\" \/><\/p>\n<p>Como parte de la marca distintiva de Ducati, la empresa fomenta la comunidad y la uni\u00f3n entre los usuarios de las principales regiones del pa\u00eds, uni\u00e9ndose as\u00ed al gran evento internacional promovido por Ducati desde Italia.<\/p>\n<p>\u00abWe Ride As One\u00bb es un formato \u00fanico que busca ofrecer a la comunidad Ducatista una experiencia irrepetible de diversi\u00f3n y compartir desde cada moto.<\/p>\n<p>En resumen, la segunda edici\u00f3n de \u00abWe Ride As One\u00bb fue un gran \u00e9xito, reuniendo a apasionados de todo el mundo para celebrar su amor por las dos ruedas y por la marca italiana.<\/p>\n<p>&nbsp;<\/p>\n<p><i>Para enterarte de m\u00e1s novedades, no dejes de leer\u00a0<\/i><a href=\"https:\/\/autofans.thebrandsoup.com\/\"><i>nuestras notas<\/i><\/a><i>, de ver<\/i><b><i>\u00a0<\/i><\/b><a href=\"https:\/\/www.youtube.com\/channel\/UCgAC8UGHZYbT6P7PpmVnP7g\"><b><i>AUTOFANS TV<\/i><\/b><\/a><b><i>\u00a0<\/i><\/b><i>en nuestro\u00a0canal de Youtube. Adem\u00e1s seguinos en\u00a0<\/i><a href=\"https:\/\/www.instagram.com\/autofanstv\/\"><i>INSTAGRAM<\/i><\/a><i> y <\/i><a href=\"https:\/\/www.facebook.com\/autofansmas\/\"><i>FACEBOOK<\/i><\/a><i> para no perderte nada sobre las novedades del segmento automotor de Argentina y el mundo. <\/i><\/p>\n","protected":false},"excerpt":{"rendered":"<p>Ducati celebr\u00f3 con \u00e9xito la segunda edici\u00f3n de \u00abWe Ride As One\u00ab, un evento global&#8230;<\/p>\n","protected":false},"author":2,"featured_media":2492,"comment_status":"closed","ping_status":"closed","sticky":false,"template":"","format":"standard","meta":{"footnotes":""},"categories":[6,4,16],"tags":[1183,1184,1181,65,219,54,1177,1185,1055,247,1182,1179,1178,1180,63,1186,834],"class_list":["post-2483","post","type-post","status-publish","format-standard","has-post-thumbnail","hentry","category-bizstyle","category-motos","category-noticias","tag-bruselas","tag-buenos-aires","tag-colonia","tag-cordoba","tag-ducati","tag-ducati-argentina","tag-eventos","tag-mendoza","tag-motocicleta","tag-motocicletas","tag-nueva-delhi","tag-nueva-york","tag-paris","tag-roma","tag-rosario","tag-tucuman","tag-we-ride-as-one"],"yoast_head":"<!-- This site is optimized with the Yoast SEO plugin v27.5 - https:\/\/yoast.com\/product\/yoast-seo-wordpress\/ -->\n<title>Ducati celebra con \u00e9xito la segunda edici\u00f3n de We Ride As One -<\/title>\n<meta name=\"description\" content=\"Ducati celebr\u00f3 con \u00e9xito la segunda edici\u00f3n de &quot;We Ride As One&quot;, un evento global que reuni\u00f3 a m\u00e1s de 15.000 de m\u00e1s de 50 pa\u00edses...\" \/>\n<meta name=\"robots\" content=\"index, follow, max-snippet:-1, max-image-preview:large, max-video-preview:-1\" \/>\n<link rel=\"canonical\" href=\"https:\/\/autofans.com.ar\/index.php\/2023\/05\/15\/ducati-celebra-con-exito-la-segunda-edicion-de-we-ride-as-one\/\" \/>\n<meta property=\"og:locale\" content=\"es_ES\" \/>\n<meta property=\"og:type\" content=\"article\" \/>\n<meta property=\"og:title\" content=\"Ducati celebra con \u00e9xito la segunda edici\u00f3n de We Ride As One -\" \/>\n<meta property=\"og:description\" content=\"Ducati celebr\u00f3 con \u00e9xito la segunda edici\u00f3n de &quot;We Ride As One&quot;, un evento global que reuni\u00f3 a m\u00e1s de 15.000 de m\u00e1s de 50 pa\u00edses...\" \/>\n<meta property=\"og:url\" content=\"https:\/\/autofans.com.ar\/index.php\/2023\/05\/15\/ducati-celebra-con-exito-la-segunda-edicion-de-we-ride-as-one\/\" \/>\n<meta property=\"article:published_time\" content=\"2023-05-15T14:58:03+00:00\" \/>\n<meta property=\"og:image\" content=\"https:\/\/autofans.com.ar\/wp-content\/uploads\/2023\/05\/tucuman.jpg\" \/>\n\t<meta property=\"og:image:width\" content=\"1000\" \/>\n\t<meta property=\"og:image:height\" content=\"667\" \/>\n\t<meta property=\"og:image:type\" content=\"image\/jpeg\" \/>\n<meta name=\"author\" content=\"Alejandro Gabriel Rosito\" \/>\n<meta name=\"twitter:card\" content=\"summary_large_image\" \/>\n<meta name=\"twitter:label1\" content=\"Escrito por\" \/>\n\t<meta name=\"twitter:data1\" content=\"Alejandro Gabriel Rosito\" \/>\n\t<meta name=\"twitter:label2\" content=\"Tiempo de lectura\" \/>\n\t<meta name=\"twitter:data2\" content=\"2 minutos\" \/>\n<script type=\"application\/ld+json\" class=\"yoast-schema-graph\">{\"@context\":\"https:\\\/\\\/schema.org\",\"@graph\":[{\"@type\":\"Article\",\"@id\":\"https:\\\/\\\/autofans.com.ar\\\/index.php\\\/2023\\\/05\\\/15\\\/ducati-celebra-con-exito-la-segunda-edicion-de-we-ride-as-one\\\/#article\",\"isPartOf\":{\"@id\":\"https:\\\/\\\/autofans.com.ar\\\/index.php\\\/2023\\\/05\\\/15\\\/ducati-celebra-con-exito-la-segunda-edicion-de-we-ride-as-one\\\/\"},\"author\":{\"name\":\"Alejandro Gabriel Rosito\",\"@id\":\"https:\\\/\\\/autofans.com.ar\\\/#\\\/schema\\\/person\\\/4a8dda0b6df83ac3d6723e921274c2aa\"},\"headline\":\"Ducati celebra con \u00e9xito la segunda edici\u00f3n de We Ride As One\",\"datePublished\":\"2023-05-15T14:58:03+00:00\",\"mainEntityOfPage\":{\"@id\":\"https:\\\/\\\/autofans.com.ar\\\/index.php\\\/2023\\\/05\\\/15\\\/ducati-celebra-con-exito-la-segunda-edicion-de-we-ride-as-one\\\/\"},\"wordCount\":383,\"image\":{\"@id\":\"https:\\\/\\\/autofans.com.ar\\\/index.php\\\/2023\\\/05\\\/15\\\/ducati-celebra-con-exito-la-segunda-edicion-de-we-ride-as-one\\\/#primaryimage\"},\"thumbnailUrl\":\"https:\\\/\\\/autofans.com.ar\\\/wp-content\\\/uploads\\\/2023\\\/05\\\/tucuman.jpg\",\"keywords\":[\"Bruselas\",\"Buenos Aires\",\"Colonia\",\"Cordoba\",\"Ducati\",\"Ducati Argentina\",\"eventos\",\"Mendoza\",\"motocicleta\",\"motocicletas\",\"Nueva Delhi\",\"Nueva York\",\"Par\u00eds\",\"Roma\",\"Rosario\",\"Tucum\u00e1n\",\"We Ride As One\"],\"articleSection\":[\"BIZSTYLE\",\"MOTOS\",\"NOTICIAS\"],\"inLanguage\":\"es\"},{\"@type\":\"WebPage\",\"@id\":\"https:\\\/\\\/autofans.com.ar\\\/index.php\\\/2023\\\/05\\\/15\\\/ducati-celebra-con-exito-la-segunda-edicion-de-we-ride-as-one\\\/\",\"url\":\"https:\\\/\\\/autofans.com.ar\\\/index.php\\\/2023\\\/05\\\/15\\\/ducati-celebra-con-exito-la-segunda-edicion-de-we-ride-as-one\\\/\",\"name\":\"Ducati celebra con \u00e9xito la segunda edici\u00f3n de We Ride As One -\",\"isPartOf\":{\"@id\":\"https:\\\/\\\/autofans.com.ar\\\/#website\"},\"primaryImageOfPage\":{\"@id\":\"https:\\\/\\\/autofans.com.ar\\\/index.php\\\/2023\\\/05\\\/15\\\/ducati-celebra-con-exito-la-segunda-edicion-de-we-ride-as-one\\\/#primaryimage\"},\"image\":{\"@id\":\"https:\\\/\\\/autofans.com.ar\\\/index.php\\\/2023\\\/05\\\/15\\\/ducati-celebra-con-exito-la-segunda-edicion-de-we-ride-as-one\\\/#primaryimage\"},\"thumbnailUrl\":\"https:\\\/\\\/autofans.com.ar\\\/wp-content\\\/uploads\\\/2023\\\/05\\\/tucuman.jpg\",\"datePublished\":\"2023-05-15T14:58:03+00:00\",\"author\":{\"@id\":\"https:\\\/\\\/autofans.com.ar\\\/#\\\/schema\\\/person\\\/4a8dda0b6df83ac3d6723e921274c2aa\"},\"description\":\"Ducati celebr\u00f3 con \u00e9xito la segunda edici\u00f3n de \\\"We Ride As One\\\", un evento global que reuni\u00f3 a m\u00e1s de 15.000 de m\u00e1s de 50 pa\u00edses...\",\"breadcrumb\":{\"@id\":\"https:\\\/\\\/autofans.com.ar\\\/index.php\\\/2023\\\/05\\\/15\\\/ducati-celebra-con-exito-la-segunda-edicion-de-we-ride-as-one\\\/#breadcrumb\"},\"inLanguage\":\"es\",\"potentialAction\":[{\"@type\":\"ReadAction\",\"target\":[\"https:\\\/\\\/autofans.com.ar\\\/index.php\\\/2023\\\/05\\\/15\\\/ducati-celebra-con-exito-la-segunda-edicion-de-we-ride-as-one\\\/\"]}]},{\"@type\":\"ImageObject\",\"inLanguage\":\"es\",\"@id\":\"https:\\\/\\\/autofans.com.ar\\\/index.php\\\/2023\\\/05\\\/15\\\/ducati-celebra-con-exito-la-segunda-edicion-de-we-ride-as-one\\\/#primaryimage\",\"url\":\"https:\\\/\\\/autofans.com.ar\\\/wp-content\\\/uploads\\\/2023\\\/05\\\/tucuman.jpg\",\"contentUrl\":\"https:\\\/\\\/autofans.com.ar\\\/wp-content\\\/uploads\\\/2023\\\/05\\\/tucuman.jpg\",\"width\":1000,\"height\":667,\"caption\":\"Ducatistas\"},{\"@type\":\"BreadcrumbList\",\"@id\":\"https:\\\/\\\/autofans.com.ar\\\/index.php\\\/2023\\\/05\\\/15\\\/ducati-celebra-con-exito-la-segunda-edicion-de-we-ride-as-one\\\/#breadcrumb\",\"itemListElement\":[{\"@type\":\"ListItem\",\"position\":1,\"name\":\"Inicio\",\"item\":\"https:\\\/\\\/autofans.com.ar\\\/\"},{\"@type\":\"ListItem\",\"position\":2,\"name\":\"Ducati celebra con \u00e9xito la segunda edici\u00f3n de We Ride As One\"}]},{\"@type\":\"WebSite\",\"@id\":\"https:\\\/\\\/autofans.com.ar\\\/#website\",\"url\":\"https:\\\/\\\/autofans.com.ar\\\/\",\"name\":\"\",\"description\":\"El multimedio referente de la industria automotriz\",\"potentialAction\":[{\"@type\":\"SearchAction\",\"target\":{\"@type\":\"EntryPoint\",\"urlTemplate\":\"https:\\\/\\\/autofans.com.ar\\\/?s={search_term_string}\"},\"query-input\":{\"@type\":\"PropertyValueSpecification\",\"valueRequired\":true,\"valueName\":\"search_term_string\"}}],\"inLanguage\":\"es\"},{\"@type\":\"Person\",\"@id\":\"https:\\\/\\\/autofans.com.ar\\\/#\\\/schema\\\/person\\\/4a8dda0b6df83ac3d6723e921274c2aa\",\"name\":\"Alejandro Gabriel Rosito\",\"image\":{\"@type\":\"ImageObject\",\"inLanguage\":\"es\",\"@id\":\"https:\\\/\\\/secure.gravatar.com\\\/avatar\\\/16c5dda1489adfc62618084dcbb91cffd879c374b13fe5dd8e44ed6733852c88?s=96&d=mm&r=g\",\"url\":\"https:\\\/\\\/secure.gravatar.com\\\/avatar\\\/16c5dda1489adfc62618084dcbb91cffd879c374b13fe5dd8e44ed6733852c88?s=96&d=mm&r=g\",\"contentUrl\":\"https:\\\/\\\/secure.gravatar.com\\\/avatar\\\/16c5dda1489adfc62618084dcbb91cffd879c374b13fe5dd8e44ed6733852c88?s=96&d=mm&r=g\",\"caption\":\"Alejandro Gabriel Rosito\"},\"url\":\"https:\\\/\\\/autofans.com.ar\\\/index.php\\\/author\\\/gabrielr\\\/\"}]}<\/script>\n<!-- \/ Yoast SEO plugin. -->","yoast_head_json":{"title":"Ducati celebra con \u00e9xito la segunda edici\u00f3n de We Ride As One -","description":"Ducati celebr\u00f3 con \u00e9xito la segunda edici\u00f3n de \"We Ride As One\", un evento global que reuni\u00f3 a m\u00e1s de 15.000 de m\u00e1s de 50 pa\u00edses...","robots":{"index":"index","follow":"follow","max-snippet":"max-snippet:-1","max-image-preview":"max-image-preview:large","max-video-preview":"max-video-preview:-1"},"canonical":"https:\/\/autofans.com.ar\/index.php\/2023\/05\/15\/ducati-celebra-con-exito-la-segunda-edicion-de-we-ride-as-one\/","og_locale":"es_ES","og_type":"article","og_title":"Ducati celebra con \u00e9xito la segunda edici\u00f3n de We Ride As One -","og_description":"Ducati celebr\u00f3 con \u00e9xito la segunda edici\u00f3n de \"We Ride As One\", un evento global que reuni\u00f3 a m\u00e1s de 15.000 de m\u00e1s de 50 pa\u00edses...","og_url":"https:\/\/autofans.com.ar\/index.php\/2023\/05\/15\/ducati-celebra-con-exito-la-segunda-edicion-de-we-ride-as-one\/","article_published_time":"2023-05-15T14:58:03+00:00","og_image":[{"width":1000,"height":667,"url":"https:\/\/autofans.com.ar\/wp-content\/uploads\/2023\/05\/tucuman.jpg","type":"image\/jpeg"}],"author":"Alejandro Gabriel Rosito","twitter_card":"summary_large_image","twitter_misc":{"Escrito por":"Alejandro Gabriel Rosito","Tiempo de lectura":"2 minutos"},"schema":{"@context":"https:\/\/schema.org","@graph":[{"@type":"Article","@id":"https:\/\/autofans.com.ar\/index.php\/2023\/05\/15\/ducati-celebra-con-exito-la-segunda-edicion-de-we-ride-as-one\/#article","isPartOf":{"@id":"https:\/\/autofans.com.ar\/index.php\/2023\/05\/15\/ducati-celebra-con-exito-la-segunda-edicion-de-we-ride-as-one\/"},"author":{"name":"Alejandro Gabriel Rosito","@id":"https:\/\/autofans.com.ar\/#\/schema\/person\/4a8dda0b6df83ac3d6723e921274c2aa"},"headline":"Ducati celebra con \u00e9xito la segunda edici\u00f3n de We Ride As One","datePublished":"2023-05-15T14:58:03+00:00","mainEntityOfPage":{"@id":"https:\/\/autofans.com.ar\/index.php\/2023\/05\/15\/ducati-celebra-con-exito-la-segunda-edicion-de-we-ride-as-one\/"},"wordCount":383,"image":{"@id":"https:\/\/autofans.com.ar\/index.php\/2023\/05\/15\/ducati-celebra-con-exito-la-segunda-edicion-de-we-ride-as-one\/#primaryimage"},"thumbnailUrl":"https:\/\/autofans.com.ar\/wp-content\/uploads\/2023\/05\/tucuman.jpg","keywords":["Bruselas","Buenos Aires","Colonia","Cordoba","Ducati","Ducati Argentina","eventos","Mendoza","motocicleta","motocicletas","Nueva Delhi","Nueva York","Par\u00eds","Roma","Rosario","Tucum\u00e1n","We Ride As One"],"articleSection":["BIZSTYLE","MOTOS","NOTICIAS"],"inLanguage":"es"},{"@type":"WebPage","@id":"https:\/\/autofans.com.ar\/index.php\/2023\/05\/15\/ducati-celebra-con-exito-la-segunda-edicion-de-we-ride-as-one\/","url":"https:\/\/autofans.com.ar\/index.php\/2023\/05\/15\/ducati-celebra-con-exito-la-segunda-edicion-de-we-ride-as-one\/","name":"Ducati celebra con \u00e9xito la segunda edici\u00f3n de We Ride As One -","isPartOf":{"@id":"https:\/\/autofans.com.ar\/#website"},"primaryImageOfPage":{"@id":"https:\/\/autofans.com.ar\/index.php\/2023\/05\/15\/ducati-celebra-con-exito-la-segunda-edicion-de-we-ride-as-one\/#primaryimage"},"image":{"@id":"https:\/\/autofans.com.ar\/index.php\/2023\/05\/15\/ducati-celebra-con-exito-la-segunda-edicion-de-we-ride-as-one\/#primaryimage"},"thumbnailUrl":"https:\/\/autofans.com.ar\/wp-content\/uploads\/2023\/05\/tucuman.jpg","datePublished":"2023-05-15T14:58:03+00:00","author":{"@id":"https:\/\/autofans.com.ar\/#\/schema\/person\/4a8dda0b6df83ac3d6723e921274c2aa"},"description":"Ducati celebr\u00f3 con \u00e9xito la segunda edici\u00f3n de \"We Ride As One\", un evento global que reuni\u00f3 a m\u00e1s de 15.000 de m\u00e1s de 50 pa\u00edses...","breadcrumb":{"@id":"https:\/\/autofans.com.ar\/index.php\/2023\/05\/15\/ducati-celebra-con-exito-la-segunda-edicion-de-we-ride-as-one\/#breadcrumb"},"inLanguage":"es","potentialAction":[{"@type":"ReadAction","target":["https:\/\/autofans.com.ar\/index.php\/2023\/05\/15\/ducati-celebra-con-exito-la-segunda-edicion-de-we-ride-as-one\/"]}]},{"@type":"ImageObject","inLanguage":"es","@id":"https:\/\/autofans.com.ar\/index.php\/2023\/05\/15\/ducati-celebra-con-exito-la-segunda-edicion-de-we-ride-as-one\/#primaryimage","url":"https:\/\/autofans.com.ar\/wp-content\/uploads\/2023\/05\/tucuman.jpg","contentUrl":"https:\/\/autofans.com.ar\/wp-content\/uploads\/2023\/05\/tucuman.jpg","width":1000,"height":667,"caption":"Ducatistas"},{"@type":"BreadcrumbList","@id":"https:\/\/autofans.com.ar\/index.php\/2023\/05\/15\/ducati-celebra-con-exito-la-segunda-edicion-de-we-ride-as-one\/#breadcrumb","itemListElement":[{"@type":"ListItem","position":1,"name":"Inicio","item":"https:\/\/autofans.com.ar\/"},{"@type":"ListItem","position":2,"name":"Ducati celebra con \u00e9xito la segunda edici\u00f3n de We Ride As One"}]},{"@type":"WebSite","@id":"https:\/\/autofans.com.ar\/#website","url":"https:\/\/autofans.com.ar\/","name":"","description":"El multimedio referente de la industria automotriz","potentialAction":[{"@type":"SearchAction","target":{"@type":"EntryPoint","urlTemplate":"https:\/\/autofans.com.ar\/?s={search_term_string}"},"query-input":{"@type":"PropertyValueSpecification","valueRequired":true,"valueName":"search_term_string"}}],"inLanguage":"es"},{"@type":"Person","@id":"https:\/\/autofans.com.ar\/#\/schema\/person\/4a8dda0b6df83ac3d6723e921274c2aa","name":"Alejandro Gabriel Rosito","image":{"@type":"ImageObject","inLanguage":"es","@id":"https:\/\/secure.gravatar.com\/avatar\/16c5dda1489adfc62618084dcbb91cffd879c374b13fe5dd8e44ed6733852c88?s=96&d=mm&r=g","url":"https:\/\/secure.gravatar.com\/avatar\/16c5dda1489adfc62618084dcbb91cffd879c374b13fe5dd8e44ed6733852c88?s=96&d=mm&r=g","contentUrl":"https:\/\/secure.gravatar.com\/avatar\/16c5dda1489adfc62618084dcbb91cffd879c374b13fe5dd8e44ed6733852c88?s=96&d=mm&r=g","caption":"Alejandro Gabriel Rosito"},"url":"https:\/\/autofans.com.ar\/index.php\/author\/gabrielr\/"}]}},"featured_image_urls":{"full":["https:\/\/autofans.com.ar\/wp-content\/uploads\/2023\/05\/tucuman.jpg",1000,667,false],"thumbnail":["https:\/\/autofans.com.ar\/wp-content\/uploads\/2023\/05\/tucuman-150x150.jpg",150,150,true],"medium":["https:\/\/autofans.com.ar\/wp-content\/uploads\/2023\/05\/tucuman-300x200.jpg",300,200,true],"medium_large":["https:\/\/autofans.com.ar\/wp-content\/uploads\/2023\/05\/tucuman-768x512.jpg",640,427,true],"large":["https:\/\/autofans.com.ar\/wp-content\/uploads\/2023\/05\/tucuman.jpg",640,427,false],"1536x1536":["https:\/\/autofans.com.ar\/wp-content\/uploads\/2023\/05\/tucuman.jpg",1000,667,false],"2048x2048":["https:\/\/autofans.com.ar\/wp-content\/uploads\/2023\/05\/tucuman.jpg",1000,667,false],"covernews-featured":["https:\/\/autofans.com.ar\/wp-content\/uploads\/2023\/05\/tucuman.jpg",1000,667,false],"covernews-medium":["https:\/\/autofans.com.ar\/wp-content\/uploads\/2023\/05\/tucuman-540x340.jpg",540,340,true]},"author_info":{"display_name":"Alejandro Gabriel Rosito","author_link":"https:\/\/autofans.com.ar\/index.php\/author\/gabrielr\/"},"category_info":"<a href=\"https:\/\/autofans.com.ar\/index.php\/category\/noticias\/bizstyle\/\" rel=\"category tag\">BIZSTYLE<\/a> <a href=\"https:\/\/autofans.com.ar\/index.php\/category\/noticias\/motos\/\" rel=\"category tag\">MOTOS<\/a> <a href=\"https:\/\/autofans.com.ar\/index.php\/category\/noticias\/\" rel=\"category tag\">NOTICIAS<\/a>","tag_info":"NOTICIAS","comment_count":0,"_links":{"self":[{"href":"https:\/\/autofans.com.ar\/index.php\/wp-json\/wp\/v2\/posts\/2483","targetHints":{"allow":["GET"]}}],"collection":[{"href":"https:\/\/autofans.com.ar\/index.php\/wp-json\/wp\/v2\/posts"}],"about":[{"href":"https:\/\/autofans.com.ar\/index.php\/wp-json\/wp\/v2\/types\/post"}],"author":[{"embeddable":true,"href":"https:\/\/autofans.com.ar\/index.php\/wp-json\/wp\/v2\/users\/2"}],"replies":[{"embeddable":true,"href":"https:\/\/autofans.com.ar\/index.php\/wp-json\/wp\/v2\/comments?post=2483"}],"version-history":[{"count":3,"href":"https:\/\/autofans.com.ar\/index.php\/wp-json\/wp\/v2\/posts\/2483\/revisions"}],"predecessor-version":[{"id":2509,"href":"https:\/\/autofans.com.ar\/index.php\/wp-json\/wp\/v2\/posts\/2483\/revisions\/2509"}],"wp:featuredmedia":[{"embeddable":true,"href":"https:\/\/autofans.com.ar\/index.php\/wp-json\/wp\/v2\/media\/2492"}],"wp:attachment":[{"href":"https:\/\/autofans.com.ar\/index.php\/wp-json\/wp\/v2\/media?parent=2483"}],"wp:term":[{"taxonomy":"category","embeddable":true,"href":"https:\/\/autofans.com.ar\/index.php\/wp-json\/wp\/v2\/categories?post=2483"},{"taxonomy":"post_tag","embeddable":true,"href":"https:\/\/autofans.com.ar\/index.php\/wp-json\/wp\/v2\/tags?post=2483"}],"curies":[{"name":"wp","href":"https:\/\/api.w.org\/{rel}","templated":true}]}}