{"id":2494,"date":"2023-05-15T21:03:04","date_gmt":"2023-05-16T00:03:04","guid":{"rendered":"https:\/\/autofans.com.ar\/?p=2494"},"modified":"2023-05-15T21:13:51","modified_gmt":"2023-05-16T00:13:51","slug":"mini-presenta-su-nueva-familia-de-modelos-electricos","status":"publish","type":"post","link":"https:\/\/autofans.com.ar\/index.php\/2023\/05\/15\/mini-presenta-su-nueva-familia-de-modelos-electricos\/","title":{"rendered":"MINI presenta su nueva familia de modelos el\u00e9ctricos"},"content":{"rendered":"<p>MINI ha dado a conocer algunos detalles de dise\u00f1o de su pr\u00f3xima familia de modelos. Lo que representa una vista previa del nuevo lenguaje de dise\u00f1o Charismatic Simplicity. La marca anticipa cuatro elementos de dise\u00f1o: una pantalla OLED circular, el volante, los asientos y las nuevas llantas. Con esta muestra de los valores tradicionales de la marca y tecnolog\u00edas avanzadas, MINI busca incrementar la individualidad de cada nuevo modelo y, a la vez, cumplir con los principios de sustentabilidad y calidad. La pantalla OLED circular, la caracter\u00edstica m\u00e1s destacada, combina la tradici\u00f3n con la tecnolog\u00eda m\u00e1s avanzada y ser\u00e1 el primer sistema completamente redondo y t\u00e1ctil que ofrecer\u00e1 el mercado.<\/p>\n<p>&nbsp;<\/p>\n<p><img fetchpriority=\"high\" decoding=\"async\" class=\"aligncenter wp-image-2497 size-full\" src=\"https:\/\/autofans.com.ar\/wp-content\/uploads\/2023\/05\/foto-3-18.jpg\" alt=\"mini\" width=\"1000\" height=\"667\" srcset=\"https:\/\/autofans.com.ar\/wp-content\/uploads\/2023\/05\/foto-3-18.jpg 1000w, https:\/\/autofans.com.ar\/wp-content\/uploads\/2023\/05\/foto-3-18-300x200.jpg 300w, https:\/\/autofans.com.ar\/wp-content\/uploads\/2023\/05\/foto-3-18-768x512.jpg 768w\" sizes=\"(max-width: 1000px) 100vw, 1000px\" \/><\/p>\n<p>El lenguaje de dise\u00f1o Charismatic Simplicity, que representa la esencia del ic\u00f3nico MINI. Este se enfoca en lo esencial y combina la simplicidad de los elementos funcionales con la emotividad de la marca. Los materiales sustentables ser\u00e1n una parte esencial de este nuevo lenguaje.<\/p>\n<blockquote>\n<p style=\"text-align: center;\">\u00abEstamos convencidos de que la reducci\u00f3n consciente a unos pocos elementos expresivos posibilita innovaciones que antes hubiesen sido impensables\u00bb, comenta Oliver Heilmer, director de Dise\u00f1o de MINI.<\/p>\n<\/blockquote>\n<p>&nbsp;<\/p>\n<p><img decoding=\"async\" class=\"aligncenter wp-image-2496 size-full\" src=\"https:\/\/autofans.com.ar\/wp-content\/uploads\/2023\/05\/foto-2-23.jpg\" alt=\"mini\" width=\"1000\" height=\"667\" srcset=\"https:\/\/autofans.com.ar\/wp-content\/uploads\/2023\/05\/foto-2-23.jpg 1000w, https:\/\/autofans.com.ar\/wp-content\/uploads\/2023\/05\/foto-2-23-300x200.jpg 300w, https:\/\/autofans.com.ar\/wp-content\/uploads\/2023\/05\/foto-2-23-768x512.jpg 768w\" sizes=\"(max-width: 1000px) 100vw, 1000px\" \/><\/p>\n<p>En cuanto al dise\u00f1o de los asientos, la pr\u00f3xima familia de modelos MINI utilizar\u00e1 una gran variedad de materiales y colores sustentables de alta calidad, as\u00ed como dise\u00f1os textiles innovadores. La combinaci\u00f3n fresca de nuevos colores y patrones con elementos de estilo cl\u00e1sico construir\u00e1 un puente entre el pasado y el futuro.<\/p>\n<p>Por otro lado, las llantas de aleaci\u00f3n ligera, completamente repensadas, tambi\u00e9n siguen los principios del nuevo lenguaje de dise\u00f1o. Su dise\u00f1o minimalista contribuir\u00e1 a mejorar las cualidades aerodin\u00e1micas y aumentar la autonom\u00eda. La combinaci\u00f3n de las caracter\u00edsticas mencionadas deja entrever el paso revolucionario que est\u00e1 generando Charismatic Simplicity. El nuevo lenguaje de dise\u00f1o MINI que combina calidad, sustentabilidad y reinvenci\u00f3n en perfecta s\u00edntesis con el ADN hist\u00f3rico de la marca.<\/p>\n<h3>Acerca de BMW Group<\/h3>\n<p>Con sus cuatro marcas BMW, MINI, Rolls-Royce y BMW Motorrad, BMW Group es el fabricante Premium l\u00edder en veh\u00edculos y motocicletas; el cual, a su vez, proporciona servicios financieros y productos de movilidad de alta calidad. Al ser una empresa global, BMW Group opera m\u00e1s de 30 instalaciones de producci\u00f3n y cuenta con una red global de ventas en m\u00e1s de 140 pa\u00edses.<\/p>\n<p>En 2022, BMW Group vendi\u00f3 m\u00e1s de 2.4 millones veh\u00edculos y m\u00e1s de 202.000 motocicletas en todo el mundo. Asimismo la ganancia antes de los impuestos para el ejercicio 2022 fue de aproximadamente 16.1 mil millones de euros sobre ingresos, que ascienden a 111.2 mil millones de euros. Al 31 de diciembre de 2021, BMW Group contaba con una mano de obra de 118.909 empleados.<\/p>\n<p>El \u00e9xito de BMW Group siempre se ha basado en el pensamiento a largo plazo y la acci\u00f3n responsable. La compa\u00f1\u00eda marc\u00f3 el rumbo del futuro en una etapa temprana y de manera consistente. Haciendo que la sostenibilidad y la gesti\u00f3n eficiente de los recursos sean fundamentales para su direcci\u00f3n estrat\u00e9gica.<\/p>\n<p>&nbsp;<\/p>\n<p><i>Para enterarte de m\u00e1s novedades, no dejes de leer\u00a0<\/i><a href=\"https:\/\/autofans.thebrandsoup.com\/\"><i>nuestras notas<\/i><\/a><i>, de ver<\/i><b><i>\u00a0<\/i><\/b><a href=\"https:\/\/www.youtube.com\/channel\/UCgAC8UGHZYbT6P7PpmVnP7g\"><b><i>AUTOFANS TV<\/i><\/b><\/a><b><i>\u00a0<\/i><\/b><i>en nuestro\u00a0canal de Youtube. Adem\u00e1s seguinos en\u00a0<\/i><a href=\"https:\/\/www.instagram.com\/autofanstv\/\"><i>INSTAGRAM<\/i><\/a><i> y <\/i><a href=\"https:\/\/www.facebook.com\/autofansmas\/\"><i>FACEBOOK<\/i><\/a><i> para no perderte nada sobre las novedades del segmento automotor de Argentina y el mundo. <\/i><\/p>\n","protected":false},"excerpt":{"rendered":"<p>MINI ha dado a conocer algunos detalles de dise\u00f1o de su pr\u00f3xima familia de modelos&#8230;.<\/p>\n","protected":false},"author":2,"featured_media":2495,"comment_status":"closed","ping_status":"closed","sticky":false,"template":"","format":"standard","meta":{"footnotes":""},"categories":[3,371,1,16],"tags":[213,216,1171,1168,1099,281,415,1164,1170,1165,430,1166,1167,1169],"class_list":["post-2494","post","type-post","status-publish","format-standard","has-post-thumbnail","hentry","category-autos","category-hibridos-electricos-y","category-lanzamientos","category-noticias","tag-innovacion","tag-sostenibilidad","tag-aleacion-ligera","tag-asientos","tag-automovil","tag-calidad","tag-diseno","tag-lenguaje-de-diseno","tag-llantas","tag-materiales","tag-mini","tag-oled","tag-pantalla-circular","tag-volante"],"yoast_head":"<!-- This site is optimized with the Yoast SEO plugin v27.5 - https:\/\/yoast.com\/product\/yoast-seo-wordpress\/ -->\n<title>MINI presenta su nueva familia de modelos el\u00e9ctricos -<\/title>\n<meta name=\"description\" content=\"MINI ha dado a conocer algunos detalles de dise\u00f1o de su pr\u00f3xima familia de modelos, lo que representa una vista previa de su nuevo lenguaje..\" \/>\n<meta name=\"robots\" content=\"index, follow, max-snippet:-1, max-image-preview:large, max-video-preview:-1\" \/>\n<link rel=\"canonical\" href=\"https:\/\/autofans.com.ar\/index.php\/2023\/05\/15\/mini-presenta-su-nueva-familia-de-modelos-electricos\/\" \/>\n<meta property=\"og:locale\" content=\"es_ES\" \/>\n<meta property=\"og:type\" content=\"article\" \/>\n<meta property=\"og:title\" content=\"MINI presenta su nueva familia de modelos el\u00e9ctricos -\" \/>\n<meta property=\"og:description\" content=\"MINI ha dado a conocer algunos detalles de dise\u00f1o de su pr\u00f3xima familia de modelos, lo que representa una vista previa de su nuevo lenguaje..\" \/>\n<meta property=\"og:url\" content=\"https:\/\/autofans.com.ar\/index.php\/2023\/05\/15\/mini-presenta-su-nueva-familia-de-modelos-electricos\/\" \/>\n<meta property=\"article:published_time\" content=\"2023-05-16T00:03:04+00:00\" \/>\n<meta property=\"article:modified_time\" content=\"2023-05-16T00:13:51+00:00\" \/>\n<meta property=\"og:image\" content=\"https:\/\/autofans.com.ar\/wp-content\/uploads\/2023\/05\/foto-1-22.jpg\" \/>\n\t<meta property=\"og:image:width\" content=\"1000\" \/>\n\t<meta property=\"og:image:height\" content=\"667\" \/>\n\t<meta property=\"og:image:type\" content=\"image\/jpeg\" \/>\n<meta name=\"author\" content=\"Alejandro Gabriel Rosito\" \/>\n<meta name=\"twitter:card\" content=\"summary_large_image\" \/>\n<meta name=\"twitter:label1\" content=\"Escrito por\" \/>\n\t<meta name=\"twitter:data1\" content=\"Alejandro Gabriel Rosito\" \/>\n\t<meta name=\"twitter:label2\" content=\"Tiempo de lectura\" \/>\n\t<meta name=\"twitter:data2\" content=\"3 minutos\" \/>\n<script type=\"application\/ld+json\" class=\"yoast-schema-graph\">{\"@context\":\"https:\\\/\\\/schema.org\",\"@graph\":[{\"@type\":\"Article\",\"@id\":\"https:\\\/\\\/autofans.com.ar\\\/index.php\\\/2023\\\/05\\\/15\\\/mini-presenta-su-nueva-familia-de-modelos-electricos\\\/#article\",\"isPartOf\":{\"@id\":\"https:\\\/\\\/autofans.com.ar\\\/index.php\\\/2023\\\/05\\\/15\\\/mini-presenta-su-nueva-familia-de-modelos-electricos\\\/\"},\"author\":{\"name\":\"Alejandro Gabriel Rosito\",\"@id\":\"https:\\\/\\\/autofans.com.ar\\\/#\\\/schema\\\/person\\\/4a8dda0b6df83ac3d6723e921274c2aa\"},\"headline\":\"MINI presenta su nueva familia de modelos el\u00e9ctricos\",\"datePublished\":\"2023-05-16T00:03:04+00:00\",\"dateModified\":\"2023-05-16T00:13:51+00:00\",\"mainEntityOfPage\":{\"@id\":\"https:\\\/\\\/autofans.com.ar\\\/index.php\\\/2023\\\/05\\\/15\\\/mini-presenta-su-nueva-familia-de-modelos-electricos\\\/\"},\"wordCount\":577,\"image\":{\"@id\":\"https:\\\/\\\/autofans.com.ar\\\/index.php\\\/2023\\\/05\\\/15\\\/mini-presenta-su-nueva-familia-de-modelos-electricos\\\/#primaryimage\"},\"thumbnailUrl\":\"https:\\\/\\\/autofans.com.ar\\\/wp-content\\\/uploads\\\/2023\\\/05\\\/foto-1-22.jpg\",\"keywords\":[\"#innovaci\u00f3n\",\"#sostenibilidad\",\"aleaci\u00f3n ligera\",\"asientos\",\"Automovil\",\"calidad\",\"dise\u00f1o\",\"lenguaje de dise\u00f1o\",\"llantas\",\"materiales\",\"MINI\",\"OLED\",\"pantalla circular\",\"volante\"],\"articleSection\":[\"AUTOS y SUV\",\"H\u00edbridos, El\u00e9ctricos y +\",\"LANZAMIENTOS\",\"NOTICIAS\"],\"inLanguage\":\"es\"},{\"@type\":\"WebPage\",\"@id\":\"https:\\\/\\\/autofans.com.ar\\\/index.php\\\/2023\\\/05\\\/15\\\/mini-presenta-su-nueva-familia-de-modelos-electricos\\\/\",\"url\":\"https:\\\/\\\/autofans.com.ar\\\/index.php\\\/2023\\\/05\\\/15\\\/mini-presenta-su-nueva-familia-de-modelos-electricos\\\/\",\"name\":\"MINI presenta su nueva familia de modelos el\u00e9ctricos -\",\"isPartOf\":{\"@id\":\"https:\\\/\\\/autofans.com.ar\\\/#website\"},\"primaryImageOfPage\":{\"@id\":\"https:\\\/\\\/autofans.com.ar\\\/index.php\\\/2023\\\/05\\\/15\\\/mini-presenta-su-nueva-familia-de-modelos-electricos\\\/#primaryimage\"},\"image\":{\"@id\":\"https:\\\/\\\/autofans.com.ar\\\/index.php\\\/2023\\\/05\\\/15\\\/mini-presenta-su-nueva-familia-de-modelos-electricos\\\/#primaryimage\"},\"thumbnailUrl\":\"https:\\\/\\\/autofans.com.ar\\\/wp-content\\\/uploads\\\/2023\\\/05\\\/foto-1-22.jpg\",\"datePublished\":\"2023-05-16T00:03:04+00:00\",\"dateModified\":\"2023-05-16T00:13:51+00:00\",\"author\":{\"@id\":\"https:\\\/\\\/autofans.com.ar\\\/#\\\/schema\\\/person\\\/4a8dda0b6df83ac3d6723e921274c2aa\"},\"description\":\"MINI ha dado a conocer algunos detalles de dise\u00f1o de su pr\u00f3xima familia de modelos, lo que representa una vista previa de su nuevo lenguaje..\",\"breadcrumb\":{\"@id\":\"https:\\\/\\\/autofans.com.ar\\\/index.php\\\/2023\\\/05\\\/15\\\/mini-presenta-su-nueva-familia-de-modelos-electricos\\\/#breadcrumb\"},\"inLanguage\":\"es\",\"potentialAction\":[{\"@type\":\"ReadAction\",\"target\":[\"https:\\\/\\\/autofans.com.ar\\\/index.php\\\/2023\\\/05\\\/15\\\/mini-presenta-su-nueva-familia-de-modelos-electricos\\\/\"]}]},{\"@type\":\"ImageObject\",\"inLanguage\":\"es\",\"@id\":\"https:\\\/\\\/autofans.com.ar\\\/index.php\\\/2023\\\/05\\\/15\\\/mini-presenta-su-nueva-familia-de-modelos-electricos\\\/#primaryimage\",\"url\":\"https:\\\/\\\/autofans.com.ar\\\/wp-content\\\/uploads\\\/2023\\\/05\\\/foto-1-22.jpg\",\"contentUrl\":\"https:\\\/\\\/autofans.com.ar\\\/wp-content\\\/uploads\\\/2023\\\/05\\\/foto-1-22.jpg\",\"width\":1000,\"height\":667,\"caption\":\"mini\"},{\"@type\":\"BreadcrumbList\",\"@id\":\"https:\\\/\\\/autofans.com.ar\\\/index.php\\\/2023\\\/05\\\/15\\\/mini-presenta-su-nueva-familia-de-modelos-electricos\\\/#breadcrumb\",\"itemListElement\":[{\"@type\":\"ListItem\",\"position\":1,\"name\":\"Inicio\",\"item\":\"https:\\\/\\\/autofans.com.ar\\\/\"},{\"@type\":\"ListItem\",\"position\":2,\"name\":\"MINI presenta su nueva familia de modelos el\u00e9ctricos\"}]},{\"@type\":\"WebSite\",\"@id\":\"https:\\\/\\\/autofans.com.ar\\\/#website\",\"url\":\"https:\\\/\\\/autofans.com.ar\\\/\",\"name\":\"\",\"description\":\"El multimedio referente de la industria automotriz\",\"potentialAction\":[{\"@type\":\"SearchAction\",\"target\":{\"@type\":\"EntryPoint\",\"urlTemplate\":\"https:\\\/\\\/autofans.com.ar\\\/?s={search_term_string}\"},\"query-input\":{\"@type\":\"PropertyValueSpecification\",\"valueRequired\":true,\"valueName\":\"search_term_string\"}}],\"inLanguage\":\"es\"},{\"@type\":\"Person\",\"@id\":\"https:\\\/\\\/autofans.com.ar\\\/#\\\/schema\\\/person\\\/4a8dda0b6df83ac3d6723e921274c2aa\",\"name\":\"Alejandro Gabriel Rosito\",\"image\":{\"@type\":\"ImageObject\",\"inLanguage\":\"es\",\"@id\":\"https:\\\/\\\/secure.gravatar.com\\\/avatar\\\/16c5dda1489adfc62618084dcbb91cffd879c374b13fe5dd8e44ed6733852c88?s=96&d=mm&r=g\",\"url\":\"https:\\\/\\\/secure.gravatar.com\\\/avatar\\\/16c5dda1489adfc62618084dcbb91cffd879c374b13fe5dd8e44ed6733852c88?s=96&d=mm&r=g\",\"contentUrl\":\"https:\\\/\\\/secure.gravatar.com\\\/avatar\\\/16c5dda1489adfc62618084dcbb91cffd879c374b13fe5dd8e44ed6733852c88?s=96&d=mm&r=g\",\"caption\":\"Alejandro Gabriel Rosito\"},\"url\":\"https:\\\/\\\/autofans.com.ar\\\/index.php\\\/author\\\/gabrielr\\\/\"}]}<\/script>\n<!-- \/ Yoast SEO plugin. -->","yoast_head_json":{"title":"MINI presenta su nueva familia de modelos el\u00e9ctricos -","description":"MINI ha dado a conocer algunos detalles de dise\u00f1o de su pr\u00f3xima familia de modelos, lo que representa una vista previa de su nuevo lenguaje..","robots":{"index":"index","follow":"follow","max-snippet":"max-snippet:-1","max-image-preview":"max-image-preview:large","max-video-preview":"max-video-preview:-1"},"canonical":"https:\/\/autofans.com.ar\/index.php\/2023\/05\/15\/mini-presenta-su-nueva-familia-de-modelos-electricos\/","og_locale":"es_ES","og_type":"article","og_title":"MINI presenta su nueva familia de modelos el\u00e9ctricos -","og_description":"MINI ha dado a conocer algunos detalles de dise\u00f1o de su pr\u00f3xima familia de modelos, lo que representa una vista previa de su nuevo lenguaje..","og_url":"https:\/\/autofans.com.ar\/index.php\/2023\/05\/15\/mini-presenta-su-nueva-familia-de-modelos-electricos\/","article_published_time":"2023-05-16T00:03:04+00:00","article_modified_time":"2023-05-16T00:13:51+00:00","og_image":[{"width":1000,"height":667,"url":"https:\/\/autofans.com.ar\/wp-content\/uploads\/2023\/05\/foto-1-22.jpg","type":"image\/jpeg"}],"author":"Alejandro Gabriel Rosito","twitter_card":"summary_large_image","twitter_misc":{"Escrito por":"Alejandro Gabriel Rosito","Tiempo de lectura":"3 minutos"},"schema":{"@context":"https:\/\/schema.org","@graph":[{"@type":"Article","@id":"https:\/\/autofans.com.ar\/index.php\/2023\/05\/15\/mini-presenta-su-nueva-familia-de-modelos-electricos\/#article","isPartOf":{"@id":"https:\/\/autofans.com.ar\/index.php\/2023\/05\/15\/mini-presenta-su-nueva-familia-de-modelos-electricos\/"},"author":{"name":"Alejandro Gabriel Rosito","@id":"https:\/\/autofans.com.ar\/#\/schema\/person\/4a8dda0b6df83ac3d6723e921274c2aa"},"headline":"MINI presenta su nueva familia de modelos el\u00e9ctricos","datePublished":"2023-05-16T00:03:04+00:00","dateModified":"2023-05-16T00:13:51+00:00","mainEntityOfPage":{"@id":"https:\/\/autofans.com.ar\/index.php\/2023\/05\/15\/mini-presenta-su-nueva-familia-de-modelos-electricos\/"},"wordCount":577,"image":{"@id":"https:\/\/autofans.com.ar\/index.php\/2023\/05\/15\/mini-presenta-su-nueva-familia-de-modelos-electricos\/#primaryimage"},"thumbnailUrl":"https:\/\/autofans.com.ar\/wp-content\/uploads\/2023\/05\/foto-1-22.jpg","keywords":["#innovaci\u00f3n","#sostenibilidad","aleaci\u00f3n ligera","asientos","Automovil","calidad","dise\u00f1o","lenguaje de dise\u00f1o","llantas","materiales","MINI","OLED","pantalla circular","volante"],"articleSection":["AUTOS y SUV","H\u00edbridos, El\u00e9ctricos y +","LANZAMIENTOS","NOTICIAS"],"inLanguage":"es"},{"@type":"WebPage","@id":"https:\/\/autofans.com.ar\/index.php\/2023\/05\/15\/mini-presenta-su-nueva-familia-de-modelos-electricos\/","url":"https:\/\/autofans.com.ar\/index.php\/2023\/05\/15\/mini-presenta-su-nueva-familia-de-modelos-electricos\/","name":"MINI presenta su nueva familia de modelos el\u00e9ctricos -","isPartOf":{"@id":"https:\/\/autofans.com.ar\/#website"},"primaryImageOfPage":{"@id":"https:\/\/autofans.com.ar\/index.php\/2023\/05\/15\/mini-presenta-su-nueva-familia-de-modelos-electricos\/#primaryimage"},"image":{"@id":"https:\/\/autofans.com.ar\/index.php\/2023\/05\/15\/mini-presenta-su-nueva-familia-de-modelos-electricos\/#primaryimage"},"thumbnailUrl":"https:\/\/autofans.com.ar\/wp-content\/uploads\/2023\/05\/foto-1-22.jpg","datePublished":"2023-05-16T00:03:04+00:00","dateModified":"2023-05-16T00:13:51+00:00","author":{"@id":"https:\/\/autofans.com.ar\/#\/schema\/person\/4a8dda0b6df83ac3d6723e921274c2aa"},"description":"MINI ha dado a conocer algunos detalles de dise\u00f1o de su pr\u00f3xima familia de modelos, lo que representa una vista previa de su nuevo lenguaje..","breadcrumb":{"@id":"https:\/\/autofans.com.ar\/index.php\/2023\/05\/15\/mini-presenta-su-nueva-familia-de-modelos-electricos\/#breadcrumb"},"inLanguage":"es","potentialAction":[{"@type":"ReadAction","target":["https:\/\/autofans.com.ar\/index.php\/2023\/05\/15\/mini-presenta-su-nueva-familia-de-modelos-electricos\/"]}]},{"@type":"ImageObject","inLanguage":"es","@id":"https:\/\/autofans.com.ar\/index.php\/2023\/05\/15\/mini-presenta-su-nueva-familia-de-modelos-electricos\/#primaryimage","url":"https:\/\/autofans.com.ar\/wp-content\/uploads\/2023\/05\/foto-1-22.jpg","contentUrl":"https:\/\/autofans.com.ar\/wp-content\/uploads\/2023\/05\/foto-1-22.jpg","width":1000,"height":667,"caption":"mini"},{"@type":"BreadcrumbList","@id":"https:\/\/autofans.com.ar\/index.php\/2023\/05\/15\/mini-presenta-su-nueva-familia-de-modelos-electricos\/#breadcrumb","itemListElement":[{"@type":"ListItem","position":1,"name":"Inicio","item":"https:\/\/autofans.com.ar\/"},{"@type":"ListItem","position":2,"name":"MINI presenta su nueva familia de modelos el\u00e9ctricos"}]},{"@type":"WebSite","@id":"https:\/\/autofans.com.ar\/#website","url":"https:\/\/autofans.com.ar\/","name":"","description":"El multimedio referente de la industria automotriz","potentialAction":[{"@type":"SearchAction","target":{"@type":"EntryPoint","urlTemplate":"https:\/\/autofans.com.ar\/?s={search_term_string}"},"query-input":{"@type":"PropertyValueSpecification","valueRequired":true,"valueName":"search_term_string"}}],"inLanguage":"es"},{"@type":"Person","@id":"https:\/\/autofans.com.ar\/#\/schema\/person\/4a8dda0b6df83ac3d6723e921274c2aa","name":"Alejandro Gabriel Rosito","image":{"@type":"ImageObject","inLanguage":"es","@id":"https:\/\/secure.gravatar.com\/avatar\/16c5dda1489adfc62618084dcbb91cffd879c374b13fe5dd8e44ed6733852c88?s=96&d=mm&r=g","url":"https:\/\/secure.gravatar.com\/avatar\/16c5dda1489adfc62618084dcbb91cffd879c374b13fe5dd8e44ed6733852c88?s=96&d=mm&r=g","contentUrl":"https:\/\/secure.gravatar.com\/avatar\/16c5dda1489adfc62618084dcbb91cffd879c374b13fe5dd8e44ed6733852c88?s=96&d=mm&r=g","caption":"Alejandro Gabriel Rosito"},"url":"https:\/\/autofans.com.ar\/index.php\/author\/gabrielr\/"}]}},"featured_image_urls":{"full":["https:\/\/autofans.com.ar\/wp-content\/uploads\/2023\/05\/foto-1-22.jpg",1000,667,false],"thumbnail":["https:\/\/autofans.com.ar\/wp-content\/uploads\/2023\/05\/foto-1-22-150x150.jpg",150,150,true],"medium":["https:\/\/autofans.com.ar\/wp-content\/uploads\/2023\/05\/foto-1-22-300x200.jpg",300,200,true],"medium_large":["https:\/\/autofans.com.ar\/wp-content\/uploads\/2023\/05\/foto-1-22-768x512.jpg",640,427,true],"large":["https:\/\/autofans.com.ar\/wp-content\/uploads\/2023\/05\/foto-1-22.jpg",640,427,false],"1536x1536":["https:\/\/autofans.com.ar\/wp-content\/uploads\/2023\/05\/foto-1-22.jpg",1000,667,false],"2048x2048":["https:\/\/autofans.com.ar\/wp-content\/uploads\/2023\/05\/foto-1-22.jpg",1000,667,false],"covernews-featured":["https:\/\/autofans.com.ar\/wp-content\/uploads\/2023\/05\/foto-1-22.jpg",1000,667,false],"covernews-medium":["https:\/\/autofans.com.ar\/wp-content\/uploads\/2023\/05\/foto-1-22-540x340.jpg",540,340,true]},"author_info":{"display_name":"Alejandro Gabriel Rosito","author_link":"https:\/\/autofans.com.ar\/index.php\/author\/gabrielr\/"},"category_info":"<a href=\"https:\/\/autofans.com.ar\/index.php\/category\/noticias\/autos\/\" rel=\"category tag\">AUTOS y SUV<\/a> <a href=\"https:\/\/autofans.com.ar\/index.php\/category\/lanzamientos\/hibridos-electricos-y\/\" rel=\"category tag\">H\u00edbridos, El\u00e9ctricos y +<\/a> <a href=\"https:\/\/autofans.com.ar\/index.php\/category\/lanzamientos\/\" rel=\"category tag\">LANZAMIENTOS<\/a> <a href=\"https:\/\/autofans.com.ar\/index.php\/category\/noticias\/\" rel=\"category tag\">NOTICIAS<\/a>","tag_info":"NOTICIAS","comment_count":0,"_links":{"self":[{"href":"https:\/\/autofans.com.ar\/index.php\/wp-json\/wp\/v2\/posts\/2494","targetHints":{"allow":["GET"]}}],"collection":[{"href":"https:\/\/autofans.com.ar\/index.php\/wp-json\/wp\/v2\/posts"}],"about":[{"href":"https:\/\/autofans.com.ar\/index.php\/wp-json\/wp\/v2\/types\/post"}],"author":[{"embeddable":true,"href":"https:\/\/autofans.com.ar\/index.php\/wp-json\/wp\/v2\/users\/2"}],"replies":[{"embeddable":true,"href":"https:\/\/autofans.com.ar\/index.php\/wp-json\/wp\/v2\/comments?post=2494"}],"version-history":[{"count":2,"href":"https:\/\/autofans.com.ar\/index.php\/wp-json\/wp\/v2\/posts\/2494\/revisions"}],"predecessor-version":[{"id":2516,"href":"https:\/\/autofans.com.ar\/index.php\/wp-json\/wp\/v2\/posts\/2494\/revisions\/2516"}],"wp:featuredmedia":[{"embeddable":true,"href":"https:\/\/autofans.com.ar\/index.php\/wp-json\/wp\/v2\/media\/2495"}],"wp:attachment":[{"href":"https:\/\/autofans.com.ar\/index.php\/wp-json\/wp\/v2\/media?parent=2494"}],"wp:term":[{"taxonomy":"category","embeddable":true,"href":"https:\/\/autofans.com.ar\/index.php\/wp-json\/wp\/v2\/categories?post=2494"},{"taxonomy":"post_tag","embeddable":true,"href":"https:\/\/autofans.com.ar\/index.php\/wp-json\/wp\/v2\/tags?post=2494"}],"curies":[{"name":"wp","href":"https:\/\/api.w.org\/{rel}","templated":true}]}}