{"id":2526,"date":"2023-05-16T11:27:29","date_gmt":"2023-05-16T14:27:29","guid":{"rendered":"https:\/\/autofans.com.ar\/?p=2526"},"modified":"2023-05-16T11:27:29","modified_gmt":"2023-05-16T14:27:29","slug":"qualcomm-refuerza-su-cartera-de-tecnologias-v2x-con-la-adquisicion-de-autotalks","status":"publish","type":"post","link":"https:\/\/autofans.com.ar\/index.php\/2023\/05\/16\/qualcomm-refuerza-su-cartera-de-tecnologias-v2x-con-la-adquisicion-de-autotalks\/","title":{"rendered":"Qualcomm refuerza su cartera de tecnolog\u00edas V2X con la adquisici\u00f3n de Autotalks"},"content":{"rendered":"<p>Qualcomm adquiere Autotalks, empresa especializada en la comunicaci\u00f3n veh\u00edculo a todo (V2X). El objetivo de reforzar su oferta en el ecosistema automotriz y acelerar la adopci\u00f3n de tecnolog\u00edas V2X. La conectividad es cada vez m\u00e1s importante para la transformaci\u00f3n digital de la industria automotriz. Asimismo esto sienta las bases para la pr\u00f3xima generaci\u00f3n de veh\u00edculos definidos por el software, que permitir\u00e1n nuevos modelos de negocio, al tiempo que transformar\u00e1n la experiencia de manejo con nuevos servicios, personalizaci\u00f3n y, lo que es m\u00e1s importante, seguridad.<\/p>\n<p>&nbsp;<\/p>\n<p><center><iframe title=\"Autotalks&#039; V2X: A new era of road safety\" width=\"640\" height=\"360\" src=\"https:\/\/www.youtube.com\/embed\/EX8a2_-52rA?start=28&#038;feature=oembed\" frameborder=\"0\" allow=\"accelerometer; autoplay; clipboard-write; encrypted-media; gyroscope; picture-in-picture; web-share\" referrerpolicy=\"strict-origin-when-cross-origin\" allowfullscreen><\/iframe><\/p>\n<p>&nbsp;<\/p>\n<p><\/center>&nbsp;<\/p>\n<p>Las tecnolog\u00edas de comunicaci\u00f3n V2X permiten que los veh\u00edculos se comuniquen entre s\u00ed y con el entorno que los rodea, convirti\u00e9ndose en sensores cr\u00edticos para los sistemas de seguridad del autom\u00f3vil, reduciendo las colisiones y mejorando la movilidad. En cuanto a Autotalks es una empresa que se ha dedicado a las comunicaciones V2X desde 2009, proporcionando soluciones V2X globales de modo dual cualificadas para la automoci\u00f3n y compatibles con m\u00faltiples est\u00e1ndares V2X.<\/p>\n<p>&nbsp;<\/p>\n<div id='gallery-1' class='gallery galleryid-2526 gallery-columns-2 gallery-size-full'><figure class='gallery-item'>\n\t\t\t<div class='gallery-icon landscape'>\n\t\t\t\t<a href='https:\/\/autofans.com.ar\/index.php\/2023\/05\/16\/qualcomm-refuerza-su-cartera-de-tecnologias-v2x-con-la-adquisicion-de-autotalks\/foto-3-80\/'><img loading=\"lazy\" width=\"1000\" height=\"667\" src=\"https:\/\/autofans.com.ar\/wp-content\/uploads\/2023\/05\/foto-3-19.jpg\" class=\"attachment-full size-full\" alt=\"qualcomm\" srcset=\"https:\/\/autofans.com.ar\/wp-content\/uploads\/2023\/05\/foto-3-19.jpg 1000w, https:\/\/autofans.com.ar\/wp-content\/uploads\/2023\/05\/foto-3-19-300x200.jpg 300w, https:\/\/autofans.com.ar\/wp-content\/uploads\/2023\/05\/foto-3-19-768x512.jpg 768w\" sizes=\"auto, (max-width: 1000px) 100vw, 1000px\" loading=\"lazy\" decoding=\"async\" \/><\/a>\n\t\t\t<\/div><\/figure><figure class='gallery-item'>\n\t\t\t<div class='gallery-icon landscape'>\n\t\t\t\t<a href='https:\/\/autofans.com.ar\/index.php\/2023\/05\/16\/qualcomm-refuerza-su-cartera-de-tecnologias-v2x-con-la-adquisicion-de-autotalks\/foto-4-65\/'><img loading=\"lazy\" width=\"1000\" height=\"667\" src=\"https:\/\/autofans.com.ar\/wp-content\/uploads\/2023\/05\/foto-4-14.jpg\" class=\"attachment-full size-full\" alt=\"qualcomm\" srcset=\"https:\/\/autofans.com.ar\/wp-content\/uploads\/2023\/05\/foto-4-14.jpg 1000w, https:\/\/autofans.com.ar\/wp-content\/uploads\/2023\/05\/foto-4-14-300x200.jpg 300w, https:\/\/autofans.com.ar\/wp-content\/uploads\/2023\/05\/foto-4-14-768x512.jpg 768w\" sizes=\"auto, (max-width: 1000px) 100vw, 1000px\" loading=\"lazy\" decoding=\"async\" \/><\/a>\n\t\t\t<\/div><\/figure>\n\t\t<\/div>\n\n<p>Por otra parte la adquisici\u00f3n de Autotalks por <a href=\"https:\/\/www.qualcomm.com\/products\/automotive\/snapdragon-digital-chassis\/c-v2x#overview\" target=\"_blank\" rel=\"noopener\">Qualcomm,<\/a> significa la incorporaci\u00f3n de soluciones de seguridad aut\u00f3nomas de modo dual, listas para la producci\u00f3n, a la creciente cartera de productos Snapdragon\u00ae Digital Chassis de Qualcomm Technologies, el completo conjunto de plataformas de automoci\u00f3n conectadas a la nube de la empresa.<\/p>\n<blockquote>\n<p style=\"text-align: center;\">\u00abHemos estado invirtiendo en investigaci\u00f3n, desarrollo e implementaci\u00f3n de V2X desde 2017 y creemos que a medida que el mercado automotriz madura, se necesitar\u00e1 una arquitectura de seguridad V2X independiente para mejorar la seguridad de los usuarios de la carretera, as\u00ed como los sistemas de transporte inteligentes\u00bb, dijo Nakul Duggal, vicepresidente ejecutivo y director general de automoci\u00f3n de Qualcomm Technologies, Inc.<\/p>\n<\/blockquote>\n<p><img fetchpriority=\"high\" decoding=\"async\" class=\"aligncenter wp-image-2528 size-full\" src=\"https:\/\/autofans.com.ar\/wp-content\/uploads\/2023\/05\/foto-2-25.jpg\" alt=\"qualcomm\" width=\"1000\" height=\"667\" srcset=\"https:\/\/autofans.com.ar\/wp-content\/uploads\/2023\/05\/foto-2-25.jpg 1000w, https:\/\/autofans.com.ar\/wp-content\/uploads\/2023\/05\/foto-2-25-300x200.jpg 300w, https:\/\/autofans.com.ar\/wp-content\/uploads\/2023\/05\/foto-2-25-768x512.jpg 768w\" sizes=\"(max-width: 1000px) 100vw, 1000px\" \/><\/p>\n<p>Por \u00faltimo, la combinaci\u00f3n de la experiencia y los productos l\u00edderes del sector de Autotalks con los 20 a\u00f1os de experiencia de Qualcomm en el sector de la automoci\u00f3n y su compromiso con V2X apuntan a ayudar a acelerar el desarrollo y la adopci\u00f3n de soluciones V2X para mejorar la eficiencia del tr\u00e1fico.<\/p>\n<p>&nbsp;<\/p>\n<p>&nbsp;<\/p>\n<p><i>Para enterarte de m\u00e1s novedades, no dejes de leer\u00a0<\/i><a href=\"https:\/\/autofans.thebrandsoup.com\/\"><i>nuestras notas<\/i><\/a><i>, de ver<\/i><b><i>\u00a0<\/i><\/b><a href=\"https:\/\/www.youtube.com\/channel\/UCgAC8UGHZYbT6P7PpmVnP7g\"><b><i>AUTOFANS TV<\/i><\/b><\/a><b><i>\u00a0<\/i><\/b><i>en nuestro\u00a0canal de Youtube. Adem\u00e1s seguinos en\u00a0<\/i><a href=\"https:\/\/www.instagram.com\/autofanstv\/\"><i>INSTAGRAM<\/i><\/a><i> y <\/i><a href=\"https:\/\/www.facebook.com\/autofansmas\/\"><i>FACEBOOK<\/i><\/a><i> para no perderte nada sobre las novedades del segmento automotor de Argentina y el mundo. <\/i><\/p>\n","protected":false},"excerpt":{"rendered":"<p>Qualcomm adquiere Autotalks, empresa especializada en la comunicaci\u00f3n veh\u00edculo a todo (V2X). El objetivo de&#8230;<\/p>\n","protected":false},"author":2,"featured_media":2527,"comment_status":"closed","ping_status":"closed","sticky":false,"template":"","format":"standard","meta":{"footnotes":""},"categories":[6,292,16],"tags":[211,360,1204,937,1203,1206,1205],"class_list":["post-2526","post","type-post","status-publish","format-standard","has-post-thumbnail","hentry","category-bizstyle","category-empresas","category-noticias","tag-tecnologia","tag-automoviles","tag-autotalks","tag-conectividad","tag-qualcomm","tag-seguridadvial","tag-v2x"],"yoast_head":"<!-- This site is optimized with the Yoast SEO plugin v27.5 - https:\/\/yoast.com\/product\/yoast-seo-wordpress\/ -->\n<title>Qualcomm refuerza su cartera de tecnolog\u00edas V2X con la adquisici\u00f3n de Autotalks -<\/title>\n<meta name=\"description\" content=\"Qualcomm adquiere Autotalks, empresa especializada en la comunicaci\u00f3n veh\u00edculo a todo (V2X), con el objetivo de reforzar su oferta...\" \/>\n<meta name=\"robots\" content=\"index, follow, max-snippet:-1, max-image-preview:large, max-video-preview:-1\" \/>\n<link rel=\"canonical\" href=\"https:\/\/autofans.com.ar\/index.php\/2023\/05\/16\/qualcomm-refuerza-su-cartera-de-tecnologias-v2x-con-la-adquisicion-de-autotalks\/\" \/>\n<meta property=\"og:locale\" content=\"es_ES\" \/>\n<meta property=\"og:type\" content=\"article\" \/>\n<meta property=\"og:title\" content=\"Qualcomm refuerza su cartera de tecnolog\u00edas V2X con la adquisici\u00f3n de Autotalks -\" \/>\n<meta property=\"og:description\" content=\"Qualcomm adquiere Autotalks, empresa especializada en la comunicaci\u00f3n veh\u00edculo a todo (V2X), con el objetivo de reforzar su oferta...\" \/>\n<meta property=\"og:url\" content=\"https:\/\/autofans.com.ar\/index.php\/2023\/05\/16\/qualcomm-refuerza-su-cartera-de-tecnologias-v2x-con-la-adquisicion-de-autotalks\/\" \/>\n<meta property=\"article:published_time\" content=\"2023-05-16T14:27:29+00:00\" \/>\n<meta property=\"og:image\" content=\"https:\/\/autofans.com.ar\/wp-content\/uploads\/2023\/05\/foto-1-24.jpg\" \/>\n\t<meta property=\"og:image:width\" content=\"1000\" \/>\n\t<meta property=\"og:image:height\" content=\"667\" \/>\n\t<meta property=\"og:image:type\" content=\"image\/jpeg\" \/>\n<meta name=\"author\" content=\"Alejandro Gabriel Rosito\" \/>\n<meta name=\"twitter:card\" content=\"summary_large_image\" \/>\n<meta name=\"twitter:label1\" content=\"Escrito por\" \/>\n\t<meta name=\"twitter:data1\" content=\"Alejandro Gabriel Rosito\" \/>\n\t<meta name=\"twitter:label2\" content=\"Tiempo de lectura\" \/>\n\t<meta name=\"twitter:data2\" content=\"2 minutos\" \/>\n<script type=\"application\/ld+json\" class=\"yoast-schema-graph\">{\"@context\":\"https:\\\/\\\/schema.org\",\"@graph\":[{\"@type\":\"Article\",\"@id\":\"https:\\\/\\\/autofans.com.ar\\\/index.php\\\/2023\\\/05\\\/16\\\/qualcomm-refuerza-su-cartera-de-tecnologias-v2x-con-la-adquisicion-de-autotalks\\\/#article\",\"isPartOf\":{\"@id\":\"https:\\\/\\\/autofans.com.ar\\\/index.php\\\/2023\\\/05\\\/16\\\/qualcomm-refuerza-su-cartera-de-tecnologias-v2x-con-la-adquisicion-de-autotalks\\\/\"},\"author\":{\"name\":\"Alejandro Gabriel Rosito\",\"@id\":\"https:\\\/\\\/autofans.com.ar\\\/#\\\/schema\\\/person\\\/4a8dda0b6df83ac3d6723e921274c2aa\"},\"headline\":\"Qualcomm refuerza su cartera de tecnolog\u00edas V2X con la adquisici\u00f3n de Autotalks\",\"datePublished\":\"2023-05-16T14:27:29+00:00\",\"mainEntityOfPage\":{\"@id\":\"https:\\\/\\\/autofans.com.ar\\\/index.php\\\/2023\\\/05\\\/16\\\/qualcomm-refuerza-su-cartera-de-tecnologias-v2x-con-la-adquisicion-de-autotalks\\\/\"},\"wordCount\":446,\"image\":{\"@id\":\"https:\\\/\\\/autofans.com.ar\\\/index.php\\\/2023\\\/05\\\/16\\\/qualcomm-refuerza-su-cartera-de-tecnologias-v2x-con-la-adquisicion-de-autotalks\\\/#primaryimage\"},\"thumbnailUrl\":\"https:\\\/\\\/autofans.com.ar\\\/wp-content\\\/uploads\\\/2023\\\/05\\\/foto-1-24.jpg\",\"keywords\":[\"#tecnolog\u00eda\",\"autom\u00f3viles\",\"Autotalks\",\"conectividad\",\"Qualcomm\",\"seguridadvial\",\"V2X\"],\"articleSection\":[\"BIZSTYLE\",\"EMPRESAS\",\"NOTICIAS\"],\"inLanguage\":\"es\"},{\"@type\":\"WebPage\",\"@id\":\"https:\\\/\\\/autofans.com.ar\\\/index.php\\\/2023\\\/05\\\/16\\\/qualcomm-refuerza-su-cartera-de-tecnologias-v2x-con-la-adquisicion-de-autotalks\\\/\",\"url\":\"https:\\\/\\\/autofans.com.ar\\\/index.php\\\/2023\\\/05\\\/16\\\/qualcomm-refuerza-su-cartera-de-tecnologias-v2x-con-la-adquisicion-de-autotalks\\\/\",\"name\":\"Qualcomm refuerza su cartera de tecnolog\u00edas V2X con la adquisici\u00f3n de Autotalks -\",\"isPartOf\":{\"@id\":\"https:\\\/\\\/autofans.com.ar\\\/#website\"},\"primaryImageOfPage\":{\"@id\":\"https:\\\/\\\/autofans.com.ar\\\/index.php\\\/2023\\\/05\\\/16\\\/qualcomm-refuerza-su-cartera-de-tecnologias-v2x-con-la-adquisicion-de-autotalks\\\/#primaryimage\"},\"image\":{\"@id\":\"https:\\\/\\\/autofans.com.ar\\\/index.php\\\/2023\\\/05\\\/16\\\/qualcomm-refuerza-su-cartera-de-tecnologias-v2x-con-la-adquisicion-de-autotalks\\\/#primaryimage\"},\"thumbnailUrl\":\"https:\\\/\\\/autofans.com.ar\\\/wp-content\\\/uploads\\\/2023\\\/05\\\/foto-1-24.jpg\",\"datePublished\":\"2023-05-16T14:27:29+00:00\",\"author\":{\"@id\":\"https:\\\/\\\/autofans.com.ar\\\/#\\\/schema\\\/person\\\/4a8dda0b6df83ac3d6723e921274c2aa\"},\"description\":\"Qualcomm adquiere Autotalks, empresa especializada en la comunicaci\u00f3n veh\u00edculo a todo (V2X), con el objetivo de reforzar su oferta...\",\"breadcrumb\":{\"@id\":\"https:\\\/\\\/autofans.com.ar\\\/index.php\\\/2023\\\/05\\\/16\\\/qualcomm-refuerza-su-cartera-de-tecnologias-v2x-con-la-adquisicion-de-autotalks\\\/#breadcrumb\"},\"inLanguage\":\"es\",\"potentialAction\":[{\"@type\":\"ReadAction\",\"target\":[\"https:\\\/\\\/autofans.com.ar\\\/index.php\\\/2023\\\/05\\\/16\\\/qualcomm-refuerza-su-cartera-de-tecnologias-v2x-con-la-adquisicion-de-autotalks\\\/\"]}]},{\"@type\":\"ImageObject\",\"inLanguage\":\"es\",\"@id\":\"https:\\\/\\\/autofans.com.ar\\\/index.php\\\/2023\\\/05\\\/16\\\/qualcomm-refuerza-su-cartera-de-tecnologias-v2x-con-la-adquisicion-de-autotalks\\\/#primaryimage\",\"url\":\"https:\\\/\\\/autofans.com.ar\\\/wp-content\\\/uploads\\\/2023\\\/05\\\/foto-1-24.jpg\",\"contentUrl\":\"https:\\\/\\\/autofans.com.ar\\\/wp-content\\\/uploads\\\/2023\\\/05\\\/foto-1-24.jpg\",\"width\":1000,\"height\":667,\"caption\":\"qualcomm\"},{\"@type\":\"BreadcrumbList\",\"@id\":\"https:\\\/\\\/autofans.com.ar\\\/index.php\\\/2023\\\/05\\\/16\\\/qualcomm-refuerza-su-cartera-de-tecnologias-v2x-con-la-adquisicion-de-autotalks\\\/#breadcrumb\",\"itemListElement\":[{\"@type\":\"ListItem\",\"position\":1,\"name\":\"Inicio\",\"item\":\"https:\\\/\\\/autofans.com.ar\\\/\"},{\"@type\":\"ListItem\",\"position\":2,\"name\":\"Qualcomm refuerza su cartera de tecnolog\u00edas V2X con la adquisici\u00f3n de Autotalks\"}]},{\"@type\":\"WebSite\",\"@id\":\"https:\\\/\\\/autofans.com.ar\\\/#website\",\"url\":\"https:\\\/\\\/autofans.com.ar\\\/\",\"name\":\"\",\"description\":\"El multimedio referente de la industria automotriz\",\"potentialAction\":[{\"@type\":\"SearchAction\",\"target\":{\"@type\":\"EntryPoint\",\"urlTemplate\":\"https:\\\/\\\/autofans.com.ar\\\/?s={search_term_string}\"},\"query-input\":{\"@type\":\"PropertyValueSpecification\",\"valueRequired\":true,\"valueName\":\"search_term_string\"}}],\"inLanguage\":\"es\"},{\"@type\":\"Person\",\"@id\":\"https:\\\/\\\/autofans.com.ar\\\/#\\\/schema\\\/person\\\/4a8dda0b6df83ac3d6723e921274c2aa\",\"name\":\"Alejandro Gabriel Rosito\",\"image\":{\"@type\":\"ImageObject\",\"inLanguage\":\"es\",\"@id\":\"https:\\\/\\\/secure.gravatar.com\\\/avatar\\\/16c5dda1489adfc62618084dcbb91cffd879c374b13fe5dd8e44ed6733852c88?s=96&d=mm&r=g\",\"url\":\"https:\\\/\\\/secure.gravatar.com\\\/avatar\\\/16c5dda1489adfc62618084dcbb91cffd879c374b13fe5dd8e44ed6733852c88?s=96&d=mm&r=g\",\"contentUrl\":\"https:\\\/\\\/secure.gravatar.com\\\/avatar\\\/16c5dda1489adfc62618084dcbb91cffd879c374b13fe5dd8e44ed6733852c88?s=96&d=mm&r=g\",\"caption\":\"Alejandro Gabriel Rosito\"},\"url\":\"https:\\\/\\\/autofans.com.ar\\\/index.php\\\/author\\\/gabrielr\\\/\"}]}<\/script>\n<!-- \/ Yoast SEO plugin. -->","yoast_head_json":{"title":"Qualcomm refuerza su cartera de tecnolog\u00edas V2X con la adquisici\u00f3n de Autotalks -","description":"Qualcomm adquiere Autotalks, empresa especializada en la comunicaci\u00f3n veh\u00edculo a todo (V2X), con el objetivo de reforzar su oferta...","robots":{"index":"index","follow":"follow","max-snippet":"max-snippet:-1","max-image-preview":"max-image-preview:large","max-video-preview":"max-video-preview:-1"},"canonical":"https:\/\/autofans.com.ar\/index.php\/2023\/05\/16\/qualcomm-refuerza-su-cartera-de-tecnologias-v2x-con-la-adquisicion-de-autotalks\/","og_locale":"es_ES","og_type":"article","og_title":"Qualcomm refuerza su cartera de tecnolog\u00edas V2X con la adquisici\u00f3n de Autotalks -","og_description":"Qualcomm adquiere Autotalks, empresa especializada en la comunicaci\u00f3n veh\u00edculo a todo (V2X), con el objetivo de reforzar su oferta...","og_url":"https:\/\/autofans.com.ar\/index.php\/2023\/05\/16\/qualcomm-refuerza-su-cartera-de-tecnologias-v2x-con-la-adquisicion-de-autotalks\/","article_published_time":"2023-05-16T14:27:29+00:00","og_image":[{"width":1000,"height":667,"url":"https:\/\/autofans.com.ar\/wp-content\/uploads\/2023\/05\/foto-1-24.jpg","type":"image\/jpeg"}],"author":"Alejandro Gabriel Rosito","twitter_card":"summary_large_image","twitter_misc":{"Escrito por":"Alejandro Gabriel Rosito","Tiempo de lectura":"2 minutos"},"schema":{"@context":"https:\/\/schema.org","@graph":[{"@type":"Article","@id":"https:\/\/autofans.com.ar\/index.php\/2023\/05\/16\/qualcomm-refuerza-su-cartera-de-tecnologias-v2x-con-la-adquisicion-de-autotalks\/#article","isPartOf":{"@id":"https:\/\/autofans.com.ar\/index.php\/2023\/05\/16\/qualcomm-refuerza-su-cartera-de-tecnologias-v2x-con-la-adquisicion-de-autotalks\/"},"author":{"name":"Alejandro Gabriel Rosito","@id":"https:\/\/autofans.com.ar\/#\/schema\/person\/4a8dda0b6df83ac3d6723e921274c2aa"},"headline":"Qualcomm refuerza su cartera de tecnolog\u00edas V2X con la adquisici\u00f3n de Autotalks","datePublished":"2023-05-16T14:27:29+00:00","mainEntityOfPage":{"@id":"https:\/\/autofans.com.ar\/index.php\/2023\/05\/16\/qualcomm-refuerza-su-cartera-de-tecnologias-v2x-con-la-adquisicion-de-autotalks\/"},"wordCount":446,"image":{"@id":"https:\/\/autofans.com.ar\/index.php\/2023\/05\/16\/qualcomm-refuerza-su-cartera-de-tecnologias-v2x-con-la-adquisicion-de-autotalks\/#primaryimage"},"thumbnailUrl":"https:\/\/autofans.com.ar\/wp-content\/uploads\/2023\/05\/foto-1-24.jpg","keywords":["#tecnolog\u00eda","autom\u00f3viles","Autotalks","conectividad","Qualcomm","seguridadvial","V2X"],"articleSection":["BIZSTYLE","EMPRESAS","NOTICIAS"],"inLanguage":"es"},{"@type":"WebPage","@id":"https:\/\/autofans.com.ar\/index.php\/2023\/05\/16\/qualcomm-refuerza-su-cartera-de-tecnologias-v2x-con-la-adquisicion-de-autotalks\/","url":"https:\/\/autofans.com.ar\/index.php\/2023\/05\/16\/qualcomm-refuerza-su-cartera-de-tecnologias-v2x-con-la-adquisicion-de-autotalks\/","name":"Qualcomm refuerza su cartera de tecnolog\u00edas V2X con la adquisici\u00f3n de Autotalks -","isPartOf":{"@id":"https:\/\/autofans.com.ar\/#website"},"primaryImageOfPage":{"@id":"https:\/\/autofans.com.ar\/index.php\/2023\/05\/16\/qualcomm-refuerza-su-cartera-de-tecnologias-v2x-con-la-adquisicion-de-autotalks\/#primaryimage"},"image":{"@id":"https:\/\/autofans.com.ar\/index.php\/2023\/05\/16\/qualcomm-refuerza-su-cartera-de-tecnologias-v2x-con-la-adquisicion-de-autotalks\/#primaryimage"},"thumbnailUrl":"https:\/\/autofans.com.ar\/wp-content\/uploads\/2023\/05\/foto-1-24.jpg","datePublished":"2023-05-16T14:27:29+00:00","author":{"@id":"https:\/\/autofans.com.ar\/#\/schema\/person\/4a8dda0b6df83ac3d6723e921274c2aa"},"description":"Qualcomm adquiere Autotalks, empresa especializada en la comunicaci\u00f3n veh\u00edculo a todo (V2X), con el objetivo de reforzar su oferta...","breadcrumb":{"@id":"https:\/\/autofans.com.ar\/index.php\/2023\/05\/16\/qualcomm-refuerza-su-cartera-de-tecnologias-v2x-con-la-adquisicion-de-autotalks\/#breadcrumb"},"inLanguage":"es","potentialAction":[{"@type":"ReadAction","target":["https:\/\/autofans.com.ar\/index.php\/2023\/05\/16\/qualcomm-refuerza-su-cartera-de-tecnologias-v2x-con-la-adquisicion-de-autotalks\/"]}]},{"@type":"ImageObject","inLanguage":"es","@id":"https:\/\/autofans.com.ar\/index.php\/2023\/05\/16\/qualcomm-refuerza-su-cartera-de-tecnologias-v2x-con-la-adquisicion-de-autotalks\/#primaryimage","url":"https:\/\/autofans.com.ar\/wp-content\/uploads\/2023\/05\/foto-1-24.jpg","contentUrl":"https:\/\/autofans.com.ar\/wp-content\/uploads\/2023\/05\/foto-1-24.jpg","width":1000,"height":667,"caption":"qualcomm"},{"@type":"BreadcrumbList","@id":"https:\/\/autofans.com.ar\/index.php\/2023\/05\/16\/qualcomm-refuerza-su-cartera-de-tecnologias-v2x-con-la-adquisicion-de-autotalks\/#breadcrumb","itemListElement":[{"@type":"ListItem","position":1,"name":"Inicio","item":"https:\/\/autofans.com.ar\/"},{"@type":"ListItem","position":2,"name":"Qualcomm refuerza su cartera de tecnolog\u00edas V2X con la adquisici\u00f3n de Autotalks"}]},{"@type":"WebSite","@id":"https:\/\/autofans.com.ar\/#website","url":"https:\/\/autofans.com.ar\/","name":"","description":"El multimedio referente de la industria automotriz","potentialAction":[{"@type":"SearchAction","target":{"@type":"EntryPoint","urlTemplate":"https:\/\/autofans.com.ar\/?s={search_term_string}"},"query-input":{"@type":"PropertyValueSpecification","valueRequired":true,"valueName":"search_term_string"}}],"inLanguage":"es"},{"@type":"Person","@id":"https:\/\/autofans.com.ar\/#\/schema\/person\/4a8dda0b6df83ac3d6723e921274c2aa","name":"Alejandro Gabriel Rosito","image":{"@type":"ImageObject","inLanguage":"es","@id":"https:\/\/secure.gravatar.com\/avatar\/16c5dda1489adfc62618084dcbb91cffd879c374b13fe5dd8e44ed6733852c88?s=96&d=mm&r=g","url":"https:\/\/secure.gravatar.com\/avatar\/16c5dda1489adfc62618084dcbb91cffd879c374b13fe5dd8e44ed6733852c88?s=96&d=mm&r=g","contentUrl":"https:\/\/secure.gravatar.com\/avatar\/16c5dda1489adfc62618084dcbb91cffd879c374b13fe5dd8e44ed6733852c88?s=96&d=mm&r=g","caption":"Alejandro Gabriel Rosito"},"url":"https:\/\/autofans.com.ar\/index.php\/author\/gabrielr\/"}]}},"featured_image_urls":{"full":["https:\/\/autofans.com.ar\/wp-content\/uploads\/2023\/05\/foto-1-24.jpg",1000,667,false],"thumbnail":["https:\/\/autofans.com.ar\/wp-content\/uploads\/2023\/05\/foto-1-24-150x150.jpg",150,150,true],"medium":["https:\/\/autofans.com.ar\/wp-content\/uploads\/2023\/05\/foto-1-24-300x200.jpg",300,200,true],"medium_large":["https:\/\/autofans.com.ar\/wp-content\/uploads\/2023\/05\/foto-1-24-768x512.jpg",640,427,true],"large":["https:\/\/autofans.com.ar\/wp-content\/uploads\/2023\/05\/foto-1-24.jpg",640,427,false],"1536x1536":["https:\/\/autofans.com.ar\/wp-content\/uploads\/2023\/05\/foto-1-24.jpg",1000,667,false],"2048x2048":["https:\/\/autofans.com.ar\/wp-content\/uploads\/2023\/05\/foto-1-24.jpg",1000,667,false],"covernews-featured":["https:\/\/autofans.com.ar\/wp-content\/uploads\/2023\/05\/foto-1-24.jpg",1000,667,false],"covernews-medium":["https:\/\/autofans.com.ar\/wp-content\/uploads\/2023\/05\/foto-1-24-540x340.jpg",540,340,true]},"author_info":{"display_name":"Alejandro Gabriel Rosito","author_link":"https:\/\/autofans.com.ar\/index.php\/author\/gabrielr\/"},"category_info":"<a href=\"https:\/\/autofans.com.ar\/index.php\/category\/noticias\/bizstyle\/\" rel=\"category tag\">BIZSTYLE<\/a> <a href=\"https:\/\/autofans.com.ar\/index.php\/category\/noticias\/empresas\/\" rel=\"category tag\">EMPRESAS<\/a> <a href=\"https:\/\/autofans.com.ar\/index.php\/category\/noticias\/\" rel=\"category tag\">NOTICIAS<\/a>","tag_info":"NOTICIAS","comment_count":0,"_links":{"self":[{"href":"https:\/\/autofans.com.ar\/index.php\/wp-json\/wp\/v2\/posts\/2526","targetHints":{"allow":["GET"]}}],"collection":[{"href":"https:\/\/autofans.com.ar\/index.php\/wp-json\/wp\/v2\/posts"}],"about":[{"href":"https:\/\/autofans.com.ar\/index.php\/wp-json\/wp\/v2\/types\/post"}],"author":[{"embeddable":true,"href":"https:\/\/autofans.com.ar\/index.php\/wp-json\/wp\/v2\/users\/2"}],"replies":[{"embeddable":true,"href":"https:\/\/autofans.com.ar\/index.php\/wp-json\/wp\/v2\/comments?post=2526"}],"version-history":[{"count":7,"href":"https:\/\/autofans.com.ar\/index.php\/wp-json\/wp\/v2\/posts\/2526\/revisions"}],"predecessor-version":[{"id":2548,"href":"https:\/\/autofans.com.ar\/index.php\/wp-json\/wp\/v2\/posts\/2526\/revisions\/2548"}],"wp:featuredmedia":[{"embeddable":true,"href":"https:\/\/autofans.com.ar\/index.php\/wp-json\/wp\/v2\/media\/2527"}],"wp:attachment":[{"href":"https:\/\/autofans.com.ar\/index.php\/wp-json\/wp\/v2\/media?parent=2526"}],"wp:term":[{"taxonomy":"category","embeddable":true,"href":"https:\/\/autofans.com.ar\/index.php\/wp-json\/wp\/v2\/categories?post=2526"},{"taxonomy":"post_tag","embeddable":true,"href":"https:\/\/autofans.com.ar\/index.php\/wp-json\/wp\/v2\/tags?post=2526"}],"curies":[{"name":"wp","href":"https:\/\/api.w.org\/{rel}","templated":true}]}}