{"id":2582,"date":"2023-05-17T16:27:06","date_gmt":"2023-05-17T19:27:06","guid":{"rendered":"https:\/\/autofans.com.ar\/?p=2582"},"modified":"2023-05-17T16:27:06","modified_gmt":"2023-05-17T19:27:06","slug":"carga-solidaria-de-iveco-group-llega-a-pampa-de-achala","status":"publish","type":"post","link":"https:\/\/autofans.com.ar\/index.php\/2023\/05\/17\/carga-solidaria-de-iveco-group-llega-a-pampa-de-achala\/","title":{"rendered":"Carga Solidaria de Iveco Group llega a Pampa de Achala"},"content":{"rendered":"<p>M\u00e1s de 100 colaboradores de Iveco Group se unieron en una jornada solidaria y sustentable en Pampa de Achala en una iniciativa titulada \u00abEducar hasta la cima\u00bb. Se sumaron a una campa\u00f1a para apoyar a la escuela rural Ceferino Namuncura y a las familias que residen en las Sierras Grandes de C\u00f3rdoba.<\/p>\n<p>&nbsp;<\/p>\n<p><img fetchpriority=\"high\" decoding=\"async\" class=\"aligncenter wp-image-2588 size-full\" src=\"https:\/\/autofans.com.ar\/wp-content\/uploads\/2023\/05\/foto-1-29.jpg\" alt=\"iveco solidario\" width=\"1000\" height=\"667\" srcset=\"https:\/\/autofans.com.ar\/wp-content\/uploads\/2023\/05\/foto-1-29.jpg 1000w, https:\/\/autofans.com.ar\/wp-content\/uploads\/2023\/05\/foto-1-29-300x200.jpg 300w, https:\/\/autofans.com.ar\/wp-content\/uploads\/2023\/05\/foto-1-29-768x512.jpg 768w\" sizes=\"(max-width: 1000px) 100vw, 1000px\" \/><\/p>\n<p>La escuela, tambi\u00e9n conocida como la escuelita de las nubes, se encuentra ubicada a m\u00e1s de 2000 metros de altura en las Altas Cumbres. Esto enfrenta numerosos desaf\u00edos geogr\u00e1ficos, clim\u00e1ticos y de recursos. Con aproximadamente 25 ni\u00f1os y ni\u00f1as asistiendo a esta instituci\u00f3n, era crucial brindarles apoyo.<\/p>\n<blockquote>\n<div dir=\"ltr\"><center><em>\u201cEl cuidado del ambiente es uno de los valores clave de la empresa. Lo vemos principalmente en las tareas de investigaci\u00f3n y desarrollo que se traduce en el dise\u00f1o y fabricaci\u00f3n de motores y veh\u00edculos ecocompatibles, como tambi\u00e9n en los procesos productivos que utilizamos en nuestras f\u00e1bricas, teniendo a la econom\u00eda circular como modelo principal de trabajo\u201d, <\/em>concluy\u00f3 Lorena Eberhardt.<\/center><\/div>\n<\/blockquote>\n<p>Iveco Group cuenta con un Comit\u00e9 de Sustentabilidad conformado por voluntarios de la empresa, quienes se dedican a desarrollar diversos proyectos comunitarios, educativos y solidarios en l\u00ednea con el compromiso social y ambiental de la compa\u00f1\u00eda. Fue en este contexto que surgi\u00f3 la idea de colaborar con la escuela Ceferino Namuncura. Con la cual Iveco Group ha mantenido una relaci\u00f3n de varios a\u00f1os.<\/p>\n<p>&nbsp;<\/p>\n<p><img decoding=\"async\" class=\"aligncenter wp-image-2585 size-full\" src=\"https:\/\/autofans.com.ar\/wp-content\/uploads\/2023\/05\/foto-4-17.jpg\" alt=\"iveco solidario\" width=\"1000\" height=\"667\" srcset=\"https:\/\/autofans.com.ar\/wp-content\/uploads\/2023\/05\/foto-4-17.jpg 1000w, https:\/\/autofans.com.ar\/wp-content\/uploads\/2023\/05\/foto-4-17-300x200.jpg 300w, https:\/\/autofans.com.ar\/wp-content\/uploads\/2023\/05\/foto-4-17-768x512.jpg 768w\" sizes=\"(max-width: 1000px) 100vw, 1000px\" \/><\/p>\n<p>&nbsp;<\/p>\n<p>En el marco del programa de IVECO Carga Solidaria, una Daily cargada con donaciones de ropa, alimentos, zapatillas, materiales de construcci\u00f3n, pintura y elementos educativos. As\u00ed como mochilas con \u00fatiles escolares y un televisor, viaj\u00f3 desde las oficinas de Buenos Aires hasta C\u00f3rdoba. Adem\u00e1s, IVECO Capital, la rama financiera de la compa\u00f1\u00eda, se sum\u00f3 a la causa donando una impresora.<\/p>\n<blockquote>\n<p style=\"text-align: center;\">Justo Herrou, Gerente de Marketing y Comunicaciones de Iveco Group, expres\u00f3: \u00abCarga Solidaria es un proyecto regional y solidario que busca acompa\u00f1ar a las comunidades de nuestro entorno. En Iveco, hemos estado trabajando durante mucho tiempo en distintos pilares de la sustentabilidad, y el pilar social es muy importante para nosotros. Con esta acci\u00f3n, deseamos brindar a m\u00e1s ni\u00f1os y ni\u00f1as mejores oportunidades de aprendizaje\u00bb.<\/p>\n<\/blockquote>\n<p>&nbsp;<\/p>\n<p><img decoding=\"async\" class=\"aligncenter wp-image-2587 size-full\" src=\"https:\/\/autofans.com.ar\/wp-content\/uploads\/2023\/05\/foto-2-30.jpg\" alt=\"iveco solidario\" width=\"1000\" height=\"667\" srcset=\"https:\/\/autofans.com.ar\/wp-content\/uploads\/2023\/05\/foto-2-30.jpg 1000w, https:\/\/autofans.com.ar\/wp-content\/uploads\/2023\/05\/foto-2-30-300x200.jpg 300w, https:\/\/autofans.com.ar\/wp-content\/uploads\/2023\/05\/foto-2-30-768x512.jpg 768w\" sizes=\"(max-width: 1000px) 100vw, 1000px\" \/><\/p>\n<p>Adem\u00e1s de las donaciones realizadas desde Buenos Aires, los colaboradores de las f\u00e1bricas de IVECO y<a href=\"https:\/\/autofans.com.ar\/index.php\/2023\/05\/08\/fpt-industrial-promueve-la-independencia-energetica-en-agrishow-2023\/\" target=\"_blank\" rel=\"noopener\"> FPT Industrial<\/a> en C\u00f3rdoba se sumaron a la causa. Acompa\u00f1ados por la Polic\u00eda Ambiental de la provincia y referentes de Parques Nacionales, emprendieron un emocionante viaje a Pampa de Achala en 21 camionetas. Una vez en la escuela, llevaron a cabo diversas actividades, incluyendo trabajos de carpinter\u00eda, mantenimiento general, instalaci\u00f3n de paneles solares y salamandras con materiales reciclados, reparaciones de pizarras, renovaci\u00f3n de juegos en la plaza, colocaci\u00f3n de redes en los arcos y pintado del patio, entre otros.<\/p>\n<blockquote>\n<p style=\"text-align: center;\">Santos Doncel Jones, presidente de Iveco Group Argentina, coment\u00f3: \u00abEsta acci\u00f3n nos permite ver el esp\u00edritu de equipo que se vive en la compa\u00f1\u00eda. Fueron semanas de trabajo que culminaron con una jornada muy emocionante para todos, gracias a la colaboraci\u00f3n y al trabajo coordinado de m\u00e1s de 100 voluntarios y sus familias. La calidez y sensibilidad de las personas que conforman Iveco Group nos llena de orgullo\u00bb.<\/p>\n<\/blockquote>\n<p>&nbsp;<\/p>\n<p>&nbsp;<\/p>\n<p><i>Para enterarte de m\u00e1s novedades, no dejes de leer\u00a0<\/i><a href=\"https:\/\/autofans.thebrandsoup.com\/\"><i>nuestras notas<\/i><\/a><i>, de ver<\/i><b><i>\u00a0<\/i><\/b><a href=\"https:\/\/www.youtube.com\/channel\/UCgAC8UGHZYbT6P7PpmVnP7g\"><b><i>AUTOFANS TV<\/i><\/b><\/a><b><i>\u00a0<\/i><\/b><i>en nuestro\u00a0canal de Youtube. Adem\u00e1s seguinos en\u00a0<\/i><a href=\"https:\/\/www.instagram.com\/autofanstv\/\"><i>INSTAGRAM<\/i><\/a><i> y <\/i><a href=\"https:\/\/www.facebook.com\/autofansmas\/\"><i>FACEBOOK<\/i><\/a><i> para no perderte nada sobre las novedades del segmento automotor de Argentina y el mundo. <\/i><\/p>\n","protected":false},"excerpt":{"rendered":"<p>M\u00e1s de 100 colaboradores de Iveco Group se unieron en una jornada solidaria y sustentable&#8230;<\/p>\n","protected":false},"author":2,"featured_media":2586,"comment_status":"closed","ping_status":"closed","sticky":false,"template":"","format":"standard","meta":{"footnotes":""},"categories":[292,16],"tags":[1236,1238,1241,819,1235,1239,1237,1240],"class_list":["post-2582","post","type-post","status-publish","format-standard","has-post-thumbnail","hentry","category-empresas","category-noticias","tag-ceferino-namuncura","tag-committee","tag-community-support","tag-iveco-group","tag-pampa-de-achala","tag-social-responsibility","tag-sustainability","tag-trueque-por-conservacion"],"yoast_head":"<!-- This site is optimized with the Yoast SEO plugin v27.5 - https:\/\/yoast.com\/product\/yoast-seo-wordpress\/ -->\n<title>Carga Solidaria de Iveco Group llega a Pampa de Achala -<\/title>\n<meta name=\"description\" content=\"M\u00e1s de 100 colaboradores de Iveco Group se unieron en una jornada solidaria y sustentable en Pampa de Achala titulada &quot;Educar hasta la cima&quot;\" \/>\n<meta name=\"robots\" content=\"index, follow, max-snippet:-1, max-image-preview:large, max-video-preview:-1\" \/>\n<link rel=\"canonical\" href=\"https:\/\/autofans.com.ar\/index.php\/2023\/05\/17\/carga-solidaria-de-iveco-group-llega-a-pampa-de-achala\/\" \/>\n<meta property=\"og:locale\" content=\"es_ES\" \/>\n<meta property=\"og:type\" content=\"article\" \/>\n<meta property=\"og:title\" content=\"Carga Solidaria de Iveco Group llega a Pampa de Achala -\" \/>\n<meta property=\"og:description\" content=\"M\u00e1s de 100 colaboradores de Iveco Group se unieron en una jornada solidaria y sustentable en Pampa de Achala titulada &quot;Educar hasta la cima&quot;\" \/>\n<meta property=\"og:url\" content=\"https:\/\/autofans.com.ar\/index.php\/2023\/05\/17\/carga-solidaria-de-iveco-group-llega-a-pampa-de-achala\/\" \/>\n<meta property=\"article:published_time\" content=\"2023-05-17T19:27:06+00:00\" \/>\n<meta property=\"og:image\" content=\"https:\/\/autofans.com.ar\/wp-content\/uploads\/2023\/05\/foto-3-23.jpg\" \/>\n\t<meta property=\"og:image:width\" content=\"1000\" \/>\n\t<meta property=\"og:image:height\" content=\"667\" \/>\n\t<meta property=\"og:image:type\" content=\"image\/jpeg\" \/>\n<meta name=\"author\" content=\"Alejandro Gabriel Rosito\" \/>\n<meta name=\"twitter:card\" content=\"summary_large_image\" \/>\n<meta name=\"twitter:label1\" content=\"Escrito por\" \/>\n\t<meta name=\"twitter:data1\" content=\"Alejandro Gabriel Rosito\" \/>\n\t<meta name=\"twitter:label2\" content=\"Tiempo de lectura\" \/>\n\t<meta name=\"twitter:data2\" content=\"4 minutos\" \/>\n<script type=\"application\/ld+json\" class=\"yoast-schema-graph\">{\"@context\":\"https:\\\/\\\/schema.org\",\"@graph\":[{\"@type\":\"Article\",\"@id\":\"https:\\\/\\\/autofans.com.ar\\\/index.php\\\/2023\\\/05\\\/17\\\/carga-solidaria-de-iveco-group-llega-a-pampa-de-achala\\\/#article\",\"isPartOf\":{\"@id\":\"https:\\\/\\\/autofans.com.ar\\\/index.php\\\/2023\\\/05\\\/17\\\/carga-solidaria-de-iveco-group-llega-a-pampa-de-achala\\\/\"},\"author\":{\"name\":\"Alejandro Gabriel Rosito\",\"@id\":\"https:\\\/\\\/autofans.com.ar\\\/#\\\/schema\\\/person\\\/4a8dda0b6df83ac3d6723e921274c2aa\"},\"headline\":\"Carga Solidaria de Iveco Group llega a Pampa de Achala\",\"datePublished\":\"2023-05-17T19:27:06+00:00\",\"mainEntityOfPage\":{\"@id\":\"https:\\\/\\\/autofans.com.ar\\\/index.php\\\/2023\\\/05\\\/17\\\/carga-solidaria-de-iveco-group-llega-a-pampa-de-achala\\\/\"},\"wordCount\":609,\"image\":{\"@id\":\"https:\\\/\\\/autofans.com.ar\\\/index.php\\\/2023\\\/05\\\/17\\\/carga-solidaria-de-iveco-group-llega-a-pampa-de-achala\\\/#primaryimage\"},\"thumbnailUrl\":\"https:\\\/\\\/autofans.com.ar\\\/wp-content\\\/uploads\\\/2023\\\/05\\\/foto-3-23.jpg\",\"keywords\":[\"Ceferino Namuncura\",\"Committee\",\"Community support\",\"Iveco Group\",\"Pampa de Achala\",\"Social responsibility\",\"Sustainability\",\"Trueque por Conservaci\u00f3n\"],\"articleSection\":[\"EMPRESAS\",\"NOTICIAS\"],\"inLanguage\":\"es\"},{\"@type\":\"WebPage\",\"@id\":\"https:\\\/\\\/autofans.com.ar\\\/index.php\\\/2023\\\/05\\\/17\\\/carga-solidaria-de-iveco-group-llega-a-pampa-de-achala\\\/\",\"url\":\"https:\\\/\\\/autofans.com.ar\\\/index.php\\\/2023\\\/05\\\/17\\\/carga-solidaria-de-iveco-group-llega-a-pampa-de-achala\\\/\",\"name\":\"Carga Solidaria de Iveco Group llega a Pampa de Achala -\",\"isPartOf\":{\"@id\":\"https:\\\/\\\/autofans.com.ar\\\/#website\"},\"primaryImageOfPage\":{\"@id\":\"https:\\\/\\\/autofans.com.ar\\\/index.php\\\/2023\\\/05\\\/17\\\/carga-solidaria-de-iveco-group-llega-a-pampa-de-achala\\\/#primaryimage\"},\"image\":{\"@id\":\"https:\\\/\\\/autofans.com.ar\\\/index.php\\\/2023\\\/05\\\/17\\\/carga-solidaria-de-iveco-group-llega-a-pampa-de-achala\\\/#primaryimage\"},\"thumbnailUrl\":\"https:\\\/\\\/autofans.com.ar\\\/wp-content\\\/uploads\\\/2023\\\/05\\\/foto-3-23.jpg\",\"datePublished\":\"2023-05-17T19:27:06+00:00\",\"author\":{\"@id\":\"https:\\\/\\\/autofans.com.ar\\\/#\\\/schema\\\/person\\\/4a8dda0b6df83ac3d6723e921274c2aa\"},\"description\":\"M\u00e1s de 100 colaboradores de Iveco Group se unieron en una jornada solidaria y sustentable en Pampa de Achala titulada \\\"Educar hasta la cima\\\"\",\"breadcrumb\":{\"@id\":\"https:\\\/\\\/autofans.com.ar\\\/index.php\\\/2023\\\/05\\\/17\\\/carga-solidaria-de-iveco-group-llega-a-pampa-de-achala\\\/#breadcrumb\"},\"inLanguage\":\"es\",\"potentialAction\":[{\"@type\":\"ReadAction\",\"target\":[\"https:\\\/\\\/autofans.com.ar\\\/index.php\\\/2023\\\/05\\\/17\\\/carga-solidaria-de-iveco-group-llega-a-pampa-de-achala\\\/\"]}]},{\"@type\":\"ImageObject\",\"inLanguage\":\"es\",\"@id\":\"https:\\\/\\\/autofans.com.ar\\\/index.php\\\/2023\\\/05\\\/17\\\/carga-solidaria-de-iveco-group-llega-a-pampa-de-achala\\\/#primaryimage\",\"url\":\"https:\\\/\\\/autofans.com.ar\\\/wp-content\\\/uploads\\\/2023\\\/05\\\/foto-3-23.jpg\",\"contentUrl\":\"https:\\\/\\\/autofans.com.ar\\\/wp-content\\\/uploads\\\/2023\\\/05\\\/foto-3-23.jpg\",\"width\":1000,\"height\":667,\"caption\":\"iveco solidario\"},{\"@type\":\"BreadcrumbList\",\"@id\":\"https:\\\/\\\/autofans.com.ar\\\/index.php\\\/2023\\\/05\\\/17\\\/carga-solidaria-de-iveco-group-llega-a-pampa-de-achala\\\/#breadcrumb\",\"itemListElement\":[{\"@type\":\"ListItem\",\"position\":1,\"name\":\"Inicio\",\"item\":\"https:\\\/\\\/autofans.com.ar\\\/\"},{\"@type\":\"ListItem\",\"position\":2,\"name\":\"Carga Solidaria de Iveco Group llega a Pampa de Achala\"}]},{\"@type\":\"WebSite\",\"@id\":\"https:\\\/\\\/autofans.com.ar\\\/#website\",\"url\":\"https:\\\/\\\/autofans.com.ar\\\/\",\"name\":\"\",\"description\":\"El multimedio referente de la industria automotriz\",\"potentialAction\":[{\"@type\":\"SearchAction\",\"target\":{\"@type\":\"EntryPoint\",\"urlTemplate\":\"https:\\\/\\\/autofans.com.ar\\\/?s={search_term_string}\"},\"query-input\":{\"@type\":\"PropertyValueSpecification\",\"valueRequired\":true,\"valueName\":\"search_term_string\"}}],\"inLanguage\":\"es\"},{\"@type\":\"Person\",\"@id\":\"https:\\\/\\\/autofans.com.ar\\\/#\\\/schema\\\/person\\\/4a8dda0b6df83ac3d6723e921274c2aa\",\"name\":\"Alejandro Gabriel Rosito\",\"image\":{\"@type\":\"ImageObject\",\"inLanguage\":\"es\",\"@id\":\"https:\\\/\\\/secure.gravatar.com\\\/avatar\\\/16c5dda1489adfc62618084dcbb91cffd879c374b13fe5dd8e44ed6733852c88?s=96&d=mm&r=g\",\"url\":\"https:\\\/\\\/secure.gravatar.com\\\/avatar\\\/16c5dda1489adfc62618084dcbb91cffd879c374b13fe5dd8e44ed6733852c88?s=96&d=mm&r=g\",\"contentUrl\":\"https:\\\/\\\/secure.gravatar.com\\\/avatar\\\/16c5dda1489adfc62618084dcbb91cffd879c374b13fe5dd8e44ed6733852c88?s=96&d=mm&r=g\",\"caption\":\"Alejandro Gabriel Rosito\"},\"url\":\"https:\\\/\\\/autofans.com.ar\\\/index.php\\\/author\\\/gabrielr\\\/\"}]}<\/script>\n<!-- \/ Yoast SEO plugin. -->","yoast_head_json":{"title":"Carga Solidaria de Iveco Group llega a Pampa de Achala -","description":"M\u00e1s de 100 colaboradores de Iveco Group se unieron en una jornada solidaria y sustentable en Pampa de Achala titulada \"Educar hasta la cima\"","robots":{"index":"index","follow":"follow","max-snippet":"max-snippet:-1","max-image-preview":"max-image-preview:large","max-video-preview":"max-video-preview:-1"},"canonical":"https:\/\/autofans.com.ar\/index.php\/2023\/05\/17\/carga-solidaria-de-iveco-group-llega-a-pampa-de-achala\/","og_locale":"es_ES","og_type":"article","og_title":"Carga Solidaria de Iveco Group llega a Pampa de Achala -","og_description":"M\u00e1s de 100 colaboradores de Iveco Group se unieron en una jornada solidaria y sustentable en Pampa de Achala titulada \"Educar hasta la cima\"","og_url":"https:\/\/autofans.com.ar\/index.php\/2023\/05\/17\/carga-solidaria-de-iveco-group-llega-a-pampa-de-achala\/","article_published_time":"2023-05-17T19:27:06+00:00","og_image":[{"width":1000,"height":667,"url":"https:\/\/autofans.com.ar\/wp-content\/uploads\/2023\/05\/foto-3-23.jpg","type":"image\/jpeg"}],"author":"Alejandro Gabriel Rosito","twitter_card":"summary_large_image","twitter_misc":{"Escrito por":"Alejandro Gabriel Rosito","Tiempo de lectura":"4 minutos"},"schema":{"@context":"https:\/\/schema.org","@graph":[{"@type":"Article","@id":"https:\/\/autofans.com.ar\/index.php\/2023\/05\/17\/carga-solidaria-de-iveco-group-llega-a-pampa-de-achala\/#article","isPartOf":{"@id":"https:\/\/autofans.com.ar\/index.php\/2023\/05\/17\/carga-solidaria-de-iveco-group-llega-a-pampa-de-achala\/"},"author":{"name":"Alejandro Gabriel Rosito","@id":"https:\/\/autofans.com.ar\/#\/schema\/person\/4a8dda0b6df83ac3d6723e921274c2aa"},"headline":"Carga Solidaria de Iveco Group llega a Pampa de Achala","datePublished":"2023-05-17T19:27:06+00:00","mainEntityOfPage":{"@id":"https:\/\/autofans.com.ar\/index.php\/2023\/05\/17\/carga-solidaria-de-iveco-group-llega-a-pampa-de-achala\/"},"wordCount":609,"image":{"@id":"https:\/\/autofans.com.ar\/index.php\/2023\/05\/17\/carga-solidaria-de-iveco-group-llega-a-pampa-de-achala\/#primaryimage"},"thumbnailUrl":"https:\/\/autofans.com.ar\/wp-content\/uploads\/2023\/05\/foto-3-23.jpg","keywords":["Ceferino Namuncura","Committee","Community support","Iveco Group","Pampa de Achala","Social responsibility","Sustainability","Trueque por Conservaci\u00f3n"],"articleSection":["EMPRESAS","NOTICIAS"],"inLanguage":"es"},{"@type":"WebPage","@id":"https:\/\/autofans.com.ar\/index.php\/2023\/05\/17\/carga-solidaria-de-iveco-group-llega-a-pampa-de-achala\/","url":"https:\/\/autofans.com.ar\/index.php\/2023\/05\/17\/carga-solidaria-de-iveco-group-llega-a-pampa-de-achala\/","name":"Carga Solidaria de Iveco Group llega a Pampa de Achala -","isPartOf":{"@id":"https:\/\/autofans.com.ar\/#website"},"primaryImageOfPage":{"@id":"https:\/\/autofans.com.ar\/index.php\/2023\/05\/17\/carga-solidaria-de-iveco-group-llega-a-pampa-de-achala\/#primaryimage"},"image":{"@id":"https:\/\/autofans.com.ar\/index.php\/2023\/05\/17\/carga-solidaria-de-iveco-group-llega-a-pampa-de-achala\/#primaryimage"},"thumbnailUrl":"https:\/\/autofans.com.ar\/wp-content\/uploads\/2023\/05\/foto-3-23.jpg","datePublished":"2023-05-17T19:27:06+00:00","author":{"@id":"https:\/\/autofans.com.ar\/#\/schema\/person\/4a8dda0b6df83ac3d6723e921274c2aa"},"description":"M\u00e1s de 100 colaboradores de Iveco Group se unieron en una jornada solidaria y sustentable en Pampa de Achala titulada \"Educar hasta la cima\"","breadcrumb":{"@id":"https:\/\/autofans.com.ar\/index.php\/2023\/05\/17\/carga-solidaria-de-iveco-group-llega-a-pampa-de-achala\/#breadcrumb"},"inLanguage":"es","potentialAction":[{"@type":"ReadAction","target":["https:\/\/autofans.com.ar\/index.php\/2023\/05\/17\/carga-solidaria-de-iveco-group-llega-a-pampa-de-achala\/"]}]},{"@type":"ImageObject","inLanguage":"es","@id":"https:\/\/autofans.com.ar\/index.php\/2023\/05\/17\/carga-solidaria-de-iveco-group-llega-a-pampa-de-achala\/#primaryimage","url":"https:\/\/autofans.com.ar\/wp-content\/uploads\/2023\/05\/foto-3-23.jpg","contentUrl":"https:\/\/autofans.com.ar\/wp-content\/uploads\/2023\/05\/foto-3-23.jpg","width":1000,"height":667,"caption":"iveco solidario"},{"@type":"BreadcrumbList","@id":"https:\/\/autofans.com.ar\/index.php\/2023\/05\/17\/carga-solidaria-de-iveco-group-llega-a-pampa-de-achala\/#breadcrumb","itemListElement":[{"@type":"ListItem","position":1,"name":"Inicio","item":"https:\/\/autofans.com.ar\/"},{"@type":"ListItem","position":2,"name":"Carga Solidaria de Iveco Group llega a Pampa de Achala"}]},{"@type":"WebSite","@id":"https:\/\/autofans.com.ar\/#website","url":"https:\/\/autofans.com.ar\/","name":"","description":"El multimedio referente de la industria automotriz","potentialAction":[{"@type":"SearchAction","target":{"@type":"EntryPoint","urlTemplate":"https:\/\/autofans.com.ar\/?s={search_term_string}"},"query-input":{"@type":"PropertyValueSpecification","valueRequired":true,"valueName":"search_term_string"}}],"inLanguage":"es"},{"@type":"Person","@id":"https:\/\/autofans.com.ar\/#\/schema\/person\/4a8dda0b6df83ac3d6723e921274c2aa","name":"Alejandro Gabriel Rosito","image":{"@type":"ImageObject","inLanguage":"es","@id":"https:\/\/secure.gravatar.com\/avatar\/16c5dda1489adfc62618084dcbb91cffd879c374b13fe5dd8e44ed6733852c88?s=96&d=mm&r=g","url":"https:\/\/secure.gravatar.com\/avatar\/16c5dda1489adfc62618084dcbb91cffd879c374b13fe5dd8e44ed6733852c88?s=96&d=mm&r=g","contentUrl":"https:\/\/secure.gravatar.com\/avatar\/16c5dda1489adfc62618084dcbb91cffd879c374b13fe5dd8e44ed6733852c88?s=96&d=mm&r=g","caption":"Alejandro Gabriel Rosito"},"url":"https:\/\/autofans.com.ar\/index.php\/author\/gabrielr\/"}]}},"featured_image_urls":{"full":["https:\/\/autofans.com.ar\/wp-content\/uploads\/2023\/05\/foto-3-23.jpg",1000,667,false],"thumbnail":["https:\/\/autofans.com.ar\/wp-content\/uploads\/2023\/05\/foto-3-23-150x150.jpg",150,150,true],"medium":["https:\/\/autofans.com.ar\/wp-content\/uploads\/2023\/05\/foto-3-23-300x200.jpg",300,200,true],"medium_large":["https:\/\/autofans.com.ar\/wp-content\/uploads\/2023\/05\/foto-3-23-768x512.jpg",640,427,true],"large":["https:\/\/autofans.com.ar\/wp-content\/uploads\/2023\/05\/foto-3-23.jpg",640,427,false],"1536x1536":["https:\/\/autofans.com.ar\/wp-content\/uploads\/2023\/05\/foto-3-23.jpg",1000,667,false],"2048x2048":["https:\/\/autofans.com.ar\/wp-content\/uploads\/2023\/05\/foto-3-23.jpg",1000,667,false],"covernews-featured":["https:\/\/autofans.com.ar\/wp-content\/uploads\/2023\/05\/foto-3-23.jpg",1000,667,false],"covernews-medium":["https:\/\/autofans.com.ar\/wp-content\/uploads\/2023\/05\/foto-3-23-540x340.jpg",540,340,true]},"author_info":{"display_name":"Alejandro Gabriel Rosito","author_link":"https:\/\/autofans.com.ar\/index.php\/author\/gabrielr\/"},"category_info":"<a href=\"https:\/\/autofans.com.ar\/index.php\/category\/noticias\/empresas\/\" rel=\"category tag\">EMPRESAS<\/a> <a href=\"https:\/\/autofans.com.ar\/index.php\/category\/noticias\/\" rel=\"category tag\">NOTICIAS<\/a>","tag_info":"NOTICIAS","comment_count":0,"_links":{"self":[{"href":"https:\/\/autofans.com.ar\/index.php\/wp-json\/wp\/v2\/posts\/2582","targetHints":{"allow":["GET"]}}],"collection":[{"href":"https:\/\/autofans.com.ar\/index.php\/wp-json\/wp\/v2\/posts"}],"about":[{"href":"https:\/\/autofans.com.ar\/index.php\/wp-json\/wp\/v2\/types\/post"}],"author":[{"embeddable":true,"href":"https:\/\/autofans.com.ar\/index.php\/wp-json\/wp\/v2\/users\/2"}],"replies":[{"embeddable":true,"href":"https:\/\/autofans.com.ar\/index.php\/wp-json\/wp\/v2\/comments?post=2582"}],"version-history":[{"count":6,"href":"https:\/\/autofans.com.ar\/index.php\/wp-json\/wp\/v2\/posts\/2582\/revisions"}],"predecessor-version":[{"id":2593,"href":"https:\/\/autofans.com.ar\/index.php\/wp-json\/wp\/v2\/posts\/2582\/revisions\/2593"}],"wp:featuredmedia":[{"embeddable":true,"href":"https:\/\/autofans.com.ar\/index.php\/wp-json\/wp\/v2\/media\/2586"}],"wp:attachment":[{"href":"https:\/\/autofans.com.ar\/index.php\/wp-json\/wp\/v2\/media?parent=2582"}],"wp:term":[{"taxonomy":"category","embeddable":true,"href":"https:\/\/autofans.com.ar\/index.php\/wp-json\/wp\/v2\/categories?post=2582"},{"taxonomy":"post_tag","embeddable":true,"href":"https:\/\/autofans.com.ar\/index.php\/wp-json\/wp\/v2\/tags?post=2582"}],"curies":[{"name":"wp","href":"https:\/\/api.w.org\/{rel}","templated":true}]}}