{"id":2631,"date":"2023-05-19T13:29:08","date_gmt":"2023-05-19T16:29:08","guid":{"rendered":"https:\/\/autofans.com.ar\/?p=2631"},"modified":"2023-05-19T13:29:08","modified_gmt":"2023-05-19T16:29:08","slug":"lo-mejor-de-rosario-podio-de-ardusso-y-remontada-de-llaver-en-la-segunda","status":"publish","type":"post","link":"https:\/\/autofans.com.ar\/index.php\/2023\/05\/19\/lo-mejor-de-rosario-podio-de-ardusso-y-remontada-de-llaver-en-la-segunda\/","title":{"rendered":"Lo mejor de Rosario, podio de Ardusso y remontada de Llaver en la segunda"},"content":{"rendered":"<p>Rosario fue testigo de emocionantes carreras de automovilismo en la cuarta fecha de la temporada. Facundo Ardusso, piloto del equipo YPF Honda RV Racing, logr\u00f3 un destacado segundo puesto en la primera final, mientras que Bernardo Llaver tuvo que lidiar con contratiempos pero logr\u00f3 una impresionante remontada en la segunda final.<\/p>\n<p>&nbsp;<\/p>\n<p><img fetchpriority=\"high\" decoding=\"async\" class=\"aligncenter wp-image-2635 size-full\" src=\"https:\/\/autofans.com.ar\/wp-content\/uploads\/2023\/05\/FACUNDO-ARDUSSO.jpg\" alt=\"YPF Honda\" width=\"1000\" height=\"667\" srcset=\"https:\/\/autofans.com.ar\/wp-content\/uploads\/2023\/05\/FACUNDO-ARDUSSO.jpg 1000w, https:\/\/autofans.com.ar\/wp-content\/uploads\/2023\/05\/FACUNDO-ARDUSSO-300x200.jpg 300w, https:\/\/autofans.com.ar\/wp-content\/uploads\/2023\/05\/FACUNDO-ARDUSSO-768x512.jpg 768w\" sizes=\"(max-width: 1000px) 100vw, 1000px\" \/><\/p>\n<div dir=\"ltr\">\n<blockquote><p><center><strong><em>#83 FACUNDO ARDUSSO<\/em><\/strong><\/center><\/p>\n<p style=\"text-align: center;\"><strong>Final 1<\/strong> Larg\u00f3: P3 \/ Lleg\u00f3: P2<br \/>\n<strong>Final 2<\/strong> Larg\u00f3 P2 \/ Lleg\u00f3 P5<\/p>\n<p style=\"text-align: center;\">\u201cPasamos la cuarta fecha y fue en formato doble, muy exigente. Tuvimos una linda primera carrera donde ganamos un lugar respecto de la largada y volvimos a subir al podio. Fue una final muy peleada y con mucho desgaste donde nadie se guard\u00f3 nada. Me dej\u00f3 buenas sensaciones porque el auto fue mejorando en cada salida a pista y por eso ten\u00edamos expectativas para la segunda carrera, sobre todo porque larg\u00e1bamos en la primera fila.<br \/>\nLamentablemente, a poco de comenzar y despu\u00e9s de alcanzar la punta, Ignacio Montenegro me corre de pista y me saca del asfalto -por eso lo penalizaron y reconozco que luego se disculp\u00f3 por la maniobra- y eso me dej\u00f3 muy retrasado. Gast\u00e9 todos los \u00b4Push to Pass\u00b4 que ten\u00eda, pero no pude avanzar m\u00e1s. Una l\u00e1stima porque pod\u00edamos haber hecho doble podio. Seguimos avanzando, el Honda va un poquito mejor carrera tras carrera, todav\u00eda no estamos para ganar\u2026 pero cada vez nos acercamos m\u00e1s, as\u00ed que esperamos confiados la pr\u00f3xima fecha\u201d.<\/p>\n<\/blockquote>\n<\/div>\n<p>&nbsp;<\/p>\n<p><img decoding=\"async\" class=\"aligncenter wp-image-2636 size-full\" src=\"https:\/\/autofans.com.ar\/wp-content\/uploads\/2023\/05\/BERNARDO-LLAVER.jpg\" alt=\"YPF Honda\" width=\"1000\" height=\"667\" srcset=\"https:\/\/autofans.com.ar\/wp-content\/uploads\/2023\/05\/BERNARDO-LLAVER.jpg 1000w, https:\/\/autofans.com.ar\/wp-content\/uploads\/2023\/05\/BERNARDO-LLAVER-300x200.jpg 300w, https:\/\/autofans.com.ar\/wp-content\/uploads\/2023\/05\/BERNARDO-LLAVER-768x512.jpg 768w\" sizes=\"(max-width: 1000px) 100vw, 1000px\" \/><\/p>\n<div dir=\"ltr\" style=\"text-align: center;\">\n<blockquote><p><center><strong><em>#10\u00a0BERNARDO LLAVER<\/em><\/strong><\/center><strong>Final 1<\/strong> Larg\u00f3: P4 \/ Lleg\u00f3: &#8212;<br \/>\n<strong>Final 2<\/strong> Larg\u00f3 P15 \/ Lleg\u00f3 P8<\/p>\n<p>\u201cRosario me deja un fin de semana donde no se dieron las cosas como quer\u00eda y la mala suerte impidi\u00f3 que llegara al podio en la primera final: un pedazo de disco de freno de un auto que se hab\u00eda despistado poco antes rompi\u00f3 el radiador casi en el mismo final. Hasta ah\u00ed hab\u00edamos hecho una buena carrera despu\u00e9s de haber alcanzado la Q3 el s\u00e1bado. Me dio mucha bronca, pero en estos casos es poco lo que se puede hacer, a veces le toca a uno.<br \/>\nCon el equipo preferimos penalizar la ubicaci\u00f3n de esa primera final para poder arreglar el auto y largar la segunda. Sal\u00ed del \u00faltimo lugar y fui para adelante todo lo que pude. Hab\u00eda llegado P6 en el clasificador y m\u00e1s tarde me enter\u00e9 de una penalizaci\u00f3n por una maniobra en pista y me retrasaron dos lugares. Ser\u00e1 la pr\u00f3xima\u201d.<\/p><\/blockquote>\n<\/div>\n<p>&nbsp;<\/p>\n<p>&nbsp;<\/p>\n<p><img decoding=\"async\" class=\"aligncenter wp-image-2633 size-full\" src=\"https:\/\/autofans.com.ar\/wp-content\/uploads\/2023\/05\/JAVIER-SCUNCIO-MORO.jpg\" alt=\"YPF Honda\" width=\"1000\" height=\"667\" srcset=\"https:\/\/autofans.com.ar\/wp-content\/uploads\/2023\/05\/JAVIER-SCUNCIO-MORO.jpg 1000w, https:\/\/autofans.com.ar\/wp-content\/uploads\/2023\/05\/JAVIER-SCUNCIO-MORO-300x200.jpg 300w, https:\/\/autofans.com.ar\/wp-content\/uploads\/2023\/05\/JAVIER-SCUNCIO-MORO-768x512.jpg 768w\" sizes=\"(max-width: 1000px) 100vw, 1000px\" \/><\/p>\n<div dir=\"ltr\">\n<blockquote><p><center><strong><em>#42 JAVIER SCUNCIO MORO<\/em><\/strong><\/center><\/p>\n<p style=\"text-align: center;\"><strong>Final 1<\/strong> Larg\u00f3: P11 \/ Lleg\u00f3: &#8212;<br \/>\n<strong>Final 2<\/strong> No Larg\u00f3<\/p>\n<p style=\"text-align: center;\">\u201cAntes del despiste ya hab\u00eda tenido cuatro o cinco golpes en la primera vuelta, ven\u00eda muy peleada la primera final, con una intensidad que pocas veces se da. Del despiste es poco lo que puedo sumar a lo que se vio: cuando pierdo el auto al final de la curva, en un sector muy veloz, entro de costado en la leca y al trabarse, despega y empieza a dar vueltas. La estructura resisti\u00f3 sin problemas y por suerte no tuve ning\u00fan golpe f\u00edsico. Que haya girado tantas veces en el aire hizo que la velocidad del impacto final fuera menor. Adentro del auto no lo viv\u00ed de manera tan espectacular como se vio en la transmisi\u00f3n de televisi\u00f3n, de hecho, pude bajar por mis propios medios. El fin de semana hasta ah\u00ed era positivo y hab\u00edamos tenido un gran segundo entrenamiento donde hicimos 1-2-3 con Ardusso y Llaver\u201d.<\/p>\n<\/blockquote>\n<\/div>\n<p>&nbsp;<\/p>\n<p><img loading=\"lazy\" decoding=\"async\" class=\"aligncenter wp-image-2632 size-full\" src=\"https:\/\/autofans.com.ar\/wp-content\/uploads\/2023\/05\/MARIO-VALLE.jpg\" alt=\"YPF Honda\" width=\"1000\" height=\"667\" srcset=\"https:\/\/autofans.com.ar\/wp-content\/uploads\/2023\/05\/MARIO-VALLE.jpg 1000w, https:\/\/autofans.com.ar\/wp-content\/uploads\/2023\/05\/MARIO-VALLE-300x200.jpg 300w, https:\/\/autofans.com.ar\/wp-content\/uploads\/2023\/05\/MARIO-VALLE-768x512.jpg 768w\" sizes=\"(max-width: 1000px) 100vw, 1000px\" \/><\/p>\n<blockquote>\n<div dir=\"ltr\" style=\"text-align: center;\"><center><strong><em>#52 MARIO VALLE<\/em><\/strong><\/center><strong>Final 1 <\/strong>Larg\u00f3: P12 \/ Lleg\u00f3: &#8212;<br \/>\n<strong>Final 2<\/strong> No Larg\u00f3\u201cPasamos el debut, me voy conforme con el rendimiento que tuve, pero no con el resultado. Los comisarios de la CDA me explicaron por qu\u00e9 hab\u00edan actuado as\u00ed y lo entend\u00ed desde su perspectiva, por ah\u00ed no lo comparto, pero son las autoridades y lo acepto. La segunda final no la pude largar y fue una l\u00e1stima. Me encant\u00f3 esta primera experiencia en el TC2000, me adapt\u00e9 muy bien al auto, creo que estuve en tiempos de vuelta totalmente l\u00f3gicos y, a medida que giraba, sent\u00eda que ganaba confianza. Desde todo punto de vista este fin de semana fue una gran experiencia y aprendizaje\u201d.<\/div>\n<p style=\"text-align: center;\">La cuarta fecha en Rosario fue intensa y emocionante, con distintos sucesos que marcaron el desarrollo de las carreras. Aunque los resultados no fueron los esperados para algunos pilotos, todos ellos demostraron su destreza y pasi\u00f3n por el automovilismo.<\/p>\n<p style=\"text-align: center;\">\n<\/blockquote>\n<div dir=\"ltr\" style=\"text-align: left;\">\n<blockquote><p><strong>Fecha #4 \/ Rosario <\/strong><\/p>\n<p><strong>Clasificaci\u00f3n <\/strong><br \/>\n<strong>Q1 <\/strong>(determin\u00f3 orden de largada de Final 1)<br \/>\n1\u00b0) Ignacio Montenegro (Fluence), <strong>2\u00b0) Facundo Ardusso (Honda Civic &#8211; YPF Honda RV Racing)<\/strong>. 3\u00b0) Facundo Marques (Fluence). 4\u00b0) Franco Vivian (Cruze III). <strong>5\u00b0) Bernardo Llaver (Honda Civic &#8211; YPF Honda RV Racing),<\/strong> 6\u00b0) Mariano Pern\u00eda (Fluence), 7\u00b0) Juli\u00e1n Santero (Corolla), 8\u00b0) Felipe Barrios Bustos (Fluence), 9\u00b0) Fabricio Persia (C4 Lounge) y 10\u00b0) Facundo Aldrighetti (Corolla). <strong>Javier Scuncio Moro (Honda Civic &#8211; YPF Honda RV Racing)<\/strong> <strong>12\u00b0<\/strong> y<strong> Mario Valle (Honda Civic &#8211; YPF Honda RV Racing) 13\u00b0. <\/strong><br \/>\n<strong>Q2<\/strong><br \/>\n1\u00b0) Ignacio Montenegro (Fluence), <strong>2\u00b0) Bernardo Llaver (Honda Civic &#8211; YPF Honda RV Racing)<\/strong>, 3\u00b0) Facundo Marques (Fluence), 4\u00b0) Mariano Pern\u00eda (Fluence), 5\u00b0) Franco Vivian (Cruze III), <strong>6\u00b0) Facundo Ardusso (Honda Civic &#8211; YPF Honda RV Racing)<\/strong>, 7\u00b0) Juli\u00e1n Santero (Corolla), 8\u00b0) Felipe Barrios Bustos (Fluence), 9\u00b0) Fabricio Persia (C4 Lounge) y 10\u00b0) Facundo Aldrighetti (Corolla).<br \/>\n<strong>Q3<\/strong><br \/>\n1\u00b0) Franco Vivian (Cruze III), 2\u00b0) Ignacio Montenegro (Fluence), <strong>3\u00b0) Bernardo Llaver (Honda Civic &#8211; YPF Honda RV Racing)<\/strong>, 4\u00b0) Facundo Marques (Fluence), 5\u00b0) Mariano Pern\u00eda (Fluence),<\/p>\n<p><strong>Final 1<\/strong><br \/>\n1\u00b0) Ignacio Montenegro (Fluence), <strong>2\u00b0) Facundo Ardusso (Honda Civic &#8211; YPF Honda RV Racing)<\/strong>, 3\u00b0) Franco Vivian (Cruze III), 4\u00b0) Juli\u00e1n Santero (Corolla), 5\u00b0) Facundo Marques (Fluence), 6\u00b0) Rodrigo Aramendia (Cruze III), 7\u00b0) Fabricio Persia (C4 Lounge), 8\u00b0) Felipe Barrios Bustos (Fluence), 9\u00b0) Nicol\u00e1s Traut (Cruze III). No clasificaron: <strong>Javier Scuncio Moro (Honda Civic &#8211; YPF Honda RV Racing)<\/strong> accidente<strong>, Mario Valle<\/strong> <strong>(Honda Civic &#8211; YPF Honda RV Racing)<\/strong> penalizaci\u00f3n.<strong> \u00a0<\/strong><\/p>\n<p><strong>Final 2<\/strong><br \/>\n1\u00b0) Juli\u00e1n Santero (Corolla), 2\u00b0) Facundo Marques (Fluence),3\u00b0) Franco Vivian (Cruze III), 4\u00b0) Luis Jos\u00e9 Di Palma (Cronos), <strong>5\u00b0)<\/strong> <strong>Facundo Ardusso (Honda Civic &#8211; YPF Honda RV Racing)<\/strong>, 6\u00b0) Fabricio Persia (C4 Lounge), 7\u00b0) Ignacio Montenegro (Fluence), <strong>8\u00b0)<\/strong> <strong>Bernardo Llaver (Honda Civic &#8211; YPF Honda RV Racing)<\/strong>, 9\u00b0) Felipe Barrios Bustos (Fluence), 10\u00b0) Rodrigo Aramendia (Cruze III).<\/p>\n<p><strong>Campeonato de Pilotos <\/strong><br \/>\n1\u00b0) Leonel Pern\u00eda (Fluence) 117 pts., 2\u00b0) Ignacio Montenegro (Fluence) 109 pts., 3\u00b0) Juli\u00e1n Santero (Corolla) 92 pts., 4\u00b0) Franco Vivian (Cruze III) 88 pts., <strong>5\u00b0) Facundo Ardusso (Honda Civic &#8211; YPF Honda RV Racing) 80 pts., <\/strong>6\u00b0) Facundo Marques (Fluence) 58 pts., <strong>7\u00b0) Bernardo Llaver (Honda Civic &#8211; YPF Honda RV Racing) 48 pts.,<\/strong> 8\u00b0) Felipe Barrios Bustos (Fluence) 22 pts., 9\u00b0) Lucas Bohdanowicz (Corolla) 21 pts., 10\u00b0) Facundo Aldrighetti (Corolla) 19 pts.<\/p>\n<p><strong>Copa Challenge<\/strong><br \/>\n1\u00b0) Ignacio Montenegro (Fluence) 29 pts., 2\u00b0) Facundo Marques (Fluence) 14 pts., 3\u00b0) Rodrigo Aramendia (Chevrolet) 12 pts., 4\u00b0) Facundo Aldrighetti (Corolla) 11 pts., 5\u00b0) <strong>Javier Scuncio Moro (Honda Civic &#8211; YPF Honda RV Racing) 10 pts., <\/strong>6\u00b0) Mariano Pern\u00eda (Fluence) 9 pts., 7\u00b0) Lucas Bohdanowicz (Corolla) 8 pts., 8\u00b0) Felipe Barrio Bustos (Fluence) 5 pts., 9\u00b0) Nicol\u00e1s Traut (Cruze III) 3 pts.<\/p>\n<p><strong>Campeonato de Marcas <\/strong><br \/>\n1\u00b0) Renault 82 pts., 2\u00b0) Toyota 62 pts., <strong>3\u00b0) YPF Honda RV Racing 60 pts.,<\/strong> 4\u00b0) Chevrolet 28 pts., 5\u00b0) Fiat 2 pts., Citro\u00ebn 1 pts.<\/p>\n<p><strong>Campeonato de Equipos<\/strong><br \/>\n1\u00b0) A. Energy Sport 266 pts., <strong>2\u00b0) YPF Honda RV Racing 144 pts.,<\/strong> 3\u00b0) Toyota Gazoo Racing 128 pts., 4\u00b0) YPF Elaion Auto ProRacing 108 pts., 5\u00b0) Octanos Competici\u00f3n 23 pts., 6\u00b0) SDE San Juan 12 pts., 7\u00b0) JM Motorsport 5 pts.<br \/>\n<strong>(*) <\/strong>Datos de la categor\u00eda<\/p>\n<p><strong>Pr\u00f3xima fecha: <\/strong>4 de junio escenario a confirmar.<\/p><\/blockquote>\n<\/div>\n<p>Si quer\u00e9s saber m\u00e1s de este espectacular competencia, ingresa en <a href=\"https:\/\/tc2000.com.ar\/noticias.php\" target=\"_blank\" rel=\"noopener\">TC2000.<\/a><\/p>\n<p><i>Para enterarte de m\u00e1s novedades, no dejes de leer\u00a0<\/i><a href=\"https:\/\/autofans.thebrandsoup.com\/\"><i>nuestras notas<\/i><\/a><i>, de ver<\/i><b><i>\u00a0<\/i><\/b><a href=\"https:\/\/www.youtube.com\/channel\/UCgAC8UGHZYbT6P7PpmVnP7g\"><b><i>AUTOFANS TV<\/i><\/b><\/a><b><i>\u00a0<\/i><\/b><i>en nuestro\u00a0canal de Youtube. Adem\u00e1s seguinos en\u00a0<\/i><a href=\"https:\/\/www.instagram.com\/autofanstv\/\"><i>INSTAGRAM<\/i><\/a><i> y <\/i><a href=\"https:\/\/www.facebook.com\/autofansmas\/\"><i>FACEBOOK<\/i><\/a><i> para no perderte nada sobre las novedades del segmento automotor de Argentina y el mundo. <\/i><\/p>\n","protected":false},"excerpt":{"rendered":"<p>Rosario fue testigo de emocionantes carreras de automovilismo en la cuarta fecha de la temporada&#8230;.<\/p>\n","protected":false},"author":2,"featured_media":2634,"comment_status":"closed","ping_status":"closed","sticky":false,"template":"","format":"standard","meta":{"footnotes":""},"categories":[127,16],"tags":[1265,1260,1263,1261,1268,1267,1262,1266,1259,1264],"class_list":["post-2631","post","type-post","status-publish","format-standard","has-post-thumbnail","hentry","category-deporte","category-noticias","tag-automovilismoargentino","tag-automovilismodeportivo","tag-bernardollaver","tag-carrerasdeautos","tag-deportemotor","tag-emocionyvelocidad","tag-facundoardusso","tag-remontadaenlapista","tag-tc2000rosario","tag-ypfhondarvracing"],"yoast_head":"<!-- This site is optimized with the Yoast SEO plugin v27.5 - https:\/\/yoast.com\/product\/yoast-seo-wordpress\/ -->\n<title>Lo mejor de Rosario, podio de Ardusso y remontada de Llaver en la segunda -<\/title>\n<meta name=\"description\" content=\"Rosario fue testigo de emocionantes carreras de automovilismo en la 4\u00ba fecha de la temporada. Junto a Facundo Ardusso piloto del equipo YPF.\" \/>\n<meta name=\"robots\" content=\"index, follow, max-snippet:-1, max-image-preview:large, max-video-preview:-1\" \/>\n<link rel=\"canonical\" href=\"https:\/\/autofans.com.ar\/index.php\/2023\/05\/19\/lo-mejor-de-rosario-podio-de-ardusso-y-remontada-de-llaver-en-la-segunda\/\" \/>\n<meta property=\"og:locale\" content=\"es_ES\" \/>\n<meta property=\"og:type\" content=\"article\" \/>\n<meta property=\"og:title\" content=\"Lo mejor de Rosario, podio de Ardusso y remontada de Llaver en la segunda -\" \/>\n<meta property=\"og:description\" content=\"Rosario fue testigo de emocionantes carreras de automovilismo en la 4\u00ba fecha de la temporada. Junto a Facundo Ardusso piloto del equipo YPF.\" \/>\n<meta property=\"og:url\" content=\"https:\/\/autofans.com.ar\/index.php\/2023\/05\/19\/lo-mejor-de-rosario-podio-de-ardusso-y-remontada-de-llaver-en-la-segunda\/\" \/>\n<meta property=\"article:published_time\" content=\"2023-05-19T16:29:08+00:00\" \/>\n<meta property=\"og:image\" content=\"https:\/\/autofans.com.ar\/wp-content\/uploads\/2023\/05\/foto-1-34.jpg\" \/>\n\t<meta property=\"og:image:width\" content=\"1000\" \/>\n\t<meta property=\"og:image:height\" content=\"667\" \/>\n\t<meta property=\"og:image:type\" content=\"image\/jpeg\" \/>\n<meta name=\"author\" content=\"Alejandro Gabriel Rosito\" \/>\n<meta name=\"twitter:card\" content=\"summary_large_image\" \/>\n<meta name=\"twitter:label1\" content=\"Escrito por\" \/>\n\t<meta name=\"twitter:data1\" content=\"Alejandro Gabriel Rosito\" \/>\n\t<meta name=\"twitter:label2\" content=\"Tiempo de lectura\" \/>\n\t<meta name=\"twitter:data2\" content=\"7 minutos\" \/>\n<script type=\"application\/ld+json\" class=\"yoast-schema-graph\">{\"@context\":\"https:\\\/\\\/schema.org\",\"@graph\":[{\"@type\":\"Article\",\"@id\":\"https:\\\/\\\/autofans.com.ar\\\/index.php\\\/2023\\\/05\\\/19\\\/lo-mejor-de-rosario-podio-de-ardusso-y-remontada-de-llaver-en-la-segunda\\\/#article\",\"isPartOf\":{\"@id\":\"https:\\\/\\\/autofans.com.ar\\\/index.php\\\/2023\\\/05\\\/19\\\/lo-mejor-de-rosario-podio-de-ardusso-y-remontada-de-llaver-en-la-segunda\\\/\"},\"author\":{\"name\":\"Alejandro Gabriel Rosito\",\"@id\":\"https:\\\/\\\/autofans.com.ar\\\/#\\\/schema\\\/person\\\/4a8dda0b6df83ac3d6723e921274c2aa\"},\"headline\":\"Lo mejor de Rosario, podio de Ardusso y remontada de Llaver en la segunda\",\"datePublished\":\"2023-05-19T16:29:08+00:00\",\"mainEntityOfPage\":{\"@id\":\"https:\\\/\\\/autofans.com.ar\\\/index.php\\\/2023\\\/05\\\/19\\\/lo-mejor-de-rosario-podio-de-ardusso-y-remontada-de-llaver-en-la-segunda\\\/\"},\"wordCount\":1246,\"image\":{\"@id\":\"https:\\\/\\\/autofans.com.ar\\\/index.php\\\/2023\\\/05\\\/19\\\/lo-mejor-de-rosario-podio-de-ardusso-y-remontada-de-llaver-en-la-segunda\\\/#primaryimage\"},\"thumbnailUrl\":\"https:\\\/\\\/autofans.com.ar\\\/wp-content\\\/uploads\\\/2023\\\/05\\\/foto-1-34.jpg\",\"keywords\":[\"AutomovilismoArgentino\",\"AutomovilismoDeportivo\",\"BernardoLlaver\",\"CarrerasdeAutos\",\"DeporteMotor\",\"Emoci\u00f3nyVelocidad\",\"FacundoArdusso\",\"RemontadaEnLaPista\",\"TC2000Rosario\",\"YPFHondaRVRacing\"],\"articleSection\":[\"DEPORTE MOTOR\",\"NOTICIAS\"],\"inLanguage\":\"es\"},{\"@type\":\"WebPage\",\"@id\":\"https:\\\/\\\/autofans.com.ar\\\/index.php\\\/2023\\\/05\\\/19\\\/lo-mejor-de-rosario-podio-de-ardusso-y-remontada-de-llaver-en-la-segunda\\\/\",\"url\":\"https:\\\/\\\/autofans.com.ar\\\/index.php\\\/2023\\\/05\\\/19\\\/lo-mejor-de-rosario-podio-de-ardusso-y-remontada-de-llaver-en-la-segunda\\\/\",\"name\":\"Lo mejor de Rosario, podio de Ardusso y remontada de Llaver en la segunda -\",\"isPartOf\":{\"@id\":\"https:\\\/\\\/autofans.com.ar\\\/#website\"},\"primaryImageOfPage\":{\"@id\":\"https:\\\/\\\/autofans.com.ar\\\/index.php\\\/2023\\\/05\\\/19\\\/lo-mejor-de-rosario-podio-de-ardusso-y-remontada-de-llaver-en-la-segunda\\\/#primaryimage\"},\"image\":{\"@id\":\"https:\\\/\\\/autofans.com.ar\\\/index.php\\\/2023\\\/05\\\/19\\\/lo-mejor-de-rosario-podio-de-ardusso-y-remontada-de-llaver-en-la-segunda\\\/#primaryimage\"},\"thumbnailUrl\":\"https:\\\/\\\/autofans.com.ar\\\/wp-content\\\/uploads\\\/2023\\\/05\\\/foto-1-34.jpg\",\"datePublished\":\"2023-05-19T16:29:08+00:00\",\"author\":{\"@id\":\"https:\\\/\\\/autofans.com.ar\\\/#\\\/schema\\\/person\\\/4a8dda0b6df83ac3d6723e921274c2aa\"},\"description\":\"Rosario fue testigo de emocionantes carreras de automovilismo en la 4\u00ba fecha de la temporada. Junto a Facundo Ardusso piloto del equipo YPF.\",\"breadcrumb\":{\"@id\":\"https:\\\/\\\/autofans.com.ar\\\/index.php\\\/2023\\\/05\\\/19\\\/lo-mejor-de-rosario-podio-de-ardusso-y-remontada-de-llaver-en-la-segunda\\\/#breadcrumb\"},\"inLanguage\":\"es\",\"potentialAction\":[{\"@type\":\"ReadAction\",\"target\":[\"https:\\\/\\\/autofans.com.ar\\\/index.php\\\/2023\\\/05\\\/19\\\/lo-mejor-de-rosario-podio-de-ardusso-y-remontada-de-llaver-en-la-segunda\\\/\"]}]},{\"@type\":\"ImageObject\",\"inLanguage\":\"es\",\"@id\":\"https:\\\/\\\/autofans.com.ar\\\/index.php\\\/2023\\\/05\\\/19\\\/lo-mejor-de-rosario-podio-de-ardusso-y-remontada-de-llaver-en-la-segunda\\\/#primaryimage\",\"url\":\"https:\\\/\\\/autofans.com.ar\\\/wp-content\\\/uploads\\\/2023\\\/05\\\/foto-1-34.jpg\",\"contentUrl\":\"https:\\\/\\\/autofans.com.ar\\\/wp-content\\\/uploads\\\/2023\\\/05\\\/foto-1-34.jpg\",\"width\":1000,\"height\":667,\"caption\":\"YPF Honda\"},{\"@type\":\"BreadcrumbList\",\"@id\":\"https:\\\/\\\/autofans.com.ar\\\/index.php\\\/2023\\\/05\\\/19\\\/lo-mejor-de-rosario-podio-de-ardusso-y-remontada-de-llaver-en-la-segunda\\\/#breadcrumb\",\"itemListElement\":[{\"@type\":\"ListItem\",\"position\":1,\"name\":\"Inicio\",\"item\":\"https:\\\/\\\/autofans.com.ar\\\/\"},{\"@type\":\"ListItem\",\"position\":2,\"name\":\"Lo mejor de Rosario, podio de Ardusso y remontada de Llaver en la segunda\"}]},{\"@type\":\"WebSite\",\"@id\":\"https:\\\/\\\/autofans.com.ar\\\/#website\",\"url\":\"https:\\\/\\\/autofans.com.ar\\\/\",\"name\":\"\",\"description\":\"El multimedio referente de la industria automotriz\",\"potentialAction\":[{\"@type\":\"SearchAction\",\"target\":{\"@type\":\"EntryPoint\",\"urlTemplate\":\"https:\\\/\\\/autofans.com.ar\\\/?s={search_term_string}\"},\"query-input\":{\"@type\":\"PropertyValueSpecification\",\"valueRequired\":true,\"valueName\":\"search_term_string\"}}],\"inLanguage\":\"es\"},{\"@type\":\"Person\",\"@id\":\"https:\\\/\\\/autofans.com.ar\\\/#\\\/schema\\\/person\\\/4a8dda0b6df83ac3d6723e921274c2aa\",\"name\":\"Alejandro Gabriel Rosito\",\"image\":{\"@type\":\"ImageObject\",\"inLanguage\":\"es\",\"@id\":\"https:\\\/\\\/secure.gravatar.com\\\/avatar\\\/16c5dda1489adfc62618084dcbb91cffd879c374b13fe5dd8e44ed6733852c88?s=96&d=mm&r=g\",\"url\":\"https:\\\/\\\/secure.gravatar.com\\\/avatar\\\/16c5dda1489adfc62618084dcbb91cffd879c374b13fe5dd8e44ed6733852c88?s=96&d=mm&r=g\",\"contentUrl\":\"https:\\\/\\\/secure.gravatar.com\\\/avatar\\\/16c5dda1489adfc62618084dcbb91cffd879c374b13fe5dd8e44ed6733852c88?s=96&d=mm&r=g\",\"caption\":\"Alejandro Gabriel Rosito\"},\"url\":\"https:\\\/\\\/autofans.com.ar\\\/index.php\\\/author\\\/gabrielr\\\/\"}]}<\/script>\n<!-- \/ Yoast SEO plugin. -->","yoast_head_json":{"title":"Lo mejor de Rosario, podio de Ardusso y remontada de Llaver en la segunda -","description":"Rosario fue testigo de emocionantes carreras de automovilismo en la 4\u00ba fecha de la temporada. Junto a Facundo Ardusso piloto del equipo YPF.","robots":{"index":"index","follow":"follow","max-snippet":"max-snippet:-1","max-image-preview":"max-image-preview:large","max-video-preview":"max-video-preview:-1"},"canonical":"https:\/\/autofans.com.ar\/index.php\/2023\/05\/19\/lo-mejor-de-rosario-podio-de-ardusso-y-remontada-de-llaver-en-la-segunda\/","og_locale":"es_ES","og_type":"article","og_title":"Lo mejor de Rosario, podio de Ardusso y remontada de Llaver en la segunda -","og_description":"Rosario fue testigo de emocionantes carreras de automovilismo en la 4\u00ba fecha de la temporada. Junto a Facundo Ardusso piloto del equipo YPF.","og_url":"https:\/\/autofans.com.ar\/index.php\/2023\/05\/19\/lo-mejor-de-rosario-podio-de-ardusso-y-remontada-de-llaver-en-la-segunda\/","article_published_time":"2023-05-19T16:29:08+00:00","og_image":[{"width":1000,"height":667,"url":"https:\/\/autofans.com.ar\/wp-content\/uploads\/2023\/05\/foto-1-34.jpg","type":"image\/jpeg"}],"author":"Alejandro Gabriel Rosito","twitter_card":"summary_large_image","twitter_misc":{"Escrito por":"Alejandro Gabriel Rosito","Tiempo de lectura":"7 minutos"},"schema":{"@context":"https:\/\/schema.org","@graph":[{"@type":"Article","@id":"https:\/\/autofans.com.ar\/index.php\/2023\/05\/19\/lo-mejor-de-rosario-podio-de-ardusso-y-remontada-de-llaver-en-la-segunda\/#article","isPartOf":{"@id":"https:\/\/autofans.com.ar\/index.php\/2023\/05\/19\/lo-mejor-de-rosario-podio-de-ardusso-y-remontada-de-llaver-en-la-segunda\/"},"author":{"name":"Alejandro Gabriel Rosito","@id":"https:\/\/autofans.com.ar\/#\/schema\/person\/4a8dda0b6df83ac3d6723e921274c2aa"},"headline":"Lo mejor de Rosario, podio de Ardusso y remontada de Llaver en la segunda","datePublished":"2023-05-19T16:29:08+00:00","mainEntityOfPage":{"@id":"https:\/\/autofans.com.ar\/index.php\/2023\/05\/19\/lo-mejor-de-rosario-podio-de-ardusso-y-remontada-de-llaver-en-la-segunda\/"},"wordCount":1246,"image":{"@id":"https:\/\/autofans.com.ar\/index.php\/2023\/05\/19\/lo-mejor-de-rosario-podio-de-ardusso-y-remontada-de-llaver-en-la-segunda\/#primaryimage"},"thumbnailUrl":"https:\/\/autofans.com.ar\/wp-content\/uploads\/2023\/05\/foto-1-34.jpg","keywords":["AutomovilismoArgentino","AutomovilismoDeportivo","BernardoLlaver","CarrerasdeAutos","DeporteMotor","Emoci\u00f3nyVelocidad","FacundoArdusso","RemontadaEnLaPista","TC2000Rosario","YPFHondaRVRacing"],"articleSection":["DEPORTE MOTOR","NOTICIAS"],"inLanguage":"es"},{"@type":"WebPage","@id":"https:\/\/autofans.com.ar\/index.php\/2023\/05\/19\/lo-mejor-de-rosario-podio-de-ardusso-y-remontada-de-llaver-en-la-segunda\/","url":"https:\/\/autofans.com.ar\/index.php\/2023\/05\/19\/lo-mejor-de-rosario-podio-de-ardusso-y-remontada-de-llaver-en-la-segunda\/","name":"Lo mejor de Rosario, podio de Ardusso y remontada de Llaver en la segunda -","isPartOf":{"@id":"https:\/\/autofans.com.ar\/#website"},"primaryImageOfPage":{"@id":"https:\/\/autofans.com.ar\/index.php\/2023\/05\/19\/lo-mejor-de-rosario-podio-de-ardusso-y-remontada-de-llaver-en-la-segunda\/#primaryimage"},"image":{"@id":"https:\/\/autofans.com.ar\/index.php\/2023\/05\/19\/lo-mejor-de-rosario-podio-de-ardusso-y-remontada-de-llaver-en-la-segunda\/#primaryimage"},"thumbnailUrl":"https:\/\/autofans.com.ar\/wp-content\/uploads\/2023\/05\/foto-1-34.jpg","datePublished":"2023-05-19T16:29:08+00:00","author":{"@id":"https:\/\/autofans.com.ar\/#\/schema\/person\/4a8dda0b6df83ac3d6723e921274c2aa"},"description":"Rosario fue testigo de emocionantes carreras de automovilismo en la 4\u00ba fecha de la temporada. Junto a Facundo Ardusso piloto del equipo YPF.","breadcrumb":{"@id":"https:\/\/autofans.com.ar\/index.php\/2023\/05\/19\/lo-mejor-de-rosario-podio-de-ardusso-y-remontada-de-llaver-en-la-segunda\/#breadcrumb"},"inLanguage":"es","potentialAction":[{"@type":"ReadAction","target":["https:\/\/autofans.com.ar\/index.php\/2023\/05\/19\/lo-mejor-de-rosario-podio-de-ardusso-y-remontada-de-llaver-en-la-segunda\/"]}]},{"@type":"ImageObject","inLanguage":"es","@id":"https:\/\/autofans.com.ar\/index.php\/2023\/05\/19\/lo-mejor-de-rosario-podio-de-ardusso-y-remontada-de-llaver-en-la-segunda\/#primaryimage","url":"https:\/\/autofans.com.ar\/wp-content\/uploads\/2023\/05\/foto-1-34.jpg","contentUrl":"https:\/\/autofans.com.ar\/wp-content\/uploads\/2023\/05\/foto-1-34.jpg","width":1000,"height":667,"caption":"YPF Honda"},{"@type":"BreadcrumbList","@id":"https:\/\/autofans.com.ar\/index.php\/2023\/05\/19\/lo-mejor-de-rosario-podio-de-ardusso-y-remontada-de-llaver-en-la-segunda\/#breadcrumb","itemListElement":[{"@type":"ListItem","position":1,"name":"Inicio","item":"https:\/\/autofans.com.ar\/"},{"@type":"ListItem","position":2,"name":"Lo mejor de Rosario, podio de Ardusso y remontada de Llaver en la segunda"}]},{"@type":"WebSite","@id":"https:\/\/autofans.com.ar\/#website","url":"https:\/\/autofans.com.ar\/","name":"","description":"El multimedio referente de la industria automotriz","potentialAction":[{"@type":"SearchAction","target":{"@type":"EntryPoint","urlTemplate":"https:\/\/autofans.com.ar\/?s={search_term_string}"},"query-input":{"@type":"PropertyValueSpecification","valueRequired":true,"valueName":"search_term_string"}}],"inLanguage":"es"},{"@type":"Person","@id":"https:\/\/autofans.com.ar\/#\/schema\/person\/4a8dda0b6df83ac3d6723e921274c2aa","name":"Alejandro Gabriel Rosito","image":{"@type":"ImageObject","inLanguage":"es","@id":"https:\/\/secure.gravatar.com\/avatar\/16c5dda1489adfc62618084dcbb91cffd879c374b13fe5dd8e44ed6733852c88?s=96&d=mm&r=g","url":"https:\/\/secure.gravatar.com\/avatar\/16c5dda1489adfc62618084dcbb91cffd879c374b13fe5dd8e44ed6733852c88?s=96&d=mm&r=g","contentUrl":"https:\/\/secure.gravatar.com\/avatar\/16c5dda1489adfc62618084dcbb91cffd879c374b13fe5dd8e44ed6733852c88?s=96&d=mm&r=g","caption":"Alejandro Gabriel Rosito"},"url":"https:\/\/autofans.com.ar\/index.php\/author\/gabrielr\/"}]}},"featured_image_urls":{"full":["https:\/\/autofans.com.ar\/wp-content\/uploads\/2023\/05\/foto-1-34.jpg",1000,667,false],"thumbnail":["https:\/\/autofans.com.ar\/wp-content\/uploads\/2023\/05\/foto-1-34-150x150.jpg",150,150,true],"medium":["https:\/\/autofans.com.ar\/wp-content\/uploads\/2023\/05\/foto-1-34-300x200.jpg",300,200,true],"medium_large":["https:\/\/autofans.com.ar\/wp-content\/uploads\/2023\/05\/foto-1-34-768x512.jpg",640,427,true],"large":["https:\/\/autofans.com.ar\/wp-content\/uploads\/2023\/05\/foto-1-34.jpg",640,427,false],"1536x1536":["https:\/\/autofans.com.ar\/wp-content\/uploads\/2023\/05\/foto-1-34.jpg",1000,667,false],"2048x2048":["https:\/\/autofans.com.ar\/wp-content\/uploads\/2023\/05\/foto-1-34.jpg",1000,667,false],"covernews-featured":["https:\/\/autofans.com.ar\/wp-content\/uploads\/2023\/05\/foto-1-34.jpg",1000,667,false],"covernews-medium":["https:\/\/autofans.com.ar\/wp-content\/uploads\/2023\/05\/foto-1-34-540x340.jpg",540,340,true]},"author_info":{"display_name":"Alejandro Gabriel Rosito","author_link":"https:\/\/autofans.com.ar\/index.php\/author\/gabrielr\/"},"category_info":"<a href=\"https:\/\/autofans.com.ar\/index.php\/category\/noticias\/deporte\/\" rel=\"category tag\">DEPORTE MOTOR<\/a> <a href=\"https:\/\/autofans.com.ar\/index.php\/category\/noticias\/\" rel=\"category tag\">NOTICIAS<\/a>","tag_info":"NOTICIAS","comment_count":0,"_links":{"self":[{"href":"https:\/\/autofans.com.ar\/index.php\/wp-json\/wp\/v2\/posts\/2631","targetHints":{"allow":["GET"]}}],"collection":[{"href":"https:\/\/autofans.com.ar\/index.php\/wp-json\/wp\/v2\/posts"}],"about":[{"href":"https:\/\/autofans.com.ar\/index.php\/wp-json\/wp\/v2\/types\/post"}],"author":[{"embeddable":true,"href":"https:\/\/autofans.com.ar\/index.php\/wp-json\/wp\/v2\/users\/2"}],"replies":[{"embeddable":true,"href":"https:\/\/autofans.com.ar\/index.php\/wp-json\/wp\/v2\/comments?post=2631"}],"version-history":[{"count":5,"href":"https:\/\/autofans.com.ar\/index.php\/wp-json\/wp\/v2\/posts\/2631\/revisions"}],"predecessor-version":[{"id":2641,"href":"https:\/\/autofans.com.ar\/index.php\/wp-json\/wp\/v2\/posts\/2631\/revisions\/2641"}],"wp:featuredmedia":[{"embeddable":true,"href":"https:\/\/autofans.com.ar\/index.php\/wp-json\/wp\/v2\/media\/2634"}],"wp:attachment":[{"href":"https:\/\/autofans.com.ar\/index.php\/wp-json\/wp\/v2\/media?parent=2631"}],"wp:term":[{"taxonomy":"category","embeddable":true,"href":"https:\/\/autofans.com.ar\/index.php\/wp-json\/wp\/v2\/categories?post=2631"},{"taxonomy":"post_tag","embeddable":true,"href":"https:\/\/autofans.com.ar\/index.php\/wp-json\/wp\/v2\/tags?post=2631"}],"curies":[{"name":"wp","href":"https:\/\/api.w.org\/{rel}","templated":true}]}}