{"id":2642,"date":"2023-05-19T19:05:48","date_gmt":"2023-05-19T22:05:48","guid":{"rendered":"https:\/\/autofans.com.ar\/?p=2642"},"modified":"2023-05-19T19:05:48","modified_gmt":"2023-05-19T22:05:48","slug":"edeka-transformara-su-flota-de-camiones-a-baja-emision-de-co2-con-los-innovadores-iveco-s-way-lng","status":"publish","type":"post","link":"https:\/\/autofans.com.ar\/index.php\/2023\/05\/19\/edeka-transformara-su-flota-de-camiones-a-baja-emision-de-co2-con-los-innovadores-iveco-s-way-lng\/","title":{"rendered":"EDEKA Transformar\u00e1 su Flota de Camiones a Baja Emisi\u00f3n de CO2 con los Innovadores IVECO S-WAY LNG"},"content":{"rendered":"<p>La cadena alemana de supermercados EDEKA ha anunciado su ambicioso plan para convertir su flota de 700 veh\u00edculos a baja emisi\u00f3n de CO2 para el a\u00f1o 2025. En asociaci\u00f3n con IVECO, l\u00edder en veh\u00edculos comerciales de propulsi\u00f3n alternativa, EDEKA Minden-Hannover est\u00e1 dando un paso importante hacia la sostenibilidad al reemplazar sus camiones di\u00e9sel por los modernos camiones IVECO S-WAY LNG.<\/p>\n<p>&nbsp;<\/p>\n<p><img fetchpriority=\"high\" decoding=\"async\" class=\"aligncenter wp-image-2644 size-full\" src=\"https:\/\/autofans.com.ar\/wp-content\/uploads\/2023\/05\/foto-2-35.jpg\" alt=\"iveco\" width=\"1000\" height=\"667\" srcset=\"https:\/\/autofans.com.ar\/wp-content\/uploads\/2023\/05\/foto-2-35.jpg 1000w, https:\/\/autofans.com.ar\/wp-content\/uploads\/2023\/05\/foto-2-35-300x200.jpg 300w, https:\/\/autofans.com.ar\/wp-content\/uploads\/2023\/05\/foto-2-35-768x512.jpg 768w\" sizes=\"(max-width: 1000px) 100vw, 1000px\" \/><\/p>\n<p>Los primeros pedidos para esta transformaci\u00f3n ya han sido realizados, con un total de 275 camiones <a href=\"https:\/\/www.iveco.com\/spain\/producto\/pages\/iveco-sway-gas-natural.aspx\" target=\"_blank\" rel=\"noopener\">IVECO S-WAY LNG<\/a> encargados para los a\u00f1os 2022 y 2023. Estos veh\u00edculos se unir\u00e1n a los 80 camiones IVECO propulsados por GNL que ya operan en la flota de EDEKA, aprovechando la estaci\u00f3n de servicio Bio-LNG en las instalaciones del centro log\u00edstico de EDEKA en Lauenau, Alemania.<\/p>\n<h3>El objetivo de EDEKA Minden-Hannover es alcanzar una flota completa de veh\u00edculos de bajas emisiones de CO2 para 2025.<\/h3>\n<blockquote>\n<p style=\"text-align: center;\">Mark Rosenkranz, vocero de la junta de EDEKA Minden-Hannover, destac\u00f3 la importancia de esta transformaci\u00f3n: \u00abNuestra flota de camiones es la columna vertebral de todas nuestras operaciones log\u00edsticas y, por tanto, la columna vertebral del suministro de alimentos en nuestra \u00e1rea de distribuci\u00f3n. El cambio a Bio-LNG es una pieza clave para reducir nuestra huella de carbono. De este modo, cumplimos con nuestra responsabilidad social para una mayor protecci\u00f3n del medio ambiente\u00bb.<\/p>\n<\/blockquote>\n<p><img decoding=\"async\" class=\"aligncenter wp-image-2645 size-full\" src=\"https:\/\/autofans.com.ar\/wp-content\/uploads\/2023\/05\/foto-1-35.jpg\" alt=\"iveco\" width=\"1000\" height=\"667\" srcset=\"https:\/\/autofans.com.ar\/wp-content\/uploads\/2023\/05\/foto-1-35.jpg 1000w, https:\/\/autofans.com.ar\/wp-content\/uploads\/2023\/05\/foto-1-35-300x200.jpg 300w, https:\/\/autofans.com.ar\/wp-content\/uploads\/2023\/05\/foto-1-35-768x512.jpg 768w\" sizes=\"(max-width: 1000px) 100vw, 1000px\" \/><\/p>\n<p>Los camiones <a href=\"https:\/\/autofans.com.ar\/index.php\/2023\/04\/22\/iveco-group-inaugura-su-planta-de-autobuses-de-cero-emisiones\/\" target=\"_blank\" rel=\"noopener\">IVECO<\/a> S-WAY LNG ofrecen numerosos beneficios en t\u00e9rminos de reducci\u00f3n de emisiones y eficiencia. Con estos veh\u00edculos, EDEKA Minden-Hannover puede reducir las emisiones de di\u00f3xido de nitr\u00f3geno y holl\u00edn, as\u00ed como las emisiones de CO2 en un 95% en promedio, en comparaci\u00f3n con los camiones di\u00e9sel que reemplazan en su flota. Adem\u00e1s, los camiones a gas son mucho m\u00e1s silenciosos, lo que los convierte en la elecci\u00f3n perfecta para zonas medioambientales y de tr\u00e1fico limitado, as\u00ed como para entregas nocturnas a los comercios. Giandomenico Fioretti, Jefe de Propulsi\u00f3n Alternativa de la Unidad de Negocio de Camiones de IVECO, expres\u00f3 su agradecimiento a EDEKA Minden-Hannover por su confianza en la marca IVECO y en la tecnolog\u00eda de gas natural<\/p>\n<blockquote>\n<p style=\"text-align: center;\">\u00abEl Bio-LNG es el \u00fanico combustible renovable escalable en la actualidad. Con nuestros camiones IVECO S-WAY GNL, el transporte de mercanc\u00edas por ruta sin emisiones es ahora una realidad para EDEKA Minden-Hannover, expreso Giandomenico Fioretti\u00bb.<\/p>\n<\/blockquote>\n<p>La transformaci\u00f3n de la flota de EDEKA Minden-Hannover es un hito importante en su camino hacia una cadena de suministro m\u00e1s sostenible y demuestra su compromiso con la protecci\u00f3n del medio ambiente. Con los camiones IVECO S-WAY LNG, la cadena de supermercados alemana est\u00e1 liderando el camino hacia un futuro m\u00e1s limpio y ecoamigable en el sector automotor.<\/p>\n<p>&nbsp;<\/p>\n<p><i>Para enterarte de m\u00e1s novedades, no dejes de leer\u00a0<\/i><a href=\"https:\/\/autofans.thebrandsoup.com\/\"><i>nuestras notas<\/i><\/a><i>, de ver<\/i><b><i>\u00a0<\/i><\/b><a href=\"https:\/\/www.youtube.com\/channel\/UCgAC8UGHZYbT6P7PpmVnP7g\"><b><i>AUTOFANS TV<\/i><\/b><\/a><b><i>\u00a0<\/i><\/b><i>en nuestro\u00a0canal de Youtube. Adem\u00e1s seguinos en\u00a0<\/i><a href=\"https:\/\/www.instagram.com\/autofanstv\/\"><i>INSTAGRAM<\/i><\/a><i> y <\/i><a href=\"https:\/\/www.facebook.com\/autofansmas\/\"><i>FACEBOOK<\/i><\/a><i> para no perderte nada sobre las novedades del segmento automotor de Argentina y el mundo. <\/i><\/p>\n","protected":false},"excerpt":{"rendered":"<p>La cadena alemana de supermercados EDEKA ha anunciado su ambicioso plan para convertir su flota&#8230;<\/p>\n","protected":false},"author":2,"featured_media":2643,"comment_status":"closed","ping_status":"closed","sticky":false,"template":"","format":"standard","meta":{"footnotes":""},"categories":[341,16,5],"tags":[216,1272,1271,654,1269,1270],"class_list":["post-2642","post","type-post","status-publish","format-standard","has-post-thumbnail","hentry","category-hibridos-y-electricos","category-noticias","category-otros","tag-sostenibilidad","tag-edeka","tag-flotaecologica","tag-iveco","tag-movilidadsostenible","tag-transporteverde"],"yoast_head":"<!-- This site is optimized with the Yoast SEO plugin v27.5 - https:\/\/yoast.com\/product\/yoast-seo-wordpress\/ -->\n<title>EDEKA Transformar\u00e1 su Flota de Camiones a Baja Emisi\u00f3n de CO2 con los Innovadores IVECO S-WAY LNG -<\/title>\n<meta name=\"description\" content=\"La cadena alemana de supermercados EDEKA ha anunciado su ambicioso plan para convertir su flota de 700 veh\u00edculos a baja emisi\u00f3n de CO2...\" \/>\n<meta name=\"robots\" content=\"index, follow, max-snippet:-1, max-image-preview:large, max-video-preview:-1\" \/>\n<link rel=\"canonical\" href=\"https:\/\/autofans.com.ar\/index.php\/2023\/05\/19\/edeka-transformara-su-flota-de-camiones-a-baja-emision-de-co2-con-los-innovadores-iveco-s-way-lng\/\" \/>\n<meta property=\"og:locale\" content=\"es_ES\" \/>\n<meta property=\"og:type\" content=\"article\" \/>\n<meta property=\"og:title\" content=\"EDEKA Transformar\u00e1 su Flota de Camiones a Baja Emisi\u00f3n de CO2 con los Innovadores IVECO S-WAY LNG -\" \/>\n<meta property=\"og:description\" content=\"La cadena alemana de supermercados EDEKA ha anunciado su ambicioso plan para convertir su flota de 700 veh\u00edculos a baja emisi\u00f3n de CO2...\" \/>\n<meta property=\"og:url\" content=\"https:\/\/autofans.com.ar\/index.php\/2023\/05\/19\/edeka-transformara-su-flota-de-camiones-a-baja-emision-de-co2-con-los-innovadores-iveco-s-way-lng\/\" \/>\n<meta property=\"article:published_time\" content=\"2023-05-19T22:05:48+00:00\" \/>\n<meta property=\"og:image\" content=\"https:\/\/autofans.com.ar\/wp-content\/uploads\/2023\/05\/foto-3-26.jpg\" \/>\n\t<meta property=\"og:image:width\" content=\"1000\" \/>\n\t<meta property=\"og:image:height\" content=\"667\" \/>\n\t<meta property=\"og:image:type\" content=\"image\/jpeg\" \/>\n<meta name=\"author\" content=\"Alejandro Gabriel Rosito\" \/>\n<meta name=\"twitter:card\" content=\"summary_large_image\" \/>\n<meta name=\"twitter:label1\" content=\"Escrito por\" \/>\n\t<meta name=\"twitter:data1\" content=\"Alejandro Gabriel Rosito\" \/>\n\t<meta name=\"twitter:label2\" content=\"Tiempo de lectura\" \/>\n\t<meta name=\"twitter:data2\" content=\"3 minutos\" \/>\n<script type=\"application\/ld+json\" class=\"yoast-schema-graph\">{\"@context\":\"https:\\\/\\\/schema.org\",\"@graph\":[{\"@type\":\"Article\",\"@id\":\"https:\\\/\\\/autofans.com.ar\\\/index.php\\\/2023\\\/05\\\/19\\\/edeka-transformara-su-flota-de-camiones-a-baja-emision-de-co2-con-los-innovadores-iveco-s-way-lng\\\/#article\",\"isPartOf\":{\"@id\":\"https:\\\/\\\/autofans.com.ar\\\/index.php\\\/2023\\\/05\\\/19\\\/edeka-transformara-su-flota-de-camiones-a-baja-emision-de-co2-con-los-innovadores-iveco-s-way-lng\\\/\"},\"author\":{\"name\":\"Alejandro Gabriel Rosito\",\"@id\":\"https:\\\/\\\/autofans.com.ar\\\/#\\\/schema\\\/person\\\/4a8dda0b6df83ac3d6723e921274c2aa\"},\"headline\":\"EDEKA Transformar\u00e1 su Flota de Camiones a Baja Emisi\u00f3n de CO2 con los Innovadores IVECO S-WAY LNG\",\"datePublished\":\"2023-05-19T22:05:48+00:00\",\"mainEntityOfPage\":{\"@id\":\"https:\\\/\\\/autofans.com.ar\\\/index.php\\\/2023\\\/05\\\/19\\\/edeka-transformara-su-flota-de-camiones-a-baja-emision-de-co2-con-los-innovadores-iveco-s-way-lng\\\/\"},\"wordCount\":520,\"image\":{\"@id\":\"https:\\\/\\\/autofans.com.ar\\\/index.php\\\/2023\\\/05\\\/19\\\/edeka-transformara-su-flota-de-camiones-a-baja-emision-de-co2-con-los-innovadores-iveco-s-way-lng\\\/#primaryimage\"},\"thumbnailUrl\":\"https:\\\/\\\/autofans.com.ar\\\/wp-content\\\/uploads\\\/2023\\\/05\\\/foto-3-26.jpg\",\"keywords\":[\"#sostenibilidad\",\"EDEKA\",\"FlotaEcol\u00f3gica\",\"IVECO\",\"MovilidadSostenible\",\"TransporteVerde\"],\"articleSection\":[\"HIBRIDOS, ELECTRICOS y otros\",\"NOTICIAS\",\"PICK UPs, UTILITARIOS Y OTROS\"],\"inLanguage\":\"es\"},{\"@type\":\"WebPage\",\"@id\":\"https:\\\/\\\/autofans.com.ar\\\/index.php\\\/2023\\\/05\\\/19\\\/edeka-transformara-su-flota-de-camiones-a-baja-emision-de-co2-con-los-innovadores-iveco-s-way-lng\\\/\",\"url\":\"https:\\\/\\\/autofans.com.ar\\\/index.php\\\/2023\\\/05\\\/19\\\/edeka-transformara-su-flota-de-camiones-a-baja-emision-de-co2-con-los-innovadores-iveco-s-way-lng\\\/\",\"name\":\"EDEKA Transformar\u00e1 su Flota de Camiones a Baja Emisi\u00f3n de CO2 con los Innovadores IVECO S-WAY LNG -\",\"isPartOf\":{\"@id\":\"https:\\\/\\\/autofans.com.ar\\\/#website\"},\"primaryImageOfPage\":{\"@id\":\"https:\\\/\\\/autofans.com.ar\\\/index.php\\\/2023\\\/05\\\/19\\\/edeka-transformara-su-flota-de-camiones-a-baja-emision-de-co2-con-los-innovadores-iveco-s-way-lng\\\/#primaryimage\"},\"image\":{\"@id\":\"https:\\\/\\\/autofans.com.ar\\\/index.php\\\/2023\\\/05\\\/19\\\/edeka-transformara-su-flota-de-camiones-a-baja-emision-de-co2-con-los-innovadores-iveco-s-way-lng\\\/#primaryimage\"},\"thumbnailUrl\":\"https:\\\/\\\/autofans.com.ar\\\/wp-content\\\/uploads\\\/2023\\\/05\\\/foto-3-26.jpg\",\"datePublished\":\"2023-05-19T22:05:48+00:00\",\"author\":{\"@id\":\"https:\\\/\\\/autofans.com.ar\\\/#\\\/schema\\\/person\\\/4a8dda0b6df83ac3d6723e921274c2aa\"},\"description\":\"La cadena alemana de supermercados EDEKA ha anunciado su ambicioso plan para convertir su flota de 700 veh\u00edculos a baja emisi\u00f3n de CO2...\",\"breadcrumb\":{\"@id\":\"https:\\\/\\\/autofans.com.ar\\\/index.php\\\/2023\\\/05\\\/19\\\/edeka-transformara-su-flota-de-camiones-a-baja-emision-de-co2-con-los-innovadores-iveco-s-way-lng\\\/#breadcrumb\"},\"inLanguage\":\"es\",\"potentialAction\":[{\"@type\":\"ReadAction\",\"target\":[\"https:\\\/\\\/autofans.com.ar\\\/index.php\\\/2023\\\/05\\\/19\\\/edeka-transformara-su-flota-de-camiones-a-baja-emision-de-co2-con-los-innovadores-iveco-s-way-lng\\\/\"]}]},{\"@type\":\"ImageObject\",\"inLanguage\":\"es\",\"@id\":\"https:\\\/\\\/autofans.com.ar\\\/index.php\\\/2023\\\/05\\\/19\\\/edeka-transformara-su-flota-de-camiones-a-baja-emision-de-co2-con-los-innovadores-iveco-s-way-lng\\\/#primaryimage\",\"url\":\"https:\\\/\\\/autofans.com.ar\\\/wp-content\\\/uploads\\\/2023\\\/05\\\/foto-3-26.jpg\",\"contentUrl\":\"https:\\\/\\\/autofans.com.ar\\\/wp-content\\\/uploads\\\/2023\\\/05\\\/foto-3-26.jpg\",\"width\":1000,\"height\":667,\"caption\":\"iveco\"},{\"@type\":\"BreadcrumbList\",\"@id\":\"https:\\\/\\\/autofans.com.ar\\\/index.php\\\/2023\\\/05\\\/19\\\/edeka-transformara-su-flota-de-camiones-a-baja-emision-de-co2-con-los-innovadores-iveco-s-way-lng\\\/#breadcrumb\",\"itemListElement\":[{\"@type\":\"ListItem\",\"position\":1,\"name\":\"Inicio\",\"item\":\"https:\\\/\\\/autofans.com.ar\\\/\"},{\"@type\":\"ListItem\",\"position\":2,\"name\":\"EDEKA Transformar\u00e1 su Flota de Camiones a Baja Emisi\u00f3n de CO2 con los Innovadores IVECO S-WAY LNG\"}]},{\"@type\":\"WebSite\",\"@id\":\"https:\\\/\\\/autofans.com.ar\\\/#website\",\"url\":\"https:\\\/\\\/autofans.com.ar\\\/\",\"name\":\"\",\"description\":\"El multimedio referente de la industria automotriz\",\"potentialAction\":[{\"@type\":\"SearchAction\",\"target\":{\"@type\":\"EntryPoint\",\"urlTemplate\":\"https:\\\/\\\/autofans.com.ar\\\/?s={search_term_string}\"},\"query-input\":{\"@type\":\"PropertyValueSpecification\",\"valueRequired\":true,\"valueName\":\"search_term_string\"}}],\"inLanguage\":\"es\"},{\"@type\":\"Person\",\"@id\":\"https:\\\/\\\/autofans.com.ar\\\/#\\\/schema\\\/person\\\/4a8dda0b6df83ac3d6723e921274c2aa\",\"name\":\"Alejandro Gabriel Rosito\",\"image\":{\"@type\":\"ImageObject\",\"inLanguage\":\"es\",\"@id\":\"https:\\\/\\\/secure.gravatar.com\\\/avatar\\\/16c5dda1489adfc62618084dcbb91cffd879c374b13fe5dd8e44ed6733852c88?s=96&d=mm&r=g\",\"url\":\"https:\\\/\\\/secure.gravatar.com\\\/avatar\\\/16c5dda1489adfc62618084dcbb91cffd879c374b13fe5dd8e44ed6733852c88?s=96&d=mm&r=g\",\"contentUrl\":\"https:\\\/\\\/secure.gravatar.com\\\/avatar\\\/16c5dda1489adfc62618084dcbb91cffd879c374b13fe5dd8e44ed6733852c88?s=96&d=mm&r=g\",\"caption\":\"Alejandro Gabriel Rosito\"},\"url\":\"https:\\\/\\\/autofans.com.ar\\\/index.php\\\/author\\\/gabrielr\\\/\"}]}<\/script>\n<!-- \/ Yoast SEO plugin. -->","yoast_head_json":{"title":"EDEKA Transformar\u00e1 su Flota de Camiones a Baja Emisi\u00f3n de CO2 con los Innovadores IVECO S-WAY LNG -","description":"La cadena alemana de supermercados EDEKA ha anunciado su ambicioso plan para convertir su flota de 700 veh\u00edculos a baja emisi\u00f3n de CO2...","robots":{"index":"index","follow":"follow","max-snippet":"max-snippet:-1","max-image-preview":"max-image-preview:large","max-video-preview":"max-video-preview:-1"},"canonical":"https:\/\/autofans.com.ar\/index.php\/2023\/05\/19\/edeka-transformara-su-flota-de-camiones-a-baja-emision-de-co2-con-los-innovadores-iveco-s-way-lng\/","og_locale":"es_ES","og_type":"article","og_title":"EDEKA Transformar\u00e1 su Flota de Camiones a Baja Emisi\u00f3n de CO2 con los Innovadores IVECO S-WAY LNG -","og_description":"La cadena alemana de supermercados EDEKA ha anunciado su ambicioso plan para convertir su flota de 700 veh\u00edculos a baja emisi\u00f3n de CO2...","og_url":"https:\/\/autofans.com.ar\/index.php\/2023\/05\/19\/edeka-transformara-su-flota-de-camiones-a-baja-emision-de-co2-con-los-innovadores-iveco-s-way-lng\/","article_published_time":"2023-05-19T22:05:48+00:00","og_image":[{"width":1000,"height":667,"url":"https:\/\/autofans.com.ar\/wp-content\/uploads\/2023\/05\/foto-3-26.jpg","type":"image\/jpeg"}],"author":"Alejandro Gabriel Rosito","twitter_card":"summary_large_image","twitter_misc":{"Escrito por":"Alejandro Gabriel Rosito","Tiempo de lectura":"3 minutos"},"schema":{"@context":"https:\/\/schema.org","@graph":[{"@type":"Article","@id":"https:\/\/autofans.com.ar\/index.php\/2023\/05\/19\/edeka-transformara-su-flota-de-camiones-a-baja-emision-de-co2-con-los-innovadores-iveco-s-way-lng\/#article","isPartOf":{"@id":"https:\/\/autofans.com.ar\/index.php\/2023\/05\/19\/edeka-transformara-su-flota-de-camiones-a-baja-emision-de-co2-con-los-innovadores-iveco-s-way-lng\/"},"author":{"name":"Alejandro Gabriel Rosito","@id":"https:\/\/autofans.com.ar\/#\/schema\/person\/4a8dda0b6df83ac3d6723e921274c2aa"},"headline":"EDEKA Transformar\u00e1 su Flota de Camiones a Baja Emisi\u00f3n de CO2 con los Innovadores IVECO S-WAY LNG","datePublished":"2023-05-19T22:05:48+00:00","mainEntityOfPage":{"@id":"https:\/\/autofans.com.ar\/index.php\/2023\/05\/19\/edeka-transformara-su-flota-de-camiones-a-baja-emision-de-co2-con-los-innovadores-iveco-s-way-lng\/"},"wordCount":520,"image":{"@id":"https:\/\/autofans.com.ar\/index.php\/2023\/05\/19\/edeka-transformara-su-flota-de-camiones-a-baja-emision-de-co2-con-los-innovadores-iveco-s-way-lng\/#primaryimage"},"thumbnailUrl":"https:\/\/autofans.com.ar\/wp-content\/uploads\/2023\/05\/foto-3-26.jpg","keywords":["#sostenibilidad","EDEKA","FlotaEcol\u00f3gica","IVECO","MovilidadSostenible","TransporteVerde"],"articleSection":["HIBRIDOS, ELECTRICOS y otros","NOTICIAS","PICK UPs, UTILITARIOS Y OTROS"],"inLanguage":"es"},{"@type":"WebPage","@id":"https:\/\/autofans.com.ar\/index.php\/2023\/05\/19\/edeka-transformara-su-flota-de-camiones-a-baja-emision-de-co2-con-los-innovadores-iveco-s-way-lng\/","url":"https:\/\/autofans.com.ar\/index.php\/2023\/05\/19\/edeka-transformara-su-flota-de-camiones-a-baja-emision-de-co2-con-los-innovadores-iveco-s-way-lng\/","name":"EDEKA Transformar\u00e1 su Flota de Camiones a Baja Emisi\u00f3n de CO2 con los Innovadores IVECO S-WAY LNG -","isPartOf":{"@id":"https:\/\/autofans.com.ar\/#website"},"primaryImageOfPage":{"@id":"https:\/\/autofans.com.ar\/index.php\/2023\/05\/19\/edeka-transformara-su-flota-de-camiones-a-baja-emision-de-co2-con-los-innovadores-iveco-s-way-lng\/#primaryimage"},"image":{"@id":"https:\/\/autofans.com.ar\/index.php\/2023\/05\/19\/edeka-transformara-su-flota-de-camiones-a-baja-emision-de-co2-con-los-innovadores-iveco-s-way-lng\/#primaryimage"},"thumbnailUrl":"https:\/\/autofans.com.ar\/wp-content\/uploads\/2023\/05\/foto-3-26.jpg","datePublished":"2023-05-19T22:05:48+00:00","author":{"@id":"https:\/\/autofans.com.ar\/#\/schema\/person\/4a8dda0b6df83ac3d6723e921274c2aa"},"description":"La cadena alemana de supermercados EDEKA ha anunciado su ambicioso plan para convertir su flota de 700 veh\u00edculos a baja emisi\u00f3n de CO2...","breadcrumb":{"@id":"https:\/\/autofans.com.ar\/index.php\/2023\/05\/19\/edeka-transformara-su-flota-de-camiones-a-baja-emision-de-co2-con-los-innovadores-iveco-s-way-lng\/#breadcrumb"},"inLanguage":"es","potentialAction":[{"@type":"ReadAction","target":["https:\/\/autofans.com.ar\/index.php\/2023\/05\/19\/edeka-transformara-su-flota-de-camiones-a-baja-emision-de-co2-con-los-innovadores-iveco-s-way-lng\/"]}]},{"@type":"ImageObject","inLanguage":"es","@id":"https:\/\/autofans.com.ar\/index.php\/2023\/05\/19\/edeka-transformara-su-flota-de-camiones-a-baja-emision-de-co2-con-los-innovadores-iveco-s-way-lng\/#primaryimage","url":"https:\/\/autofans.com.ar\/wp-content\/uploads\/2023\/05\/foto-3-26.jpg","contentUrl":"https:\/\/autofans.com.ar\/wp-content\/uploads\/2023\/05\/foto-3-26.jpg","width":1000,"height":667,"caption":"iveco"},{"@type":"BreadcrumbList","@id":"https:\/\/autofans.com.ar\/index.php\/2023\/05\/19\/edeka-transformara-su-flota-de-camiones-a-baja-emision-de-co2-con-los-innovadores-iveco-s-way-lng\/#breadcrumb","itemListElement":[{"@type":"ListItem","position":1,"name":"Inicio","item":"https:\/\/autofans.com.ar\/"},{"@type":"ListItem","position":2,"name":"EDEKA Transformar\u00e1 su Flota de Camiones a Baja Emisi\u00f3n de CO2 con los Innovadores IVECO S-WAY LNG"}]},{"@type":"WebSite","@id":"https:\/\/autofans.com.ar\/#website","url":"https:\/\/autofans.com.ar\/","name":"","description":"El multimedio referente de la industria automotriz","potentialAction":[{"@type":"SearchAction","target":{"@type":"EntryPoint","urlTemplate":"https:\/\/autofans.com.ar\/?s={search_term_string}"},"query-input":{"@type":"PropertyValueSpecification","valueRequired":true,"valueName":"search_term_string"}}],"inLanguage":"es"},{"@type":"Person","@id":"https:\/\/autofans.com.ar\/#\/schema\/person\/4a8dda0b6df83ac3d6723e921274c2aa","name":"Alejandro Gabriel Rosito","image":{"@type":"ImageObject","inLanguage":"es","@id":"https:\/\/secure.gravatar.com\/avatar\/16c5dda1489adfc62618084dcbb91cffd879c374b13fe5dd8e44ed6733852c88?s=96&d=mm&r=g","url":"https:\/\/secure.gravatar.com\/avatar\/16c5dda1489adfc62618084dcbb91cffd879c374b13fe5dd8e44ed6733852c88?s=96&d=mm&r=g","contentUrl":"https:\/\/secure.gravatar.com\/avatar\/16c5dda1489adfc62618084dcbb91cffd879c374b13fe5dd8e44ed6733852c88?s=96&d=mm&r=g","caption":"Alejandro Gabriel Rosito"},"url":"https:\/\/autofans.com.ar\/index.php\/author\/gabrielr\/"}]}},"featured_image_urls":{"full":["https:\/\/autofans.com.ar\/wp-content\/uploads\/2023\/05\/foto-3-26.jpg",1000,667,false],"thumbnail":["https:\/\/autofans.com.ar\/wp-content\/uploads\/2023\/05\/foto-3-26-150x150.jpg",150,150,true],"medium":["https:\/\/autofans.com.ar\/wp-content\/uploads\/2023\/05\/foto-3-26-300x200.jpg",300,200,true],"medium_large":["https:\/\/autofans.com.ar\/wp-content\/uploads\/2023\/05\/foto-3-26-768x512.jpg",640,427,true],"large":["https:\/\/autofans.com.ar\/wp-content\/uploads\/2023\/05\/foto-3-26.jpg",640,427,false],"1536x1536":["https:\/\/autofans.com.ar\/wp-content\/uploads\/2023\/05\/foto-3-26.jpg",1000,667,false],"2048x2048":["https:\/\/autofans.com.ar\/wp-content\/uploads\/2023\/05\/foto-3-26.jpg",1000,667,false],"covernews-featured":["https:\/\/autofans.com.ar\/wp-content\/uploads\/2023\/05\/foto-3-26.jpg",1000,667,false],"covernews-medium":["https:\/\/autofans.com.ar\/wp-content\/uploads\/2023\/05\/foto-3-26-540x340.jpg",540,340,true]},"author_info":{"display_name":"Alejandro Gabriel Rosito","author_link":"https:\/\/autofans.com.ar\/index.php\/author\/gabrielr\/"},"category_info":"<a href=\"https:\/\/autofans.com.ar\/index.php\/category\/noticias\/hibridos-y-electricos\/\" rel=\"category tag\">HIBRIDOS, ELECTRICOS y otros<\/a> <a href=\"https:\/\/autofans.com.ar\/index.php\/category\/noticias\/\" rel=\"category tag\">NOTICIAS<\/a> <a href=\"https:\/\/autofans.com.ar\/index.php\/category\/noticias\/otros\/\" rel=\"category tag\">PICK UPs, UTILITARIOS Y OTROS<\/a>","tag_info":"PICK UPs, UTILITARIOS Y OTROS","comment_count":0,"_links":{"self":[{"href":"https:\/\/autofans.com.ar\/index.php\/wp-json\/wp\/v2\/posts\/2642","targetHints":{"allow":["GET"]}}],"collection":[{"href":"https:\/\/autofans.com.ar\/index.php\/wp-json\/wp\/v2\/posts"}],"about":[{"href":"https:\/\/autofans.com.ar\/index.php\/wp-json\/wp\/v2\/types\/post"}],"author":[{"embeddable":true,"href":"https:\/\/autofans.com.ar\/index.php\/wp-json\/wp\/v2\/users\/2"}],"replies":[{"embeddable":true,"href":"https:\/\/autofans.com.ar\/index.php\/wp-json\/wp\/v2\/comments?post=2642"}],"version-history":[{"count":4,"href":"https:\/\/autofans.com.ar\/index.php\/wp-json\/wp\/v2\/posts\/2642\/revisions"}],"predecessor-version":[{"id":2652,"href":"https:\/\/autofans.com.ar\/index.php\/wp-json\/wp\/v2\/posts\/2642\/revisions\/2652"}],"wp:featuredmedia":[{"embeddable":true,"href":"https:\/\/autofans.com.ar\/index.php\/wp-json\/wp\/v2\/media\/2643"}],"wp:attachment":[{"href":"https:\/\/autofans.com.ar\/index.php\/wp-json\/wp\/v2\/media?parent=2642"}],"wp:term":[{"taxonomy":"category","embeddable":true,"href":"https:\/\/autofans.com.ar\/index.php\/wp-json\/wp\/v2\/categories?post=2642"},{"taxonomy":"post_tag","embeddable":true,"href":"https:\/\/autofans.com.ar\/index.php\/wp-json\/wp\/v2\/tags?post=2642"}],"curies":[{"name":"wp","href":"https:\/\/api.w.org\/{rel}","templated":true}]}}