{"id":2649,"date":"2023-05-19T19:57:54","date_gmt":"2023-05-19T22:57:54","guid":{"rendered":"https:\/\/autofans.com.ar\/?p=2649"},"modified":"2023-05-19T19:57:54","modified_gmt":"2023-05-19T22:57:54","slug":"citroen-mehari-55-anos-de-inspiracion-todavia-vigente","status":"publish","type":"post","link":"https:\/\/autofans.com.ar\/index.php\/2023\/05\/19\/citroen-mehari-55-anos-de-inspiracion-todavia-vigente\/","title":{"rendered":"Citro\u00ebn Mehari: 55 a\u00f1os de inspiraci\u00f3n todav\u00eda vigente"},"content":{"rendered":"<p>Citro\u00ebn est\u00e1 celebrando el 55 aniversario del Mehari, un veh\u00edculo que cautiv\u00f3 a toda una generaci\u00f3n con su versatilidad, practicidad y beneficios econ\u00f3micos. Este ic\u00f3nico modelo, considerado un referente en el mundo del autom\u00f3vil, fue presentado por primera vez en mayo de 1968 en el campo de golf de Deauville. Durante su producci\u00f3n entre 1968 y 1987, se fabricaron un total de 144,953 unidades en la f\u00e1brica de Citro\u00ebn en Forest, B\u00e9lgica.<\/p>\n<p>&nbsp;<\/p>\n<p><center><iframe title=\"Mehari de Citro\u00ebn: Celebrando 55 a\u00f1os de versatilidad y econom\u00eda\" width=\"640\" height=\"480\" src=\"https:\/\/www.youtube.com\/embed\/yfl4WCqKwes?feature=oembed\" frameborder=\"0\" allow=\"accelerometer; autoplay; clipboard-write; encrypted-media; gyroscope; picture-in-picture; web-share\" referrerpolicy=\"strict-origin-when-cross-origin\" allowfullscreen><\/iframe><\/p>\n<p style=\"text-align: left;\">El Mehari se destacaba por ser un todoterreno apto para todas las estaciones del a\u00f1o, y no pasaba desapercibido en diversos \u00e1mbitos, incluyendo el ej\u00e9rcito franc\u00e9s y la industria cinematogr\u00e1fica. Para conmemorar este hito, el Club Mehari de Argentina ha organizado un evento que se llevar\u00e1 a cabo el pr\u00f3ximo s\u00e1bado 27 de mayo en la Plaza Mitre de Los Cardales, Provincia de Buenos Aires, desde las 11 de la ma\u00f1ana hasta las 5 de la tarde. \u00a1Est\u00e1n todos invitados a esta celebraci\u00f3n \u00fanica! Para m\u00e1s informaci\u00f3n, pueden contactar al Club Mehari de Argentina a trav\u00e9s de su correo electr\u00f3nico <a href=\"mailto:info@mehari.com.ar\" target=\"_new\" rel=\"noopener\">info@mehari.com.ar<\/a>.<\/p>\n<p>&nbsp;<\/p>\n<p>&nbsp;<\/p>\n<p><\/center><img fetchpriority=\"high\" decoding=\"async\" class=\"aligncenter wp-image-2655 size-full\" src=\"https:\/\/autofans.com.ar\/wp-content\/uploads\/2023\/05\/foto-2-36.jpg\" alt=\"mehari\" width=\"1000\" height=\"667\" srcset=\"https:\/\/autofans.com.ar\/wp-content\/uploads\/2023\/05\/foto-2-36.jpg 1000w, https:\/\/autofans.com.ar\/wp-content\/uploads\/2023\/05\/foto-2-36-300x200.jpg 300w, https:\/\/autofans.com.ar\/wp-content\/uploads\/2023\/05\/foto-2-36-768x512.jpg 768w\" sizes=\"(max-width: 1000px) 100vw, 1000px\" \/><\/p>\n<p>El Mehari, conocido por su adaptabilidad a diversos terrenos, debe su nombre al t\u00e9rmino \u00abmehari\u00bb que hace referencia a los animales del norte de \u00c1frica y el Sahara, reconocidos por su resistencia y capacidad todoterreno. Aunque desde el exterior puede parecer un peque\u00f1o convertible destinado a las vacaciones de verano, cuenta con una cubierta de invierno que lo sella por completo, permitiendo su uso durante todo el a\u00f1o.<\/p>\n<p>&nbsp;<\/p>\n<h3>TRANSFORMACI\u00d3N Y VERSATILIDAD<\/h3>\n<p>La versatilidad del Mehari se refleja en su capacidad de transformar parte de su piso en un respaldo. Esto le permite a\u00f1adir dos asientos adicionales en la parte trasera y transportar hasta cuatro pasajeros. Adem\u00e1s, su carrocer\u00eda est\u00e1 compuesta por solo 11 piezas f\u00e1cilmente reparables y se puede limpiar con una sola r\u00e1faga de agua, lo que lo convierte en un veh\u00edculo de bajo mantenimiento y econ\u00f3mico para sus propietarios.<\/p>\n<div id='gallery-1' class='gallery galleryid-2649 gallery-columns-2 gallery-size-full'><figure class='gallery-item'>\n\t\t\t<div class='gallery-icon landscape'>\n\t\t\t\t<a href='https:\/\/autofans.com.ar\/index.php\/2023\/05\/19\/citroen-mehari-55-anos-de-inspiracion-todavia-vigente\/foto-1-109\/'><img loading=\"lazy\" width=\"1000\" height=\"667\" src=\"https:\/\/autofans.com.ar\/wp-content\/uploads\/2023\/05\/foto-1-36.jpg\" class=\"attachment-full size-full\" alt=\"mehari\" srcset=\"https:\/\/autofans.com.ar\/wp-content\/uploads\/2023\/05\/foto-1-36.jpg 1000w, https:\/\/autofans.com.ar\/wp-content\/uploads\/2023\/05\/foto-1-36-300x200.jpg 300w, https:\/\/autofans.com.ar\/wp-content\/uploads\/2023\/05\/foto-1-36-768x512.jpg 768w\" sizes=\"auto, (max-width: 1000px) 100vw, 1000px\" loading=\"lazy\" decoding=\"async\" \/><\/a>\n\t\t\t<\/div><\/figure><figure class='gallery-item'>\n\t\t\t<div class='gallery-icon landscape'>\n\t\t\t\t<a href='https:\/\/autofans.com.ar\/index.php\/2023\/05\/19\/citroen-mehari-55-anos-de-inspiracion-todavia-vigente\/foto-3-88\/'><img loading=\"lazy\" width=\"1000\" height=\"667\" src=\"https:\/\/autofans.com.ar\/wp-content\/uploads\/2023\/05\/foto-3-27.jpg\" class=\"attachment-full size-full\" alt=\"mehari\" srcset=\"https:\/\/autofans.com.ar\/wp-content\/uploads\/2023\/05\/foto-3-27.jpg 1000w, https:\/\/autofans.com.ar\/wp-content\/uploads\/2023\/05\/foto-3-27-300x200.jpg 300w, https:\/\/autofans.com.ar\/wp-content\/uploads\/2023\/05\/foto-3-27-768x512.jpg 768w\" sizes=\"auto, (max-width: 1000px) 100vw, 1000px\" loading=\"lazy\" decoding=\"async\" \/><\/a>\n\t\t\t<\/div><\/figure>\n\t\t<\/div>\n\n<p>A lo largo de su existencia, el Mehari cont\u00f3 con tres versiones diferentes, incluyendo dos ediciones limitadas. En 1983, se lanzaron el M\u00e9hari plage, caracterizado por su llamativo color amarillo y aspecto festivo, y el M\u00e9hari Azur, que se comercializ\u00f3 en Francia, Italia y Portugal en una producci\u00f3n limitada de tan solo 700 unidades. Adem\u00e1s, en 1979 se introdujo la versi\u00f3n 4&#215;4, que a\u00fan hoy en d\u00eda destaca por su estilo inigualable.<\/p>\n<p>El Mehari encontr\u00f3 su lugar en una amplia variedad de sectores, siendo utilizado por administraciones p\u00fablicas, comerciantes, artesanos y particulares. Incluso el ej\u00e9rcito franc\u00e9s orden\u00f3 un total de 11,457 unidades entre 1972 y 1987. Adem\u00e1s, particip\u00f3 en el Rally Par\u00eds-Dakar de 1980, donde diez Mehari 4&#215;4 brindaron asistencia m\u00e9dica a lo largo de la ruta. Sin olvidar su destacada presencia en la pantalla grande, especialmente en la famosa pel\u00edcula \u00abLe gendarme de Saint Tropez\u00bb con Louis de Fun\u00e8s.<\/p>\n<p>El legado del Citro\u00ebn Mehari sigue vigente y sigue inspirando a generaciones de amantes de los autom\u00f3viles. Su dise\u00f1o \u00fanico, su adaptabilidad y su econom\u00eda lo convierten en un verdadero \u00edcono de la industria automotriz. \u00a1Celebremos juntos los 55 a\u00f1os de este veh\u00edculo emblem\u00e1tico!<\/p>\n<p>&nbsp;<\/p>\n<p><i>Para enterarte de m\u00e1s novedades, no dejes de leer\u00a0<\/i><a href=\"https:\/\/autofans.thebrandsoup.com\/\"><i>nuestras notas<\/i><\/a><i>, de ver<\/i><b><i>\u00a0<\/i><\/b><a href=\"https:\/\/www.youtube.com\/channel\/UCgAC8UGHZYbT6P7PpmVnP7g\"><b><i>AUTOFANS TV<\/i><\/b><\/a><b><i>\u00a0<\/i><\/b><i>en nuestro\u00a0canal de Youtube. Adem\u00e1s seguinos en\u00a0<\/i><a href=\"https:\/\/www.instagram.com\/autofanstv\/\"><i>INSTAGRAM<\/i><\/a><i> y <\/i><a href=\"https:\/\/www.facebook.com\/autofansmas\/\"><i>FACEBOOK<\/i><\/a><i> para no perderte nada sobre las novedades del segmento automotor de Argentina y el mundo. <\/i><\/p>\n","protected":false},"excerpt":{"rendered":"<p>Citro\u00ebn est\u00e1 celebrando el 55 aniversario del Mehari, un veh\u00edculo que cautiv\u00f3 a toda una&#8230;<\/p>\n","protected":false},"author":2,"featured_media":2653,"comment_status":"closed","ping_status":"closed","sticky":false,"template":"","format":"standard","meta":{"footnotes":""},"categories":[6,16],"tags":[1274,1275,1278,1277,1276,1273],"class_list":["post-2649","post","type-post","status-publish","format-standard","has-post-thumbnail","hentry","category-bizstyle","category-noticias","tag-clasicoautomotriz","tag-clubmehari","tag-clubmehariargentina","tag-eventoespecial","tag-loscardales","tag-mehari"],"yoast_head":"<!-- This site is optimized with the Yoast SEO plugin v27.5 - https:\/\/yoast.com\/product\/yoast-seo-wordpress\/ -->\n<title>Citro\u00ebn Mehari: 55 a\u00f1os de inspiraci\u00f3n todav\u00eda vigente -<\/title>\n<meta name=\"description\" content=\"Citro\u00ebn celebra el 55 aniversario del Mehari, un veh\u00edculo que cautiv\u00f3 a toda una generaci\u00f3n, vers\u00e1til, pr\u00e1ctico y con beneficios econ\u00f3micos..\" \/>\n<meta name=\"robots\" content=\"index, follow, max-snippet:-1, max-image-preview:large, max-video-preview:-1\" \/>\n<link rel=\"canonical\" href=\"https:\/\/autofans.com.ar\/index.php\/2023\/05\/19\/citroen-mehari-55-anos-de-inspiracion-todavia-vigente\/\" \/>\n<meta property=\"og:locale\" content=\"es_ES\" \/>\n<meta property=\"og:type\" content=\"article\" \/>\n<meta property=\"og:title\" content=\"Citro\u00ebn Mehari: 55 a\u00f1os de inspiraci\u00f3n todav\u00eda vigente -\" \/>\n<meta property=\"og:description\" content=\"Citro\u00ebn celebra el 55 aniversario del Mehari, un veh\u00edculo que cautiv\u00f3 a toda una generaci\u00f3n, vers\u00e1til, pr\u00e1ctico y con beneficios econ\u00f3micos..\" \/>\n<meta property=\"og:url\" content=\"https:\/\/autofans.com.ar\/index.php\/2023\/05\/19\/citroen-mehari-55-anos-de-inspiracion-todavia-vigente\/\" \/>\n<meta property=\"article:published_time\" content=\"2023-05-19T22:57:54+00:00\" \/>\n<meta property=\"og:image\" content=\"https:\/\/autofans.com.ar\/wp-content\/uploads\/2023\/05\/foto-4-19.jpg\" \/>\n\t<meta property=\"og:image:width\" content=\"1000\" \/>\n\t<meta property=\"og:image:height\" content=\"667\" \/>\n\t<meta property=\"og:image:type\" content=\"image\/jpeg\" \/>\n<meta name=\"author\" content=\"Alejandro Gabriel Rosito\" \/>\n<meta name=\"twitter:card\" content=\"summary_large_image\" \/>\n<meta name=\"twitter:label1\" content=\"Escrito por\" \/>\n\t<meta name=\"twitter:data1\" content=\"Alejandro Gabriel Rosito\" \/>\n\t<meta name=\"twitter:label2\" content=\"Tiempo de lectura\" \/>\n\t<meta name=\"twitter:data2\" content=\"3 minutos\" \/>\n<script type=\"application\/ld+json\" class=\"yoast-schema-graph\">{\"@context\":\"https:\\\/\\\/schema.org\",\"@graph\":[{\"@type\":\"Article\",\"@id\":\"https:\\\/\\\/autofans.com.ar\\\/index.php\\\/2023\\\/05\\\/19\\\/citroen-mehari-55-anos-de-inspiracion-todavia-vigente\\\/#article\",\"isPartOf\":{\"@id\":\"https:\\\/\\\/autofans.com.ar\\\/index.php\\\/2023\\\/05\\\/19\\\/citroen-mehari-55-anos-de-inspiracion-todavia-vigente\\\/\"},\"author\":{\"name\":\"Alejandro Gabriel Rosito\",\"@id\":\"https:\\\/\\\/autofans.com.ar\\\/#\\\/schema\\\/person\\\/4a8dda0b6df83ac3d6723e921274c2aa\"},\"headline\":\"Citro\u00ebn Mehari: 55 a\u00f1os de inspiraci\u00f3n todav\u00eda vigente\",\"datePublished\":\"2023-05-19T22:57:54+00:00\",\"mainEntityOfPage\":{\"@id\":\"https:\\\/\\\/autofans.com.ar\\\/index.php\\\/2023\\\/05\\\/19\\\/citroen-mehari-55-anos-de-inspiracion-todavia-vigente\\\/\"},\"wordCount\":621,\"image\":{\"@id\":\"https:\\\/\\\/autofans.com.ar\\\/index.php\\\/2023\\\/05\\\/19\\\/citroen-mehari-55-anos-de-inspiracion-todavia-vigente\\\/#primaryimage\"},\"thumbnailUrl\":\"https:\\\/\\\/autofans.com.ar\\\/wp-content\\\/uploads\\\/2023\\\/05\\\/foto-4-19.jpg\",\"keywords\":[\"Cl\u00e1sicoAutomotriz\",\"ClubMehari\",\"ClubMehariArgentina\",\"EventoEspecial\",\"LosCardales\",\"Mehari\"],\"articleSection\":[\"BIZSTYLE\",\"NOTICIAS\"],\"inLanguage\":\"es\"},{\"@type\":\"WebPage\",\"@id\":\"https:\\\/\\\/autofans.com.ar\\\/index.php\\\/2023\\\/05\\\/19\\\/citroen-mehari-55-anos-de-inspiracion-todavia-vigente\\\/\",\"url\":\"https:\\\/\\\/autofans.com.ar\\\/index.php\\\/2023\\\/05\\\/19\\\/citroen-mehari-55-anos-de-inspiracion-todavia-vigente\\\/\",\"name\":\"Citro\u00ebn Mehari: 55 a\u00f1os de inspiraci\u00f3n todav\u00eda vigente -\",\"isPartOf\":{\"@id\":\"https:\\\/\\\/autofans.com.ar\\\/#website\"},\"primaryImageOfPage\":{\"@id\":\"https:\\\/\\\/autofans.com.ar\\\/index.php\\\/2023\\\/05\\\/19\\\/citroen-mehari-55-anos-de-inspiracion-todavia-vigente\\\/#primaryimage\"},\"image\":{\"@id\":\"https:\\\/\\\/autofans.com.ar\\\/index.php\\\/2023\\\/05\\\/19\\\/citroen-mehari-55-anos-de-inspiracion-todavia-vigente\\\/#primaryimage\"},\"thumbnailUrl\":\"https:\\\/\\\/autofans.com.ar\\\/wp-content\\\/uploads\\\/2023\\\/05\\\/foto-4-19.jpg\",\"datePublished\":\"2023-05-19T22:57:54+00:00\",\"author\":{\"@id\":\"https:\\\/\\\/autofans.com.ar\\\/#\\\/schema\\\/person\\\/4a8dda0b6df83ac3d6723e921274c2aa\"},\"description\":\"Citro\u00ebn celebra el 55 aniversario del Mehari, un veh\u00edculo que cautiv\u00f3 a toda una generaci\u00f3n, vers\u00e1til, pr\u00e1ctico y con beneficios econ\u00f3micos..\",\"breadcrumb\":{\"@id\":\"https:\\\/\\\/autofans.com.ar\\\/index.php\\\/2023\\\/05\\\/19\\\/citroen-mehari-55-anos-de-inspiracion-todavia-vigente\\\/#breadcrumb\"},\"inLanguage\":\"es\",\"potentialAction\":[{\"@type\":\"ReadAction\",\"target\":[\"https:\\\/\\\/autofans.com.ar\\\/index.php\\\/2023\\\/05\\\/19\\\/citroen-mehari-55-anos-de-inspiracion-todavia-vigente\\\/\"]}]},{\"@type\":\"ImageObject\",\"inLanguage\":\"es\",\"@id\":\"https:\\\/\\\/autofans.com.ar\\\/index.php\\\/2023\\\/05\\\/19\\\/citroen-mehari-55-anos-de-inspiracion-todavia-vigente\\\/#primaryimage\",\"url\":\"https:\\\/\\\/autofans.com.ar\\\/wp-content\\\/uploads\\\/2023\\\/05\\\/foto-4-19.jpg\",\"contentUrl\":\"https:\\\/\\\/autofans.com.ar\\\/wp-content\\\/uploads\\\/2023\\\/05\\\/foto-4-19.jpg\",\"width\":1000,\"height\":667,\"caption\":\"mehari\"},{\"@type\":\"BreadcrumbList\",\"@id\":\"https:\\\/\\\/autofans.com.ar\\\/index.php\\\/2023\\\/05\\\/19\\\/citroen-mehari-55-anos-de-inspiracion-todavia-vigente\\\/#breadcrumb\",\"itemListElement\":[{\"@type\":\"ListItem\",\"position\":1,\"name\":\"Inicio\",\"item\":\"https:\\\/\\\/autofans.com.ar\\\/\"},{\"@type\":\"ListItem\",\"position\":2,\"name\":\"Citro\u00ebn Mehari: 55 a\u00f1os de inspiraci\u00f3n todav\u00eda vigente\"}]},{\"@type\":\"WebSite\",\"@id\":\"https:\\\/\\\/autofans.com.ar\\\/#website\",\"url\":\"https:\\\/\\\/autofans.com.ar\\\/\",\"name\":\"\",\"description\":\"El multimedio referente de la industria automotriz\",\"potentialAction\":[{\"@type\":\"SearchAction\",\"target\":{\"@type\":\"EntryPoint\",\"urlTemplate\":\"https:\\\/\\\/autofans.com.ar\\\/?s={search_term_string}\"},\"query-input\":{\"@type\":\"PropertyValueSpecification\",\"valueRequired\":true,\"valueName\":\"search_term_string\"}}],\"inLanguage\":\"es\"},{\"@type\":\"Person\",\"@id\":\"https:\\\/\\\/autofans.com.ar\\\/#\\\/schema\\\/person\\\/4a8dda0b6df83ac3d6723e921274c2aa\",\"name\":\"Alejandro Gabriel Rosito\",\"image\":{\"@type\":\"ImageObject\",\"inLanguage\":\"es\",\"@id\":\"https:\\\/\\\/secure.gravatar.com\\\/avatar\\\/16c5dda1489adfc62618084dcbb91cffd879c374b13fe5dd8e44ed6733852c88?s=96&d=mm&r=g\",\"url\":\"https:\\\/\\\/secure.gravatar.com\\\/avatar\\\/16c5dda1489adfc62618084dcbb91cffd879c374b13fe5dd8e44ed6733852c88?s=96&d=mm&r=g\",\"contentUrl\":\"https:\\\/\\\/secure.gravatar.com\\\/avatar\\\/16c5dda1489adfc62618084dcbb91cffd879c374b13fe5dd8e44ed6733852c88?s=96&d=mm&r=g\",\"caption\":\"Alejandro Gabriel Rosito\"},\"url\":\"https:\\\/\\\/autofans.com.ar\\\/index.php\\\/author\\\/gabrielr\\\/\"}]}<\/script>\n<!-- \/ Yoast SEO plugin. -->","yoast_head_json":{"title":"Citro\u00ebn Mehari: 55 a\u00f1os de inspiraci\u00f3n todav\u00eda vigente -","description":"Citro\u00ebn celebra el 55 aniversario del Mehari, un veh\u00edculo que cautiv\u00f3 a toda una generaci\u00f3n, vers\u00e1til, pr\u00e1ctico y con beneficios econ\u00f3micos..","robots":{"index":"index","follow":"follow","max-snippet":"max-snippet:-1","max-image-preview":"max-image-preview:large","max-video-preview":"max-video-preview:-1"},"canonical":"https:\/\/autofans.com.ar\/index.php\/2023\/05\/19\/citroen-mehari-55-anos-de-inspiracion-todavia-vigente\/","og_locale":"es_ES","og_type":"article","og_title":"Citro\u00ebn Mehari: 55 a\u00f1os de inspiraci\u00f3n todav\u00eda vigente -","og_description":"Citro\u00ebn celebra el 55 aniversario del Mehari, un veh\u00edculo que cautiv\u00f3 a toda una generaci\u00f3n, vers\u00e1til, pr\u00e1ctico y con beneficios econ\u00f3micos..","og_url":"https:\/\/autofans.com.ar\/index.php\/2023\/05\/19\/citroen-mehari-55-anos-de-inspiracion-todavia-vigente\/","article_published_time":"2023-05-19T22:57:54+00:00","og_image":[{"width":1000,"height":667,"url":"https:\/\/autofans.com.ar\/wp-content\/uploads\/2023\/05\/foto-4-19.jpg","type":"image\/jpeg"}],"author":"Alejandro Gabriel Rosito","twitter_card":"summary_large_image","twitter_misc":{"Escrito por":"Alejandro Gabriel Rosito","Tiempo de lectura":"3 minutos"},"schema":{"@context":"https:\/\/schema.org","@graph":[{"@type":"Article","@id":"https:\/\/autofans.com.ar\/index.php\/2023\/05\/19\/citroen-mehari-55-anos-de-inspiracion-todavia-vigente\/#article","isPartOf":{"@id":"https:\/\/autofans.com.ar\/index.php\/2023\/05\/19\/citroen-mehari-55-anos-de-inspiracion-todavia-vigente\/"},"author":{"name":"Alejandro Gabriel Rosito","@id":"https:\/\/autofans.com.ar\/#\/schema\/person\/4a8dda0b6df83ac3d6723e921274c2aa"},"headline":"Citro\u00ebn Mehari: 55 a\u00f1os de inspiraci\u00f3n todav\u00eda vigente","datePublished":"2023-05-19T22:57:54+00:00","mainEntityOfPage":{"@id":"https:\/\/autofans.com.ar\/index.php\/2023\/05\/19\/citroen-mehari-55-anos-de-inspiracion-todavia-vigente\/"},"wordCount":621,"image":{"@id":"https:\/\/autofans.com.ar\/index.php\/2023\/05\/19\/citroen-mehari-55-anos-de-inspiracion-todavia-vigente\/#primaryimage"},"thumbnailUrl":"https:\/\/autofans.com.ar\/wp-content\/uploads\/2023\/05\/foto-4-19.jpg","keywords":["Cl\u00e1sicoAutomotriz","ClubMehari","ClubMehariArgentina","EventoEspecial","LosCardales","Mehari"],"articleSection":["BIZSTYLE","NOTICIAS"],"inLanguage":"es"},{"@type":"WebPage","@id":"https:\/\/autofans.com.ar\/index.php\/2023\/05\/19\/citroen-mehari-55-anos-de-inspiracion-todavia-vigente\/","url":"https:\/\/autofans.com.ar\/index.php\/2023\/05\/19\/citroen-mehari-55-anos-de-inspiracion-todavia-vigente\/","name":"Citro\u00ebn Mehari: 55 a\u00f1os de inspiraci\u00f3n todav\u00eda vigente -","isPartOf":{"@id":"https:\/\/autofans.com.ar\/#website"},"primaryImageOfPage":{"@id":"https:\/\/autofans.com.ar\/index.php\/2023\/05\/19\/citroen-mehari-55-anos-de-inspiracion-todavia-vigente\/#primaryimage"},"image":{"@id":"https:\/\/autofans.com.ar\/index.php\/2023\/05\/19\/citroen-mehari-55-anos-de-inspiracion-todavia-vigente\/#primaryimage"},"thumbnailUrl":"https:\/\/autofans.com.ar\/wp-content\/uploads\/2023\/05\/foto-4-19.jpg","datePublished":"2023-05-19T22:57:54+00:00","author":{"@id":"https:\/\/autofans.com.ar\/#\/schema\/person\/4a8dda0b6df83ac3d6723e921274c2aa"},"description":"Citro\u00ebn celebra el 55 aniversario del Mehari, un veh\u00edculo que cautiv\u00f3 a toda una generaci\u00f3n, vers\u00e1til, pr\u00e1ctico y con beneficios econ\u00f3micos..","breadcrumb":{"@id":"https:\/\/autofans.com.ar\/index.php\/2023\/05\/19\/citroen-mehari-55-anos-de-inspiracion-todavia-vigente\/#breadcrumb"},"inLanguage":"es","potentialAction":[{"@type":"ReadAction","target":["https:\/\/autofans.com.ar\/index.php\/2023\/05\/19\/citroen-mehari-55-anos-de-inspiracion-todavia-vigente\/"]}]},{"@type":"ImageObject","inLanguage":"es","@id":"https:\/\/autofans.com.ar\/index.php\/2023\/05\/19\/citroen-mehari-55-anos-de-inspiracion-todavia-vigente\/#primaryimage","url":"https:\/\/autofans.com.ar\/wp-content\/uploads\/2023\/05\/foto-4-19.jpg","contentUrl":"https:\/\/autofans.com.ar\/wp-content\/uploads\/2023\/05\/foto-4-19.jpg","width":1000,"height":667,"caption":"mehari"},{"@type":"BreadcrumbList","@id":"https:\/\/autofans.com.ar\/index.php\/2023\/05\/19\/citroen-mehari-55-anos-de-inspiracion-todavia-vigente\/#breadcrumb","itemListElement":[{"@type":"ListItem","position":1,"name":"Inicio","item":"https:\/\/autofans.com.ar\/"},{"@type":"ListItem","position":2,"name":"Citro\u00ebn Mehari: 55 a\u00f1os de inspiraci\u00f3n todav\u00eda vigente"}]},{"@type":"WebSite","@id":"https:\/\/autofans.com.ar\/#website","url":"https:\/\/autofans.com.ar\/","name":"","description":"El multimedio referente de la industria automotriz","potentialAction":[{"@type":"SearchAction","target":{"@type":"EntryPoint","urlTemplate":"https:\/\/autofans.com.ar\/?s={search_term_string}"},"query-input":{"@type":"PropertyValueSpecification","valueRequired":true,"valueName":"search_term_string"}}],"inLanguage":"es"},{"@type":"Person","@id":"https:\/\/autofans.com.ar\/#\/schema\/person\/4a8dda0b6df83ac3d6723e921274c2aa","name":"Alejandro Gabriel Rosito","image":{"@type":"ImageObject","inLanguage":"es","@id":"https:\/\/secure.gravatar.com\/avatar\/16c5dda1489adfc62618084dcbb91cffd879c374b13fe5dd8e44ed6733852c88?s=96&d=mm&r=g","url":"https:\/\/secure.gravatar.com\/avatar\/16c5dda1489adfc62618084dcbb91cffd879c374b13fe5dd8e44ed6733852c88?s=96&d=mm&r=g","contentUrl":"https:\/\/secure.gravatar.com\/avatar\/16c5dda1489adfc62618084dcbb91cffd879c374b13fe5dd8e44ed6733852c88?s=96&d=mm&r=g","caption":"Alejandro Gabriel Rosito"},"url":"https:\/\/autofans.com.ar\/index.php\/author\/gabrielr\/"}]}},"featured_image_urls":{"full":["https:\/\/autofans.com.ar\/wp-content\/uploads\/2023\/05\/foto-4-19.jpg",1000,667,false],"thumbnail":["https:\/\/autofans.com.ar\/wp-content\/uploads\/2023\/05\/foto-4-19-150x150.jpg",150,150,true],"medium":["https:\/\/autofans.com.ar\/wp-content\/uploads\/2023\/05\/foto-4-19-300x200.jpg",300,200,true],"medium_large":["https:\/\/autofans.com.ar\/wp-content\/uploads\/2023\/05\/foto-4-19-768x512.jpg",640,427,true],"large":["https:\/\/autofans.com.ar\/wp-content\/uploads\/2023\/05\/foto-4-19.jpg",640,427,false],"1536x1536":["https:\/\/autofans.com.ar\/wp-content\/uploads\/2023\/05\/foto-4-19.jpg",1000,667,false],"2048x2048":["https:\/\/autofans.com.ar\/wp-content\/uploads\/2023\/05\/foto-4-19.jpg",1000,667,false],"covernews-featured":["https:\/\/autofans.com.ar\/wp-content\/uploads\/2023\/05\/foto-4-19.jpg",1000,667,false],"covernews-medium":["https:\/\/autofans.com.ar\/wp-content\/uploads\/2023\/05\/foto-4-19-540x340.jpg",540,340,true]},"author_info":{"display_name":"Alejandro Gabriel Rosito","author_link":"https:\/\/autofans.com.ar\/index.php\/author\/gabrielr\/"},"category_info":"<a href=\"https:\/\/autofans.com.ar\/index.php\/category\/noticias\/bizstyle\/\" rel=\"category tag\">BIZSTYLE<\/a> <a href=\"https:\/\/autofans.com.ar\/index.php\/category\/noticias\/\" rel=\"category tag\">NOTICIAS<\/a>","tag_info":"NOTICIAS","comment_count":0,"_links":{"self":[{"href":"https:\/\/autofans.com.ar\/index.php\/wp-json\/wp\/v2\/posts\/2649","targetHints":{"allow":["GET"]}}],"collection":[{"href":"https:\/\/autofans.com.ar\/index.php\/wp-json\/wp\/v2\/posts"}],"about":[{"href":"https:\/\/autofans.com.ar\/index.php\/wp-json\/wp\/v2\/types\/post"}],"author":[{"embeddable":true,"href":"https:\/\/autofans.com.ar\/index.php\/wp-json\/wp\/v2\/users\/2"}],"replies":[{"embeddable":true,"href":"https:\/\/autofans.com.ar\/index.php\/wp-json\/wp\/v2\/comments?post=2649"}],"version-history":[{"count":8,"href":"https:\/\/autofans.com.ar\/index.php\/wp-json\/wp\/v2\/posts\/2649\/revisions"}],"predecessor-version":[{"id":2662,"href":"https:\/\/autofans.com.ar\/index.php\/wp-json\/wp\/v2\/posts\/2649\/revisions\/2662"}],"wp:featuredmedia":[{"embeddable":true,"href":"https:\/\/autofans.com.ar\/index.php\/wp-json\/wp\/v2\/media\/2653"}],"wp:attachment":[{"href":"https:\/\/autofans.com.ar\/index.php\/wp-json\/wp\/v2\/media?parent=2649"}],"wp:term":[{"taxonomy":"category","embeddable":true,"href":"https:\/\/autofans.com.ar\/index.php\/wp-json\/wp\/v2\/categories?post=2649"},{"taxonomy":"post_tag","embeddable":true,"href":"https:\/\/autofans.com.ar\/index.php\/wp-json\/wp\/v2\/tags?post=2649"}],"curies":[{"name":"wp","href":"https:\/\/api.w.org\/{rel}","templated":true}]}}