{"id":2680,"date":"2023-05-22T18:48:34","date_gmt":"2023-05-22T21:48:34","guid":{"rendered":"https:\/\/autofans.com.ar\/?p=2680"},"modified":"2023-05-22T18:48:34","modified_gmt":"2023-05-22T21:48:34","slug":"compromiso-e8-de-bridgestone-destaca-en-su-convencion-de-ventas-2023","status":"publish","type":"post","link":"https:\/\/autofans.com.ar\/index.php\/2023\/05\/22\/compromiso-e8-de-bridgestone-destaca-en-su-convencion-de-ventas-2023\/","title":{"rendered":"Compromiso E8 de Bridgestone destaca en su convenci\u00f3n de ventas 2023"},"content":{"rendered":"<p>Bridgestone Argentina reafirma su compromiso con la sustentabilidad y la innovaci\u00f3n al celebrar su convenci\u00f3n de ventas 2023 de manera presencial despu\u00e9s de 4 a\u00f1os. En este evento, que tuvo lugar en Buenos Aires y cont\u00f3 con la participaci\u00f3n conjunta de Argentina y Chile, Bridgestone present\u00f3 sus estrategias y objetivos para el a\u00f1o en curso bajo el lema \u00abHagamos Girar al Mundo\u00bb.<\/p>\n<p>Con m\u00e1s de 200 asistentes, entre ejecutivos de la compa\u00f1\u00eda, empleados, socios e invitados especiales, la convenci\u00f3n destac\u00f3 el Compromiso E8 de Bridgestone como uno de los puntos clave. Este compromiso es un paso decisivo en la evoluci\u00f3n de la empresa hacia soluciones sostenibles, y se compone de ocho valores que comienzan con la letra \u00abE\u00bb: Energ\u00eda, Ecolog\u00eda, Eficiencia, Extensi\u00f3n, Econom\u00eda, Emoci\u00f3n, Ergonom\u00eda y Empoderamiento. Bridgestone impulsar\u00e1 estos valores entre sus empleados, socios, clientes y la sociedad en general, con el objetivo de construir una sociedad sostenible.<\/p>\n<p>&nbsp;<\/p>\n<p><img fetchpriority=\"high\" decoding=\"async\" class=\"aligncenter wp-image-2683 size-full\" src=\"https:\/\/autofans.com.ar\/wp-content\/uploads\/2023\/05\/foto-2-38.jpg\" alt=\"bridgestone\" width=\"1000\" height=\"667\" srcset=\"https:\/\/autofans.com.ar\/wp-content\/uploads\/2023\/05\/foto-2-38.jpg 1000w, https:\/\/autofans.com.ar\/wp-content\/uploads\/2023\/05\/foto-2-38-300x200.jpg 300w, https:\/\/autofans.com.ar\/wp-content\/uploads\/2023\/05\/foto-2-38-768x512.jpg 768w\" sizes=\"(max-width: 1000px) 100vw, 1000px\" \/><\/p>\n<p>Durante la convenci\u00f3n, los asistentes disfrutaron de una charla inspiradora sobre innovaci\u00f3n, emprendedurismo y nuevas tecnolog\u00edas a cargo de Santiago Bilinkis. Reconocido emprendedor y tecn\u00f3logo, Bilinkis es autor del libro \u00abPasaje al Futuro\u00bb y colaborador en medios como Basta de Todo y la Revista La Naci\u00f3n. Tambi\u00e9n es uno de los principales organizadores de las charlas TED. Su participaci\u00f3n en el evento resalt\u00f3 la importancia de la innovaci\u00f3n en la estrategia de <a href=\"https:\/\/www.bridgestoneamericas.com\/es_US\/company\/foundations\/our-commitments\/e8\" target=\"_blank\" rel=\"noopener\">Bridgestone.<\/a><\/p>\n<p>&nbsp;<\/p>\n<p><img decoding=\"async\" class=\"aligncenter wp-image-2684 size-full\" src=\"https:\/\/autofans.com.ar\/wp-content\/uploads\/2023\/05\/foto-1-38.jpg\" alt=\"bridgestone\" width=\"1000\" height=\"667\" srcset=\"https:\/\/autofans.com.ar\/wp-content\/uploads\/2023\/05\/foto-1-38.jpg 1000w, https:\/\/autofans.com.ar\/wp-content\/uploads\/2023\/05\/foto-1-38-300x200.jpg 300w, https:\/\/autofans.com.ar\/wp-content\/uploads\/2023\/05\/foto-1-38-768x512.jpg 768w\" sizes=\"(max-width: 1000px) 100vw, 1000px\" \/><\/p>\n<p>Lafaiete Oliveira, Country Manager de Bridgestone Argentina, responsable de los Pa\u00edses No Manufactureros (NMC) (Chile, Per\u00fa, Bolivia, Paraguay y Uruguay), expres\u00f3: \u00abSeguimos apostando por el crecimiento de nuestro negocio y del pa\u00eds, impulsando nuevos desaf\u00edos y trabajando en conjunto con cada actor que conforma Bridgestone Argentina. Queremos convertirnos en una verdadera empresa de soluciones de movilidad sostenibles, y esta convenci\u00f3n marca el comienzo de un camino prometedor\u00bb.<\/p>\n<p>El compromiso de Bridgestone con la sustentabilidad se extiende a su red de centros de servicios en Argentina. La empresa tiene como objetivo impulsar la producci\u00f3n nacional, generando oportunidades y empleo genuino en el pa\u00eds. La sustentabilidad y la responsabilidad social corporativa son pilares fundamentales de Bridgestone, guiados por su compromiso global de \u00abNuestra Manera de Servir\u00bb. La compa\u00f1\u00eda se dedica a dar forma a un futuro sostenible en la movilidad, mejorando la vida de las personas en todo el mundo.<\/p>\n<p>Con esta convenci\u00f3n de ventas, Bridgestone Argentina muestra su liderazgo en el impulso de una movilidad sostenible y soluciones avanzadas en la regi\u00f3n. A trav\u00e9s de su amplio portfolio de productos, que incluye equipos originales, neum\u00e1ticos de repuesto y soluciones de movilidad, la empresa se posiciona como referente en el mercado automotor. Su compromiso con la sustentabilidad y la innovaci\u00f3n es evidente en cada paso que da.<\/p>\n<p>&nbsp;<\/p>\n<p>&nbsp;<\/p>\n<p><i>Para enterarte de m\u00e1s novedades, no dejes de leer\u00a0<\/i><a href=\"https:\/\/autofans.thebrandsoup.com\/\"><i>nuestras notas<\/i><\/a><i>, de ver<\/i><b><i>\u00a0<\/i><\/b><a href=\"https:\/\/www.youtube.com\/channel\/UCgAC8UGHZYbT6P7PpmVnP7g\"><b><i>AUTOFANS TV<\/i><\/b><\/a><b><i>\u00a0<\/i><\/b><i>en nuestro\u00a0canal de Youtube. Adem\u00e1s seguinos en\u00a0<\/i><a href=\"https:\/\/www.instagram.com\/autofanstv\/\"><i>INSTAGRAM<\/i><\/a><i> y <\/i><a href=\"https:\/\/www.facebook.com\/autofansmas\/\"><i>FACEBOOK<\/i><\/a><i> para no perderte nada sobre las novedades del segmento automotor de Argentina y el mundo. <\/i><\/p>\n","protected":false},"excerpt":{"rendered":"<p>Bridgestone Argentina reafirma su compromiso con la sustentabilidad y la innovaci\u00f3n al celebrar su convenci\u00f3n&#8230;<\/p>\n","protected":false},"author":2,"featured_media":2682,"comment_status":"closed","ping_status":"closed","sticky":false,"template":"","format":"standard","meta":{"footnotes":""},"categories":[6,292,16],"tags":[213,1288,1290,1289,1291,125,1292,898,1294,1295,1293,513],"class_list":["post-2680","post","type-post","status-publish","format-standard","has-post-thumbnail","hentry","category-bizstyle","category-empresas","category-noticias","tag-innovacion","tag-bridgestone-argentina","tag-compromiso-e8","tag-convencion-de-ventas","tag-estrategias-de-negocio","tag-movilidad-sostenible","tag-planes-de-accion","tag-produccion-nacional","tag-red-de-centros-de-servicios","tag-responsabilidad-social-corporativa","tag-santiago-bilinkis","tag-sustentabilidad"],"yoast_head":"<!-- This site is optimized with the Yoast SEO plugin v27.5 - https:\/\/yoast.com\/product\/yoast-seo-wordpress\/ -->\n<title>Compromiso E8 de Bridgestone destaca en su convenci\u00f3n de ventas 2023 -<\/title>\n<meta name=\"description\" content=\"Bridgestone Argentina reafirma su compromiso con la sustentabilidad y la innovaci\u00f3n al celebrar su convenci\u00f3n de ventas 2023...\" \/>\n<meta name=\"robots\" content=\"index, follow, max-snippet:-1, max-image-preview:large, max-video-preview:-1\" \/>\n<link rel=\"canonical\" href=\"https:\/\/autofans.com.ar\/index.php\/2023\/05\/22\/compromiso-e8-de-bridgestone-destaca-en-su-convencion-de-ventas-2023\/\" \/>\n<meta property=\"og:locale\" content=\"es_ES\" \/>\n<meta property=\"og:type\" content=\"article\" \/>\n<meta property=\"og:title\" content=\"Compromiso E8 de Bridgestone destaca en su convenci\u00f3n de ventas 2023 -\" \/>\n<meta property=\"og:description\" content=\"Bridgestone Argentina reafirma su compromiso con la sustentabilidad y la innovaci\u00f3n al celebrar su convenci\u00f3n de ventas 2023...\" \/>\n<meta property=\"og:url\" content=\"https:\/\/autofans.com.ar\/index.php\/2023\/05\/22\/compromiso-e8-de-bridgestone-destaca-en-su-convencion-de-ventas-2023\/\" \/>\n<meta property=\"article:published_time\" content=\"2023-05-22T21:48:34+00:00\" \/>\n<meta property=\"og:image\" content=\"https:\/\/autofans.com.ar\/wp-content\/uploads\/2023\/05\/foto-3-29.jpg\" \/>\n\t<meta property=\"og:image:width\" content=\"1000\" \/>\n\t<meta property=\"og:image:height\" content=\"667\" \/>\n\t<meta property=\"og:image:type\" content=\"image\/jpeg\" \/>\n<meta name=\"author\" content=\"Alejandro Gabriel Rosito\" \/>\n<meta name=\"twitter:card\" content=\"summary_large_image\" \/>\n<meta name=\"twitter:label1\" content=\"Escrito por\" \/>\n\t<meta name=\"twitter:data1\" content=\"Alejandro Gabriel Rosito\" \/>\n\t<meta name=\"twitter:label2\" content=\"Tiempo de lectura\" \/>\n\t<meta name=\"twitter:data2\" content=\"3 minutos\" \/>\n<script type=\"application\/ld+json\" class=\"yoast-schema-graph\">{\"@context\":\"https:\\\/\\\/schema.org\",\"@graph\":[{\"@type\":\"Article\",\"@id\":\"https:\\\/\\\/autofans.com.ar\\\/index.php\\\/2023\\\/05\\\/22\\\/compromiso-e8-de-bridgestone-destaca-en-su-convencion-de-ventas-2023\\\/#article\",\"isPartOf\":{\"@id\":\"https:\\\/\\\/autofans.com.ar\\\/index.php\\\/2023\\\/05\\\/22\\\/compromiso-e8-de-bridgestone-destaca-en-su-convencion-de-ventas-2023\\\/\"},\"author\":{\"name\":\"Alejandro Gabriel Rosito\",\"@id\":\"https:\\\/\\\/autofans.com.ar\\\/#\\\/schema\\\/person\\\/4a8dda0b6df83ac3d6723e921274c2aa\"},\"headline\":\"Compromiso E8 de Bridgestone destaca en su convenci\u00f3n de ventas 2023\",\"datePublished\":\"2023-05-22T21:48:34+00:00\",\"mainEntityOfPage\":{\"@id\":\"https:\\\/\\\/autofans.com.ar\\\/index.php\\\/2023\\\/05\\\/22\\\/compromiso-e8-de-bridgestone-destaca-en-su-convencion-de-ventas-2023\\\/\"},\"wordCount\":528,\"image\":{\"@id\":\"https:\\\/\\\/autofans.com.ar\\\/index.php\\\/2023\\\/05\\\/22\\\/compromiso-e8-de-bridgestone-destaca-en-su-convencion-de-ventas-2023\\\/#primaryimage\"},\"thumbnailUrl\":\"https:\\\/\\\/autofans.com.ar\\\/wp-content\\\/uploads\\\/2023\\\/05\\\/foto-3-29.jpg\",\"keywords\":[\"#innovaci\u00f3n\",\"Bridgestone Argentina\",\"compromiso E8\",\"convenci\u00f3n de ventas\",\"estrategias de negocio\",\"Movilidad Sostenible\",\"planes de acci\u00f3n\",\"producci\u00f3n nacional\",\"red de centros de servicios\",\"responsabilidad social corporativa\",\"Santiago Bilinkis\",\"sustentabilidad\"],\"articleSection\":[\"BIZSTYLE\",\"EMPRESAS\",\"NOTICIAS\"],\"inLanguage\":\"es\"},{\"@type\":\"WebPage\",\"@id\":\"https:\\\/\\\/autofans.com.ar\\\/index.php\\\/2023\\\/05\\\/22\\\/compromiso-e8-de-bridgestone-destaca-en-su-convencion-de-ventas-2023\\\/\",\"url\":\"https:\\\/\\\/autofans.com.ar\\\/index.php\\\/2023\\\/05\\\/22\\\/compromiso-e8-de-bridgestone-destaca-en-su-convencion-de-ventas-2023\\\/\",\"name\":\"Compromiso E8 de Bridgestone destaca en su convenci\u00f3n de ventas 2023 -\",\"isPartOf\":{\"@id\":\"https:\\\/\\\/autofans.com.ar\\\/#website\"},\"primaryImageOfPage\":{\"@id\":\"https:\\\/\\\/autofans.com.ar\\\/index.php\\\/2023\\\/05\\\/22\\\/compromiso-e8-de-bridgestone-destaca-en-su-convencion-de-ventas-2023\\\/#primaryimage\"},\"image\":{\"@id\":\"https:\\\/\\\/autofans.com.ar\\\/index.php\\\/2023\\\/05\\\/22\\\/compromiso-e8-de-bridgestone-destaca-en-su-convencion-de-ventas-2023\\\/#primaryimage\"},\"thumbnailUrl\":\"https:\\\/\\\/autofans.com.ar\\\/wp-content\\\/uploads\\\/2023\\\/05\\\/foto-3-29.jpg\",\"datePublished\":\"2023-05-22T21:48:34+00:00\",\"author\":{\"@id\":\"https:\\\/\\\/autofans.com.ar\\\/#\\\/schema\\\/person\\\/4a8dda0b6df83ac3d6723e921274c2aa\"},\"description\":\"Bridgestone Argentina reafirma su compromiso con la sustentabilidad y la innovaci\u00f3n al celebrar su convenci\u00f3n de ventas 2023...\",\"breadcrumb\":{\"@id\":\"https:\\\/\\\/autofans.com.ar\\\/index.php\\\/2023\\\/05\\\/22\\\/compromiso-e8-de-bridgestone-destaca-en-su-convencion-de-ventas-2023\\\/#breadcrumb\"},\"inLanguage\":\"es\",\"potentialAction\":[{\"@type\":\"ReadAction\",\"target\":[\"https:\\\/\\\/autofans.com.ar\\\/index.php\\\/2023\\\/05\\\/22\\\/compromiso-e8-de-bridgestone-destaca-en-su-convencion-de-ventas-2023\\\/\"]}]},{\"@type\":\"ImageObject\",\"inLanguage\":\"es\",\"@id\":\"https:\\\/\\\/autofans.com.ar\\\/index.php\\\/2023\\\/05\\\/22\\\/compromiso-e8-de-bridgestone-destaca-en-su-convencion-de-ventas-2023\\\/#primaryimage\",\"url\":\"https:\\\/\\\/autofans.com.ar\\\/wp-content\\\/uploads\\\/2023\\\/05\\\/foto-3-29.jpg\",\"contentUrl\":\"https:\\\/\\\/autofans.com.ar\\\/wp-content\\\/uploads\\\/2023\\\/05\\\/foto-3-29.jpg\",\"width\":1000,\"height\":667,\"caption\":\"bridgestone\"},{\"@type\":\"BreadcrumbList\",\"@id\":\"https:\\\/\\\/autofans.com.ar\\\/index.php\\\/2023\\\/05\\\/22\\\/compromiso-e8-de-bridgestone-destaca-en-su-convencion-de-ventas-2023\\\/#breadcrumb\",\"itemListElement\":[{\"@type\":\"ListItem\",\"position\":1,\"name\":\"Inicio\",\"item\":\"https:\\\/\\\/autofans.com.ar\\\/\"},{\"@type\":\"ListItem\",\"position\":2,\"name\":\"Compromiso E8 de Bridgestone destaca en su convenci\u00f3n de ventas 2023\"}]},{\"@type\":\"WebSite\",\"@id\":\"https:\\\/\\\/autofans.com.ar\\\/#website\",\"url\":\"https:\\\/\\\/autofans.com.ar\\\/\",\"name\":\"\",\"description\":\"El multimedio referente de la industria automotriz\",\"potentialAction\":[{\"@type\":\"SearchAction\",\"target\":{\"@type\":\"EntryPoint\",\"urlTemplate\":\"https:\\\/\\\/autofans.com.ar\\\/?s={search_term_string}\"},\"query-input\":{\"@type\":\"PropertyValueSpecification\",\"valueRequired\":true,\"valueName\":\"search_term_string\"}}],\"inLanguage\":\"es\"},{\"@type\":\"Person\",\"@id\":\"https:\\\/\\\/autofans.com.ar\\\/#\\\/schema\\\/person\\\/4a8dda0b6df83ac3d6723e921274c2aa\",\"name\":\"Alejandro Gabriel Rosito\",\"image\":{\"@type\":\"ImageObject\",\"inLanguage\":\"es\",\"@id\":\"https:\\\/\\\/secure.gravatar.com\\\/avatar\\\/16c5dda1489adfc62618084dcbb91cffd879c374b13fe5dd8e44ed6733852c88?s=96&d=mm&r=g\",\"url\":\"https:\\\/\\\/secure.gravatar.com\\\/avatar\\\/16c5dda1489adfc62618084dcbb91cffd879c374b13fe5dd8e44ed6733852c88?s=96&d=mm&r=g\",\"contentUrl\":\"https:\\\/\\\/secure.gravatar.com\\\/avatar\\\/16c5dda1489adfc62618084dcbb91cffd879c374b13fe5dd8e44ed6733852c88?s=96&d=mm&r=g\",\"caption\":\"Alejandro Gabriel Rosito\"},\"url\":\"https:\\\/\\\/autofans.com.ar\\\/index.php\\\/author\\\/gabrielr\\\/\"}]}<\/script>\n<!-- \/ Yoast SEO plugin. -->","yoast_head_json":{"title":"Compromiso E8 de Bridgestone destaca en su convenci\u00f3n de ventas 2023 -","description":"Bridgestone Argentina reafirma su compromiso con la sustentabilidad y la innovaci\u00f3n al celebrar su convenci\u00f3n de ventas 2023...","robots":{"index":"index","follow":"follow","max-snippet":"max-snippet:-1","max-image-preview":"max-image-preview:large","max-video-preview":"max-video-preview:-1"},"canonical":"https:\/\/autofans.com.ar\/index.php\/2023\/05\/22\/compromiso-e8-de-bridgestone-destaca-en-su-convencion-de-ventas-2023\/","og_locale":"es_ES","og_type":"article","og_title":"Compromiso E8 de Bridgestone destaca en su convenci\u00f3n de ventas 2023 -","og_description":"Bridgestone Argentina reafirma su compromiso con la sustentabilidad y la innovaci\u00f3n al celebrar su convenci\u00f3n de ventas 2023...","og_url":"https:\/\/autofans.com.ar\/index.php\/2023\/05\/22\/compromiso-e8-de-bridgestone-destaca-en-su-convencion-de-ventas-2023\/","article_published_time":"2023-05-22T21:48:34+00:00","og_image":[{"width":1000,"height":667,"url":"https:\/\/autofans.com.ar\/wp-content\/uploads\/2023\/05\/foto-3-29.jpg","type":"image\/jpeg"}],"author":"Alejandro Gabriel Rosito","twitter_card":"summary_large_image","twitter_misc":{"Escrito por":"Alejandro Gabriel Rosito","Tiempo de lectura":"3 minutos"},"schema":{"@context":"https:\/\/schema.org","@graph":[{"@type":"Article","@id":"https:\/\/autofans.com.ar\/index.php\/2023\/05\/22\/compromiso-e8-de-bridgestone-destaca-en-su-convencion-de-ventas-2023\/#article","isPartOf":{"@id":"https:\/\/autofans.com.ar\/index.php\/2023\/05\/22\/compromiso-e8-de-bridgestone-destaca-en-su-convencion-de-ventas-2023\/"},"author":{"name":"Alejandro Gabriel Rosito","@id":"https:\/\/autofans.com.ar\/#\/schema\/person\/4a8dda0b6df83ac3d6723e921274c2aa"},"headline":"Compromiso E8 de Bridgestone destaca en su convenci\u00f3n de ventas 2023","datePublished":"2023-05-22T21:48:34+00:00","mainEntityOfPage":{"@id":"https:\/\/autofans.com.ar\/index.php\/2023\/05\/22\/compromiso-e8-de-bridgestone-destaca-en-su-convencion-de-ventas-2023\/"},"wordCount":528,"image":{"@id":"https:\/\/autofans.com.ar\/index.php\/2023\/05\/22\/compromiso-e8-de-bridgestone-destaca-en-su-convencion-de-ventas-2023\/#primaryimage"},"thumbnailUrl":"https:\/\/autofans.com.ar\/wp-content\/uploads\/2023\/05\/foto-3-29.jpg","keywords":["#innovaci\u00f3n","Bridgestone Argentina","compromiso E8","convenci\u00f3n de ventas","estrategias de negocio","Movilidad Sostenible","planes de acci\u00f3n","producci\u00f3n nacional","red de centros de servicios","responsabilidad social corporativa","Santiago Bilinkis","sustentabilidad"],"articleSection":["BIZSTYLE","EMPRESAS","NOTICIAS"],"inLanguage":"es"},{"@type":"WebPage","@id":"https:\/\/autofans.com.ar\/index.php\/2023\/05\/22\/compromiso-e8-de-bridgestone-destaca-en-su-convencion-de-ventas-2023\/","url":"https:\/\/autofans.com.ar\/index.php\/2023\/05\/22\/compromiso-e8-de-bridgestone-destaca-en-su-convencion-de-ventas-2023\/","name":"Compromiso E8 de Bridgestone destaca en su convenci\u00f3n de ventas 2023 -","isPartOf":{"@id":"https:\/\/autofans.com.ar\/#website"},"primaryImageOfPage":{"@id":"https:\/\/autofans.com.ar\/index.php\/2023\/05\/22\/compromiso-e8-de-bridgestone-destaca-en-su-convencion-de-ventas-2023\/#primaryimage"},"image":{"@id":"https:\/\/autofans.com.ar\/index.php\/2023\/05\/22\/compromiso-e8-de-bridgestone-destaca-en-su-convencion-de-ventas-2023\/#primaryimage"},"thumbnailUrl":"https:\/\/autofans.com.ar\/wp-content\/uploads\/2023\/05\/foto-3-29.jpg","datePublished":"2023-05-22T21:48:34+00:00","author":{"@id":"https:\/\/autofans.com.ar\/#\/schema\/person\/4a8dda0b6df83ac3d6723e921274c2aa"},"description":"Bridgestone Argentina reafirma su compromiso con la sustentabilidad y la innovaci\u00f3n al celebrar su convenci\u00f3n de ventas 2023...","breadcrumb":{"@id":"https:\/\/autofans.com.ar\/index.php\/2023\/05\/22\/compromiso-e8-de-bridgestone-destaca-en-su-convencion-de-ventas-2023\/#breadcrumb"},"inLanguage":"es","potentialAction":[{"@type":"ReadAction","target":["https:\/\/autofans.com.ar\/index.php\/2023\/05\/22\/compromiso-e8-de-bridgestone-destaca-en-su-convencion-de-ventas-2023\/"]}]},{"@type":"ImageObject","inLanguage":"es","@id":"https:\/\/autofans.com.ar\/index.php\/2023\/05\/22\/compromiso-e8-de-bridgestone-destaca-en-su-convencion-de-ventas-2023\/#primaryimage","url":"https:\/\/autofans.com.ar\/wp-content\/uploads\/2023\/05\/foto-3-29.jpg","contentUrl":"https:\/\/autofans.com.ar\/wp-content\/uploads\/2023\/05\/foto-3-29.jpg","width":1000,"height":667,"caption":"bridgestone"},{"@type":"BreadcrumbList","@id":"https:\/\/autofans.com.ar\/index.php\/2023\/05\/22\/compromiso-e8-de-bridgestone-destaca-en-su-convencion-de-ventas-2023\/#breadcrumb","itemListElement":[{"@type":"ListItem","position":1,"name":"Inicio","item":"https:\/\/autofans.com.ar\/"},{"@type":"ListItem","position":2,"name":"Compromiso E8 de Bridgestone destaca en su convenci\u00f3n de ventas 2023"}]},{"@type":"WebSite","@id":"https:\/\/autofans.com.ar\/#website","url":"https:\/\/autofans.com.ar\/","name":"","description":"El multimedio referente de la industria automotriz","potentialAction":[{"@type":"SearchAction","target":{"@type":"EntryPoint","urlTemplate":"https:\/\/autofans.com.ar\/?s={search_term_string}"},"query-input":{"@type":"PropertyValueSpecification","valueRequired":true,"valueName":"search_term_string"}}],"inLanguage":"es"},{"@type":"Person","@id":"https:\/\/autofans.com.ar\/#\/schema\/person\/4a8dda0b6df83ac3d6723e921274c2aa","name":"Alejandro Gabriel Rosito","image":{"@type":"ImageObject","inLanguage":"es","@id":"https:\/\/secure.gravatar.com\/avatar\/16c5dda1489adfc62618084dcbb91cffd879c374b13fe5dd8e44ed6733852c88?s=96&d=mm&r=g","url":"https:\/\/secure.gravatar.com\/avatar\/16c5dda1489adfc62618084dcbb91cffd879c374b13fe5dd8e44ed6733852c88?s=96&d=mm&r=g","contentUrl":"https:\/\/secure.gravatar.com\/avatar\/16c5dda1489adfc62618084dcbb91cffd879c374b13fe5dd8e44ed6733852c88?s=96&d=mm&r=g","caption":"Alejandro Gabriel Rosito"},"url":"https:\/\/autofans.com.ar\/index.php\/author\/gabrielr\/"}]}},"featured_image_urls":{"full":["https:\/\/autofans.com.ar\/wp-content\/uploads\/2023\/05\/foto-3-29.jpg",1000,667,false],"thumbnail":["https:\/\/autofans.com.ar\/wp-content\/uploads\/2023\/05\/foto-3-29-150x150.jpg",150,150,true],"medium":["https:\/\/autofans.com.ar\/wp-content\/uploads\/2023\/05\/foto-3-29-300x200.jpg",300,200,true],"medium_large":["https:\/\/autofans.com.ar\/wp-content\/uploads\/2023\/05\/foto-3-29-768x512.jpg",640,427,true],"large":["https:\/\/autofans.com.ar\/wp-content\/uploads\/2023\/05\/foto-3-29.jpg",640,427,false],"1536x1536":["https:\/\/autofans.com.ar\/wp-content\/uploads\/2023\/05\/foto-3-29.jpg",1000,667,false],"2048x2048":["https:\/\/autofans.com.ar\/wp-content\/uploads\/2023\/05\/foto-3-29.jpg",1000,667,false],"covernews-featured":["https:\/\/autofans.com.ar\/wp-content\/uploads\/2023\/05\/foto-3-29.jpg",1000,667,false],"covernews-medium":["https:\/\/autofans.com.ar\/wp-content\/uploads\/2023\/05\/foto-3-29-540x340.jpg",540,340,true]},"author_info":{"display_name":"Alejandro Gabriel Rosito","author_link":"https:\/\/autofans.com.ar\/index.php\/author\/gabrielr\/"},"category_info":"<a href=\"https:\/\/autofans.com.ar\/index.php\/category\/noticias\/bizstyle\/\" rel=\"category tag\">BIZSTYLE<\/a> <a href=\"https:\/\/autofans.com.ar\/index.php\/category\/noticias\/empresas\/\" rel=\"category tag\">EMPRESAS<\/a> <a href=\"https:\/\/autofans.com.ar\/index.php\/category\/noticias\/\" rel=\"category tag\">NOTICIAS<\/a>","tag_info":"NOTICIAS","comment_count":0,"_links":{"self":[{"href":"https:\/\/autofans.com.ar\/index.php\/wp-json\/wp\/v2\/posts\/2680","targetHints":{"allow":["GET"]}}],"collection":[{"href":"https:\/\/autofans.com.ar\/index.php\/wp-json\/wp\/v2\/posts"}],"about":[{"href":"https:\/\/autofans.com.ar\/index.php\/wp-json\/wp\/v2\/types\/post"}],"author":[{"embeddable":true,"href":"https:\/\/autofans.com.ar\/index.php\/wp-json\/wp\/v2\/users\/2"}],"replies":[{"embeddable":true,"href":"https:\/\/autofans.com.ar\/index.php\/wp-json\/wp\/v2\/comments?post=2680"}],"version-history":[{"count":2,"href":"https:\/\/autofans.com.ar\/index.php\/wp-json\/wp\/v2\/posts\/2680\/revisions"}],"predecessor-version":[{"id":2685,"href":"https:\/\/autofans.com.ar\/index.php\/wp-json\/wp\/v2\/posts\/2680\/revisions\/2685"}],"wp:featuredmedia":[{"embeddable":true,"href":"https:\/\/autofans.com.ar\/index.php\/wp-json\/wp\/v2\/media\/2682"}],"wp:attachment":[{"href":"https:\/\/autofans.com.ar\/index.php\/wp-json\/wp\/v2\/media?parent=2680"}],"wp:term":[{"taxonomy":"category","embeddable":true,"href":"https:\/\/autofans.com.ar\/index.php\/wp-json\/wp\/v2\/categories?post=2680"},{"taxonomy":"post_tag","embeddable":true,"href":"https:\/\/autofans.com.ar\/index.php\/wp-json\/wp\/v2\/tags?post=2680"}],"curies":[{"name":"wp","href":"https:\/\/api.w.org\/{rel}","templated":true}]}}