{"id":2732,"date":"2023-05-23T18:39:31","date_gmt":"2023-05-23T21:39:31","guid":{"rendered":"https:\/\/autofans.com.ar\/?p=2732"},"modified":"2023-05-23T18:47:27","modified_gmt":"2023-05-23T21:47:27","slug":"asterix-y-obelix-se-suben-a-bordo-del-legendario-2cv-de-citroen-en-su-nueva-pelicula","status":"publish","type":"post","link":"https:\/\/autofans.com.ar\/index.php\/2023\/05\/23\/asterix-y-obelix-se-suben-a-bordo-del-legendario-2cv-de-citroen-en-su-nueva-pelicula\/","title":{"rendered":"Ast\u00e9rix y Ob\u00e9lix se suben a bordo del legendario 2CV de Citro\u00ebn en su nueva pel\u00edcula"},"content":{"rendered":"<p>Citro\u00ebn hace su entrada triunfal en la pantalla grande con su participaci\u00f3n en la esperada pel\u00edcula \u00abAst\u00e9rix y Ob\u00e9lix en el Reino Medio\u00bb. La marca automotriz francesa ha colaborado estrechamente con los productores para crear un prototipo de carruaje inspirado en su ic\u00f3nico modelo 2CV. Adem\u00e1s de su presencia en la pantalla, Citro\u00ebn ha proporcionado una flota de veh\u00edculos electrificados durante el rodaje, marcando un hito en las superproducciones francesas. Descubre todos los detalles de esta emocionante colaboraci\u00f3n.<\/p>\n<p>&nbsp;<\/p>\n<p><center><div id='gallery-1' class='gallery galleryid-2732 gallery-columns-3 gallery-size-full'><figure class='gallery-item'>\n\t\t\t<div class='gallery-icon landscape'>\n\t\t\t\t<a href='https:\/\/autofans.com.ar\/index.php\/2023\/05\/23\/asterix-y-obelix-se-suben-a-bordo-del-legendario-2cv-de-citroen-en-su-nueva-pelicula\/foto-5-56\/'><img loading=\"lazy\" width=\"1000\" height=\"667\" src=\"https:\/\/autofans.com.ar\/wp-content\/uploads\/2023\/05\/foto-5-17.jpg\" class=\"attachment-full size-full\" alt=\"Ast\u00e9rix y Ob\u00e9lix\" srcset=\"https:\/\/autofans.com.ar\/wp-content\/uploads\/2023\/05\/foto-5-17.jpg 1000w, https:\/\/autofans.com.ar\/wp-content\/uploads\/2023\/05\/foto-5-17-300x200.jpg 300w, https:\/\/autofans.com.ar\/wp-content\/uploads\/2023\/05\/foto-5-17-768x512.jpg 768w\" sizes=\"auto, (max-width: 1000px) 100vw, 1000px\" loading=\"lazy\" decoding=\"async\" \/><\/a>\n\t\t\t<\/div><\/figure><figure class='gallery-item'>\n\t\t\t<div class='gallery-icon landscape'>\n\t\t\t\t<a href='https:\/\/autofans.com.ar\/index.php\/2023\/05\/23\/asterix-y-obelix-se-suben-a-bordo-del-legendario-2cv-de-citroen-en-su-nueva-pelicula\/foto-3-94\/'><img loading=\"lazy\" width=\"1000\" height=\"667\" src=\"https:\/\/autofans.com.ar\/wp-content\/uploads\/2023\/05\/foto-3-33.jpg\" class=\"attachment-full size-full\" alt=\"Ast\u00e9rix y Ob\u00e9lix\" srcset=\"https:\/\/autofans.com.ar\/wp-content\/uploads\/2023\/05\/foto-3-33.jpg 1000w, https:\/\/autofans.com.ar\/wp-content\/uploads\/2023\/05\/foto-3-33-300x200.jpg 300w, https:\/\/autofans.com.ar\/wp-content\/uploads\/2023\/05\/foto-3-33-768x512.jpg 768w\" sizes=\"auto, (max-width: 1000px) 100vw, 1000px\" loading=\"lazy\" decoding=\"async\" \/><\/a>\n\t\t\t<\/div><\/figure><figure class='gallery-item'>\n\t\t\t<div class='gallery-icon landscape'>\n\t\t\t\t<a href='https:\/\/autofans.com.ar\/index.php\/2023\/05\/23\/asterix-y-obelix-se-suben-a-bordo-del-legendario-2cv-de-citroen-en-su-nueva-pelicula\/foto-1-115\/'><img loading=\"lazy\" width=\"1000\" height=\"667\" src=\"https:\/\/autofans.com.ar\/wp-content\/uploads\/2023\/05\/foto-1-42.jpg\" class=\"attachment-full size-full\" alt=\"Ast\u00e9rix y Ob\u00e9lix\" srcset=\"https:\/\/autofans.com.ar\/wp-content\/uploads\/2023\/05\/foto-1-42.jpg 1000w, https:\/\/autofans.com.ar\/wp-content\/uploads\/2023\/05\/foto-1-42-300x200.jpg 300w, https:\/\/autofans.com.ar\/wp-content\/uploads\/2023\/05\/foto-1-42-768x512.jpg 768w\" sizes=\"auto, (max-width: 1000px) 100vw, 1000px\" loading=\"lazy\" decoding=\"async\" \/><\/a>\n\t\t\t<\/div><\/figure>\n\t\t<\/div>\n<\/p>\n<p>&nbsp;<\/p>\n<p>&nbsp;<\/p>\n<p>&nbsp;<\/p>\n<p><\/center><\/p>\n<p style=\"text-align: left;\">El encuentro entre dos leyendas de la cultura francesa ya tiene una fecha para acontecer, el 19 de mayo. Esta se estrenar\u00e1 en la principal plataforma de streaming en Argentina la pel\u00edcula \u00abAst\u00e9rix y Ob\u00e9lix en el Reino Medio\u00bb, con la participaci\u00f3n m\u00e1s que especial de Citro\u00ebn. En la obra, protagonizada por Guillaume Canet (Ast\u00e9rix) y Gilles Lellouche (Ob\u00e9lix) en los papeles principales, la marca participa en la pantalla, y detr\u00e1s de ella. La excepcional colaboraci\u00f3n entre Citro\u00ebn y los productores Path\u00e9, Tr\u00e9sor Films y Editions Albert Ren\u00e9 ha permitido crear el primer prototipo de carruaje. Fabricado en Galia e inspirado en el legendario Citro\u00ebn 2CV. Citro\u00ebn y el universo de Ast\u00e9rix forman parte integrante del patrimonio franc\u00e9s. Esta colaboraci\u00f3n ha permitido crear una evoluci\u00f3n particular del nuevo logotipo de Citro\u00ebn: los famosos chevrones insertados en un \u00f3valo decorado con las alas del casco de Ast\u00e9rix.<\/p>\n<p>&nbsp;<\/p>\n<p><center><iframe title=\"Ast\u00e9rix and Ob\u00e9lix : The Middle Kingdom - Official Trailer HD\" width=\"640\" height=\"360\" src=\"https:\/\/www.youtube.com\/embed\/poBI837NxbI?feature=oembed\" frameborder=\"0\" allow=\"accelerometer; autoplay; clipboard-write; encrypted-media; gyroscope; picture-in-picture; web-share\" referrerpolicy=\"strict-origin-when-cross-origin\" allowfullscreen><\/iframe><\/p>\n<p>&nbsp;<\/p>\n<p>&nbsp;<\/p>\n<p>&nbsp;<\/p>\n<p><\/center><\/p>\n<h3><\/h3>\n<h3>UN POCO DE HISTORIA<\/h3>\n<p>En la quinta pel\u00edcula basada en la serie de c\u00f3mics del mismo nombre de los dibujantes franceses Albert Uderzo y Ren\u00e9 Goscinny, los h\u00e9roes deben correr para salvar a una emperatriz china y sus tierras de los males de un pr\u00edncipe. Para ello, contar\u00e1n con la ayuda de un veh\u00edculo muy especial. El concepto de carro, reinterpretaci\u00f3n del 2CV, y representativo del estilo de vida gal\u00e9s. En la pel\u00edcula, Ob\u00e9lix es introducido en el carruaje y recibe toda la informaci\u00f3n para que su viaje transcurra de la manera m\u00e1s c\u00f3moda y segura. M\u00e1s adelante, cuando el ej\u00e9rcito de C\u00e9sar llega a China, hay un cartel publicitario en la entrada del pa\u00eds promocionando el mejor coche de la \u00e9poca: el 2CV. Un incre\u00edble carruaje hecho en la Galia, tirado por dos caballos. Una alusi\u00f3n a la famosa pel\u00edcula publicitaria de Citro\u00ebn, realizada en la Gran Muralla China.<\/p>\n<p>Adem\u00e1s de las apariciones y menciones en la pel\u00edcula, Citro\u00ebn tambi\u00e9n se destac\u00f3 detr\u00e1s de escena. El equipo de producci\u00f3n puede contar con una flota totalmente electrificada durante el rodaje. Este consta de <a href=\"https:\/\/www.citroen.com.ar\/?&amp;&amp;&amp;&amp;gad=1&amp;gclid=Cj0KCQjwyLGjBhDKARIsAFRNgW9Qbt3M-APuBlgnAnEBCTamcmMpA-ffy3QbwoMY1mnUjqcXl89B0jMaAqN-EALw_wcB&amp;gclsrc=aw.ds\" target=\"_blank\" rel=\"noopener\">tres \u00eb-C4, tres C5 Aircross PHEV<\/a>, dos \u00eb-Spacetourer, un Ami y un \u00eb-Jumpy. En los lugares de rodaje de Bry-sur-Marne y Bretigny-sur-Orge, Citro\u00ebn tambi\u00e9n ofreci\u00f3 todo el apoyo en las estaciones de carga de estos veh\u00edculos.<\/p>\n<p><i>Para enterarte de m\u00e1s novedades, no dejes de leer\u00a0<\/i><a href=\"https:\/\/autofans.thebrandsoup.com\/\"><i>nuestras notas<\/i><\/a><i>, de ver<\/i><b><i>\u00a0<\/i><\/b><a href=\"https:\/\/www.youtube.com\/channel\/UCgAC8UGHZYbT6P7PpmVnP7g\"><b><i>AUTOFANS TV<\/i><\/b><\/a><b><i>\u00a0<\/i><\/b><i>en nuestro\u00a0canal de Youtube. Adem\u00e1s seguinos en\u00a0<\/i><a href=\"https:\/\/www.instagram.com\/autofanstv\/\"><i>INSTAGRAM<\/i><\/a><i> y <\/i><a href=\"https:\/\/www.facebook.com\/autofansmas\/\"><i>FACEBOOK<\/i><\/a><i> para no perderte nada sobre las novedades del segmento automotor de Argentina y el mundo. <\/i><\/p>\n","protected":false},"excerpt":{"rendered":"<p>Citro\u00ebn hace su entrada triunfal en la pantalla grande con su participaci\u00f3n en la esperada&#8230;<\/p>\n","protected":false},"author":2,"featured_media":2739,"comment_status":"closed","ping_status":"closed","sticky":false,"template":"","format":"standard","meta":{"footnotes":""},"categories":[6,16],"tags":[1316,1311,73,36,1318,1315,252,1313,1314,1312,1317],"class_list":["post-2732","post","type-post","status-publish","format-standard","has-post-thumbnail","hentry","category-bizstyle","category-noticias","tag-2cv","tag-asterix-y-obelix","tag-automotor","tag-citroen","tag-colaboracion","tag-galia","tag-marketing-digital","tag-pelicula","tag-prototipo-de-carruaje","tag-reino-medio","tag-vehiculos-electrificados"],"yoast_head":"<!-- This site is optimized with the Yoast SEO plugin v27.5 - https:\/\/yoast.com\/product\/yoast-seo-wordpress\/ -->\n<title>Ast\u00e9rix y Ob\u00e9lix se suben a bordo del legendario 2CV de Citro\u00ebn en su nueva pel\u00edcula -<\/title>\n<meta name=\"description\" content=\"Citro\u00ebn hace su entrada triunfal en la pantalla grande con su participaci\u00f3n en la esperada pel\u00edcula &quot;Ast\u00e9rix y Ob\u00e9lix en el Reino Medio&quot;...\" \/>\n<meta name=\"robots\" content=\"index, follow, max-snippet:-1, max-image-preview:large, max-video-preview:-1\" \/>\n<link rel=\"canonical\" href=\"https:\/\/autofans.com.ar\/index.php\/2023\/05\/23\/asterix-y-obelix-se-suben-a-bordo-del-legendario-2cv-de-citroen-en-su-nueva-pelicula\/\" \/>\n<meta property=\"og:locale\" content=\"es_ES\" \/>\n<meta property=\"og:type\" content=\"article\" \/>\n<meta property=\"og:title\" content=\"Ast\u00e9rix y Ob\u00e9lix se suben a bordo del legendario 2CV de Citro\u00ebn en su nueva pel\u00edcula -\" \/>\n<meta property=\"og:description\" content=\"Citro\u00ebn hace su entrada triunfal en la pantalla grande con su participaci\u00f3n en la esperada pel\u00edcula &quot;Ast\u00e9rix y Ob\u00e9lix en el Reino Medio&quot;...\" \/>\n<meta property=\"og:url\" content=\"https:\/\/autofans.com.ar\/index.php\/2023\/05\/23\/asterix-y-obelix-se-suben-a-bordo-del-legendario-2cv-de-citroen-en-su-nueva-pelicula\/\" \/>\n<meta property=\"article:published_time\" content=\"2023-05-23T21:39:31+00:00\" \/>\n<meta property=\"article:modified_time\" content=\"2023-05-23T21:47:27+00:00\" \/>\n<meta property=\"og:image\" content=\"https:\/\/autofans.com.ar\/wp-content\/uploads\/2023\/05\/foto-4-22.jpg\" \/>\n\t<meta property=\"og:image:width\" content=\"1000\" \/>\n\t<meta property=\"og:image:height\" content=\"667\" \/>\n\t<meta property=\"og:image:type\" content=\"image\/jpeg\" \/>\n<meta name=\"author\" content=\"Alejandro Gabriel Rosito\" \/>\n<meta name=\"twitter:card\" content=\"summary_large_image\" \/>\n<meta name=\"twitter:label1\" content=\"Escrito por\" \/>\n\t<meta name=\"twitter:data1\" content=\"Alejandro Gabriel Rosito\" \/>\n\t<meta name=\"twitter:label2\" content=\"Tiempo de lectura\" \/>\n\t<meta name=\"twitter:data2\" content=\"3 minutos\" \/>\n<script type=\"application\/ld+json\" class=\"yoast-schema-graph\">{\"@context\":\"https:\\\/\\\/schema.org\",\"@graph\":[{\"@type\":\"Article\",\"@id\":\"https:\\\/\\\/autofans.com.ar\\\/index.php\\\/2023\\\/05\\\/23\\\/asterix-y-obelix-se-suben-a-bordo-del-legendario-2cv-de-citroen-en-su-nueva-pelicula\\\/#article\",\"isPartOf\":{\"@id\":\"https:\\\/\\\/autofans.com.ar\\\/index.php\\\/2023\\\/05\\\/23\\\/asterix-y-obelix-se-suben-a-bordo-del-legendario-2cv-de-citroen-en-su-nueva-pelicula\\\/\"},\"author\":{\"name\":\"Alejandro Gabriel Rosito\",\"@id\":\"https:\\\/\\\/autofans.com.ar\\\/#\\\/schema\\\/person\\\/4a8dda0b6df83ac3d6723e921274c2aa\"},\"headline\":\"Ast\u00e9rix y Ob\u00e9lix se suben a bordo del legendario 2CV de Citro\u00ebn en su nueva pel\u00edcula\",\"datePublished\":\"2023-05-23T21:39:31+00:00\",\"dateModified\":\"2023-05-23T21:47:27+00:00\",\"mainEntityOfPage\":{\"@id\":\"https:\\\/\\\/autofans.com.ar\\\/index.php\\\/2023\\\/05\\\/23\\\/asterix-y-obelix-se-suben-a-bordo-del-legendario-2cv-de-citroen-en-su-nueva-pelicula\\\/\"},\"wordCount\":587,\"image\":{\"@id\":\"https:\\\/\\\/autofans.com.ar\\\/index.php\\\/2023\\\/05\\\/23\\\/asterix-y-obelix-se-suben-a-bordo-del-legendario-2cv-de-citroen-en-su-nueva-pelicula\\\/#primaryimage\"},\"thumbnailUrl\":\"https:\\\/\\\/autofans.com.ar\\\/wp-content\\\/uploads\\\/2023\\\/05\\\/foto-4-22.jpg\",\"keywords\":[\"2CV\",\"Ast\u00e9rix y Ob\u00e9lix\",\"Automotor\",\"Citroen\",\"colaboraci\u00f3n\",\"Galia\",\"marketing digital\",\"pel\u00edcula\",\"prototipo de carruaje\",\"Reino Medio\",\"veh\u00edculos electrificados\"],\"articleSection\":[\"BIZSTYLE\",\"NOTICIAS\"],\"inLanguage\":\"es\"},{\"@type\":\"WebPage\",\"@id\":\"https:\\\/\\\/autofans.com.ar\\\/index.php\\\/2023\\\/05\\\/23\\\/asterix-y-obelix-se-suben-a-bordo-del-legendario-2cv-de-citroen-en-su-nueva-pelicula\\\/\",\"url\":\"https:\\\/\\\/autofans.com.ar\\\/index.php\\\/2023\\\/05\\\/23\\\/asterix-y-obelix-se-suben-a-bordo-del-legendario-2cv-de-citroen-en-su-nueva-pelicula\\\/\",\"name\":\"Ast\u00e9rix y Ob\u00e9lix se suben a bordo del legendario 2CV de Citro\u00ebn en su nueva pel\u00edcula -\",\"isPartOf\":{\"@id\":\"https:\\\/\\\/autofans.com.ar\\\/#website\"},\"primaryImageOfPage\":{\"@id\":\"https:\\\/\\\/autofans.com.ar\\\/index.php\\\/2023\\\/05\\\/23\\\/asterix-y-obelix-se-suben-a-bordo-del-legendario-2cv-de-citroen-en-su-nueva-pelicula\\\/#primaryimage\"},\"image\":{\"@id\":\"https:\\\/\\\/autofans.com.ar\\\/index.php\\\/2023\\\/05\\\/23\\\/asterix-y-obelix-se-suben-a-bordo-del-legendario-2cv-de-citroen-en-su-nueva-pelicula\\\/#primaryimage\"},\"thumbnailUrl\":\"https:\\\/\\\/autofans.com.ar\\\/wp-content\\\/uploads\\\/2023\\\/05\\\/foto-4-22.jpg\",\"datePublished\":\"2023-05-23T21:39:31+00:00\",\"dateModified\":\"2023-05-23T21:47:27+00:00\",\"author\":{\"@id\":\"https:\\\/\\\/autofans.com.ar\\\/#\\\/schema\\\/person\\\/4a8dda0b6df83ac3d6723e921274c2aa\"},\"description\":\"Citro\u00ebn hace su entrada triunfal en la pantalla grande con su participaci\u00f3n en la esperada pel\u00edcula \\\"Ast\u00e9rix y Ob\u00e9lix en el Reino Medio\\\"...\",\"breadcrumb\":{\"@id\":\"https:\\\/\\\/autofans.com.ar\\\/index.php\\\/2023\\\/05\\\/23\\\/asterix-y-obelix-se-suben-a-bordo-del-legendario-2cv-de-citroen-en-su-nueva-pelicula\\\/#breadcrumb\"},\"inLanguage\":\"es\",\"potentialAction\":[{\"@type\":\"ReadAction\",\"target\":[\"https:\\\/\\\/autofans.com.ar\\\/index.php\\\/2023\\\/05\\\/23\\\/asterix-y-obelix-se-suben-a-bordo-del-legendario-2cv-de-citroen-en-su-nueva-pelicula\\\/\"]}]},{\"@type\":\"ImageObject\",\"inLanguage\":\"es\",\"@id\":\"https:\\\/\\\/autofans.com.ar\\\/index.php\\\/2023\\\/05\\\/23\\\/asterix-y-obelix-se-suben-a-bordo-del-legendario-2cv-de-citroen-en-su-nueva-pelicula\\\/#primaryimage\",\"url\":\"https:\\\/\\\/autofans.com.ar\\\/wp-content\\\/uploads\\\/2023\\\/05\\\/foto-4-22.jpg\",\"contentUrl\":\"https:\\\/\\\/autofans.com.ar\\\/wp-content\\\/uploads\\\/2023\\\/05\\\/foto-4-22.jpg\",\"width\":1000,\"height\":667,\"caption\":\"Ast\u00e9rix y Ob\u00e9lix\"},{\"@type\":\"BreadcrumbList\",\"@id\":\"https:\\\/\\\/autofans.com.ar\\\/index.php\\\/2023\\\/05\\\/23\\\/asterix-y-obelix-se-suben-a-bordo-del-legendario-2cv-de-citroen-en-su-nueva-pelicula\\\/#breadcrumb\",\"itemListElement\":[{\"@type\":\"ListItem\",\"position\":1,\"name\":\"Inicio\",\"item\":\"https:\\\/\\\/autofans.com.ar\\\/\"},{\"@type\":\"ListItem\",\"position\":2,\"name\":\"Ast\u00e9rix y Ob\u00e9lix se suben a bordo del legendario 2CV de Citro\u00ebn en su nueva pel\u00edcula\"}]},{\"@type\":\"WebSite\",\"@id\":\"https:\\\/\\\/autofans.com.ar\\\/#website\",\"url\":\"https:\\\/\\\/autofans.com.ar\\\/\",\"name\":\"\",\"description\":\"El multimedio referente de la industria automotriz\",\"potentialAction\":[{\"@type\":\"SearchAction\",\"target\":{\"@type\":\"EntryPoint\",\"urlTemplate\":\"https:\\\/\\\/autofans.com.ar\\\/?s={search_term_string}\"},\"query-input\":{\"@type\":\"PropertyValueSpecification\",\"valueRequired\":true,\"valueName\":\"search_term_string\"}}],\"inLanguage\":\"es\"},{\"@type\":\"Person\",\"@id\":\"https:\\\/\\\/autofans.com.ar\\\/#\\\/schema\\\/person\\\/4a8dda0b6df83ac3d6723e921274c2aa\",\"name\":\"Alejandro Gabriel Rosito\",\"image\":{\"@type\":\"ImageObject\",\"inLanguage\":\"es\",\"@id\":\"https:\\\/\\\/secure.gravatar.com\\\/avatar\\\/16c5dda1489adfc62618084dcbb91cffd879c374b13fe5dd8e44ed6733852c88?s=96&d=mm&r=g\",\"url\":\"https:\\\/\\\/secure.gravatar.com\\\/avatar\\\/16c5dda1489adfc62618084dcbb91cffd879c374b13fe5dd8e44ed6733852c88?s=96&d=mm&r=g\",\"contentUrl\":\"https:\\\/\\\/secure.gravatar.com\\\/avatar\\\/16c5dda1489adfc62618084dcbb91cffd879c374b13fe5dd8e44ed6733852c88?s=96&d=mm&r=g\",\"caption\":\"Alejandro Gabriel Rosito\"},\"url\":\"https:\\\/\\\/autofans.com.ar\\\/index.php\\\/author\\\/gabrielr\\\/\"}]}<\/script>\n<!-- \/ Yoast SEO plugin. -->","yoast_head_json":{"title":"Ast\u00e9rix y Ob\u00e9lix se suben a bordo del legendario 2CV de Citro\u00ebn en su nueva pel\u00edcula -","description":"Citro\u00ebn hace su entrada triunfal en la pantalla grande con su participaci\u00f3n en la esperada pel\u00edcula \"Ast\u00e9rix y Ob\u00e9lix en el Reino Medio\"...","robots":{"index":"index","follow":"follow","max-snippet":"max-snippet:-1","max-image-preview":"max-image-preview:large","max-video-preview":"max-video-preview:-1"},"canonical":"https:\/\/autofans.com.ar\/index.php\/2023\/05\/23\/asterix-y-obelix-se-suben-a-bordo-del-legendario-2cv-de-citroen-en-su-nueva-pelicula\/","og_locale":"es_ES","og_type":"article","og_title":"Ast\u00e9rix y Ob\u00e9lix se suben a bordo del legendario 2CV de Citro\u00ebn en su nueva pel\u00edcula -","og_description":"Citro\u00ebn hace su entrada triunfal en la pantalla grande con su participaci\u00f3n en la esperada pel\u00edcula \"Ast\u00e9rix y Ob\u00e9lix en el Reino Medio\"...","og_url":"https:\/\/autofans.com.ar\/index.php\/2023\/05\/23\/asterix-y-obelix-se-suben-a-bordo-del-legendario-2cv-de-citroen-en-su-nueva-pelicula\/","article_published_time":"2023-05-23T21:39:31+00:00","article_modified_time":"2023-05-23T21:47:27+00:00","og_image":[{"width":1000,"height":667,"url":"https:\/\/autofans.com.ar\/wp-content\/uploads\/2023\/05\/foto-4-22.jpg","type":"image\/jpeg"}],"author":"Alejandro Gabriel Rosito","twitter_card":"summary_large_image","twitter_misc":{"Escrito por":"Alejandro Gabriel Rosito","Tiempo de lectura":"3 minutos"},"schema":{"@context":"https:\/\/schema.org","@graph":[{"@type":"Article","@id":"https:\/\/autofans.com.ar\/index.php\/2023\/05\/23\/asterix-y-obelix-se-suben-a-bordo-del-legendario-2cv-de-citroen-en-su-nueva-pelicula\/#article","isPartOf":{"@id":"https:\/\/autofans.com.ar\/index.php\/2023\/05\/23\/asterix-y-obelix-se-suben-a-bordo-del-legendario-2cv-de-citroen-en-su-nueva-pelicula\/"},"author":{"name":"Alejandro Gabriel Rosito","@id":"https:\/\/autofans.com.ar\/#\/schema\/person\/4a8dda0b6df83ac3d6723e921274c2aa"},"headline":"Ast\u00e9rix y Ob\u00e9lix se suben a bordo del legendario 2CV de Citro\u00ebn en su nueva pel\u00edcula","datePublished":"2023-05-23T21:39:31+00:00","dateModified":"2023-05-23T21:47:27+00:00","mainEntityOfPage":{"@id":"https:\/\/autofans.com.ar\/index.php\/2023\/05\/23\/asterix-y-obelix-se-suben-a-bordo-del-legendario-2cv-de-citroen-en-su-nueva-pelicula\/"},"wordCount":587,"image":{"@id":"https:\/\/autofans.com.ar\/index.php\/2023\/05\/23\/asterix-y-obelix-se-suben-a-bordo-del-legendario-2cv-de-citroen-en-su-nueva-pelicula\/#primaryimage"},"thumbnailUrl":"https:\/\/autofans.com.ar\/wp-content\/uploads\/2023\/05\/foto-4-22.jpg","keywords":["2CV","Ast\u00e9rix y Ob\u00e9lix","Automotor","Citroen","colaboraci\u00f3n","Galia","marketing digital","pel\u00edcula","prototipo de carruaje","Reino Medio","veh\u00edculos electrificados"],"articleSection":["BIZSTYLE","NOTICIAS"],"inLanguage":"es"},{"@type":"WebPage","@id":"https:\/\/autofans.com.ar\/index.php\/2023\/05\/23\/asterix-y-obelix-se-suben-a-bordo-del-legendario-2cv-de-citroen-en-su-nueva-pelicula\/","url":"https:\/\/autofans.com.ar\/index.php\/2023\/05\/23\/asterix-y-obelix-se-suben-a-bordo-del-legendario-2cv-de-citroen-en-su-nueva-pelicula\/","name":"Ast\u00e9rix y Ob\u00e9lix se suben a bordo del legendario 2CV de Citro\u00ebn en su nueva pel\u00edcula -","isPartOf":{"@id":"https:\/\/autofans.com.ar\/#website"},"primaryImageOfPage":{"@id":"https:\/\/autofans.com.ar\/index.php\/2023\/05\/23\/asterix-y-obelix-se-suben-a-bordo-del-legendario-2cv-de-citroen-en-su-nueva-pelicula\/#primaryimage"},"image":{"@id":"https:\/\/autofans.com.ar\/index.php\/2023\/05\/23\/asterix-y-obelix-se-suben-a-bordo-del-legendario-2cv-de-citroen-en-su-nueva-pelicula\/#primaryimage"},"thumbnailUrl":"https:\/\/autofans.com.ar\/wp-content\/uploads\/2023\/05\/foto-4-22.jpg","datePublished":"2023-05-23T21:39:31+00:00","dateModified":"2023-05-23T21:47:27+00:00","author":{"@id":"https:\/\/autofans.com.ar\/#\/schema\/person\/4a8dda0b6df83ac3d6723e921274c2aa"},"description":"Citro\u00ebn hace su entrada triunfal en la pantalla grande con su participaci\u00f3n en la esperada pel\u00edcula \"Ast\u00e9rix y Ob\u00e9lix en el Reino Medio\"...","breadcrumb":{"@id":"https:\/\/autofans.com.ar\/index.php\/2023\/05\/23\/asterix-y-obelix-se-suben-a-bordo-del-legendario-2cv-de-citroen-en-su-nueva-pelicula\/#breadcrumb"},"inLanguage":"es","potentialAction":[{"@type":"ReadAction","target":["https:\/\/autofans.com.ar\/index.php\/2023\/05\/23\/asterix-y-obelix-se-suben-a-bordo-del-legendario-2cv-de-citroen-en-su-nueva-pelicula\/"]}]},{"@type":"ImageObject","inLanguage":"es","@id":"https:\/\/autofans.com.ar\/index.php\/2023\/05\/23\/asterix-y-obelix-se-suben-a-bordo-del-legendario-2cv-de-citroen-en-su-nueva-pelicula\/#primaryimage","url":"https:\/\/autofans.com.ar\/wp-content\/uploads\/2023\/05\/foto-4-22.jpg","contentUrl":"https:\/\/autofans.com.ar\/wp-content\/uploads\/2023\/05\/foto-4-22.jpg","width":1000,"height":667,"caption":"Ast\u00e9rix y Ob\u00e9lix"},{"@type":"BreadcrumbList","@id":"https:\/\/autofans.com.ar\/index.php\/2023\/05\/23\/asterix-y-obelix-se-suben-a-bordo-del-legendario-2cv-de-citroen-en-su-nueva-pelicula\/#breadcrumb","itemListElement":[{"@type":"ListItem","position":1,"name":"Inicio","item":"https:\/\/autofans.com.ar\/"},{"@type":"ListItem","position":2,"name":"Ast\u00e9rix y Ob\u00e9lix se suben a bordo del legendario 2CV de Citro\u00ebn en su nueva pel\u00edcula"}]},{"@type":"WebSite","@id":"https:\/\/autofans.com.ar\/#website","url":"https:\/\/autofans.com.ar\/","name":"","description":"El multimedio referente de la industria automotriz","potentialAction":[{"@type":"SearchAction","target":{"@type":"EntryPoint","urlTemplate":"https:\/\/autofans.com.ar\/?s={search_term_string}"},"query-input":{"@type":"PropertyValueSpecification","valueRequired":true,"valueName":"search_term_string"}}],"inLanguage":"es"},{"@type":"Person","@id":"https:\/\/autofans.com.ar\/#\/schema\/person\/4a8dda0b6df83ac3d6723e921274c2aa","name":"Alejandro Gabriel Rosito","image":{"@type":"ImageObject","inLanguage":"es","@id":"https:\/\/secure.gravatar.com\/avatar\/16c5dda1489adfc62618084dcbb91cffd879c374b13fe5dd8e44ed6733852c88?s=96&d=mm&r=g","url":"https:\/\/secure.gravatar.com\/avatar\/16c5dda1489adfc62618084dcbb91cffd879c374b13fe5dd8e44ed6733852c88?s=96&d=mm&r=g","contentUrl":"https:\/\/secure.gravatar.com\/avatar\/16c5dda1489adfc62618084dcbb91cffd879c374b13fe5dd8e44ed6733852c88?s=96&d=mm&r=g","caption":"Alejandro Gabriel Rosito"},"url":"https:\/\/autofans.com.ar\/index.php\/author\/gabrielr\/"}]}},"featured_image_urls":{"full":["https:\/\/autofans.com.ar\/wp-content\/uploads\/2023\/05\/foto-4-22.jpg",1000,667,false],"thumbnail":["https:\/\/autofans.com.ar\/wp-content\/uploads\/2023\/05\/foto-4-22-150x150.jpg",150,150,true],"medium":["https:\/\/autofans.com.ar\/wp-content\/uploads\/2023\/05\/foto-4-22-300x200.jpg",300,200,true],"medium_large":["https:\/\/autofans.com.ar\/wp-content\/uploads\/2023\/05\/foto-4-22-768x512.jpg",640,427,true],"large":["https:\/\/autofans.com.ar\/wp-content\/uploads\/2023\/05\/foto-4-22.jpg",640,427,false],"1536x1536":["https:\/\/autofans.com.ar\/wp-content\/uploads\/2023\/05\/foto-4-22.jpg",1000,667,false],"2048x2048":["https:\/\/autofans.com.ar\/wp-content\/uploads\/2023\/05\/foto-4-22.jpg",1000,667,false],"covernews-featured":["https:\/\/autofans.com.ar\/wp-content\/uploads\/2023\/05\/foto-4-22.jpg",1000,667,false],"covernews-medium":["https:\/\/autofans.com.ar\/wp-content\/uploads\/2023\/05\/foto-4-22-540x340.jpg",540,340,true]},"author_info":{"display_name":"Alejandro Gabriel Rosito","author_link":"https:\/\/autofans.com.ar\/index.php\/author\/gabrielr\/"},"category_info":"<a href=\"https:\/\/autofans.com.ar\/index.php\/category\/noticias\/bizstyle\/\" rel=\"category tag\">BIZSTYLE<\/a> <a href=\"https:\/\/autofans.com.ar\/index.php\/category\/noticias\/\" rel=\"category tag\">NOTICIAS<\/a>","tag_info":"NOTICIAS","comment_count":0,"_links":{"self":[{"href":"https:\/\/autofans.com.ar\/index.php\/wp-json\/wp\/v2\/posts\/2732","targetHints":{"allow":["GET"]}}],"collection":[{"href":"https:\/\/autofans.com.ar\/index.php\/wp-json\/wp\/v2\/posts"}],"about":[{"href":"https:\/\/autofans.com.ar\/index.php\/wp-json\/wp\/v2\/types\/post"}],"author":[{"embeddable":true,"href":"https:\/\/autofans.com.ar\/index.php\/wp-json\/wp\/v2\/users\/2"}],"replies":[{"embeddable":true,"href":"https:\/\/autofans.com.ar\/index.php\/wp-json\/wp\/v2\/comments?post=2732"}],"version-history":[{"count":14,"href":"https:\/\/autofans.com.ar\/index.php\/wp-json\/wp\/v2\/posts\/2732\/revisions"}],"predecessor-version":[{"id":2750,"href":"https:\/\/autofans.com.ar\/index.php\/wp-json\/wp\/v2\/posts\/2732\/revisions\/2750"}],"wp:featuredmedia":[{"embeddable":true,"href":"https:\/\/autofans.com.ar\/index.php\/wp-json\/wp\/v2\/media\/2739"}],"wp:attachment":[{"href":"https:\/\/autofans.com.ar\/index.php\/wp-json\/wp\/v2\/media?parent=2732"}],"wp:term":[{"taxonomy":"category","embeddable":true,"href":"https:\/\/autofans.com.ar\/index.php\/wp-json\/wp\/v2\/categories?post=2732"},{"taxonomy":"post_tag","embeddable":true,"href":"https:\/\/autofans.com.ar\/index.php\/wp-json\/wp\/v2\/tags?post=2732"}],"curies":[{"name":"wp","href":"https:\/\/api.w.org\/{rel}","templated":true}]}}