{"id":2772,"date":"2023-05-24T17:51:41","date_gmt":"2023-05-24T20:51:41","guid":{"rendered":"https:\/\/autofans.com.ar\/?p=2772"},"modified":"2023-05-24T17:51:41","modified_gmt":"2023-05-24T20:51:41","slug":"carlos-okulovich-un-hito-historico-con-150-carreras-a-bordo-del-torino","status":"publish","type":"post","link":"https:\/\/autofans.com.ar\/index.php\/2023\/05\/24\/carlos-okulovich-un-hito-historico-con-150-carreras-a-bordo-del-torino\/","title":{"rendered":"Carlos Okulovich, Un hito hist\u00f3rico con 150 carreras a bordo del Torino"},"content":{"rendered":"<p>Carlos Okulovich celebra un hito hist\u00f3rico en el automovilismo argentino al completar 150 carreras con Torino. Como el piloto m\u00e1s leal al ic\u00f3nico modelo en los m\u00e1s de 85 a\u00f1os de historia del Turismo Carretera, Okulovich se enorgullece de su identificaci\u00f3n plena con el \u00abToro\u00bb. Con motivo de esta destacada haza\u00f1a, el experimentado volante de Ober\u00e1 comparte sus reflexiones y recuerdos. Descubre los desaf\u00edos, los momentos memorables y el orgullo de representar al Torino en la m\u00e1xima categor\u00eda del automovilismo argentino.<\/p>\n<p>La longeva carrera de Okulovich con Torino ha sido un testimonio de perseverancia y dedicaci\u00f3n. Aunque el piloto no llevaba un registro preciso de sus carreras, la noticia de alcanzar las 150 participaciones con el emblem\u00e1tico veh\u00edculo le tom\u00f3 por sorpresa. Al repasar su trayectoria, Carlos reconoce la comodidad y la confianza que siempre ha sentido al conducir un Torino. Destaca el apoyo constante del equipo Maquin Parts Racing a lo largo de los a\u00f1os, incluso cuando eran pocos los que eleg\u00edan este modelo para competir.<\/p>\n<p>&nbsp;<\/p>\n<p><img fetchpriority=\"high\" decoding=\"async\" class=\"aligncenter wp-image-2773 size-full\" src=\"https:\/\/autofans.com.ar\/wp-content\/uploads\/2023\/05\/foto-2-43.jpg\" alt=\"Carlos Okulovich\" width=\"1000\" height=\"667\" srcset=\"https:\/\/autofans.com.ar\/wp-content\/uploads\/2023\/05\/foto-2-43.jpg 1000w, https:\/\/autofans.com.ar\/wp-content\/uploads\/2023\/05\/foto-2-43-300x200.jpg 300w, https:\/\/autofans.com.ar\/wp-content\/uploads\/2023\/05\/foto-2-43-768x512.jpg 768w\" sizes=\"(max-width: 1000px) 100vw, 1000px\" \/><\/p>\n<p>Con orgullo y humildad, Okulovich afirma que se ha ganado un lugar en la historia y en el coraz\u00f3n de los fan\u00e1ticos. Si bien anhela lograr m\u00e1s victorias, sabe que su lealtad al Torino no pasa desapercibida. Recordando los primeros tiempos, el piloto rememora los desaf\u00edos de competir con un modelo \u00fanico y sin referencias en la pista. A pesar de las dificultades, nunca consider\u00f3 cambiar de veh\u00edculo y siempre se sinti\u00f3 m\u00e1s c\u00f3modo conduciendo un Torino.<\/p>\n<p>La experiencia de Carlos ha sido un viaje lleno de altibajos. Ha vivido momentos favorables, como los a\u00f1os 2012-2014, en los que obtuvo podios y pele\u00f3 en la vanguardia. Sin embargo, tambi\u00e9n ha enfrentado \u00e9pocas dif\u00edciles, como los a\u00f1os 2009-2010, cuando los Torino del Maquin Parts Racing estaban relegados debido a la escasez de autos y la falta de competitividad. La llegada de \u00abPechito\u00bb L\u00f3pez a la categor\u00eda revitaliz\u00f3 el inter\u00e9s por el Torino y contribuy\u00f3 a su resurgimiento.<\/p>\n<p>El avance tecnol\u00f3gico en el Turismo Carretera ha transformado el rendimiento de los veh\u00edculos, y Okulovich destaca las mejoras aerodin\u00e1micas y el aumento de potencia. El nivel de exigencia es mayor, tanto para los pilotos como para los equipos, pero el piloto conf\u00eda en que su actual equipo est\u00e1 trabajando arduamente para regresar a la competencia en igualdad de condiciones.<\/p>\n<p>Carlos Okulovich anhela coronar su historia con una victoria en un Torino y su regreso al equipo este a\u00f1o alimenta esa ambici\u00f3n. Su legado como el piloto m\u00e1s consecuente con el emblem\u00e1tico modelo quedar\u00e1 grabado en los anales del automovilismo argentino.<\/p>\n<p>&nbsp;<\/p>\n<p>&nbsp;<\/p>\n<p><i>Para enterarte de m\u00e1s novedades, no dejes de leer\u00a0<\/i><a href=\"https:\/\/autofans.thebrandsoup.com\/\"><i>nuestras notas<\/i><\/a><i>, de ver<\/i><b><i>\u00a0<\/i><\/b><a href=\"https:\/\/www.youtube.com\/channel\/UCgAC8UGHZYbT6P7PpmVnP7g\"><b><i>AUTOFANS TV<\/i><\/b><\/a><b><i>\u00a0<\/i><\/b><i>en nuestro\u00a0canal de Youtube. Adem\u00e1s seguinos en\u00a0<\/i><a href=\"https:\/\/www.instagram.com\/autofanstv\/\"><i>INSTAGRAM<\/i><\/a><i> y <\/i><a href=\"https:\/\/www.facebook.com\/autofansmas\/\"><i>FACEBOOK<\/i><\/a><i> para no perderte nada sobre las novedades del segmento automotor de Argentina y el mundo. <\/i><\/p>\n","protected":false},"excerpt":{"rendered":"<p>Carlos Okulovich celebra un hito hist\u00f3rico en el automovilismo argentino al completar 150 carreras con&#8230;<\/p>\n","protected":false},"author":2,"featured_media":2774,"comment_status":"closed","ping_status":"closed","sticky":false,"template":"","format":"standard","meta":{"footnotes":""},"categories":[127,16],"tags":[1334,1332,1333,1335,1338,1336,1331,767,1337],"class_list":["post-2772","post","type-post","status-publish","format-standard","has-post-thumbnail","hentry","category-deporte","category-noticias","tag-automovilismo-argentino","tag-carlos-okulovich","tag-carreras-de-autos","tag-historia-del-tc","tag-hitos-en-el-automovilismo","tag-maquin-parts-racing","tag-torino","tag-turismo-carretera","tag-volante-de-obera"],"yoast_head":"<!-- This site is optimized with the Yoast SEO plugin v27.5 - https:\/\/yoast.com\/product\/yoast-seo-wordpress\/ -->\n<title>Carlos Okulovich, Un hito hist\u00f3rico con 150 carreras a bordo del Torino -<\/title>\n<meta name=\"description\" content=\"Carlos Okulovich ha alcanzado un r\u00e9cord inigualable en el automovilismo argentino, 150 carreras con el legendario Torino...\" \/>\n<meta name=\"robots\" content=\"index, follow, max-snippet:-1, max-image-preview:large, max-video-preview:-1\" \/>\n<link rel=\"canonical\" href=\"https:\/\/autofans.com.ar\/index.php\/2023\/05\/24\/carlos-okulovich-un-hito-historico-con-150-carreras-a-bordo-del-torino\/\" \/>\n<meta property=\"og:locale\" content=\"es_ES\" \/>\n<meta property=\"og:type\" content=\"article\" \/>\n<meta property=\"og:title\" content=\"Carlos Okulovich, Un hito hist\u00f3rico con 150 carreras a bordo del Torino -\" \/>\n<meta property=\"og:description\" content=\"Carlos Okulovich ha alcanzado un r\u00e9cord inigualable en el automovilismo argentino, 150 carreras con el legendario Torino...\" \/>\n<meta property=\"og:url\" content=\"https:\/\/autofans.com.ar\/index.php\/2023\/05\/24\/carlos-okulovich-un-hito-historico-con-150-carreras-a-bordo-del-torino\/\" \/>\n<meta property=\"article:published_time\" content=\"2023-05-24T20:51:41+00:00\" \/>\n<meta property=\"og:image\" content=\"https:\/\/autofans.com.ar\/wp-content\/uploads\/2023\/05\/foto-1-44.jpg\" \/>\n\t<meta property=\"og:image:width\" content=\"1000\" \/>\n\t<meta property=\"og:image:height\" content=\"667\" \/>\n\t<meta property=\"og:image:type\" content=\"image\/jpeg\" \/>\n<meta name=\"author\" content=\"Alejandro Gabriel Rosito\" \/>\n<meta name=\"twitter:card\" content=\"summary_large_image\" \/>\n<meta name=\"twitter:label1\" content=\"Escrito por\" \/>\n\t<meta name=\"twitter:data1\" content=\"Alejandro Gabriel Rosito\" \/>\n\t<meta name=\"twitter:label2\" content=\"Tiempo de lectura\" \/>\n\t<meta name=\"twitter:data2\" content=\"3 minutos\" \/>\n<script type=\"application\/ld+json\" class=\"yoast-schema-graph\">{\"@context\":\"https:\\\/\\\/schema.org\",\"@graph\":[{\"@type\":\"Article\",\"@id\":\"https:\\\/\\\/autofans.com.ar\\\/index.php\\\/2023\\\/05\\\/24\\\/carlos-okulovich-un-hito-historico-con-150-carreras-a-bordo-del-torino\\\/#article\",\"isPartOf\":{\"@id\":\"https:\\\/\\\/autofans.com.ar\\\/index.php\\\/2023\\\/05\\\/24\\\/carlos-okulovich-un-hito-historico-con-150-carreras-a-bordo-del-torino\\\/\"},\"author\":{\"name\":\"Alejandro Gabriel Rosito\",\"@id\":\"https:\\\/\\\/autofans.com.ar\\\/#\\\/schema\\\/person\\\/4a8dda0b6df83ac3d6723e921274c2aa\"},\"headline\":\"Carlos Okulovich, Un hito hist\u00f3rico con 150 carreras a bordo del Torino\",\"datePublished\":\"2023-05-24T20:51:41+00:00\",\"mainEntityOfPage\":{\"@id\":\"https:\\\/\\\/autofans.com.ar\\\/index.php\\\/2023\\\/05\\\/24\\\/carlos-okulovich-un-hito-historico-con-150-carreras-a-bordo-del-torino\\\/\"},\"wordCount\":516,\"image\":{\"@id\":\"https:\\\/\\\/autofans.com.ar\\\/index.php\\\/2023\\\/05\\\/24\\\/carlos-okulovich-un-hito-historico-con-150-carreras-a-bordo-del-torino\\\/#primaryimage\"},\"thumbnailUrl\":\"https:\\\/\\\/autofans.com.ar\\\/wp-content\\\/uploads\\\/2023\\\/05\\\/foto-1-44.jpg\",\"keywords\":[\"Automovilismo argentino\",\"Carlos Okulovich\",\"Carreras de autos\",\"Historia del TC\",\"Hitos en el automovilismo\",\"Maquin Parts Racing\",\"Torino\",\"turismo Carretera\",\"Volante de Ober\u00e1\"],\"articleSection\":[\"DEPORTE MOTOR\",\"NOTICIAS\"],\"inLanguage\":\"es\"},{\"@type\":\"WebPage\",\"@id\":\"https:\\\/\\\/autofans.com.ar\\\/index.php\\\/2023\\\/05\\\/24\\\/carlos-okulovich-un-hito-historico-con-150-carreras-a-bordo-del-torino\\\/\",\"url\":\"https:\\\/\\\/autofans.com.ar\\\/index.php\\\/2023\\\/05\\\/24\\\/carlos-okulovich-un-hito-historico-con-150-carreras-a-bordo-del-torino\\\/\",\"name\":\"Carlos Okulovich, Un hito hist\u00f3rico con 150 carreras a bordo del Torino -\",\"isPartOf\":{\"@id\":\"https:\\\/\\\/autofans.com.ar\\\/#website\"},\"primaryImageOfPage\":{\"@id\":\"https:\\\/\\\/autofans.com.ar\\\/index.php\\\/2023\\\/05\\\/24\\\/carlos-okulovich-un-hito-historico-con-150-carreras-a-bordo-del-torino\\\/#primaryimage\"},\"image\":{\"@id\":\"https:\\\/\\\/autofans.com.ar\\\/index.php\\\/2023\\\/05\\\/24\\\/carlos-okulovich-un-hito-historico-con-150-carreras-a-bordo-del-torino\\\/#primaryimage\"},\"thumbnailUrl\":\"https:\\\/\\\/autofans.com.ar\\\/wp-content\\\/uploads\\\/2023\\\/05\\\/foto-1-44.jpg\",\"datePublished\":\"2023-05-24T20:51:41+00:00\",\"author\":{\"@id\":\"https:\\\/\\\/autofans.com.ar\\\/#\\\/schema\\\/person\\\/4a8dda0b6df83ac3d6723e921274c2aa\"},\"description\":\"Carlos Okulovich ha alcanzado un r\u00e9cord inigualable en el automovilismo argentino, 150 carreras con el legendario Torino...\",\"breadcrumb\":{\"@id\":\"https:\\\/\\\/autofans.com.ar\\\/index.php\\\/2023\\\/05\\\/24\\\/carlos-okulovich-un-hito-historico-con-150-carreras-a-bordo-del-torino\\\/#breadcrumb\"},\"inLanguage\":\"es\",\"potentialAction\":[{\"@type\":\"ReadAction\",\"target\":[\"https:\\\/\\\/autofans.com.ar\\\/index.php\\\/2023\\\/05\\\/24\\\/carlos-okulovich-un-hito-historico-con-150-carreras-a-bordo-del-torino\\\/\"]}]},{\"@type\":\"ImageObject\",\"inLanguage\":\"es\",\"@id\":\"https:\\\/\\\/autofans.com.ar\\\/index.php\\\/2023\\\/05\\\/24\\\/carlos-okulovich-un-hito-historico-con-150-carreras-a-bordo-del-torino\\\/#primaryimage\",\"url\":\"https:\\\/\\\/autofans.com.ar\\\/wp-content\\\/uploads\\\/2023\\\/05\\\/foto-1-44.jpg\",\"contentUrl\":\"https:\\\/\\\/autofans.com.ar\\\/wp-content\\\/uploads\\\/2023\\\/05\\\/foto-1-44.jpg\",\"width\":1000,\"height\":667,\"caption\":\"Carlos Okulovich\"},{\"@type\":\"BreadcrumbList\",\"@id\":\"https:\\\/\\\/autofans.com.ar\\\/index.php\\\/2023\\\/05\\\/24\\\/carlos-okulovich-un-hito-historico-con-150-carreras-a-bordo-del-torino\\\/#breadcrumb\",\"itemListElement\":[{\"@type\":\"ListItem\",\"position\":1,\"name\":\"Inicio\",\"item\":\"https:\\\/\\\/autofans.com.ar\\\/\"},{\"@type\":\"ListItem\",\"position\":2,\"name\":\"Carlos Okulovich, Un hito hist\u00f3rico con 150 carreras a bordo del Torino\"}]},{\"@type\":\"WebSite\",\"@id\":\"https:\\\/\\\/autofans.com.ar\\\/#website\",\"url\":\"https:\\\/\\\/autofans.com.ar\\\/\",\"name\":\"\",\"description\":\"El multimedio referente de la industria automotriz\",\"potentialAction\":[{\"@type\":\"SearchAction\",\"target\":{\"@type\":\"EntryPoint\",\"urlTemplate\":\"https:\\\/\\\/autofans.com.ar\\\/?s={search_term_string}\"},\"query-input\":{\"@type\":\"PropertyValueSpecification\",\"valueRequired\":true,\"valueName\":\"search_term_string\"}}],\"inLanguage\":\"es\"},{\"@type\":\"Person\",\"@id\":\"https:\\\/\\\/autofans.com.ar\\\/#\\\/schema\\\/person\\\/4a8dda0b6df83ac3d6723e921274c2aa\",\"name\":\"Alejandro Gabriel Rosito\",\"image\":{\"@type\":\"ImageObject\",\"inLanguage\":\"es\",\"@id\":\"https:\\\/\\\/secure.gravatar.com\\\/avatar\\\/16c5dda1489adfc62618084dcbb91cffd879c374b13fe5dd8e44ed6733852c88?s=96&d=mm&r=g\",\"url\":\"https:\\\/\\\/secure.gravatar.com\\\/avatar\\\/16c5dda1489adfc62618084dcbb91cffd879c374b13fe5dd8e44ed6733852c88?s=96&d=mm&r=g\",\"contentUrl\":\"https:\\\/\\\/secure.gravatar.com\\\/avatar\\\/16c5dda1489adfc62618084dcbb91cffd879c374b13fe5dd8e44ed6733852c88?s=96&d=mm&r=g\",\"caption\":\"Alejandro Gabriel Rosito\"},\"url\":\"https:\\\/\\\/autofans.com.ar\\\/index.php\\\/author\\\/gabrielr\\\/\"}]}<\/script>\n<!-- \/ Yoast SEO plugin. -->","yoast_head_json":{"title":"Carlos Okulovich, Un hito hist\u00f3rico con 150 carreras a bordo del Torino -","description":"Carlos Okulovich ha alcanzado un r\u00e9cord inigualable en el automovilismo argentino, 150 carreras con el legendario Torino...","robots":{"index":"index","follow":"follow","max-snippet":"max-snippet:-1","max-image-preview":"max-image-preview:large","max-video-preview":"max-video-preview:-1"},"canonical":"https:\/\/autofans.com.ar\/index.php\/2023\/05\/24\/carlos-okulovich-un-hito-historico-con-150-carreras-a-bordo-del-torino\/","og_locale":"es_ES","og_type":"article","og_title":"Carlos Okulovich, Un hito hist\u00f3rico con 150 carreras a bordo del Torino -","og_description":"Carlos Okulovich ha alcanzado un r\u00e9cord inigualable en el automovilismo argentino, 150 carreras con el legendario Torino...","og_url":"https:\/\/autofans.com.ar\/index.php\/2023\/05\/24\/carlos-okulovich-un-hito-historico-con-150-carreras-a-bordo-del-torino\/","article_published_time":"2023-05-24T20:51:41+00:00","og_image":[{"width":1000,"height":667,"url":"https:\/\/autofans.com.ar\/wp-content\/uploads\/2023\/05\/foto-1-44.jpg","type":"image\/jpeg"}],"author":"Alejandro Gabriel Rosito","twitter_card":"summary_large_image","twitter_misc":{"Escrito por":"Alejandro Gabriel Rosito","Tiempo de lectura":"3 minutos"},"schema":{"@context":"https:\/\/schema.org","@graph":[{"@type":"Article","@id":"https:\/\/autofans.com.ar\/index.php\/2023\/05\/24\/carlos-okulovich-un-hito-historico-con-150-carreras-a-bordo-del-torino\/#article","isPartOf":{"@id":"https:\/\/autofans.com.ar\/index.php\/2023\/05\/24\/carlos-okulovich-un-hito-historico-con-150-carreras-a-bordo-del-torino\/"},"author":{"name":"Alejandro Gabriel Rosito","@id":"https:\/\/autofans.com.ar\/#\/schema\/person\/4a8dda0b6df83ac3d6723e921274c2aa"},"headline":"Carlos Okulovich, Un hito hist\u00f3rico con 150 carreras a bordo del Torino","datePublished":"2023-05-24T20:51:41+00:00","mainEntityOfPage":{"@id":"https:\/\/autofans.com.ar\/index.php\/2023\/05\/24\/carlos-okulovich-un-hito-historico-con-150-carreras-a-bordo-del-torino\/"},"wordCount":516,"image":{"@id":"https:\/\/autofans.com.ar\/index.php\/2023\/05\/24\/carlos-okulovich-un-hito-historico-con-150-carreras-a-bordo-del-torino\/#primaryimage"},"thumbnailUrl":"https:\/\/autofans.com.ar\/wp-content\/uploads\/2023\/05\/foto-1-44.jpg","keywords":["Automovilismo argentino","Carlos Okulovich","Carreras de autos","Historia del TC","Hitos en el automovilismo","Maquin Parts Racing","Torino","turismo Carretera","Volante de Ober\u00e1"],"articleSection":["DEPORTE MOTOR","NOTICIAS"],"inLanguage":"es"},{"@type":"WebPage","@id":"https:\/\/autofans.com.ar\/index.php\/2023\/05\/24\/carlos-okulovich-un-hito-historico-con-150-carreras-a-bordo-del-torino\/","url":"https:\/\/autofans.com.ar\/index.php\/2023\/05\/24\/carlos-okulovich-un-hito-historico-con-150-carreras-a-bordo-del-torino\/","name":"Carlos Okulovich, Un hito hist\u00f3rico con 150 carreras a bordo del Torino -","isPartOf":{"@id":"https:\/\/autofans.com.ar\/#website"},"primaryImageOfPage":{"@id":"https:\/\/autofans.com.ar\/index.php\/2023\/05\/24\/carlos-okulovich-un-hito-historico-con-150-carreras-a-bordo-del-torino\/#primaryimage"},"image":{"@id":"https:\/\/autofans.com.ar\/index.php\/2023\/05\/24\/carlos-okulovich-un-hito-historico-con-150-carreras-a-bordo-del-torino\/#primaryimage"},"thumbnailUrl":"https:\/\/autofans.com.ar\/wp-content\/uploads\/2023\/05\/foto-1-44.jpg","datePublished":"2023-05-24T20:51:41+00:00","author":{"@id":"https:\/\/autofans.com.ar\/#\/schema\/person\/4a8dda0b6df83ac3d6723e921274c2aa"},"description":"Carlos Okulovich ha alcanzado un r\u00e9cord inigualable en el automovilismo argentino, 150 carreras con el legendario Torino...","breadcrumb":{"@id":"https:\/\/autofans.com.ar\/index.php\/2023\/05\/24\/carlos-okulovich-un-hito-historico-con-150-carreras-a-bordo-del-torino\/#breadcrumb"},"inLanguage":"es","potentialAction":[{"@type":"ReadAction","target":["https:\/\/autofans.com.ar\/index.php\/2023\/05\/24\/carlos-okulovich-un-hito-historico-con-150-carreras-a-bordo-del-torino\/"]}]},{"@type":"ImageObject","inLanguage":"es","@id":"https:\/\/autofans.com.ar\/index.php\/2023\/05\/24\/carlos-okulovich-un-hito-historico-con-150-carreras-a-bordo-del-torino\/#primaryimage","url":"https:\/\/autofans.com.ar\/wp-content\/uploads\/2023\/05\/foto-1-44.jpg","contentUrl":"https:\/\/autofans.com.ar\/wp-content\/uploads\/2023\/05\/foto-1-44.jpg","width":1000,"height":667,"caption":"Carlos Okulovich"},{"@type":"BreadcrumbList","@id":"https:\/\/autofans.com.ar\/index.php\/2023\/05\/24\/carlos-okulovich-un-hito-historico-con-150-carreras-a-bordo-del-torino\/#breadcrumb","itemListElement":[{"@type":"ListItem","position":1,"name":"Inicio","item":"https:\/\/autofans.com.ar\/"},{"@type":"ListItem","position":2,"name":"Carlos Okulovich, Un hito hist\u00f3rico con 150 carreras a bordo del Torino"}]},{"@type":"WebSite","@id":"https:\/\/autofans.com.ar\/#website","url":"https:\/\/autofans.com.ar\/","name":"","description":"El multimedio referente de la industria automotriz","potentialAction":[{"@type":"SearchAction","target":{"@type":"EntryPoint","urlTemplate":"https:\/\/autofans.com.ar\/?s={search_term_string}"},"query-input":{"@type":"PropertyValueSpecification","valueRequired":true,"valueName":"search_term_string"}}],"inLanguage":"es"},{"@type":"Person","@id":"https:\/\/autofans.com.ar\/#\/schema\/person\/4a8dda0b6df83ac3d6723e921274c2aa","name":"Alejandro Gabriel Rosito","image":{"@type":"ImageObject","inLanguage":"es","@id":"https:\/\/secure.gravatar.com\/avatar\/16c5dda1489adfc62618084dcbb91cffd879c374b13fe5dd8e44ed6733852c88?s=96&d=mm&r=g","url":"https:\/\/secure.gravatar.com\/avatar\/16c5dda1489adfc62618084dcbb91cffd879c374b13fe5dd8e44ed6733852c88?s=96&d=mm&r=g","contentUrl":"https:\/\/secure.gravatar.com\/avatar\/16c5dda1489adfc62618084dcbb91cffd879c374b13fe5dd8e44ed6733852c88?s=96&d=mm&r=g","caption":"Alejandro Gabriel Rosito"},"url":"https:\/\/autofans.com.ar\/index.php\/author\/gabrielr\/"}]}},"featured_image_urls":{"full":["https:\/\/autofans.com.ar\/wp-content\/uploads\/2023\/05\/foto-1-44.jpg",1000,667,false],"thumbnail":["https:\/\/autofans.com.ar\/wp-content\/uploads\/2023\/05\/foto-1-44-150x150.jpg",150,150,true],"medium":["https:\/\/autofans.com.ar\/wp-content\/uploads\/2023\/05\/foto-1-44-300x200.jpg",300,200,true],"medium_large":["https:\/\/autofans.com.ar\/wp-content\/uploads\/2023\/05\/foto-1-44-768x512.jpg",640,427,true],"large":["https:\/\/autofans.com.ar\/wp-content\/uploads\/2023\/05\/foto-1-44.jpg",640,427,false],"1536x1536":["https:\/\/autofans.com.ar\/wp-content\/uploads\/2023\/05\/foto-1-44.jpg",1000,667,false],"2048x2048":["https:\/\/autofans.com.ar\/wp-content\/uploads\/2023\/05\/foto-1-44.jpg",1000,667,false],"covernews-featured":["https:\/\/autofans.com.ar\/wp-content\/uploads\/2023\/05\/foto-1-44.jpg",1000,667,false],"covernews-medium":["https:\/\/autofans.com.ar\/wp-content\/uploads\/2023\/05\/foto-1-44-540x340.jpg",540,340,true]},"author_info":{"display_name":"Alejandro Gabriel Rosito","author_link":"https:\/\/autofans.com.ar\/index.php\/author\/gabrielr\/"},"category_info":"<a href=\"https:\/\/autofans.com.ar\/index.php\/category\/noticias\/deporte\/\" rel=\"category tag\">DEPORTE MOTOR<\/a> <a href=\"https:\/\/autofans.com.ar\/index.php\/category\/noticias\/\" rel=\"category tag\">NOTICIAS<\/a>","tag_info":"NOTICIAS","comment_count":0,"_links":{"self":[{"href":"https:\/\/autofans.com.ar\/index.php\/wp-json\/wp\/v2\/posts\/2772","targetHints":{"allow":["GET"]}}],"collection":[{"href":"https:\/\/autofans.com.ar\/index.php\/wp-json\/wp\/v2\/posts"}],"about":[{"href":"https:\/\/autofans.com.ar\/index.php\/wp-json\/wp\/v2\/types\/post"}],"author":[{"embeddable":true,"href":"https:\/\/autofans.com.ar\/index.php\/wp-json\/wp\/v2\/users\/2"}],"replies":[{"embeddable":true,"href":"https:\/\/autofans.com.ar\/index.php\/wp-json\/wp\/v2\/comments?post=2772"}],"version-history":[{"count":3,"href":"https:\/\/autofans.com.ar\/index.php\/wp-json\/wp\/v2\/posts\/2772\/revisions"}],"predecessor-version":[{"id":2777,"href":"https:\/\/autofans.com.ar\/index.php\/wp-json\/wp\/v2\/posts\/2772\/revisions\/2777"}],"wp:featuredmedia":[{"embeddable":true,"href":"https:\/\/autofans.com.ar\/index.php\/wp-json\/wp\/v2\/media\/2774"}],"wp:attachment":[{"href":"https:\/\/autofans.com.ar\/index.php\/wp-json\/wp\/v2\/media?parent=2772"}],"wp:term":[{"taxonomy":"category","embeddable":true,"href":"https:\/\/autofans.com.ar\/index.php\/wp-json\/wp\/v2\/categories?post=2772"},{"taxonomy":"post_tag","embeddable":true,"href":"https:\/\/autofans.com.ar\/index.php\/wp-json\/wp\/v2\/tags?post=2772"}],"curies":[{"name":"wp","href":"https:\/\/api.w.org\/{rel}","templated":true}]}}