{"id":2806,"date":"2023-05-26T12:47:34","date_gmt":"2023-05-26T15:47:34","guid":{"rendered":"https:\/\/autofans.com.ar\/?p=2806"},"modified":"2023-05-29T20:53:07","modified_gmt":"2023-05-29T23:53:07","slug":"salon-moto-2023-la-pasion-por-las-motos-en-buenos-aires","status":"publish","type":"post","link":"https:\/\/autofans.com.ar\/index.php\/2023\/05\/26\/salon-moto-2023-la-pasion-por-las-motos-en-buenos-aires\/","title":{"rendered":"Sal\u00f3n Moto 2023, La pasi\u00f3n por las motos en Buenos Aires"},"content":{"rendered":"<p>El Sal\u00f3n Moto 2023 abri\u00f3 sus puertas en Buenos Aires con la presencia de destacadas figuras pol\u00edticas y se posiciona como la cita imperdible del fin de semana largo. Organizada por la C\u00e1mara de Fabricantes de Motoveh\u00edculos (CAFAM) y Messe Frankfurt Argentina. Esta segunda edici\u00f3n re\u00fane a m\u00e1s de 200 marcas de motos, cascos, indumentaria, accesorios y autopartes. La exposici\u00f3n promueve el crecimiento de la industria y el contacto entre profesionales, empresarios, aficionados y el p\u00fablico en general interesado en el mundo de las dos ruedas. Adem\u00e1s, se anunciaron importantes lanzamientos y novedades, y se llevar\u00e1 a cabo el emocionante show \u00abSuper Enduro\u00bb. Descubre m\u00e1s sobre este evento destacado en la industria automotriz.<\/p>\n<p>&nbsp;<\/p>\n<p><img fetchpriority=\"high\" decoding=\"async\" class=\"aligncenter wp-image-2807 size-full\" src=\"https:\/\/autofans.com.ar\/wp-content\/uploads\/2023\/05\/foto-10-1.jpg\" alt=\"salon moto\" width=\"1000\" height=\"667\" srcset=\"https:\/\/autofans.com.ar\/wp-content\/uploads\/2023\/05\/foto-10-1.jpg 1000w, https:\/\/autofans.com.ar\/wp-content\/uploads\/2023\/05\/foto-10-1-300x200.jpg 300w, https:\/\/autofans.com.ar\/wp-content\/uploads\/2023\/05\/foto-10-1-768x512.jpg 768w\" sizes=\"(max-width: 1000px) 100vw, 1000px\" \/><\/p>\n<p>Durante la inauguraci\u00f3n, Fernando Gorbar\u00e1n, Presidente y CEO de Messe Frankfurt Argentina, expres\u00f3 su entusiasmo y el compromiso de seguir promoviendo el crecimiento de la industria de la motocicleta en todas sus etapas y fortalecer el contacto entre los actores clave del sector. Por su parte, Lino Stefanuto, Presidente de CAFAM, destac\u00f3 la magnitud de la exposici\u00f3n y su importancia para mostrar el potencial y la fuerza de la industria en todo el pa\u00eds.<\/p>\n<p>&nbsp;<\/p>\n<p><img decoding=\"async\" class=\"aligncenter wp-image-2818 size-full\" src=\"https:\/\/autofans.com.ar\/wp-content\/uploads\/2023\/05\/foto-13.jpg\" alt=\"salon moto\" width=\"1000\" height=\"667\" srcset=\"https:\/\/autofans.com.ar\/wp-content\/uploads\/2023\/05\/foto-13.jpg 1000w, https:\/\/autofans.com.ar\/wp-content\/uploads\/2023\/05\/foto-13-300x200.jpg 300w, https:\/\/autofans.com.ar\/wp-content\/uploads\/2023\/05\/foto-13-768x512.jpg 768w\" sizes=\"(max-width: 1000px) 100vw, 1000px\" \/><\/p>\n<p>La ceremonia de apertura cont\u00f3 con la presencia de destacadas figuras pol\u00edticas. Entre ellas el Ministro de Econom\u00eda de La Naci\u00f3n, Sergio Massa, el Secretario de Industria y Desarrollo Productivo de la Naci\u00f3n, Jos\u00e9 Ignacio de Mendiguren, y el Secretario de Comercio de La Naci\u00f3n, Matias Tombolini. Su participaci\u00f3n resalta la importancia y el respaldo que el evento recibe por parte del gobierno y la industria.<\/p>\n<p>&nbsp;<\/p>\n<p><img decoding=\"async\" class=\"aligncenter wp-image-2820 size-full\" src=\"https:\/\/autofans.com.ar\/wp-content\/uploads\/2023\/05\/foto-14.jpg\" alt=\"salon moto\" width=\"1000\" height=\"667\" srcset=\"https:\/\/autofans.com.ar\/wp-content\/uploads\/2023\/05\/foto-14.jpg 1000w, https:\/\/autofans.com.ar\/wp-content\/uploads\/2023\/05\/foto-14-300x200.jpg 300w, https:\/\/autofans.com.ar\/wp-content\/uploads\/2023\/05\/foto-14-768x512.jpg 768w\" sizes=\"(max-width: 1000px) 100vw, 1000px\" \/><\/p>\n<p>El Ministro Sergio Massa aprovech\u00f3 la ocasi\u00f3n para anunciar importantes medidas en favor del sector, enfocadas en la integraci\u00f3n nacional y la generaci\u00f3n de empleo. Estas acciones brindan certidumbre a la industria de las motocicletas, asegurando un horizonte favorable para los pr\u00f3ximos cinco a\u00f1os.<\/p>\n<p>&nbsp;<\/p>\n<div id='gallery-1' class='gallery galleryid-2806 gallery-columns-6 gallery-size-medium'><figure class='gallery-item'>\n\t\t\t<div class='gallery-icon landscape'>\n\t\t\t\t<a href='https:\/\/autofans.com.ar\/index.php\/2023\/05\/26\/salon-moto-2023-la-pasion-por-las-motos-en-buenos-aires\/foto-3-97\/'><img loading=\"lazy\" width=\"300\" height=\"200\" src=\"https:\/\/autofans.com.ar\/wp-content\/uploads\/2023\/05\/foto-3-36-300x200.jpg\" class=\"attachment-medium size-medium\" alt=\"salon moto\" srcset=\"https:\/\/autofans.com.ar\/wp-content\/uploads\/2023\/05\/foto-3-36-300x200.jpg 300w, https:\/\/autofans.com.ar\/wp-content\/uploads\/2023\/05\/foto-3-36-768x512.jpg 768w, https:\/\/autofans.com.ar\/wp-content\/uploads\/2023\/05\/foto-3-36.jpg 1000w\" sizes=\"auto, (max-width: 300px) 100vw, 300px\" loading=\"lazy\" decoding=\"async\" \/><\/a>\n\t\t\t<\/div><\/figure><figure class='gallery-item'>\n\t\t\t<div class='gallery-icon landscape'>\n\t\t\t\t<a href='https:\/\/autofans.com.ar\/index.php\/2023\/05\/26\/salon-moto-2023-la-pasion-por-las-motos-en-buenos-aires\/foto-4-76\/'><img loading=\"lazy\" width=\"300\" height=\"200\" src=\"https:\/\/autofans.com.ar\/wp-content\/uploads\/2023\/05\/foto-4-25-300x200.jpg\" class=\"attachment-medium size-medium\" alt=\"salon moto\" srcset=\"https:\/\/autofans.com.ar\/wp-content\/uploads\/2023\/05\/foto-4-25-300x200.jpg 300w, https:\/\/autofans.com.ar\/wp-content\/uploads\/2023\/05\/foto-4-25-768x512.jpg 768w, https:\/\/autofans.com.ar\/wp-content\/uploads\/2023\/05\/foto-4-25.jpg 1000w\" sizes=\"auto, (max-width: 300px) 100vw, 300px\" loading=\"lazy\" decoding=\"async\" \/><\/a>\n\t\t\t<\/div><\/figure><figure class='gallery-item'>\n\t\t\t<div class='gallery-icon landscape'>\n\t\t\t\t<a href='https:\/\/autofans.com.ar\/index.php\/2023\/05\/26\/salon-moto-2023-la-pasion-por-las-motos-en-buenos-aires\/foto-5-59\/'><img loading=\"lazy\" width=\"300\" height=\"200\" src=\"https:\/\/autofans.com.ar\/wp-content\/uploads\/2023\/05\/foto-5-20-300x200.jpg\" class=\"attachment-medium size-medium\" alt=\"salon moto\" srcset=\"https:\/\/autofans.com.ar\/wp-content\/uploads\/2023\/05\/foto-5-20-300x200.jpg 300w, https:\/\/autofans.com.ar\/wp-content\/uploads\/2023\/05\/foto-5-20-768x512.jpg 768w, https:\/\/autofans.com.ar\/wp-content\/uploads\/2023\/05\/foto-5-20.jpg 1000w\" sizes=\"auto, (max-width: 300px) 100vw, 300px\" loading=\"lazy\" decoding=\"async\" \/><\/a>\n\t\t\t<\/div><\/figure><figure class='gallery-item'>\n\t\t\t<div class='gallery-icon landscape'>\n\t\t\t\t<a href='https:\/\/autofans.com.ar\/index.php\/2023\/05\/26\/salon-moto-2023-la-pasion-por-las-motos-en-buenos-aires\/foto-6-35\/'><img loading=\"lazy\" width=\"300\" height=\"200\" src=\"https:\/\/autofans.com.ar\/wp-content\/uploads\/2023\/05\/foto-6-10-300x200.jpg\" class=\"attachment-medium size-medium\" alt=\"salon moto\" srcset=\"https:\/\/autofans.com.ar\/wp-content\/uploads\/2023\/05\/foto-6-10-300x200.jpg 300w, https:\/\/autofans.com.ar\/wp-content\/uploads\/2023\/05\/foto-6-10-768x512.jpg 768w, https:\/\/autofans.com.ar\/wp-content\/uploads\/2023\/05\/foto-6-10.jpg 1000w\" sizes=\"auto, (max-width: 300px) 100vw, 300px\" loading=\"lazy\" decoding=\"async\" \/><\/a>\n\t\t\t<\/div><\/figure><figure class='gallery-item'>\n\t\t\t<div class='gallery-icon landscape'>\n\t\t\t\t<a href='https:\/\/autofans.com.ar\/index.php\/2023\/05\/26\/salon-moto-2023-la-pasion-por-las-motos-en-buenos-aires\/foto-7-20\/'><img loading=\"lazy\" width=\"300\" height=\"200\" src=\"https:\/\/autofans.com.ar\/wp-content\/uploads\/2023\/05\/foto-7-4-300x200.jpg\" class=\"attachment-medium size-medium\" alt=\"salon moto\" srcset=\"https:\/\/autofans.com.ar\/wp-content\/uploads\/2023\/05\/foto-7-4-300x200.jpg 300w, https:\/\/autofans.com.ar\/wp-content\/uploads\/2023\/05\/foto-7-4-768x512.jpg 768w, https:\/\/autofans.com.ar\/wp-content\/uploads\/2023\/05\/foto-7-4.jpg 1000w\" sizes=\"auto, (max-width: 300px) 100vw, 300px\" loading=\"lazy\" decoding=\"async\" \/><\/a>\n\t\t\t<\/div><\/figure><figure class='gallery-item'>\n\t\t\t<div class='gallery-icon landscape'>\n\t\t\t\t<a href='https:\/\/autofans.com.ar\/index.php\/2023\/05\/26\/salon-moto-2023-la-pasion-por-las-motos-en-buenos-aires\/foto-12-2\/'><img loading=\"lazy\" width=\"300\" height=\"200\" src=\"https:\/\/autofans.com.ar\/wp-content\/uploads\/2023\/05\/foto-12-300x200.jpg\" class=\"attachment-medium size-medium\" alt=\"foto-12\" srcset=\"https:\/\/autofans.com.ar\/wp-content\/uploads\/2023\/05\/foto-12-300x200.jpg 300w, https:\/\/autofans.com.ar\/wp-content\/uploads\/2023\/05\/foto-12-768x512.jpg 768w, https:\/\/autofans.com.ar\/wp-content\/uploads\/2023\/05\/foto-12.jpg 1000w\" sizes=\"auto, (max-width: 300px) 100vw, 300px\" loading=\"lazy\" decoding=\"async\" \/><\/a>\n\t\t\t<\/div><\/figure>\n\t\t<\/div>\n\n<p>&nbsp;<\/p>\n<p>En el marco de <a href=\"https:\/\/www.laruralticket.com.ar\/event\/salon-moto?wt_mc=salon-internacional-motocicleta.ar.search.google.entradas-motos&amp;gclid=CjwKCAjwscGjBhAXEiwAswQqNCZvvuxL6EPzjI13yJ59TvMRstPjJGpf6b8DAAyXvjb128hWuqrqTxoCiloQAvD_BwE\" target=\"_blank\" rel=\"noopener\">Sal\u00f3n Moto 2023<\/a>, tambi\u00e9n se llev\u00f3 a cabo la Jornada de Prensa. Donde las marcas de motos presentaron lanzamientos y novedades que cautivar\u00e1n a los aficionados. Adem\u00e1s, ejecutivos nacionales e internacionales de empresas destacadas en el sector se hicieron presentes en este encuentro estrat\u00e9gico.<\/p>\n<p>Los aficionados podr\u00e1n disfrutar del show \u00abSuper Enduro\u00bb que se desarrollar\u00e1 en la pista central de La Rural durante los tres d\u00edas restantes del evento. Los pilotos desafiar\u00e1n obst\u00e1culos como troncos, estructuras de ca\u00f1o y maderas, vados de agua, zonas con neum\u00e1ticos, rocas y pasadizos. Brindando un espect\u00e1culo emocionante en un escenario imponente.<\/p>\n<p><a href=\"https:\/\/salon-moto.ar.messefrankfurt.com\/buenos-aires\/es.html\" target=\"_blank\" rel=\"noopener\">Sal\u00f3n Moto 2023<\/a> promete ser una experiencia imperdible para los entusiastas de las motos y aquellos interesados en descubrir las \u00faltimas tendencias de la industria. La exposici\u00f3n destaca por su diversidad de productos. La presencia de marcas reconocidas y el ambiente propicio para el intercambio de conocimientos y experiencias entre profesionales y aficionados.<\/p>\n<h3><\/h3>\n<p>&nbsp;<\/p>\n<p><i>Para enterarte de m\u00e1s novedades, no dejes de leer\u00a0<\/i><a href=\"https:\/\/autofans.thebrandsoup.com\/\"><i>nuestras notas<\/i><\/a><i>, de ver<\/i><b><i>\u00a0<\/i><\/b><a href=\"https:\/\/www.youtube.com\/channel\/UCgAC8UGHZYbT6P7PpmVnP7g\"><b><i>AUTOFANS TV<\/i><\/b><\/a><b><i>\u00a0<\/i><\/b><i>en nuestro\u00a0canal de Youtube. Adem\u00e1s seguinos en\u00a0<\/i><a href=\"https:\/\/www.instagram.com\/autofanstv\/\"><i>INSTAGRAM<\/i><\/a><i> y <\/i><a href=\"https:\/\/www.facebook.com\/autofansmas\/\"><i>FACEBOOK<\/i><\/a><i> para no perderte nada sobre las novedades del segmento automotor de Argentina y el mundo. <\/i><\/p>\n","protected":false},"excerpt":{"rendered":"<p>El Sal\u00f3n Moto 2023 abri\u00f3 sus puertas en Buenos Aires con la presencia de destacadas&#8230;<\/p>\n","protected":false},"author":2,"featured_media":2816,"comment_status":"closed","ping_status":"closed","sticky":false,"template":"","format":"standard","meta":{"footnotes":""},"categories":[6,4,16],"tags":[1348,104,1347,1125,1343,1345,1344,60,1349,93,1346],"class_list":["post-2806","post","type-post","status-publish","format-standard","has-post-thumbnail","hentry","category-bizstyle","category-motos","category-noticias","tag-accesorios-y-autopartes","tag-cafam","tag-cascos","tag-indumentaria","tag-industria-de-la-motocicleta","tag-lanzamientos-y-novedades","tag-messe-frankfurt","tag-motos","tag-salon-moto","tag-salon-moto-2023","tag-show-super-enduro"],"yoast_head":"<!-- This site is optimized with the Yoast SEO plugin v27.5 - https:\/\/yoast.com\/product\/yoast-seo-wordpress\/ -->\n<title>Sal\u00f3n Moto 2023, La pasi\u00f3n por las motos en Buenos Aires -<\/title>\n<meta name=\"description\" content=\"El Sal\u00f3n Moto 2023 abri\u00f3 sus puertas en Buenos Aires con la presencia de destacadas figuras pol\u00edticas, una cita imperdible del fin de semana.\" \/>\n<meta name=\"robots\" content=\"index, follow, max-snippet:-1, max-image-preview:large, max-video-preview:-1\" \/>\n<link rel=\"canonical\" href=\"https:\/\/autofans.com.ar\/index.php\/2023\/05\/26\/salon-moto-2023-la-pasion-por-las-motos-en-buenos-aires\/\" \/>\n<meta property=\"og:locale\" content=\"es_ES\" \/>\n<meta property=\"og:type\" content=\"article\" \/>\n<meta property=\"og:title\" content=\"Sal\u00f3n Moto 2023, La pasi\u00f3n por las motos en Buenos Aires -\" \/>\n<meta property=\"og:description\" content=\"El Sal\u00f3n Moto 2023 abri\u00f3 sus puertas en Buenos Aires con la presencia de destacadas figuras pol\u00edticas, una cita imperdible del fin de semana.\" \/>\n<meta property=\"og:url\" content=\"https:\/\/autofans.com.ar\/index.php\/2023\/05\/26\/salon-moto-2023-la-pasion-por-las-motos-en-buenos-aires\/\" \/>\n<meta property=\"article:published_time\" content=\"2023-05-26T15:47:34+00:00\" \/>\n<meta property=\"article:modified_time\" content=\"2023-05-29T23:53:07+00:00\" \/>\n<meta property=\"og:image\" content=\"https:\/\/autofans.com.ar\/wp-content\/uploads\/2023\/05\/foto-1-46.jpg\" \/>\n\t<meta property=\"og:image:width\" content=\"1000\" \/>\n\t<meta property=\"og:image:height\" content=\"667\" \/>\n\t<meta property=\"og:image:type\" content=\"image\/jpeg\" \/>\n<meta name=\"author\" content=\"Alejandro Gabriel Rosito\" \/>\n<meta name=\"twitter:card\" content=\"summary_large_image\" \/>\n<meta name=\"twitter:label1\" content=\"Escrito por\" \/>\n\t<meta name=\"twitter:data1\" content=\"Alejandro Gabriel Rosito\" \/>\n\t<meta name=\"twitter:label2\" content=\"Tiempo de lectura\" \/>\n\t<meta name=\"twitter:data2\" content=\"3 minutos\" \/>\n<script type=\"application\/ld+json\" class=\"yoast-schema-graph\">{\"@context\":\"https:\\\/\\\/schema.org\",\"@graph\":[{\"@type\":\"Article\",\"@id\":\"https:\\\/\\\/autofans.com.ar\\\/index.php\\\/2023\\\/05\\\/26\\\/salon-moto-2023-la-pasion-por-las-motos-en-buenos-aires\\\/#article\",\"isPartOf\":{\"@id\":\"https:\\\/\\\/autofans.com.ar\\\/index.php\\\/2023\\\/05\\\/26\\\/salon-moto-2023-la-pasion-por-las-motos-en-buenos-aires\\\/\"},\"author\":{\"name\":\"Alejandro Gabriel Rosito\",\"@id\":\"https:\\\/\\\/autofans.com.ar\\\/#\\\/schema\\\/person\\\/4a8dda0b6df83ac3d6723e921274c2aa\"},\"headline\":\"Sal\u00f3n Moto 2023, La pasi\u00f3n por las motos en Buenos Aires\",\"datePublished\":\"2023-05-26T15:47:34+00:00\",\"dateModified\":\"2023-05-29T23:53:07+00:00\",\"mainEntityOfPage\":{\"@id\":\"https:\\\/\\\/autofans.com.ar\\\/index.php\\\/2023\\\/05\\\/26\\\/salon-moto-2023-la-pasion-por-las-motos-en-buenos-aires\\\/\"},\"wordCount\":553,\"image\":{\"@id\":\"https:\\\/\\\/autofans.com.ar\\\/index.php\\\/2023\\\/05\\\/26\\\/salon-moto-2023-la-pasion-por-las-motos-en-buenos-aires\\\/#primaryimage\"},\"thumbnailUrl\":\"https:\\\/\\\/autofans.com.ar\\\/wp-content\\\/uploads\\\/2023\\\/05\\\/foto-1-46.jpg\",\"keywords\":[\"accesorios y autopartes\",\"CAFAM\",\"cascos\",\"indumentaria\",\"industria de la motocicleta\",\"lanzamientos y novedades\",\"Messe Frankfurt\",\"Motos\",\"Sal\u00f3n Moto\",\"Salon Moto 2023\",\"show Super Enduro\"],\"articleSection\":[\"BIZSTYLE\",\"MOTOS\",\"NOTICIAS\"],\"inLanguage\":\"es\"},{\"@type\":\"WebPage\",\"@id\":\"https:\\\/\\\/autofans.com.ar\\\/index.php\\\/2023\\\/05\\\/26\\\/salon-moto-2023-la-pasion-por-las-motos-en-buenos-aires\\\/\",\"url\":\"https:\\\/\\\/autofans.com.ar\\\/index.php\\\/2023\\\/05\\\/26\\\/salon-moto-2023-la-pasion-por-las-motos-en-buenos-aires\\\/\",\"name\":\"Sal\u00f3n Moto 2023, La pasi\u00f3n por las motos en Buenos Aires -\",\"isPartOf\":{\"@id\":\"https:\\\/\\\/autofans.com.ar\\\/#website\"},\"primaryImageOfPage\":{\"@id\":\"https:\\\/\\\/autofans.com.ar\\\/index.php\\\/2023\\\/05\\\/26\\\/salon-moto-2023-la-pasion-por-las-motos-en-buenos-aires\\\/#primaryimage\"},\"image\":{\"@id\":\"https:\\\/\\\/autofans.com.ar\\\/index.php\\\/2023\\\/05\\\/26\\\/salon-moto-2023-la-pasion-por-las-motos-en-buenos-aires\\\/#primaryimage\"},\"thumbnailUrl\":\"https:\\\/\\\/autofans.com.ar\\\/wp-content\\\/uploads\\\/2023\\\/05\\\/foto-1-46.jpg\",\"datePublished\":\"2023-05-26T15:47:34+00:00\",\"dateModified\":\"2023-05-29T23:53:07+00:00\",\"author\":{\"@id\":\"https:\\\/\\\/autofans.com.ar\\\/#\\\/schema\\\/person\\\/4a8dda0b6df83ac3d6723e921274c2aa\"},\"description\":\"El Sal\u00f3n Moto 2023 abri\u00f3 sus puertas en Buenos Aires con la presencia de destacadas figuras pol\u00edticas, una cita imperdible del fin de semana.\",\"breadcrumb\":{\"@id\":\"https:\\\/\\\/autofans.com.ar\\\/index.php\\\/2023\\\/05\\\/26\\\/salon-moto-2023-la-pasion-por-las-motos-en-buenos-aires\\\/#breadcrumb\"},\"inLanguage\":\"es\",\"potentialAction\":[{\"@type\":\"ReadAction\",\"target\":[\"https:\\\/\\\/autofans.com.ar\\\/index.php\\\/2023\\\/05\\\/26\\\/salon-moto-2023-la-pasion-por-las-motos-en-buenos-aires\\\/\"]}]},{\"@type\":\"ImageObject\",\"inLanguage\":\"es\",\"@id\":\"https:\\\/\\\/autofans.com.ar\\\/index.php\\\/2023\\\/05\\\/26\\\/salon-moto-2023-la-pasion-por-las-motos-en-buenos-aires\\\/#primaryimage\",\"url\":\"https:\\\/\\\/autofans.com.ar\\\/wp-content\\\/uploads\\\/2023\\\/05\\\/foto-1-46.jpg\",\"contentUrl\":\"https:\\\/\\\/autofans.com.ar\\\/wp-content\\\/uploads\\\/2023\\\/05\\\/foto-1-46.jpg\",\"width\":1000,\"height\":667,\"caption\":\"salon moto\"},{\"@type\":\"BreadcrumbList\",\"@id\":\"https:\\\/\\\/autofans.com.ar\\\/index.php\\\/2023\\\/05\\\/26\\\/salon-moto-2023-la-pasion-por-las-motos-en-buenos-aires\\\/#breadcrumb\",\"itemListElement\":[{\"@type\":\"ListItem\",\"position\":1,\"name\":\"Inicio\",\"item\":\"https:\\\/\\\/autofans.com.ar\\\/\"},{\"@type\":\"ListItem\",\"position\":2,\"name\":\"Sal\u00f3n Moto 2023, La pasi\u00f3n por las motos en Buenos Aires\"}]},{\"@type\":\"WebSite\",\"@id\":\"https:\\\/\\\/autofans.com.ar\\\/#website\",\"url\":\"https:\\\/\\\/autofans.com.ar\\\/\",\"name\":\"\",\"description\":\"El multimedio referente de la industria automotriz\",\"potentialAction\":[{\"@type\":\"SearchAction\",\"target\":{\"@type\":\"EntryPoint\",\"urlTemplate\":\"https:\\\/\\\/autofans.com.ar\\\/?s={search_term_string}\"},\"query-input\":{\"@type\":\"PropertyValueSpecification\",\"valueRequired\":true,\"valueName\":\"search_term_string\"}}],\"inLanguage\":\"es\"},{\"@type\":\"Person\",\"@id\":\"https:\\\/\\\/autofans.com.ar\\\/#\\\/schema\\\/person\\\/4a8dda0b6df83ac3d6723e921274c2aa\",\"name\":\"Alejandro Gabriel Rosito\",\"image\":{\"@type\":\"ImageObject\",\"inLanguage\":\"es\",\"@id\":\"https:\\\/\\\/secure.gravatar.com\\\/avatar\\\/16c5dda1489adfc62618084dcbb91cffd879c374b13fe5dd8e44ed6733852c88?s=96&d=mm&r=g\",\"url\":\"https:\\\/\\\/secure.gravatar.com\\\/avatar\\\/16c5dda1489adfc62618084dcbb91cffd879c374b13fe5dd8e44ed6733852c88?s=96&d=mm&r=g\",\"contentUrl\":\"https:\\\/\\\/secure.gravatar.com\\\/avatar\\\/16c5dda1489adfc62618084dcbb91cffd879c374b13fe5dd8e44ed6733852c88?s=96&d=mm&r=g\",\"caption\":\"Alejandro Gabriel Rosito\"},\"url\":\"https:\\\/\\\/autofans.com.ar\\\/index.php\\\/author\\\/gabrielr\\\/\"}]}<\/script>\n<!-- \/ Yoast SEO plugin. -->","yoast_head_json":{"title":"Sal\u00f3n Moto 2023, La pasi\u00f3n por las motos en Buenos Aires -","description":"El Sal\u00f3n Moto 2023 abri\u00f3 sus puertas en Buenos Aires con la presencia de destacadas figuras pol\u00edticas, una cita imperdible del fin de semana.","robots":{"index":"index","follow":"follow","max-snippet":"max-snippet:-1","max-image-preview":"max-image-preview:large","max-video-preview":"max-video-preview:-1"},"canonical":"https:\/\/autofans.com.ar\/index.php\/2023\/05\/26\/salon-moto-2023-la-pasion-por-las-motos-en-buenos-aires\/","og_locale":"es_ES","og_type":"article","og_title":"Sal\u00f3n Moto 2023, La pasi\u00f3n por las motos en Buenos Aires -","og_description":"El Sal\u00f3n Moto 2023 abri\u00f3 sus puertas en Buenos Aires con la presencia de destacadas figuras pol\u00edticas, una cita imperdible del fin de semana.","og_url":"https:\/\/autofans.com.ar\/index.php\/2023\/05\/26\/salon-moto-2023-la-pasion-por-las-motos-en-buenos-aires\/","article_published_time":"2023-05-26T15:47:34+00:00","article_modified_time":"2023-05-29T23:53:07+00:00","og_image":[{"width":1000,"height":667,"url":"https:\/\/autofans.com.ar\/wp-content\/uploads\/2023\/05\/foto-1-46.jpg","type":"image\/jpeg"}],"author":"Alejandro Gabriel Rosito","twitter_card":"summary_large_image","twitter_misc":{"Escrito por":"Alejandro Gabriel Rosito","Tiempo de lectura":"3 minutos"},"schema":{"@context":"https:\/\/schema.org","@graph":[{"@type":"Article","@id":"https:\/\/autofans.com.ar\/index.php\/2023\/05\/26\/salon-moto-2023-la-pasion-por-las-motos-en-buenos-aires\/#article","isPartOf":{"@id":"https:\/\/autofans.com.ar\/index.php\/2023\/05\/26\/salon-moto-2023-la-pasion-por-las-motos-en-buenos-aires\/"},"author":{"name":"Alejandro Gabriel Rosito","@id":"https:\/\/autofans.com.ar\/#\/schema\/person\/4a8dda0b6df83ac3d6723e921274c2aa"},"headline":"Sal\u00f3n Moto 2023, La pasi\u00f3n por las motos en Buenos Aires","datePublished":"2023-05-26T15:47:34+00:00","dateModified":"2023-05-29T23:53:07+00:00","mainEntityOfPage":{"@id":"https:\/\/autofans.com.ar\/index.php\/2023\/05\/26\/salon-moto-2023-la-pasion-por-las-motos-en-buenos-aires\/"},"wordCount":553,"image":{"@id":"https:\/\/autofans.com.ar\/index.php\/2023\/05\/26\/salon-moto-2023-la-pasion-por-las-motos-en-buenos-aires\/#primaryimage"},"thumbnailUrl":"https:\/\/autofans.com.ar\/wp-content\/uploads\/2023\/05\/foto-1-46.jpg","keywords":["accesorios y autopartes","CAFAM","cascos","indumentaria","industria de la motocicleta","lanzamientos y novedades","Messe Frankfurt","Motos","Sal\u00f3n Moto","Salon Moto 2023","show Super Enduro"],"articleSection":["BIZSTYLE","MOTOS","NOTICIAS"],"inLanguage":"es"},{"@type":"WebPage","@id":"https:\/\/autofans.com.ar\/index.php\/2023\/05\/26\/salon-moto-2023-la-pasion-por-las-motos-en-buenos-aires\/","url":"https:\/\/autofans.com.ar\/index.php\/2023\/05\/26\/salon-moto-2023-la-pasion-por-las-motos-en-buenos-aires\/","name":"Sal\u00f3n Moto 2023, La pasi\u00f3n por las motos en Buenos Aires -","isPartOf":{"@id":"https:\/\/autofans.com.ar\/#website"},"primaryImageOfPage":{"@id":"https:\/\/autofans.com.ar\/index.php\/2023\/05\/26\/salon-moto-2023-la-pasion-por-las-motos-en-buenos-aires\/#primaryimage"},"image":{"@id":"https:\/\/autofans.com.ar\/index.php\/2023\/05\/26\/salon-moto-2023-la-pasion-por-las-motos-en-buenos-aires\/#primaryimage"},"thumbnailUrl":"https:\/\/autofans.com.ar\/wp-content\/uploads\/2023\/05\/foto-1-46.jpg","datePublished":"2023-05-26T15:47:34+00:00","dateModified":"2023-05-29T23:53:07+00:00","author":{"@id":"https:\/\/autofans.com.ar\/#\/schema\/person\/4a8dda0b6df83ac3d6723e921274c2aa"},"description":"El Sal\u00f3n Moto 2023 abri\u00f3 sus puertas en Buenos Aires con la presencia de destacadas figuras pol\u00edticas, una cita imperdible del fin de semana.","breadcrumb":{"@id":"https:\/\/autofans.com.ar\/index.php\/2023\/05\/26\/salon-moto-2023-la-pasion-por-las-motos-en-buenos-aires\/#breadcrumb"},"inLanguage":"es","potentialAction":[{"@type":"ReadAction","target":["https:\/\/autofans.com.ar\/index.php\/2023\/05\/26\/salon-moto-2023-la-pasion-por-las-motos-en-buenos-aires\/"]}]},{"@type":"ImageObject","inLanguage":"es","@id":"https:\/\/autofans.com.ar\/index.php\/2023\/05\/26\/salon-moto-2023-la-pasion-por-las-motos-en-buenos-aires\/#primaryimage","url":"https:\/\/autofans.com.ar\/wp-content\/uploads\/2023\/05\/foto-1-46.jpg","contentUrl":"https:\/\/autofans.com.ar\/wp-content\/uploads\/2023\/05\/foto-1-46.jpg","width":1000,"height":667,"caption":"salon moto"},{"@type":"BreadcrumbList","@id":"https:\/\/autofans.com.ar\/index.php\/2023\/05\/26\/salon-moto-2023-la-pasion-por-las-motos-en-buenos-aires\/#breadcrumb","itemListElement":[{"@type":"ListItem","position":1,"name":"Inicio","item":"https:\/\/autofans.com.ar\/"},{"@type":"ListItem","position":2,"name":"Sal\u00f3n Moto 2023, La pasi\u00f3n por las motos en Buenos Aires"}]},{"@type":"WebSite","@id":"https:\/\/autofans.com.ar\/#website","url":"https:\/\/autofans.com.ar\/","name":"","description":"El multimedio referente de la industria automotriz","potentialAction":[{"@type":"SearchAction","target":{"@type":"EntryPoint","urlTemplate":"https:\/\/autofans.com.ar\/?s={search_term_string}"},"query-input":{"@type":"PropertyValueSpecification","valueRequired":true,"valueName":"search_term_string"}}],"inLanguage":"es"},{"@type":"Person","@id":"https:\/\/autofans.com.ar\/#\/schema\/person\/4a8dda0b6df83ac3d6723e921274c2aa","name":"Alejandro Gabriel Rosito","image":{"@type":"ImageObject","inLanguage":"es","@id":"https:\/\/secure.gravatar.com\/avatar\/16c5dda1489adfc62618084dcbb91cffd879c374b13fe5dd8e44ed6733852c88?s=96&d=mm&r=g","url":"https:\/\/secure.gravatar.com\/avatar\/16c5dda1489adfc62618084dcbb91cffd879c374b13fe5dd8e44ed6733852c88?s=96&d=mm&r=g","contentUrl":"https:\/\/secure.gravatar.com\/avatar\/16c5dda1489adfc62618084dcbb91cffd879c374b13fe5dd8e44ed6733852c88?s=96&d=mm&r=g","caption":"Alejandro Gabriel Rosito"},"url":"https:\/\/autofans.com.ar\/index.php\/author\/gabrielr\/"}]}},"featured_image_urls":{"full":["https:\/\/autofans.com.ar\/wp-content\/uploads\/2023\/05\/foto-1-46.jpg",1000,667,false],"thumbnail":["https:\/\/autofans.com.ar\/wp-content\/uploads\/2023\/05\/foto-1-46-150x150.jpg",150,150,true],"medium":["https:\/\/autofans.com.ar\/wp-content\/uploads\/2023\/05\/foto-1-46-300x200.jpg",300,200,true],"medium_large":["https:\/\/autofans.com.ar\/wp-content\/uploads\/2023\/05\/foto-1-46-768x512.jpg",640,427,true],"large":["https:\/\/autofans.com.ar\/wp-content\/uploads\/2023\/05\/foto-1-46.jpg",640,427,false],"1536x1536":["https:\/\/autofans.com.ar\/wp-content\/uploads\/2023\/05\/foto-1-46.jpg",1000,667,false],"2048x2048":["https:\/\/autofans.com.ar\/wp-content\/uploads\/2023\/05\/foto-1-46.jpg",1000,667,false],"covernews-featured":["https:\/\/autofans.com.ar\/wp-content\/uploads\/2023\/05\/foto-1-46.jpg",1000,667,false],"covernews-medium":["https:\/\/autofans.com.ar\/wp-content\/uploads\/2023\/05\/foto-1-46-540x340.jpg",540,340,true]},"author_info":{"display_name":"Alejandro Gabriel Rosito","author_link":"https:\/\/autofans.com.ar\/index.php\/author\/gabrielr\/"},"category_info":"<a href=\"https:\/\/autofans.com.ar\/index.php\/category\/noticias\/bizstyle\/\" rel=\"category tag\">BIZSTYLE<\/a> <a href=\"https:\/\/autofans.com.ar\/index.php\/category\/noticias\/motos\/\" rel=\"category tag\">MOTOS<\/a> <a href=\"https:\/\/autofans.com.ar\/index.php\/category\/noticias\/\" rel=\"category tag\">NOTICIAS<\/a>","tag_info":"NOTICIAS","comment_count":0,"_links":{"self":[{"href":"https:\/\/autofans.com.ar\/index.php\/wp-json\/wp\/v2\/posts\/2806","targetHints":{"allow":["GET"]}}],"collection":[{"href":"https:\/\/autofans.com.ar\/index.php\/wp-json\/wp\/v2\/posts"}],"about":[{"href":"https:\/\/autofans.com.ar\/index.php\/wp-json\/wp\/v2\/types\/post"}],"author":[{"embeddable":true,"href":"https:\/\/autofans.com.ar\/index.php\/wp-json\/wp\/v2\/users\/2"}],"replies":[{"embeddable":true,"href":"https:\/\/autofans.com.ar\/index.php\/wp-json\/wp\/v2\/comments?post=2806"}],"version-history":[{"count":8,"href":"https:\/\/autofans.com.ar\/index.php\/wp-json\/wp\/v2\/posts\/2806\/revisions"}],"predecessor-version":[{"id":2932,"href":"https:\/\/autofans.com.ar\/index.php\/wp-json\/wp\/v2\/posts\/2806\/revisions\/2932"}],"wp:featuredmedia":[{"embeddable":true,"href":"https:\/\/autofans.com.ar\/index.php\/wp-json\/wp\/v2\/media\/2816"}],"wp:attachment":[{"href":"https:\/\/autofans.com.ar\/index.php\/wp-json\/wp\/v2\/media?parent=2806"}],"wp:term":[{"taxonomy":"category","embeddable":true,"href":"https:\/\/autofans.com.ar\/index.php\/wp-json\/wp\/v2\/categories?post=2806"},{"taxonomy":"post_tag","embeddable":true,"href":"https:\/\/autofans.com.ar\/index.php\/wp-json\/wp\/v2\/tags?post=2806"}],"curies":[{"name":"wp","href":"https:\/\/api.w.org\/{rel}","templated":true}]}}