{"id":2828,"date":"2023-05-29T17:52:59","date_gmt":"2023-05-29T20:52:59","guid":{"rendered":"https:\/\/autofans.com.ar\/?p=2828"},"modified":"2023-05-29T17:57:42","modified_gmt":"2023-05-29T20:57:42","slug":"mercedes-benz-camiones-y-buses-premia-la-excelencia-en-marketing-automotor","status":"publish","type":"post","link":"https:\/\/autofans.com.ar\/index.php\/2023\/05\/29\/mercedes-benz-camiones-y-buses-premia-la-excelencia-en-marketing-automotor\/","title":{"rendered":"Mercedes-Benz Camiones y Buses premia la excelencia en marketing automotor"},"content":{"rendered":"<p>Mercedes-Benz Camiones y Buses ha reconocido a su destacada Red de Concesionarios a trav\u00e9s de la primera edici\u00f3n de los \u00abPremios Marketing\u00bb. Esta iniciativa busca premiar a los socios comerciales que hayan desarrollado las mejores estrategias de marketing durante el a\u00f1o 2022, en l\u00ednea con la visi\u00f3n de calidad y profesionalismo de la marca alemana.<\/p>\n<p>&nbsp;<\/p>\n<p><img fetchpriority=\"high\" decoding=\"async\" class=\"aligncenter wp-image-2835 size-full\" src=\"https:\/\/autofans.com.ar\/wp-content\/uploads\/2023\/05\/foto-2-46.jpg\" alt=\"premios mercedes\" width=\"1000\" height=\"667\" srcset=\"https:\/\/autofans.com.ar\/wp-content\/uploads\/2023\/05\/foto-2-46.jpg 1000w, https:\/\/autofans.com.ar\/wp-content\/uploads\/2023\/05\/foto-2-46-300x200.jpg 300w, https:\/\/autofans.com.ar\/wp-content\/uploads\/2023\/05\/foto-2-46-768x512.jpg 768w\" sizes=\"(max-width: 1000px) 100vw, 1000px\" \/><\/p>\n<p>Con casi un a\u00f1o y medio de operaciones como compa\u00f1\u00eda independiente, Mercedes-Benz Camiones y Buses ha consolidado una extensa Red Comercial en Argentina, compuesta por 45 puntos de contacto distribuidos en 18 provincias. Esta red es fundamental para fortalecer la visi\u00f3n de negocio 360\u00b0 de la marca, que se enfoca en satisfacer las necesidades y expectativas de sus clientes en el segmento de camiones y buses.<\/p>\n<blockquote>\n<p style=\"text-align: center;\">\u00abLos &#8216;Premios Marketing&#8217; representaron una experiencia maravillosa para nosotros. Acompa\u00f1ar a nuestros socios comerciales en cada paso que dan y reconocer sus acciones para estar cerca de los clientes es de suma importancia. Esta premiaci\u00f3n destaca el esfuerzo y la constancia de nuestros socios\u00bb, afirm\u00f3 Roberto Faist, Gerente de Producto y Marketing de Mercedes-Benz Camiones.<\/p>\n<\/blockquote>\n<p>&nbsp;<\/p>\n<div id='gallery-1' class='gallery galleryid-2828 gallery-columns-3 gallery-size-full'><figure class='gallery-item'>\n\t\t\t<div class='gallery-icon landscape'>\n\t\t\t\t<a href='https:\/\/autofans.com.ar\/index.php\/2023\/05\/29\/mercedes-benz-camiones-y-buses-premia-la-excelencia-en-marketing-automotor\/foto-4-77\/'><img loading=\"lazy\" width=\"1000\" height=\"667\" src=\"https:\/\/autofans.com.ar\/wp-content\/uploads\/2023\/05\/foto-4-26.jpg\" class=\"attachment-full size-full\" alt=\"premios mercedes\" aria-describedby=\"gallery-1-2833\" srcset=\"https:\/\/autofans.com.ar\/wp-content\/uploads\/2023\/05\/foto-4-26.jpg 1000w, https:\/\/autofans.com.ar\/wp-content\/uploads\/2023\/05\/foto-4-26-300x200.jpg 300w, https:\/\/autofans.com.ar\/wp-content\/uploads\/2023\/05\/foto-4-26-768x512.jpg 768w\" sizes=\"auto, (max-width: 1000px) 100vw, 1000px\" loading=\"lazy\" decoding=\"async\" \/><\/a>\n\t\t\t<\/div>\n\t\t\t\t<figcaption class='wp-caption-text gallery-caption' id='gallery-1-2833'>\n\t\t\t\tRicardo Bieler\n\t\t\t\t<\/figcaption><\/figure><figure class='gallery-item'>\n\t\t\t<div class='gallery-icon landscape'>\n\t\t\t\t<a href='https:\/\/autofans.com.ar\/index.php\/2023\/05\/29\/mercedes-benz-camiones-y-buses-premia-la-excelencia-en-marketing-automotor\/foto-5-60\/'><img loading=\"lazy\" width=\"1000\" height=\"667\" src=\"https:\/\/autofans.com.ar\/wp-content\/uploads\/2023\/05\/foto-5-21.jpg\" class=\"attachment-full size-full\" alt=\"premios mercedes\" aria-describedby=\"gallery-1-2832\" srcset=\"https:\/\/autofans.com.ar\/wp-content\/uploads\/2023\/05\/foto-5-21.jpg 1000w, https:\/\/autofans.com.ar\/wp-content\/uploads\/2023\/05\/foto-5-21-300x200.jpg 300w, https:\/\/autofans.com.ar\/wp-content\/uploads\/2023\/05\/foto-5-21-768x512.jpg 768w\" sizes=\"auto, (max-width: 1000px) 100vw, 1000px\" loading=\"lazy\" decoding=\"async\" \/><\/a>\n\t\t\t<\/div>\n\t\t\t\t<figcaption class='wp-caption-text gallery-caption' id='gallery-1-2832'>\n\t\t\t\tTauro Automotores\n\t\t\t\t<\/figcaption><\/figure><figure class='gallery-item'>\n\t\t\t<div class='gallery-icon landscape'>\n\t\t\t\t<a href='https:\/\/autofans.com.ar\/index.php\/2023\/05\/29\/mercedes-benz-camiones-y-buses-premia-la-excelencia-en-marketing-automotor\/foto-3-98\/'><img loading=\"lazy\" width=\"1000\" height=\"667\" src=\"https:\/\/autofans.com.ar\/wp-content\/uploads\/2023\/05\/foto-3-37.jpg\" class=\"attachment-full size-full\" alt=\"premios mercedes\" aria-describedby=\"gallery-1-2834\" srcset=\"https:\/\/autofans.com.ar\/wp-content\/uploads\/2023\/05\/foto-3-37.jpg 1000w, https:\/\/autofans.com.ar\/wp-content\/uploads\/2023\/05\/foto-3-37-300x200.jpg 300w, https:\/\/autofans.com.ar\/wp-content\/uploads\/2023\/05\/foto-3-37-768x512.jpg 768w\" sizes=\"auto, (max-width: 1000px) 100vw, 1000px\" loading=\"lazy\" decoding=\"async\" \/><\/a>\n\t\t\t<\/div>\n\t\t\t\t<figcaption class='wp-caption-text gallery-caption' id='gallery-1-2834'>\n\t\t\t\tAutomotores Haedo\n\t\t\t\t<\/figcaption><\/figure>\n\t\t<\/div>\n\n<p>El concurso se dividi\u00f3 en tres categor\u00edas: \u00abEvento\u00bb, \u00abCorreo Directo\u00bb y \u00abActivaci\u00f3n\u00bb. La categor\u00eda \u00abEvento\u00bb reconoci\u00f3 los proyectos que mejor comunicaron y fidelizaron a los clientes de Mercedes-Benz Camiones y Buses. El premio en esta categor\u00eda fue otorgado a Ricardo Bieler, concesionario ubicado en Santa Fe, por su evento \u00abCena en Altura\u00bb. Tauro Automotores, concesionario de Carlos Casares, se llev\u00f3 el premio en la categor\u00eda \u00abCorreo Directo\u00bb por su acci\u00f3n de fidelizaci\u00f3n en el \u00abD\u00eda del Padre\u00bb. Por \u00faltimo, Automotores Haedo gan\u00f3 en la categor\u00eda \u00abActivaci\u00f3n\u00bb con su \u00abCampa\u00f1a Integral 60 a\u00f1os\u00bb.<\/p>\n<p>&nbsp;<\/p>\n<p><img decoding=\"async\" class=\"aligncenter wp-image-2831 size-full\" src=\"https:\/\/autofans.com.ar\/wp-content\/uploads\/2023\/05\/foto-6-11.jpg\" alt=\"premios mercedes\" width=\"1000\" height=\"667\" srcset=\"https:\/\/autofans.com.ar\/wp-content\/uploads\/2023\/05\/foto-6-11.jpg 1000w, https:\/\/autofans.com.ar\/wp-content\/uploads\/2023\/05\/foto-6-11-300x200.jpg 300w, https:\/\/autofans.com.ar\/wp-content\/uploads\/2023\/05\/foto-6-11-768x512.jpg 768w\" sizes=\"(max-width: 1000px) 100vw, 1000px\" \/><\/p>\n<p>Adem\u00e1s de los ganadores, se otorg\u00f3 una menci\u00f3n especial por \u00abCreatividad\u00bb a \u00abSimone\u00bb, socio comercial con sedes en La Plata y Mar del Plata, por su evento de fidelizaci\u00f3n \u00abExperience Day\u00bb. Todos los participantes recibieron estatuillas como reconocimiento por su destacada participaci\u00f3n y las iniciativas desarrolladas.<\/p>\n<p><a href=\"https:\/\/www.mercedes-benz-trucks.com\/es_AR\/home.html\" target=\"_blank\" rel=\"noopener\">Mercedes-Benz Camiones y Buses<\/a> valora profundamente la dedicaci\u00f3n y el compromiso de su Red Comercial. Esta desempe\u00f1a un papel vital en la cadena de valor para brindar un servicio integral. Estos premios inauguran un ciclo de reconocimiento al brillante trabajo realizado por sus socios comerciales. Estos mantienen y superan los altos est\u00e1ndares de calidad que caracterizan a la marca.<\/p>\n<p>&nbsp;<\/p>\n<p><i>Para enterarte de m\u00e1s novedades, no dejes de leer\u00a0<\/i><a href=\"https:\/\/autofans.thebrandsoup.com\/\"><i>nuestras notas<\/i><\/a><i>, de ver<\/i><b><i>\u00a0<\/i><\/b><a href=\"https:\/\/www.youtube.com\/channel\/UCgAC8UGHZYbT6P7PpmVnP7g\"><b><i>AUTOFANS TV<\/i><\/b><\/a><b><i>\u00a0<\/i><\/b><i>en nuestro\u00a0canal de Youtube. Adem\u00e1s seguinos en\u00a0<\/i><a href=\"https:\/\/www.instagram.com\/autofanstv\/\"><i>INSTAGRAM<\/i><\/a><i> y <\/i><a href=\"https:\/\/www.facebook.com\/autofansmas\/\"><i>FACEBOOK<\/i><\/a><i> para no perderte nada sobre las novedades del segmento automotor de Argentina y el mundo. <\/i><\/p>\n","protected":false},"excerpt":{"rendered":"<p>Mercedes-Benz Camiones y Buses ha reconocido a su destacada Red de Concesionarios a trav\u00e9s de&#8230;<\/p>\n","protected":false},"author":2,"featured_media":2836,"comment_status":"closed","ping_status":"closed","sticky":false,"template":"","format":"standard","meta":{"footnotes":""},"categories":[6,16],"tags":[1352,364,1350,1353,1351],"class_list":["post-2828","post","type-post","status-publish","format-standard","has-post-thumbnail","hentry","category-bizstyle","category-noticias","tag-estrategias-de-marketing","tag-mercedes-benz","tag-premios-marketing","tag-red-comercial","tag-red-de-concesionarios"],"yoast_head":"<!-- This site is optimized with the Yoast SEO plugin v27.5 - https:\/\/yoast.com\/product\/yoast-seo-wordpress\/ -->\n<title>Mercedes-Benz Camiones y Buses premia la excelencia en marketing automotor -<\/title>\n<meta name=\"description\" content=\"Mercedes-Benz Camiones y Buses ha reconocido a su destacada Red de Concesionarios a trav\u00e9s de la primera edici\u00f3n de los &quot;Premios Marketing&quot;.\" \/>\n<meta name=\"robots\" content=\"index, follow, max-snippet:-1, max-image-preview:large, max-video-preview:-1\" \/>\n<link rel=\"canonical\" href=\"https:\/\/autofans.com.ar\/index.php\/2023\/05\/29\/mercedes-benz-camiones-y-buses-premia-la-excelencia-en-marketing-automotor\/\" \/>\n<meta property=\"og:locale\" content=\"es_ES\" \/>\n<meta property=\"og:type\" content=\"article\" \/>\n<meta property=\"og:title\" content=\"Mercedes-Benz Camiones y Buses premia la excelencia en marketing automotor -\" \/>\n<meta property=\"og:description\" content=\"Mercedes-Benz Camiones y Buses ha reconocido a su destacada Red de Concesionarios a trav\u00e9s de la primera edici\u00f3n de los &quot;Premios Marketing&quot;.\" \/>\n<meta property=\"og:url\" content=\"https:\/\/autofans.com.ar\/index.php\/2023\/05\/29\/mercedes-benz-camiones-y-buses-premia-la-excelencia-en-marketing-automotor\/\" \/>\n<meta property=\"article:published_time\" content=\"2023-05-29T20:52:59+00:00\" \/>\n<meta property=\"article:modified_time\" content=\"2023-05-29T20:57:42+00:00\" \/>\n<meta property=\"og:image\" content=\"https:\/\/autofans.com.ar\/wp-content\/uploads\/2023\/05\/foto-1-47.jpg\" \/>\n\t<meta property=\"og:image:width\" content=\"1000\" \/>\n\t<meta property=\"og:image:height\" content=\"667\" \/>\n\t<meta property=\"og:image:type\" content=\"image\/jpeg\" \/>\n<meta name=\"author\" content=\"Alejandro Gabriel Rosito\" \/>\n<meta name=\"twitter:card\" content=\"summary_large_image\" \/>\n<meta name=\"twitter:label1\" content=\"Escrito por\" \/>\n\t<meta name=\"twitter:data1\" content=\"Alejandro Gabriel Rosito\" \/>\n\t<meta name=\"twitter:label2\" content=\"Tiempo de lectura\" \/>\n\t<meta name=\"twitter:data2\" content=\"3 minutos\" \/>\n<script type=\"application\/ld+json\" class=\"yoast-schema-graph\">{\"@context\":\"https:\\\/\\\/schema.org\",\"@graph\":[{\"@type\":\"Article\",\"@id\":\"https:\\\/\\\/autofans.com.ar\\\/index.php\\\/2023\\\/05\\\/29\\\/mercedes-benz-camiones-y-buses-premia-la-excelencia-en-marketing-automotor\\\/#article\",\"isPartOf\":{\"@id\":\"https:\\\/\\\/autofans.com.ar\\\/index.php\\\/2023\\\/05\\\/29\\\/mercedes-benz-camiones-y-buses-premia-la-excelencia-en-marketing-automotor\\\/\"},\"author\":{\"name\":\"Alejandro Gabriel Rosito\",\"@id\":\"https:\\\/\\\/autofans.com.ar\\\/#\\\/schema\\\/person\\\/4a8dda0b6df83ac3d6723e921274c2aa\"},\"headline\":\"Mercedes-Benz Camiones y Buses premia la excelencia en marketing automotor\",\"datePublished\":\"2023-05-29T20:52:59+00:00\",\"dateModified\":\"2023-05-29T20:57:42+00:00\",\"mainEntityOfPage\":{\"@id\":\"https:\\\/\\\/autofans.com.ar\\\/index.php\\\/2023\\\/05\\\/29\\\/mercedes-benz-camiones-y-buses-premia-la-excelencia-en-marketing-automotor\\\/\"},\"wordCount\":458,\"image\":{\"@id\":\"https:\\\/\\\/autofans.com.ar\\\/index.php\\\/2023\\\/05\\\/29\\\/mercedes-benz-camiones-y-buses-premia-la-excelencia-en-marketing-automotor\\\/#primaryimage\"},\"thumbnailUrl\":\"https:\\\/\\\/autofans.com.ar\\\/wp-content\\\/uploads\\\/2023\\\/05\\\/foto-1-47.jpg\",\"keywords\":[\"Estrategias de Marketing\",\"Mercedes-Benz\",\"Premios Marketing\",\"Red Comercial\",\"Red de Concesionarios\"],\"articleSection\":[\"BIZSTYLE\",\"NOTICIAS\"],\"inLanguage\":\"es\"},{\"@type\":\"WebPage\",\"@id\":\"https:\\\/\\\/autofans.com.ar\\\/index.php\\\/2023\\\/05\\\/29\\\/mercedes-benz-camiones-y-buses-premia-la-excelencia-en-marketing-automotor\\\/\",\"url\":\"https:\\\/\\\/autofans.com.ar\\\/index.php\\\/2023\\\/05\\\/29\\\/mercedes-benz-camiones-y-buses-premia-la-excelencia-en-marketing-automotor\\\/\",\"name\":\"Mercedes-Benz Camiones y Buses premia la excelencia en marketing automotor -\",\"isPartOf\":{\"@id\":\"https:\\\/\\\/autofans.com.ar\\\/#website\"},\"primaryImageOfPage\":{\"@id\":\"https:\\\/\\\/autofans.com.ar\\\/index.php\\\/2023\\\/05\\\/29\\\/mercedes-benz-camiones-y-buses-premia-la-excelencia-en-marketing-automotor\\\/#primaryimage\"},\"image\":{\"@id\":\"https:\\\/\\\/autofans.com.ar\\\/index.php\\\/2023\\\/05\\\/29\\\/mercedes-benz-camiones-y-buses-premia-la-excelencia-en-marketing-automotor\\\/#primaryimage\"},\"thumbnailUrl\":\"https:\\\/\\\/autofans.com.ar\\\/wp-content\\\/uploads\\\/2023\\\/05\\\/foto-1-47.jpg\",\"datePublished\":\"2023-05-29T20:52:59+00:00\",\"dateModified\":\"2023-05-29T20:57:42+00:00\",\"author\":{\"@id\":\"https:\\\/\\\/autofans.com.ar\\\/#\\\/schema\\\/person\\\/4a8dda0b6df83ac3d6723e921274c2aa\"},\"description\":\"Mercedes-Benz Camiones y Buses ha reconocido a su destacada Red de Concesionarios a trav\u00e9s de la primera edici\u00f3n de los \\\"Premios Marketing\\\".\",\"breadcrumb\":{\"@id\":\"https:\\\/\\\/autofans.com.ar\\\/index.php\\\/2023\\\/05\\\/29\\\/mercedes-benz-camiones-y-buses-premia-la-excelencia-en-marketing-automotor\\\/#breadcrumb\"},\"inLanguage\":\"es\",\"potentialAction\":[{\"@type\":\"ReadAction\",\"target\":[\"https:\\\/\\\/autofans.com.ar\\\/index.php\\\/2023\\\/05\\\/29\\\/mercedes-benz-camiones-y-buses-premia-la-excelencia-en-marketing-automotor\\\/\"]}]},{\"@type\":\"ImageObject\",\"inLanguage\":\"es\",\"@id\":\"https:\\\/\\\/autofans.com.ar\\\/index.php\\\/2023\\\/05\\\/29\\\/mercedes-benz-camiones-y-buses-premia-la-excelencia-en-marketing-automotor\\\/#primaryimage\",\"url\":\"https:\\\/\\\/autofans.com.ar\\\/wp-content\\\/uploads\\\/2023\\\/05\\\/foto-1-47.jpg\",\"contentUrl\":\"https:\\\/\\\/autofans.com.ar\\\/wp-content\\\/uploads\\\/2023\\\/05\\\/foto-1-47.jpg\",\"width\":1000,\"height\":667,\"caption\":\"premios mercedes\"},{\"@type\":\"BreadcrumbList\",\"@id\":\"https:\\\/\\\/autofans.com.ar\\\/index.php\\\/2023\\\/05\\\/29\\\/mercedes-benz-camiones-y-buses-premia-la-excelencia-en-marketing-automotor\\\/#breadcrumb\",\"itemListElement\":[{\"@type\":\"ListItem\",\"position\":1,\"name\":\"Inicio\",\"item\":\"https:\\\/\\\/autofans.com.ar\\\/\"},{\"@type\":\"ListItem\",\"position\":2,\"name\":\"Mercedes-Benz Camiones y Buses premia la excelencia en marketing automotor\"}]},{\"@type\":\"WebSite\",\"@id\":\"https:\\\/\\\/autofans.com.ar\\\/#website\",\"url\":\"https:\\\/\\\/autofans.com.ar\\\/\",\"name\":\"\",\"description\":\"El multimedio referente de la industria automotriz\",\"potentialAction\":[{\"@type\":\"SearchAction\",\"target\":{\"@type\":\"EntryPoint\",\"urlTemplate\":\"https:\\\/\\\/autofans.com.ar\\\/?s={search_term_string}\"},\"query-input\":{\"@type\":\"PropertyValueSpecification\",\"valueRequired\":true,\"valueName\":\"search_term_string\"}}],\"inLanguage\":\"es\"},{\"@type\":\"Person\",\"@id\":\"https:\\\/\\\/autofans.com.ar\\\/#\\\/schema\\\/person\\\/4a8dda0b6df83ac3d6723e921274c2aa\",\"name\":\"Alejandro Gabriel Rosito\",\"image\":{\"@type\":\"ImageObject\",\"inLanguage\":\"es\",\"@id\":\"https:\\\/\\\/secure.gravatar.com\\\/avatar\\\/16c5dda1489adfc62618084dcbb91cffd879c374b13fe5dd8e44ed6733852c88?s=96&d=mm&r=g\",\"url\":\"https:\\\/\\\/secure.gravatar.com\\\/avatar\\\/16c5dda1489adfc62618084dcbb91cffd879c374b13fe5dd8e44ed6733852c88?s=96&d=mm&r=g\",\"contentUrl\":\"https:\\\/\\\/secure.gravatar.com\\\/avatar\\\/16c5dda1489adfc62618084dcbb91cffd879c374b13fe5dd8e44ed6733852c88?s=96&d=mm&r=g\",\"caption\":\"Alejandro Gabriel Rosito\"},\"url\":\"https:\\\/\\\/autofans.com.ar\\\/index.php\\\/author\\\/gabrielr\\\/\"}]}<\/script>\n<!-- \/ Yoast SEO plugin. -->","yoast_head_json":{"title":"Mercedes-Benz Camiones y Buses premia la excelencia en marketing automotor -","description":"Mercedes-Benz Camiones y Buses ha reconocido a su destacada Red de Concesionarios a trav\u00e9s de la primera edici\u00f3n de los \"Premios Marketing\".","robots":{"index":"index","follow":"follow","max-snippet":"max-snippet:-1","max-image-preview":"max-image-preview:large","max-video-preview":"max-video-preview:-1"},"canonical":"https:\/\/autofans.com.ar\/index.php\/2023\/05\/29\/mercedes-benz-camiones-y-buses-premia-la-excelencia-en-marketing-automotor\/","og_locale":"es_ES","og_type":"article","og_title":"Mercedes-Benz Camiones y Buses premia la excelencia en marketing automotor -","og_description":"Mercedes-Benz Camiones y Buses ha reconocido a su destacada Red de Concesionarios a trav\u00e9s de la primera edici\u00f3n de los \"Premios Marketing\".","og_url":"https:\/\/autofans.com.ar\/index.php\/2023\/05\/29\/mercedes-benz-camiones-y-buses-premia-la-excelencia-en-marketing-automotor\/","article_published_time":"2023-05-29T20:52:59+00:00","article_modified_time":"2023-05-29T20:57:42+00:00","og_image":[{"width":1000,"height":667,"url":"https:\/\/autofans.com.ar\/wp-content\/uploads\/2023\/05\/foto-1-47.jpg","type":"image\/jpeg"}],"author":"Alejandro Gabriel Rosito","twitter_card":"summary_large_image","twitter_misc":{"Escrito por":"Alejandro Gabriel Rosito","Tiempo de lectura":"3 minutos"},"schema":{"@context":"https:\/\/schema.org","@graph":[{"@type":"Article","@id":"https:\/\/autofans.com.ar\/index.php\/2023\/05\/29\/mercedes-benz-camiones-y-buses-premia-la-excelencia-en-marketing-automotor\/#article","isPartOf":{"@id":"https:\/\/autofans.com.ar\/index.php\/2023\/05\/29\/mercedes-benz-camiones-y-buses-premia-la-excelencia-en-marketing-automotor\/"},"author":{"name":"Alejandro Gabriel Rosito","@id":"https:\/\/autofans.com.ar\/#\/schema\/person\/4a8dda0b6df83ac3d6723e921274c2aa"},"headline":"Mercedes-Benz Camiones y Buses premia la excelencia en marketing automotor","datePublished":"2023-05-29T20:52:59+00:00","dateModified":"2023-05-29T20:57:42+00:00","mainEntityOfPage":{"@id":"https:\/\/autofans.com.ar\/index.php\/2023\/05\/29\/mercedes-benz-camiones-y-buses-premia-la-excelencia-en-marketing-automotor\/"},"wordCount":458,"image":{"@id":"https:\/\/autofans.com.ar\/index.php\/2023\/05\/29\/mercedes-benz-camiones-y-buses-premia-la-excelencia-en-marketing-automotor\/#primaryimage"},"thumbnailUrl":"https:\/\/autofans.com.ar\/wp-content\/uploads\/2023\/05\/foto-1-47.jpg","keywords":["Estrategias de Marketing","Mercedes-Benz","Premios Marketing","Red Comercial","Red de Concesionarios"],"articleSection":["BIZSTYLE","NOTICIAS"],"inLanguage":"es"},{"@type":"WebPage","@id":"https:\/\/autofans.com.ar\/index.php\/2023\/05\/29\/mercedes-benz-camiones-y-buses-premia-la-excelencia-en-marketing-automotor\/","url":"https:\/\/autofans.com.ar\/index.php\/2023\/05\/29\/mercedes-benz-camiones-y-buses-premia-la-excelencia-en-marketing-automotor\/","name":"Mercedes-Benz Camiones y Buses premia la excelencia en marketing automotor -","isPartOf":{"@id":"https:\/\/autofans.com.ar\/#website"},"primaryImageOfPage":{"@id":"https:\/\/autofans.com.ar\/index.php\/2023\/05\/29\/mercedes-benz-camiones-y-buses-premia-la-excelencia-en-marketing-automotor\/#primaryimage"},"image":{"@id":"https:\/\/autofans.com.ar\/index.php\/2023\/05\/29\/mercedes-benz-camiones-y-buses-premia-la-excelencia-en-marketing-automotor\/#primaryimage"},"thumbnailUrl":"https:\/\/autofans.com.ar\/wp-content\/uploads\/2023\/05\/foto-1-47.jpg","datePublished":"2023-05-29T20:52:59+00:00","dateModified":"2023-05-29T20:57:42+00:00","author":{"@id":"https:\/\/autofans.com.ar\/#\/schema\/person\/4a8dda0b6df83ac3d6723e921274c2aa"},"description":"Mercedes-Benz Camiones y Buses ha reconocido a su destacada Red de Concesionarios a trav\u00e9s de la primera edici\u00f3n de los \"Premios Marketing\".","breadcrumb":{"@id":"https:\/\/autofans.com.ar\/index.php\/2023\/05\/29\/mercedes-benz-camiones-y-buses-premia-la-excelencia-en-marketing-automotor\/#breadcrumb"},"inLanguage":"es","potentialAction":[{"@type":"ReadAction","target":["https:\/\/autofans.com.ar\/index.php\/2023\/05\/29\/mercedes-benz-camiones-y-buses-premia-la-excelencia-en-marketing-automotor\/"]}]},{"@type":"ImageObject","inLanguage":"es","@id":"https:\/\/autofans.com.ar\/index.php\/2023\/05\/29\/mercedes-benz-camiones-y-buses-premia-la-excelencia-en-marketing-automotor\/#primaryimage","url":"https:\/\/autofans.com.ar\/wp-content\/uploads\/2023\/05\/foto-1-47.jpg","contentUrl":"https:\/\/autofans.com.ar\/wp-content\/uploads\/2023\/05\/foto-1-47.jpg","width":1000,"height":667,"caption":"premios mercedes"},{"@type":"BreadcrumbList","@id":"https:\/\/autofans.com.ar\/index.php\/2023\/05\/29\/mercedes-benz-camiones-y-buses-premia-la-excelencia-en-marketing-automotor\/#breadcrumb","itemListElement":[{"@type":"ListItem","position":1,"name":"Inicio","item":"https:\/\/autofans.com.ar\/"},{"@type":"ListItem","position":2,"name":"Mercedes-Benz Camiones y Buses premia la excelencia en marketing automotor"}]},{"@type":"WebSite","@id":"https:\/\/autofans.com.ar\/#website","url":"https:\/\/autofans.com.ar\/","name":"","description":"El multimedio referente de la industria automotriz","potentialAction":[{"@type":"SearchAction","target":{"@type":"EntryPoint","urlTemplate":"https:\/\/autofans.com.ar\/?s={search_term_string}"},"query-input":{"@type":"PropertyValueSpecification","valueRequired":true,"valueName":"search_term_string"}}],"inLanguage":"es"},{"@type":"Person","@id":"https:\/\/autofans.com.ar\/#\/schema\/person\/4a8dda0b6df83ac3d6723e921274c2aa","name":"Alejandro Gabriel Rosito","image":{"@type":"ImageObject","inLanguage":"es","@id":"https:\/\/secure.gravatar.com\/avatar\/16c5dda1489adfc62618084dcbb91cffd879c374b13fe5dd8e44ed6733852c88?s=96&d=mm&r=g","url":"https:\/\/secure.gravatar.com\/avatar\/16c5dda1489adfc62618084dcbb91cffd879c374b13fe5dd8e44ed6733852c88?s=96&d=mm&r=g","contentUrl":"https:\/\/secure.gravatar.com\/avatar\/16c5dda1489adfc62618084dcbb91cffd879c374b13fe5dd8e44ed6733852c88?s=96&d=mm&r=g","caption":"Alejandro Gabriel Rosito"},"url":"https:\/\/autofans.com.ar\/index.php\/author\/gabrielr\/"}]}},"featured_image_urls":{"full":["https:\/\/autofans.com.ar\/wp-content\/uploads\/2023\/05\/foto-1-47.jpg",1000,667,false],"thumbnail":["https:\/\/autofans.com.ar\/wp-content\/uploads\/2023\/05\/foto-1-47-150x150.jpg",150,150,true],"medium":["https:\/\/autofans.com.ar\/wp-content\/uploads\/2023\/05\/foto-1-47-300x200.jpg",300,200,true],"medium_large":["https:\/\/autofans.com.ar\/wp-content\/uploads\/2023\/05\/foto-1-47-768x512.jpg",640,427,true],"large":["https:\/\/autofans.com.ar\/wp-content\/uploads\/2023\/05\/foto-1-47.jpg",640,427,false],"1536x1536":["https:\/\/autofans.com.ar\/wp-content\/uploads\/2023\/05\/foto-1-47.jpg",1000,667,false],"2048x2048":["https:\/\/autofans.com.ar\/wp-content\/uploads\/2023\/05\/foto-1-47.jpg",1000,667,false],"covernews-featured":["https:\/\/autofans.com.ar\/wp-content\/uploads\/2023\/05\/foto-1-47.jpg",1000,667,false],"covernews-medium":["https:\/\/autofans.com.ar\/wp-content\/uploads\/2023\/05\/foto-1-47-540x340.jpg",540,340,true]},"author_info":{"display_name":"Alejandro Gabriel Rosito","author_link":"https:\/\/autofans.com.ar\/index.php\/author\/gabrielr\/"},"category_info":"<a href=\"https:\/\/autofans.com.ar\/index.php\/category\/noticias\/bizstyle\/\" rel=\"category tag\">BIZSTYLE<\/a> <a href=\"https:\/\/autofans.com.ar\/index.php\/category\/noticias\/\" rel=\"category tag\">NOTICIAS<\/a>","tag_info":"NOTICIAS","comment_count":0,"_links":{"self":[{"href":"https:\/\/autofans.com.ar\/index.php\/wp-json\/wp\/v2\/posts\/2828","targetHints":{"allow":["GET"]}}],"collection":[{"href":"https:\/\/autofans.com.ar\/index.php\/wp-json\/wp\/v2\/posts"}],"about":[{"href":"https:\/\/autofans.com.ar\/index.php\/wp-json\/wp\/v2\/types\/post"}],"author":[{"embeddable":true,"href":"https:\/\/autofans.com.ar\/index.php\/wp-json\/wp\/v2\/users\/2"}],"replies":[{"embeddable":true,"href":"https:\/\/autofans.com.ar\/index.php\/wp-json\/wp\/v2\/comments?post=2828"}],"version-history":[{"count":3,"href":"https:\/\/autofans.com.ar\/index.php\/wp-json\/wp\/v2\/posts\/2828\/revisions"}],"predecessor-version":[{"id":2923,"href":"https:\/\/autofans.com.ar\/index.php\/wp-json\/wp\/v2\/posts\/2828\/revisions\/2923"}],"wp:featuredmedia":[{"embeddable":true,"href":"https:\/\/autofans.com.ar\/index.php\/wp-json\/wp\/v2\/media\/2836"}],"wp:attachment":[{"href":"https:\/\/autofans.com.ar\/index.php\/wp-json\/wp\/v2\/media?parent=2828"}],"wp:term":[{"taxonomy":"category","embeddable":true,"href":"https:\/\/autofans.com.ar\/index.php\/wp-json\/wp\/v2\/categories?post=2828"},{"taxonomy":"post_tag","embeddable":true,"href":"https:\/\/autofans.com.ar\/index.php\/wp-json\/wp\/v2\/tags?post=2828"}],"curies":[{"name":"wp","href":"https:\/\/api.w.org\/{rel}","templated":true}]}}