{"id":2900,"date":"2023-05-30T12:05:35","date_gmt":"2023-05-30T15:05:35","guid":{"rendered":"https:\/\/autofans.com.ar\/?p=2900"},"modified":"2023-05-30T12:05:35","modified_gmt":"2023-05-30T15:05:35","slug":"mercedes-benz-ecitaro-el-futuro-del-transporte-publico-llega-a-barcelona","status":"publish","type":"post","link":"https:\/\/autofans.com.ar\/index.php\/2023\/05\/30\/mercedes-benz-ecitaro-el-futuro-del-transporte-publico-llega-a-barcelona\/","title":{"rendered":"Mercedes-Benz eCitaro, el futuro del transporte p\u00fablico llega a Barcelona"},"content":{"rendered":"<p>En el marco de la Cumbre Mundial de Transporte P\u00fablico 2023, que tendr\u00e1 lugar en Barcelona del 4 al 7 de junio de 2023, Daimler Buses sorprender\u00e1 al mundo presentando su \u00faltimo avance en movilidad sostenible: el Mercedes-Benz eCitaro, el primer autob\u00fas el\u00e9ctrico de producci\u00f3n en serie con pila de combustible. Este innovador veh\u00edculo combina una impresionante autonom\u00eda con una capacidad excepcional para transportar pasajeros, marcando un hito en la industria del transporte p\u00fablico.<\/p>\n<p>&nbsp;<\/p>\n<p><img fetchpriority=\"high\" decoding=\"async\" class=\"aligncenter wp-image-2910 size-full\" src=\"https:\/\/autofans.com.ar\/wp-content\/uploads\/2023\/05\/foto-2-49.jpg\" alt=\"ecitaro\" width=\"1000\" height=\"667\" srcset=\"https:\/\/autofans.com.ar\/wp-content\/uploads\/2023\/05\/foto-2-49.jpg 1000w, https:\/\/autofans.com.ar\/wp-content\/uploads\/2023\/05\/foto-2-49-300x200.jpg 300w, https:\/\/autofans.com.ar\/wp-content\/uploads\/2023\/05\/foto-2-49-768x512.jpg 768w\" sizes=\"(max-width: 1000px) 100vw, 1000px\" \/><\/p>\n<p>A partir de junio, el eCitaro estar\u00e1 disponible para su adquisici\u00f3n y se estima que podr\u00e1 recorrer aproximadamente 350 kil\u00f3metros sin necesidad de recarga. Con espacio para hasta 128 pasajeros, este autob\u00fas de cero emisiones se presenta como una alternativa perfecta para reemplazar los veh\u00edculos con motores de combusti\u00f3n en entornos urbanos. Adem\u00e1s, su sistema de pila de combustible, con una potencia de 60 kW, act\u00faa como extensor de rango, brindando una mayor autonom\u00eda y una soluci\u00f3n econ\u00f3mica para ciclos de ruta largos.<\/p>\n<p>&nbsp;<\/p>\n<p><img decoding=\"async\" class=\"aligncenter wp-image-2909 size-full\" src=\"https:\/\/autofans.com.ar\/wp-content\/uploads\/2023\/05\/foto-3-40.jpg\" alt=\"ecitaro\" width=\"1000\" height=\"667\" srcset=\"https:\/\/autofans.com.ar\/wp-content\/uploads\/2023\/05\/foto-3-40.jpg 1000w, https:\/\/autofans.com.ar\/wp-content\/uploads\/2023\/05\/foto-3-40-300x200.jpg 300w, https:\/\/autofans.com.ar\/wp-content\/uploads\/2023\/05\/foto-3-40-768x512.jpg 768w\" sizes=\"(max-width: 1000px) 100vw, 1000px\" \/><\/p>\n<p>La tecnolog\u00eda de vanguardia del eCitaro no solo se limita a su sistema de propulsi\u00f3n el\u00e9ctrico. Tambi\u00e9n incluye un almacenamiento completo y \u00fatil de la energ\u00eda recuperada durante el frenado. Gracias a sus bater\u00edas de hasta 392 kWh, este autob\u00fas puede utilizar altos niveles de potencia de conducci\u00f3n en distancias m\u00e1s largas. Adem\u00e1s, el eCitaro cuenta con una distribuci\u00f3n inteligente de sus bater\u00edas y pilas de combustible, lo que le confiere una gran carga de pasajeros.<\/p>\n<p>Antes de su producci\u00f3n en serie, el eCitaro ha sido sometido a rigurosas pruebas de funcionalidad y resistencia. Todos los componentes, incluido el sistema de fijaci\u00f3n en el techo, han pasado pruebas exhaustivas para garantizar su seguridad y durabilidad. El nuevo sistema de gesti\u00f3n t\u00e9rmica ha sido sometido a pruebas pr\u00e1cticas en diversas condiciones clim\u00e1ticas, superando con \u00e9xito todos los desaf\u00edos.<\/p>\n<p><img decoding=\"async\" class=\"aligncenter wp-image-2908 size-full\" src=\"https:\/\/autofans.com.ar\/wp-content\/uploads\/2023\/05\/foto-4-28.jpg\" alt=\"ecitaro\" width=\"1000\" height=\"667\" srcset=\"https:\/\/autofans.com.ar\/wp-content\/uploads\/2023\/05\/foto-4-28.jpg 1000w, https:\/\/autofans.com.ar\/wp-content\/uploads\/2023\/05\/foto-4-28-300x200.jpg 300w, https:\/\/autofans.com.ar\/wp-content\/uploads\/2023\/05\/foto-4-28-768x512.jpg 768w\" sizes=\"(max-width: 1000px) 100vw, 1000px\" \/><\/p>\n<p>En el \u00e1mbito de la electromovilidad, Daimler Buses no solo ofrece veh\u00edculos de \u00faltima generaci\u00f3n, sino tambi\u00e9n soluciones digitales y servicios para facilitar la transici\u00f3n hacia la movilidad el\u00e9ctrica. En la Cumbre Mundial de Transporte P\u00fablico 2023, la compa\u00f1\u00eda presentar\u00e1 su cartera de servicios. Esta incluye asesoramiento en electromovilidad, infraestructura de carga y gesti\u00f3n de flotas personalizada. <a href=\"https:\/\/www.mercedes-benz-bus.com\/es_ES\/models\/ecitaro.html\" target=\"_blank\" rel=\"noopener\">El Mercedes-Benz eCitaro,<\/a> es una prueba del compromiso de Daimler Buses por liderar la revoluci\u00f3n hacia un transporte p\u00fablico m\u00e1s limpio y eficiente.<\/p>\n<p>&nbsp;<\/p>\n<p><i>Para enterarte de m\u00e1s novedades, no dejes de leer\u00a0<\/i><a href=\"https:\/\/autofans.thebrandsoup.com\/\"><i>nuestras notas<\/i><\/a><i>, de ver<\/i><b><i>\u00a0<\/i><\/b><a href=\"https:\/\/www.youtube.com\/channel\/UCgAC8UGHZYbT6P7PpmVnP7g\"><b><i>AUTOFANS TV<\/i><\/b><\/a><b><i>\u00a0<\/i><\/b><i>en nuestro\u00a0canal de Youtube. Adem\u00e1s seguinos en\u00a0<\/i><a href=\"https:\/\/www.instagram.com\/autofanstv\/\"><i>INSTAGRAM<\/i><\/a><i> y <\/i><a href=\"https:\/\/www.facebook.com\/autofansmas\/\"><i>FACEBOOK<\/i><\/a><i> para no perderte nada sobre las novedades del segmento automotor de Argentina y el mundo. <\/i><\/p>\n<p>&nbsp;<\/p>\n","protected":false},"excerpt":{"rendered":"<p>En el marco de la Cumbre Mundial de Transporte P\u00fablico 2023, que tendr\u00e1 lugar en&#8230;<\/p>\n","protected":false},"author":2,"featured_media":2906,"comment_status":"closed","ping_status":"closed","sticky":false,"template":"","format":"standard","meta":{"footnotes":""},"categories":[341,16],"tags":[1388,393,1108,1392,1391,1389,125,611,1390],"class_list":["post-2900","post","type-post","status-publish","format-standard","has-post-thumbnail","hentry","category-hibridos-y-electricos","category-noticias","tag-autobus-electrico","tag-autonomia","tag-barcelona","tag-cumbre-mundial-de-transporte-publico","tag-daimler-buses","tag-mercedes-benz-ecitaro","tag-movilidad-sostenible","tag-pila-de-combustible","tag-transporte-publico"],"yoast_head":"<!-- This site is optimized with the Yoast SEO plugin v27.5 - https:\/\/yoast.com\/product\/yoast-seo-wordpress\/ -->\n<title>Mercedes-Benz eCitaro, el futuro del transporte p\u00fablico llega a Barcelona -<\/title>\n<meta name=\"description\" content=\"El Mercedes-Benz eCitaro, el primer autob\u00fas el\u00e9ctrico en serie, se estima que podr\u00e1 recorrer aproximadamente 350 kil\u00f3metros sin recarga...\" \/>\n<meta name=\"robots\" content=\"index, follow, max-snippet:-1, max-image-preview:large, max-video-preview:-1\" \/>\n<link rel=\"canonical\" href=\"https:\/\/autofans.com.ar\/index.php\/2023\/05\/30\/mercedes-benz-ecitaro-el-futuro-del-transporte-publico-llega-a-barcelona\/\" \/>\n<meta property=\"og:locale\" content=\"es_ES\" \/>\n<meta property=\"og:type\" content=\"article\" \/>\n<meta property=\"og:title\" content=\"Mercedes-Benz eCitaro, el futuro del transporte p\u00fablico llega a Barcelona -\" \/>\n<meta property=\"og:description\" content=\"El Mercedes-Benz eCitaro, el primer autob\u00fas el\u00e9ctrico en serie, se estima que podr\u00e1 recorrer aproximadamente 350 kil\u00f3metros sin recarga...\" \/>\n<meta property=\"og:url\" content=\"https:\/\/autofans.com.ar\/index.php\/2023\/05\/30\/mercedes-benz-ecitaro-el-futuro-del-transporte-publico-llega-a-barcelona\/\" \/>\n<meta property=\"article:published_time\" content=\"2023-05-30T15:05:35+00:00\" \/>\n<meta property=\"og:image\" content=\"https:\/\/autofans.com.ar\/wp-content\/uploads\/2023\/05\/foto-1-50.jpg\" \/>\n\t<meta property=\"og:image:width\" content=\"1000\" \/>\n\t<meta property=\"og:image:height\" content=\"667\" \/>\n\t<meta property=\"og:image:type\" content=\"image\/jpeg\" \/>\n<meta name=\"author\" content=\"Alejandro Gabriel Rosito\" \/>\n<meta name=\"twitter:card\" content=\"summary_large_image\" \/>\n<meta name=\"twitter:label1\" content=\"Escrito por\" \/>\n\t<meta name=\"twitter:data1\" content=\"Alejandro Gabriel Rosito\" \/>\n\t<meta name=\"twitter:label2\" content=\"Tiempo de lectura\" \/>\n\t<meta name=\"twitter:data2\" content=\"3 minutos\" \/>\n<script type=\"application\/ld+json\" class=\"yoast-schema-graph\">{\"@context\":\"https:\\\/\\\/schema.org\",\"@graph\":[{\"@type\":\"Article\",\"@id\":\"https:\\\/\\\/autofans.com.ar\\\/index.php\\\/2023\\\/05\\\/30\\\/mercedes-benz-ecitaro-el-futuro-del-transporte-publico-llega-a-barcelona\\\/#article\",\"isPartOf\":{\"@id\":\"https:\\\/\\\/autofans.com.ar\\\/index.php\\\/2023\\\/05\\\/30\\\/mercedes-benz-ecitaro-el-futuro-del-transporte-publico-llega-a-barcelona\\\/\"},\"author\":{\"name\":\"Alejandro Gabriel Rosito\",\"@id\":\"https:\\\/\\\/autofans.com.ar\\\/#\\\/schema\\\/person\\\/4a8dda0b6df83ac3d6723e921274c2aa\"},\"headline\":\"Mercedes-Benz eCitaro, el futuro del transporte p\u00fablico llega a Barcelona\",\"datePublished\":\"2023-05-30T15:05:35+00:00\",\"mainEntityOfPage\":{\"@id\":\"https:\\\/\\\/autofans.com.ar\\\/index.php\\\/2023\\\/05\\\/30\\\/mercedes-benz-ecitaro-el-futuro-del-transporte-publico-llega-a-barcelona\\\/\"},\"wordCount\":470,\"image\":{\"@id\":\"https:\\\/\\\/autofans.com.ar\\\/index.php\\\/2023\\\/05\\\/30\\\/mercedes-benz-ecitaro-el-futuro-del-transporte-publico-llega-a-barcelona\\\/#primaryimage\"},\"thumbnailUrl\":\"https:\\\/\\\/autofans.com.ar\\\/wp-content\\\/uploads\\\/2023\\\/05\\\/foto-1-50.jpg\",\"keywords\":[\"autob\u00fas el\u00e9ctrico\",\"autonom\u00eda\",\"Barcelona\",\"Cumbre Mundial de Transporte P\u00fablico\",\"Daimler Buses\",\"Mercedes-Benz eCitaro\",\"Movilidad Sostenible\",\"pila de combustible\",\"transporte p\u00fablico\"],\"articleSection\":[\"HIBRIDOS, ELECTRICOS y otros\",\"NOTICIAS\"],\"inLanguage\":\"es\"},{\"@type\":\"WebPage\",\"@id\":\"https:\\\/\\\/autofans.com.ar\\\/index.php\\\/2023\\\/05\\\/30\\\/mercedes-benz-ecitaro-el-futuro-del-transporte-publico-llega-a-barcelona\\\/\",\"url\":\"https:\\\/\\\/autofans.com.ar\\\/index.php\\\/2023\\\/05\\\/30\\\/mercedes-benz-ecitaro-el-futuro-del-transporte-publico-llega-a-barcelona\\\/\",\"name\":\"Mercedes-Benz eCitaro, el futuro del transporte p\u00fablico llega a Barcelona -\",\"isPartOf\":{\"@id\":\"https:\\\/\\\/autofans.com.ar\\\/#website\"},\"primaryImageOfPage\":{\"@id\":\"https:\\\/\\\/autofans.com.ar\\\/index.php\\\/2023\\\/05\\\/30\\\/mercedes-benz-ecitaro-el-futuro-del-transporte-publico-llega-a-barcelona\\\/#primaryimage\"},\"image\":{\"@id\":\"https:\\\/\\\/autofans.com.ar\\\/index.php\\\/2023\\\/05\\\/30\\\/mercedes-benz-ecitaro-el-futuro-del-transporte-publico-llega-a-barcelona\\\/#primaryimage\"},\"thumbnailUrl\":\"https:\\\/\\\/autofans.com.ar\\\/wp-content\\\/uploads\\\/2023\\\/05\\\/foto-1-50.jpg\",\"datePublished\":\"2023-05-30T15:05:35+00:00\",\"author\":{\"@id\":\"https:\\\/\\\/autofans.com.ar\\\/#\\\/schema\\\/person\\\/4a8dda0b6df83ac3d6723e921274c2aa\"},\"description\":\"El Mercedes-Benz eCitaro, el primer autob\u00fas el\u00e9ctrico en serie, se estima que podr\u00e1 recorrer aproximadamente 350 kil\u00f3metros sin recarga...\",\"breadcrumb\":{\"@id\":\"https:\\\/\\\/autofans.com.ar\\\/index.php\\\/2023\\\/05\\\/30\\\/mercedes-benz-ecitaro-el-futuro-del-transporte-publico-llega-a-barcelona\\\/#breadcrumb\"},\"inLanguage\":\"es\",\"potentialAction\":[{\"@type\":\"ReadAction\",\"target\":[\"https:\\\/\\\/autofans.com.ar\\\/index.php\\\/2023\\\/05\\\/30\\\/mercedes-benz-ecitaro-el-futuro-del-transporte-publico-llega-a-barcelona\\\/\"]}]},{\"@type\":\"ImageObject\",\"inLanguage\":\"es\",\"@id\":\"https:\\\/\\\/autofans.com.ar\\\/index.php\\\/2023\\\/05\\\/30\\\/mercedes-benz-ecitaro-el-futuro-del-transporte-publico-llega-a-barcelona\\\/#primaryimage\",\"url\":\"https:\\\/\\\/autofans.com.ar\\\/wp-content\\\/uploads\\\/2023\\\/05\\\/foto-1-50.jpg\",\"contentUrl\":\"https:\\\/\\\/autofans.com.ar\\\/wp-content\\\/uploads\\\/2023\\\/05\\\/foto-1-50.jpg\",\"width\":1000,\"height\":667,\"caption\":\"ecitaro\"},{\"@type\":\"BreadcrumbList\",\"@id\":\"https:\\\/\\\/autofans.com.ar\\\/index.php\\\/2023\\\/05\\\/30\\\/mercedes-benz-ecitaro-el-futuro-del-transporte-publico-llega-a-barcelona\\\/#breadcrumb\",\"itemListElement\":[{\"@type\":\"ListItem\",\"position\":1,\"name\":\"Inicio\",\"item\":\"https:\\\/\\\/autofans.com.ar\\\/\"},{\"@type\":\"ListItem\",\"position\":2,\"name\":\"Mercedes-Benz eCitaro, el futuro del transporte p\u00fablico llega a Barcelona\"}]},{\"@type\":\"WebSite\",\"@id\":\"https:\\\/\\\/autofans.com.ar\\\/#website\",\"url\":\"https:\\\/\\\/autofans.com.ar\\\/\",\"name\":\"\",\"description\":\"El multimedio referente de la industria automotriz\",\"potentialAction\":[{\"@type\":\"SearchAction\",\"target\":{\"@type\":\"EntryPoint\",\"urlTemplate\":\"https:\\\/\\\/autofans.com.ar\\\/?s={search_term_string}\"},\"query-input\":{\"@type\":\"PropertyValueSpecification\",\"valueRequired\":true,\"valueName\":\"search_term_string\"}}],\"inLanguage\":\"es\"},{\"@type\":\"Person\",\"@id\":\"https:\\\/\\\/autofans.com.ar\\\/#\\\/schema\\\/person\\\/4a8dda0b6df83ac3d6723e921274c2aa\",\"name\":\"Alejandro Gabriel Rosito\",\"image\":{\"@type\":\"ImageObject\",\"inLanguage\":\"es\",\"@id\":\"https:\\\/\\\/secure.gravatar.com\\\/avatar\\\/16c5dda1489adfc62618084dcbb91cffd879c374b13fe5dd8e44ed6733852c88?s=96&d=mm&r=g\",\"url\":\"https:\\\/\\\/secure.gravatar.com\\\/avatar\\\/16c5dda1489adfc62618084dcbb91cffd879c374b13fe5dd8e44ed6733852c88?s=96&d=mm&r=g\",\"contentUrl\":\"https:\\\/\\\/secure.gravatar.com\\\/avatar\\\/16c5dda1489adfc62618084dcbb91cffd879c374b13fe5dd8e44ed6733852c88?s=96&d=mm&r=g\",\"caption\":\"Alejandro Gabriel Rosito\"},\"url\":\"https:\\\/\\\/autofans.com.ar\\\/index.php\\\/author\\\/gabrielr\\\/\"}]}<\/script>\n<!-- \/ Yoast SEO plugin. -->","yoast_head_json":{"title":"Mercedes-Benz eCitaro, el futuro del transporte p\u00fablico llega a Barcelona -","description":"El Mercedes-Benz eCitaro, el primer autob\u00fas el\u00e9ctrico en serie, se estima que podr\u00e1 recorrer aproximadamente 350 kil\u00f3metros sin recarga...","robots":{"index":"index","follow":"follow","max-snippet":"max-snippet:-1","max-image-preview":"max-image-preview:large","max-video-preview":"max-video-preview:-1"},"canonical":"https:\/\/autofans.com.ar\/index.php\/2023\/05\/30\/mercedes-benz-ecitaro-el-futuro-del-transporte-publico-llega-a-barcelona\/","og_locale":"es_ES","og_type":"article","og_title":"Mercedes-Benz eCitaro, el futuro del transporte p\u00fablico llega a Barcelona -","og_description":"El Mercedes-Benz eCitaro, el primer autob\u00fas el\u00e9ctrico en serie, se estima que podr\u00e1 recorrer aproximadamente 350 kil\u00f3metros sin recarga...","og_url":"https:\/\/autofans.com.ar\/index.php\/2023\/05\/30\/mercedes-benz-ecitaro-el-futuro-del-transporte-publico-llega-a-barcelona\/","article_published_time":"2023-05-30T15:05:35+00:00","og_image":[{"width":1000,"height":667,"url":"https:\/\/autofans.com.ar\/wp-content\/uploads\/2023\/05\/foto-1-50.jpg","type":"image\/jpeg"}],"author":"Alejandro Gabriel Rosito","twitter_card":"summary_large_image","twitter_misc":{"Escrito por":"Alejandro Gabriel Rosito","Tiempo de lectura":"3 minutos"},"schema":{"@context":"https:\/\/schema.org","@graph":[{"@type":"Article","@id":"https:\/\/autofans.com.ar\/index.php\/2023\/05\/30\/mercedes-benz-ecitaro-el-futuro-del-transporte-publico-llega-a-barcelona\/#article","isPartOf":{"@id":"https:\/\/autofans.com.ar\/index.php\/2023\/05\/30\/mercedes-benz-ecitaro-el-futuro-del-transporte-publico-llega-a-barcelona\/"},"author":{"name":"Alejandro Gabriel Rosito","@id":"https:\/\/autofans.com.ar\/#\/schema\/person\/4a8dda0b6df83ac3d6723e921274c2aa"},"headline":"Mercedes-Benz eCitaro, el futuro del transporte p\u00fablico llega a Barcelona","datePublished":"2023-05-30T15:05:35+00:00","mainEntityOfPage":{"@id":"https:\/\/autofans.com.ar\/index.php\/2023\/05\/30\/mercedes-benz-ecitaro-el-futuro-del-transporte-publico-llega-a-barcelona\/"},"wordCount":470,"image":{"@id":"https:\/\/autofans.com.ar\/index.php\/2023\/05\/30\/mercedes-benz-ecitaro-el-futuro-del-transporte-publico-llega-a-barcelona\/#primaryimage"},"thumbnailUrl":"https:\/\/autofans.com.ar\/wp-content\/uploads\/2023\/05\/foto-1-50.jpg","keywords":["autob\u00fas el\u00e9ctrico","autonom\u00eda","Barcelona","Cumbre Mundial de Transporte P\u00fablico","Daimler Buses","Mercedes-Benz eCitaro","Movilidad Sostenible","pila de combustible","transporte p\u00fablico"],"articleSection":["HIBRIDOS, ELECTRICOS y otros","NOTICIAS"],"inLanguage":"es"},{"@type":"WebPage","@id":"https:\/\/autofans.com.ar\/index.php\/2023\/05\/30\/mercedes-benz-ecitaro-el-futuro-del-transporte-publico-llega-a-barcelona\/","url":"https:\/\/autofans.com.ar\/index.php\/2023\/05\/30\/mercedes-benz-ecitaro-el-futuro-del-transporte-publico-llega-a-barcelona\/","name":"Mercedes-Benz eCitaro, el futuro del transporte p\u00fablico llega a Barcelona -","isPartOf":{"@id":"https:\/\/autofans.com.ar\/#website"},"primaryImageOfPage":{"@id":"https:\/\/autofans.com.ar\/index.php\/2023\/05\/30\/mercedes-benz-ecitaro-el-futuro-del-transporte-publico-llega-a-barcelona\/#primaryimage"},"image":{"@id":"https:\/\/autofans.com.ar\/index.php\/2023\/05\/30\/mercedes-benz-ecitaro-el-futuro-del-transporte-publico-llega-a-barcelona\/#primaryimage"},"thumbnailUrl":"https:\/\/autofans.com.ar\/wp-content\/uploads\/2023\/05\/foto-1-50.jpg","datePublished":"2023-05-30T15:05:35+00:00","author":{"@id":"https:\/\/autofans.com.ar\/#\/schema\/person\/4a8dda0b6df83ac3d6723e921274c2aa"},"description":"El Mercedes-Benz eCitaro, el primer autob\u00fas el\u00e9ctrico en serie, se estima que podr\u00e1 recorrer aproximadamente 350 kil\u00f3metros sin recarga...","breadcrumb":{"@id":"https:\/\/autofans.com.ar\/index.php\/2023\/05\/30\/mercedes-benz-ecitaro-el-futuro-del-transporte-publico-llega-a-barcelona\/#breadcrumb"},"inLanguage":"es","potentialAction":[{"@type":"ReadAction","target":["https:\/\/autofans.com.ar\/index.php\/2023\/05\/30\/mercedes-benz-ecitaro-el-futuro-del-transporte-publico-llega-a-barcelona\/"]}]},{"@type":"ImageObject","inLanguage":"es","@id":"https:\/\/autofans.com.ar\/index.php\/2023\/05\/30\/mercedes-benz-ecitaro-el-futuro-del-transporte-publico-llega-a-barcelona\/#primaryimage","url":"https:\/\/autofans.com.ar\/wp-content\/uploads\/2023\/05\/foto-1-50.jpg","contentUrl":"https:\/\/autofans.com.ar\/wp-content\/uploads\/2023\/05\/foto-1-50.jpg","width":1000,"height":667,"caption":"ecitaro"},{"@type":"BreadcrumbList","@id":"https:\/\/autofans.com.ar\/index.php\/2023\/05\/30\/mercedes-benz-ecitaro-el-futuro-del-transporte-publico-llega-a-barcelona\/#breadcrumb","itemListElement":[{"@type":"ListItem","position":1,"name":"Inicio","item":"https:\/\/autofans.com.ar\/"},{"@type":"ListItem","position":2,"name":"Mercedes-Benz eCitaro, el futuro del transporte p\u00fablico llega a Barcelona"}]},{"@type":"WebSite","@id":"https:\/\/autofans.com.ar\/#website","url":"https:\/\/autofans.com.ar\/","name":"","description":"El multimedio referente de la industria automotriz","potentialAction":[{"@type":"SearchAction","target":{"@type":"EntryPoint","urlTemplate":"https:\/\/autofans.com.ar\/?s={search_term_string}"},"query-input":{"@type":"PropertyValueSpecification","valueRequired":true,"valueName":"search_term_string"}}],"inLanguage":"es"},{"@type":"Person","@id":"https:\/\/autofans.com.ar\/#\/schema\/person\/4a8dda0b6df83ac3d6723e921274c2aa","name":"Alejandro Gabriel Rosito","image":{"@type":"ImageObject","inLanguage":"es","@id":"https:\/\/secure.gravatar.com\/avatar\/16c5dda1489adfc62618084dcbb91cffd879c374b13fe5dd8e44ed6733852c88?s=96&d=mm&r=g","url":"https:\/\/secure.gravatar.com\/avatar\/16c5dda1489adfc62618084dcbb91cffd879c374b13fe5dd8e44ed6733852c88?s=96&d=mm&r=g","contentUrl":"https:\/\/secure.gravatar.com\/avatar\/16c5dda1489adfc62618084dcbb91cffd879c374b13fe5dd8e44ed6733852c88?s=96&d=mm&r=g","caption":"Alejandro Gabriel Rosito"},"url":"https:\/\/autofans.com.ar\/index.php\/author\/gabrielr\/"}]}},"featured_image_urls":{"full":["https:\/\/autofans.com.ar\/wp-content\/uploads\/2023\/05\/foto-1-50.jpg",1000,667,false],"thumbnail":["https:\/\/autofans.com.ar\/wp-content\/uploads\/2023\/05\/foto-1-50-150x150.jpg",150,150,true],"medium":["https:\/\/autofans.com.ar\/wp-content\/uploads\/2023\/05\/foto-1-50-300x200.jpg",300,200,true],"medium_large":["https:\/\/autofans.com.ar\/wp-content\/uploads\/2023\/05\/foto-1-50-768x512.jpg",640,427,true],"large":["https:\/\/autofans.com.ar\/wp-content\/uploads\/2023\/05\/foto-1-50.jpg",640,427,false],"1536x1536":["https:\/\/autofans.com.ar\/wp-content\/uploads\/2023\/05\/foto-1-50.jpg",1000,667,false],"2048x2048":["https:\/\/autofans.com.ar\/wp-content\/uploads\/2023\/05\/foto-1-50.jpg",1000,667,false],"covernews-featured":["https:\/\/autofans.com.ar\/wp-content\/uploads\/2023\/05\/foto-1-50.jpg",1000,667,false],"covernews-medium":["https:\/\/autofans.com.ar\/wp-content\/uploads\/2023\/05\/foto-1-50-540x340.jpg",540,340,true]},"author_info":{"display_name":"Alejandro Gabriel Rosito","author_link":"https:\/\/autofans.com.ar\/index.php\/author\/gabrielr\/"},"category_info":"<a href=\"https:\/\/autofans.com.ar\/index.php\/category\/noticias\/hibridos-y-electricos\/\" rel=\"category tag\">HIBRIDOS, ELECTRICOS y otros<\/a> <a href=\"https:\/\/autofans.com.ar\/index.php\/category\/noticias\/\" rel=\"category tag\">NOTICIAS<\/a>","tag_info":"NOTICIAS","comment_count":0,"_links":{"self":[{"href":"https:\/\/autofans.com.ar\/index.php\/wp-json\/wp\/v2\/posts\/2900","targetHints":{"allow":["GET"]}}],"collection":[{"href":"https:\/\/autofans.com.ar\/index.php\/wp-json\/wp\/v2\/posts"}],"about":[{"href":"https:\/\/autofans.com.ar\/index.php\/wp-json\/wp\/v2\/types\/post"}],"author":[{"embeddable":true,"href":"https:\/\/autofans.com.ar\/index.php\/wp-json\/wp\/v2\/users\/2"}],"replies":[{"embeddable":true,"href":"https:\/\/autofans.com.ar\/index.php\/wp-json\/wp\/v2\/comments?post=2900"}],"version-history":[{"count":1,"href":"https:\/\/autofans.com.ar\/index.php\/wp-json\/wp\/v2\/posts\/2900\/revisions"}],"predecessor-version":[{"id":2919,"href":"https:\/\/autofans.com.ar\/index.php\/wp-json\/wp\/v2\/posts\/2900\/revisions\/2919"}],"wp:featuredmedia":[{"embeddable":true,"href":"https:\/\/autofans.com.ar\/index.php\/wp-json\/wp\/v2\/media\/2906"}],"wp:attachment":[{"href":"https:\/\/autofans.com.ar\/index.php\/wp-json\/wp\/v2\/media?parent=2900"}],"wp:term":[{"taxonomy":"category","embeddable":true,"href":"https:\/\/autofans.com.ar\/index.php\/wp-json\/wp\/v2\/categories?post=2900"},{"taxonomy":"post_tag","embeddable":true,"href":"https:\/\/autofans.com.ar\/index.php\/wp-json\/wp\/v2\/tags?post=2900"}],"curies":[{"name":"wp","href":"https:\/\/api.w.org\/{rel}","templated":true}]}}