{"id":291,"date":"2023-03-01T18:02:29","date_gmt":"2023-03-01T18:02:29","guid":{"rendered":"https:\/\/autofans.thebrandsoup.com\/?p=291"},"modified":"2023-03-02T20:41:02","modified_gmt":"2023-03-02T20:41:02","slug":"honda-presento-la-renovada-tornado-xr250-en-villa-gesell","status":"publish","type":"post","link":"https:\/\/autofans.com.ar\/index.php\/2023\/03\/01\/honda-presento-la-renovada-tornado-xr250-en-villa-gesell\/","title":{"rendered":"Honda present\u00f3 la renovada Tornado XR250 en Villa Gesell"},"content":{"rendered":"<p>Honda mostr\u00f3 su renovada Tornado XR250 en el Enduro del Verano, evento donde la marca estuvo presente con sus modelos XR150L, XR190L y la XR250.<\/p>\n<p>La Tornado XR250 cuenta con novedades en dise\u00f1o y equipamiento. Esto incluye faros, guardabarros y gui\u00f1os renovados, y sistemas de seguridad como un corte para impedir la puesta en movimiento con el soporte lateral extendido. Adem\u00e1s, la moto cuenta con una versatilidad y potencia destacada que la posiciona como una de las motocicletas m\u00e1s elegidas, siendo la preferida por los argentinos por su durabilidad, potencia y rendimiento. (<a href=\"https:\/\/autofans.thebrandsoup.com\/wp-content\/uploads\/2023\/03\/Ficha-tecnica.pdf\" target=\"_blank\" rel=\"noopener\">Link a ficha t\u00e9cnica<\/a>)<\/p>\n<figure id=\"attachment_360\" aria-describedby=\"caption-attachment-360\" style=\"width: 667px\" class=\"wp-caption aligncenter\"><img fetchpriority=\"high\" decoding=\"async\" class=\"wp-image-360 size-full\" src=\"https:\/\/autofans.thebrandsoup.com\/wp-content\/uploads\/2023\/03\/Mikura_01.jpg\" alt=\"Honda Tornado XR250\" width=\"667\" height=\"1000\" srcset=\"https:\/\/autofans.com.ar\/wp-content\/uploads\/2023\/03\/Mikura_01.jpg 667w, https:\/\/autofans.com.ar\/wp-content\/uploads\/2023\/03\/Mikura_01-200x300.jpg 200w\" sizes=\"(max-width: 667px) 100vw, 667px\" \/><figcaption id=\"caption-attachment-360\" class=\"wp-caption-text\">Keita Mikura<\/figcaption><\/figure>\n<p>En el evento de presentaci\u00f3n, estuvo presente, ingeniero regional de Honda involucrado en el desarrollo de la Tornado XR250, quien destac\u00f3 el fanatismo del p\u00fablico por la marca.<\/p>\n<p><img decoding=\"async\" class=\"aligncenter wp-image-294 size-full\" src=\"https:\/\/autofans.thebrandsoup.com\/wp-content\/uploads\/2023\/02\/motosxr.png\" alt=\"\" width=\"1000\" height=\"667\" srcset=\"https:\/\/autofans.com.ar\/wp-content\/uploads\/2023\/02\/motosxr.png 1000w, https:\/\/autofans.com.ar\/wp-content\/uploads\/2023\/02\/motosxr-300x200.png 300w, https:\/\/autofans.com.ar\/wp-content\/uploads\/2023\/02\/motosxr-768x512.png 768w\" sizes=\"(max-width: 1000px) 100vw, 1000px\" \/><\/p>\n<blockquote><p>\u201cComo parte de nuestra presencia en el pa\u00eds y en el marco de la celebraci\u00f3n de nuestro 45 aniversario en Argentina, continuamos invirtiendo para mejorar d\u00eda a d\u00eda nuestros productos y seguir posicion\u00e1ndonos como l\u00edderes y referentes en el mercado, en este caso con la Honda Tornado\u201d, afirm\u00f3 V\u00edctor Pruvost, Gerente Comercial de Honda Motor de Argentina.<\/p><\/blockquote>\n<p>&nbsp;<\/p>\n<div id='gallery-1' class='gallery galleryid-291 gallery-columns-3 gallery-size-large'><figure class='gallery-item'>\n\t\t\t<div class='gallery-icon landscape'>\n\t\t\t\t<a href='https:\/\/autofans.com.ar\/wp-content\/uploads\/2023\/03\/honda-xr-250-tornado-gallery-ff0000-020180507200305.jpg'><img loading=\"lazy\" width=\"640\" height=\"356\" src=\"https:\/\/autofans.com.ar\/wp-content\/uploads\/2023\/03\/honda-xr-250-tornado-gallery-ff0000-020180507200305.jpg\" class=\"attachment-large size-large\" alt=\"Honda Tornado XR250\" aria-describedby=\"gallery-1-345\" srcset=\"https:\/\/autofans.com.ar\/wp-content\/uploads\/2023\/03\/honda-xr-250-tornado-gallery-ff0000-020180507200305.jpg 878w, https:\/\/autofans.com.ar\/wp-content\/uploads\/2023\/03\/honda-xr-250-tornado-gallery-ff0000-020180507200305-300x167.jpg 300w, https:\/\/autofans.com.ar\/wp-content\/uploads\/2023\/03\/honda-xr-250-tornado-gallery-ff0000-020180507200305-768x427.jpg 768w\" sizes=\"auto, (max-width: 640px) 100vw, 640px\" loading=\"lazy\" decoding=\"async\" \/><\/a>\n\t\t\t<\/div>\n\t\t\t\t<figcaption class='wp-caption-text gallery-caption' id='gallery-1-345'>\n\t\t\t\tHondaXR250 Tornado\n\t\t\t\t<\/figcaption><\/figure><figure class='gallery-item'>\n\t\t\t<div class='gallery-icon landscape'>\n\t\t\t\t<a href='https:\/\/autofans.com.ar\/wp-content\/uploads\/2023\/03\/honda-xr-250-tornado-gallery-220180507200305.jpg'><img loading=\"lazy\" width=\"640\" height=\"356\" src=\"https:\/\/autofans.com.ar\/wp-content\/uploads\/2023\/03\/honda-xr-250-tornado-gallery-220180507200305.jpg\" class=\"attachment-large size-large\" alt=\"Honda Tornado XR250\" aria-describedby=\"gallery-1-297\" srcset=\"https:\/\/autofans.com.ar\/wp-content\/uploads\/2023\/03\/honda-xr-250-tornado-gallery-220180507200305.jpg 878w, https:\/\/autofans.com.ar\/wp-content\/uploads\/2023\/03\/honda-xr-250-tornado-gallery-220180507200305-300x167.jpg 300w, https:\/\/autofans.com.ar\/wp-content\/uploads\/2023\/03\/honda-xr-250-tornado-gallery-220180507200305-768x427.jpg 768w\" sizes=\"auto, (max-width: 640px) 100vw, 640px\" loading=\"lazy\" decoding=\"async\" \/><\/a>\n\t\t\t<\/div>\n\t\t\t\t<figcaption class='wp-caption-text gallery-caption' id='gallery-1-297'>\n\t\t\t\tHondaXR250 Tornado\n\t\t\t\t<\/figcaption><\/figure><figure class='gallery-item'>\n\t\t\t<div class='gallery-icon landscape'>\n\t\t\t\t<a href='https:\/\/autofans.com.ar\/wp-content\/uploads\/2023\/03\/honda-xr-250-tornado-gallery-120180507200305.jpg'><img loading=\"lazy\" width=\"640\" height=\"356\" src=\"https:\/\/autofans.com.ar\/wp-content\/uploads\/2023\/03\/honda-xr-250-tornado-gallery-120180507200305.jpg\" class=\"attachment-large size-large\" alt=\"Honda Tornado XR250\" aria-describedby=\"gallery-1-301\" srcset=\"https:\/\/autofans.com.ar\/wp-content\/uploads\/2023\/03\/honda-xr-250-tornado-gallery-120180507200305.jpg 878w, https:\/\/autofans.com.ar\/wp-content\/uploads\/2023\/03\/honda-xr-250-tornado-gallery-120180507200305-300x167.jpg 300w, https:\/\/autofans.com.ar\/wp-content\/uploads\/2023\/03\/honda-xr-250-tornado-gallery-120180507200305-768x427.jpg 768w\" sizes=\"auto, (max-width: 640px) 100vw, 640px\" loading=\"lazy\" decoding=\"async\" \/><\/a>\n\t\t\t<\/div>\n\t\t\t\t<figcaption class='wp-caption-text gallery-caption' id='gallery-1-301'>\n\t\t\t\tHondaXR250 Tornado\n\t\t\t\t<\/figcaption><\/figure><figure class='gallery-item'>\n\t\t\t<div class='gallery-icon landscape'>\n\t\t\t\t<a href='https:\/\/autofans.com.ar\/wp-content\/uploads\/2023\/03\/honda-xr-190-l-gallery-ffffff-020181103175135.jpg'><img loading=\"lazy\" width=\"640\" height=\"356\" src=\"https:\/\/autofans.com.ar\/wp-content\/uploads\/2023\/03\/honda-xr-190-l-gallery-ffffff-020181103175135.jpg\" class=\"attachment-large size-large\" alt=\"HondaXR190L\" aria-describedby=\"gallery-1-346\" srcset=\"https:\/\/autofans.com.ar\/wp-content\/uploads\/2023\/03\/honda-xr-190-l-gallery-ffffff-020181103175135.jpg 878w, https:\/\/autofans.com.ar\/wp-content\/uploads\/2023\/03\/honda-xr-190-l-gallery-ffffff-020181103175135-300x167.jpg 300w, https:\/\/autofans.com.ar\/wp-content\/uploads\/2023\/03\/honda-xr-190-l-gallery-ffffff-020181103175135-768x427.jpg 768w\" sizes=\"auto, (max-width: 640px) 100vw, 640px\" loading=\"lazy\" decoding=\"async\" \/><\/a>\n\t\t\t<\/div>\n\t\t\t\t<figcaption class='wp-caption-text gallery-caption' id='gallery-1-346'>\n\t\t\t\tHondaXR190L\n\t\t\t\t<\/figcaption><\/figure><figure class='gallery-item'>\n\t\t\t<div class='gallery-icon landscape'>\n\t\t\t\t<a href='https:\/\/autofans.com.ar\/wp-content\/uploads\/2023\/03\/honda-xr-190-l-gallery-ffffff-020181103180759.jpg'><img loading=\"lazy\" width=\"640\" height=\"356\" src=\"https:\/\/autofans.com.ar\/wp-content\/uploads\/2023\/03\/honda-xr-190-l-gallery-ffffff-020181103180759.jpg\" class=\"attachment-large size-large\" alt=\"HondaXR190L\" aria-describedby=\"gallery-1-348\" srcset=\"https:\/\/autofans.com.ar\/wp-content\/uploads\/2023\/03\/honda-xr-190-l-gallery-ffffff-020181103180759.jpg 878w, https:\/\/autofans.com.ar\/wp-content\/uploads\/2023\/03\/honda-xr-190-l-gallery-ffffff-020181103180759-300x167.jpg 300w, https:\/\/autofans.com.ar\/wp-content\/uploads\/2023\/03\/honda-xr-190-l-gallery-ffffff-020181103180759-768x427.jpg 768w\" sizes=\"auto, (max-width: 640px) 100vw, 640px\" loading=\"lazy\" decoding=\"async\" \/><\/a>\n\t\t\t<\/div>\n\t\t\t\t<figcaption class='wp-caption-text gallery-caption' id='gallery-1-348'>\n\t\t\t\tHondaXR190L\n\t\t\t\t<\/figcaption><\/figure><figure class='gallery-item'>\n\t\t\t<div class='gallery-icon landscape'>\n\t\t\t\t<a href='https:\/\/autofans.com.ar\/wp-content\/uploads\/2023\/03\/honda-xr-190-l-gallery-120181103175135.jpg'><img loading=\"lazy\" width=\"640\" height=\"356\" src=\"https:\/\/autofans.com.ar\/wp-content\/uploads\/2023\/03\/honda-xr-190-l-gallery-120181103175135.jpg\" class=\"attachment-large size-large\" alt=\"HondaXR190L\" aria-describedby=\"gallery-1-347\" srcset=\"https:\/\/autofans.com.ar\/wp-content\/uploads\/2023\/03\/honda-xr-190-l-gallery-120181103175135.jpg 878w, https:\/\/autofans.com.ar\/wp-content\/uploads\/2023\/03\/honda-xr-190-l-gallery-120181103175135-300x167.jpg 300w, https:\/\/autofans.com.ar\/wp-content\/uploads\/2023\/03\/honda-xr-190-l-gallery-120181103175135-768x427.jpg 768w\" sizes=\"auto, (max-width: 640px) 100vw, 640px\" loading=\"lazy\" decoding=\"async\" \/><\/a>\n\t\t\t<\/div>\n\t\t\t\t<figcaption class='wp-caption-text gallery-caption' id='gallery-1-347'>\n\t\t\t\tHondaXR190L\n\t\t\t\t<\/figcaption><\/figure><figure class='gallery-item'>\n\t\t\t<div class='gallery-icon landscape'>\n\t\t\t\t<a href='https:\/\/autofans.com.ar\/wp-content\/uploads\/2023\/03\/honda-xr-150-l-gallery-ff0000-020181103181659.jpg'><img loading=\"lazy\" width=\"640\" height=\"356\" src=\"https:\/\/autofans.com.ar\/wp-content\/uploads\/2023\/03\/honda-xr-150-l-gallery-ff0000-020181103181659.jpg\" class=\"attachment-large size-large\" alt=\"Honda XR150L\" aria-describedby=\"gallery-1-354\" srcset=\"https:\/\/autofans.com.ar\/wp-content\/uploads\/2023\/03\/honda-xr-150-l-gallery-ff0000-020181103181659.jpg 878w, https:\/\/autofans.com.ar\/wp-content\/uploads\/2023\/03\/honda-xr-150-l-gallery-ff0000-020181103181659-300x167.jpg 300w, https:\/\/autofans.com.ar\/wp-content\/uploads\/2023\/03\/honda-xr-150-l-gallery-ff0000-020181103181659-768x427.jpg 768w\" sizes=\"auto, (max-width: 640px) 100vw, 640px\" loading=\"lazy\" decoding=\"async\" \/><\/a>\n\t\t\t<\/div>\n\t\t\t\t<figcaption class='wp-caption-text gallery-caption' id='gallery-1-354'>\n\t\t\t\tHondaXR150L\n\t\t\t\t<\/figcaption><\/figure><figure class='gallery-item'>\n\t\t\t<div class='gallery-icon landscape'>\n\t\t\t\t<a href='https:\/\/autofans.com.ar\/wp-content\/uploads\/2023\/03\/honda-xr-150-l-gallery-ff0000-020181103181721.jpg'><img loading=\"lazy\" width=\"640\" height=\"356\" src=\"https:\/\/autofans.com.ar\/wp-content\/uploads\/2023\/03\/honda-xr-150-l-gallery-ff0000-020181103181721.jpg\" class=\"attachment-large size-large\" alt=\"HondaXR150L\" aria-describedby=\"gallery-1-353\" srcset=\"https:\/\/autofans.com.ar\/wp-content\/uploads\/2023\/03\/honda-xr-150-l-gallery-ff0000-020181103181721.jpg 878w, https:\/\/autofans.com.ar\/wp-content\/uploads\/2023\/03\/honda-xr-150-l-gallery-ff0000-020181103181721-300x167.jpg 300w, https:\/\/autofans.com.ar\/wp-content\/uploads\/2023\/03\/honda-xr-150-l-gallery-ff0000-020181103181721-768x427.jpg 768w\" sizes=\"auto, (max-width: 640px) 100vw, 640px\" loading=\"lazy\" decoding=\"async\" \/><\/a>\n\t\t\t<\/div>\n\t\t\t\t<figcaption class='wp-caption-text gallery-caption' id='gallery-1-353'>\n\t\t\t\tHondaXR150L\n\t\t\t\t<\/figcaption><\/figure><figure class='gallery-item'>\n\t\t\t<div class='gallery-icon landscape'>\n\t\t\t\t<a href='https:\/\/autofans.com.ar\/wp-content\/uploads\/2023\/03\/honda-xr-150-l-gallery-120181103181721.jpg'><img loading=\"lazy\" width=\"640\" height=\"356\" src=\"https:\/\/autofans.com.ar\/wp-content\/uploads\/2023\/03\/honda-xr-150-l-gallery-120181103181721.jpg\" class=\"attachment-large size-large\" alt=\"HondaXR150L\" aria-describedby=\"gallery-1-352\" srcset=\"https:\/\/autofans.com.ar\/wp-content\/uploads\/2023\/03\/honda-xr-150-l-gallery-120181103181721.jpg 878w, https:\/\/autofans.com.ar\/wp-content\/uploads\/2023\/03\/honda-xr-150-l-gallery-120181103181721-300x167.jpg 300w, https:\/\/autofans.com.ar\/wp-content\/uploads\/2023\/03\/honda-xr-150-l-gallery-120181103181721-768x427.jpg 768w\" sizes=\"auto, (max-width: 640px) 100vw, 640px\" loading=\"lazy\" decoding=\"async\" \/><\/a>\n\t\t\t<\/div>\n\t\t\t\t<figcaption class='wp-caption-text gallery-caption' id='gallery-1-352'>\n\t\t\t\tHondaXR150L\n\t\t\t\t<\/figcaption><\/figure>\n\t\t<\/div>\n\n<p>&nbsp;<\/p>\n<p style=\"text-align: left;\">La Tornado XR250 presenta un dise\u00f1o frontal con faros, guardabarros y gui\u00f1os renovados. Tambi\u00e9n incorpora un corte que impide la puesta en movimiento de la moto con el soporte lateral extendido.\u00a0 Suma un sistema de bloqueo de manillar, desarrollados bajo las nuevas normas de seguridad.<\/p>\n<p>Este modelo tiene un precio p\u00fablico sugerido para febrero del 2023 de 1.567.100 pesos y una garant\u00eda de 3 a\u00f1os.<\/p>\n<p>A continuaci\u00f3n te dejamos los links a la web oficial de Honda Motos para que puedas ver los detalles de las nuevas <a href=\"https:\/\/motos.honda.com.ar\/modelos\/xr250-tornado\" target=\"_blank\" rel=\"noopener\">XR 250 Tornado<\/a>, <a href=\"https:\/\/motos.honda.com.ar\/modelos\/xr190l\" target=\"_blank\" rel=\"noopener\">XR 190 L<\/a> y <a href=\"https:\/\/motos.honda.com.ar\/modelos\/xr150l\" target=\"_blank\" rel=\"noopener\">XR 150 L<\/a>,<\/p>\n<p>&nbsp;<\/p>\n<p><em>Para enterarte de m\u00e1s novedades, no dejes de leer\u00a0<a href=\"https:\/\/autofans.thebrandsoup.com\/\" target=\"_blank\" rel=\"noopener\">nuestras notas<\/a>, de ver<\/em><strong><em>\u00a0<a href=\"https:\/\/www.youtube.com\/channel\/UCgAC8UGHZYbT6P7PpmVnP7g\" target=\"_blank\" rel=\"noopener\">AUTOFANS TV<\/a>\u00a0<\/em><\/strong><em>en nuestro<\/em><em>\u00a0canal de Youtube. Adem\u00e1s seguinos en\u00a0<a href=\"https:\/\/www.instagram.com\/autofanstv\/\" target=\"_blank\" rel=\"noopener\">INSTAGRAM<\/a>\u00a0y\u00a0<a href=\"https:\/\/www.scania.com\/ar\/es\/home.html\">FACEBOOK<\/a> para no perderte nada sobre las novedades del segmento automotor de Argentina y el mundo.<\/em><\/p>\n<p>&nbsp;<\/p>\n<p>&nbsp;<\/p>\n","protected":false},"excerpt":{"rendered":"<p>Honda mostr\u00f3 su renovada Tornado XR250 en el Enduro del Verano, evento donde la marca&#8230;<\/p>\n","protected":false},"author":2,"featured_media":362,"comment_status":"closed","ping_status":"open","sticky":false,"template":"","format":"standard","meta":{"footnotes":""},"categories":[1,9],"tags":[81,147,140,146,86,71,148,42],"class_list":["post-291","post","type-post","status-publish","format-standard","has-post-thumbnail","hentry","category-lanzamientos","category-motos-lanzamientos","tag-autofans","tag-endurodelverano","tag-honda-argentina","tag-honda-tornado-xr250","tag-industria-automotriz","tag-lanzamiento","tag-somoshondaenduro","tag-verano-2023"],"yoast_head":"<!-- This site is optimized with the Yoast SEO plugin v27.5 - https:\/\/yoast.com\/product\/yoast-seo-wordpress\/ -->\n<title>Honda present\u00f3 la renovada Tornado XR250 en Villa Gesell -<\/title>\n<meta name=\"description\" content=\"Honda mostr\u00f3 su renovada Tornado XR250 en el Enduro del Verano, evento donde la marca estuvo presente con sus modelos XR150L, XR190L...\" \/>\n<meta name=\"robots\" content=\"index, follow, max-snippet:-1, max-image-preview:large, max-video-preview:-1\" \/>\n<link rel=\"canonical\" href=\"https:\/\/autofans.com.ar\/index.php\/2023\/03\/01\/honda-presento-la-renovada-tornado-xr250-en-villa-gesell\/\" \/>\n<meta property=\"og:locale\" content=\"es_ES\" \/>\n<meta property=\"og:type\" content=\"article\" \/>\n<meta property=\"og:title\" content=\"Honda present\u00f3 la renovada Tornado XR250 en Villa Gesell -\" \/>\n<meta property=\"og:description\" content=\"Honda mostr\u00f3 su renovada Tornado XR250 en el Enduro del Verano, evento donde la marca estuvo presente con sus modelos XR150L, XR190L...\" \/>\n<meta property=\"og:url\" content=\"https:\/\/autofans.com.ar\/index.php\/2023\/03\/01\/honda-presento-la-renovada-tornado-xr250-en-villa-gesell\/\" \/>\n<meta property=\"article:published_time\" content=\"2023-03-01T18:02:29+00:00\" \/>\n<meta property=\"article:modified_time\" content=\"2023-03-02T20:41:02+00:00\" \/>\n<meta property=\"og:image\" content=\"https:\/\/autofans.com.ar\/wp-content\/uploads\/2023\/03\/Honda-Stand.jpg\" \/>\n\t<meta property=\"og:image:width\" content=\"1000\" \/>\n\t<meta property=\"og:image:height\" content=\"667\" \/>\n\t<meta property=\"og:image:type\" content=\"image\/jpeg\" \/>\n<meta name=\"author\" content=\"Alejandro Gabriel Rosito\" \/>\n<meta name=\"twitter:card\" content=\"summary_large_image\" \/>\n<meta name=\"twitter:label1\" content=\"Escrito por\" \/>\n\t<meta name=\"twitter:data1\" content=\"Alejandro Gabriel Rosito\" \/>\n\t<meta name=\"twitter:label2\" content=\"Tiempo de lectura\" \/>\n\t<meta name=\"twitter:data2\" content=\"2 minutos\" \/>\n<script type=\"application\/ld+json\" class=\"yoast-schema-graph\">{\"@context\":\"https:\\\/\\\/schema.org\",\"@graph\":[{\"@type\":\"Article\",\"@id\":\"https:\\\/\\\/autofans.com.ar\\\/index.php\\\/2023\\\/03\\\/01\\\/honda-presento-la-renovada-tornado-xr250-en-villa-gesell\\\/#article\",\"isPartOf\":{\"@id\":\"https:\\\/\\\/autofans.com.ar\\\/index.php\\\/2023\\\/03\\\/01\\\/honda-presento-la-renovada-tornado-xr250-en-villa-gesell\\\/\"},\"author\":{\"name\":\"Alejandro Gabriel Rosito\",\"@id\":\"https:\\\/\\\/autofans.com.ar\\\/#\\\/schema\\\/person\\\/4a8dda0b6df83ac3d6723e921274c2aa\"},\"headline\":\"Honda present\u00f3 la renovada Tornado XR250 en Villa Gesell\",\"datePublished\":\"2023-03-01T18:02:29+00:00\",\"dateModified\":\"2023-03-02T20:41:02+00:00\",\"mainEntityOfPage\":{\"@id\":\"https:\\\/\\\/autofans.com.ar\\\/index.php\\\/2023\\\/03\\\/01\\\/honda-presento-la-renovada-tornado-xr250-en-villa-gesell\\\/\"},\"wordCount\":366,\"image\":{\"@id\":\"https:\\\/\\\/autofans.com.ar\\\/index.php\\\/2023\\\/03\\\/01\\\/honda-presento-la-renovada-tornado-xr250-en-villa-gesell\\\/#primaryimage\"},\"thumbnailUrl\":\"https:\\\/\\\/autofans.com.ar\\\/wp-content\\\/uploads\\\/2023\\\/03\\\/Honda-Stand.jpg\",\"keywords\":[\"AutoFans+\",\"EndurodelVerano\",\"Honda Argentina\",\"Honda Tornado XR250\",\"Industria Automotriz\",\"Lanzamiento\",\"SomosHondaEnduro\",\"Verano 2023\"],\"articleSection\":[\"LANZAMIENTOS\",\"Motos\"],\"inLanguage\":\"es\"},{\"@type\":\"WebPage\",\"@id\":\"https:\\\/\\\/autofans.com.ar\\\/index.php\\\/2023\\\/03\\\/01\\\/honda-presento-la-renovada-tornado-xr250-en-villa-gesell\\\/\",\"url\":\"https:\\\/\\\/autofans.com.ar\\\/index.php\\\/2023\\\/03\\\/01\\\/honda-presento-la-renovada-tornado-xr250-en-villa-gesell\\\/\",\"name\":\"Honda present\u00f3 la renovada Tornado XR250 en Villa Gesell -\",\"isPartOf\":{\"@id\":\"https:\\\/\\\/autofans.com.ar\\\/#website\"},\"primaryImageOfPage\":{\"@id\":\"https:\\\/\\\/autofans.com.ar\\\/index.php\\\/2023\\\/03\\\/01\\\/honda-presento-la-renovada-tornado-xr250-en-villa-gesell\\\/#primaryimage\"},\"image\":{\"@id\":\"https:\\\/\\\/autofans.com.ar\\\/index.php\\\/2023\\\/03\\\/01\\\/honda-presento-la-renovada-tornado-xr250-en-villa-gesell\\\/#primaryimage\"},\"thumbnailUrl\":\"https:\\\/\\\/autofans.com.ar\\\/wp-content\\\/uploads\\\/2023\\\/03\\\/Honda-Stand.jpg\",\"datePublished\":\"2023-03-01T18:02:29+00:00\",\"dateModified\":\"2023-03-02T20:41:02+00:00\",\"author\":{\"@id\":\"https:\\\/\\\/autofans.com.ar\\\/#\\\/schema\\\/person\\\/4a8dda0b6df83ac3d6723e921274c2aa\"},\"description\":\"Honda mostr\u00f3 su renovada Tornado XR250 en el Enduro del Verano, evento donde la marca estuvo presente con sus modelos XR150L, XR190L...\",\"breadcrumb\":{\"@id\":\"https:\\\/\\\/autofans.com.ar\\\/index.php\\\/2023\\\/03\\\/01\\\/honda-presento-la-renovada-tornado-xr250-en-villa-gesell\\\/#breadcrumb\"},\"inLanguage\":\"es\",\"potentialAction\":[{\"@type\":\"ReadAction\",\"target\":[\"https:\\\/\\\/autofans.com.ar\\\/index.php\\\/2023\\\/03\\\/01\\\/honda-presento-la-renovada-tornado-xr250-en-villa-gesell\\\/\"]}]},{\"@type\":\"ImageObject\",\"inLanguage\":\"es\",\"@id\":\"https:\\\/\\\/autofans.com.ar\\\/index.php\\\/2023\\\/03\\\/01\\\/honda-presento-la-renovada-tornado-xr250-en-villa-gesell\\\/#primaryimage\",\"url\":\"https:\\\/\\\/autofans.com.ar\\\/wp-content\\\/uploads\\\/2023\\\/03\\\/Honda-Stand.jpg\",\"contentUrl\":\"https:\\\/\\\/autofans.com.ar\\\/wp-content\\\/uploads\\\/2023\\\/03\\\/Honda-Stand.jpg\",\"width\":1000,\"height\":667,\"caption\":\"Honda Tornado XR250, stand costa\"},{\"@type\":\"BreadcrumbList\",\"@id\":\"https:\\\/\\\/autofans.com.ar\\\/index.php\\\/2023\\\/03\\\/01\\\/honda-presento-la-renovada-tornado-xr250-en-villa-gesell\\\/#breadcrumb\",\"itemListElement\":[{\"@type\":\"ListItem\",\"position\":1,\"name\":\"Inicio\",\"item\":\"https:\\\/\\\/autofans.com.ar\\\/\"},{\"@type\":\"ListItem\",\"position\":2,\"name\":\"Honda present\u00f3 la renovada Tornado XR250 en Villa Gesell\"}]},{\"@type\":\"WebSite\",\"@id\":\"https:\\\/\\\/autofans.com.ar\\\/#website\",\"url\":\"https:\\\/\\\/autofans.com.ar\\\/\",\"name\":\"\",\"description\":\"El multimedio referente de la industria automotriz\",\"potentialAction\":[{\"@type\":\"SearchAction\",\"target\":{\"@type\":\"EntryPoint\",\"urlTemplate\":\"https:\\\/\\\/autofans.com.ar\\\/?s={search_term_string}\"},\"query-input\":{\"@type\":\"PropertyValueSpecification\",\"valueRequired\":true,\"valueName\":\"search_term_string\"}}],\"inLanguage\":\"es\"},{\"@type\":\"Person\",\"@id\":\"https:\\\/\\\/autofans.com.ar\\\/#\\\/schema\\\/person\\\/4a8dda0b6df83ac3d6723e921274c2aa\",\"name\":\"Alejandro Gabriel Rosito\",\"image\":{\"@type\":\"ImageObject\",\"inLanguage\":\"es\",\"@id\":\"https:\\\/\\\/secure.gravatar.com\\\/avatar\\\/16c5dda1489adfc62618084dcbb91cffd879c374b13fe5dd8e44ed6733852c88?s=96&d=mm&r=g\",\"url\":\"https:\\\/\\\/secure.gravatar.com\\\/avatar\\\/16c5dda1489adfc62618084dcbb91cffd879c374b13fe5dd8e44ed6733852c88?s=96&d=mm&r=g\",\"contentUrl\":\"https:\\\/\\\/secure.gravatar.com\\\/avatar\\\/16c5dda1489adfc62618084dcbb91cffd879c374b13fe5dd8e44ed6733852c88?s=96&d=mm&r=g\",\"caption\":\"Alejandro Gabriel Rosito\"},\"url\":\"https:\\\/\\\/autofans.com.ar\\\/index.php\\\/author\\\/gabrielr\\\/\"}]}<\/script>\n<!-- \/ Yoast SEO plugin. -->","yoast_head_json":{"title":"Honda present\u00f3 la renovada Tornado XR250 en Villa Gesell -","description":"Honda mostr\u00f3 su renovada Tornado XR250 en el Enduro del Verano, evento donde la marca estuvo presente con sus modelos XR150L, XR190L...","robots":{"index":"index","follow":"follow","max-snippet":"max-snippet:-1","max-image-preview":"max-image-preview:large","max-video-preview":"max-video-preview:-1"},"canonical":"https:\/\/autofans.com.ar\/index.php\/2023\/03\/01\/honda-presento-la-renovada-tornado-xr250-en-villa-gesell\/","og_locale":"es_ES","og_type":"article","og_title":"Honda present\u00f3 la renovada Tornado XR250 en Villa Gesell -","og_description":"Honda mostr\u00f3 su renovada Tornado XR250 en el Enduro del Verano, evento donde la marca estuvo presente con sus modelos XR150L, XR190L...","og_url":"https:\/\/autofans.com.ar\/index.php\/2023\/03\/01\/honda-presento-la-renovada-tornado-xr250-en-villa-gesell\/","article_published_time":"2023-03-01T18:02:29+00:00","article_modified_time":"2023-03-02T20:41:02+00:00","og_image":[{"width":1000,"height":667,"url":"https:\/\/autofans.com.ar\/wp-content\/uploads\/2023\/03\/Honda-Stand.jpg","type":"image\/jpeg"}],"author":"Alejandro Gabriel Rosito","twitter_card":"summary_large_image","twitter_misc":{"Escrito por":"Alejandro Gabriel Rosito","Tiempo de lectura":"2 minutos"},"schema":{"@context":"https:\/\/schema.org","@graph":[{"@type":"Article","@id":"https:\/\/autofans.com.ar\/index.php\/2023\/03\/01\/honda-presento-la-renovada-tornado-xr250-en-villa-gesell\/#article","isPartOf":{"@id":"https:\/\/autofans.com.ar\/index.php\/2023\/03\/01\/honda-presento-la-renovada-tornado-xr250-en-villa-gesell\/"},"author":{"name":"Alejandro Gabriel Rosito","@id":"https:\/\/autofans.com.ar\/#\/schema\/person\/4a8dda0b6df83ac3d6723e921274c2aa"},"headline":"Honda present\u00f3 la renovada Tornado XR250 en Villa Gesell","datePublished":"2023-03-01T18:02:29+00:00","dateModified":"2023-03-02T20:41:02+00:00","mainEntityOfPage":{"@id":"https:\/\/autofans.com.ar\/index.php\/2023\/03\/01\/honda-presento-la-renovada-tornado-xr250-en-villa-gesell\/"},"wordCount":366,"image":{"@id":"https:\/\/autofans.com.ar\/index.php\/2023\/03\/01\/honda-presento-la-renovada-tornado-xr250-en-villa-gesell\/#primaryimage"},"thumbnailUrl":"https:\/\/autofans.com.ar\/wp-content\/uploads\/2023\/03\/Honda-Stand.jpg","keywords":["AutoFans+","EndurodelVerano","Honda Argentina","Honda Tornado XR250","Industria Automotriz","Lanzamiento","SomosHondaEnduro","Verano 2023"],"articleSection":["LANZAMIENTOS","Motos"],"inLanguage":"es"},{"@type":"WebPage","@id":"https:\/\/autofans.com.ar\/index.php\/2023\/03\/01\/honda-presento-la-renovada-tornado-xr250-en-villa-gesell\/","url":"https:\/\/autofans.com.ar\/index.php\/2023\/03\/01\/honda-presento-la-renovada-tornado-xr250-en-villa-gesell\/","name":"Honda present\u00f3 la renovada Tornado XR250 en Villa Gesell -","isPartOf":{"@id":"https:\/\/autofans.com.ar\/#website"},"primaryImageOfPage":{"@id":"https:\/\/autofans.com.ar\/index.php\/2023\/03\/01\/honda-presento-la-renovada-tornado-xr250-en-villa-gesell\/#primaryimage"},"image":{"@id":"https:\/\/autofans.com.ar\/index.php\/2023\/03\/01\/honda-presento-la-renovada-tornado-xr250-en-villa-gesell\/#primaryimage"},"thumbnailUrl":"https:\/\/autofans.com.ar\/wp-content\/uploads\/2023\/03\/Honda-Stand.jpg","datePublished":"2023-03-01T18:02:29+00:00","dateModified":"2023-03-02T20:41:02+00:00","author":{"@id":"https:\/\/autofans.com.ar\/#\/schema\/person\/4a8dda0b6df83ac3d6723e921274c2aa"},"description":"Honda mostr\u00f3 su renovada Tornado XR250 en el Enduro del Verano, evento donde la marca estuvo presente con sus modelos XR150L, XR190L...","breadcrumb":{"@id":"https:\/\/autofans.com.ar\/index.php\/2023\/03\/01\/honda-presento-la-renovada-tornado-xr250-en-villa-gesell\/#breadcrumb"},"inLanguage":"es","potentialAction":[{"@type":"ReadAction","target":["https:\/\/autofans.com.ar\/index.php\/2023\/03\/01\/honda-presento-la-renovada-tornado-xr250-en-villa-gesell\/"]}]},{"@type":"ImageObject","inLanguage":"es","@id":"https:\/\/autofans.com.ar\/index.php\/2023\/03\/01\/honda-presento-la-renovada-tornado-xr250-en-villa-gesell\/#primaryimage","url":"https:\/\/autofans.com.ar\/wp-content\/uploads\/2023\/03\/Honda-Stand.jpg","contentUrl":"https:\/\/autofans.com.ar\/wp-content\/uploads\/2023\/03\/Honda-Stand.jpg","width":1000,"height":667,"caption":"Honda Tornado XR250, stand costa"},{"@type":"BreadcrumbList","@id":"https:\/\/autofans.com.ar\/index.php\/2023\/03\/01\/honda-presento-la-renovada-tornado-xr250-en-villa-gesell\/#breadcrumb","itemListElement":[{"@type":"ListItem","position":1,"name":"Inicio","item":"https:\/\/autofans.com.ar\/"},{"@type":"ListItem","position":2,"name":"Honda present\u00f3 la renovada Tornado XR250 en Villa Gesell"}]},{"@type":"WebSite","@id":"https:\/\/autofans.com.ar\/#website","url":"https:\/\/autofans.com.ar\/","name":"","description":"El multimedio referente de la industria automotriz","potentialAction":[{"@type":"SearchAction","target":{"@type":"EntryPoint","urlTemplate":"https:\/\/autofans.com.ar\/?s={search_term_string}"},"query-input":{"@type":"PropertyValueSpecification","valueRequired":true,"valueName":"search_term_string"}}],"inLanguage":"es"},{"@type":"Person","@id":"https:\/\/autofans.com.ar\/#\/schema\/person\/4a8dda0b6df83ac3d6723e921274c2aa","name":"Alejandro Gabriel Rosito","image":{"@type":"ImageObject","inLanguage":"es","@id":"https:\/\/secure.gravatar.com\/avatar\/16c5dda1489adfc62618084dcbb91cffd879c374b13fe5dd8e44ed6733852c88?s=96&d=mm&r=g","url":"https:\/\/secure.gravatar.com\/avatar\/16c5dda1489adfc62618084dcbb91cffd879c374b13fe5dd8e44ed6733852c88?s=96&d=mm&r=g","contentUrl":"https:\/\/secure.gravatar.com\/avatar\/16c5dda1489adfc62618084dcbb91cffd879c374b13fe5dd8e44ed6733852c88?s=96&d=mm&r=g","caption":"Alejandro Gabriel Rosito"},"url":"https:\/\/autofans.com.ar\/index.php\/author\/gabrielr\/"}]}},"featured_image_urls":{"full":["https:\/\/autofans.com.ar\/wp-content\/uploads\/2023\/03\/Honda-Stand.jpg",1000,667,false],"thumbnail":["https:\/\/autofans.com.ar\/wp-content\/uploads\/2023\/03\/Honda-Stand-150x150.jpg",150,150,true],"medium":["https:\/\/autofans.com.ar\/wp-content\/uploads\/2023\/03\/Honda-Stand-300x200.jpg",300,200,true],"medium_large":["https:\/\/autofans.com.ar\/wp-content\/uploads\/2023\/03\/Honda-Stand-768x512.jpg",640,427,true],"large":["https:\/\/autofans.com.ar\/wp-content\/uploads\/2023\/03\/Honda-Stand.jpg",640,427,false],"1536x1536":["https:\/\/autofans.com.ar\/wp-content\/uploads\/2023\/03\/Honda-Stand.jpg",1000,667,false],"2048x2048":["https:\/\/autofans.com.ar\/wp-content\/uploads\/2023\/03\/Honda-Stand.jpg",1000,667,false],"covernews-featured":["https:\/\/autofans.com.ar\/wp-content\/uploads\/2023\/03\/Honda-Stand.jpg",1000,667,false],"covernews-medium":["https:\/\/autofans.com.ar\/wp-content\/uploads\/2023\/03\/Honda-Stand-540x340.jpg",540,340,true]},"author_info":{"display_name":"Alejandro Gabriel Rosito","author_link":"https:\/\/autofans.com.ar\/index.php\/author\/gabrielr\/"},"category_info":"<a href=\"https:\/\/autofans.com.ar\/index.php\/category\/lanzamientos\/\" rel=\"category tag\">LANZAMIENTOS<\/a> <a href=\"https:\/\/autofans.com.ar\/index.php\/category\/lanzamientos\/motos-lanzamientos\/\" rel=\"category tag\">Motos<\/a>","tag_info":"Motos","comment_count":0,"_links":{"self":[{"href":"https:\/\/autofans.com.ar\/index.php\/wp-json\/wp\/v2\/posts\/291","targetHints":{"allow":["GET"]}}],"collection":[{"href":"https:\/\/autofans.com.ar\/index.php\/wp-json\/wp\/v2\/posts"}],"about":[{"href":"https:\/\/autofans.com.ar\/index.php\/wp-json\/wp\/v2\/types\/post"}],"author":[{"embeddable":true,"href":"https:\/\/autofans.com.ar\/index.php\/wp-json\/wp\/v2\/users\/2"}],"replies":[{"embeddable":true,"href":"https:\/\/autofans.com.ar\/index.php\/wp-json\/wp\/v2\/comments?post=291"}],"version-history":[{"count":21,"href":"https:\/\/autofans.com.ar\/index.php\/wp-json\/wp\/v2\/posts\/291\/revisions"}],"predecessor-version":[{"id":452,"href":"https:\/\/autofans.com.ar\/index.php\/wp-json\/wp\/v2\/posts\/291\/revisions\/452"}],"wp:featuredmedia":[{"embeddable":true,"href":"https:\/\/autofans.com.ar\/index.php\/wp-json\/wp\/v2\/media\/362"}],"wp:attachment":[{"href":"https:\/\/autofans.com.ar\/index.php\/wp-json\/wp\/v2\/media?parent=291"}],"wp:term":[{"taxonomy":"category","embeddable":true,"href":"https:\/\/autofans.com.ar\/index.php\/wp-json\/wp\/v2\/categories?post=291"},{"taxonomy":"post_tag","embeddable":true,"href":"https:\/\/autofans.com.ar\/index.php\/wp-json\/wp\/v2\/tags?post=291"}],"curies":[{"name":"wp","href":"https:\/\/api.w.org\/{rel}","templated":true}]}}