{"id":2924,"date":"2023-05-30T16:34:46","date_gmt":"2023-05-30T19:34:46","guid":{"rendered":"https:\/\/autofans.com.ar\/?p=2924"},"modified":"2023-05-30T16:34:46","modified_gmt":"2023-05-30T19:34:46","slug":"volkswagen-meteor-llega-a-cordoba-el-nuevo-camion-extrapesado-de-alto-rendimiento","status":"publish","type":"post","link":"https:\/\/autofans.com.ar\/index.php\/2023\/05\/30\/volkswagen-meteor-llega-a-cordoba-el-nuevo-camion-extrapesado-de-alto-rendimiento\/","title":{"rendered":"Volkswagen Meteor llega a C\u00f3rdoba: el nuevo cami\u00f3n extrapesado de alto rendimiento"},"content":{"rendered":"<p>Corcam S.A., el concesionario oficial de Volkswagen en C\u00f3rdoba, ha presentado el esperado Volkswagen Meteor 28.460, el \u00faltimo cami\u00f3n extrapesado de alto rendimiento de la reconocida marca automotriz. Durante el evento, dos unidades del Meteor fueron entregadas a DVS, una empresa l\u00edder en transporte y log\u00edstica en la regi\u00f3n. Con su impresionante potencia de 460 CV y una garant\u00eda especial de 2 a\u00f1os sin l\u00edmite de kil\u00f3metros, el Volkswagen Meteor se posiciona como una opci\u00f3n confiable y eficiente para las operaciones comerciales en Argentina y pa\u00edses vecinos.<\/p>\n<p>&nbsp;<\/p>\n<p><img fetchpriority=\"high\" decoding=\"async\" class=\"aligncenter wp-image-2925 size-full\" src=\"https:\/\/autofans.com.ar\/wp-content\/uploads\/2023\/05\/foto-4-29.jpg\" alt=\"Meteor\" width=\"1000\" height=\"667\" srcset=\"https:\/\/autofans.com.ar\/wp-content\/uploads\/2023\/05\/foto-4-29.jpg 1000w, https:\/\/autofans.com.ar\/wp-content\/uploads\/2023\/05\/foto-4-29-300x200.jpg 300w, https:\/\/autofans.com.ar\/wp-content\/uploads\/2023\/05\/foto-4-29-768x512.jpg 768w\" sizes=\"(max-width: 1000px) 100vw, 1000px\" \/><\/p>\n<p>El Meteor, presentado por Jorge Lago, presidente de <a href=\"https:\/\/corcam.com.ar\" target=\"_blank\" rel=\"noopener\">Corcam S.A.<\/a>, promete brindar una experiencia de conducci\u00f3n excepcional, combinando fortaleza, tecnolog\u00eda, agilidad y robustez. Durante su discurso, Lago destac\u00f3 la importancia de este veh\u00edculo para una operaci\u00f3n segura y \u00f3ptima en t\u00e9rminos econ\u00f3micos, respaldando as\u00ed a los operadores de transporte.<\/p>\n<p>&nbsp;<\/p>\n<p><img decoding=\"async\" class=\"aligncenter wp-image-2928 size-full\" src=\"https:\/\/autofans.com.ar\/wp-content\/uploads\/2023\/05\/foto-1-51.jpg\" alt=\"Meteor\" width=\"1000\" height=\"667\" srcset=\"https:\/\/autofans.com.ar\/wp-content\/uploads\/2023\/05\/foto-1-51.jpg 1000w, https:\/\/autofans.com.ar\/wp-content\/uploads\/2023\/05\/foto-1-51-300x200.jpg 300w, https:\/\/autofans.com.ar\/wp-content\/uploads\/2023\/05\/foto-1-51-768x512.jpg 768w\" sizes=\"(max-width: 1000px) 100vw, 1000px\" \/><\/p>\n<p>DVS, una empresa reconocida en el sector, ha incorporado el Volkswagen Meteor a su impresionante flota de m\u00e1s de 20 unidades de la marca. Adolfo Buff, representante de DVS, expres\u00f3 su confianza en el Meteor y su compromiso con la escalabilidad y el crecimiento empresarial. Adem\u00e1s, resalt\u00f3 la garant\u00eda especial del veh\u00edculo, que sin duda beneficiar\u00e1 a su compa\u00f1\u00eda.<\/p>\n<p>La llegada del Volkswagen Meteor no es la \u00fanica raz\u00f3n de celebraci\u00f3n para C\u00f3rdoba. La pr\u00f3xima f\u00e1brica de producci\u00f3n de camiones de Volkswagen Argentina, anunciada en diciembre de 2022 y ubicada en el Centro Industrial de C\u00f3rdoba. Esto refuerza el compromiso de la marca con la regi\u00f3n y su contribuci\u00f3n al desarrollo econ\u00f3mico y tecnol\u00f3gico.<\/p>\n<p>&nbsp;<\/p>\n<p><img decoding=\"async\" class=\"aligncenter wp-image-2927 size-full\" src=\"https:\/\/autofans.com.ar\/wp-content\/uploads\/2023\/05\/foto-2-50.jpg\" alt=\"Meteor\" width=\"1000\" height=\"667\" srcset=\"https:\/\/autofans.com.ar\/wp-content\/uploads\/2023\/05\/foto-2-50.jpg 1000w, https:\/\/autofans.com.ar\/wp-content\/uploads\/2023\/05\/foto-2-50-300x200.jpg 300w, https:\/\/autofans.com.ar\/wp-content\/uploads\/2023\/05\/foto-2-50-768x512.jpg 768w\" sizes=\"(max-width: 1000px) 100vw, 1000px\" \/><\/p>\n<p>El Meteor se posiciona como una opci\u00f3n atractiva para los profesionales del transporte y la log\u00edstica en C\u00f3rdoba y m\u00e1s all\u00e1. La combinaci\u00f3n de potencia, confiabilidad y garant\u00eda brinda un valor agregado significativo para aquellos que buscan mejorar su flota y optimizar sus operaciones.<\/p>\n<p>&nbsp;<\/p>\n<p><i>Para enterarte de m\u00e1s novedades, no dejes de leer\u00a0<\/i><a href=\"https:\/\/autofans.thebrandsoup.com\/\"><i>nuestras notas<\/i><\/a><i>, de ver<\/i><b><i>\u00a0<\/i><\/b><a href=\"https:\/\/www.youtube.com\/channel\/UCgAC8UGHZYbT6P7PpmVnP7g\"><b><i>AUTOFANS TV<\/i><\/b><\/a><b><i>\u00a0<\/i><\/b><i>en nuestro\u00a0canal de Youtube. Adem\u00e1s seguinos en\u00a0<\/i><a href=\"https:\/\/www.instagram.com\/autofanstv\/\"><i>INSTAGRAM<\/i><\/a><i> y <\/i><a href=\"https:\/\/www.facebook.com\/autofansmas\/\"><i>FACEBOOK<\/i><\/a><i> para no perderte nada sobre las novedades del segmento automotor de Argentina y el mundo. <\/i><\/p>\n","protected":false},"excerpt":{"rendered":"<p>Corcam S.A., el concesionario oficial de Volkswagen en C\u00f3rdoba, ha presentado el esperado Volkswagen Meteor&#8230;<\/p>\n","protected":false},"author":2,"featured_media":2926,"comment_status":"closed","ping_status":"closed","sticky":false,"template":"","format":"standard","meta":{"footnotes":""},"categories":[1,10],"tags":[],"class_list":["post-2924","post","type-post","status-publish","format-standard","has-post-thumbnail","hentry","category-lanzamientos","category-utilitarios-y-pesados-lanzamientos"],"yoast_head":"<!-- This site is optimized with the Yoast SEO plugin v27.5 - https:\/\/yoast.com\/product\/yoast-seo-wordpress\/ -->\n<title>Volkswagen Meteor llega a C\u00f3rdoba: el nuevo cami\u00f3n extrapesado de alto rendimiento -<\/title>\n<meta name=\"description\" content=\"Corcam S.A., el concesionario oficial de Volkswagen en C\u00f3rdoba ha presentado el esperado Volkswagen Meteor, el \u00faltimo cami\u00f3n extrapesado...\" \/>\n<meta name=\"robots\" content=\"index, follow, max-snippet:-1, max-image-preview:large, max-video-preview:-1\" \/>\n<link rel=\"canonical\" href=\"https:\/\/autofans.com.ar\/index.php\/2023\/05\/30\/volkswagen-meteor-llega-a-cordoba-el-nuevo-camion-extrapesado-de-alto-rendimiento\/\" \/>\n<meta property=\"og:locale\" content=\"es_ES\" \/>\n<meta property=\"og:type\" content=\"article\" \/>\n<meta property=\"og:title\" content=\"Volkswagen Meteor llega a C\u00f3rdoba: el nuevo cami\u00f3n extrapesado de alto rendimiento -\" \/>\n<meta property=\"og:description\" content=\"Corcam S.A., el concesionario oficial de Volkswagen en C\u00f3rdoba ha presentado el esperado Volkswagen Meteor, el \u00faltimo cami\u00f3n extrapesado...\" \/>\n<meta property=\"og:url\" content=\"https:\/\/autofans.com.ar\/index.php\/2023\/05\/30\/volkswagen-meteor-llega-a-cordoba-el-nuevo-camion-extrapesado-de-alto-rendimiento\/\" \/>\n<meta property=\"article:published_time\" content=\"2023-05-30T19:34:46+00:00\" \/>\n<meta property=\"og:image\" content=\"https:\/\/autofans.com.ar\/wp-content\/uploads\/2023\/05\/foto-3-41.jpg\" \/>\n\t<meta property=\"og:image:width\" content=\"1000\" \/>\n\t<meta property=\"og:image:height\" content=\"667\" \/>\n\t<meta property=\"og:image:type\" content=\"image\/jpeg\" \/>\n<meta name=\"author\" content=\"Alejandro Gabriel Rosito\" \/>\n<meta name=\"twitter:card\" content=\"summary_large_image\" \/>\n<meta name=\"twitter:label1\" content=\"Escrito por\" \/>\n\t<meta name=\"twitter:data1\" content=\"Alejandro Gabriel Rosito\" \/>\n\t<meta name=\"twitter:label2\" content=\"Tiempo de lectura\" \/>\n\t<meta name=\"twitter:data2\" content=\"3 minutos\" \/>\n<script type=\"application\/ld+json\" class=\"yoast-schema-graph\">{\"@context\":\"https:\\\/\\\/schema.org\",\"@graph\":[{\"@type\":\"Article\",\"@id\":\"https:\\\/\\\/autofans.com.ar\\\/index.php\\\/2023\\\/05\\\/30\\\/volkswagen-meteor-llega-a-cordoba-el-nuevo-camion-extrapesado-de-alto-rendimiento\\\/#article\",\"isPartOf\":{\"@id\":\"https:\\\/\\\/autofans.com.ar\\\/index.php\\\/2023\\\/05\\\/30\\\/volkswagen-meteor-llega-a-cordoba-el-nuevo-camion-extrapesado-de-alto-rendimiento\\\/\"},\"author\":{\"name\":\"Alejandro Gabriel Rosito\",\"@id\":\"https:\\\/\\\/autofans.com.ar\\\/#\\\/schema\\\/person\\\/4a8dda0b6df83ac3d6723e921274c2aa\"},\"headline\":\"Volkswagen Meteor llega a C\u00f3rdoba: el nuevo cami\u00f3n extrapesado de alto rendimiento\",\"datePublished\":\"2023-05-30T19:34:46+00:00\",\"mainEntityOfPage\":{\"@id\":\"https:\\\/\\\/autofans.com.ar\\\/index.php\\\/2023\\\/05\\\/30\\\/volkswagen-meteor-llega-a-cordoba-el-nuevo-camion-extrapesado-de-alto-rendimiento\\\/\"},\"wordCount\":391,\"image\":{\"@id\":\"https:\\\/\\\/autofans.com.ar\\\/index.php\\\/2023\\\/05\\\/30\\\/volkswagen-meteor-llega-a-cordoba-el-nuevo-camion-extrapesado-de-alto-rendimiento\\\/#primaryimage\"},\"thumbnailUrl\":\"https:\\\/\\\/autofans.com.ar\\\/wp-content\\\/uploads\\\/2023\\\/05\\\/foto-3-41.jpg\",\"articleSection\":[\"LANZAMIENTOS\",\"Pick Ups, Utilitarios y Pesados\"],\"inLanguage\":\"es\"},{\"@type\":\"WebPage\",\"@id\":\"https:\\\/\\\/autofans.com.ar\\\/index.php\\\/2023\\\/05\\\/30\\\/volkswagen-meteor-llega-a-cordoba-el-nuevo-camion-extrapesado-de-alto-rendimiento\\\/\",\"url\":\"https:\\\/\\\/autofans.com.ar\\\/index.php\\\/2023\\\/05\\\/30\\\/volkswagen-meteor-llega-a-cordoba-el-nuevo-camion-extrapesado-de-alto-rendimiento\\\/\",\"name\":\"Volkswagen Meteor llega a C\u00f3rdoba: el nuevo cami\u00f3n extrapesado de alto rendimiento -\",\"isPartOf\":{\"@id\":\"https:\\\/\\\/autofans.com.ar\\\/#website\"},\"primaryImageOfPage\":{\"@id\":\"https:\\\/\\\/autofans.com.ar\\\/index.php\\\/2023\\\/05\\\/30\\\/volkswagen-meteor-llega-a-cordoba-el-nuevo-camion-extrapesado-de-alto-rendimiento\\\/#primaryimage\"},\"image\":{\"@id\":\"https:\\\/\\\/autofans.com.ar\\\/index.php\\\/2023\\\/05\\\/30\\\/volkswagen-meteor-llega-a-cordoba-el-nuevo-camion-extrapesado-de-alto-rendimiento\\\/#primaryimage\"},\"thumbnailUrl\":\"https:\\\/\\\/autofans.com.ar\\\/wp-content\\\/uploads\\\/2023\\\/05\\\/foto-3-41.jpg\",\"datePublished\":\"2023-05-30T19:34:46+00:00\",\"author\":{\"@id\":\"https:\\\/\\\/autofans.com.ar\\\/#\\\/schema\\\/person\\\/4a8dda0b6df83ac3d6723e921274c2aa\"},\"description\":\"Corcam S.A., el concesionario oficial de Volkswagen en C\u00f3rdoba ha presentado el esperado Volkswagen Meteor, el \u00faltimo cami\u00f3n extrapesado...\",\"breadcrumb\":{\"@id\":\"https:\\\/\\\/autofans.com.ar\\\/index.php\\\/2023\\\/05\\\/30\\\/volkswagen-meteor-llega-a-cordoba-el-nuevo-camion-extrapesado-de-alto-rendimiento\\\/#breadcrumb\"},\"inLanguage\":\"es\",\"potentialAction\":[{\"@type\":\"ReadAction\",\"target\":[\"https:\\\/\\\/autofans.com.ar\\\/index.php\\\/2023\\\/05\\\/30\\\/volkswagen-meteor-llega-a-cordoba-el-nuevo-camion-extrapesado-de-alto-rendimiento\\\/\"]}]},{\"@type\":\"ImageObject\",\"inLanguage\":\"es\",\"@id\":\"https:\\\/\\\/autofans.com.ar\\\/index.php\\\/2023\\\/05\\\/30\\\/volkswagen-meteor-llega-a-cordoba-el-nuevo-camion-extrapesado-de-alto-rendimiento\\\/#primaryimage\",\"url\":\"https:\\\/\\\/autofans.com.ar\\\/wp-content\\\/uploads\\\/2023\\\/05\\\/foto-3-41.jpg\",\"contentUrl\":\"https:\\\/\\\/autofans.com.ar\\\/wp-content\\\/uploads\\\/2023\\\/05\\\/foto-3-41.jpg\",\"width\":1000,\"height\":667,\"caption\":\"Meteor\"},{\"@type\":\"BreadcrumbList\",\"@id\":\"https:\\\/\\\/autofans.com.ar\\\/index.php\\\/2023\\\/05\\\/30\\\/volkswagen-meteor-llega-a-cordoba-el-nuevo-camion-extrapesado-de-alto-rendimiento\\\/#breadcrumb\",\"itemListElement\":[{\"@type\":\"ListItem\",\"position\":1,\"name\":\"Inicio\",\"item\":\"https:\\\/\\\/autofans.com.ar\\\/\"},{\"@type\":\"ListItem\",\"position\":2,\"name\":\"Volkswagen Meteor llega a C\u00f3rdoba: el nuevo cami\u00f3n extrapesado de alto rendimiento\"}]},{\"@type\":\"WebSite\",\"@id\":\"https:\\\/\\\/autofans.com.ar\\\/#website\",\"url\":\"https:\\\/\\\/autofans.com.ar\\\/\",\"name\":\"\",\"description\":\"El multimedio referente de la industria automotriz\",\"potentialAction\":[{\"@type\":\"SearchAction\",\"target\":{\"@type\":\"EntryPoint\",\"urlTemplate\":\"https:\\\/\\\/autofans.com.ar\\\/?s={search_term_string}\"},\"query-input\":{\"@type\":\"PropertyValueSpecification\",\"valueRequired\":true,\"valueName\":\"search_term_string\"}}],\"inLanguage\":\"es\"},{\"@type\":\"Person\",\"@id\":\"https:\\\/\\\/autofans.com.ar\\\/#\\\/schema\\\/person\\\/4a8dda0b6df83ac3d6723e921274c2aa\",\"name\":\"Alejandro Gabriel Rosito\",\"image\":{\"@type\":\"ImageObject\",\"inLanguage\":\"es\",\"@id\":\"https:\\\/\\\/secure.gravatar.com\\\/avatar\\\/16c5dda1489adfc62618084dcbb91cffd879c374b13fe5dd8e44ed6733852c88?s=96&d=mm&r=g\",\"url\":\"https:\\\/\\\/secure.gravatar.com\\\/avatar\\\/16c5dda1489adfc62618084dcbb91cffd879c374b13fe5dd8e44ed6733852c88?s=96&d=mm&r=g\",\"contentUrl\":\"https:\\\/\\\/secure.gravatar.com\\\/avatar\\\/16c5dda1489adfc62618084dcbb91cffd879c374b13fe5dd8e44ed6733852c88?s=96&d=mm&r=g\",\"caption\":\"Alejandro Gabriel Rosito\"},\"url\":\"https:\\\/\\\/autofans.com.ar\\\/index.php\\\/author\\\/gabrielr\\\/\"}]}<\/script>\n<!-- \/ Yoast SEO plugin. -->","yoast_head_json":{"title":"Volkswagen Meteor llega a C\u00f3rdoba: el nuevo cami\u00f3n extrapesado de alto rendimiento -","description":"Corcam S.A., el concesionario oficial de Volkswagen en C\u00f3rdoba ha presentado el esperado Volkswagen Meteor, el \u00faltimo cami\u00f3n extrapesado...","robots":{"index":"index","follow":"follow","max-snippet":"max-snippet:-1","max-image-preview":"max-image-preview:large","max-video-preview":"max-video-preview:-1"},"canonical":"https:\/\/autofans.com.ar\/index.php\/2023\/05\/30\/volkswagen-meteor-llega-a-cordoba-el-nuevo-camion-extrapesado-de-alto-rendimiento\/","og_locale":"es_ES","og_type":"article","og_title":"Volkswagen Meteor llega a C\u00f3rdoba: el nuevo cami\u00f3n extrapesado de alto rendimiento -","og_description":"Corcam S.A., el concesionario oficial de Volkswagen en C\u00f3rdoba ha presentado el esperado Volkswagen Meteor, el \u00faltimo cami\u00f3n extrapesado...","og_url":"https:\/\/autofans.com.ar\/index.php\/2023\/05\/30\/volkswagen-meteor-llega-a-cordoba-el-nuevo-camion-extrapesado-de-alto-rendimiento\/","article_published_time":"2023-05-30T19:34:46+00:00","og_image":[{"width":1000,"height":667,"url":"https:\/\/autofans.com.ar\/wp-content\/uploads\/2023\/05\/foto-3-41.jpg","type":"image\/jpeg"}],"author":"Alejandro Gabriel Rosito","twitter_card":"summary_large_image","twitter_misc":{"Escrito por":"Alejandro Gabriel Rosito","Tiempo de lectura":"3 minutos"},"schema":{"@context":"https:\/\/schema.org","@graph":[{"@type":"Article","@id":"https:\/\/autofans.com.ar\/index.php\/2023\/05\/30\/volkswagen-meteor-llega-a-cordoba-el-nuevo-camion-extrapesado-de-alto-rendimiento\/#article","isPartOf":{"@id":"https:\/\/autofans.com.ar\/index.php\/2023\/05\/30\/volkswagen-meteor-llega-a-cordoba-el-nuevo-camion-extrapesado-de-alto-rendimiento\/"},"author":{"name":"Alejandro Gabriel Rosito","@id":"https:\/\/autofans.com.ar\/#\/schema\/person\/4a8dda0b6df83ac3d6723e921274c2aa"},"headline":"Volkswagen Meteor llega a C\u00f3rdoba: el nuevo cami\u00f3n extrapesado de alto rendimiento","datePublished":"2023-05-30T19:34:46+00:00","mainEntityOfPage":{"@id":"https:\/\/autofans.com.ar\/index.php\/2023\/05\/30\/volkswagen-meteor-llega-a-cordoba-el-nuevo-camion-extrapesado-de-alto-rendimiento\/"},"wordCount":391,"image":{"@id":"https:\/\/autofans.com.ar\/index.php\/2023\/05\/30\/volkswagen-meteor-llega-a-cordoba-el-nuevo-camion-extrapesado-de-alto-rendimiento\/#primaryimage"},"thumbnailUrl":"https:\/\/autofans.com.ar\/wp-content\/uploads\/2023\/05\/foto-3-41.jpg","articleSection":["LANZAMIENTOS","Pick Ups, Utilitarios y Pesados"],"inLanguage":"es"},{"@type":"WebPage","@id":"https:\/\/autofans.com.ar\/index.php\/2023\/05\/30\/volkswagen-meteor-llega-a-cordoba-el-nuevo-camion-extrapesado-de-alto-rendimiento\/","url":"https:\/\/autofans.com.ar\/index.php\/2023\/05\/30\/volkswagen-meteor-llega-a-cordoba-el-nuevo-camion-extrapesado-de-alto-rendimiento\/","name":"Volkswagen Meteor llega a C\u00f3rdoba: el nuevo cami\u00f3n extrapesado de alto rendimiento -","isPartOf":{"@id":"https:\/\/autofans.com.ar\/#website"},"primaryImageOfPage":{"@id":"https:\/\/autofans.com.ar\/index.php\/2023\/05\/30\/volkswagen-meteor-llega-a-cordoba-el-nuevo-camion-extrapesado-de-alto-rendimiento\/#primaryimage"},"image":{"@id":"https:\/\/autofans.com.ar\/index.php\/2023\/05\/30\/volkswagen-meteor-llega-a-cordoba-el-nuevo-camion-extrapesado-de-alto-rendimiento\/#primaryimage"},"thumbnailUrl":"https:\/\/autofans.com.ar\/wp-content\/uploads\/2023\/05\/foto-3-41.jpg","datePublished":"2023-05-30T19:34:46+00:00","author":{"@id":"https:\/\/autofans.com.ar\/#\/schema\/person\/4a8dda0b6df83ac3d6723e921274c2aa"},"description":"Corcam S.A., el concesionario oficial de Volkswagen en C\u00f3rdoba ha presentado el esperado Volkswagen Meteor, el \u00faltimo cami\u00f3n extrapesado...","breadcrumb":{"@id":"https:\/\/autofans.com.ar\/index.php\/2023\/05\/30\/volkswagen-meteor-llega-a-cordoba-el-nuevo-camion-extrapesado-de-alto-rendimiento\/#breadcrumb"},"inLanguage":"es","potentialAction":[{"@type":"ReadAction","target":["https:\/\/autofans.com.ar\/index.php\/2023\/05\/30\/volkswagen-meteor-llega-a-cordoba-el-nuevo-camion-extrapesado-de-alto-rendimiento\/"]}]},{"@type":"ImageObject","inLanguage":"es","@id":"https:\/\/autofans.com.ar\/index.php\/2023\/05\/30\/volkswagen-meteor-llega-a-cordoba-el-nuevo-camion-extrapesado-de-alto-rendimiento\/#primaryimage","url":"https:\/\/autofans.com.ar\/wp-content\/uploads\/2023\/05\/foto-3-41.jpg","contentUrl":"https:\/\/autofans.com.ar\/wp-content\/uploads\/2023\/05\/foto-3-41.jpg","width":1000,"height":667,"caption":"Meteor"},{"@type":"BreadcrumbList","@id":"https:\/\/autofans.com.ar\/index.php\/2023\/05\/30\/volkswagen-meteor-llega-a-cordoba-el-nuevo-camion-extrapesado-de-alto-rendimiento\/#breadcrumb","itemListElement":[{"@type":"ListItem","position":1,"name":"Inicio","item":"https:\/\/autofans.com.ar\/"},{"@type":"ListItem","position":2,"name":"Volkswagen Meteor llega a C\u00f3rdoba: el nuevo cami\u00f3n extrapesado de alto rendimiento"}]},{"@type":"WebSite","@id":"https:\/\/autofans.com.ar\/#website","url":"https:\/\/autofans.com.ar\/","name":"","description":"El multimedio referente de la industria automotriz","potentialAction":[{"@type":"SearchAction","target":{"@type":"EntryPoint","urlTemplate":"https:\/\/autofans.com.ar\/?s={search_term_string}"},"query-input":{"@type":"PropertyValueSpecification","valueRequired":true,"valueName":"search_term_string"}}],"inLanguage":"es"},{"@type":"Person","@id":"https:\/\/autofans.com.ar\/#\/schema\/person\/4a8dda0b6df83ac3d6723e921274c2aa","name":"Alejandro Gabriel Rosito","image":{"@type":"ImageObject","inLanguage":"es","@id":"https:\/\/secure.gravatar.com\/avatar\/16c5dda1489adfc62618084dcbb91cffd879c374b13fe5dd8e44ed6733852c88?s=96&d=mm&r=g","url":"https:\/\/secure.gravatar.com\/avatar\/16c5dda1489adfc62618084dcbb91cffd879c374b13fe5dd8e44ed6733852c88?s=96&d=mm&r=g","contentUrl":"https:\/\/secure.gravatar.com\/avatar\/16c5dda1489adfc62618084dcbb91cffd879c374b13fe5dd8e44ed6733852c88?s=96&d=mm&r=g","caption":"Alejandro Gabriel Rosito"},"url":"https:\/\/autofans.com.ar\/index.php\/author\/gabrielr\/"}]}},"featured_image_urls":{"full":["https:\/\/autofans.com.ar\/wp-content\/uploads\/2023\/05\/foto-3-41.jpg",1000,667,false],"thumbnail":["https:\/\/autofans.com.ar\/wp-content\/uploads\/2023\/05\/foto-3-41-150x150.jpg",150,150,true],"medium":["https:\/\/autofans.com.ar\/wp-content\/uploads\/2023\/05\/foto-3-41-300x200.jpg",300,200,true],"medium_large":["https:\/\/autofans.com.ar\/wp-content\/uploads\/2023\/05\/foto-3-41-768x512.jpg",640,427,true],"large":["https:\/\/autofans.com.ar\/wp-content\/uploads\/2023\/05\/foto-3-41.jpg",640,427,false],"1536x1536":["https:\/\/autofans.com.ar\/wp-content\/uploads\/2023\/05\/foto-3-41.jpg",1000,667,false],"2048x2048":["https:\/\/autofans.com.ar\/wp-content\/uploads\/2023\/05\/foto-3-41.jpg",1000,667,false],"covernews-featured":["https:\/\/autofans.com.ar\/wp-content\/uploads\/2023\/05\/foto-3-41.jpg",1000,667,false],"covernews-medium":["https:\/\/autofans.com.ar\/wp-content\/uploads\/2023\/05\/foto-3-41-540x340.jpg",540,340,true]},"author_info":{"display_name":"Alejandro Gabriel Rosito","author_link":"https:\/\/autofans.com.ar\/index.php\/author\/gabrielr\/"},"category_info":"<a href=\"https:\/\/autofans.com.ar\/index.php\/category\/lanzamientos\/\" rel=\"category tag\">LANZAMIENTOS<\/a> <a href=\"https:\/\/autofans.com.ar\/index.php\/category\/lanzamientos\/utilitarios-y-pesados-lanzamientos\/\" rel=\"category tag\">Pick Ups, Utilitarios y Pesados<\/a>","tag_info":"Pick Ups, Utilitarios y Pesados","comment_count":0,"_links":{"self":[{"href":"https:\/\/autofans.com.ar\/index.php\/wp-json\/wp\/v2\/posts\/2924","targetHints":{"allow":["GET"]}}],"collection":[{"href":"https:\/\/autofans.com.ar\/index.php\/wp-json\/wp\/v2\/posts"}],"about":[{"href":"https:\/\/autofans.com.ar\/index.php\/wp-json\/wp\/v2\/types\/post"}],"author":[{"embeddable":true,"href":"https:\/\/autofans.com.ar\/index.php\/wp-json\/wp\/v2\/users\/2"}],"replies":[{"embeddable":true,"href":"https:\/\/autofans.com.ar\/index.php\/wp-json\/wp\/v2\/comments?post=2924"}],"version-history":[{"count":1,"href":"https:\/\/autofans.com.ar\/index.php\/wp-json\/wp\/v2\/posts\/2924\/revisions"}],"predecessor-version":[{"id":2929,"href":"https:\/\/autofans.com.ar\/index.php\/wp-json\/wp\/v2\/posts\/2924\/revisions\/2929"}],"wp:featuredmedia":[{"embeddable":true,"href":"https:\/\/autofans.com.ar\/index.php\/wp-json\/wp\/v2\/media\/2926"}],"wp:attachment":[{"href":"https:\/\/autofans.com.ar\/index.php\/wp-json\/wp\/v2\/media?parent=2924"}],"wp:term":[{"taxonomy":"category","embeddable":true,"href":"https:\/\/autofans.com.ar\/index.php\/wp-json\/wp\/v2\/categories?post=2924"},{"taxonomy":"post_tag","embeddable":true,"href":"https:\/\/autofans.com.ar\/index.php\/wp-json\/wp\/v2\/tags?post=2924"}],"curies":[{"name":"wp","href":"https:\/\/api.w.org\/{rel}","templated":true}]}}