{"id":2954,"date":"2023-05-31T16:40:24","date_gmt":"2023-05-31T19:40:24","guid":{"rendered":"https:\/\/autofans.com.ar\/?p=2954"},"modified":"2023-05-31T16:40:24","modified_gmt":"2023-05-31T19:40:24","slug":"iveco-group-lidera-el-camino-hacia-una-industria-automotriz-mas-fuerte-en-argentina","status":"publish","type":"post","link":"https:\/\/autofans.com.ar\/index.php\/2023\/05\/31\/iveco-group-lidera-el-camino-hacia-una-industria-automotriz-mas-fuerte-en-argentina\/","title":{"rendered":"Iveco Group lidera el camino hacia una industria automotriz m\u00e1s fuerte en Argentina"},"content":{"rendered":"<p>Iveco Group, l\u00edder en la industria automotriz, contin\u00faa su compromiso con el desarrollo de proveedores locales en Argentina. En un evento denominado \u00abDesarrollo del cluster productivo\u00bb, celebrado en el Polo Industrial C\u00f3rdoba. Cont\u00f3 con m\u00e1s de 50 empresas que participaron en una jornada de trabajo en la que estuvieron presentes representantes de la Secretar\u00eda de Industria de la Naci\u00f3n, el Ministerio de Transporte de la Naci\u00f3n y autoridades provinciales de C\u00f3rdoba.<\/p>\n<p>&nbsp;<\/p>\n<p><img fetchpriority=\"high\" decoding=\"async\" class=\"aligncenter wp-image-2959 size-full\" src=\"https:\/\/autofans.com.ar\/wp-content\/uploads\/2023\/05\/foto-7-5.jpg\" alt=\"iveco\" width=\"1000\" height=\"667\" srcset=\"https:\/\/autofans.com.ar\/wp-content\/uploads\/2023\/05\/foto-7-5.jpg 1000w, https:\/\/autofans.com.ar\/wp-content\/uploads\/2023\/05\/foto-7-5-300x200.jpg 300w, https:\/\/autofans.com.ar\/wp-content\/uploads\/2023\/05\/foto-7-5-768x512.jpg 768w\" sizes=\"(max-width: 1000px) 100vw, 1000px\" \/><\/p>\n<p>El objetivo principal de este encuentro fue explorar nuevas oportunidades de negocio y fortalecer las relaciones con los sectores p\u00fablico y privado. Durante la jornada, se llevaron a cabo diversas charlas enfocadas en temas como sostenibilidad, mercado, producci\u00f3n, exportaci\u00f3n, ingenier\u00eda y log\u00edstica. Estos temas est\u00e1n directamente relacionados con el desarrollo de proyectos en curso, el crecimiento de los procesos productivos y la generaci\u00f3n de nuevas contrataciones.<\/p>\n<p>&nbsp;<\/p>\n<p><img decoding=\"async\" class=\"aligncenter wp-image-2955 size-full\" src=\"https:\/\/autofans.com.ar\/wp-content\/uploads\/2023\/05\/foto-3-43.jpg\" alt=\"iveco\" width=\"1000\" height=\"667\" srcset=\"https:\/\/autofans.com.ar\/wp-content\/uploads\/2023\/05\/foto-3-43.jpg 1000w, https:\/\/autofans.com.ar\/wp-content\/uploads\/2023\/05\/foto-3-43-300x200.jpg 300w, https:\/\/autofans.com.ar\/wp-content\/uploads\/2023\/05\/foto-3-43-768x512.jpg 768w\" sizes=\"(max-width: 1000px) 100vw, 1000px\" \/><\/p>\n<p>Las autoridades gubernamentales tambi\u00e9n realizaron una visita a las f\u00e1bricas de IVECO y <a href=\"https:\/\/autofans.com.ar\/index.php\/2023\/05\/08\/fpt-industrial-promueve-la-independencia-energetica-en-agrishow-2023\/\" target=\"_blank\" rel=\"noopener\">FPT Industrial<\/a>. Esto permiti\u00f3 un acercamiento directo a las instalaciones y una mayor comprensi\u00f3n de los procesos de producci\u00f3n.<\/p>\n<p>&nbsp;<\/p>\n<p><img decoding=\"async\" class=\"aligncenter wp-image-2960 size-full\" src=\"https:\/\/autofans.com.ar\/wp-content\/uploads\/2023\/05\/foto-5-23.jpg\" alt=\"\" width=\"1000\" height=\"667\" srcset=\"https:\/\/autofans.com.ar\/wp-content\/uploads\/2023\/05\/foto-5-23.jpg 1000w, https:\/\/autofans.com.ar\/wp-content\/uploads\/2023\/05\/foto-5-23-300x200.jpg 300w, https:\/\/autofans.com.ar\/wp-content\/uploads\/2023\/05\/foto-5-23-768x512.jpg 768w\" sizes=\"(max-width: 1000px) 100vw, 1000px\" \/><\/p>\n<blockquote>\n<p style=\"text-align: center;\">Santos Doncel Jones, Presidente de Iveco Group Argentina, expres\u00f3 su satisfacci\u00f3n por el encuentro y destac\u00f3 la importancia de mantener un di\u00e1logo fluido y transparente con toda la cadena de valor. Seg\u00fan sus palabras: \u00abEstamos convencidos de que la mejor manera de progresar es trabajando juntos y en equipo para lograr los objetivos planteados\u00bb.<\/p>\n<\/blockquote>\n<p>Desde su independencia como empresa en Argentina, Iveco Group ha establecido como prioridad estrat\u00e9gica la nacionalizaci\u00f3n de equipos y la incorporaci\u00f3n de piezas locales y sustentables en sus productos. Adem\u00e1s, la compa\u00f1\u00eda ha fortalecido su colaboraci\u00f3n y asociaci\u00f3n con diversas instituciones para impulsar el crecimiento de la industria automotriz nacional.<\/p>\n<p>Este encuentro no solo permiti\u00f3 legitimar la competencia y los esfuerzos de todos los actores involucrados, sino que tambi\u00e9n reafirm\u00f3 el compromiso de Iveco Group con la mejora continua. La innovaci\u00f3n y una total orientaci\u00f3n al cliente.<\/p>\n<blockquote>\n<p style=\"text-align: center;\">Diego Moreno, Director de Compras de Iveco Group Argentina, resalt\u00f3 la importancia del evento al afirmar: \u00abRatificamos nuestras estrategias de localizaci\u00f3n de piezas y componentes junto a m\u00e1s de 150 personas clave de nuestra cadena de valor\u00bb.<\/p>\n<\/blockquote>\n<p>Con esta iniciativa, Iveco Group demuestra una vez m\u00e1s su liderazgo en el sector automotriz y su compromiso con el desarrollo econ\u00f3mico y la generaci\u00f3n de empleo en Argentina. El trabajo conjunto entre el sector p\u00fablico y privado es fundamental para impulsar la producci\u00f3n nacional y fortalecer la industria automotriz del pa\u00eds.<\/p>\n<p>&nbsp;<\/p>\n<p><i>Para enterarte de m\u00e1s novedades, no dejes de leer\u00a0<\/i><a href=\"https:\/\/autofans.thebrandsoup.com\/\"><i>nuestras notas<\/i><\/a><i>, de ver<\/i><b><i>\u00a0<\/i><\/b><a href=\"https:\/\/www.youtube.com\/channel\/UCgAC8UGHZYbT6P7PpmVnP7g\"><b><i>AUTOFANS TV<\/i><\/b><\/a><b><i>\u00a0<\/i><\/b><i>en nuestro\u00a0canal de Youtube. Adem\u00e1s seguinos en\u00a0<\/i><a href=\"https:\/\/www.instagram.com\/autofanstv\/\"><i>INSTAGRAM<\/i><\/a><i> y <\/i><a href=\"https:\/\/www.facebook.com\/autofansmas\/\"><i>FACEBOOK<\/i><\/a><i> para no perderte nada sobre las novedades del segmento automotor de Argentina y el mundo. <\/i><\/p>\n","protected":false},"excerpt":{"rendered":"<p>Iveco Group, l\u00edder en la industria automotriz, contin\u00faa su compromiso con el desarrollo de proveedores&#8230;<\/p>\n","protected":false},"author":2,"featured_media":2958,"comment_status":"closed","ping_status":"closed","sticky":false,"template":"","format":"standard","meta":{"footnotes":""},"categories":[16,5],"tags":[38,1409,1407,1406,86,819,1410,1411,1408,898],"class_list":["post-2954","post","type-post","status-publish","format-standard","has-post-thumbnail","hentry","category-noticias","category-otros","tag-argentina","tag-autoridades-gubernamentales","tag-colaboracion-publico-privada","tag-desarrollo-de-proveedores-locales","tag-industria-automotriz","tag-iveco-group","tag-jornada-de-trabajo","tag-nuevas-oportunidades-de-negocio","tag-polo-industrial-cordoba","tag-produccion-nacional"],"yoast_head":"<!-- This site is optimized with the Yoast SEO plugin v27.5 - https:\/\/yoast.com\/product\/yoast-seo-wordpress\/ -->\n<title>Iveco Group lidera el camino hacia una industria automotriz m\u00e1s fuerte en Argentina -<\/title>\n<meta name=\"description\" content=\"Iveco Group, l\u00edder en la industria automotriz, contin\u00faa su compromiso con el desarrollo de proveedores locales en Argentina...\" \/>\n<meta name=\"robots\" content=\"index, follow, max-snippet:-1, max-image-preview:large, max-video-preview:-1\" \/>\n<link rel=\"canonical\" href=\"https:\/\/autofans.com.ar\/index.php\/2023\/05\/31\/iveco-group-lidera-el-camino-hacia-una-industria-automotriz-mas-fuerte-en-argentina\/\" \/>\n<meta property=\"og:locale\" content=\"es_ES\" \/>\n<meta property=\"og:type\" content=\"article\" \/>\n<meta property=\"og:title\" content=\"Iveco Group lidera el camino hacia una industria automotriz m\u00e1s fuerte en Argentina -\" \/>\n<meta property=\"og:description\" content=\"Iveco Group, l\u00edder en la industria automotriz, contin\u00faa su compromiso con el desarrollo de proveedores locales en Argentina...\" \/>\n<meta property=\"og:url\" content=\"https:\/\/autofans.com.ar\/index.php\/2023\/05\/31\/iveco-group-lidera-el-camino-hacia-una-industria-automotriz-mas-fuerte-en-argentina\/\" \/>\n<meta property=\"article:published_time\" content=\"2023-05-31T19:40:24+00:00\" \/>\n<meta property=\"og:image\" content=\"https:\/\/autofans.com.ar\/wp-content\/uploads\/2023\/05\/foto-6-12.jpg\" \/>\n\t<meta property=\"og:image:width\" content=\"1000\" \/>\n\t<meta property=\"og:image:height\" content=\"667\" \/>\n\t<meta property=\"og:image:type\" content=\"image\/jpeg\" \/>\n<meta name=\"author\" content=\"Alejandro Gabriel Rosito\" \/>\n<meta name=\"twitter:card\" content=\"summary_large_image\" \/>\n<meta name=\"twitter:label1\" content=\"Escrito por\" \/>\n\t<meta name=\"twitter:data1\" content=\"Alejandro Gabriel Rosito\" \/>\n\t<meta name=\"twitter:label2\" content=\"Tiempo de lectura\" \/>\n\t<meta name=\"twitter:data2\" content=\"3 minutos\" \/>\n<script type=\"application\/ld+json\" class=\"yoast-schema-graph\">{\"@context\":\"https:\\\/\\\/schema.org\",\"@graph\":[{\"@type\":\"Article\",\"@id\":\"https:\\\/\\\/autofans.com.ar\\\/index.php\\\/2023\\\/05\\\/31\\\/iveco-group-lidera-el-camino-hacia-una-industria-automotriz-mas-fuerte-en-argentina\\\/#article\",\"isPartOf\":{\"@id\":\"https:\\\/\\\/autofans.com.ar\\\/index.php\\\/2023\\\/05\\\/31\\\/iveco-group-lidera-el-camino-hacia-una-industria-automotriz-mas-fuerte-en-argentina\\\/\"},\"author\":{\"name\":\"Alejandro Gabriel Rosito\",\"@id\":\"https:\\\/\\\/autofans.com.ar\\\/#\\\/schema\\\/person\\\/4a8dda0b6df83ac3d6723e921274c2aa\"},\"headline\":\"Iveco Group lidera el camino hacia una industria automotriz m\u00e1s fuerte en Argentina\",\"datePublished\":\"2023-05-31T19:40:24+00:00\",\"mainEntityOfPage\":{\"@id\":\"https:\\\/\\\/autofans.com.ar\\\/index.php\\\/2023\\\/05\\\/31\\\/iveco-group-lidera-el-camino-hacia-una-industria-automotriz-mas-fuerte-en-argentina\\\/\"},\"wordCount\":498,\"image\":{\"@id\":\"https:\\\/\\\/autofans.com.ar\\\/index.php\\\/2023\\\/05\\\/31\\\/iveco-group-lidera-el-camino-hacia-una-industria-automotriz-mas-fuerte-en-argentina\\\/#primaryimage\"},\"thumbnailUrl\":\"https:\\\/\\\/autofans.com.ar\\\/wp-content\\\/uploads\\\/2023\\\/05\\\/foto-6-12.jpg\",\"keywords\":[\"Argentina\",\"autoridades gubernamentales\",\"colaboraci\u00f3n p\u00fablico-privada\",\"desarrollo de proveedores locales\",\"Industria Automotriz\",\"Iveco Group\",\"jornada de trabajo\",\"nuevas oportunidades de negocio\",\"Polo Industrial C\u00f3rdoba\",\"producci\u00f3n nacional\"],\"articleSection\":[\"NOTICIAS\",\"PICK UPs, UTILITARIOS Y OTROS\"],\"inLanguage\":\"es\"},{\"@type\":\"WebPage\",\"@id\":\"https:\\\/\\\/autofans.com.ar\\\/index.php\\\/2023\\\/05\\\/31\\\/iveco-group-lidera-el-camino-hacia-una-industria-automotriz-mas-fuerte-en-argentina\\\/\",\"url\":\"https:\\\/\\\/autofans.com.ar\\\/index.php\\\/2023\\\/05\\\/31\\\/iveco-group-lidera-el-camino-hacia-una-industria-automotriz-mas-fuerte-en-argentina\\\/\",\"name\":\"Iveco Group lidera el camino hacia una industria automotriz m\u00e1s fuerte en Argentina -\",\"isPartOf\":{\"@id\":\"https:\\\/\\\/autofans.com.ar\\\/#website\"},\"primaryImageOfPage\":{\"@id\":\"https:\\\/\\\/autofans.com.ar\\\/index.php\\\/2023\\\/05\\\/31\\\/iveco-group-lidera-el-camino-hacia-una-industria-automotriz-mas-fuerte-en-argentina\\\/#primaryimage\"},\"image\":{\"@id\":\"https:\\\/\\\/autofans.com.ar\\\/index.php\\\/2023\\\/05\\\/31\\\/iveco-group-lidera-el-camino-hacia-una-industria-automotriz-mas-fuerte-en-argentina\\\/#primaryimage\"},\"thumbnailUrl\":\"https:\\\/\\\/autofans.com.ar\\\/wp-content\\\/uploads\\\/2023\\\/05\\\/foto-6-12.jpg\",\"datePublished\":\"2023-05-31T19:40:24+00:00\",\"author\":{\"@id\":\"https:\\\/\\\/autofans.com.ar\\\/#\\\/schema\\\/person\\\/4a8dda0b6df83ac3d6723e921274c2aa\"},\"description\":\"Iveco Group, l\u00edder en la industria automotriz, contin\u00faa su compromiso con el desarrollo de proveedores locales en Argentina...\",\"breadcrumb\":{\"@id\":\"https:\\\/\\\/autofans.com.ar\\\/index.php\\\/2023\\\/05\\\/31\\\/iveco-group-lidera-el-camino-hacia-una-industria-automotriz-mas-fuerte-en-argentina\\\/#breadcrumb\"},\"inLanguage\":\"es\",\"potentialAction\":[{\"@type\":\"ReadAction\",\"target\":[\"https:\\\/\\\/autofans.com.ar\\\/index.php\\\/2023\\\/05\\\/31\\\/iveco-group-lidera-el-camino-hacia-una-industria-automotriz-mas-fuerte-en-argentina\\\/\"]}]},{\"@type\":\"ImageObject\",\"inLanguage\":\"es\",\"@id\":\"https:\\\/\\\/autofans.com.ar\\\/index.php\\\/2023\\\/05\\\/31\\\/iveco-group-lidera-el-camino-hacia-una-industria-automotriz-mas-fuerte-en-argentina\\\/#primaryimage\",\"url\":\"https:\\\/\\\/autofans.com.ar\\\/wp-content\\\/uploads\\\/2023\\\/05\\\/foto-6-12.jpg\",\"contentUrl\":\"https:\\\/\\\/autofans.com.ar\\\/wp-content\\\/uploads\\\/2023\\\/05\\\/foto-6-12.jpg\",\"width\":1000,\"height\":667,\"caption\":\"iveco\"},{\"@type\":\"BreadcrumbList\",\"@id\":\"https:\\\/\\\/autofans.com.ar\\\/index.php\\\/2023\\\/05\\\/31\\\/iveco-group-lidera-el-camino-hacia-una-industria-automotriz-mas-fuerte-en-argentina\\\/#breadcrumb\",\"itemListElement\":[{\"@type\":\"ListItem\",\"position\":1,\"name\":\"Inicio\",\"item\":\"https:\\\/\\\/autofans.com.ar\\\/\"},{\"@type\":\"ListItem\",\"position\":2,\"name\":\"Iveco Group lidera el camino hacia una industria automotriz m\u00e1s fuerte en Argentina\"}]},{\"@type\":\"WebSite\",\"@id\":\"https:\\\/\\\/autofans.com.ar\\\/#website\",\"url\":\"https:\\\/\\\/autofans.com.ar\\\/\",\"name\":\"\",\"description\":\"El multimedio referente de la industria automotriz\",\"potentialAction\":[{\"@type\":\"SearchAction\",\"target\":{\"@type\":\"EntryPoint\",\"urlTemplate\":\"https:\\\/\\\/autofans.com.ar\\\/?s={search_term_string}\"},\"query-input\":{\"@type\":\"PropertyValueSpecification\",\"valueRequired\":true,\"valueName\":\"search_term_string\"}}],\"inLanguage\":\"es\"},{\"@type\":\"Person\",\"@id\":\"https:\\\/\\\/autofans.com.ar\\\/#\\\/schema\\\/person\\\/4a8dda0b6df83ac3d6723e921274c2aa\",\"name\":\"Alejandro Gabriel Rosito\",\"image\":{\"@type\":\"ImageObject\",\"inLanguage\":\"es\",\"@id\":\"https:\\\/\\\/secure.gravatar.com\\\/avatar\\\/16c5dda1489adfc62618084dcbb91cffd879c374b13fe5dd8e44ed6733852c88?s=96&d=mm&r=g\",\"url\":\"https:\\\/\\\/secure.gravatar.com\\\/avatar\\\/16c5dda1489adfc62618084dcbb91cffd879c374b13fe5dd8e44ed6733852c88?s=96&d=mm&r=g\",\"contentUrl\":\"https:\\\/\\\/secure.gravatar.com\\\/avatar\\\/16c5dda1489adfc62618084dcbb91cffd879c374b13fe5dd8e44ed6733852c88?s=96&d=mm&r=g\",\"caption\":\"Alejandro Gabriel Rosito\"},\"url\":\"https:\\\/\\\/autofans.com.ar\\\/index.php\\\/author\\\/gabrielr\\\/\"}]}<\/script>\n<!-- \/ Yoast SEO plugin. -->","yoast_head_json":{"title":"Iveco Group lidera el camino hacia una industria automotriz m\u00e1s fuerte en Argentina -","description":"Iveco Group, l\u00edder en la industria automotriz, contin\u00faa su compromiso con el desarrollo de proveedores locales en Argentina...","robots":{"index":"index","follow":"follow","max-snippet":"max-snippet:-1","max-image-preview":"max-image-preview:large","max-video-preview":"max-video-preview:-1"},"canonical":"https:\/\/autofans.com.ar\/index.php\/2023\/05\/31\/iveco-group-lidera-el-camino-hacia-una-industria-automotriz-mas-fuerte-en-argentina\/","og_locale":"es_ES","og_type":"article","og_title":"Iveco Group lidera el camino hacia una industria automotriz m\u00e1s fuerte en Argentina -","og_description":"Iveco Group, l\u00edder en la industria automotriz, contin\u00faa su compromiso con el desarrollo de proveedores locales en Argentina...","og_url":"https:\/\/autofans.com.ar\/index.php\/2023\/05\/31\/iveco-group-lidera-el-camino-hacia-una-industria-automotriz-mas-fuerte-en-argentina\/","article_published_time":"2023-05-31T19:40:24+00:00","og_image":[{"width":1000,"height":667,"url":"https:\/\/autofans.com.ar\/wp-content\/uploads\/2023\/05\/foto-6-12.jpg","type":"image\/jpeg"}],"author":"Alejandro Gabriel Rosito","twitter_card":"summary_large_image","twitter_misc":{"Escrito por":"Alejandro Gabriel Rosito","Tiempo de lectura":"3 minutos"},"schema":{"@context":"https:\/\/schema.org","@graph":[{"@type":"Article","@id":"https:\/\/autofans.com.ar\/index.php\/2023\/05\/31\/iveco-group-lidera-el-camino-hacia-una-industria-automotriz-mas-fuerte-en-argentina\/#article","isPartOf":{"@id":"https:\/\/autofans.com.ar\/index.php\/2023\/05\/31\/iveco-group-lidera-el-camino-hacia-una-industria-automotriz-mas-fuerte-en-argentina\/"},"author":{"name":"Alejandro Gabriel Rosito","@id":"https:\/\/autofans.com.ar\/#\/schema\/person\/4a8dda0b6df83ac3d6723e921274c2aa"},"headline":"Iveco Group lidera el camino hacia una industria automotriz m\u00e1s fuerte en Argentina","datePublished":"2023-05-31T19:40:24+00:00","mainEntityOfPage":{"@id":"https:\/\/autofans.com.ar\/index.php\/2023\/05\/31\/iveco-group-lidera-el-camino-hacia-una-industria-automotriz-mas-fuerte-en-argentina\/"},"wordCount":498,"image":{"@id":"https:\/\/autofans.com.ar\/index.php\/2023\/05\/31\/iveco-group-lidera-el-camino-hacia-una-industria-automotriz-mas-fuerte-en-argentina\/#primaryimage"},"thumbnailUrl":"https:\/\/autofans.com.ar\/wp-content\/uploads\/2023\/05\/foto-6-12.jpg","keywords":["Argentina","autoridades gubernamentales","colaboraci\u00f3n p\u00fablico-privada","desarrollo de proveedores locales","Industria Automotriz","Iveco Group","jornada de trabajo","nuevas oportunidades de negocio","Polo Industrial C\u00f3rdoba","producci\u00f3n nacional"],"articleSection":["NOTICIAS","PICK UPs, UTILITARIOS Y OTROS"],"inLanguage":"es"},{"@type":"WebPage","@id":"https:\/\/autofans.com.ar\/index.php\/2023\/05\/31\/iveco-group-lidera-el-camino-hacia-una-industria-automotriz-mas-fuerte-en-argentina\/","url":"https:\/\/autofans.com.ar\/index.php\/2023\/05\/31\/iveco-group-lidera-el-camino-hacia-una-industria-automotriz-mas-fuerte-en-argentina\/","name":"Iveco Group lidera el camino hacia una industria automotriz m\u00e1s fuerte en Argentina -","isPartOf":{"@id":"https:\/\/autofans.com.ar\/#website"},"primaryImageOfPage":{"@id":"https:\/\/autofans.com.ar\/index.php\/2023\/05\/31\/iveco-group-lidera-el-camino-hacia-una-industria-automotriz-mas-fuerte-en-argentina\/#primaryimage"},"image":{"@id":"https:\/\/autofans.com.ar\/index.php\/2023\/05\/31\/iveco-group-lidera-el-camino-hacia-una-industria-automotriz-mas-fuerte-en-argentina\/#primaryimage"},"thumbnailUrl":"https:\/\/autofans.com.ar\/wp-content\/uploads\/2023\/05\/foto-6-12.jpg","datePublished":"2023-05-31T19:40:24+00:00","author":{"@id":"https:\/\/autofans.com.ar\/#\/schema\/person\/4a8dda0b6df83ac3d6723e921274c2aa"},"description":"Iveco Group, l\u00edder en la industria automotriz, contin\u00faa su compromiso con el desarrollo de proveedores locales en Argentina...","breadcrumb":{"@id":"https:\/\/autofans.com.ar\/index.php\/2023\/05\/31\/iveco-group-lidera-el-camino-hacia-una-industria-automotriz-mas-fuerte-en-argentina\/#breadcrumb"},"inLanguage":"es","potentialAction":[{"@type":"ReadAction","target":["https:\/\/autofans.com.ar\/index.php\/2023\/05\/31\/iveco-group-lidera-el-camino-hacia-una-industria-automotriz-mas-fuerte-en-argentina\/"]}]},{"@type":"ImageObject","inLanguage":"es","@id":"https:\/\/autofans.com.ar\/index.php\/2023\/05\/31\/iveco-group-lidera-el-camino-hacia-una-industria-automotriz-mas-fuerte-en-argentina\/#primaryimage","url":"https:\/\/autofans.com.ar\/wp-content\/uploads\/2023\/05\/foto-6-12.jpg","contentUrl":"https:\/\/autofans.com.ar\/wp-content\/uploads\/2023\/05\/foto-6-12.jpg","width":1000,"height":667,"caption":"iveco"},{"@type":"BreadcrumbList","@id":"https:\/\/autofans.com.ar\/index.php\/2023\/05\/31\/iveco-group-lidera-el-camino-hacia-una-industria-automotriz-mas-fuerte-en-argentina\/#breadcrumb","itemListElement":[{"@type":"ListItem","position":1,"name":"Inicio","item":"https:\/\/autofans.com.ar\/"},{"@type":"ListItem","position":2,"name":"Iveco Group lidera el camino hacia una industria automotriz m\u00e1s fuerte en Argentina"}]},{"@type":"WebSite","@id":"https:\/\/autofans.com.ar\/#website","url":"https:\/\/autofans.com.ar\/","name":"","description":"El multimedio referente de la industria automotriz","potentialAction":[{"@type":"SearchAction","target":{"@type":"EntryPoint","urlTemplate":"https:\/\/autofans.com.ar\/?s={search_term_string}"},"query-input":{"@type":"PropertyValueSpecification","valueRequired":true,"valueName":"search_term_string"}}],"inLanguage":"es"},{"@type":"Person","@id":"https:\/\/autofans.com.ar\/#\/schema\/person\/4a8dda0b6df83ac3d6723e921274c2aa","name":"Alejandro Gabriel Rosito","image":{"@type":"ImageObject","inLanguage":"es","@id":"https:\/\/secure.gravatar.com\/avatar\/16c5dda1489adfc62618084dcbb91cffd879c374b13fe5dd8e44ed6733852c88?s=96&d=mm&r=g","url":"https:\/\/secure.gravatar.com\/avatar\/16c5dda1489adfc62618084dcbb91cffd879c374b13fe5dd8e44ed6733852c88?s=96&d=mm&r=g","contentUrl":"https:\/\/secure.gravatar.com\/avatar\/16c5dda1489adfc62618084dcbb91cffd879c374b13fe5dd8e44ed6733852c88?s=96&d=mm&r=g","caption":"Alejandro Gabriel Rosito"},"url":"https:\/\/autofans.com.ar\/index.php\/author\/gabrielr\/"}]}},"featured_image_urls":{"full":["https:\/\/autofans.com.ar\/wp-content\/uploads\/2023\/05\/foto-6-12.jpg",1000,667,false],"thumbnail":["https:\/\/autofans.com.ar\/wp-content\/uploads\/2023\/05\/foto-6-12-150x150.jpg",150,150,true],"medium":["https:\/\/autofans.com.ar\/wp-content\/uploads\/2023\/05\/foto-6-12-300x200.jpg",300,200,true],"medium_large":["https:\/\/autofans.com.ar\/wp-content\/uploads\/2023\/05\/foto-6-12-768x512.jpg",640,427,true],"large":["https:\/\/autofans.com.ar\/wp-content\/uploads\/2023\/05\/foto-6-12.jpg",640,427,false],"1536x1536":["https:\/\/autofans.com.ar\/wp-content\/uploads\/2023\/05\/foto-6-12.jpg",1000,667,false],"2048x2048":["https:\/\/autofans.com.ar\/wp-content\/uploads\/2023\/05\/foto-6-12.jpg",1000,667,false],"covernews-featured":["https:\/\/autofans.com.ar\/wp-content\/uploads\/2023\/05\/foto-6-12.jpg",1000,667,false],"covernews-medium":["https:\/\/autofans.com.ar\/wp-content\/uploads\/2023\/05\/foto-6-12-540x340.jpg",540,340,true]},"author_info":{"display_name":"Alejandro Gabriel Rosito","author_link":"https:\/\/autofans.com.ar\/index.php\/author\/gabrielr\/"},"category_info":"<a href=\"https:\/\/autofans.com.ar\/index.php\/category\/noticias\/\" rel=\"category tag\">NOTICIAS<\/a> <a href=\"https:\/\/autofans.com.ar\/index.php\/category\/noticias\/otros\/\" rel=\"category tag\">PICK UPs, UTILITARIOS Y OTROS<\/a>","tag_info":"PICK UPs, UTILITARIOS Y OTROS","comment_count":0,"_links":{"self":[{"href":"https:\/\/autofans.com.ar\/index.php\/wp-json\/wp\/v2\/posts\/2954","targetHints":{"allow":["GET"]}}],"collection":[{"href":"https:\/\/autofans.com.ar\/index.php\/wp-json\/wp\/v2\/posts"}],"about":[{"href":"https:\/\/autofans.com.ar\/index.php\/wp-json\/wp\/v2\/types\/post"}],"author":[{"embeddable":true,"href":"https:\/\/autofans.com.ar\/index.php\/wp-json\/wp\/v2\/users\/2"}],"replies":[{"embeddable":true,"href":"https:\/\/autofans.com.ar\/index.php\/wp-json\/wp\/v2\/comments?post=2954"}],"version-history":[{"count":1,"href":"https:\/\/autofans.com.ar\/index.php\/wp-json\/wp\/v2\/posts\/2954\/revisions"}],"predecessor-version":[{"id":2961,"href":"https:\/\/autofans.com.ar\/index.php\/wp-json\/wp\/v2\/posts\/2954\/revisions\/2961"}],"wp:featuredmedia":[{"embeddable":true,"href":"https:\/\/autofans.com.ar\/index.php\/wp-json\/wp\/v2\/media\/2958"}],"wp:attachment":[{"href":"https:\/\/autofans.com.ar\/index.php\/wp-json\/wp\/v2\/media?parent=2954"}],"wp:term":[{"taxonomy":"category","embeddable":true,"href":"https:\/\/autofans.com.ar\/index.php\/wp-json\/wp\/v2\/categories?post=2954"},{"taxonomy":"post_tag","embeddable":true,"href":"https:\/\/autofans.com.ar\/index.php\/wp-json\/wp\/v2\/tags?post=2954"}],"curies":[{"name":"wp","href":"https:\/\/api.w.org\/{rel}","templated":true}]}}