{"id":2980,"date":"2023-06-01T21:10:57","date_gmt":"2023-06-02T00:10:57","guid":{"rendered":"https:\/\/autofans.com.ar\/?p=2980"},"modified":"2023-06-01T21:10:57","modified_gmt":"2023-06-02T00:10:57","slug":"mercedes-benz-revoluciona-la-industria-automotriz-con-aluminio-de-bajas-emisiones-de-co2","status":"publish","type":"post","link":"https:\/\/autofans.com.ar\/index.php\/2023\/06\/01\/mercedes-benz-revoluciona-la-industria-automotriz-con-aluminio-de-bajas-emisiones-de-co2\/","title":{"rendered":"Mercedes-Benz revoluciona la industria automotriz con aluminio de bajas emisiones de CO2"},"content":{"rendered":"<p>Mercedes-Benz AG revoluciona la industria automotriz al adoptar aluminio de bajas emisiones de CO2 en su producci\u00f3n a gran escala. La compa\u00f1\u00eda ha logrado reducir casi un 70% de las emisiones de CO2 en comparaci\u00f3n con la media europea, al tiempo que utiliza un m\u00ednimo del 25% de contenido reciclado. Esta innovaci\u00f3n representa un gran avance hacia la sustentabilidad en el sector.<\/p>\n<p>En colaboraci\u00f3n con el productor de<a href=\"https:\/\/www.hydro.com\/es-AR\/aluminium\/?gclid=CjwKCAjwg-GjBhBnEiwAMUvNWy4pexZl8VfATWmsHs_JS1Sv0oVb4ulZJ165JU8fjdCBMPl-J0qsGxoCeG0QAvD_BwE\" target=\"_blank\" rel=\"noopener\"> aluminio Hydro<\/a>, Mercedes-Benz AG ha llevado a cabo pruebas exhaustivas y ha obtenido resultados exitosos. Ahora, la empresa se encuentra lista para implementar componentes fabricados con aluminio de bajas emisiones de CO2 en su l\u00ednea de producci\u00f3n en masa. Este material m\u00e1s sustentable permitir\u00e1 la fabricaci\u00f3n de componentes estructurales de fundici\u00f3n, marcando un hito importante en la industria automotriz.<\/p>\n<p>&nbsp;<\/p>\n<p><img fetchpriority=\"high\" decoding=\"async\" class=\"aligncenter wp-image-2982 size-full\" src=\"https:\/\/autofans.com.ar\/wp-content\/uploads\/2023\/06\/foto-1-2.jpg\" alt=\"bmw\" width=\"1000\" height=\"667\" srcset=\"https:\/\/autofans.com.ar\/wp-content\/uploads\/2023\/06\/foto-1-2.jpg 1000w, https:\/\/autofans.com.ar\/wp-content\/uploads\/2023\/06\/foto-1-2-300x200.jpg 300w, https:\/\/autofans.com.ar\/wp-content\/uploads\/2023\/06\/foto-1-2-768x512.jpg 768w\" sizes=\"(max-width: 1000px) 100vw, 1000px\" \/><\/p>\n<p>El aluminio utilizado en las pruebas ha demostrado una huella de carbono de tan solo 2,8 kg de CO2 por kg de aluminio, una cifra significativamente baja en comparaci\u00f3n con la media. Hydro suministrar\u00e1 este aluminio reducido en CO2 a la fundici\u00f3n de la planta de Mercedes-Benz en Untert\u00fcrkheim, Alemania. Este suministro representa alrededor del 60% del aluminio total utilizado en la f\u00e1brica y cuenta con un contenido de descarte del 25%. Los componentes estructurales fabricados con este material se utilizar\u00e1n en los modelos EQS, EQE, Clase S, Clase E, GLC y Clase C.<\/p>\n<p>La iniciativa de <a href=\"https:\/\/www.mercedes-benz.com.ar\/passengercars.html\" target=\"_blank\" rel=\"noopener\">Mercedes-Benz,<\/a> forma parte de su Estrategia Ambition 2039, que tiene como objetivo integrar en sus veh\u00edculos aluminio con una huella de carbono reducida en un 90% para el a\u00f1o 2030, en comparaci\u00f3n con la media europea. La compa\u00f1\u00eda tambi\u00e9n busca optimizar el \u00f3xido de aluminio para reducir las emisiones de CO2 . Para si emplear electricidad verde y tecnolog\u00edas innovadoras en el proceso de electr\u00f3lisis. Adem\u00e1s, Mercedes-Benz se compromete a aumentar el contenido de material reciclado en sus veh\u00edculos, con la meta de alcanzar un promedio del 40% en los pr\u00f3ximos diez a\u00f1os.<\/p>\n<p>Como parte de su compromiso con el abastecimiento responsable de aluminio, Mercedes-Benz ampliar\u00e1 el uso de materiales certificados, siguiendo las normas de la Aluminium Stewardship Initiative (ASI), que regulan la cadena de valor del aluminio desde la mina hasta el proveedor. Con estas medidas, Mercedes-Benz se posiciona como un l\u00edder en la adopci\u00f3n de pr\u00e1cticas sostenibles en la industria automotriz.<\/p>\n<p>Este avance de Mercedes-Benz en la reducci\u00f3n de emisiones y en el uso de materiales m\u00e1s sustentables marca un hito importante en la industria automotriz. Est\u00e1 claro que la compa\u00f1\u00eda est\u00e1 comprometida con la innovaci\u00f3n y la sostenibilidad, buscando un futuro m\u00e1s limpio y amigable con el medio ambiente.<\/p>\n<p>&nbsp;<\/p>\n<p><i>Para enterarte de m\u00e1s novedades, no dejes de leer\u00a0<\/i><a href=\"https:\/\/autofans.thebrandsoup.com\/\"><i>nuestras notas<\/i><\/a><i>, de ver<\/i><b><i>\u00a0<\/i><\/b><a href=\"https:\/\/www.youtube.com\/channel\/UCgAC8UGHZYbT6P7PpmVnP7g\"><b><i>AUTOFANS TV<\/i><\/b><\/a><b><i>\u00a0<\/i><\/b><i>en nuestro\u00a0canal de Youtube. Adem\u00e1s seguinos en\u00a0<\/i><a href=\"https:\/\/www.instagram.com\/autofanstv\/\"><i>INSTAGRAM<\/i><\/a><i> y <\/i><a href=\"https:\/\/www.facebook.com\/autofansmas\/\"><i>FACEBOOK<\/i><\/a><i> para no perderte nada sobre las novedades del segmento automotor de Argentina y el mundo. <\/i><\/p>\n","protected":false},"excerpt":{"rendered":"<p>Mercedes-Benz AG revoluciona la industria automotriz al adoptar aluminio de bajas emisiones de CO2 en&#8230;<\/p>\n","protected":false},"author":2,"featured_media":2981,"comment_status":"closed","ping_status":"closed","sticky":false,"template":"","format":"standard","meta":{"footnotes":""},"categories":[6,16],"tags":[1429,86,364,876,513],"class_list":["post-2980","post","type-post","status-publish","format-standard","has-post-thumbnail","hentry","category-bizstyle","category-noticias","tag-aluminio-reducido-en-co2","tag-industria-automotriz","tag-mercedes-benz","tag-reduccion-de-emisiones","tag-sustentabilidad"],"yoast_head":"<!-- This site is optimized with the Yoast SEO plugin v27.5 - https:\/\/yoast.com\/product\/yoast-seo-wordpress\/ -->\n<title>Mercedes-Benz revoluciona la industria automotriz con aluminio de bajas emisiones de CO2 -<\/title>\n<meta name=\"description\" content=\"Mercedes-Benz AG, revoluciona la industria automotriz al adoptar aluminio de bajas emisiones de CO2 en su producci\u00f3n a gran escala...\" \/>\n<meta name=\"robots\" content=\"index, follow, max-snippet:-1, max-image-preview:large, max-video-preview:-1\" \/>\n<link rel=\"canonical\" href=\"https:\/\/autofans.com.ar\/index.php\/2023\/06\/01\/mercedes-benz-revoluciona-la-industria-automotriz-con-aluminio-de-bajas-emisiones-de-co2\/\" \/>\n<meta property=\"og:locale\" content=\"es_ES\" \/>\n<meta property=\"og:type\" content=\"article\" \/>\n<meta property=\"og:title\" content=\"Mercedes-Benz revoluciona la industria automotriz con aluminio de bajas emisiones de CO2 -\" \/>\n<meta property=\"og:description\" content=\"Mercedes-Benz AG, revoluciona la industria automotriz al adoptar aluminio de bajas emisiones de CO2 en su producci\u00f3n a gran escala...\" \/>\n<meta property=\"og:url\" content=\"https:\/\/autofans.com.ar\/index.php\/2023\/06\/01\/mercedes-benz-revoluciona-la-industria-automotriz-con-aluminio-de-bajas-emisiones-de-co2\/\" \/>\n<meta property=\"article:published_time\" content=\"2023-06-02T00:10:57+00:00\" \/>\n<meta property=\"og:image\" content=\"https:\/\/autofans.com.ar\/wp-content\/uploads\/2023\/06\/foto-2-2.jpg\" \/>\n\t<meta property=\"og:image:width\" content=\"1000\" \/>\n\t<meta property=\"og:image:height\" content=\"667\" \/>\n\t<meta property=\"og:image:type\" content=\"image\/jpeg\" \/>\n<meta name=\"author\" content=\"Alejandro Gabriel Rosito\" \/>\n<meta name=\"twitter:card\" content=\"summary_large_image\" \/>\n<meta name=\"twitter:label1\" content=\"Escrito por\" \/>\n\t<meta name=\"twitter:data1\" content=\"Alejandro Gabriel Rosito\" \/>\n\t<meta name=\"twitter:label2\" content=\"Tiempo de lectura\" \/>\n\t<meta name=\"twitter:data2\" content=\"3 minutos\" \/>\n<script type=\"application\/ld+json\" class=\"yoast-schema-graph\">{\"@context\":\"https:\\\/\\\/schema.org\",\"@graph\":[{\"@type\":\"Article\",\"@id\":\"https:\\\/\\\/autofans.com.ar\\\/index.php\\\/2023\\\/06\\\/01\\\/mercedes-benz-revoluciona-la-industria-automotriz-con-aluminio-de-bajas-emisiones-de-co2\\\/#article\",\"isPartOf\":{\"@id\":\"https:\\\/\\\/autofans.com.ar\\\/index.php\\\/2023\\\/06\\\/01\\\/mercedes-benz-revoluciona-la-industria-automotriz-con-aluminio-de-bajas-emisiones-de-co2\\\/\"},\"author\":{\"name\":\"Alejandro Gabriel Rosito\",\"@id\":\"https:\\\/\\\/autofans.com.ar\\\/#\\\/schema\\\/person\\\/4a8dda0b6df83ac3d6723e921274c2aa\"},\"headline\":\"Mercedes-Benz revoluciona la industria automotriz con aluminio de bajas emisiones de CO2\",\"datePublished\":\"2023-06-02T00:10:57+00:00\",\"mainEntityOfPage\":{\"@id\":\"https:\\\/\\\/autofans.com.ar\\\/index.php\\\/2023\\\/06\\\/01\\\/mercedes-benz-revoluciona-la-industria-automotriz-con-aluminio-de-bajas-emisiones-de-co2\\\/\"},\"wordCount\":508,\"image\":{\"@id\":\"https:\\\/\\\/autofans.com.ar\\\/index.php\\\/2023\\\/06\\\/01\\\/mercedes-benz-revoluciona-la-industria-automotriz-con-aluminio-de-bajas-emisiones-de-co2\\\/#primaryimage\"},\"thumbnailUrl\":\"https:\\\/\\\/autofans.com.ar\\\/wp-content\\\/uploads\\\/2023\\\/06\\\/foto-2-2.jpg\",\"keywords\":[\"aluminio reducido en CO2\",\"Industria Automotriz\",\"Mercedes-Benz\",\"reducci\u00f3n de emisiones\",\"sustentabilidad\"],\"articleSection\":[\"BIZSTYLE\",\"NOTICIAS\"],\"inLanguage\":\"es\"},{\"@type\":\"WebPage\",\"@id\":\"https:\\\/\\\/autofans.com.ar\\\/index.php\\\/2023\\\/06\\\/01\\\/mercedes-benz-revoluciona-la-industria-automotriz-con-aluminio-de-bajas-emisiones-de-co2\\\/\",\"url\":\"https:\\\/\\\/autofans.com.ar\\\/index.php\\\/2023\\\/06\\\/01\\\/mercedes-benz-revoluciona-la-industria-automotriz-con-aluminio-de-bajas-emisiones-de-co2\\\/\",\"name\":\"Mercedes-Benz revoluciona la industria automotriz con aluminio de bajas emisiones de CO2 -\",\"isPartOf\":{\"@id\":\"https:\\\/\\\/autofans.com.ar\\\/#website\"},\"primaryImageOfPage\":{\"@id\":\"https:\\\/\\\/autofans.com.ar\\\/index.php\\\/2023\\\/06\\\/01\\\/mercedes-benz-revoluciona-la-industria-automotriz-con-aluminio-de-bajas-emisiones-de-co2\\\/#primaryimage\"},\"image\":{\"@id\":\"https:\\\/\\\/autofans.com.ar\\\/index.php\\\/2023\\\/06\\\/01\\\/mercedes-benz-revoluciona-la-industria-automotriz-con-aluminio-de-bajas-emisiones-de-co2\\\/#primaryimage\"},\"thumbnailUrl\":\"https:\\\/\\\/autofans.com.ar\\\/wp-content\\\/uploads\\\/2023\\\/06\\\/foto-2-2.jpg\",\"datePublished\":\"2023-06-02T00:10:57+00:00\",\"author\":{\"@id\":\"https:\\\/\\\/autofans.com.ar\\\/#\\\/schema\\\/person\\\/4a8dda0b6df83ac3d6723e921274c2aa\"},\"description\":\"Mercedes-Benz AG, revoluciona la industria automotriz al adoptar aluminio de bajas emisiones de CO2 en su producci\u00f3n a gran escala...\",\"breadcrumb\":{\"@id\":\"https:\\\/\\\/autofans.com.ar\\\/index.php\\\/2023\\\/06\\\/01\\\/mercedes-benz-revoluciona-la-industria-automotriz-con-aluminio-de-bajas-emisiones-de-co2\\\/#breadcrumb\"},\"inLanguage\":\"es\",\"potentialAction\":[{\"@type\":\"ReadAction\",\"target\":[\"https:\\\/\\\/autofans.com.ar\\\/index.php\\\/2023\\\/06\\\/01\\\/mercedes-benz-revoluciona-la-industria-automotriz-con-aluminio-de-bajas-emisiones-de-co2\\\/\"]}]},{\"@type\":\"ImageObject\",\"inLanguage\":\"es\",\"@id\":\"https:\\\/\\\/autofans.com.ar\\\/index.php\\\/2023\\\/06\\\/01\\\/mercedes-benz-revoluciona-la-industria-automotriz-con-aluminio-de-bajas-emisiones-de-co2\\\/#primaryimage\",\"url\":\"https:\\\/\\\/autofans.com.ar\\\/wp-content\\\/uploads\\\/2023\\\/06\\\/foto-2-2.jpg\",\"contentUrl\":\"https:\\\/\\\/autofans.com.ar\\\/wp-content\\\/uploads\\\/2023\\\/06\\\/foto-2-2.jpg\",\"width\":1000,\"height\":667,\"caption\":\"bmw\"},{\"@type\":\"BreadcrumbList\",\"@id\":\"https:\\\/\\\/autofans.com.ar\\\/index.php\\\/2023\\\/06\\\/01\\\/mercedes-benz-revoluciona-la-industria-automotriz-con-aluminio-de-bajas-emisiones-de-co2\\\/#breadcrumb\",\"itemListElement\":[{\"@type\":\"ListItem\",\"position\":1,\"name\":\"Inicio\",\"item\":\"https:\\\/\\\/autofans.com.ar\\\/\"},{\"@type\":\"ListItem\",\"position\":2,\"name\":\"Mercedes-Benz revoluciona la industria automotriz con aluminio de bajas emisiones de CO2\"}]},{\"@type\":\"WebSite\",\"@id\":\"https:\\\/\\\/autofans.com.ar\\\/#website\",\"url\":\"https:\\\/\\\/autofans.com.ar\\\/\",\"name\":\"\",\"description\":\"El multimedio referente de la industria automotriz\",\"potentialAction\":[{\"@type\":\"SearchAction\",\"target\":{\"@type\":\"EntryPoint\",\"urlTemplate\":\"https:\\\/\\\/autofans.com.ar\\\/?s={search_term_string}\"},\"query-input\":{\"@type\":\"PropertyValueSpecification\",\"valueRequired\":true,\"valueName\":\"search_term_string\"}}],\"inLanguage\":\"es\"},{\"@type\":\"Person\",\"@id\":\"https:\\\/\\\/autofans.com.ar\\\/#\\\/schema\\\/person\\\/4a8dda0b6df83ac3d6723e921274c2aa\",\"name\":\"Alejandro Gabriel Rosito\",\"image\":{\"@type\":\"ImageObject\",\"inLanguage\":\"es\",\"@id\":\"https:\\\/\\\/secure.gravatar.com\\\/avatar\\\/16c5dda1489adfc62618084dcbb91cffd879c374b13fe5dd8e44ed6733852c88?s=96&d=mm&r=g\",\"url\":\"https:\\\/\\\/secure.gravatar.com\\\/avatar\\\/16c5dda1489adfc62618084dcbb91cffd879c374b13fe5dd8e44ed6733852c88?s=96&d=mm&r=g\",\"contentUrl\":\"https:\\\/\\\/secure.gravatar.com\\\/avatar\\\/16c5dda1489adfc62618084dcbb91cffd879c374b13fe5dd8e44ed6733852c88?s=96&d=mm&r=g\",\"caption\":\"Alejandro Gabriel Rosito\"},\"url\":\"https:\\\/\\\/autofans.com.ar\\\/index.php\\\/author\\\/gabrielr\\\/\"}]}<\/script>\n<!-- \/ Yoast SEO plugin. -->","yoast_head_json":{"title":"Mercedes-Benz revoluciona la industria automotriz con aluminio de bajas emisiones de CO2 -","description":"Mercedes-Benz AG, revoluciona la industria automotriz al adoptar aluminio de bajas emisiones de CO2 en su producci\u00f3n a gran escala...","robots":{"index":"index","follow":"follow","max-snippet":"max-snippet:-1","max-image-preview":"max-image-preview:large","max-video-preview":"max-video-preview:-1"},"canonical":"https:\/\/autofans.com.ar\/index.php\/2023\/06\/01\/mercedes-benz-revoluciona-la-industria-automotriz-con-aluminio-de-bajas-emisiones-de-co2\/","og_locale":"es_ES","og_type":"article","og_title":"Mercedes-Benz revoluciona la industria automotriz con aluminio de bajas emisiones de CO2 -","og_description":"Mercedes-Benz AG, revoluciona la industria automotriz al adoptar aluminio de bajas emisiones de CO2 en su producci\u00f3n a gran escala...","og_url":"https:\/\/autofans.com.ar\/index.php\/2023\/06\/01\/mercedes-benz-revoluciona-la-industria-automotriz-con-aluminio-de-bajas-emisiones-de-co2\/","article_published_time":"2023-06-02T00:10:57+00:00","og_image":[{"width":1000,"height":667,"url":"https:\/\/autofans.com.ar\/wp-content\/uploads\/2023\/06\/foto-2-2.jpg","type":"image\/jpeg"}],"author":"Alejandro Gabriel Rosito","twitter_card":"summary_large_image","twitter_misc":{"Escrito por":"Alejandro Gabriel Rosito","Tiempo de lectura":"3 minutos"},"schema":{"@context":"https:\/\/schema.org","@graph":[{"@type":"Article","@id":"https:\/\/autofans.com.ar\/index.php\/2023\/06\/01\/mercedes-benz-revoluciona-la-industria-automotriz-con-aluminio-de-bajas-emisiones-de-co2\/#article","isPartOf":{"@id":"https:\/\/autofans.com.ar\/index.php\/2023\/06\/01\/mercedes-benz-revoluciona-la-industria-automotriz-con-aluminio-de-bajas-emisiones-de-co2\/"},"author":{"name":"Alejandro Gabriel Rosito","@id":"https:\/\/autofans.com.ar\/#\/schema\/person\/4a8dda0b6df83ac3d6723e921274c2aa"},"headline":"Mercedes-Benz revoluciona la industria automotriz con aluminio de bajas emisiones de CO2","datePublished":"2023-06-02T00:10:57+00:00","mainEntityOfPage":{"@id":"https:\/\/autofans.com.ar\/index.php\/2023\/06\/01\/mercedes-benz-revoluciona-la-industria-automotriz-con-aluminio-de-bajas-emisiones-de-co2\/"},"wordCount":508,"image":{"@id":"https:\/\/autofans.com.ar\/index.php\/2023\/06\/01\/mercedes-benz-revoluciona-la-industria-automotriz-con-aluminio-de-bajas-emisiones-de-co2\/#primaryimage"},"thumbnailUrl":"https:\/\/autofans.com.ar\/wp-content\/uploads\/2023\/06\/foto-2-2.jpg","keywords":["aluminio reducido en CO2","Industria Automotriz","Mercedes-Benz","reducci\u00f3n de emisiones","sustentabilidad"],"articleSection":["BIZSTYLE","NOTICIAS"],"inLanguage":"es"},{"@type":"WebPage","@id":"https:\/\/autofans.com.ar\/index.php\/2023\/06\/01\/mercedes-benz-revoluciona-la-industria-automotriz-con-aluminio-de-bajas-emisiones-de-co2\/","url":"https:\/\/autofans.com.ar\/index.php\/2023\/06\/01\/mercedes-benz-revoluciona-la-industria-automotriz-con-aluminio-de-bajas-emisiones-de-co2\/","name":"Mercedes-Benz revoluciona la industria automotriz con aluminio de bajas emisiones de CO2 -","isPartOf":{"@id":"https:\/\/autofans.com.ar\/#website"},"primaryImageOfPage":{"@id":"https:\/\/autofans.com.ar\/index.php\/2023\/06\/01\/mercedes-benz-revoluciona-la-industria-automotriz-con-aluminio-de-bajas-emisiones-de-co2\/#primaryimage"},"image":{"@id":"https:\/\/autofans.com.ar\/index.php\/2023\/06\/01\/mercedes-benz-revoluciona-la-industria-automotriz-con-aluminio-de-bajas-emisiones-de-co2\/#primaryimage"},"thumbnailUrl":"https:\/\/autofans.com.ar\/wp-content\/uploads\/2023\/06\/foto-2-2.jpg","datePublished":"2023-06-02T00:10:57+00:00","author":{"@id":"https:\/\/autofans.com.ar\/#\/schema\/person\/4a8dda0b6df83ac3d6723e921274c2aa"},"description":"Mercedes-Benz AG, revoluciona la industria automotriz al adoptar aluminio de bajas emisiones de CO2 en su producci\u00f3n a gran escala...","breadcrumb":{"@id":"https:\/\/autofans.com.ar\/index.php\/2023\/06\/01\/mercedes-benz-revoluciona-la-industria-automotriz-con-aluminio-de-bajas-emisiones-de-co2\/#breadcrumb"},"inLanguage":"es","potentialAction":[{"@type":"ReadAction","target":["https:\/\/autofans.com.ar\/index.php\/2023\/06\/01\/mercedes-benz-revoluciona-la-industria-automotriz-con-aluminio-de-bajas-emisiones-de-co2\/"]}]},{"@type":"ImageObject","inLanguage":"es","@id":"https:\/\/autofans.com.ar\/index.php\/2023\/06\/01\/mercedes-benz-revoluciona-la-industria-automotriz-con-aluminio-de-bajas-emisiones-de-co2\/#primaryimage","url":"https:\/\/autofans.com.ar\/wp-content\/uploads\/2023\/06\/foto-2-2.jpg","contentUrl":"https:\/\/autofans.com.ar\/wp-content\/uploads\/2023\/06\/foto-2-2.jpg","width":1000,"height":667,"caption":"bmw"},{"@type":"BreadcrumbList","@id":"https:\/\/autofans.com.ar\/index.php\/2023\/06\/01\/mercedes-benz-revoluciona-la-industria-automotriz-con-aluminio-de-bajas-emisiones-de-co2\/#breadcrumb","itemListElement":[{"@type":"ListItem","position":1,"name":"Inicio","item":"https:\/\/autofans.com.ar\/"},{"@type":"ListItem","position":2,"name":"Mercedes-Benz revoluciona la industria automotriz con aluminio de bajas emisiones de CO2"}]},{"@type":"WebSite","@id":"https:\/\/autofans.com.ar\/#website","url":"https:\/\/autofans.com.ar\/","name":"","description":"El multimedio referente de la industria automotriz","potentialAction":[{"@type":"SearchAction","target":{"@type":"EntryPoint","urlTemplate":"https:\/\/autofans.com.ar\/?s={search_term_string}"},"query-input":{"@type":"PropertyValueSpecification","valueRequired":true,"valueName":"search_term_string"}}],"inLanguage":"es"},{"@type":"Person","@id":"https:\/\/autofans.com.ar\/#\/schema\/person\/4a8dda0b6df83ac3d6723e921274c2aa","name":"Alejandro Gabriel Rosito","image":{"@type":"ImageObject","inLanguage":"es","@id":"https:\/\/secure.gravatar.com\/avatar\/16c5dda1489adfc62618084dcbb91cffd879c374b13fe5dd8e44ed6733852c88?s=96&d=mm&r=g","url":"https:\/\/secure.gravatar.com\/avatar\/16c5dda1489adfc62618084dcbb91cffd879c374b13fe5dd8e44ed6733852c88?s=96&d=mm&r=g","contentUrl":"https:\/\/secure.gravatar.com\/avatar\/16c5dda1489adfc62618084dcbb91cffd879c374b13fe5dd8e44ed6733852c88?s=96&d=mm&r=g","caption":"Alejandro Gabriel Rosito"},"url":"https:\/\/autofans.com.ar\/index.php\/author\/gabrielr\/"}]}},"featured_image_urls":{"full":["https:\/\/autofans.com.ar\/wp-content\/uploads\/2023\/06\/foto-2-2.jpg",1000,667,false],"thumbnail":["https:\/\/autofans.com.ar\/wp-content\/uploads\/2023\/06\/foto-2-2-150x150.jpg",150,150,true],"medium":["https:\/\/autofans.com.ar\/wp-content\/uploads\/2023\/06\/foto-2-2-300x200.jpg",300,200,true],"medium_large":["https:\/\/autofans.com.ar\/wp-content\/uploads\/2023\/06\/foto-2-2-768x512.jpg",640,427,true],"large":["https:\/\/autofans.com.ar\/wp-content\/uploads\/2023\/06\/foto-2-2.jpg",640,427,false],"1536x1536":["https:\/\/autofans.com.ar\/wp-content\/uploads\/2023\/06\/foto-2-2.jpg",1000,667,false],"2048x2048":["https:\/\/autofans.com.ar\/wp-content\/uploads\/2023\/06\/foto-2-2.jpg",1000,667,false],"covernews-featured":["https:\/\/autofans.com.ar\/wp-content\/uploads\/2023\/06\/foto-2-2.jpg",1000,667,false],"covernews-medium":["https:\/\/autofans.com.ar\/wp-content\/uploads\/2023\/06\/foto-2-2-540x340.jpg",540,340,true]},"author_info":{"display_name":"Alejandro Gabriel Rosito","author_link":"https:\/\/autofans.com.ar\/index.php\/author\/gabrielr\/"},"category_info":"<a href=\"https:\/\/autofans.com.ar\/index.php\/category\/noticias\/bizstyle\/\" rel=\"category tag\">BIZSTYLE<\/a> <a href=\"https:\/\/autofans.com.ar\/index.php\/category\/noticias\/\" rel=\"category tag\">NOTICIAS<\/a>","tag_info":"NOTICIAS","comment_count":0,"_links":{"self":[{"href":"https:\/\/autofans.com.ar\/index.php\/wp-json\/wp\/v2\/posts\/2980","targetHints":{"allow":["GET"]}}],"collection":[{"href":"https:\/\/autofans.com.ar\/index.php\/wp-json\/wp\/v2\/posts"}],"about":[{"href":"https:\/\/autofans.com.ar\/index.php\/wp-json\/wp\/v2\/types\/post"}],"author":[{"embeddable":true,"href":"https:\/\/autofans.com.ar\/index.php\/wp-json\/wp\/v2\/users\/2"}],"replies":[{"embeddable":true,"href":"https:\/\/autofans.com.ar\/index.php\/wp-json\/wp\/v2\/comments?post=2980"}],"version-history":[{"count":2,"href":"https:\/\/autofans.com.ar\/index.php\/wp-json\/wp\/v2\/posts\/2980\/revisions"}],"predecessor-version":[{"id":2984,"href":"https:\/\/autofans.com.ar\/index.php\/wp-json\/wp\/v2\/posts\/2980\/revisions\/2984"}],"wp:featuredmedia":[{"embeddable":true,"href":"https:\/\/autofans.com.ar\/index.php\/wp-json\/wp\/v2\/media\/2981"}],"wp:attachment":[{"href":"https:\/\/autofans.com.ar\/index.php\/wp-json\/wp\/v2\/media?parent=2980"}],"wp:term":[{"taxonomy":"category","embeddable":true,"href":"https:\/\/autofans.com.ar\/index.php\/wp-json\/wp\/v2\/categories?post=2980"},{"taxonomy":"post_tag","embeddable":true,"href":"https:\/\/autofans.com.ar\/index.php\/wp-json\/wp\/v2\/tags?post=2980"}],"curies":[{"name":"wp","href":"https:\/\/api.w.org\/{rel}","templated":true}]}}