{"id":3025,"date":"2023-06-05T21:23:04","date_gmt":"2023-06-06T00:23:04","guid":{"rendered":"https:\/\/autofans.com.ar\/?p=3025"},"modified":"2023-06-05T21:23:04","modified_gmt":"2023-06-06T00:23:04","slug":"fiat-topolino-el-vehiculo-electrico-que-encarna-la-movilidad-urbana-sostenible","status":"publish","type":"post","link":"https:\/\/autofans.com.ar\/index.php\/2023\/06\/05\/fiat-topolino-el-vehiculo-electrico-que-encarna-la-movilidad-urbana-sostenible\/","title":{"rendered":"Fiat Topolino: El veh\u00edculo el\u00e9ctrico que encarna la movilidad urbana sostenible"},"content":{"rendered":"<p>Fiat ha presentado oficialmente su \u00faltima soluci\u00f3n de movilidad urbana sostenible: el Fiat Topolino. Este cuadriciclo totalmente el\u00e9ctrico est\u00e1 destinado a expandir la movilidad el\u00e9ctrica en entornos urbanos. Ofreciendo una opci\u00f3n asequible y sostenible inspirada en el ic\u00f3nico Fiat 500.<\/p>\n<p><center><iframe title=\"Descubre el encanto del Fiat Topolino: Movilidad urbana sostenible\" width=\"640\" height=\"360\" src=\"https:\/\/www.youtube.com\/embed\/PD1Y8Sfp-Bk?feature=oembed\" frameborder=\"0\" allow=\"accelerometer; autoplay; clipboard-write; encrypted-media; gyroscope; picture-in-picture; web-share\" referrerpolicy=\"strict-origin-when-cross-origin\" allowfullscreen><\/iframe><\/p>\n<p style=\"text-align: left;\">El nombre del Topolino evoca al primer Fiat 500, un veh\u00edculo que revolucion\u00f3 la concepci\u00f3n de los autom\u00f3viles motorizados producido por FIAT desde 1936 hasta 1955, el Fiat 500, tambi\u00e9n conocido como \u00abTopolino\u00bb, fue pionero en el concepto de movilidad para las personas.<\/p>\n<p style=\"text-align: left;\">El nuevo Fiat Topolino personifica a la perfecci\u00f3n la Dolce Vita y el esp\u00edritu italiano de FIAT. Dise\u00f1ado para brindar alegr\u00eda y diversi\u00f3n, este cuadriciclo lleva consigo una nueva interpretaci\u00f3n de la Dolce Vita a las calles de la ciudad. Con un enfoque en la sostenibilidad y el optimismo, el Topolino est\u00e1 dise\u00f1ado para un amplio p\u00fablico, incluyendo a los m\u00e1s j\u00f3venes, las familias y los amantes de la vida urbana.<\/p>\n<p>&nbsp;<\/p>\n<p>&nbsp;<\/p>\n<p><\/center><img fetchpriority=\"high\" decoding=\"async\" class=\"aligncenter wp-image-3028 size-full\" src=\"https:\/\/autofans.com.ar\/wp-content\/uploads\/2023\/06\/foto-2-7.jpg\" alt=\"topolino\" width=\"1000\" height=\"667\" srcset=\"https:\/\/autofans.com.ar\/wp-content\/uploads\/2023\/06\/foto-2-7.jpg 1000w, https:\/\/autofans.com.ar\/wp-content\/uploads\/2023\/06\/foto-2-7-300x200.jpg 300w, https:\/\/autofans.com.ar\/wp-content\/uploads\/2023\/06\/foto-2-7-768x512.jpg 768w\" sizes=\"(max-width: 1000px) 100vw, 1000px\" \/><\/p>\n<p>Este veh\u00edculo se adapta perfectamente a las necesidades de las personas que buscan una movilidad sostenible y fresca. Aline\u00e1ndose con la misi\u00f3n de <a href=\"https:\/\/www.fiat.com.ar\" target=\"_blank\" rel=\"noopener\">FIAT de<\/a> ofrecer soluciones de movilidad urbana sostenible accesibles para todos. Con un dise\u00f1o encantador y vers\u00e1til, el Fiat Topolino jugar\u00e1 un papel activo en la promoci\u00f3n de la movilidad el\u00e9ctrica en las ciudades y se convertir\u00e1 en una soluci\u00f3n de movilidad personal para toda la familia. El veh\u00edculo estar\u00e1 disponible en Europa a partir de abril de 2024, marcando el inicio de una nueva era de movilidad urbana.<\/p>\n<p>No te pierdas la oportunidad de conocer m\u00e1s sobre el Fiat Topolino. Un veh\u00edculo el\u00e9ctrico que combina estilo, sostenibilidad y el legado de FIAT en la industria automotriz. Prep\u00e1rate para disfrutar de la movilidad urbana de una forma m\u00e1s bonita y ecol\u00f3gica.<\/p>\n<p>&nbsp;<\/p>\n<p><i>Para enterarte de m\u00e1s novedades, no dejes de leer\u00a0<\/i><a href=\"https:\/\/autofans.thebrandsoup.com\/\"><i>nuestras notas<\/i><\/a><i>, de ver<\/i><b><i>\u00a0<\/i><\/b><a href=\"https:\/\/www.youtube.com\/channel\/UCgAC8UGHZYbT6P7PpmVnP7g\"><b><i>AUTOFANS TV<\/i><\/b><\/a><b><i>\u00a0<\/i><\/b><i>en nuestro\u00a0canal de Youtube. Adem\u00e1s seguinos en\u00a0<\/i><a href=\"https:\/\/www.instagram.com\/autofanstv\/\"><i>INSTAGRAM<\/i><\/a><i> y <\/i><a href=\"https:\/\/www.facebook.com\/autofansmas\/\"><i>FACEBOOK<\/i><\/a><i> para no perderte nada sobre las novedades del segmento automotor de Argentina y el mundo. <\/i><\/p>\n","protected":false},"excerpt":{"rendered":"<p>Fiat ha presentado oficialmente su \u00faltima soluci\u00f3n de movilidad urbana sostenible: el Fiat Topolino. Este&#8230;<\/p>\n","protected":false},"author":2,"featured_media":3029,"comment_status":"closed","ping_status":"closed","sticky":false,"template":"","format":"standard","meta":{"footnotes":""},"categories":[3,341,1],"tags":[216,360,1467,1465,1463,1461,1466,1464,1462,32],"class_list":["post-3025","post","type-post","status-publish","format-standard","has-post-thumbnail","hentry","category-autos","category-hibridos-y-electricos","category-lanzamientos","tag-sostenibilidad","tag-automoviles","tag-cuadriciclo-electrico","tag-dolce-vita","tag-fiat-500","tag-fiat-topolino","tag-movilidad-electrica-urbana","tag-movilidad-personal","tag-movilidad-urbana-sostenible","tag-vehiculo-electrico"],"yoast_head":"<!-- This site is optimized with the Yoast SEO plugin v27.5 - https:\/\/yoast.com\/product\/yoast-seo-wordpress\/ -->\n<title>Fiat Topolino: El veh\u00edculo el\u00e9ctrico que encarna la movilidad urbana sostenible -<\/title>\n<meta name=\"description\" content=\"Fiat ha presentado oficialmente su \u00faltima soluci\u00f3n de movilidad urbana sostenible: el Fiat Topolino. Este cuadriciclo totalmente el\u00e9ctrico...\" \/>\n<meta name=\"robots\" content=\"index, follow, max-snippet:-1, max-image-preview:large, max-video-preview:-1\" \/>\n<link rel=\"canonical\" href=\"https:\/\/autofans.com.ar\/index.php\/2023\/06\/05\/fiat-topolino-el-vehiculo-electrico-que-encarna-la-movilidad-urbana-sostenible\/\" \/>\n<meta property=\"og:locale\" content=\"es_ES\" \/>\n<meta property=\"og:type\" content=\"article\" \/>\n<meta property=\"og:title\" content=\"Fiat Topolino: El veh\u00edculo el\u00e9ctrico que encarna la movilidad urbana sostenible -\" \/>\n<meta property=\"og:description\" content=\"Fiat ha presentado oficialmente su \u00faltima soluci\u00f3n de movilidad urbana sostenible: el Fiat Topolino. Este cuadriciclo totalmente el\u00e9ctrico...\" \/>\n<meta property=\"og:url\" content=\"https:\/\/autofans.com.ar\/index.php\/2023\/06\/05\/fiat-topolino-el-vehiculo-electrico-que-encarna-la-movilidad-urbana-sostenible\/\" \/>\n<meta property=\"article:published_time\" content=\"2023-06-06T00:23:04+00:00\" \/>\n<meta property=\"og:image\" content=\"https:\/\/autofans.com.ar\/wp-content\/uploads\/2023\/06\/foto-1-8.jpg\" \/>\n\t<meta property=\"og:image:width\" content=\"1000\" \/>\n\t<meta property=\"og:image:height\" content=\"667\" \/>\n\t<meta property=\"og:image:type\" content=\"image\/jpeg\" \/>\n<meta name=\"author\" content=\"Alejandro Gabriel Rosito\" \/>\n<meta name=\"twitter:card\" content=\"summary_large_image\" \/>\n<meta name=\"twitter:label1\" content=\"Escrito por\" \/>\n\t<meta name=\"twitter:data1\" content=\"Alejandro Gabriel Rosito\" \/>\n\t<meta name=\"twitter:label2\" content=\"Tiempo de lectura\" \/>\n\t<meta name=\"twitter:data2\" content=\"2 minutos\" \/>\n<script type=\"application\/ld+json\" class=\"yoast-schema-graph\">{\"@context\":\"https:\\\/\\\/schema.org\",\"@graph\":[{\"@type\":\"Article\",\"@id\":\"https:\\\/\\\/autofans.com.ar\\\/index.php\\\/2023\\\/06\\\/05\\\/fiat-topolino-el-vehiculo-electrico-que-encarna-la-movilidad-urbana-sostenible\\\/#article\",\"isPartOf\":{\"@id\":\"https:\\\/\\\/autofans.com.ar\\\/index.php\\\/2023\\\/06\\\/05\\\/fiat-topolino-el-vehiculo-electrico-que-encarna-la-movilidad-urbana-sostenible\\\/\"},\"author\":{\"name\":\"Alejandro Gabriel Rosito\",\"@id\":\"https:\\\/\\\/autofans.com.ar\\\/#\\\/schema\\\/person\\\/4a8dda0b6df83ac3d6723e921274c2aa\"},\"headline\":\"Fiat Topolino: El veh\u00edculo el\u00e9ctrico que encarna la movilidad urbana sostenible\",\"datePublished\":\"2023-06-06T00:23:04+00:00\",\"mainEntityOfPage\":{\"@id\":\"https:\\\/\\\/autofans.com.ar\\\/index.php\\\/2023\\\/06\\\/05\\\/fiat-topolino-el-vehiculo-electrico-que-encarna-la-movilidad-urbana-sostenible\\\/\"},\"wordCount\":383,\"image\":{\"@id\":\"https:\\\/\\\/autofans.com.ar\\\/index.php\\\/2023\\\/06\\\/05\\\/fiat-topolino-el-vehiculo-electrico-que-encarna-la-movilidad-urbana-sostenible\\\/#primaryimage\"},\"thumbnailUrl\":\"https:\\\/\\\/autofans.com.ar\\\/wp-content\\\/uploads\\\/2023\\\/06\\\/foto-1-8.jpg\",\"keywords\":[\"#sostenibilidad\",\"autom\u00f3viles\",\"cuadriciclo el\u00e9ctrico\",\"Dolce Vita\",\"Fiat 500\",\"Fiat Topolino\",\"movilidad el\u00e9ctrica urbana\",\"movilidad personal\",\"movilidad urbana sostenible\",\"Vehiculo electrico\"],\"articleSection\":[\"AUTOS y SUV\",\"HIBRIDOS, ELECTRICOS y otros\",\"LANZAMIENTOS\"],\"inLanguage\":\"es\"},{\"@type\":\"WebPage\",\"@id\":\"https:\\\/\\\/autofans.com.ar\\\/index.php\\\/2023\\\/06\\\/05\\\/fiat-topolino-el-vehiculo-electrico-que-encarna-la-movilidad-urbana-sostenible\\\/\",\"url\":\"https:\\\/\\\/autofans.com.ar\\\/index.php\\\/2023\\\/06\\\/05\\\/fiat-topolino-el-vehiculo-electrico-que-encarna-la-movilidad-urbana-sostenible\\\/\",\"name\":\"Fiat Topolino: El veh\u00edculo el\u00e9ctrico que encarna la movilidad urbana sostenible -\",\"isPartOf\":{\"@id\":\"https:\\\/\\\/autofans.com.ar\\\/#website\"},\"primaryImageOfPage\":{\"@id\":\"https:\\\/\\\/autofans.com.ar\\\/index.php\\\/2023\\\/06\\\/05\\\/fiat-topolino-el-vehiculo-electrico-que-encarna-la-movilidad-urbana-sostenible\\\/#primaryimage\"},\"image\":{\"@id\":\"https:\\\/\\\/autofans.com.ar\\\/index.php\\\/2023\\\/06\\\/05\\\/fiat-topolino-el-vehiculo-electrico-que-encarna-la-movilidad-urbana-sostenible\\\/#primaryimage\"},\"thumbnailUrl\":\"https:\\\/\\\/autofans.com.ar\\\/wp-content\\\/uploads\\\/2023\\\/06\\\/foto-1-8.jpg\",\"datePublished\":\"2023-06-06T00:23:04+00:00\",\"author\":{\"@id\":\"https:\\\/\\\/autofans.com.ar\\\/#\\\/schema\\\/person\\\/4a8dda0b6df83ac3d6723e921274c2aa\"},\"description\":\"Fiat ha presentado oficialmente su \u00faltima soluci\u00f3n de movilidad urbana sostenible: el Fiat Topolino. Este cuadriciclo totalmente el\u00e9ctrico...\",\"breadcrumb\":{\"@id\":\"https:\\\/\\\/autofans.com.ar\\\/index.php\\\/2023\\\/06\\\/05\\\/fiat-topolino-el-vehiculo-electrico-que-encarna-la-movilidad-urbana-sostenible\\\/#breadcrumb\"},\"inLanguage\":\"es\",\"potentialAction\":[{\"@type\":\"ReadAction\",\"target\":[\"https:\\\/\\\/autofans.com.ar\\\/index.php\\\/2023\\\/06\\\/05\\\/fiat-topolino-el-vehiculo-electrico-que-encarna-la-movilidad-urbana-sostenible\\\/\"]}]},{\"@type\":\"ImageObject\",\"inLanguage\":\"es\",\"@id\":\"https:\\\/\\\/autofans.com.ar\\\/index.php\\\/2023\\\/06\\\/05\\\/fiat-topolino-el-vehiculo-electrico-que-encarna-la-movilidad-urbana-sostenible\\\/#primaryimage\",\"url\":\"https:\\\/\\\/autofans.com.ar\\\/wp-content\\\/uploads\\\/2023\\\/06\\\/foto-1-8.jpg\",\"contentUrl\":\"https:\\\/\\\/autofans.com.ar\\\/wp-content\\\/uploads\\\/2023\\\/06\\\/foto-1-8.jpg\",\"width\":1000,\"height\":667,\"caption\":\"topolino\"},{\"@type\":\"BreadcrumbList\",\"@id\":\"https:\\\/\\\/autofans.com.ar\\\/index.php\\\/2023\\\/06\\\/05\\\/fiat-topolino-el-vehiculo-electrico-que-encarna-la-movilidad-urbana-sostenible\\\/#breadcrumb\",\"itemListElement\":[{\"@type\":\"ListItem\",\"position\":1,\"name\":\"Inicio\",\"item\":\"https:\\\/\\\/autofans.com.ar\\\/\"},{\"@type\":\"ListItem\",\"position\":2,\"name\":\"Fiat Topolino: El veh\u00edculo el\u00e9ctrico que encarna la movilidad urbana sostenible\"}]},{\"@type\":\"WebSite\",\"@id\":\"https:\\\/\\\/autofans.com.ar\\\/#website\",\"url\":\"https:\\\/\\\/autofans.com.ar\\\/\",\"name\":\"\",\"description\":\"El multimedio referente de la industria automotriz\",\"potentialAction\":[{\"@type\":\"SearchAction\",\"target\":{\"@type\":\"EntryPoint\",\"urlTemplate\":\"https:\\\/\\\/autofans.com.ar\\\/?s={search_term_string}\"},\"query-input\":{\"@type\":\"PropertyValueSpecification\",\"valueRequired\":true,\"valueName\":\"search_term_string\"}}],\"inLanguage\":\"es\"},{\"@type\":\"Person\",\"@id\":\"https:\\\/\\\/autofans.com.ar\\\/#\\\/schema\\\/person\\\/4a8dda0b6df83ac3d6723e921274c2aa\",\"name\":\"Alejandro Gabriel Rosito\",\"image\":{\"@type\":\"ImageObject\",\"inLanguage\":\"es\",\"@id\":\"https:\\\/\\\/secure.gravatar.com\\\/avatar\\\/16c5dda1489adfc62618084dcbb91cffd879c374b13fe5dd8e44ed6733852c88?s=96&d=mm&r=g\",\"url\":\"https:\\\/\\\/secure.gravatar.com\\\/avatar\\\/16c5dda1489adfc62618084dcbb91cffd879c374b13fe5dd8e44ed6733852c88?s=96&d=mm&r=g\",\"contentUrl\":\"https:\\\/\\\/secure.gravatar.com\\\/avatar\\\/16c5dda1489adfc62618084dcbb91cffd879c374b13fe5dd8e44ed6733852c88?s=96&d=mm&r=g\",\"caption\":\"Alejandro Gabriel Rosito\"},\"url\":\"https:\\\/\\\/autofans.com.ar\\\/index.php\\\/author\\\/gabrielr\\\/\"}]}<\/script>\n<!-- \/ Yoast SEO plugin. -->","yoast_head_json":{"title":"Fiat Topolino: El veh\u00edculo el\u00e9ctrico que encarna la movilidad urbana sostenible -","description":"Fiat ha presentado oficialmente su \u00faltima soluci\u00f3n de movilidad urbana sostenible: el Fiat Topolino. Este cuadriciclo totalmente el\u00e9ctrico...","robots":{"index":"index","follow":"follow","max-snippet":"max-snippet:-1","max-image-preview":"max-image-preview:large","max-video-preview":"max-video-preview:-1"},"canonical":"https:\/\/autofans.com.ar\/index.php\/2023\/06\/05\/fiat-topolino-el-vehiculo-electrico-que-encarna-la-movilidad-urbana-sostenible\/","og_locale":"es_ES","og_type":"article","og_title":"Fiat Topolino: El veh\u00edculo el\u00e9ctrico que encarna la movilidad urbana sostenible -","og_description":"Fiat ha presentado oficialmente su \u00faltima soluci\u00f3n de movilidad urbana sostenible: el Fiat Topolino. Este cuadriciclo totalmente el\u00e9ctrico...","og_url":"https:\/\/autofans.com.ar\/index.php\/2023\/06\/05\/fiat-topolino-el-vehiculo-electrico-que-encarna-la-movilidad-urbana-sostenible\/","article_published_time":"2023-06-06T00:23:04+00:00","og_image":[{"width":1000,"height":667,"url":"https:\/\/autofans.com.ar\/wp-content\/uploads\/2023\/06\/foto-1-8.jpg","type":"image\/jpeg"}],"author":"Alejandro Gabriel Rosito","twitter_card":"summary_large_image","twitter_misc":{"Escrito por":"Alejandro Gabriel Rosito","Tiempo de lectura":"2 minutos"},"schema":{"@context":"https:\/\/schema.org","@graph":[{"@type":"Article","@id":"https:\/\/autofans.com.ar\/index.php\/2023\/06\/05\/fiat-topolino-el-vehiculo-electrico-que-encarna-la-movilidad-urbana-sostenible\/#article","isPartOf":{"@id":"https:\/\/autofans.com.ar\/index.php\/2023\/06\/05\/fiat-topolino-el-vehiculo-electrico-que-encarna-la-movilidad-urbana-sostenible\/"},"author":{"name":"Alejandro Gabriel Rosito","@id":"https:\/\/autofans.com.ar\/#\/schema\/person\/4a8dda0b6df83ac3d6723e921274c2aa"},"headline":"Fiat Topolino: El veh\u00edculo el\u00e9ctrico que encarna la movilidad urbana sostenible","datePublished":"2023-06-06T00:23:04+00:00","mainEntityOfPage":{"@id":"https:\/\/autofans.com.ar\/index.php\/2023\/06\/05\/fiat-topolino-el-vehiculo-electrico-que-encarna-la-movilidad-urbana-sostenible\/"},"wordCount":383,"image":{"@id":"https:\/\/autofans.com.ar\/index.php\/2023\/06\/05\/fiat-topolino-el-vehiculo-electrico-que-encarna-la-movilidad-urbana-sostenible\/#primaryimage"},"thumbnailUrl":"https:\/\/autofans.com.ar\/wp-content\/uploads\/2023\/06\/foto-1-8.jpg","keywords":["#sostenibilidad","autom\u00f3viles","cuadriciclo el\u00e9ctrico","Dolce Vita","Fiat 500","Fiat Topolino","movilidad el\u00e9ctrica urbana","movilidad personal","movilidad urbana sostenible","Vehiculo electrico"],"articleSection":["AUTOS y SUV","HIBRIDOS, ELECTRICOS y otros","LANZAMIENTOS"],"inLanguage":"es"},{"@type":"WebPage","@id":"https:\/\/autofans.com.ar\/index.php\/2023\/06\/05\/fiat-topolino-el-vehiculo-electrico-que-encarna-la-movilidad-urbana-sostenible\/","url":"https:\/\/autofans.com.ar\/index.php\/2023\/06\/05\/fiat-topolino-el-vehiculo-electrico-que-encarna-la-movilidad-urbana-sostenible\/","name":"Fiat Topolino: El veh\u00edculo el\u00e9ctrico que encarna la movilidad urbana sostenible -","isPartOf":{"@id":"https:\/\/autofans.com.ar\/#website"},"primaryImageOfPage":{"@id":"https:\/\/autofans.com.ar\/index.php\/2023\/06\/05\/fiat-topolino-el-vehiculo-electrico-que-encarna-la-movilidad-urbana-sostenible\/#primaryimage"},"image":{"@id":"https:\/\/autofans.com.ar\/index.php\/2023\/06\/05\/fiat-topolino-el-vehiculo-electrico-que-encarna-la-movilidad-urbana-sostenible\/#primaryimage"},"thumbnailUrl":"https:\/\/autofans.com.ar\/wp-content\/uploads\/2023\/06\/foto-1-8.jpg","datePublished":"2023-06-06T00:23:04+00:00","author":{"@id":"https:\/\/autofans.com.ar\/#\/schema\/person\/4a8dda0b6df83ac3d6723e921274c2aa"},"description":"Fiat ha presentado oficialmente su \u00faltima soluci\u00f3n de movilidad urbana sostenible: el Fiat Topolino. Este cuadriciclo totalmente el\u00e9ctrico...","breadcrumb":{"@id":"https:\/\/autofans.com.ar\/index.php\/2023\/06\/05\/fiat-topolino-el-vehiculo-electrico-que-encarna-la-movilidad-urbana-sostenible\/#breadcrumb"},"inLanguage":"es","potentialAction":[{"@type":"ReadAction","target":["https:\/\/autofans.com.ar\/index.php\/2023\/06\/05\/fiat-topolino-el-vehiculo-electrico-que-encarna-la-movilidad-urbana-sostenible\/"]}]},{"@type":"ImageObject","inLanguage":"es","@id":"https:\/\/autofans.com.ar\/index.php\/2023\/06\/05\/fiat-topolino-el-vehiculo-electrico-que-encarna-la-movilidad-urbana-sostenible\/#primaryimage","url":"https:\/\/autofans.com.ar\/wp-content\/uploads\/2023\/06\/foto-1-8.jpg","contentUrl":"https:\/\/autofans.com.ar\/wp-content\/uploads\/2023\/06\/foto-1-8.jpg","width":1000,"height":667,"caption":"topolino"},{"@type":"BreadcrumbList","@id":"https:\/\/autofans.com.ar\/index.php\/2023\/06\/05\/fiat-topolino-el-vehiculo-electrico-que-encarna-la-movilidad-urbana-sostenible\/#breadcrumb","itemListElement":[{"@type":"ListItem","position":1,"name":"Inicio","item":"https:\/\/autofans.com.ar\/"},{"@type":"ListItem","position":2,"name":"Fiat Topolino: El veh\u00edculo el\u00e9ctrico que encarna la movilidad urbana sostenible"}]},{"@type":"WebSite","@id":"https:\/\/autofans.com.ar\/#website","url":"https:\/\/autofans.com.ar\/","name":"","description":"El multimedio referente de la industria automotriz","potentialAction":[{"@type":"SearchAction","target":{"@type":"EntryPoint","urlTemplate":"https:\/\/autofans.com.ar\/?s={search_term_string}"},"query-input":{"@type":"PropertyValueSpecification","valueRequired":true,"valueName":"search_term_string"}}],"inLanguage":"es"},{"@type":"Person","@id":"https:\/\/autofans.com.ar\/#\/schema\/person\/4a8dda0b6df83ac3d6723e921274c2aa","name":"Alejandro Gabriel Rosito","image":{"@type":"ImageObject","inLanguage":"es","@id":"https:\/\/secure.gravatar.com\/avatar\/16c5dda1489adfc62618084dcbb91cffd879c374b13fe5dd8e44ed6733852c88?s=96&d=mm&r=g","url":"https:\/\/secure.gravatar.com\/avatar\/16c5dda1489adfc62618084dcbb91cffd879c374b13fe5dd8e44ed6733852c88?s=96&d=mm&r=g","contentUrl":"https:\/\/secure.gravatar.com\/avatar\/16c5dda1489adfc62618084dcbb91cffd879c374b13fe5dd8e44ed6733852c88?s=96&d=mm&r=g","caption":"Alejandro Gabriel Rosito"},"url":"https:\/\/autofans.com.ar\/index.php\/author\/gabrielr\/"}]}},"featured_image_urls":{"full":["https:\/\/autofans.com.ar\/wp-content\/uploads\/2023\/06\/foto-1-8.jpg",1000,667,false],"thumbnail":["https:\/\/autofans.com.ar\/wp-content\/uploads\/2023\/06\/foto-1-8-150x150.jpg",150,150,true],"medium":["https:\/\/autofans.com.ar\/wp-content\/uploads\/2023\/06\/foto-1-8-300x200.jpg",300,200,true],"medium_large":["https:\/\/autofans.com.ar\/wp-content\/uploads\/2023\/06\/foto-1-8-768x512.jpg",640,427,true],"large":["https:\/\/autofans.com.ar\/wp-content\/uploads\/2023\/06\/foto-1-8.jpg",640,427,false],"1536x1536":["https:\/\/autofans.com.ar\/wp-content\/uploads\/2023\/06\/foto-1-8.jpg",1000,667,false],"2048x2048":["https:\/\/autofans.com.ar\/wp-content\/uploads\/2023\/06\/foto-1-8.jpg",1000,667,false],"covernews-featured":["https:\/\/autofans.com.ar\/wp-content\/uploads\/2023\/06\/foto-1-8.jpg",1000,667,false],"covernews-medium":["https:\/\/autofans.com.ar\/wp-content\/uploads\/2023\/06\/foto-1-8-540x340.jpg",540,340,true]},"author_info":{"display_name":"Alejandro Gabriel Rosito","author_link":"https:\/\/autofans.com.ar\/index.php\/author\/gabrielr\/"},"category_info":"<a href=\"https:\/\/autofans.com.ar\/index.php\/category\/noticias\/autos\/\" rel=\"category tag\">AUTOS y SUV<\/a> <a href=\"https:\/\/autofans.com.ar\/index.php\/category\/noticias\/hibridos-y-electricos\/\" rel=\"category tag\">HIBRIDOS, ELECTRICOS y otros<\/a> <a href=\"https:\/\/autofans.com.ar\/index.php\/category\/lanzamientos\/\" rel=\"category tag\">LANZAMIENTOS<\/a>","tag_info":"LANZAMIENTOS","comment_count":0,"_links":{"self":[{"href":"https:\/\/autofans.com.ar\/index.php\/wp-json\/wp\/v2\/posts\/3025","targetHints":{"allow":["GET"]}}],"collection":[{"href":"https:\/\/autofans.com.ar\/index.php\/wp-json\/wp\/v2\/posts"}],"about":[{"href":"https:\/\/autofans.com.ar\/index.php\/wp-json\/wp\/v2\/types\/post"}],"author":[{"embeddable":true,"href":"https:\/\/autofans.com.ar\/index.php\/wp-json\/wp\/v2\/users\/2"}],"replies":[{"embeddable":true,"href":"https:\/\/autofans.com.ar\/index.php\/wp-json\/wp\/v2\/comments?post=3025"}],"version-history":[{"count":12,"href":"https:\/\/autofans.com.ar\/index.php\/wp-json\/wp\/v2\/posts\/3025\/revisions"}],"predecessor-version":[{"id":3061,"href":"https:\/\/autofans.com.ar\/index.php\/wp-json\/wp\/v2\/posts\/3025\/revisions\/3061"}],"wp:featuredmedia":[{"embeddable":true,"href":"https:\/\/autofans.com.ar\/index.php\/wp-json\/wp\/v2\/media\/3029"}],"wp:attachment":[{"href":"https:\/\/autofans.com.ar\/index.php\/wp-json\/wp\/v2\/media?parent=3025"}],"wp:term":[{"taxonomy":"category","embeddable":true,"href":"https:\/\/autofans.com.ar\/index.php\/wp-json\/wp\/v2\/categories?post=3025"},{"taxonomy":"post_tag","embeddable":true,"href":"https:\/\/autofans.com.ar\/index.php\/wp-json\/wp\/v2\/tags?post=3025"}],"curies":[{"name":"wp","href":"https:\/\/api.w.org\/{rel}","templated":true}]}}