{"id":3077,"date":"2023-06-07T15:01:34","date_gmt":"2023-06-07T18:01:34","guid":{"rendered":"https:\/\/autofans.com.ar\/?p=3077"},"modified":"2023-06-07T15:01:34","modified_gmt":"2023-06-07T18:01:34","slug":"ford-argentina-impulsa-la-revolucion-electrica-con-la-e-transit-en-programa-piloto","status":"publish","type":"post","link":"https:\/\/autofans.com.ar\/index.php\/2023\/06\/07\/ford-argentina-impulsa-la-revolucion-electrica-con-la-e-transit-en-programa-piloto\/","title":{"rendered":"Ford Argentina impulsa la revoluci\u00f3n el\u00e9ctrica con la E-Transit en programa piloto"},"content":{"rendered":"<p>Ford Argentina se encuentra a la vanguardia de la innovaci\u00f3n en el segmento automotor al iniciar un programa piloto con la E-Transit. La versi\u00f3n 100% el\u00e9ctrica de su emblem\u00e1tico veh\u00edculo comercial. En colaboraci\u00f3n con destacadas empresas l\u00edderes en sus respectivas \u00e1reas, Ford busca brindar a los clientes la oportunidad de experimentar los beneficios de los veh\u00edculos comerciales el\u00e9ctricos y perfeccionar su experiencia de uso antes del lanzamiento oficial al mercado.<\/p>\n<p>&nbsp;<\/p>\n<p><img fetchpriority=\"high\" decoding=\"async\" class=\"aligncenter wp-image-3081 size-full\" src=\"https:\/\/autofans.com.ar\/wp-content\/uploads\/2023\/06\/foto-4-4.jpg\" alt=\"ford e-transit\" width=\"1000\" height=\"667\" srcset=\"https:\/\/autofans.com.ar\/wp-content\/uploads\/2023\/06\/foto-4-4.jpg 1000w, https:\/\/autofans.com.ar\/wp-content\/uploads\/2023\/06\/foto-4-4-300x200.jpg 300w, https:\/\/autofans.com.ar\/wp-content\/uploads\/2023\/06\/foto-4-4-768x512.jpg 768w\" sizes=\"(max-width: 1000px) 100vw, 1000px\" \/><\/p>\n<p>La E-Transit es uno de los tres lanzamientos de veh\u00edculos electrificados anunciados por Ford Argentina para este a\u00f1o. Demostrando su compromiso con la electrificaci\u00f3n de su cartera de productos y su objetivo de lograr la neutralidad de carbono para el a\u00f1o 2050. Este veh\u00edculo comercial el\u00e9ctrico permitir\u00e1 a los usuarios llevar a cabo sus actividades diarias sin emisiones contaminantes.<\/p>\n<p>Como parte de este programa, Ford Argentina est\u00e1 analizando de cerca las experiencias de los clientes comerciales que se han unido a la prueba piloto. Se est\u00e1n teniendo en cuenta diversos factores, como el rendimiento del veh\u00edculo en diferentes condiciones de uso. Los tipos de trayectos realizados (urbanos o semiurbanos), la distancia recorrida, los tipos de carga transportada, la autonom\u00eda de la bater\u00eda y la adaptaci\u00f3n de los conductores a un veh\u00edculo comercial 100% el\u00e9ctrico. Estos resultados ser\u00e1n fundamentales para dise\u00f1ar procesos y servicios que brinden a los clientes la experiencia de uso y productividad que esperan y necesitan.<\/p>\n<p>Ford Argentina ha trabajado en colaboraci\u00f3n con reconocidas empresas l\u00edderes en diversos sectores para llevar a cabo este programa piloto. Entre ellas se encuentran Cervecer\u00eda y Malter\u00eda Quilmes y DHL, una empresa global de log\u00edstica.<\/p>\n<p>&nbsp;<\/p>\n<p><img decoding=\"async\" class=\"aligncenter wp-image-3080 size-full\" src=\"https:\/\/autofans.com.ar\/wp-content\/uploads\/2023\/06\/foto-3-6.jpg\" alt=\"ford e-transit\" width=\"1000\" height=\"667\" srcset=\"https:\/\/autofans.com.ar\/wp-content\/uploads\/2023\/06\/foto-3-6.jpg 1000w, https:\/\/autofans.com.ar\/wp-content\/uploads\/2023\/06\/foto-3-6-300x200.jpg 300w, https:\/\/autofans.com.ar\/wp-content\/uploads\/2023\/06\/foto-3-6-768x512.jpg 768w\" sizes=\"(max-width: 1000px) 100vw, 1000px\" \/><\/p>\n<p>E-Transit ha sido un \u00e9xito de ventas desde su lanzamiento en Estados Unidos y Europa. En el principal mercado de Am\u00e9rica del Norte, ha logrado un porcentaje de participaci\u00f3n de mercado superior al 70% entre las furgonetas el\u00e9ctricas. Recientemente elegida por el Servicio Postal de los Estados Unidos (USPS) para electrificar su flota, con una compra de m\u00e1s de 9,000 unidades de E-Transit.<\/p>\n<p>Entre las caracter\u00edsticas m\u00e1s destacadas de este veh\u00edculo se encuentra su autonom\u00eda de bater\u00eda el\u00e9ctrica. Este cuenta con un software inteligente que proporciona una estimaci\u00f3n precisa de la distancia que se puede recorrer sin necesidad de recargar, con un rango estimado de entre 240 y 260 kil\u00f3metros. Adem\u00e1s, la E-Transit mantiene la misma capacidad de carga volum\u00e9trica que la versi\u00f3n con motorizaci\u00f3n di\u00e9sel. Esto la convierte en una opci\u00f3n conveniente y sostenible para los clientes comerciales.<\/p>\n<p>&nbsp;<\/p>\n<p><img decoding=\"async\" class=\"aligncenter wp-image-3078 size-full\" src=\"https:\/\/autofans.com.ar\/wp-content\/uploads\/2023\/06\/foto-1-12.jpg\" alt=\"ford e-transit\" width=\"1000\" height=\"667\" srcset=\"https:\/\/autofans.com.ar\/wp-content\/uploads\/2023\/06\/foto-1-12.jpg 1000w, https:\/\/autofans.com.ar\/wp-content\/uploads\/2023\/06\/foto-1-12-300x200.jpg 300w, https:\/\/autofans.com.ar\/wp-content\/uploads\/2023\/06\/foto-1-12-768x512.jpg 768w\" sizes=\"(max-width: 1000px) 100vw, 1000px\" \/><\/p>\n<p>La estrategia de electrificaci\u00f3n de Ford es un elemento fundamental para lograr la neutralidad de carbono en 2050. Como parte de este enfoque, Ford est\u00e1 realizando una inversi\u00f3n de 50 mil millones de d\u00f3lares entre 2022 y 2026 para el desarrollo de nuevos productos, tecnolog\u00edas de bater\u00edas y la expansi\u00f3n de la capacidad de fabricaci\u00f3n de veh\u00edculos y bater\u00edas. Adem\u00e1s, la compa\u00f1\u00eda ha establecido acuerdos para asegurar el suministro de insumos cr\u00edticos necesarios para alcanzar sus metas de producci\u00f3n.<\/p>\n<p>El programa piloto de la E-Transit en Argentina es un paso importante en esta estrategia global, que demuestra el compromiso de Ford por ofrecer a sus clientes los \u00faltimos modelos de la marca. Al mismo tiempo que genera un impacto positivo en la sociedad y el medio ambiente.<\/p>\n<p>Para obtener m\u00e1s informaci\u00f3n sobre Ford Motor Company y sus productos y servicios, visita <a href=\"http:\/\/www.corporate.ford.com\/\" target=\"_new\" rel=\"noopener\">www.corporate.ford.com<\/a>.<\/p>\n<p>&nbsp;<\/p>\n<p><i>Para enterarte de m\u00e1s novedades, no dejes de leer\u00a0<\/i><a href=\"https:\/\/autofans.thebrandsoup.com\/\"><i>nuestras notas<\/i><\/a><i>, de ver<\/i><b><i>\u00a0<\/i><\/b><a href=\"https:\/\/www.youtube.com\/channel\/UCgAC8UGHZYbT6P7PpmVnP7g\"><b><i>AUTOFANS TV<\/i><\/b><\/a><b><i>\u00a0<\/i><\/b><i>en nuestro\u00a0canal de Youtube. Adem\u00e1s seguinos en\u00a0<\/i><a href=\"https:\/\/www.instagram.com\/autofanstv\/\"><i>INSTAGRAM<\/i><\/a><i> y <\/i><a href=\"https:\/\/www.facebook.com\/autofansmas\/\"><i>FACEBOOK<\/i><\/a><i> para no perderte nada sobre las novedades del segmento automotor de Argentina y el mundo. <\/i><\/p>\n<p>&nbsp;<\/p>\n","protected":false},"excerpt":{"rendered":"<p>Ford Argentina se encuentra a la vanguardia de la innovaci\u00f3n en el segmento automotor al&#8230;<\/p>\n","protected":false},"author":2,"featured_media":3079,"comment_status":"closed","ping_status":"closed","sticky":false,"template":"","format":"standard","meta":{"footnotes":""},"categories":[341,16],"tags":[1491,1488,355,1492,244,1490,1489,444],"class_list":["post-3077","post","type-post","status-publish","format-standard","has-post-thumbnail","hentry","category-hibridos-y-electricos","category-noticias","tag-carbono-neutralidad","tag-e-transit","tag-electrificacion","tag-empresas-lideres","tag-ford-argentina","tag-programa-piloto","tag-vehiculo-comercial-electrico","tag-vehiculos-comerciales"],"yoast_head":"<!-- This site is optimized with the Yoast SEO plugin v27.5 - https:\/\/yoast.com\/product\/yoast-seo-wordpress\/ -->\n<title>Ford Argentina impulsa la revoluci\u00f3n el\u00e9ctrica con la E-Transit en programa piloto -<\/title>\n<meta name=\"description\" content=\"Ford Argentina, se encuentra a la vanguardia de la innovaci\u00f3n en el segmento automotor, al iniciar un programa piloto con la E-Transit...\" \/>\n<meta name=\"robots\" content=\"index, follow, max-snippet:-1, max-image-preview:large, max-video-preview:-1\" \/>\n<link rel=\"canonical\" href=\"https:\/\/autofans.com.ar\/index.php\/2023\/06\/07\/ford-argentina-impulsa-la-revolucion-electrica-con-la-e-transit-en-programa-piloto\/\" \/>\n<meta property=\"og:locale\" content=\"es_ES\" \/>\n<meta property=\"og:type\" content=\"article\" \/>\n<meta property=\"og:title\" content=\"Ford Argentina impulsa la revoluci\u00f3n el\u00e9ctrica con la E-Transit en programa piloto -\" \/>\n<meta property=\"og:description\" content=\"Ford Argentina, se encuentra a la vanguardia de la innovaci\u00f3n en el segmento automotor, al iniciar un programa piloto con la E-Transit...\" \/>\n<meta property=\"og:url\" content=\"https:\/\/autofans.com.ar\/index.php\/2023\/06\/07\/ford-argentina-impulsa-la-revolucion-electrica-con-la-e-transit-en-programa-piloto\/\" \/>\n<meta property=\"article:published_time\" content=\"2023-06-07T18:01:34+00:00\" \/>\n<meta property=\"og:image\" content=\"https:\/\/autofans.com.ar\/wp-content\/uploads\/2023\/06\/foto-2-11.jpg\" \/>\n\t<meta property=\"og:image:width\" content=\"1000\" \/>\n\t<meta property=\"og:image:height\" content=\"667\" \/>\n\t<meta property=\"og:image:type\" content=\"image\/jpeg\" \/>\n<meta name=\"author\" content=\"Alejandro Gabriel Rosito\" \/>\n<meta name=\"twitter:card\" content=\"summary_large_image\" \/>\n<meta name=\"twitter:label1\" content=\"Escrito por\" \/>\n\t<meta name=\"twitter:data1\" content=\"Alejandro Gabriel Rosito\" \/>\n\t<meta name=\"twitter:label2\" content=\"Tiempo de lectura\" \/>\n\t<meta name=\"twitter:data2\" content=\"4 minutos\" \/>\n<script type=\"application\/ld+json\" class=\"yoast-schema-graph\">{\"@context\":\"https:\\\/\\\/schema.org\",\"@graph\":[{\"@type\":\"Article\",\"@id\":\"https:\\\/\\\/autofans.com.ar\\\/index.php\\\/2023\\\/06\\\/07\\\/ford-argentina-impulsa-la-revolucion-electrica-con-la-e-transit-en-programa-piloto\\\/#article\",\"isPartOf\":{\"@id\":\"https:\\\/\\\/autofans.com.ar\\\/index.php\\\/2023\\\/06\\\/07\\\/ford-argentina-impulsa-la-revolucion-electrica-con-la-e-transit-en-programa-piloto\\\/\"},\"author\":{\"name\":\"Alejandro Gabriel Rosito\",\"@id\":\"https:\\\/\\\/autofans.com.ar\\\/#\\\/schema\\\/person\\\/4a8dda0b6df83ac3d6723e921274c2aa\"},\"headline\":\"Ford Argentina impulsa la revoluci\u00f3n el\u00e9ctrica con la E-Transit en programa piloto\",\"datePublished\":\"2023-06-07T18:01:34+00:00\",\"mainEntityOfPage\":{\"@id\":\"https:\\\/\\\/autofans.com.ar\\\/index.php\\\/2023\\\/06\\\/07\\\/ford-argentina-impulsa-la-revolucion-electrica-con-la-e-transit-en-programa-piloto\\\/\"},\"wordCount\":660,\"image\":{\"@id\":\"https:\\\/\\\/autofans.com.ar\\\/index.php\\\/2023\\\/06\\\/07\\\/ford-argentina-impulsa-la-revolucion-electrica-con-la-e-transit-en-programa-piloto\\\/#primaryimage\"},\"thumbnailUrl\":\"https:\\\/\\\/autofans.com.ar\\\/wp-content\\\/uploads\\\/2023\\\/06\\\/foto-2-11.jpg\",\"keywords\":[\"carbono neutralidad\",\"E-Transit\",\"electrificaci\u00f3n\",\"empresas l\u00edderes\",\"ford argentina\",\"programa piloto\",\"veh\u00edculo comercial el\u00e9ctrico\",\"Veh\u00edculos Comerciales\"],\"articleSection\":[\"HIBRIDOS, ELECTRICOS y otros\",\"NOTICIAS\"],\"inLanguage\":\"es\"},{\"@type\":\"WebPage\",\"@id\":\"https:\\\/\\\/autofans.com.ar\\\/index.php\\\/2023\\\/06\\\/07\\\/ford-argentina-impulsa-la-revolucion-electrica-con-la-e-transit-en-programa-piloto\\\/\",\"url\":\"https:\\\/\\\/autofans.com.ar\\\/index.php\\\/2023\\\/06\\\/07\\\/ford-argentina-impulsa-la-revolucion-electrica-con-la-e-transit-en-programa-piloto\\\/\",\"name\":\"Ford Argentina impulsa la revoluci\u00f3n el\u00e9ctrica con la E-Transit en programa piloto -\",\"isPartOf\":{\"@id\":\"https:\\\/\\\/autofans.com.ar\\\/#website\"},\"primaryImageOfPage\":{\"@id\":\"https:\\\/\\\/autofans.com.ar\\\/index.php\\\/2023\\\/06\\\/07\\\/ford-argentina-impulsa-la-revolucion-electrica-con-la-e-transit-en-programa-piloto\\\/#primaryimage\"},\"image\":{\"@id\":\"https:\\\/\\\/autofans.com.ar\\\/index.php\\\/2023\\\/06\\\/07\\\/ford-argentina-impulsa-la-revolucion-electrica-con-la-e-transit-en-programa-piloto\\\/#primaryimage\"},\"thumbnailUrl\":\"https:\\\/\\\/autofans.com.ar\\\/wp-content\\\/uploads\\\/2023\\\/06\\\/foto-2-11.jpg\",\"datePublished\":\"2023-06-07T18:01:34+00:00\",\"author\":{\"@id\":\"https:\\\/\\\/autofans.com.ar\\\/#\\\/schema\\\/person\\\/4a8dda0b6df83ac3d6723e921274c2aa\"},\"description\":\"Ford Argentina, se encuentra a la vanguardia de la innovaci\u00f3n en el segmento automotor, al iniciar un programa piloto con la E-Transit...\",\"breadcrumb\":{\"@id\":\"https:\\\/\\\/autofans.com.ar\\\/index.php\\\/2023\\\/06\\\/07\\\/ford-argentina-impulsa-la-revolucion-electrica-con-la-e-transit-en-programa-piloto\\\/#breadcrumb\"},\"inLanguage\":\"es\",\"potentialAction\":[{\"@type\":\"ReadAction\",\"target\":[\"https:\\\/\\\/autofans.com.ar\\\/index.php\\\/2023\\\/06\\\/07\\\/ford-argentina-impulsa-la-revolucion-electrica-con-la-e-transit-en-programa-piloto\\\/\"]}]},{\"@type\":\"ImageObject\",\"inLanguage\":\"es\",\"@id\":\"https:\\\/\\\/autofans.com.ar\\\/index.php\\\/2023\\\/06\\\/07\\\/ford-argentina-impulsa-la-revolucion-electrica-con-la-e-transit-en-programa-piloto\\\/#primaryimage\",\"url\":\"https:\\\/\\\/autofans.com.ar\\\/wp-content\\\/uploads\\\/2023\\\/06\\\/foto-2-11.jpg\",\"contentUrl\":\"https:\\\/\\\/autofans.com.ar\\\/wp-content\\\/uploads\\\/2023\\\/06\\\/foto-2-11.jpg\",\"width\":1000,\"height\":667,\"caption\":\"ford e-transit\"},{\"@type\":\"BreadcrumbList\",\"@id\":\"https:\\\/\\\/autofans.com.ar\\\/index.php\\\/2023\\\/06\\\/07\\\/ford-argentina-impulsa-la-revolucion-electrica-con-la-e-transit-en-programa-piloto\\\/#breadcrumb\",\"itemListElement\":[{\"@type\":\"ListItem\",\"position\":1,\"name\":\"Inicio\",\"item\":\"https:\\\/\\\/autofans.com.ar\\\/\"},{\"@type\":\"ListItem\",\"position\":2,\"name\":\"Ford Argentina impulsa la revoluci\u00f3n el\u00e9ctrica con la E-Transit en programa piloto\"}]},{\"@type\":\"WebSite\",\"@id\":\"https:\\\/\\\/autofans.com.ar\\\/#website\",\"url\":\"https:\\\/\\\/autofans.com.ar\\\/\",\"name\":\"\",\"description\":\"El multimedio referente de la industria automotriz\",\"potentialAction\":[{\"@type\":\"SearchAction\",\"target\":{\"@type\":\"EntryPoint\",\"urlTemplate\":\"https:\\\/\\\/autofans.com.ar\\\/?s={search_term_string}\"},\"query-input\":{\"@type\":\"PropertyValueSpecification\",\"valueRequired\":true,\"valueName\":\"search_term_string\"}}],\"inLanguage\":\"es\"},{\"@type\":\"Person\",\"@id\":\"https:\\\/\\\/autofans.com.ar\\\/#\\\/schema\\\/person\\\/4a8dda0b6df83ac3d6723e921274c2aa\",\"name\":\"Alejandro Gabriel Rosito\",\"image\":{\"@type\":\"ImageObject\",\"inLanguage\":\"es\",\"@id\":\"https:\\\/\\\/secure.gravatar.com\\\/avatar\\\/16c5dda1489adfc62618084dcbb91cffd879c374b13fe5dd8e44ed6733852c88?s=96&d=mm&r=g\",\"url\":\"https:\\\/\\\/secure.gravatar.com\\\/avatar\\\/16c5dda1489adfc62618084dcbb91cffd879c374b13fe5dd8e44ed6733852c88?s=96&d=mm&r=g\",\"contentUrl\":\"https:\\\/\\\/secure.gravatar.com\\\/avatar\\\/16c5dda1489adfc62618084dcbb91cffd879c374b13fe5dd8e44ed6733852c88?s=96&d=mm&r=g\",\"caption\":\"Alejandro Gabriel Rosito\"},\"url\":\"https:\\\/\\\/autofans.com.ar\\\/index.php\\\/author\\\/gabrielr\\\/\"}]}<\/script>\n<!-- \/ Yoast SEO plugin. -->","yoast_head_json":{"title":"Ford Argentina impulsa la revoluci\u00f3n el\u00e9ctrica con la E-Transit en programa piloto -","description":"Ford Argentina, se encuentra a la vanguardia de la innovaci\u00f3n en el segmento automotor, al iniciar un programa piloto con la E-Transit...","robots":{"index":"index","follow":"follow","max-snippet":"max-snippet:-1","max-image-preview":"max-image-preview:large","max-video-preview":"max-video-preview:-1"},"canonical":"https:\/\/autofans.com.ar\/index.php\/2023\/06\/07\/ford-argentina-impulsa-la-revolucion-electrica-con-la-e-transit-en-programa-piloto\/","og_locale":"es_ES","og_type":"article","og_title":"Ford Argentina impulsa la revoluci\u00f3n el\u00e9ctrica con la E-Transit en programa piloto -","og_description":"Ford Argentina, se encuentra a la vanguardia de la innovaci\u00f3n en el segmento automotor, al iniciar un programa piloto con la E-Transit...","og_url":"https:\/\/autofans.com.ar\/index.php\/2023\/06\/07\/ford-argentina-impulsa-la-revolucion-electrica-con-la-e-transit-en-programa-piloto\/","article_published_time":"2023-06-07T18:01:34+00:00","og_image":[{"width":1000,"height":667,"url":"https:\/\/autofans.com.ar\/wp-content\/uploads\/2023\/06\/foto-2-11.jpg","type":"image\/jpeg"}],"author":"Alejandro Gabriel Rosito","twitter_card":"summary_large_image","twitter_misc":{"Escrito por":"Alejandro Gabriel Rosito","Tiempo de lectura":"4 minutos"},"schema":{"@context":"https:\/\/schema.org","@graph":[{"@type":"Article","@id":"https:\/\/autofans.com.ar\/index.php\/2023\/06\/07\/ford-argentina-impulsa-la-revolucion-electrica-con-la-e-transit-en-programa-piloto\/#article","isPartOf":{"@id":"https:\/\/autofans.com.ar\/index.php\/2023\/06\/07\/ford-argentina-impulsa-la-revolucion-electrica-con-la-e-transit-en-programa-piloto\/"},"author":{"name":"Alejandro Gabriel Rosito","@id":"https:\/\/autofans.com.ar\/#\/schema\/person\/4a8dda0b6df83ac3d6723e921274c2aa"},"headline":"Ford Argentina impulsa la revoluci\u00f3n el\u00e9ctrica con la E-Transit en programa piloto","datePublished":"2023-06-07T18:01:34+00:00","mainEntityOfPage":{"@id":"https:\/\/autofans.com.ar\/index.php\/2023\/06\/07\/ford-argentina-impulsa-la-revolucion-electrica-con-la-e-transit-en-programa-piloto\/"},"wordCount":660,"image":{"@id":"https:\/\/autofans.com.ar\/index.php\/2023\/06\/07\/ford-argentina-impulsa-la-revolucion-electrica-con-la-e-transit-en-programa-piloto\/#primaryimage"},"thumbnailUrl":"https:\/\/autofans.com.ar\/wp-content\/uploads\/2023\/06\/foto-2-11.jpg","keywords":["carbono neutralidad","E-Transit","electrificaci\u00f3n","empresas l\u00edderes","ford argentina","programa piloto","veh\u00edculo comercial el\u00e9ctrico","Veh\u00edculos Comerciales"],"articleSection":["HIBRIDOS, ELECTRICOS y otros","NOTICIAS"],"inLanguage":"es"},{"@type":"WebPage","@id":"https:\/\/autofans.com.ar\/index.php\/2023\/06\/07\/ford-argentina-impulsa-la-revolucion-electrica-con-la-e-transit-en-programa-piloto\/","url":"https:\/\/autofans.com.ar\/index.php\/2023\/06\/07\/ford-argentina-impulsa-la-revolucion-electrica-con-la-e-transit-en-programa-piloto\/","name":"Ford Argentina impulsa la revoluci\u00f3n el\u00e9ctrica con la E-Transit en programa piloto -","isPartOf":{"@id":"https:\/\/autofans.com.ar\/#website"},"primaryImageOfPage":{"@id":"https:\/\/autofans.com.ar\/index.php\/2023\/06\/07\/ford-argentina-impulsa-la-revolucion-electrica-con-la-e-transit-en-programa-piloto\/#primaryimage"},"image":{"@id":"https:\/\/autofans.com.ar\/index.php\/2023\/06\/07\/ford-argentina-impulsa-la-revolucion-electrica-con-la-e-transit-en-programa-piloto\/#primaryimage"},"thumbnailUrl":"https:\/\/autofans.com.ar\/wp-content\/uploads\/2023\/06\/foto-2-11.jpg","datePublished":"2023-06-07T18:01:34+00:00","author":{"@id":"https:\/\/autofans.com.ar\/#\/schema\/person\/4a8dda0b6df83ac3d6723e921274c2aa"},"description":"Ford Argentina, se encuentra a la vanguardia de la innovaci\u00f3n en el segmento automotor, al iniciar un programa piloto con la E-Transit...","breadcrumb":{"@id":"https:\/\/autofans.com.ar\/index.php\/2023\/06\/07\/ford-argentina-impulsa-la-revolucion-electrica-con-la-e-transit-en-programa-piloto\/#breadcrumb"},"inLanguage":"es","potentialAction":[{"@type":"ReadAction","target":["https:\/\/autofans.com.ar\/index.php\/2023\/06\/07\/ford-argentina-impulsa-la-revolucion-electrica-con-la-e-transit-en-programa-piloto\/"]}]},{"@type":"ImageObject","inLanguage":"es","@id":"https:\/\/autofans.com.ar\/index.php\/2023\/06\/07\/ford-argentina-impulsa-la-revolucion-electrica-con-la-e-transit-en-programa-piloto\/#primaryimage","url":"https:\/\/autofans.com.ar\/wp-content\/uploads\/2023\/06\/foto-2-11.jpg","contentUrl":"https:\/\/autofans.com.ar\/wp-content\/uploads\/2023\/06\/foto-2-11.jpg","width":1000,"height":667,"caption":"ford e-transit"},{"@type":"BreadcrumbList","@id":"https:\/\/autofans.com.ar\/index.php\/2023\/06\/07\/ford-argentina-impulsa-la-revolucion-electrica-con-la-e-transit-en-programa-piloto\/#breadcrumb","itemListElement":[{"@type":"ListItem","position":1,"name":"Inicio","item":"https:\/\/autofans.com.ar\/"},{"@type":"ListItem","position":2,"name":"Ford Argentina impulsa la revoluci\u00f3n el\u00e9ctrica con la E-Transit en programa piloto"}]},{"@type":"WebSite","@id":"https:\/\/autofans.com.ar\/#website","url":"https:\/\/autofans.com.ar\/","name":"","description":"El multimedio referente de la industria automotriz","potentialAction":[{"@type":"SearchAction","target":{"@type":"EntryPoint","urlTemplate":"https:\/\/autofans.com.ar\/?s={search_term_string}"},"query-input":{"@type":"PropertyValueSpecification","valueRequired":true,"valueName":"search_term_string"}}],"inLanguage":"es"},{"@type":"Person","@id":"https:\/\/autofans.com.ar\/#\/schema\/person\/4a8dda0b6df83ac3d6723e921274c2aa","name":"Alejandro Gabriel Rosito","image":{"@type":"ImageObject","inLanguage":"es","@id":"https:\/\/secure.gravatar.com\/avatar\/16c5dda1489adfc62618084dcbb91cffd879c374b13fe5dd8e44ed6733852c88?s=96&d=mm&r=g","url":"https:\/\/secure.gravatar.com\/avatar\/16c5dda1489adfc62618084dcbb91cffd879c374b13fe5dd8e44ed6733852c88?s=96&d=mm&r=g","contentUrl":"https:\/\/secure.gravatar.com\/avatar\/16c5dda1489adfc62618084dcbb91cffd879c374b13fe5dd8e44ed6733852c88?s=96&d=mm&r=g","caption":"Alejandro Gabriel Rosito"},"url":"https:\/\/autofans.com.ar\/index.php\/author\/gabrielr\/"}]}},"featured_image_urls":{"full":["https:\/\/autofans.com.ar\/wp-content\/uploads\/2023\/06\/foto-2-11.jpg",1000,667,false],"thumbnail":["https:\/\/autofans.com.ar\/wp-content\/uploads\/2023\/06\/foto-2-11-150x150.jpg",150,150,true],"medium":["https:\/\/autofans.com.ar\/wp-content\/uploads\/2023\/06\/foto-2-11-300x200.jpg",300,200,true],"medium_large":["https:\/\/autofans.com.ar\/wp-content\/uploads\/2023\/06\/foto-2-11-768x512.jpg",640,427,true],"large":["https:\/\/autofans.com.ar\/wp-content\/uploads\/2023\/06\/foto-2-11.jpg",640,427,false],"1536x1536":["https:\/\/autofans.com.ar\/wp-content\/uploads\/2023\/06\/foto-2-11.jpg",1000,667,false],"2048x2048":["https:\/\/autofans.com.ar\/wp-content\/uploads\/2023\/06\/foto-2-11.jpg",1000,667,false],"covernews-featured":["https:\/\/autofans.com.ar\/wp-content\/uploads\/2023\/06\/foto-2-11.jpg",1000,667,false],"covernews-medium":["https:\/\/autofans.com.ar\/wp-content\/uploads\/2023\/06\/foto-2-11-540x340.jpg",540,340,true]},"author_info":{"display_name":"Alejandro Gabriel Rosito","author_link":"https:\/\/autofans.com.ar\/index.php\/author\/gabrielr\/"},"category_info":"<a href=\"https:\/\/autofans.com.ar\/index.php\/category\/noticias\/hibridos-y-electricos\/\" rel=\"category tag\">HIBRIDOS, ELECTRICOS y otros<\/a> <a href=\"https:\/\/autofans.com.ar\/index.php\/category\/noticias\/\" rel=\"category tag\">NOTICIAS<\/a>","tag_info":"NOTICIAS","comment_count":0,"_links":{"self":[{"href":"https:\/\/autofans.com.ar\/index.php\/wp-json\/wp\/v2\/posts\/3077","targetHints":{"allow":["GET"]}}],"collection":[{"href":"https:\/\/autofans.com.ar\/index.php\/wp-json\/wp\/v2\/posts"}],"about":[{"href":"https:\/\/autofans.com.ar\/index.php\/wp-json\/wp\/v2\/types\/post"}],"author":[{"embeddable":true,"href":"https:\/\/autofans.com.ar\/index.php\/wp-json\/wp\/v2\/users\/2"}],"replies":[{"embeddable":true,"href":"https:\/\/autofans.com.ar\/index.php\/wp-json\/wp\/v2\/comments?post=3077"}],"version-history":[{"count":1,"href":"https:\/\/autofans.com.ar\/index.php\/wp-json\/wp\/v2\/posts\/3077\/revisions"}],"predecessor-version":[{"id":3082,"href":"https:\/\/autofans.com.ar\/index.php\/wp-json\/wp\/v2\/posts\/3077\/revisions\/3082"}],"wp:featuredmedia":[{"embeddable":true,"href":"https:\/\/autofans.com.ar\/index.php\/wp-json\/wp\/v2\/media\/3079"}],"wp:attachment":[{"href":"https:\/\/autofans.com.ar\/index.php\/wp-json\/wp\/v2\/media?parent=3077"}],"wp:term":[{"taxonomy":"category","embeddable":true,"href":"https:\/\/autofans.com.ar\/index.php\/wp-json\/wp\/v2\/categories?post=3077"},{"taxonomy":"post_tag","embeddable":true,"href":"https:\/\/autofans.com.ar\/index.php\/wp-json\/wp\/v2\/tags?post=3077"}],"curies":[{"name":"wp","href":"https:\/\/api.w.org\/{rel}","templated":true}]}}