{"id":3087,"date":"2023-06-07T17:58:14","date_gmt":"2023-06-07T20:58:14","guid":{"rendered":"https:\/\/autofans.com.ar\/?p=3087"},"modified":"2023-06-07T17:58:14","modified_gmt":"2023-06-07T20:58:14","slug":"iveco-natural-power-la-eleccion-inteligente-para-un-transporte-eco-amigable","status":"publish","type":"post","link":"https:\/\/autofans.com.ar\/index.php\/2023\/06\/07\/iveco-natural-power-la-eleccion-inteligente-para-un-transporte-eco-amigable\/","title":{"rendered":"IVECO Natural Power: La elecci\u00f3n inteligente para un transporte eco-amigable"},"content":{"rendered":"<p>Descubr\u00ed por qu\u00e9 los veh\u00edculos IVECO Natural Power propulsados a GNC se est\u00e1n convirtiendo en la elecci\u00f3n preferida de empresas de transporte. Reducci\u00f3n de emisiones, ahorro en costos operativos y potencia sin igual. Conoce los testimonios de SurFrigo y Expreso Calcabrini y su apuesta por la tecnolog\u00eda de IVECO. En el mundo del transporte, cada vez m\u00e1s empresas est\u00e1n optando por veh\u00edculos propulsados a energ\u00edas alternativas, y los camiones a GNC de IVECO se est\u00e1n destacando por sus ventajas y beneficios. IVECO, perteneciente a Iveco Group, ha desarrollado una l\u00ednea completa de unidades a GNC conocida como Natural Power, que contin\u00faa expandi\u00e9ndose gracias al apoyo de sus clientes.<\/p>\n<p>&nbsp;<\/p>\n<p><img fetchpriority=\"high\" decoding=\"async\" class=\"aligncenter wp-image-3088 size-full\" src=\"https:\/\/autofans.com.ar\/wp-content\/uploads\/2023\/06\/foto-3-7.jpg\" alt=\"iveco\" width=\"1000\" height=\"667\" srcset=\"https:\/\/autofans.com.ar\/wp-content\/uploads\/2023\/06\/foto-3-7.jpg 1000w, https:\/\/autofans.com.ar\/wp-content\/uploads\/2023\/06\/foto-3-7-300x200.jpg 300w, https:\/\/autofans.com.ar\/wp-content\/uploads\/2023\/06\/foto-3-7-768x512.jpg 768w\" sizes=\"(max-width: 1000px) 100vw, 1000px\" \/><\/p>\n<p>El gas natural ofrece m\u00faltiples ventajas, entre ellas la reducci\u00f3n significativa de hasta un 90% de las emisiones de di\u00f3xido de nitr\u00f3geno, un 99% de las emisiones de part\u00edculas y hasta un 95% de las emisiones de di\u00f3xido de carbono cuando se utiliza biometano como combustible. Adem\u00e1s de los beneficios medioambientales, el uso de GNC se traduce en un ahorro de aproximadamente un 50% en combustible en comparaci\u00f3n con el di\u00e9sel. Esto resulta en una disminuci\u00f3n del costo operativo de la unidad en alrededor del 20%. Lo m\u00e1s destacado es que este ahorro no compromete la potencia de los veh\u00edculos, como afirman los propios clientes.<\/p>\n<blockquote>\n<p style=\"text-align: center;\">Hern\u00e1n Mart\u00ednez, Gerente de Ingenier\u00eda de SurFrigo, destac\u00f3: \u00abSeguimos confiando en la tecnolog\u00eda IVECO, nunca nos trajo problemas. Adem\u00e1s, nos permite reducir los gases de efecto invernadero y disminuir los costos operativos por kil\u00f3metro de la unidad\u00bb.<\/p>\n<\/blockquote>\n<p>Este a\u00f1o, SurFrigo una empresa especializada en transporte de carga alimenticia a la Patagonia, incorpor\u00f3 23 unidades de IVECO incluyendo tres veh\u00edculos de la gama Natural Power. SurFrigo tiene como objetivo convertirse en una empresa carbono neutral y est\u00e1 invirtiendo en energ\u00eda solar y sumando m\u00e1s camiones a GNC a su flota.<\/p>\n<p>&nbsp;<\/p>\n<p><img decoding=\"async\" class=\"aligncenter wp-image-3090 size-full\" src=\"https:\/\/autofans.com.ar\/wp-content\/uploads\/2023\/06\/foto-1-13.jpg\" alt=\"iveco\" width=\"1000\" height=\"667\" srcset=\"https:\/\/autofans.com.ar\/wp-content\/uploads\/2023\/06\/foto-1-13.jpg 1000w, https:\/\/autofans.com.ar\/wp-content\/uploads\/2023\/06\/foto-1-13-300x200.jpg 300w, https:\/\/autofans.com.ar\/wp-content\/uploads\/2023\/06\/foto-1-13-768x512.jpg 768w\" sizes=\"(max-width: 1000px) 100vw, 1000px\" \/><\/p>\n<p>Expreso Calcabrini, por su parte, adquiri\u00f3 una variedad de camiones a GNC de IVECO, desde una Daily hasta un Stralis Hi Road. Estos veh\u00edculos han permitido a la empresa competir con log\u00edsticas m\u00e1s grandes, gracias a la reducci\u00f3n de costos y a la agilidad que ofrecen. Fabricio Calcabrini, Director General de la compa\u00f1\u00eda, coment\u00f3:<\/p>\n<blockquote>\n<p style=\"text-align: center;\">\u00abEl cami\u00f3n en s\u00ed es espectacular. No not\u00e9 diferencia en cuanto a su potencia, pero s\u00ed en su consumo, que es notable\u00bb.<\/p>\n<\/blockquote>\n<p>La carga de combustible de GNC es r\u00e1pida y eficiente, con tiempos que van desde 15 a 30 minutos, seg\u00fan los testimonios de los clientes. Adem\u00e1s, los camiones a GNC de IVECO destacan por su bajo impacto sonoro, lo que beneficia tanto a los choferes como al medio ambiente.<\/p>\n<p>Tanto <a href=\"https:\/\/www.surfrigo.com.ar\" target=\"_blank\" rel=\"noopener\">SurFrigo,<\/a> como Expreso Calcabrini expresaron su deseo de incorporar m\u00e1s unidades Natural Power en sus flotas. Destacando la confiabilidad y los beneficios econ\u00f3micos y ambientales que brindan. Con la continua expansi\u00f3n de la red de estaciones de servicio y los avances tecnol\u00f3gicos, los camiones a GNC se posicionan como una soluci\u00f3n rentable y sostenible para el transporte.<\/p>\n<p>&nbsp;<\/p>\n<p><i>Para enterarte de m\u00e1s novedades, no dejes de leer\u00a0<\/i><a href=\"https:\/\/autofans.thebrandsoup.com\/\"><i>nuestras notas<\/i><\/a><i>, de ver<\/i><b><i>\u00a0<\/i><\/b><a href=\"https:\/\/www.youtube.com\/channel\/UCgAC8UGHZYbT6P7PpmVnP7g\"><b><i>AUTOFANS TV<\/i><\/b><\/a><b><i>\u00a0<\/i><\/b><i>en nuestro\u00a0canal de Youtube. Adem\u00e1s seguinos en\u00a0<\/i><a href=\"https:\/\/www.instagram.com\/autofanstv\/\"><i>INSTAGRAM<\/i><\/a><i> y <\/i><a href=\"https:\/\/www.facebook.com\/autofansmas\/\"><i>FACEBOOK<\/i><\/a><i> para no perderte nada sobre las novedades del segmento automotor de Argentina y el mundo. <\/i><\/p>\n","protected":false},"excerpt":{"rendered":"<p>Descubr\u00ed por qu\u00e9 los veh\u00edculos IVECO Natural Power propulsados a GNC se est\u00e1n convirtiendo en&#8230;<\/p>\n","protected":false},"author":2,"featured_media":3089,"comment_status":"closed","ping_status":"closed","sticky":false,"template":"","format":"standard","meta":{"footnotes":""},"categories":[341,16],"tags":[1495,1493,1498,876,1497,1496,1494],"class_list":["post-3087","post","type-post","status-publish","format-standard","has-post-thumbnail","hentry","category-hibridos-y-electricos","category-noticias","tag-ahorro-en-costos-operativos","tag-camiones-a-gnc","tag-competitividad-en-el-transporte","tag-reduccion-de-emisiones","tag-tecnologia-de-iveco","tag-transporte-sostenible","tag-vehiculos-iveco-natural-power"],"yoast_head":"<!-- This site is optimized with the Yoast SEO plugin v27.5 - https:\/\/yoast.com\/product\/yoast-seo-wordpress\/ -->\n<title>IVECO Natural Power: La elecci\u00f3n inteligente para un transporte eco-amigable -<\/title>\n<meta name=\"description\" content=\"Descubr\u00ed por qu\u00e9 los veh\u00edculos IVECO Natural Power propulsados a GNC se est\u00e1n convirtiendo en la elecci\u00f3n preferida de empresas de transporte.\" \/>\n<meta name=\"robots\" content=\"index, follow, max-snippet:-1, max-image-preview:large, max-video-preview:-1\" \/>\n<link rel=\"canonical\" href=\"https:\/\/autofans.com.ar\/index.php\/2023\/06\/07\/iveco-natural-power-la-eleccion-inteligente-para-un-transporte-eco-amigable\/\" \/>\n<meta property=\"og:locale\" content=\"es_ES\" \/>\n<meta property=\"og:type\" content=\"article\" \/>\n<meta property=\"og:title\" content=\"IVECO Natural Power: La elecci\u00f3n inteligente para un transporte eco-amigable -\" \/>\n<meta property=\"og:description\" content=\"Descubr\u00ed por qu\u00e9 los veh\u00edculos IVECO Natural Power propulsados a GNC se est\u00e1n convirtiendo en la elecci\u00f3n preferida de empresas de transporte.\" \/>\n<meta property=\"og:url\" content=\"https:\/\/autofans.com.ar\/index.php\/2023\/06\/07\/iveco-natural-power-la-eleccion-inteligente-para-un-transporte-eco-amigable\/\" \/>\n<meta property=\"article:published_time\" content=\"2023-06-07T20:58:14+00:00\" \/>\n<meta property=\"og:image\" content=\"https:\/\/autofans.com.ar\/wp-content\/uploads\/2023\/06\/foto-2-12.jpg\" \/>\n\t<meta property=\"og:image:width\" content=\"1000\" \/>\n\t<meta property=\"og:image:height\" content=\"667\" \/>\n\t<meta property=\"og:image:type\" content=\"image\/jpeg\" \/>\n<meta name=\"author\" content=\"Alejandro Gabriel Rosito\" \/>\n<meta name=\"twitter:card\" content=\"summary_large_image\" \/>\n<meta name=\"twitter:label1\" content=\"Escrito por\" \/>\n\t<meta name=\"twitter:data1\" content=\"Alejandro Gabriel Rosito\" \/>\n\t<meta name=\"twitter:label2\" content=\"Tiempo de lectura\" \/>\n\t<meta name=\"twitter:data2\" content=\"3 minutos\" \/>\n<script type=\"application\/ld+json\" class=\"yoast-schema-graph\">{\"@context\":\"https:\\\/\\\/schema.org\",\"@graph\":[{\"@type\":\"Article\",\"@id\":\"https:\\\/\\\/autofans.com.ar\\\/index.php\\\/2023\\\/06\\\/07\\\/iveco-natural-power-la-eleccion-inteligente-para-un-transporte-eco-amigable\\\/#article\",\"isPartOf\":{\"@id\":\"https:\\\/\\\/autofans.com.ar\\\/index.php\\\/2023\\\/06\\\/07\\\/iveco-natural-power-la-eleccion-inteligente-para-un-transporte-eco-amigable\\\/\"},\"author\":{\"name\":\"Alejandro Gabriel Rosito\",\"@id\":\"https:\\\/\\\/autofans.com.ar\\\/#\\\/schema\\\/person\\\/4a8dda0b6df83ac3d6723e921274c2aa\"},\"headline\":\"IVECO Natural Power: La elecci\u00f3n inteligente para un transporte eco-amigable\",\"datePublished\":\"2023-06-07T20:58:14+00:00\",\"mainEntityOfPage\":{\"@id\":\"https:\\\/\\\/autofans.com.ar\\\/index.php\\\/2023\\\/06\\\/07\\\/iveco-natural-power-la-eleccion-inteligente-para-un-transporte-eco-amigable\\\/\"},\"wordCount\":583,\"image\":{\"@id\":\"https:\\\/\\\/autofans.com.ar\\\/index.php\\\/2023\\\/06\\\/07\\\/iveco-natural-power-la-eleccion-inteligente-para-un-transporte-eco-amigable\\\/#primaryimage\"},\"thumbnailUrl\":\"https:\\\/\\\/autofans.com.ar\\\/wp-content\\\/uploads\\\/2023\\\/06\\\/foto-2-12.jpg\",\"keywords\":[\"Ahorro en costos operativos\",\"Camiones a GNC\",\"Competitividad en el transporte\",\"reducci\u00f3n de emisiones\",\"Tecnolog\u00eda de IVECO\",\"Transporte sostenible\",\"Veh\u00edculos IVECO Natural Power\"],\"articleSection\":[\"HIBRIDOS, ELECTRICOS y otros\",\"NOTICIAS\"],\"inLanguage\":\"es\"},{\"@type\":\"WebPage\",\"@id\":\"https:\\\/\\\/autofans.com.ar\\\/index.php\\\/2023\\\/06\\\/07\\\/iveco-natural-power-la-eleccion-inteligente-para-un-transporte-eco-amigable\\\/\",\"url\":\"https:\\\/\\\/autofans.com.ar\\\/index.php\\\/2023\\\/06\\\/07\\\/iveco-natural-power-la-eleccion-inteligente-para-un-transporte-eco-amigable\\\/\",\"name\":\"IVECO Natural Power: La elecci\u00f3n inteligente para un transporte eco-amigable -\",\"isPartOf\":{\"@id\":\"https:\\\/\\\/autofans.com.ar\\\/#website\"},\"primaryImageOfPage\":{\"@id\":\"https:\\\/\\\/autofans.com.ar\\\/index.php\\\/2023\\\/06\\\/07\\\/iveco-natural-power-la-eleccion-inteligente-para-un-transporte-eco-amigable\\\/#primaryimage\"},\"image\":{\"@id\":\"https:\\\/\\\/autofans.com.ar\\\/index.php\\\/2023\\\/06\\\/07\\\/iveco-natural-power-la-eleccion-inteligente-para-un-transporte-eco-amigable\\\/#primaryimage\"},\"thumbnailUrl\":\"https:\\\/\\\/autofans.com.ar\\\/wp-content\\\/uploads\\\/2023\\\/06\\\/foto-2-12.jpg\",\"datePublished\":\"2023-06-07T20:58:14+00:00\",\"author\":{\"@id\":\"https:\\\/\\\/autofans.com.ar\\\/#\\\/schema\\\/person\\\/4a8dda0b6df83ac3d6723e921274c2aa\"},\"description\":\"Descubr\u00ed por qu\u00e9 los veh\u00edculos IVECO Natural Power propulsados a GNC se est\u00e1n convirtiendo en la elecci\u00f3n preferida de empresas de transporte.\",\"breadcrumb\":{\"@id\":\"https:\\\/\\\/autofans.com.ar\\\/index.php\\\/2023\\\/06\\\/07\\\/iveco-natural-power-la-eleccion-inteligente-para-un-transporte-eco-amigable\\\/#breadcrumb\"},\"inLanguage\":\"es\",\"potentialAction\":[{\"@type\":\"ReadAction\",\"target\":[\"https:\\\/\\\/autofans.com.ar\\\/index.php\\\/2023\\\/06\\\/07\\\/iveco-natural-power-la-eleccion-inteligente-para-un-transporte-eco-amigable\\\/\"]}]},{\"@type\":\"ImageObject\",\"inLanguage\":\"es\",\"@id\":\"https:\\\/\\\/autofans.com.ar\\\/index.php\\\/2023\\\/06\\\/07\\\/iveco-natural-power-la-eleccion-inteligente-para-un-transporte-eco-amigable\\\/#primaryimage\",\"url\":\"https:\\\/\\\/autofans.com.ar\\\/wp-content\\\/uploads\\\/2023\\\/06\\\/foto-2-12.jpg\",\"contentUrl\":\"https:\\\/\\\/autofans.com.ar\\\/wp-content\\\/uploads\\\/2023\\\/06\\\/foto-2-12.jpg\",\"width\":1000,\"height\":667,\"caption\":\"iveco\"},{\"@type\":\"BreadcrumbList\",\"@id\":\"https:\\\/\\\/autofans.com.ar\\\/index.php\\\/2023\\\/06\\\/07\\\/iveco-natural-power-la-eleccion-inteligente-para-un-transporte-eco-amigable\\\/#breadcrumb\",\"itemListElement\":[{\"@type\":\"ListItem\",\"position\":1,\"name\":\"Inicio\",\"item\":\"https:\\\/\\\/autofans.com.ar\\\/\"},{\"@type\":\"ListItem\",\"position\":2,\"name\":\"IVECO Natural Power: La elecci\u00f3n inteligente para un transporte eco-amigable\"}]},{\"@type\":\"WebSite\",\"@id\":\"https:\\\/\\\/autofans.com.ar\\\/#website\",\"url\":\"https:\\\/\\\/autofans.com.ar\\\/\",\"name\":\"\",\"description\":\"El multimedio referente de la industria automotriz\",\"potentialAction\":[{\"@type\":\"SearchAction\",\"target\":{\"@type\":\"EntryPoint\",\"urlTemplate\":\"https:\\\/\\\/autofans.com.ar\\\/?s={search_term_string}\"},\"query-input\":{\"@type\":\"PropertyValueSpecification\",\"valueRequired\":true,\"valueName\":\"search_term_string\"}}],\"inLanguage\":\"es\"},{\"@type\":\"Person\",\"@id\":\"https:\\\/\\\/autofans.com.ar\\\/#\\\/schema\\\/person\\\/4a8dda0b6df83ac3d6723e921274c2aa\",\"name\":\"Alejandro Gabriel Rosito\",\"image\":{\"@type\":\"ImageObject\",\"inLanguage\":\"es\",\"@id\":\"https:\\\/\\\/secure.gravatar.com\\\/avatar\\\/16c5dda1489adfc62618084dcbb91cffd879c374b13fe5dd8e44ed6733852c88?s=96&d=mm&r=g\",\"url\":\"https:\\\/\\\/secure.gravatar.com\\\/avatar\\\/16c5dda1489adfc62618084dcbb91cffd879c374b13fe5dd8e44ed6733852c88?s=96&d=mm&r=g\",\"contentUrl\":\"https:\\\/\\\/secure.gravatar.com\\\/avatar\\\/16c5dda1489adfc62618084dcbb91cffd879c374b13fe5dd8e44ed6733852c88?s=96&d=mm&r=g\",\"caption\":\"Alejandro Gabriel Rosito\"},\"url\":\"https:\\\/\\\/autofans.com.ar\\\/index.php\\\/author\\\/gabrielr\\\/\"}]}<\/script>\n<!-- \/ Yoast SEO plugin. -->","yoast_head_json":{"title":"IVECO Natural Power: La elecci\u00f3n inteligente para un transporte eco-amigable -","description":"Descubr\u00ed por qu\u00e9 los veh\u00edculos IVECO Natural Power propulsados a GNC se est\u00e1n convirtiendo en la elecci\u00f3n preferida de empresas de transporte.","robots":{"index":"index","follow":"follow","max-snippet":"max-snippet:-1","max-image-preview":"max-image-preview:large","max-video-preview":"max-video-preview:-1"},"canonical":"https:\/\/autofans.com.ar\/index.php\/2023\/06\/07\/iveco-natural-power-la-eleccion-inteligente-para-un-transporte-eco-amigable\/","og_locale":"es_ES","og_type":"article","og_title":"IVECO Natural Power: La elecci\u00f3n inteligente para un transporte eco-amigable -","og_description":"Descubr\u00ed por qu\u00e9 los veh\u00edculos IVECO Natural Power propulsados a GNC se est\u00e1n convirtiendo en la elecci\u00f3n preferida de empresas de transporte.","og_url":"https:\/\/autofans.com.ar\/index.php\/2023\/06\/07\/iveco-natural-power-la-eleccion-inteligente-para-un-transporte-eco-amigable\/","article_published_time":"2023-06-07T20:58:14+00:00","og_image":[{"width":1000,"height":667,"url":"https:\/\/autofans.com.ar\/wp-content\/uploads\/2023\/06\/foto-2-12.jpg","type":"image\/jpeg"}],"author":"Alejandro Gabriel Rosito","twitter_card":"summary_large_image","twitter_misc":{"Escrito por":"Alejandro Gabriel Rosito","Tiempo de lectura":"3 minutos"},"schema":{"@context":"https:\/\/schema.org","@graph":[{"@type":"Article","@id":"https:\/\/autofans.com.ar\/index.php\/2023\/06\/07\/iveco-natural-power-la-eleccion-inteligente-para-un-transporte-eco-amigable\/#article","isPartOf":{"@id":"https:\/\/autofans.com.ar\/index.php\/2023\/06\/07\/iveco-natural-power-la-eleccion-inteligente-para-un-transporte-eco-amigable\/"},"author":{"name":"Alejandro Gabriel Rosito","@id":"https:\/\/autofans.com.ar\/#\/schema\/person\/4a8dda0b6df83ac3d6723e921274c2aa"},"headline":"IVECO Natural Power: La elecci\u00f3n inteligente para un transporte eco-amigable","datePublished":"2023-06-07T20:58:14+00:00","mainEntityOfPage":{"@id":"https:\/\/autofans.com.ar\/index.php\/2023\/06\/07\/iveco-natural-power-la-eleccion-inteligente-para-un-transporte-eco-amigable\/"},"wordCount":583,"image":{"@id":"https:\/\/autofans.com.ar\/index.php\/2023\/06\/07\/iveco-natural-power-la-eleccion-inteligente-para-un-transporte-eco-amigable\/#primaryimage"},"thumbnailUrl":"https:\/\/autofans.com.ar\/wp-content\/uploads\/2023\/06\/foto-2-12.jpg","keywords":["Ahorro en costos operativos","Camiones a GNC","Competitividad en el transporte","reducci\u00f3n de emisiones","Tecnolog\u00eda de IVECO","Transporte sostenible","Veh\u00edculos IVECO Natural Power"],"articleSection":["HIBRIDOS, ELECTRICOS y otros","NOTICIAS"],"inLanguage":"es"},{"@type":"WebPage","@id":"https:\/\/autofans.com.ar\/index.php\/2023\/06\/07\/iveco-natural-power-la-eleccion-inteligente-para-un-transporte-eco-amigable\/","url":"https:\/\/autofans.com.ar\/index.php\/2023\/06\/07\/iveco-natural-power-la-eleccion-inteligente-para-un-transporte-eco-amigable\/","name":"IVECO Natural Power: La elecci\u00f3n inteligente para un transporte eco-amigable -","isPartOf":{"@id":"https:\/\/autofans.com.ar\/#website"},"primaryImageOfPage":{"@id":"https:\/\/autofans.com.ar\/index.php\/2023\/06\/07\/iveco-natural-power-la-eleccion-inteligente-para-un-transporte-eco-amigable\/#primaryimage"},"image":{"@id":"https:\/\/autofans.com.ar\/index.php\/2023\/06\/07\/iveco-natural-power-la-eleccion-inteligente-para-un-transporte-eco-amigable\/#primaryimage"},"thumbnailUrl":"https:\/\/autofans.com.ar\/wp-content\/uploads\/2023\/06\/foto-2-12.jpg","datePublished":"2023-06-07T20:58:14+00:00","author":{"@id":"https:\/\/autofans.com.ar\/#\/schema\/person\/4a8dda0b6df83ac3d6723e921274c2aa"},"description":"Descubr\u00ed por qu\u00e9 los veh\u00edculos IVECO Natural Power propulsados a GNC se est\u00e1n convirtiendo en la elecci\u00f3n preferida de empresas de transporte.","breadcrumb":{"@id":"https:\/\/autofans.com.ar\/index.php\/2023\/06\/07\/iveco-natural-power-la-eleccion-inteligente-para-un-transporte-eco-amigable\/#breadcrumb"},"inLanguage":"es","potentialAction":[{"@type":"ReadAction","target":["https:\/\/autofans.com.ar\/index.php\/2023\/06\/07\/iveco-natural-power-la-eleccion-inteligente-para-un-transporte-eco-amigable\/"]}]},{"@type":"ImageObject","inLanguage":"es","@id":"https:\/\/autofans.com.ar\/index.php\/2023\/06\/07\/iveco-natural-power-la-eleccion-inteligente-para-un-transporte-eco-amigable\/#primaryimage","url":"https:\/\/autofans.com.ar\/wp-content\/uploads\/2023\/06\/foto-2-12.jpg","contentUrl":"https:\/\/autofans.com.ar\/wp-content\/uploads\/2023\/06\/foto-2-12.jpg","width":1000,"height":667,"caption":"iveco"},{"@type":"BreadcrumbList","@id":"https:\/\/autofans.com.ar\/index.php\/2023\/06\/07\/iveco-natural-power-la-eleccion-inteligente-para-un-transporte-eco-amigable\/#breadcrumb","itemListElement":[{"@type":"ListItem","position":1,"name":"Inicio","item":"https:\/\/autofans.com.ar\/"},{"@type":"ListItem","position":2,"name":"IVECO Natural Power: La elecci\u00f3n inteligente para un transporte eco-amigable"}]},{"@type":"WebSite","@id":"https:\/\/autofans.com.ar\/#website","url":"https:\/\/autofans.com.ar\/","name":"","description":"El multimedio referente de la industria automotriz","potentialAction":[{"@type":"SearchAction","target":{"@type":"EntryPoint","urlTemplate":"https:\/\/autofans.com.ar\/?s={search_term_string}"},"query-input":{"@type":"PropertyValueSpecification","valueRequired":true,"valueName":"search_term_string"}}],"inLanguage":"es"},{"@type":"Person","@id":"https:\/\/autofans.com.ar\/#\/schema\/person\/4a8dda0b6df83ac3d6723e921274c2aa","name":"Alejandro Gabriel Rosito","image":{"@type":"ImageObject","inLanguage":"es","@id":"https:\/\/secure.gravatar.com\/avatar\/16c5dda1489adfc62618084dcbb91cffd879c374b13fe5dd8e44ed6733852c88?s=96&d=mm&r=g","url":"https:\/\/secure.gravatar.com\/avatar\/16c5dda1489adfc62618084dcbb91cffd879c374b13fe5dd8e44ed6733852c88?s=96&d=mm&r=g","contentUrl":"https:\/\/secure.gravatar.com\/avatar\/16c5dda1489adfc62618084dcbb91cffd879c374b13fe5dd8e44ed6733852c88?s=96&d=mm&r=g","caption":"Alejandro Gabriel Rosito"},"url":"https:\/\/autofans.com.ar\/index.php\/author\/gabrielr\/"}]}},"featured_image_urls":{"full":["https:\/\/autofans.com.ar\/wp-content\/uploads\/2023\/06\/foto-2-12.jpg",1000,667,false],"thumbnail":["https:\/\/autofans.com.ar\/wp-content\/uploads\/2023\/06\/foto-2-12-150x150.jpg",150,150,true],"medium":["https:\/\/autofans.com.ar\/wp-content\/uploads\/2023\/06\/foto-2-12-300x200.jpg",300,200,true],"medium_large":["https:\/\/autofans.com.ar\/wp-content\/uploads\/2023\/06\/foto-2-12-768x512.jpg",640,427,true],"large":["https:\/\/autofans.com.ar\/wp-content\/uploads\/2023\/06\/foto-2-12.jpg",640,427,false],"1536x1536":["https:\/\/autofans.com.ar\/wp-content\/uploads\/2023\/06\/foto-2-12.jpg",1000,667,false],"2048x2048":["https:\/\/autofans.com.ar\/wp-content\/uploads\/2023\/06\/foto-2-12.jpg",1000,667,false],"covernews-featured":["https:\/\/autofans.com.ar\/wp-content\/uploads\/2023\/06\/foto-2-12.jpg",1000,667,false],"covernews-medium":["https:\/\/autofans.com.ar\/wp-content\/uploads\/2023\/06\/foto-2-12-540x340.jpg",540,340,true]},"author_info":{"display_name":"Alejandro Gabriel Rosito","author_link":"https:\/\/autofans.com.ar\/index.php\/author\/gabrielr\/"},"category_info":"<a href=\"https:\/\/autofans.com.ar\/index.php\/category\/noticias\/hibridos-y-electricos\/\" rel=\"category tag\">HIBRIDOS, ELECTRICOS y otros<\/a> <a href=\"https:\/\/autofans.com.ar\/index.php\/category\/noticias\/\" rel=\"category tag\">NOTICIAS<\/a>","tag_info":"NOTICIAS","comment_count":0,"_links":{"self":[{"href":"https:\/\/autofans.com.ar\/index.php\/wp-json\/wp\/v2\/posts\/3087","targetHints":{"allow":["GET"]}}],"collection":[{"href":"https:\/\/autofans.com.ar\/index.php\/wp-json\/wp\/v2\/posts"}],"about":[{"href":"https:\/\/autofans.com.ar\/index.php\/wp-json\/wp\/v2\/types\/post"}],"author":[{"embeddable":true,"href":"https:\/\/autofans.com.ar\/index.php\/wp-json\/wp\/v2\/users\/2"}],"replies":[{"embeddable":true,"href":"https:\/\/autofans.com.ar\/index.php\/wp-json\/wp\/v2\/comments?post=3087"}],"version-history":[{"count":3,"href":"https:\/\/autofans.com.ar\/index.php\/wp-json\/wp\/v2\/posts\/3087\/revisions"}],"predecessor-version":[{"id":3093,"href":"https:\/\/autofans.com.ar\/index.php\/wp-json\/wp\/v2\/posts\/3087\/revisions\/3093"}],"wp:featuredmedia":[{"embeddable":true,"href":"https:\/\/autofans.com.ar\/index.php\/wp-json\/wp\/v2\/media\/3089"}],"wp:attachment":[{"href":"https:\/\/autofans.com.ar\/index.php\/wp-json\/wp\/v2\/media?parent=3087"}],"wp:term":[{"taxonomy":"category","embeddable":true,"href":"https:\/\/autofans.com.ar\/index.php\/wp-json\/wp\/v2\/categories?post=3087"},{"taxonomy":"post_tag","embeddable":true,"href":"https:\/\/autofans.com.ar\/index.php\/wp-json\/wp\/v2\/tags?post=3087"}],"curies":[{"name":"wp","href":"https:\/\/api.w.org\/{rel}","templated":true}]}}