{"id":3104,"date":"2023-06-08T19:41:54","date_gmt":"2023-06-08T22:41:54","guid":{"rendered":"https:\/\/autofans.com.ar\/?p=3104"},"modified":"2023-06-08T19:41:54","modified_gmt":"2023-06-08T22:41:54","slug":"toyota-lidera-la-sostenibilidad-en-el-dia-mundial-del-ambiente","status":"publish","type":"post","link":"https:\/\/autofans.com.ar\/index.php\/2023\/06\/08\/toyota-lidera-la-sostenibilidad-en-el-dia-mundial-del-ambiente\/","title":{"rendered":"Toyota lidera la sostenibilidad en el D\u00eda Mundial del Ambiente"},"content":{"rendered":"<p>Toyota, l\u00edder en la industria automotriz, celebr\u00f3 el D\u00eda Mundial del Ambiente en su Reserva Natural y present\u00f3 sus \u00faltimos avances para alcanzar la Carbono Neutralidad. La compa\u00f1\u00eda japonesa ha establecido seis desaf\u00edos ambientales con el objetivo de construir una sociedad futura en armon\u00eda con la naturaleza. Adem\u00e1s de buscar un impacto ambiental cero en todas sus actividades relacionadas con los veh\u00edculos. Toyota busca que estas iniciativas tengan un efecto positivo y sostenible en toda la sociedad.<\/p>\n<p>&nbsp;<\/p>\n<p><img fetchpriority=\"high\" decoding=\"async\" class=\"aligncenter wp-image-3106 size-full\" src=\"https:\/\/autofans.com.ar\/wp-content\/uploads\/2023\/06\/foto-2-14.jpg\" alt=\"toyota\" width=\"1000\" height=\"667\" srcset=\"https:\/\/autofans.com.ar\/wp-content\/uploads\/2023\/06\/foto-2-14.jpg 1000w, https:\/\/autofans.com.ar\/wp-content\/uploads\/2023\/06\/foto-2-14-300x200.jpg 300w, https:\/\/autofans.com.ar\/wp-content\/uploads\/2023\/06\/foto-2-14-768x512.jpg 768w\" sizes=\"(max-width: 1000px) 100vw, 1000px\" \/><\/p>\n<p>Con el compromiso de reducir el impacto ambiental de sus procesos productivos, Toyota ha implementado diversas acciones a lo largo de los a\u00f1os. Un ejemplo de ello es la producci\u00f3n de los modelos Hilux y SW4, que utilizan energ\u00eda proveniente al 100% de fuentes renovables. Asimismo, la compa\u00f1\u00eda ha logrado transformar materiales recuperados del proceso industrial en autopartes y productos de merchandising sostenibles. Adicionalmente, Toyota contin\u00faa trabajando en mejoras para reducir el consumo de recursos. Durante 2022, la planta de Z\u00e1rate logr\u00f3 reducir en m\u00e1s de 52,000 metros c\u00fabicos el uso de agua en sus operaciones. En al 2023 alcanz\u00f3 un r\u00e9cord de reciclabilidad mensual del 96%.<\/p>\n<p>Otro objetivo importante para Toyota es la reducci\u00f3n de las emisiones de sus veh\u00edculos a trav\u00e9s de una estrategia diversa de tecnolog\u00edas, que incluye modelos h\u00edbridos, h\u00edbridos enchufables, veh\u00edculos el\u00e9ctricos a bater\u00eda y a celda de hidr\u00f3geno. Los modelos Corolla y Corolla Cross hybrid, los primeros y \u00fanicos h\u00edbridos producidos en la regi\u00f3n, han permitido a Toyota reducir 10,600 toneladas de CO2 al a\u00f1o. Esto equivale a la cantidad de di\u00f3xido de carbono absorbida por 40 hect\u00e1reas de \u00e1rboles maduros en el mismo periodo.<\/p>\n<p>&nbsp;<\/p>\n<p><img decoding=\"async\" class=\"aligncenter wp-image-3107 size-full\" src=\"https:\/\/autofans.com.ar\/wp-content\/uploads\/2023\/06\/foto-1-15.jpg\" alt=\"toyota\" width=\"1000\" height=\"667\" srcset=\"https:\/\/autofans.com.ar\/wp-content\/uploads\/2023\/06\/foto-1-15.jpg 1000w, https:\/\/autofans.com.ar\/wp-content\/uploads\/2023\/06\/foto-1-15-300x200.jpg 300w, https:\/\/autofans.com.ar\/wp-content\/uploads\/2023\/06\/foto-1-15-768x512.jpg 768w\" sizes=\"(max-width: 1000px) 100vw, 1000px\" \/><\/p>\n<p>Como parte de las actividades en conmemoraci\u00f3n del D\u00eda Mundial del Ambiente, Toyota abri\u00f3 las puertas de su Reserva Natural a organizaciones y escuelas de la comunidad. Esta reserva, que abarca 21 hect\u00e1reas, fue creada para la conservaci\u00f3n de la biodiversidad. Durante la visita, se llev\u00f3 a cabo una plantaci\u00f3n de \u00e1rboles y se realiz\u00f3 un recorrido interpretativo por la reserva, brindando informaci\u00f3n sobre la importancia del cuidado del ambiente.<\/p>\n<blockquote>\n<p style=\"text-align: center;\">Eduardo Kronberg, gerente general de Sustentabilidad de Toyota, expres\u00f3: \u00abEn esta fecha, reafirmamos nuestra visi\u00f3n sobre el cuidado del planeta al compartir con las generaciones futuras las buenas pr\u00e1cticas que llevamos adelante en Toyota. Nos comprometemos con los desaf\u00edos ambientales y trabajamos en busca de soluciones sustentables, contribuyendo con la sociedad mediante la fabricaci\u00f3n de veh\u00edculos que generen un menor impacto ambiental en todo su ciclo de vida\u00bb.<\/p>\n<\/blockquote>\n<p>Al evento asistieron alumnos y docentes de las escuelas primarias 13 y 21 de Z\u00e1rate. As\u00ed como representantes de la Secretar\u00eda de Ambiente del Municipio de Z\u00e1rate, YPF Luz, Algieri, Parques Nacionales, Aves Argentinas y Proyecto Pantano. Junto al presidente de Toyota Argentina, Gustavo Salinas, y directivos de la compa\u00f1\u00eda, los alumnos participaron en la plantaci\u00f3n de diferentes especies nativas.<\/p>\n<p>La iniciativa de Toyota en el D\u00eda Mundial del Ambiente refuerza su compromiso con la sostenibilidad y su liderazgo en la industria automotriz. Con acciones concretas y tecnolog\u00edas innovadoras, la compa\u00f1\u00eda se posiciona como un referente en la creaci\u00f3n de un futuro m\u00e1s verde y sostenible.<\/p>\n<p>&nbsp;<\/p>\n<p><i>Para enterarte de m\u00e1s novedades, no dejes de leer\u00a0<\/i><a href=\"https:\/\/autofans.thebrandsoup.com\/\"><i>nuestras notas<\/i><\/a><i>, de ver<\/i><b><i>\u00a0<\/i><\/b><a href=\"https:\/\/www.youtube.com\/channel\/UCgAC8UGHZYbT6P7PpmVnP7g\"><b><i>AUTOFANS TV<\/i><\/b><\/a><b><i>\u00a0<\/i><\/b><i>en nuestro\u00a0canal de Youtube. Adem\u00e1s seguinos en\u00a0<\/i><a href=\"https:\/\/www.instagram.com\/autofanstv\/\"><i>INSTAGRAM<\/i><\/a><i> y <\/i><a href=\"https:\/\/www.facebook.com\/autofansmas\/\"><i>FACEBOOK<\/i><\/a><i> para no perderte nada sobre las novedades del segmento automotor de Argentina y el mundo. <\/i><\/p>\n","protected":false},"excerpt":{"rendered":"<p>Toyota, l\u00edder en la industria automotriz, celebr\u00f3 el D\u00eda Mundial del Ambiente en su Reserva&#8230;<\/p>\n","protected":false},"author":2,"featured_media":3105,"comment_status":"closed","ping_status":"closed","sticky":false,"template":"","format":"standard","meta":{"footnotes":""},"categories":[6,16],"tags":[213,216,360,1491,963,1504,86,357,1507,876,1508,1506,1505,277],"class_list":["post-3104","post","type-post","status-publish","format-standard","has-post-thumbnail","hentry","category-bizstyle","category-noticias","tag-innovacion","tag-sostenibilidad","tag-automoviles","tag-carbono-neutralidad","tag-compromiso-ambiental","tag-dia-mundial-del-ambiente","tag-industria-automotriz","tag-medio-ambiente","tag-reciclabilidad","tag-reduccion-de-emisiones","tag-reservas-naturales","tag-sociedad-futura","tag-tecnologias-verdes","tag-toyota"],"yoast_head":"<!-- This site is optimized with the Yoast SEO plugin v27.5 - https:\/\/yoast.com\/product\/yoast-seo-wordpress\/ -->\n<title>Toyota lidera la sostenibilidad en el D\u00eda Mundial del Ambiente -<\/title>\n<meta name=\"description\" content=\"Toyota, celebr\u00f3 el D\u00eda Mundial del Ambiente, en su Reserva Natural y present\u00f3 sus \u00faltimos avances para alcanzar la Carbono Neutralidad...\" \/>\n<meta name=\"robots\" content=\"index, follow, max-snippet:-1, max-image-preview:large, max-video-preview:-1\" \/>\n<link rel=\"canonical\" href=\"https:\/\/autofans.com.ar\/index.php\/2023\/06\/08\/toyota-lidera-la-sostenibilidad-en-el-dia-mundial-del-ambiente\/\" \/>\n<meta property=\"og:locale\" content=\"es_ES\" \/>\n<meta property=\"og:type\" content=\"article\" \/>\n<meta property=\"og:title\" content=\"Toyota lidera la sostenibilidad en el D\u00eda Mundial del Ambiente -\" \/>\n<meta property=\"og:description\" content=\"Toyota, celebr\u00f3 el D\u00eda Mundial del Ambiente, en su Reserva Natural y present\u00f3 sus \u00faltimos avances para alcanzar la Carbono Neutralidad...\" \/>\n<meta property=\"og:url\" content=\"https:\/\/autofans.com.ar\/index.php\/2023\/06\/08\/toyota-lidera-la-sostenibilidad-en-el-dia-mundial-del-ambiente\/\" \/>\n<meta property=\"article:published_time\" content=\"2023-06-08T22:41:54+00:00\" \/>\n<meta property=\"og:image\" content=\"https:\/\/autofans.com.ar\/wp-content\/uploads\/2023\/06\/foto-3-8.jpg\" \/>\n\t<meta property=\"og:image:width\" content=\"1000\" \/>\n\t<meta property=\"og:image:height\" content=\"667\" \/>\n\t<meta property=\"og:image:type\" content=\"image\/jpeg\" \/>\n<meta name=\"author\" content=\"Alejandro Gabriel Rosito\" \/>\n<meta name=\"twitter:card\" content=\"summary_large_image\" \/>\n<meta name=\"twitter:label1\" content=\"Escrito por\" \/>\n\t<meta name=\"twitter:data1\" content=\"Alejandro Gabriel Rosito\" \/>\n\t<meta name=\"twitter:label2\" content=\"Tiempo de lectura\" \/>\n\t<meta name=\"twitter:data2\" content=\"3 minutos\" \/>\n<script type=\"application\/ld+json\" class=\"yoast-schema-graph\">{\"@context\":\"https:\\\/\\\/schema.org\",\"@graph\":[{\"@type\":\"Article\",\"@id\":\"https:\\\/\\\/autofans.com.ar\\\/index.php\\\/2023\\\/06\\\/08\\\/toyota-lidera-la-sostenibilidad-en-el-dia-mundial-del-ambiente\\\/#article\",\"isPartOf\":{\"@id\":\"https:\\\/\\\/autofans.com.ar\\\/index.php\\\/2023\\\/06\\\/08\\\/toyota-lidera-la-sostenibilidad-en-el-dia-mundial-del-ambiente\\\/\"},\"author\":{\"name\":\"Alejandro Gabriel Rosito\",\"@id\":\"https:\\\/\\\/autofans.com.ar\\\/#\\\/schema\\\/person\\\/4a8dda0b6df83ac3d6723e921274c2aa\"},\"headline\":\"Toyota lidera la sostenibilidad en el D\u00eda Mundial del Ambiente\",\"datePublished\":\"2023-06-08T22:41:54+00:00\",\"mainEntityOfPage\":{\"@id\":\"https:\\\/\\\/autofans.com.ar\\\/index.php\\\/2023\\\/06\\\/08\\\/toyota-lidera-la-sostenibilidad-en-el-dia-mundial-del-ambiente\\\/\"},\"wordCount\":611,\"image\":{\"@id\":\"https:\\\/\\\/autofans.com.ar\\\/index.php\\\/2023\\\/06\\\/08\\\/toyota-lidera-la-sostenibilidad-en-el-dia-mundial-del-ambiente\\\/#primaryimage\"},\"thumbnailUrl\":\"https:\\\/\\\/autofans.com.ar\\\/wp-content\\\/uploads\\\/2023\\\/06\\\/foto-3-8.jpg\",\"keywords\":[\"#innovaci\u00f3n\",\"#sostenibilidad\",\"autom\u00f3viles\",\"carbono neutralidad\",\"Compromiso Ambiental\",\"D\u00eda Mundial del Ambiente\",\"Industria Automotriz\",\"medio ambiente\",\"reciclabilidad\",\"reducci\u00f3n de emisiones\",\"reservas naturales\",\"sociedad futura\",\"tecnolog\u00edas verdes\",\"Toyota\"],\"articleSection\":[\"BIZSTYLE\",\"NOTICIAS\"],\"inLanguage\":\"es\"},{\"@type\":\"WebPage\",\"@id\":\"https:\\\/\\\/autofans.com.ar\\\/index.php\\\/2023\\\/06\\\/08\\\/toyota-lidera-la-sostenibilidad-en-el-dia-mundial-del-ambiente\\\/\",\"url\":\"https:\\\/\\\/autofans.com.ar\\\/index.php\\\/2023\\\/06\\\/08\\\/toyota-lidera-la-sostenibilidad-en-el-dia-mundial-del-ambiente\\\/\",\"name\":\"Toyota lidera la sostenibilidad en el D\u00eda Mundial del Ambiente -\",\"isPartOf\":{\"@id\":\"https:\\\/\\\/autofans.com.ar\\\/#website\"},\"primaryImageOfPage\":{\"@id\":\"https:\\\/\\\/autofans.com.ar\\\/index.php\\\/2023\\\/06\\\/08\\\/toyota-lidera-la-sostenibilidad-en-el-dia-mundial-del-ambiente\\\/#primaryimage\"},\"image\":{\"@id\":\"https:\\\/\\\/autofans.com.ar\\\/index.php\\\/2023\\\/06\\\/08\\\/toyota-lidera-la-sostenibilidad-en-el-dia-mundial-del-ambiente\\\/#primaryimage\"},\"thumbnailUrl\":\"https:\\\/\\\/autofans.com.ar\\\/wp-content\\\/uploads\\\/2023\\\/06\\\/foto-3-8.jpg\",\"datePublished\":\"2023-06-08T22:41:54+00:00\",\"author\":{\"@id\":\"https:\\\/\\\/autofans.com.ar\\\/#\\\/schema\\\/person\\\/4a8dda0b6df83ac3d6723e921274c2aa\"},\"description\":\"Toyota, celebr\u00f3 el D\u00eda Mundial del Ambiente, en su Reserva Natural y present\u00f3 sus \u00faltimos avances para alcanzar la Carbono Neutralidad...\",\"breadcrumb\":{\"@id\":\"https:\\\/\\\/autofans.com.ar\\\/index.php\\\/2023\\\/06\\\/08\\\/toyota-lidera-la-sostenibilidad-en-el-dia-mundial-del-ambiente\\\/#breadcrumb\"},\"inLanguage\":\"es\",\"potentialAction\":[{\"@type\":\"ReadAction\",\"target\":[\"https:\\\/\\\/autofans.com.ar\\\/index.php\\\/2023\\\/06\\\/08\\\/toyota-lidera-la-sostenibilidad-en-el-dia-mundial-del-ambiente\\\/\"]}]},{\"@type\":\"ImageObject\",\"inLanguage\":\"es\",\"@id\":\"https:\\\/\\\/autofans.com.ar\\\/index.php\\\/2023\\\/06\\\/08\\\/toyota-lidera-la-sostenibilidad-en-el-dia-mundial-del-ambiente\\\/#primaryimage\",\"url\":\"https:\\\/\\\/autofans.com.ar\\\/wp-content\\\/uploads\\\/2023\\\/06\\\/foto-3-8.jpg\",\"contentUrl\":\"https:\\\/\\\/autofans.com.ar\\\/wp-content\\\/uploads\\\/2023\\\/06\\\/foto-3-8.jpg\",\"width\":1000,\"height\":667,\"caption\":\"toyota\"},{\"@type\":\"BreadcrumbList\",\"@id\":\"https:\\\/\\\/autofans.com.ar\\\/index.php\\\/2023\\\/06\\\/08\\\/toyota-lidera-la-sostenibilidad-en-el-dia-mundial-del-ambiente\\\/#breadcrumb\",\"itemListElement\":[{\"@type\":\"ListItem\",\"position\":1,\"name\":\"Inicio\",\"item\":\"https:\\\/\\\/autofans.com.ar\\\/\"},{\"@type\":\"ListItem\",\"position\":2,\"name\":\"Toyota lidera la sostenibilidad en el D\u00eda Mundial del Ambiente\"}]},{\"@type\":\"WebSite\",\"@id\":\"https:\\\/\\\/autofans.com.ar\\\/#website\",\"url\":\"https:\\\/\\\/autofans.com.ar\\\/\",\"name\":\"\",\"description\":\"El multimedio referente de la industria automotriz\",\"potentialAction\":[{\"@type\":\"SearchAction\",\"target\":{\"@type\":\"EntryPoint\",\"urlTemplate\":\"https:\\\/\\\/autofans.com.ar\\\/?s={search_term_string}\"},\"query-input\":{\"@type\":\"PropertyValueSpecification\",\"valueRequired\":true,\"valueName\":\"search_term_string\"}}],\"inLanguage\":\"es\"},{\"@type\":\"Person\",\"@id\":\"https:\\\/\\\/autofans.com.ar\\\/#\\\/schema\\\/person\\\/4a8dda0b6df83ac3d6723e921274c2aa\",\"name\":\"Alejandro Gabriel Rosito\",\"image\":{\"@type\":\"ImageObject\",\"inLanguage\":\"es\",\"@id\":\"https:\\\/\\\/secure.gravatar.com\\\/avatar\\\/16c5dda1489adfc62618084dcbb91cffd879c374b13fe5dd8e44ed6733852c88?s=96&d=mm&r=g\",\"url\":\"https:\\\/\\\/secure.gravatar.com\\\/avatar\\\/16c5dda1489adfc62618084dcbb91cffd879c374b13fe5dd8e44ed6733852c88?s=96&d=mm&r=g\",\"contentUrl\":\"https:\\\/\\\/secure.gravatar.com\\\/avatar\\\/16c5dda1489adfc62618084dcbb91cffd879c374b13fe5dd8e44ed6733852c88?s=96&d=mm&r=g\",\"caption\":\"Alejandro Gabriel Rosito\"},\"url\":\"https:\\\/\\\/autofans.com.ar\\\/index.php\\\/author\\\/gabrielr\\\/\"}]}<\/script>\n<!-- \/ Yoast SEO plugin. -->","yoast_head_json":{"title":"Toyota lidera la sostenibilidad en el D\u00eda Mundial del Ambiente -","description":"Toyota, celebr\u00f3 el D\u00eda Mundial del Ambiente, en su Reserva Natural y present\u00f3 sus \u00faltimos avances para alcanzar la Carbono Neutralidad...","robots":{"index":"index","follow":"follow","max-snippet":"max-snippet:-1","max-image-preview":"max-image-preview:large","max-video-preview":"max-video-preview:-1"},"canonical":"https:\/\/autofans.com.ar\/index.php\/2023\/06\/08\/toyota-lidera-la-sostenibilidad-en-el-dia-mundial-del-ambiente\/","og_locale":"es_ES","og_type":"article","og_title":"Toyota lidera la sostenibilidad en el D\u00eda Mundial del Ambiente -","og_description":"Toyota, celebr\u00f3 el D\u00eda Mundial del Ambiente, en su Reserva Natural y present\u00f3 sus \u00faltimos avances para alcanzar la Carbono Neutralidad...","og_url":"https:\/\/autofans.com.ar\/index.php\/2023\/06\/08\/toyota-lidera-la-sostenibilidad-en-el-dia-mundial-del-ambiente\/","article_published_time":"2023-06-08T22:41:54+00:00","og_image":[{"width":1000,"height":667,"url":"https:\/\/autofans.com.ar\/wp-content\/uploads\/2023\/06\/foto-3-8.jpg","type":"image\/jpeg"}],"author":"Alejandro Gabriel Rosito","twitter_card":"summary_large_image","twitter_misc":{"Escrito por":"Alejandro Gabriel Rosito","Tiempo de lectura":"3 minutos"},"schema":{"@context":"https:\/\/schema.org","@graph":[{"@type":"Article","@id":"https:\/\/autofans.com.ar\/index.php\/2023\/06\/08\/toyota-lidera-la-sostenibilidad-en-el-dia-mundial-del-ambiente\/#article","isPartOf":{"@id":"https:\/\/autofans.com.ar\/index.php\/2023\/06\/08\/toyota-lidera-la-sostenibilidad-en-el-dia-mundial-del-ambiente\/"},"author":{"name":"Alejandro Gabriel Rosito","@id":"https:\/\/autofans.com.ar\/#\/schema\/person\/4a8dda0b6df83ac3d6723e921274c2aa"},"headline":"Toyota lidera la sostenibilidad en el D\u00eda Mundial del Ambiente","datePublished":"2023-06-08T22:41:54+00:00","mainEntityOfPage":{"@id":"https:\/\/autofans.com.ar\/index.php\/2023\/06\/08\/toyota-lidera-la-sostenibilidad-en-el-dia-mundial-del-ambiente\/"},"wordCount":611,"image":{"@id":"https:\/\/autofans.com.ar\/index.php\/2023\/06\/08\/toyota-lidera-la-sostenibilidad-en-el-dia-mundial-del-ambiente\/#primaryimage"},"thumbnailUrl":"https:\/\/autofans.com.ar\/wp-content\/uploads\/2023\/06\/foto-3-8.jpg","keywords":["#innovaci\u00f3n","#sostenibilidad","autom\u00f3viles","carbono neutralidad","Compromiso Ambiental","D\u00eda Mundial del Ambiente","Industria Automotriz","medio ambiente","reciclabilidad","reducci\u00f3n de emisiones","reservas naturales","sociedad futura","tecnolog\u00edas verdes","Toyota"],"articleSection":["BIZSTYLE","NOTICIAS"],"inLanguage":"es"},{"@type":"WebPage","@id":"https:\/\/autofans.com.ar\/index.php\/2023\/06\/08\/toyota-lidera-la-sostenibilidad-en-el-dia-mundial-del-ambiente\/","url":"https:\/\/autofans.com.ar\/index.php\/2023\/06\/08\/toyota-lidera-la-sostenibilidad-en-el-dia-mundial-del-ambiente\/","name":"Toyota lidera la sostenibilidad en el D\u00eda Mundial del Ambiente -","isPartOf":{"@id":"https:\/\/autofans.com.ar\/#website"},"primaryImageOfPage":{"@id":"https:\/\/autofans.com.ar\/index.php\/2023\/06\/08\/toyota-lidera-la-sostenibilidad-en-el-dia-mundial-del-ambiente\/#primaryimage"},"image":{"@id":"https:\/\/autofans.com.ar\/index.php\/2023\/06\/08\/toyota-lidera-la-sostenibilidad-en-el-dia-mundial-del-ambiente\/#primaryimage"},"thumbnailUrl":"https:\/\/autofans.com.ar\/wp-content\/uploads\/2023\/06\/foto-3-8.jpg","datePublished":"2023-06-08T22:41:54+00:00","author":{"@id":"https:\/\/autofans.com.ar\/#\/schema\/person\/4a8dda0b6df83ac3d6723e921274c2aa"},"description":"Toyota, celebr\u00f3 el D\u00eda Mundial del Ambiente, en su Reserva Natural y present\u00f3 sus \u00faltimos avances para alcanzar la Carbono Neutralidad...","breadcrumb":{"@id":"https:\/\/autofans.com.ar\/index.php\/2023\/06\/08\/toyota-lidera-la-sostenibilidad-en-el-dia-mundial-del-ambiente\/#breadcrumb"},"inLanguage":"es","potentialAction":[{"@type":"ReadAction","target":["https:\/\/autofans.com.ar\/index.php\/2023\/06\/08\/toyota-lidera-la-sostenibilidad-en-el-dia-mundial-del-ambiente\/"]}]},{"@type":"ImageObject","inLanguage":"es","@id":"https:\/\/autofans.com.ar\/index.php\/2023\/06\/08\/toyota-lidera-la-sostenibilidad-en-el-dia-mundial-del-ambiente\/#primaryimage","url":"https:\/\/autofans.com.ar\/wp-content\/uploads\/2023\/06\/foto-3-8.jpg","contentUrl":"https:\/\/autofans.com.ar\/wp-content\/uploads\/2023\/06\/foto-3-8.jpg","width":1000,"height":667,"caption":"toyota"},{"@type":"BreadcrumbList","@id":"https:\/\/autofans.com.ar\/index.php\/2023\/06\/08\/toyota-lidera-la-sostenibilidad-en-el-dia-mundial-del-ambiente\/#breadcrumb","itemListElement":[{"@type":"ListItem","position":1,"name":"Inicio","item":"https:\/\/autofans.com.ar\/"},{"@type":"ListItem","position":2,"name":"Toyota lidera la sostenibilidad en el D\u00eda Mundial del Ambiente"}]},{"@type":"WebSite","@id":"https:\/\/autofans.com.ar\/#website","url":"https:\/\/autofans.com.ar\/","name":"","description":"El multimedio referente de la industria automotriz","potentialAction":[{"@type":"SearchAction","target":{"@type":"EntryPoint","urlTemplate":"https:\/\/autofans.com.ar\/?s={search_term_string}"},"query-input":{"@type":"PropertyValueSpecification","valueRequired":true,"valueName":"search_term_string"}}],"inLanguage":"es"},{"@type":"Person","@id":"https:\/\/autofans.com.ar\/#\/schema\/person\/4a8dda0b6df83ac3d6723e921274c2aa","name":"Alejandro Gabriel Rosito","image":{"@type":"ImageObject","inLanguage":"es","@id":"https:\/\/secure.gravatar.com\/avatar\/16c5dda1489adfc62618084dcbb91cffd879c374b13fe5dd8e44ed6733852c88?s=96&d=mm&r=g","url":"https:\/\/secure.gravatar.com\/avatar\/16c5dda1489adfc62618084dcbb91cffd879c374b13fe5dd8e44ed6733852c88?s=96&d=mm&r=g","contentUrl":"https:\/\/secure.gravatar.com\/avatar\/16c5dda1489adfc62618084dcbb91cffd879c374b13fe5dd8e44ed6733852c88?s=96&d=mm&r=g","caption":"Alejandro Gabriel Rosito"},"url":"https:\/\/autofans.com.ar\/index.php\/author\/gabrielr\/"}]}},"featured_image_urls":{"full":["https:\/\/autofans.com.ar\/wp-content\/uploads\/2023\/06\/foto-3-8.jpg",1000,667,false],"thumbnail":["https:\/\/autofans.com.ar\/wp-content\/uploads\/2023\/06\/foto-3-8-150x150.jpg",150,150,true],"medium":["https:\/\/autofans.com.ar\/wp-content\/uploads\/2023\/06\/foto-3-8-300x200.jpg",300,200,true],"medium_large":["https:\/\/autofans.com.ar\/wp-content\/uploads\/2023\/06\/foto-3-8-768x512.jpg",640,427,true],"large":["https:\/\/autofans.com.ar\/wp-content\/uploads\/2023\/06\/foto-3-8.jpg",640,427,false],"1536x1536":["https:\/\/autofans.com.ar\/wp-content\/uploads\/2023\/06\/foto-3-8.jpg",1000,667,false],"2048x2048":["https:\/\/autofans.com.ar\/wp-content\/uploads\/2023\/06\/foto-3-8.jpg",1000,667,false],"covernews-featured":["https:\/\/autofans.com.ar\/wp-content\/uploads\/2023\/06\/foto-3-8.jpg",1000,667,false],"covernews-medium":["https:\/\/autofans.com.ar\/wp-content\/uploads\/2023\/06\/foto-3-8-540x340.jpg",540,340,true]},"author_info":{"display_name":"Alejandro Gabriel Rosito","author_link":"https:\/\/autofans.com.ar\/index.php\/author\/gabrielr\/"},"category_info":"<a href=\"https:\/\/autofans.com.ar\/index.php\/category\/noticias\/bizstyle\/\" rel=\"category tag\">BIZSTYLE<\/a> <a href=\"https:\/\/autofans.com.ar\/index.php\/category\/noticias\/\" rel=\"category tag\">NOTICIAS<\/a>","tag_info":"NOTICIAS","comment_count":0,"_links":{"self":[{"href":"https:\/\/autofans.com.ar\/index.php\/wp-json\/wp\/v2\/posts\/3104","targetHints":{"allow":["GET"]}}],"collection":[{"href":"https:\/\/autofans.com.ar\/index.php\/wp-json\/wp\/v2\/posts"}],"about":[{"href":"https:\/\/autofans.com.ar\/index.php\/wp-json\/wp\/v2\/types\/post"}],"author":[{"embeddable":true,"href":"https:\/\/autofans.com.ar\/index.php\/wp-json\/wp\/v2\/users\/2"}],"replies":[{"embeddable":true,"href":"https:\/\/autofans.com.ar\/index.php\/wp-json\/wp\/v2\/comments?post=3104"}],"version-history":[{"count":1,"href":"https:\/\/autofans.com.ar\/index.php\/wp-json\/wp\/v2\/posts\/3104\/revisions"}],"predecessor-version":[{"id":3108,"href":"https:\/\/autofans.com.ar\/index.php\/wp-json\/wp\/v2\/posts\/3104\/revisions\/3108"}],"wp:featuredmedia":[{"embeddable":true,"href":"https:\/\/autofans.com.ar\/index.php\/wp-json\/wp\/v2\/media\/3105"}],"wp:attachment":[{"href":"https:\/\/autofans.com.ar\/index.php\/wp-json\/wp\/v2\/media?parent=3104"}],"wp:term":[{"taxonomy":"category","embeddable":true,"href":"https:\/\/autofans.com.ar\/index.php\/wp-json\/wp\/v2\/categories?post=3104"},{"taxonomy":"post_tag","embeddable":true,"href":"https:\/\/autofans.com.ar\/index.php\/wp-json\/wp\/v2\/tags?post=3104"}],"curies":[{"name":"wp","href":"https:\/\/api.w.org\/{rel}","templated":true}]}}