{"id":3130,"date":"2023-06-09T20:03:03","date_gmt":"2023-06-09T23:03:03","guid":{"rendered":"https:\/\/autofans.com.ar\/?p=3130"},"modified":"2023-06-09T20:03:03","modified_gmt":"2023-06-09T23:03:03","slug":"facundo-ardusso-brilla-en-el-automovilismo-argentino","status":"publish","type":"post","link":"https:\/\/autofans.com.ar\/index.php\/2023\/06\/09\/facundo-ardusso-brilla-en-el-automovilismo-argentino\/","title":{"rendered":"Facundo Ardusso brilla en el automovilismo Argentino"},"content":{"rendered":"<p>Facundo Ardusso, el talentoso piloto de Las Parejas, Santa Fe, sigue cosechando \u00e9xitos en el automovilismo argentino. Durante el emocionante fin de semana de carreras en el \u00abParque de la Velocidad\u00bb en Rafaela, Ardusso se destac\u00f3 como el mejor piloto de su equipo, YPF Honda RV Racing, logrando un impresionante podio en la segunda carrera.<\/p>\n<p>En la quinta fecha del campeonato, se disputaron dos finales en las cuales Ardusso demostr\u00f3 su habilidad al volante. En la primera carrera, logr\u00f3 una s\u00f3lida posici\u00f3n de largada en el cuarto puesto y se mantuvo en esa posici\u00f3n hasta el final, consolidando su desempe\u00f1o en pista. Sin embargo, fue en la segunda carrera donde Ardusso brill\u00f3 a\u00fan m\u00e1s, partiendo desde el cuarto lugar nuevamente y avanzando con determinaci\u00f3n hasta asegurar el tercer puesto y subirse nuevamente al podio.<\/p>\n<p>&nbsp;<\/p>\n<p><img fetchpriority=\"high\" decoding=\"async\" class=\"aligncenter wp-image-3133 size-full\" src=\"https:\/\/autofans.com.ar\/wp-content\/uploads\/2023\/06\/FACUNDO-ARDUSSO.jpg\" alt=\"ypf\/honda\" width=\"1000\" height=\"667\" srcset=\"https:\/\/autofans.com.ar\/wp-content\/uploads\/2023\/06\/FACUNDO-ARDUSSO.jpg 1000w, https:\/\/autofans.com.ar\/wp-content\/uploads\/2023\/06\/FACUNDO-ARDUSSO-300x200.jpg 300w, https:\/\/autofans.com.ar\/wp-content\/uploads\/2023\/06\/FACUNDO-ARDUSSO-768x512.jpg 768w\" sizes=\"(max-width: 1000px) 100vw, 1000px\" \/><\/p>\n<div dir=\"ltr\"><center><strong><em>#83 FACUNDO ARDUSSO<\/em><\/strong><\/center><\/div>\n<div dir=\"ltr\"><center><strong>Clasificaci\u00f3n: <\/strong>P4<\/center><center><strong>Final 1:<\/strong> Larg\u00f3 P3 \/ Lleg\u00f3 P4<\/center><\/div>\n<div dir=\"ltr\"><center><strong>Final 2:<\/strong> Larg\u00f3 P4 \/ Lleg\u00f3 P3<\/center><\/div>\n<blockquote>\n<p style=\"text-align: center;\">\u00abHicimos una buena sumatoria de puntos este fin de semana. Venimos mejorando y creciendo carrera tras carrera, entendiendo mejor al auto. Quiero agradecer a todo el equipo porque se trabaj\u00f3 mucho el s\u00e1bado para mejorar el auto. Me pone muy contento subir al podio, especialmente corriendo en mi provincia\u00bb.<\/p>\n<\/blockquote>\n<p>&nbsp;<\/p>\n<p><img decoding=\"async\" class=\"aligncenter wp-image-3132 size-full\" src=\"https:\/\/autofans.com.ar\/wp-content\/uploads\/2023\/06\/llaver.jpg\" alt=\"ypf\/honda\" width=\"1000\" height=\"667\" srcset=\"https:\/\/autofans.com.ar\/wp-content\/uploads\/2023\/06\/llaver.jpg 1000w, https:\/\/autofans.com.ar\/wp-content\/uploads\/2023\/06\/llaver-300x200.jpg 300w, https:\/\/autofans.com.ar\/wp-content\/uploads\/2023\/06\/llaver-768x512.jpg 768w\" sizes=\"(max-width: 1000px) 100vw, 1000px\" \/><\/p>\n<div dir=\"ltr\"><center><strong><em>#10 BERNARDO LLAVER<\/em><\/strong><\/center><\/div>\n<div dir=\"ltr\"><center><strong>Clasificaci\u00f3n: <\/strong>P8<\/center><center><strong>Final 1:<\/strong> Larg\u00f3 P8 \/ Lleg\u00f3 P8<\/center><center><strong>Final 2:<\/strong> Larg\u00f3 P8 \/ Lleg\u00f3 P12<\/center><center><\/center><\/div>\n<p>Bernardo Llaver y Javier Scuncio Moro, compa\u00f1eros de equipo de Ardusso, tambi\u00e9n compitieron en las dos finales. Llaver tuvo un fin de semana desafiante, clasificando m\u00e1s retrasado y enfrentando contratiempos en ambas carreras, mientras que Scuncio Moro, en su primer a\u00f1o en la categor\u00eda, demostr\u00f3 su talento pero tambi\u00e9n se vio perjudicado por incidentes en pista.<\/p>\n<p>&nbsp;<\/p>\n<p><img decoding=\"async\" class=\"aligncenter wp-image-3131 size-full\" src=\"https:\/\/autofans.com.ar\/wp-content\/uploads\/2023\/06\/SCUNCIO-MORO.jpg\" alt=\"ypf\/honda\" width=\"1000\" height=\"667\" srcset=\"https:\/\/autofans.com.ar\/wp-content\/uploads\/2023\/06\/SCUNCIO-MORO.jpg 1000w, https:\/\/autofans.com.ar\/wp-content\/uploads\/2023\/06\/SCUNCIO-MORO-300x200.jpg 300w, https:\/\/autofans.com.ar\/wp-content\/uploads\/2023\/06\/SCUNCIO-MORO-768x512.jpg 768w\" sizes=\"(max-width: 1000px) 100vw, 1000px\" \/><\/p>\n<div dir=\"ltr\">\n<div dir=\"ltr\"><center><strong><em>#42 JAVIER SCUNCIO MORO<\/em><\/strong><\/center><\/div>\n<p><center><strong>Clasificaci\u00f3n: <\/strong>P11<br \/>\n<strong>Final 1:<\/strong> Larg\u00f3 P11 \/ Lleg\u00f3 P11<br \/>\n<strong>Final 2:<\/strong> Larg\u00f3 P11 \/ Lleg\u00f3 P13<\/center><\/div>\n<div dir=\"ltr\">\n<div dir=\"ltr\" style=\"text-align: center;\">\n<blockquote><p><center>\u201cEs el primer a\u00f1o en el TC2000 y tengo que ser paciente porque el proceso de adaptaci\u00f3n al auto tiene su tiempo para poder aprovecharlo al m\u00e1ximo como quiero\u201d.<\/center><\/p><\/blockquote>\n<\/div>\n<\/div>\n<p>El desempe\u00f1o de Ardusso en esta fecha le permite consolidar su posici\u00f3n en el campeonato de pilotos, ubic\u00e1ndose en el cuarto lugar con 108 puntos. Adem\u00e1s, el equipo YPF Honda RV Racing sigue siendo una fuerza destacada en el campeonato de equipos, ocupando la segunda posici\u00f3n con 175 puntos.<\/p>\n<p>&nbsp;<\/p>\n<h2>Fecha #5 \/ San Jorge<\/h2>\n<h3>Clasificaci\u00f3n<\/h3>\n<ul>\n<li>1\u00b0) Facundo Marques (Fluence), 2\u00b0) Franco Vivian (Cruze III), 3\u00b0) Leonel Pern\u00eda (Fluence),<\/li>\n<li><strong>4\u00b0) Facundo Ardusso (Honda Civic &#8211; YPF Honda RV Racing)<\/strong>, 5\u00b0) Ignacio Montenegro (Fluence),<\/li>\n<li>6\u00b0) Juli\u00e1n Santero (Corolla), 7\u00b0) Mariano Pern\u00eda (Fluence), <strong>8\u00b0) Bernardo Llaver (Honda Civic &#8211; YPF Honda RV Racing)<\/strong>,<\/li>\n<li>9\u00b0) Luis Jos\u00e9 Di Palma (Cronos), 10\u00b0) Marcelo Ciarrocchi (Cronos). <strong>Javier Scuncio Moro (Honda Civic &#8211; YPF Honda RV Racing)<\/strong>clasific\u00f3 <strong>11\u00b0. <\/strong><\/li>\n<\/ul>\n<h3>Final 1<\/h3>\n<ul>\n<li>1\u00b0) Facundo Marques (Fluence), 2\u00b0) Franco Vivian (Cruze III), 3\u00b0) Mariano Pern\u00eda (Fluence),<\/li>\n<li><strong>4\u00b0) Facundo Ardusso (Honda Civic &#8211; YPF Honda RV Racing)<\/strong>, 5\u00b0) Ignacio Montenegro (Fluence),<\/li>\n<li>6\u00b0) Marcelo Ciarrocchi (Cronos), 7\u00b0) Leonel Pern\u00eda (Fluence), <strong>8\u00b0) Bernardo Llaver (Honda Civic &#8211; YPF Honda RV Racing)<\/strong>,<\/li>\n<li>9\u00b0) Rodrigo Aramendia (Cruze III), 10\u00b0) Facundo Aldrighetti (Corolla). <strong>Javier Scuncio Moro (Honda Civic &#8211; YPF Honda RV Racing)<\/strong>clasific\u00f3 <strong>11\u00b0<\/strong>.<strong> \u00a0<\/strong><\/li>\n<\/ul>\n<h3>Final 2<\/h3>\n<ul>\n<li>1\u00b0) Leonel Pern\u00eda (Fluence), 2\u00b0) Franco Vivian (Cruze III), <strong>3\u00b0) Facundo Ardusso (Honda Civic &#8211; YPF Honda RV Racing)<\/strong>,<\/li>\n<li>4\u00b0) Ignacio Montenegro (Fluence), 5\u00b0) Facundo Marques (Fluence), 6\u00b0) Juli\u00e1n Santero (Corolla), 7\u00b0) Luis Jos\u00e9 Di Palma (Cronos),<\/li>\n<li>8\u00b0) Fabricio Persia (C4 Lounge), 9\u00b0) Marcelo Ciarrocchi (Cronos),<\/li>\n<li>10\u00b0) Felipe Barrios Bustos (Fluence). <strong>Javier Scuncio Moro (Honda Civic &#8211; YPF Honda RV Racing)<\/strong> clasific\u00f3 <strong>13\u00b0<\/strong>.<\/li>\n<\/ul>\n<h3>Campeonato de Pilotos<\/h3>\n<ul>\n<li>1\u00b0) Leonel Pern\u00eda (Fluence) 147 pts., 2\u00b0) Ignacio Montenegro (Fluence) 131 pts., 3\u00b0) Franco Vivian (Cruze III) 126 pts.,<\/li>\n<li><strong>4\u00b0) Facundo Ardusso (Honda Civic &#8211; YPF Honda RV Racing) 108 pts., <\/strong>5\u00b0) Juli\u00e1n Santero (Corolla) 99 pts.,<\/li>\n<li>6\u00b0) Facundo Marques (Fluence) 91 pts., <strong>7\u00b0) Bernardo Llaver (Honda Civic &#8211; YPF Honda RV Racing) 51 pts.,<\/strong><\/li>\n<li>8\u00b0) Mariano Pern\u00eda (Fluence) 29 pts., 9\u00b0) Luis Jos\u00e9 Di Palma (Cronos) 24 pts.,<\/li>\n<li>10\u00b0) Felipe Barrios Bustos (Fluence) 23. <strong>Javier Scuncio Moro (Honda Civic &#8211; YPF Honda RV Racing) <\/strong>marcha <strong>15\u00b0 <\/strong>con <strong>16 pts.<\/strong><\/li>\n<\/ul>\n<h3>Copa Challenge<\/h3>\n<ul>\n<li>1\u00b0) Facundo Marques (Fluence) 20 pts., 2\u00b0) Rodrigo Aramendia (Chevrolet) 12 pts., 3\u00b0) Facundo Aldrighetti (Corolla) 11 pts.,<\/li>\n<li><strong>4\u00b0)<\/strong> <strong>Javier Scuncio Moro (Honda Civic &#8211; YPF Honda RV Racing) 10 pts., <\/strong>5\u00b0) Mariano Pern\u00eda (Fluence) 9 pts.,<\/li>\n<li>6\u00b0) Felipe Barrio Bustos (Fluence) 9 pts., 7\u00b0) Lucas Bohdanowicz (Corolla) 8 pts., 8\u00b0) Fabricio Persia (C4 Lounge)<\/li>\n<li>7 pts., 9\u00b0) Nicol\u00e1s Traut (Cruze III) 3 pts., 10\u00b0 Mat\u00edas Capurro (Corolla) 3 pts.<\/li>\n<\/ul>\n<h3>Campeonato de Equipos<\/h3>\n<ul>\n<li>1\u00b0) A. Energy Sport 341 pts., <strong>2\u00b0) YPF Honda RV Racing 175 pts.,<\/strong> 3\u00b0) YPF Elaion Auto ProRacing 148 pts.,<\/li>\n<li>4\u00b0) Toyota Gazoo Racing 136 pts., 5\u00b0) Octanos Competici\u00f3n 37 pts., 6\u00b0) SDE San Juan 16 pts., 7\u00b0) JM Motorsport 5 pts.<\/li>\n<\/ul>\n<p>&nbsp;<\/p>\n<p><strong>Pr\u00f3xima fecha: <\/strong>26 de junio San Nicol\u00e1s.<\/p>\n<p>&nbsp;<\/p>\n<p>&nbsp;<\/p>\n<p><i>Para enterarte de m\u00e1s novedades, no dejes de leer\u00a0<\/i><a href=\"https:\/\/autofans.thebrandsoup.com\/\"><i>nuestras notas<\/i><\/a><i>, de ver<\/i><b><i>\u00a0<\/i><\/b><a href=\"https:\/\/www.youtube.com\/channel\/UCgAC8UGHZYbT6P7PpmVnP7g\"><b><i>AUTOFANS TV<\/i><\/b><\/a><b><i>\u00a0<\/i><\/b><i>en nuestro\u00a0canal de Youtube. Adem\u00e1s seguinos en\u00a0<\/i><a href=\"https:\/\/www.instagram.com\/autofanstv\/\"><i>INSTAGRAM<\/i><\/a><i> y <\/i><a href=\"https:\/\/www.facebook.com\/autofansmas\/\"><i>FACEBOOK<\/i><\/a><i> para no perderte nada sobre las novedades del segmento automotor de Argentina y el mundo. <\/i><\/p>\n","protected":false},"excerpt":{"rendered":"<p>Facundo Ardusso, el talentoso piloto de Las Parejas, Santa Fe, sigue cosechando \u00e9xitos en el&#8230;<\/p>\n","protected":false},"author":2,"featured_media":3134,"comment_status":"closed","ping_status":"closed","sticky":false,"template":"","format":"standard","meta":{"footnotes":""},"categories":[127,16],"tags":[185,230,1120,1121,1517,1522,1520,313,1521,1523,1519,750,1518],"class_list":["post-3130","post","type-post","status-publish","format-standard","has-post-thumbnail","hentry","category-deporte","category-noticias","tag-automovilismo","tag-campeonato","tag-carreras","tag-equipo","tag-facundo-ardusso","tag-fecha","tag-parque-de-la-velocidad","tag-pilotos","tag-podio","tag-proximas-carreras","tag-san-jorge","tag-tc2000","tag-ypf-honda-rv-racing"],"yoast_head":"<!-- This site is optimized with the Yoast SEO plugin v27.5 - https:\/\/yoast.com\/product\/yoast-seo-wordpress\/ -->\n<title>Facundo Ardusso brilla en el automovilismo Argentino -<\/title>\n<meta name=\"description\" content=\"Facundo Ardusso, el piloto de Las Parejas, Santa Fe, sigue cosechando \u00e9xitos en el automovilismo Argentino en el Parque de la Velocidad...\" \/>\n<meta name=\"robots\" content=\"index, follow, max-snippet:-1, max-image-preview:large, max-video-preview:-1\" \/>\n<link rel=\"canonical\" href=\"https:\/\/autofans.com.ar\/index.php\/2023\/06\/09\/facundo-ardusso-brilla-en-el-automovilismo-argentino\/\" \/>\n<meta property=\"og:locale\" content=\"es_ES\" \/>\n<meta property=\"og:type\" content=\"article\" \/>\n<meta property=\"og:title\" content=\"Facundo Ardusso brilla en el automovilismo Argentino -\" \/>\n<meta property=\"og:description\" content=\"Facundo Ardusso, el piloto de Las Parejas, Santa Fe, sigue cosechando \u00e9xitos en el automovilismo Argentino en el Parque de la Velocidad...\" \/>\n<meta property=\"og:url\" content=\"https:\/\/autofans.com.ar\/index.php\/2023\/06\/09\/facundo-ardusso-brilla-en-el-automovilismo-argentino\/\" \/>\n<meta property=\"article:published_time\" content=\"2023-06-09T23:03:03+00:00\" \/>\n<meta property=\"og:image\" content=\"https:\/\/autofans.com.ar\/wp-content\/uploads\/2023\/06\/foto-1-17.jpg\" \/>\n\t<meta property=\"og:image:width\" content=\"1000\" \/>\n\t<meta property=\"og:image:height\" content=\"667\" \/>\n\t<meta property=\"og:image:type\" content=\"image\/jpeg\" \/>\n<meta name=\"author\" content=\"Alejandro Gabriel Rosito\" \/>\n<meta name=\"twitter:card\" content=\"summary_large_image\" \/>\n<meta name=\"twitter:label1\" content=\"Escrito por\" \/>\n\t<meta name=\"twitter:data1\" content=\"Alejandro Gabriel Rosito\" \/>\n\t<meta name=\"twitter:label2\" content=\"Tiempo de lectura\" \/>\n\t<meta name=\"twitter:data2\" content=\"5 minutos\" \/>\n<script type=\"application\/ld+json\" class=\"yoast-schema-graph\">{\"@context\":\"https:\\\/\\\/schema.org\",\"@graph\":[{\"@type\":\"Article\",\"@id\":\"https:\\\/\\\/autofans.com.ar\\\/index.php\\\/2023\\\/06\\\/09\\\/facundo-ardusso-brilla-en-el-automovilismo-argentino\\\/#article\",\"isPartOf\":{\"@id\":\"https:\\\/\\\/autofans.com.ar\\\/index.php\\\/2023\\\/06\\\/09\\\/facundo-ardusso-brilla-en-el-automovilismo-argentino\\\/\"},\"author\":{\"name\":\"Alejandro Gabriel Rosito\",\"@id\":\"https:\\\/\\\/autofans.com.ar\\\/#\\\/schema\\\/person\\\/4a8dda0b6df83ac3d6723e921274c2aa\"},\"headline\":\"Facundo Ardusso brilla en el automovilismo Argentino\",\"datePublished\":\"2023-06-09T23:03:03+00:00\",\"mainEntityOfPage\":{\"@id\":\"https:\\\/\\\/autofans.com.ar\\\/index.php\\\/2023\\\/06\\\/09\\\/facundo-ardusso-brilla-en-el-automovilismo-argentino\\\/\"},\"wordCount\":786,\"image\":{\"@id\":\"https:\\\/\\\/autofans.com.ar\\\/index.php\\\/2023\\\/06\\\/09\\\/facundo-ardusso-brilla-en-el-automovilismo-argentino\\\/#primaryimage\"},\"thumbnailUrl\":\"https:\\\/\\\/autofans.com.ar\\\/wp-content\\\/uploads\\\/2023\\\/06\\\/foto-1-17.jpg\",\"keywords\":[\"#automovilismo\",\"campeonato\",\"carreras\",\"equipo\",\"Facundo Ardusso\",\"fecha\",\"Parque de la Velocidad\",\"Pilotos\",\"podio\",\"pr\u00f3ximas carreras\",\"San Jorge\",\"TC2000\",\"YPF Honda RV Racing\"],\"articleSection\":[\"DEPORTE MOTOR\",\"NOTICIAS\"],\"inLanguage\":\"es\"},{\"@type\":\"WebPage\",\"@id\":\"https:\\\/\\\/autofans.com.ar\\\/index.php\\\/2023\\\/06\\\/09\\\/facundo-ardusso-brilla-en-el-automovilismo-argentino\\\/\",\"url\":\"https:\\\/\\\/autofans.com.ar\\\/index.php\\\/2023\\\/06\\\/09\\\/facundo-ardusso-brilla-en-el-automovilismo-argentino\\\/\",\"name\":\"Facundo Ardusso brilla en el automovilismo Argentino -\",\"isPartOf\":{\"@id\":\"https:\\\/\\\/autofans.com.ar\\\/#website\"},\"primaryImageOfPage\":{\"@id\":\"https:\\\/\\\/autofans.com.ar\\\/index.php\\\/2023\\\/06\\\/09\\\/facundo-ardusso-brilla-en-el-automovilismo-argentino\\\/#primaryimage\"},\"image\":{\"@id\":\"https:\\\/\\\/autofans.com.ar\\\/index.php\\\/2023\\\/06\\\/09\\\/facundo-ardusso-brilla-en-el-automovilismo-argentino\\\/#primaryimage\"},\"thumbnailUrl\":\"https:\\\/\\\/autofans.com.ar\\\/wp-content\\\/uploads\\\/2023\\\/06\\\/foto-1-17.jpg\",\"datePublished\":\"2023-06-09T23:03:03+00:00\",\"author\":{\"@id\":\"https:\\\/\\\/autofans.com.ar\\\/#\\\/schema\\\/person\\\/4a8dda0b6df83ac3d6723e921274c2aa\"},\"description\":\"Facundo Ardusso, el piloto de Las Parejas, Santa Fe, sigue cosechando \u00e9xitos en el automovilismo Argentino en el Parque de la Velocidad...\",\"breadcrumb\":{\"@id\":\"https:\\\/\\\/autofans.com.ar\\\/index.php\\\/2023\\\/06\\\/09\\\/facundo-ardusso-brilla-en-el-automovilismo-argentino\\\/#breadcrumb\"},\"inLanguage\":\"es\",\"potentialAction\":[{\"@type\":\"ReadAction\",\"target\":[\"https:\\\/\\\/autofans.com.ar\\\/index.php\\\/2023\\\/06\\\/09\\\/facundo-ardusso-brilla-en-el-automovilismo-argentino\\\/\"]}]},{\"@type\":\"ImageObject\",\"inLanguage\":\"es\",\"@id\":\"https:\\\/\\\/autofans.com.ar\\\/index.php\\\/2023\\\/06\\\/09\\\/facundo-ardusso-brilla-en-el-automovilismo-argentino\\\/#primaryimage\",\"url\":\"https:\\\/\\\/autofans.com.ar\\\/wp-content\\\/uploads\\\/2023\\\/06\\\/foto-1-17.jpg\",\"contentUrl\":\"https:\\\/\\\/autofans.com.ar\\\/wp-content\\\/uploads\\\/2023\\\/06\\\/foto-1-17.jpg\",\"width\":1000,\"height\":667,\"caption\":\"ypf\\\/honda\"},{\"@type\":\"BreadcrumbList\",\"@id\":\"https:\\\/\\\/autofans.com.ar\\\/index.php\\\/2023\\\/06\\\/09\\\/facundo-ardusso-brilla-en-el-automovilismo-argentino\\\/#breadcrumb\",\"itemListElement\":[{\"@type\":\"ListItem\",\"position\":1,\"name\":\"Inicio\",\"item\":\"https:\\\/\\\/autofans.com.ar\\\/\"},{\"@type\":\"ListItem\",\"position\":2,\"name\":\"Facundo Ardusso brilla en el automovilismo Argentino\"}]},{\"@type\":\"WebSite\",\"@id\":\"https:\\\/\\\/autofans.com.ar\\\/#website\",\"url\":\"https:\\\/\\\/autofans.com.ar\\\/\",\"name\":\"\",\"description\":\"El multimedio referente de la industria automotriz\",\"potentialAction\":[{\"@type\":\"SearchAction\",\"target\":{\"@type\":\"EntryPoint\",\"urlTemplate\":\"https:\\\/\\\/autofans.com.ar\\\/?s={search_term_string}\"},\"query-input\":{\"@type\":\"PropertyValueSpecification\",\"valueRequired\":true,\"valueName\":\"search_term_string\"}}],\"inLanguage\":\"es\"},{\"@type\":\"Person\",\"@id\":\"https:\\\/\\\/autofans.com.ar\\\/#\\\/schema\\\/person\\\/4a8dda0b6df83ac3d6723e921274c2aa\",\"name\":\"Alejandro Gabriel Rosito\",\"image\":{\"@type\":\"ImageObject\",\"inLanguage\":\"es\",\"@id\":\"https:\\\/\\\/secure.gravatar.com\\\/avatar\\\/16c5dda1489adfc62618084dcbb91cffd879c374b13fe5dd8e44ed6733852c88?s=96&d=mm&r=g\",\"url\":\"https:\\\/\\\/secure.gravatar.com\\\/avatar\\\/16c5dda1489adfc62618084dcbb91cffd879c374b13fe5dd8e44ed6733852c88?s=96&d=mm&r=g\",\"contentUrl\":\"https:\\\/\\\/secure.gravatar.com\\\/avatar\\\/16c5dda1489adfc62618084dcbb91cffd879c374b13fe5dd8e44ed6733852c88?s=96&d=mm&r=g\",\"caption\":\"Alejandro Gabriel Rosito\"},\"url\":\"https:\\\/\\\/autofans.com.ar\\\/index.php\\\/author\\\/gabrielr\\\/\"}]}<\/script>\n<!-- \/ Yoast SEO plugin. -->","yoast_head_json":{"title":"Facundo Ardusso brilla en el automovilismo Argentino -","description":"Facundo Ardusso, el piloto de Las Parejas, Santa Fe, sigue cosechando \u00e9xitos en el automovilismo Argentino en el Parque de la Velocidad...","robots":{"index":"index","follow":"follow","max-snippet":"max-snippet:-1","max-image-preview":"max-image-preview:large","max-video-preview":"max-video-preview:-1"},"canonical":"https:\/\/autofans.com.ar\/index.php\/2023\/06\/09\/facundo-ardusso-brilla-en-el-automovilismo-argentino\/","og_locale":"es_ES","og_type":"article","og_title":"Facundo Ardusso brilla en el automovilismo Argentino -","og_description":"Facundo Ardusso, el piloto de Las Parejas, Santa Fe, sigue cosechando \u00e9xitos en el automovilismo Argentino en el Parque de la Velocidad...","og_url":"https:\/\/autofans.com.ar\/index.php\/2023\/06\/09\/facundo-ardusso-brilla-en-el-automovilismo-argentino\/","article_published_time":"2023-06-09T23:03:03+00:00","og_image":[{"width":1000,"height":667,"url":"https:\/\/autofans.com.ar\/wp-content\/uploads\/2023\/06\/foto-1-17.jpg","type":"image\/jpeg"}],"author":"Alejandro Gabriel Rosito","twitter_card":"summary_large_image","twitter_misc":{"Escrito por":"Alejandro Gabriel Rosito","Tiempo de lectura":"5 minutos"},"schema":{"@context":"https:\/\/schema.org","@graph":[{"@type":"Article","@id":"https:\/\/autofans.com.ar\/index.php\/2023\/06\/09\/facundo-ardusso-brilla-en-el-automovilismo-argentino\/#article","isPartOf":{"@id":"https:\/\/autofans.com.ar\/index.php\/2023\/06\/09\/facundo-ardusso-brilla-en-el-automovilismo-argentino\/"},"author":{"name":"Alejandro Gabriel Rosito","@id":"https:\/\/autofans.com.ar\/#\/schema\/person\/4a8dda0b6df83ac3d6723e921274c2aa"},"headline":"Facundo Ardusso brilla en el automovilismo Argentino","datePublished":"2023-06-09T23:03:03+00:00","mainEntityOfPage":{"@id":"https:\/\/autofans.com.ar\/index.php\/2023\/06\/09\/facundo-ardusso-brilla-en-el-automovilismo-argentino\/"},"wordCount":786,"image":{"@id":"https:\/\/autofans.com.ar\/index.php\/2023\/06\/09\/facundo-ardusso-brilla-en-el-automovilismo-argentino\/#primaryimage"},"thumbnailUrl":"https:\/\/autofans.com.ar\/wp-content\/uploads\/2023\/06\/foto-1-17.jpg","keywords":["#automovilismo","campeonato","carreras","equipo","Facundo Ardusso","fecha","Parque de la Velocidad","Pilotos","podio","pr\u00f3ximas carreras","San Jorge","TC2000","YPF Honda RV Racing"],"articleSection":["DEPORTE MOTOR","NOTICIAS"],"inLanguage":"es"},{"@type":"WebPage","@id":"https:\/\/autofans.com.ar\/index.php\/2023\/06\/09\/facundo-ardusso-brilla-en-el-automovilismo-argentino\/","url":"https:\/\/autofans.com.ar\/index.php\/2023\/06\/09\/facundo-ardusso-brilla-en-el-automovilismo-argentino\/","name":"Facundo Ardusso brilla en el automovilismo Argentino -","isPartOf":{"@id":"https:\/\/autofans.com.ar\/#website"},"primaryImageOfPage":{"@id":"https:\/\/autofans.com.ar\/index.php\/2023\/06\/09\/facundo-ardusso-brilla-en-el-automovilismo-argentino\/#primaryimage"},"image":{"@id":"https:\/\/autofans.com.ar\/index.php\/2023\/06\/09\/facundo-ardusso-brilla-en-el-automovilismo-argentino\/#primaryimage"},"thumbnailUrl":"https:\/\/autofans.com.ar\/wp-content\/uploads\/2023\/06\/foto-1-17.jpg","datePublished":"2023-06-09T23:03:03+00:00","author":{"@id":"https:\/\/autofans.com.ar\/#\/schema\/person\/4a8dda0b6df83ac3d6723e921274c2aa"},"description":"Facundo Ardusso, el piloto de Las Parejas, Santa Fe, sigue cosechando \u00e9xitos en el automovilismo Argentino en el Parque de la Velocidad...","breadcrumb":{"@id":"https:\/\/autofans.com.ar\/index.php\/2023\/06\/09\/facundo-ardusso-brilla-en-el-automovilismo-argentino\/#breadcrumb"},"inLanguage":"es","potentialAction":[{"@type":"ReadAction","target":["https:\/\/autofans.com.ar\/index.php\/2023\/06\/09\/facundo-ardusso-brilla-en-el-automovilismo-argentino\/"]}]},{"@type":"ImageObject","inLanguage":"es","@id":"https:\/\/autofans.com.ar\/index.php\/2023\/06\/09\/facundo-ardusso-brilla-en-el-automovilismo-argentino\/#primaryimage","url":"https:\/\/autofans.com.ar\/wp-content\/uploads\/2023\/06\/foto-1-17.jpg","contentUrl":"https:\/\/autofans.com.ar\/wp-content\/uploads\/2023\/06\/foto-1-17.jpg","width":1000,"height":667,"caption":"ypf\/honda"},{"@type":"BreadcrumbList","@id":"https:\/\/autofans.com.ar\/index.php\/2023\/06\/09\/facundo-ardusso-brilla-en-el-automovilismo-argentino\/#breadcrumb","itemListElement":[{"@type":"ListItem","position":1,"name":"Inicio","item":"https:\/\/autofans.com.ar\/"},{"@type":"ListItem","position":2,"name":"Facundo Ardusso brilla en el automovilismo Argentino"}]},{"@type":"WebSite","@id":"https:\/\/autofans.com.ar\/#website","url":"https:\/\/autofans.com.ar\/","name":"","description":"El multimedio referente de la industria automotriz","potentialAction":[{"@type":"SearchAction","target":{"@type":"EntryPoint","urlTemplate":"https:\/\/autofans.com.ar\/?s={search_term_string}"},"query-input":{"@type":"PropertyValueSpecification","valueRequired":true,"valueName":"search_term_string"}}],"inLanguage":"es"},{"@type":"Person","@id":"https:\/\/autofans.com.ar\/#\/schema\/person\/4a8dda0b6df83ac3d6723e921274c2aa","name":"Alejandro Gabriel Rosito","image":{"@type":"ImageObject","inLanguage":"es","@id":"https:\/\/secure.gravatar.com\/avatar\/16c5dda1489adfc62618084dcbb91cffd879c374b13fe5dd8e44ed6733852c88?s=96&d=mm&r=g","url":"https:\/\/secure.gravatar.com\/avatar\/16c5dda1489adfc62618084dcbb91cffd879c374b13fe5dd8e44ed6733852c88?s=96&d=mm&r=g","contentUrl":"https:\/\/secure.gravatar.com\/avatar\/16c5dda1489adfc62618084dcbb91cffd879c374b13fe5dd8e44ed6733852c88?s=96&d=mm&r=g","caption":"Alejandro Gabriel Rosito"},"url":"https:\/\/autofans.com.ar\/index.php\/author\/gabrielr\/"}]}},"featured_image_urls":{"full":["https:\/\/autofans.com.ar\/wp-content\/uploads\/2023\/06\/foto-1-17.jpg",1000,667,false],"thumbnail":["https:\/\/autofans.com.ar\/wp-content\/uploads\/2023\/06\/foto-1-17-150x150.jpg",150,150,true],"medium":["https:\/\/autofans.com.ar\/wp-content\/uploads\/2023\/06\/foto-1-17-300x200.jpg",300,200,true],"medium_large":["https:\/\/autofans.com.ar\/wp-content\/uploads\/2023\/06\/foto-1-17-768x512.jpg",640,427,true],"large":["https:\/\/autofans.com.ar\/wp-content\/uploads\/2023\/06\/foto-1-17.jpg",640,427,false],"1536x1536":["https:\/\/autofans.com.ar\/wp-content\/uploads\/2023\/06\/foto-1-17.jpg",1000,667,false],"2048x2048":["https:\/\/autofans.com.ar\/wp-content\/uploads\/2023\/06\/foto-1-17.jpg",1000,667,false],"covernews-featured":["https:\/\/autofans.com.ar\/wp-content\/uploads\/2023\/06\/foto-1-17.jpg",1000,667,false],"covernews-medium":["https:\/\/autofans.com.ar\/wp-content\/uploads\/2023\/06\/foto-1-17-540x340.jpg",540,340,true]},"author_info":{"display_name":"Alejandro Gabriel Rosito","author_link":"https:\/\/autofans.com.ar\/index.php\/author\/gabrielr\/"},"category_info":"<a href=\"https:\/\/autofans.com.ar\/index.php\/category\/noticias\/deporte\/\" rel=\"category tag\">DEPORTE MOTOR<\/a> <a href=\"https:\/\/autofans.com.ar\/index.php\/category\/noticias\/\" rel=\"category tag\">NOTICIAS<\/a>","tag_info":"NOTICIAS","comment_count":0,"_links":{"self":[{"href":"https:\/\/autofans.com.ar\/index.php\/wp-json\/wp\/v2\/posts\/3130","targetHints":{"allow":["GET"]}}],"collection":[{"href":"https:\/\/autofans.com.ar\/index.php\/wp-json\/wp\/v2\/posts"}],"about":[{"href":"https:\/\/autofans.com.ar\/index.php\/wp-json\/wp\/v2\/types\/post"}],"author":[{"embeddable":true,"href":"https:\/\/autofans.com.ar\/index.php\/wp-json\/wp\/v2\/users\/2"}],"replies":[{"embeddable":true,"href":"https:\/\/autofans.com.ar\/index.php\/wp-json\/wp\/v2\/comments?post=3130"}],"version-history":[{"count":11,"href":"https:\/\/autofans.com.ar\/index.php\/wp-json\/wp\/v2\/posts\/3130\/revisions"}],"predecessor-version":[{"id":3148,"href":"https:\/\/autofans.com.ar\/index.php\/wp-json\/wp\/v2\/posts\/3130\/revisions\/3148"}],"wp:featuredmedia":[{"embeddable":true,"href":"https:\/\/autofans.com.ar\/index.php\/wp-json\/wp\/v2\/media\/3134"}],"wp:attachment":[{"href":"https:\/\/autofans.com.ar\/index.php\/wp-json\/wp\/v2\/media?parent=3130"}],"wp:term":[{"taxonomy":"category","embeddable":true,"href":"https:\/\/autofans.com.ar\/index.php\/wp-json\/wp\/v2\/categories?post=3130"},{"taxonomy":"post_tag","embeddable":true,"href":"https:\/\/autofans.com.ar\/index.php\/wp-json\/wp\/v2\/tags?post=3130"}],"curies":[{"name":"wp","href":"https:\/\/api.w.org\/{rel}","templated":true}]}}