{"id":3149,"date":"2023-06-12T11:51:52","date_gmt":"2023-06-12T14:51:52","guid":{"rendered":"https:\/\/autofans.com.ar\/?p=3149"},"modified":"2023-06-12T12:04:27","modified_gmt":"2023-06-12T15:04:27","slug":"chevrolet-presenta-sus-nuevas-pickups-en-la-feria-agroactiva","status":"publish","type":"post","link":"https:\/\/autofans.com.ar\/index.php\/2023\/06\/12\/chevrolet-presenta-sus-nuevas-pickups-en-la-feria-agroactiva\/","title":{"rendered":"Chevrolet presenta sus nuevas pickups en la Feria Agroactiva"},"content":{"rendered":"<p>Chevrolet, una de las marcas automotrices m\u00e1s destacadas del mundo, se prepara para sorprender en la Feria Agroactiva 2023 con emocionantes novedades en el segmento de pickups. Del 7 al 10 de junio, los visitantes tendr\u00e1n la oportunidad de descubrir las \u00faltimas innovaciones de la marca en un stand de m\u00e1s de 2400 m\u00b2, donde se exhibir\u00e1n una amplia variedad de modelos, incluyendo las populares Chevrolet S10 y la esperada Nueva Montana, que se espera lleguen al pa\u00eds en el segundo semestre del a\u00f1o.<\/p>\n<p>&nbsp;<\/p>\n<div id='gallery-1' class='gallery galleryid-3149 gallery-columns-3 gallery-size-full'><figure class='gallery-item'>\n\t\t\t<div class='gallery-icon landscape'>\n\t\t\t\t<a href='https:\/\/autofans.com.ar\/index.php\/2023\/06\/12\/chevrolet-presenta-sus-nuevas-pickups-en-la-feria-agroactiva\/foto-6-mid\/'><img loading=\"lazy\" width=\"1000\" height=\"667\" src=\"https:\/\/autofans.com.ar\/wp-content\/uploads\/2023\/06\/foto-6-mid.jpg\" class=\"attachment-full size-full\" alt=\"chevrolet\" aria-describedby=\"gallery-1-3151\" srcset=\"https:\/\/autofans.com.ar\/wp-content\/uploads\/2023\/06\/foto-6-mid.jpg 1000w, https:\/\/autofans.com.ar\/wp-content\/uploads\/2023\/06\/foto-6-mid-300x200.jpg 300w, https:\/\/autofans.com.ar\/wp-content\/uploads\/2023\/06\/foto-6-mid-768x512.jpg 768w\" sizes=\"auto, (max-width: 1000px) 100vw, 1000px\" loading=\"lazy\" decoding=\"async\" \/><\/a>\n\t\t\t<\/div>\n\t\t\t\t<figcaption class='wp-caption-text gallery-caption' id='gallery-1-3151'>\n\t\t\t\tS10 Midnight\n\t\t\t\t<\/figcaption><\/figure><figure class='gallery-item'>\n\t\t\t<div class='gallery-icon landscape'>\n\t\t\t\t<a href='https:\/\/autofans.com.ar\/index.php\/2023\/06\/12\/chevrolet-presenta-sus-nuevas-pickups-en-la-feria-agroactiva\/foto-2-mid\/'><img loading=\"lazy\" width=\"1000\" height=\"667\" src=\"https:\/\/autofans.com.ar\/wp-content\/uploads\/2023\/06\/foto-2-mid.jpg\" class=\"attachment-full size-full\" alt=\"chevrolet\" aria-describedby=\"gallery-1-3155\" srcset=\"https:\/\/autofans.com.ar\/wp-content\/uploads\/2023\/06\/foto-2-mid.jpg 1000w, https:\/\/autofans.com.ar\/wp-content\/uploads\/2023\/06\/foto-2-mid-300x200.jpg 300w, https:\/\/autofans.com.ar\/wp-content\/uploads\/2023\/06\/foto-2-mid-768x512.jpg 768w\" sizes=\"auto, (max-width: 1000px) 100vw, 1000px\" loading=\"lazy\" decoding=\"async\" \/><\/a>\n\t\t\t<\/div>\n\t\t\t\t<figcaption class='wp-caption-text gallery-caption' id='gallery-1-3155'>\n\t\t\t\tS10 Midnight\n\t\t\t\t<\/figcaption><\/figure><figure class='gallery-item'>\n\t\t\t<div class='gallery-icon landscape'>\n\t\t\t\t<a href='https:\/\/autofans.com.ar\/index.php\/2023\/06\/12\/chevrolet-presenta-sus-nuevas-pickups-en-la-feria-agroactiva\/foto-3-mid\/'><img loading=\"lazy\" width=\"1000\" height=\"667\" src=\"https:\/\/autofans.com.ar\/wp-content\/uploads\/2023\/06\/foto-3-mid.jpg\" class=\"attachment-full size-full\" alt=\"chevrolet\" aria-describedby=\"gallery-1-3154\" srcset=\"https:\/\/autofans.com.ar\/wp-content\/uploads\/2023\/06\/foto-3-mid.jpg 1000w, https:\/\/autofans.com.ar\/wp-content\/uploads\/2023\/06\/foto-3-mid-300x200.jpg 300w, https:\/\/autofans.com.ar\/wp-content\/uploads\/2023\/06\/foto-3-mid-768x512.jpg 768w\" sizes=\"auto, (max-width: 1000px) 100vw, 1000px\" loading=\"lazy\" decoding=\"async\" \/><\/a>\n\t\t\t<\/div>\n\t\t\t\t<figcaption class='wp-caption-text gallery-caption' id='gallery-1-3154'>\n\t\t\t\tS10 Midnight\n\t\t\t\t<\/figcaption><\/figure>\n\t\t<\/div>\n\n<p>Durante el evento, los entusiastas de las pickups podr\u00e1n disfrutar de un adelanto exclusivo de la Chevrolet Midnight \u00abSpecial Series\u00bb. Esta edici\u00f3n limitada, que estar\u00e1 disponible en el pa\u00eds con tan solo 100 unidades. Con un dise\u00f1o robusto y elegante, con detalles exclusivos que le otorgan un estilo urbano distintivo.<\/p>\n<blockquote>\n<p style=\"text-align: center;\">Ra\u00fal Mi\u00e9r, Director Comercial de General Motors Argentina, expres\u00f3 su entusiasmo por la participaci\u00f3n de Chevrolet en Agroactiva y afirm\u00f3: \u00abEstamos orgullosos de ser parte de esta importante muestra para el campo argentino. Nuestras pickups Chevrolet siempre han sido una herramienta confiable y c\u00f3moda para el trabajo en el campo, y estamos seguros de que nuestras novedades emocionar\u00e1n a todos los visitantes durante los cuatro d\u00edas de la feria. Nuestro equipo de asesores especializados estar\u00e1 preparado para responder todas las consultas y brindar una atenci\u00f3n de calidad a nuestros clientes\u00bb.<\/p>\n<\/blockquote>\n<div id='gallery-2' class='gallery galleryid-3149 gallery-columns-3 gallery-size-full'><figure class='gallery-item'>\n\t\t\t<div class='gallery-icon landscape'>\n\t\t\t\t<a href='https:\/\/autofans.com.ar\/index.php\/2023\/06\/12\/chevrolet-presenta-sus-nuevas-pickups-en-la-feria-agroactiva\/foto-7-mont\/'><img loading=\"lazy\" width=\"1000\" height=\"667\" src=\"https:\/\/autofans.com.ar\/wp-content\/uploads\/2023\/06\/foto-7-mont.jpg\" class=\"attachment-full size-full\" alt=\"chevrolet\" aria-describedby=\"gallery-2-3150\" srcset=\"https:\/\/autofans.com.ar\/wp-content\/uploads\/2023\/06\/foto-7-mont.jpg 1000w, https:\/\/autofans.com.ar\/wp-content\/uploads\/2023\/06\/foto-7-mont-300x200.jpg 300w, https:\/\/autofans.com.ar\/wp-content\/uploads\/2023\/06\/foto-7-mont-768x512.jpg 768w\" sizes=\"auto, (max-width: 1000px) 100vw, 1000px\" loading=\"lazy\" decoding=\"async\" \/><\/a>\n\t\t\t<\/div>\n\t\t\t\t<figcaption class='wp-caption-text gallery-caption' id='gallery-2-3150'>\n\t\t\t\tPickup Montana\n\t\t\t\t<\/figcaption><\/figure><figure class='gallery-item'>\n\t\t\t<div class='gallery-icon landscape'>\n\t\t\t\t<a href='https:\/\/autofans.com.ar\/index.php\/2023\/06\/12\/chevrolet-presenta-sus-nuevas-pickups-en-la-feria-agroactiva\/foto-4-mont\/'><img loading=\"lazy\" width=\"1000\" height=\"667\" src=\"https:\/\/autofans.com.ar\/wp-content\/uploads\/2023\/06\/foto-4-mont.jpg\" class=\"attachment-full size-full\" alt=\"chevrolet\" aria-describedby=\"gallery-2-3153\" srcset=\"https:\/\/autofans.com.ar\/wp-content\/uploads\/2023\/06\/foto-4-mont.jpg 1000w, https:\/\/autofans.com.ar\/wp-content\/uploads\/2023\/06\/foto-4-mont-300x200.jpg 300w, https:\/\/autofans.com.ar\/wp-content\/uploads\/2023\/06\/foto-4-mont-768x512.jpg 768w\" sizes=\"auto, (max-width: 1000px) 100vw, 1000px\" loading=\"lazy\" decoding=\"async\" \/><\/a>\n\t\t\t<\/div>\n\t\t\t\t<figcaption class='wp-caption-text gallery-caption' id='gallery-2-3153'>\n\t\t\t\tPickup Montana\n\t\t\t\t<\/figcaption><\/figure><figure class='gallery-item'>\n\t\t\t<div class='gallery-icon landscape'>\n\t\t\t\t<a href='https:\/\/autofans.com.ar\/index.php\/2023\/06\/12\/chevrolet-presenta-sus-nuevas-pickups-en-la-feria-agroactiva\/foto-5-mont\/'><img loading=\"lazy\" width=\"1000\" height=\"667\" src=\"https:\/\/autofans.com.ar\/wp-content\/uploads\/2023\/06\/foto-5-mont.jpg\" class=\"attachment-full size-full\" alt=\"chevrolet\" aria-describedby=\"gallery-2-3152\" srcset=\"https:\/\/autofans.com.ar\/wp-content\/uploads\/2023\/06\/foto-5-mont.jpg 1000w, https:\/\/autofans.com.ar\/wp-content\/uploads\/2023\/06\/foto-5-mont-300x200.jpg 300w, https:\/\/autofans.com.ar\/wp-content\/uploads\/2023\/06\/foto-5-mont-768x512.jpg 768w\" sizes=\"auto, (max-width: 1000px) 100vw, 1000px\" loading=\"lazy\" decoding=\"async\" \/><\/a>\n\t\t\t<\/div>\n\t\t\t\t<figcaption class='wp-caption-text gallery-caption' id='gallery-2-3152'>\n\t\t\t\tPickup Montana\n\t\t\t\t<\/figcaption><\/figure>\n\t\t<\/div>\n\n<p>Otra de las grandes atracciones en Agroactiva ser\u00e1 la presentaci\u00f3n anticipada de la Nueva Montana, la primera \u00abSmart Utility Pick Up\u00bb en el mercado argentino. Esta pick-up combina la funcionalidad y robustez de una pickup con el confort y maniobrabilidad de un SUV. Con un dise\u00f1o innovador y una amplia \u00e1rea de carga, la Nueva Montana ofrece una experiencia \u00fanica en su clase. Equipada con un motor 1.2L Turbo de 132 caballos de fuerza y transmisi\u00f3n autom\u00e1tica de 6 velocidades, esta pick-up brinda un excelente rendimiento y eficiencia en cada viaje.<\/p>\n<p>Chevrolet ofrecer\u00e1 atenci\u00f3n comercial especializada en su stand y una emocionante pista de test drive off-road. Donde los visitantes podr\u00e1n experimentar la potencia y versatilidad de los modelos 4&#215;4 en condiciones extremas.<\/p>\n<p>Para obtener m\u00e1s informaci\u00f3n sobre los modelos exhibidos en Agroactiva, precios y equipamiento, visita el sitio web oficial de Chevrolet en <a href=\"http:\/\/www.chevrolet.com.ar\/\" target=\"_new\" rel=\"noopener\">www.chevrolet.com.ar<\/a>.<\/p>\n<p>&nbsp;<\/p>\n<p><i>Para enterarte de m\u00e1s novedades, no dejes de leer\u00a0<\/i><a href=\"https:\/\/autofans.thebrandsoup.com\/\"><i>nuestras notas<\/i><\/a><i>, de ver<\/i><b><i>\u00a0<\/i><\/b><a href=\"https:\/\/www.youtube.com\/channel\/UCgAC8UGHZYbT6P7PpmVnP7g\"><b><i>AUTOFANS TV<\/i><\/b><\/a><b><i>\u00a0<\/i><\/b><i>en nuestro\u00a0canal de Youtube. Adem\u00e1s seguinos en\u00a0<\/i><a href=\"https:\/\/www.instagram.com\/autofanstv\/\"><i>INSTAGRAM<\/i><\/a><i> y <\/i><a href=\"https:\/\/www.facebook.com\/autofansmas\/\"><i>FACEBOOK<\/i><\/a><i> para no perderte nada sobre las novedades del segmento automotor de Argentina y el mundo. <\/i><\/p>\n","protected":false},"excerpt":{"rendered":"<p>Chevrolet, una de las marcas automotrices m\u00e1s destacadas del mundo, se prepara para sorprender en&#8230;<\/p>\n","protected":false},"author":2,"featured_media":3156,"comment_status":"closed","ping_status":"closed","sticky":false,"template":"","format":"standard","meta":{"footnotes":""},"categories":[1,5],"tags":[1527,272,1528,1529,1530],"class_list":["post-3149","post","type-post","status-publish","format-standard","has-post-thumbnail","hentry","category-lanzamientos","category-otros","tag-agroactiva","tag-chevrolet","tag-pickups","tag-smart-utility-pick-up","tag-test-drive-off-road"],"yoast_head":"<!-- This site is optimized with the Yoast SEO plugin v27.5 - https:\/\/yoast.com\/product\/yoast-seo-wordpress\/ -->\n<title>Chevrolet presenta sus nuevas pickups en la Feria Agroactiva -<\/title>\n<meta name=\"description\" content=\"Chevrolet, una de las marcas destacadas del mundo, se prepara para sorprender en la Feria Agroactiva 2023 con emocionantes novedades...\" \/>\n<meta name=\"robots\" content=\"index, follow, max-snippet:-1, max-image-preview:large, max-video-preview:-1\" \/>\n<link rel=\"canonical\" href=\"https:\/\/autofans.com.ar\/index.php\/2023\/06\/12\/chevrolet-presenta-sus-nuevas-pickups-en-la-feria-agroactiva\/\" \/>\n<meta property=\"og:locale\" content=\"es_ES\" \/>\n<meta property=\"og:type\" content=\"article\" \/>\n<meta property=\"og:title\" content=\"Chevrolet presenta sus nuevas pickups en la Feria Agroactiva -\" \/>\n<meta property=\"og:description\" content=\"Chevrolet, una de las marcas destacadas del mundo, se prepara para sorprender en la Feria Agroactiva 2023 con emocionantes novedades...\" \/>\n<meta property=\"og:url\" content=\"https:\/\/autofans.com.ar\/index.php\/2023\/06\/12\/chevrolet-presenta-sus-nuevas-pickups-en-la-feria-agroactiva\/\" \/>\n<meta property=\"article:published_time\" content=\"2023-06-12T14:51:52+00:00\" \/>\n<meta property=\"article:modified_time\" content=\"2023-06-12T15:04:27+00:00\" \/>\n<meta property=\"og:image\" content=\"https:\/\/autofans.com.ar\/wp-content\/uploads\/2023\/06\/foto-1-18.jpg\" \/>\n\t<meta property=\"og:image:width\" content=\"1000\" \/>\n\t<meta property=\"og:image:height\" content=\"667\" \/>\n\t<meta property=\"og:image:type\" content=\"image\/jpeg\" \/>\n<meta name=\"author\" content=\"Alejandro Gabriel Rosito\" \/>\n<meta name=\"twitter:card\" content=\"summary_large_image\" \/>\n<meta name=\"twitter:label1\" content=\"Escrito por\" \/>\n\t<meta name=\"twitter:data1\" content=\"Alejandro Gabriel Rosito\" \/>\n\t<meta name=\"twitter:label2\" content=\"Tiempo de lectura\" \/>\n\t<meta name=\"twitter:data2\" content=\"2 minutos\" \/>\n<script type=\"application\/ld+json\" class=\"yoast-schema-graph\">{\"@context\":\"https:\\\/\\\/schema.org\",\"@graph\":[{\"@type\":\"Article\",\"@id\":\"https:\\\/\\\/autofans.com.ar\\\/index.php\\\/2023\\\/06\\\/12\\\/chevrolet-presenta-sus-nuevas-pickups-en-la-feria-agroactiva\\\/#article\",\"isPartOf\":{\"@id\":\"https:\\\/\\\/autofans.com.ar\\\/index.php\\\/2023\\\/06\\\/12\\\/chevrolet-presenta-sus-nuevas-pickups-en-la-feria-agroactiva\\\/\"},\"author\":{\"name\":\"Alejandro Gabriel Rosito\",\"@id\":\"https:\\\/\\\/autofans.com.ar\\\/#\\\/schema\\\/person\\\/4a8dda0b6df83ac3d6723e921274c2aa\"},\"headline\":\"Chevrolet presenta sus nuevas pickups en la Feria Agroactiva\",\"datePublished\":\"2023-06-12T14:51:52+00:00\",\"dateModified\":\"2023-06-12T15:04:27+00:00\",\"mainEntityOfPage\":{\"@id\":\"https:\\\/\\\/autofans.com.ar\\\/index.php\\\/2023\\\/06\\\/12\\\/chevrolet-presenta-sus-nuevas-pickups-en-la-feria-agroactiva\\\/\"},\"wordCount\":452,\"image\":{\"@id\":\"https:\\\/\\\/autofans.com.ar\\\/index.php\\\/2023\\\/06\\\/12\\\/chevrolet-presenta-sus-nuevas-pickups-en-la-feria-agroactiva\\\/#primaryimage\"},\"thumbnailUrl\":\"https:\\\/\\\/autofans.com.ar\\\/wp-content\\\/uploads\\\/2023\\\/06\\\/foto-1-18.jpg\",\"keywords\":[\"Agroactiva\",\"Chevrolet\",\"pickups\",\"Smart Utility Pick Up\",\"test drive off-road\"],\"articleSection\":[\"LANZAMIENTOS\",\"PICK UPs, UTILITARIOS Y OTROS\"],\"inLanguage\":\"es\"},{\"@type\":\"WebPage\",\"@id\":\"https:\\\/\\\/autofans.com.ar\\\/index.php\\\/2023\\\/06\\\/12\\\/chevrolet-presenta-sus-nuevas-pickups-en-la-feria-agroactiva\\\/\",\"url\":\"https:\\\/\\\/autofans.com.ar\\\/index.php\\\/2023\\\/06\\\/12\\\/chevrolet-presenta-sus-nuevas-pickups-en-la-feria-agroactiva\\\/\",\"name\":\"Chevrolet presenta sus nuevas pickups en la Feria Agroactiva -\",\"isPartOf\":{\"@id\":\"https:\\\/\\\/autofans.com.ar\\\/#website\"},\"primaryImageOfPage\":{\"@id\":\"https:\\\/\\\/autofans.com.ar\\\/index.php\\\/2023\\\/06\\\/12\\\/chevrolet-presenta-sus-nuevas-pickups-en-la-feria-agroactiva\\\/#primaryimage\"},\"image\":{\"@id\":\"https:\\\/\\\/autofans.com.ar\\\/index.php\\\/2023\\\/06\\\/12\\\/chevrolet-presenta-sus-nuevas-pickups-en-la-feria-agroactiva\\\/#primaryimage\"},\"thumbnailUrl\":\"https:\\\/\\\/autofans.com.ar\\\/wp-content\\\/uploads\\\/2023\\\/06\\\/foto-1-18.jpg\",\"datePublished\":\"2023-06-12T14:51:52+00:00\",\"dateModified\":\"2023-06-12T15:04:27+00:00\",\"author\":{\"@id\":\"https:\\\/\\\/autofans.com.ar\\\/#\\\/schema\\\/person\\\/4a8dda0b6df83ac3d6723e921274c2aa\"},\"description\":\"Chevrolet, una de las marcas destacadas del mundo, se prepara para sorprender en la Feria Agroactiva 2023 con emocionantes novedades...\",\"breadcrumb\":{\"@id\":\"https:\\\/\\\/autofans.com.ar\\\/index.php\\\/2023\\\/06\\\/12\\\/chevrolet-presenta-sus-nuevas-pickups-en-la-feria-agroactiva\\\/#breadcrumb\"},\"inLanguage\":\"es\",\"potentialAction\":[{\"@type\":\"ReadAction\",\"target\":[\"https:\\\/\\\/autofans.com.ar\\\/index.php\\\/2023\\\/06\\\/12\\\/chevrolet-presenta-sus-nuevas-pickups-en-la-feria-agroactiva\\\/\"]}]},{\"@type\":\"ImageObject\",\"inLanguage\":\"es\",\"@id\":\"https:\\\/\\\/autofans.com.ar\\\/index.php\\\/2023\\\/06\\\/12\\\/chevrolet-presenta-sus-nuevas-pickups-en-la-feria-agroactiva\\\/#primaryimage\",\"url\":\"https:\\\/\\\/autofans.com.ar\\\/wp-content\\\/uploads\\\/2023\\\/06\\\/foto-1-18.jpg\",\"contentUrl\":\"https:\\\/\\\/autofans.com.ar\\\/wp-content\\\/uploads\\\/2023\\\/06\\\/foto-1-18.jpg\",\"width\":1000,\"height\":667,\"caption\":\"chevrolet\"},{\"@type\":\"BreadcrumbList\",\"@id\":\"https:\\\/\\\/autofans.com.ar\\\/index.php\\\/2023\\\/06\\\/12\\\/chevrolet-presenta-sus-nuevas-pickups-en-la-feria-agroactiva\\\/#breadcrumb\",\"itemListElement\":[{\"@type\":\"ListItem\",\"position\":1,\"name\":\"Inicio\",\"item\":\"https:\\\/\\\/autofans.com.ar\\\/\"},{\"@type\":\"ListItem\",\"position\":2,\"name\":\"Chevrolet presenta sus nuevas pickups en la Feria Agroactiva\"}]},{\"@type\":\"WebSite\",\"@id\":\"https:\\\/\\\/autofans.com.ar\\\/#website\",\"url\":\"https:\\\/\\\/autofans.com.ar\\\/\",\"name\":\"\",\"description\":\"El multimedio referente de la industria automotriz\",\"potentialAction\":[{\"@type\":\"SearchAction\",\"target\":{\"@type\":\"EntryPoint\",\"urlTemplate\":\"https:\\\/\\\/autofans.com.ar\\\/?s={search_term_string}\"},\"query-input\":{\"@type\":\"PropertyValueSpecification\",\"valueRequired\":true,\"valueName\":\"search_term_string\"}}],\"inLanguage\":\"es\"},{\"@type\":\"Person\",\"@id\":\"https:\\\/\\\/autofans.com.ar\\\/#\\\/schema\\\/person\\\/4a8dda0b6df83ac3d6723e921274c2aa\",\"name\":\"Alejandro Gabriel Rosito\",\"image\":{\"@type\":\"ImageObject\",\"inLanguage\":\"es\",\"@id\":\"https:\\\/\\\/secure.gravatar.com\\\/avatar\\\/16c5dda1489adfc62618084dcbb91cffd879c374b13fe5dd8e44ed6733852c88?s=96&d=mm&r=g\",\"url\":\"https:\\\/\\\/secure.gravatar.com\\\/avatar\\\/16c5dda1489adfc62618084dcbb91cffd879c374b13fe5dd8e44ed6733852c88?s=96&d=mm&r=g\",\"contentUrl\":\"https:\\\/\\\/secure.gravatar.com\\\/avatar\\\/16c5dda1489adfc62618084dcbb91cffd879c374b13fe5dd8e44ed6733852c88?s=96&d=mm&r=g\",\"caption\":\"Alejandro Gabriel Rosito\"},\"url\":\"https:\\\/\\\/autofans.com.ar\\\/index.php\\\/author\\\/gabrielr\\\/\"}]}<\/script>\n<!-- \/ Yoast SEO plugin. -->","yoast_head_json":{"title":"Chevrolet presenta sus nuevas pickups en la Feria Agroactiva -","description":"Chevrolet, una de las marcas destacadas del mundo, se prepara para sorprender en la Feria Agroactiva 2023 con emocionantes novedades...","robots":{"index":"index","follow":"follow","max-snippet":"max-snippet:-1","max-image-preview":"max-image-preview:large","max-video-preview":"max-video-preview:-1"},"canonical":"https:\/\/autofans.com.ar\/index.php\/2023\/06\/12\/chevrolet-presenta-sus-nuevas-pickups-en-la-feria-agroactiva\/","og_locale":"es_ES","og_type":"article","og_title":"Chevrolet presenta sus nuevas pickups en la Feria Agroactiva -","og_description":"Chevrolet, una de las marcas destacadas del mundo, se prepara para sorprender en la Feria Agroactiva 2023 con emocionantes novedades...","og_url":"https:\/\/autofans.com.ar\/index.php\/2023\/06\/12\/chevrolet-presenta-sus-nuevas-pickups-en-la-feria-agroactiva\/","article_published_time":"2023-06-12T14:51:52+00:00","article_modified_time":"2023-06-12T15:04:27+00:00","og_image":[{"width":1000,"height":667,"url":"https:\/\/autofans.com.ar\/wp-content\/uploads\/2023\/06\/foto-1-18.jpg","type":"image\/jpeg"}],"author":"Alejandro Gabriel Rosito","twitter_card":"summary_large_image","twitter_misc":{"Escrito por":"Alejandro Gabriel Rosito","Tiempo de lectura":"2 minutos"},"schema":{"@context":"https:\/\/schema.org","@graph":[{"@type":"Article","@id":"https:\/\/autofans.com.ar\/index.php\/2023\/06\/12\/chevrolet-presenta-sus-nuevas-pickups-en-la-feria-agroactiva\/#article","isPartOf":{"@id":"https:\/\/autofans.com.ar\/index.php\/2023\/06\/12\/chevrolet-presenta-sus-nuevas-pickups-en-la-feria-agroactiva\/"},"author":{"name":"Alejandro Gabriel Rosito","@id":"https:\/\/autofans.com.ar\/#\/schema\/person\/4a8dda0b6df83ac3d6723e921274c2aa"},"headline":"Chevrolet presenta sus nuevas pickups en la Feria Agroactiva","datePublished":"2023-06-12T14:51:52+00:00","dateModified":"2023-06-12T15:04:27+00:00","mainEntityOfPage":{"@id":"https:\/\/autofans.com.ar\/index.php\/2023\/06\/12\/chevrolet-presenta-sus-nuevas-pickups-en-la-feria-agroactiva\/"},"wordCount":452,"image":{"@id":"https:\/\/autofans.com.ar\/index.php\/2023\/06\/12\/chevrolet-presenta-sus-nuevas-pickups-en-la-feria-agroactiva\/#primaryimage"},"thumbnailUrl":"https:\/\/autofans.com.ar\/wp-content\/uploads\/2023\/06\/foto-1-18.jpg","keywords":["Agroactiva","Chevrolet","pickups","Smart Utility Pick Up","test drive off-road"],"articleSection":["LANZAMIENTOS","PICK UPs, UTILITARIOS Y OTROS"],"inLanguage":"es"},{"@type":"WebPage","@id":"https:\/\/autofans.com.ar\/index.php\/2023\/06\/12\/chevrolet-presenta-sus-nuevas-pickups-en-la-feria-agroactiva\/","url":"https:\/\/autofans.com.ar\/index.php\/2023\/06\/12\/chevrolet-presenta-sus-nuevas-pickups-en-la-feria-agroactiva\/","name":"Chevrolet presenta sus nuevas pickups en la Feria Agroactiva -","isPartOf":{"@id":"https:\/\/autofans.com.ar\/#website"},"primaryImageOfPage":{"@id":"https:\/\/autofans.com.ar\/index.php\/2023\/06\/12\/chevrolet-presenta-sus-nuevas-pickups-en-la-feria-agroactiva\/#primaryimage"},"image":{"@id":"https:\/\/autofans.com.ar\/index.php\/2023\/06\/12\/chevrolet-presenta-sus-nuevas-pickups-en-la-feria-agroactiva\/#primaryimage"},"thumbnailUrl":"https:\/\/autofans.com.ar\/wp-content\/uploads\/2023\/06\/foto-1-18.jpg","datePublished":"2023-06-12T14:51:52+00:00","dateModified":"2023-06-12T15:04:27+00:00","author":{"@id":"https:\/\/autofans.com.ar\/#\/schema\/person\/4a8dda0b6df83ac3d6723e921274c2aa"},"description":"Chevrolet, una de las marcas destacadas del mundo, se prepara para sorprender en la Feria Agroactiva 2023 con emocionantes novedades...","breadcrumb":{"@id":"https:\/\/autofans.com.ar\/index.php\/2023\/06\/12\/chevrolet-presenta-sus-nuevas-pickups-en-la-feria-agroactiva\/#breadcrumb"},"inLanguage":"es","potentialAction":[{"@type":"ReadAction","target":["https:\/\/autofans.com.ar\/index.php\/2023\/06\/12\/chevrolet-presenta-sus-nuevas-pickups-en-la-feria-agroactiva\/"]}]},{"@type":"ImageObject","inLanguage":"es","@id":"https:\/\/autofans.com.ar\/index.php\/2023\/06\/12\/chevrolet-presenta-sus-nuevas-pickups-en-la-feria-agroactiva\/#primaryimage","url":"https:\/\/autofans.com.ar\/wp-content\/uploads\/2023\/06\/foto-1-18.jpg","contentUrl":"https:\/\/autofans.com.ar\/wp-content\/uploads\/2023\/06\/foto-1-18.jpg","width":1000,"height":667,"caption":"chevrolet"},{"@type":"BreadcrumbList","@id":"https:\/\/autofans.com.ar\/index.php\/2023\/06\/12\/chevrolet-presenta-sus-nuevas-pickups-en-la-feria-agroactiva\/#breadcrumb","itemListElement":[{"@type":"ListItem","position":1,"name":"Inicio","item":"https:\/\/autofans.com.ar\/"},{"@type":"ListItem","position":2,"name":"Chevrolet presenta sus nuevas pickups en la Feria Agroactiva"}]},{"@type":"WebSite","@id":"https:\/\/autofans.com.ar\/#website","url":"https:\/\/autofans.com.ar\/","name":"","description":"El multimedio referente de la industria automotriz","potentialAction":[{"@type":"SearchAction","target":{"@type":"EntryPoint","urlTemplate":"https:\/\/autofans.com.ar\/?s={search_term_string}"},"query-input":{"@type":"PropertyValueSpecification","valueRequired":true,"valueName":"search_term_string"}}],"inLanguage":"es"},{"@type":"Person","@id":"https:\/\/autofans.com.ar\/#\/schema\/person\/4a8dda0b6df83ac3d6723e921274c2aa","name":"Alejandro Gabriel Rosito","image":{"@type":"ImageObject","inLanguage":"es","@id":"https:\/\/secure.gravatar.com\/avatar\/16c5dda1489adfc62618084dcbb91cffd879c374b13fe5dd8e44ed6733852c88?s=96&d=mm&r=g","url":"https:\/\/secure.gravatar.com\/avatar\/16c5dda1489adfc62618084dcbb91cffd879c374b13fe5dd8e44ed6733852c88?s=96&d=mm&r=g","contentUrl":"https:\/\/secure.gravatar.com\/avatar\/16c5dda1489adfc62618084dcbb91cffd879c374b13fe5dd8e44ed6733852c88?s=96&d=mm&r=g","caption":"Alejandro Gabriel Rosito"},"url":"https:\/\/autofans.com.ar\/index.php\/author\/gabrielr\/"}]}},"featured_image_urls":{"full":["https:\/\/autofans.com.ar\/wp-content\/uploads\/2023\/06\/foto-1-18.jpg",1000,667,false],"thumbnail":["https:\/\/autofans.com.ar\/wp-content\/uploads\/2023\/06\/foto-1-18-150x150.jpg",150,150,true],"medium":["https:\/\/autofans.com.ar\/wp-content\/uploads\/2023\/06\/foto-1-18-300x200.jpg",300,200,true],"medium_large":["https:\/\/autofans.com.ar\/wp-content\/uploads\/2023\/06\/foto-1-18-768x512.jpg",640,427,true],"large":["https:\/\/autofans.com.ar\/wp-content\/uploads\/2023\/06\/foto-1-18.jpg",640,427,false],"1536x1536":["https:\/\/autofans.com.ar\/wp-content\/uploads\/2023\/06\/foto-1-18.jpg",1000,667,false],"2048x2048":["https:\/\/autofans.com.ar\/wp-content\/uploads\/2023\/06\/foto-1-18.jpg",1000,667,false],"covernews-featured":["https:\/\/autofans.com.ar\/wp-content\/uploads\/2023\/06\/foto-1-18.jpg",1000,667,false],"covernews-medium":["https:\/\/autofans.com.ar\/wp-content\/uploads\/2023\/06\/foto-1-18-540x340.jpg",540,340,true]},"author_info":{"display_name":"Alejandro Gabriel Rosito","author_link":"https:\/\/autofans.com.ar\/index.php\/author\/gabrielr\/"},"category_info":"<a href=\"https:\/\/autofans.com.ar\/index.php\/category\/lanzamientos\/\" rel=\"category tag\">LANZAMIENTOS<\/a> <a href=\"https:\/\/autofans.com.ar\/index.php\/category\/noticias\/otros\/\" rel=\"category tag\">PICK UPs, UTILITARIOS Y OTROS<\/a>","tag_info":"PICK UPs, UTILITARIOS Y OTROS","comment_count":0,"_links":{"self":[{"href":"https:\/\/autofans.com.ar\/index.php\/wp-json\/wp\/v2\/posts\/3149","targetHints":{"allow":["GET"]}}],"collection":[{"href":"https:\/\/autofans.com.ar\/index.php\/wp-json\/wp\/v2\/posts"}],"about":[{"href":"https:\/\/autofans.com.ar\/index.php\/wp-json\/wp\/v2\/types\/post"}],"author":[{"embeddable":true,"href":"https:\/\/autofans.com.ar\/index.php\/wp-json\/wp\/v2\/users\/2"}],"replies":[{"embeddable":true,"href":"https:\/\/autofans.com.ar\/index.php\/wp-json\/wp\/v2\/comments?post=3149"}],"version-history":[{"count":7,"href":"https:\/\/autofans.com.ar\/index.php\/wp-json\/wp\/v2\/posts\/3149\/revisions"}],"predecessor-version":[{"id":3178,"href":"https:\/\/autofans.com.ar\/index.php\/wp-json\/wp\/v2\/posts\/3149\/revisions\/3178"}],"wp:featuredmedia":[{"embeddable":true,"href":"https:\/\/autofans.com.ar\/index.php\/wp-json\/wp\/v2\/media\/3156"}],"wp:attachment":[{"href":"https:\/\/autofans.com.ar\/index.php\/wp-json\/wp\/v2\/media?parent=3149"}],"wp:term":[{"taxonomy":"category","embeddable":true,"href":"https:\/\/autofans.com.ar\/index.php\/wp-json\/wp\/v2\/categories?post=3149"},{"taxonomy":"post_tag","embeddable":true,"href":"https:\/\/autofans.com.ar\/index.php\/wp-json\/wp\/v2\/tags?post=3149"}],"curies":[{"name":"wp","href":"https:\/\/api.w.org\/{rel}","templated":true}]}}