{"id":3165,"date":"2023-06-12T11:36:00","date_gmt":"2023-06-12T14:36:00","guid":{"rendered":"https:\/\/autofans.com.ar\/?p=3165"},"modified":"2023-06-12T11:36:00","modified_gmt":"2023-06-12T14:36:00","slug":"cobertura-salon-moto-bs-as-parte-2-autofans-tv-10-06-2023","status":"publish","type":"post","link":"https:\/\/autofans.com.ar\/index.php\/2023\/06\/12\/cobertura-salon-moto-bs-as-parte-2-autofans-tv-10-06-2023\/","title":{"rendered":"Cobertura Sal\u00f3n Moto Bs. As. parte 2 \u2013 Autofans TV 10-06-2023"},"content":{"rendered":"<p>Estuvimos cubriendo para nuestro segmento Motofans el Sal\u00f3n Moto de Buenos Aires y en esta segunda y \u00faltima entrega del informe te mostramos m\u00e1s novedades de las diferentes marcas que estubieron presentes exponiendo sus productos y servicios.<\/p>\n<p><center><iframe title=\"Cobertura Sal\u00f3n Moto parte 2 - Autofans TV 10-06-2023\" width=\"640\" height=\"360\" src=\"https:\/\/www.youtube.com\/embed\/8jAG7tFexBA?feature=oembed\" frameborder=\"0\" allow=\"accelerometer; autoplay; clipboard-write; encrypted-media; gyroscope; picture-in-picture; web-share\" referrerpolicy=\"strict-origin-when-cross-origin\" allowfullscreen><\/iframe><\/p>\n<p style=\"text-align: left;\">Para volver a ver esta emisi\u00f3n, nuestros pr\u00f3ximos lives, streamings y mucho m\u00e1s contenido, suscribite a nuestro canal de YouTube y toc\u00e1 la campanita para recibir notificaciones de nuestras nuevas publicaciones.<\/p>\n<p style=\"text-align: left;\"><i>Para enterarte de m\u00e1s novedades, no dejes de leer\u00a0<\/i><a href=\"https:\/\/autofans.thebrandsoup.com\/\"><i>nuestras notas<\/i><\/a><i>, de ver<\/i><b><i>\u00a0<\/i><\/b><a href=\"https:\/\/www.youtube.com\/channel\/UCgAC8UGHZYbT6P7PpmVnP7g\"><b><i>AUTOFANS TV<\/i><\/b><\/a><b><i>\u00a0<\/i><\/b><i>en nuestro\u00a0canal de Youtube. Adem\u00e1s seguinos en\u00a0<\/i><a href=\"https:\/\/www.instagram.com\/autofanstv\/\"><i>INSTAGRAM<\/i><\/a><i>\u00a0y\u00a0<\/i><a href=\"https:\/\/www.facebook.com\/autofansmas\/\"><i>FACEBOOK<\/i><\/a><i>\u00a0para no perderte nada sobre las novedades del segmento automotor de Argentina y el mundo.<\/i><\/p>\n<p><\/center><\/p>\n","protected":false},"excerpt":{"rendered":"<p>Estuvimos cubriendo para nuestro segmento Motofans el Sal\u00f3n Moto de Buenos Aires y en esta&#8230;<\/p>\n","protected":false},"author":1,"featured_media":0,"comment_status":"closed","ping_status":"closed","sticky":false,"template":"","format":"standard","meta":{"footnotes":""},"categories":[1026],"tags":[79,89,1366,1053,1377,60,1531,93],"class_list":["post-3165","post","type-post","status-publish","format-standard","hentry","category-motofans-tv-2023","tag-autofans-tv","tag-cobertura","tag-entrevistas","tag-marcas","tag-motofans-tv","tag-motos","tag-mundo-motos","tag-salon-moto-2023"],"yoast_head":"<!-- This site is optimized with the Yoast SEO plugin v27.5 - https:\/\/yoast.com\/product\/yoast-seo-wordpress\/ -->\n<title>Cobertura Sal\u00f3n Moto Bs. As. parte 2 \u2013 Autofans TV 10-06-2023 -<\/title>\n<meta name=\"description\" content=\"Estuvimos cubriendo para nuestro segmento Motofans el Sal\u00f3n Moto de Buenos Aires y en esta segunda y \u00faltima entrega del informe...\" \/>\n<meta name=\"robots\" content=\"index, follow, max-snippet:-1, max-image-preview:large, max-video-preview:-1\" \/>\n<link rel=\"canonical\" href=\"https:\/\/autofans.com.ar\/index.php\/2023\/06\/12\/cobertura-salon-moto-bs-as-parte-2-autofans-tv-10-06-2023\/\" \/>\n<meta property=\"og:locale\" content=\"es_ES\" \/>\n<meta property=\"og:type\" content=\"article\" \/>\n<meta property=\"og:title\" content=\"Cobertura Sal\u00f3n Moto Bs. As. parte 2 \u2013 Autofans TV 10-06-2023 -\" \/>\n<meta property=\"og:description\" content=\"Estuvimos cubriendo para nuestro segmento Motofans el Sal\u00f3n Moto de Buenos Aires y en esta segunda y \u00faltima entrega del informe...\" \/>\n<meta property=\"og:url\" content=\"https:\/\/autofans.com.ar\/index.php\/2023\/06\/12\/cobertura-salon-moto-bs-as-parte-2-autofans-tv-10-06-2023\/\" \/>\n<meta property=\"article:published_time\" content=\"2023-06-12T14:36:00+00:00\" \/>\n<meta name=\"author\" content=\"AleCAF\" \/>\n<meta name=\"twitter:card\" content=\"summary_large_image\" \/>\n<meta name=\"twitter:label1\" content=\"Escrito por\" \/>\n\t<meta name=\"twitter:data1\" content=\"AleCAF\" \/>\n\t<meta name=\"twitter:label2\" content=\"Tiempo de lectura\" \/>\n\t<meta name=\"twitter:data2\" content=\"1 minuto\" \/>\n<script type=\"application\/ld+json\" class=\"yoast-schema-graph\">{\"@context\":\"https:\\\/\\\/schema.org\",\"@graph\":[{\"@type\":\"Article\",\"@id\":\"https:\\\/\\\/autofans.com.ar\\\/index.php\\\/2023\\\/06\\\/12\\\/cobertura-salon-moto-bs-as-parte-2-autofans-tv-10-06-2023\\\/#article\",\"isPartOf\":{\"@id\":\"https:\\\/\\\/autofans.com.ar\\\/index.php\\\/2023\\\/06\\\/12\\\/cobertura-salon-moto-bs-as-parte-2-autofans-tv-10-06-2023\\\/\"},\"author\":{\"name\":\"AleCAF\",\"@id\":\"https:\\\/\\\/autofans.com.ar\\\/#\\\/schema\\\/person\\\/4f260a29da3cfebb7f29121591a73481\"},\"headline\":\"Cobertura Sal\u00f3n Moto Bs. As. parte 2 \u2013 Autofans TV 10-06-2023\",\"datePublished\":\"2023-06-12T14:36:00+00:00\",\"mainEntityOfPage\":{\"@id\":\"https:\\\/\\\/autofans.com.ar\\\/index.php\\\/2023\\\/06\\\/12\\\/cobertura-salon-moto-bs-as-parte-2-autofans-tv-10-06-2023\\\/\"},\"wordCount\":134,\"keywords\":[\"AutoFans TV\",\"Cobertura\",\"Entrevistas\",\"marcas\",\"Motofans TV\",\"Motos\",\"Mundo motos\",\"Salon Moto 2023\"],\"articleSection\":[\"Motofans TV 2023\"],\"inLanguage\":\"es\"},{\"@type\":\"WebPage\",\"@id\":\"https:\\\/\\\/autofans.com.ar\\\/index.php\\\/2023\\\/06\\\/12\\\/cobertura-salon-moto-bs-as-parte-2-autofans-tv-10-06-2023\\\/\",\"url\":\"https:\\\/\\\/autofans.com.ar\\\/index.php\\\/2023\\\/06\\\/12\\\/cobertura-salon-moto-bs-as-parte-2-autofans-tv-10-06-2023\\\/\",\"name\":\"Cobertura Sal\u00f3n Moto Bs. As. parte 2 \u2013 Autofans TV 10-06-2023 -\",\"isPartOf\":{\"@id\":\"https:\\\/\\\/autofans.com.ar\\\/#website\"},\"datePublished\":\"2023-06-12T14:36:00+00:00\",\"author\":{\"@id\":\"https:\\\/\\\/autofans.com.ar\\\/#\\\/schema\\\/person\\\/4f260a29da3cfebb7f29121591a73481\"},\"description\":\"Estuvimos cubriendo para nuestro segmento Motofans el Sal\u00f3n Moto de Buenos Aires y en esta segunda y \u00faltima entrega del informe...\",\"breadcrumb\":{\"@id\":\"https:\\\/\\\/autofans.com.ar\\\/index.php\\\/2023\\\/06\\\/12\\\/cobertura-salon-moto-bs-as-parte-2-autofans-tv-10-06-2023\\\/#breadcrumb\"},\"inLanguage\":\"es\",\"potentialAction\":[{\"@type\":\"ReadAction\",\"target\":[\"https:\\\/\\\/autofans.com.ar\\\/index.php\\\/2023\\\/06\\\/12\\\/cobertura-salon-moto-bs-as-parte-2-autofans-tv-10-06-2023\\\/\"]}]},{\"@type\":\"BreadcrumbList\",\"@id\":\"https:\\\/\\\/autofans.com.ar\\\/index.php\\\/2023\\\/06\\\/12\\\/cobertura-salon-moto-bs-as-parte-2-autofans-tv-10-06-2023\\\/#breadcrumb\",\"itemListElement\":[{\"@type\":\"ListItem\",\"position\":1,\"name\":\"Inicio\",\"item\":\"https:\\\/\\\/autofans.com.ar\\\/\"},{\"@type\":\"ListItem\",\"position\":2,\"name\":\"Cobertura Sal\u00f3n Moto Bs. As. parte 2 \u2013 Autofans TV 10-06-2023\"}]},{\"@type\":\"WebSite\",\"@id\":\"https:\\\/\\\/autofans.com.ar\\\/#website\",\"url\":\"https:\\\/\\\/autofans.com.ar\\\/\",\"name\":\"\",\"description\":\"El multimedio referente de la industria automotriz\",\"potentialAction\":[{\"@type\":\"SearchAction\",\"target\":{\"@type\":\"EntryPoint\",\"urlTemplate\":\"https:\\\/\\\/autofans.com.ar\\\/?s={search_term_string}\"},\"query-input\":{\"@type\":\"PropertyValueSpecification\",\"valueRequired\":true,\"valueName\":\"search_term_string\"}}],\"inLanguage\":\"es\"},{\"@type\":\"Person\",\"@id\":\"https:\\\/\\\/autofans.com.ar\\\/#\\\/schema\\\/person\\\/4f260a29da3cfebb7f29121591a73481\",\"name\":\"AleCAF\",\"image\":{\"@type\":\"ImageObject\",\"inLanguage\":\"es\",\"@id\":\"https:\\\/\\\/secure.gravatar.com\\\/avatar\\\/959b1ac26ee9dfc67318763f0a21a739fce256ee110a46fe86a2957f5568f27e?s=96&d=mm&r=g\",\"url\":\"https:\\\/\\\/secure.gravatar.com\\\/avatar\\\/959b1ac26ee9dfc67318763f0a21a739fce256ee110a46fe86a2957f5568f27e?s=96&d=mm&r=g\",\"contentUrl\":\"https:\\\/\\\/secure.gravatar.com\\\/avatar\\\/959b1ac26ee9dfc67318763f0a21a739fce256ee110a46fe86a2957f5568f27e?s=96&d=mm&r=g\",\"caption\":\"AleCAF\"},\"description\":\"Se trata del sitio web del multimedio Autofans, dedicado a informar las novedades y tendencias del segmento automotor nacional e internacional. El multimedio est\u00e1 conformado por Autofans web, Autofans TV (Programa), Youtube, Intagram y Facebook\",\"sameAs\":[\"https:\\\/\\\/autofans.com.ar\"],\"url\":\"https:\\\/\\\/autofans.com.ar\\\/index.php\\\/author\\\/alecampolieto\\\/\"}]}<\/script>\n<!-- \/ Yoast SEO plugin. -->","yoast_head_json":{"title":"Cobertura Sal\u00f3n Moto Bs. As. parte 2 \u2013 Autofans TV 10-06-2023 -","description":"Estuvimos cubriendo para nuestro segmento Motofans el Sal\u00f3n Moto de Buenos Aires y en esta segunda y \u00faltima entrega del informe...","robots":{"index":"index","follow":"follow","max-snippet":"max-snippet:-1","max-image-preview":"max-image-preview:large","max-video-preview":"max-video-preview:-1"},"canonical":"https:\/\/autofans.com.ar\/index.php\/2023\/06\/12\/cobertura-salon-moto-bs-as-parte-2-autofans-tv-10-06-2023\/","og_locale":"es_ES","og_type":"article","og_title":"Cobertura Sal\u00f3n Moto Bs. As. parte 2 \u2013 Autofans TV 10-06-2023 -","og_description":"Estuvimos cubriendo para nuestro segmento Motofans el Sal\u00f3n Moto de Buenos Aires y en esta segunda y \u00faltima entrega del informe...","og_url":"https:\/\/autofans.com.ar\/index.php\/2023\/06\/12\/cobertura-salon-moto-bs-as-parte-2-autofans-tv-10-06-2023\/","article_published_time":"2023-06-12T14:36:00+00:00","author":"AleCAF","twitter_card":"summary_large_image","twitter_misc":{"Escrito por":"AleCAF","Tiempo de lectura":"1 minuto"},"schema":{"@context":"https:\/\/schema.org","@graph":[{"@type":"Article","@id":"https:\/\/autofans.com.ar\/index.php\/2023\/06\/12\/cobertura-salon-moto-bs-as-parte-2-autofans-tv-10-06-2023\/#article","isPartOf":{"@id":"https:\/\/autofans.com.ar\/index.php\/2023\/06\/12\/cobertura-salon-moto-bs-as-parte-2-autofans-tv-10-06-2023\/"},"author":{"name":"AleCAF","@id":"https:\/\/autofans.com.ar\/#\/schema\/person\/4f260a29da3cfebb7f29121591a73481"},"headline":"Cobertura Sal\u00f3n Moto Bs. As. parte 2 \u2013 Autofans TV 10-06-2023","datePublished":"2023-06-12T14:36:00+00:00","mainEntityOfPage":{"@id":"https:\/\/autofans.com.ar\/index.php\/2023\/06\/12\/cobertura-salon-moto-bs-as-parte-2-autofans-tv-10-06-2023\/"},"wordCount":134,"keywords":["AutoFans TV","Cobertura","Entrevistas","marcas","Motofans TV","Motos","Mundo motos","Salon Moto 2023"],"articleSection":["Motofans TV 2023"],"inLanguage":"es"},{"@type":"WebPage","@id":"https:\/\/autofans.com.ar\/index.php\/2023\/06\/12\/cobertura-salon-moto-bs-as-parte-2-autofans-tv-10-06-2023\/","url":"https:\/\/autofans.com.ar\/index.php\/2023\/06\/12\/cobertura-salon-moto-bs-as-parte-2-autofans-tv-10-06-2023\/","name":"Cobertura Sal\u00f3n Moto Bs. As. parte 2 \u2013 Autofans TV 10-06-2023 -","isPartOf":{"@id":"https:\/\/autofans.com.ar\/#website"},"datePublished":"2023-06-12T14:36:00+00:00","author":{"@id":"https:\/\/autofans.com.ar\/#\/schema\/person\/4f260a29da3cfebb7f29121591a73481"},"description":"Estuvimos cubriendo para nuestro segmento Motofans el Sal\u00f3n Moto de Buenos Aires y en esta segunda y \u00faltima entrega del informe...","breadcrumb":{"@id":"https:\/\/autofans.com.ar\/index.php\/2023\/06\/12\/cobertura-salon-moto-bs-as-parte-2-autofans-tv-10-06-2023\/#breadcrumb"},"inLanguage":"es","potentialAction":[{"@type":"ReadAction","target":["https:\/\/autofans.com.ar\/index.php\/2023\/06\/12\/cobertura-salon-moto-bs-as-parte-2-autofans-tv-10-06-2023\/"]}]},{"@type":"BreadcrumbList","@id":"https:\/\/autofans.com.ar\/index.php\/2023\/06\/12\/cobertura-salon-moto-bs-as-parte-2-autofans-tv-10-06-2023\/#breadcrumb","itemListElement":[{"@type":"ListItem","position":1,"name":"Inicio","item":"https:\/\/autofans.com.ar\/"},{"@type":"ListItem","position":2,"name":"Cobertura Sal\u00f3n Moto Bs. As. parte 2 \u2013 Autofans TV 10-06-2023"}]},{"@type":"WebSite","@id":"https:\/\/autofans.com.ar\/#website","url":"https:\/\/autofans.com.ar\/","name":"","description":"El multimedio referente de la industria automotriz","potentialAction":[{"@type":"SearchAction","target":{"@type":"EntryPoint","urlTemplate":"https:\/\/autofans.com.ar\/?s={search_term_string}"},"query-input":{"@type":"PropertyValueSpecification","valueRequired":true,"valueName":"search_term_string"}}],"inLanguage":"es"},{"@type":"Person","@id":"https:\/\/autofans.com.ar\/#\/schema\/person\/4f260a29da3cfebb7f29121591a73481","name":"AleCAF","image":{"@type":"ImageObject","inLanguage":"es","@id":"https:\/\/secure.gravatar.com\/avatar\/959b1ac26ee9dfc67318763f0a21a739fce256ee110a46fe86a2957f5568f27e?s=96&d=mm&r=g","url":"https:\/\/secure.gravatar.com\/avatar\/959b1ac26ee9dfc67318763f0a21a739fce256ee110a46fe86a2957f5568f27e?s=96&d=mm&r=g","contentUrl":"https:\/\/secure.gravatar.com\/avatar\/959b1ac26ee9dfc67318763f0a21a739fce256ee110a46fe86a2957f5568f27e?s=96&d=mm&r=g","caption":"AleCAF"},"description":"Se trata del sitio web del multimedio Autofans, dedicado a informar las novedades y tendencias del segmento automotor nacional e internacional. El multimedio est\u00e1 conformado por Autofans web, Autofans TV (Programa), Youtube, Intagram y Facebook","sameAs":["https:\/\/autofans.com.ar"],"url":"https:\/\/autofans.com.ar\/index.php\/author\/alecampolieto\/"}]}},"featured_image_urls":{"full":"","thumbnail":"","medium":"","medium_large":"","large":"","1536x1536":"","2048x2048":"","covernews-featured":"","covernews-medium":""},"author_info":{"display_name":"AleCAF","author_link":"https:\/\/autofans.com.ar\/index.php\/author\/alecampolieto\/"},"category_info":"<a href=\"https:\/\/autofans.com.ar\/index.php\/category\/autofans-tv\/programas-2023\/motofans-tv-2023\/\" rel=\"category tag\">Motofans TV 2023<\/a>","tag_info":"Motofans TV 2023","comment_count":0,"_links":{"self":[{"href":"https:\/\/autofans.com.ar\/index.php\/wp-json\/wp\/v2\/posts\/3165","targetHints":{"allow":["GET"]}}],"collection":[{"href":"https:\/\/autofans.com.ar\/index.php\/wp-json\/wp\/v2\/posts"}],"about":[{"href":"https:\/\/autofans.com.ar\/index.php\/wp-json\/wp\/v2\/types\/post"}],"author":[{"embeddable":true,"href":"https:\/\/autofans.com.ar\/index.php\/wp-json\/wp\/v2\/users\/1"}],"replies":[{"embeddable":true,"href":"https:\/\/autofans.com.ar\/index.php\/wp-json\/wp\/v2\/comments?post=3165"}],"version-history":[{"count":1,"href":"https:\/\/autofans.com.ar\/index.php\/wp-json\/wp\/v2\/posts\/3165\/revisions"}],"predecessor-version":[{"id":3174,"href":"https:\/\/autofans.com.ar\/index.php\/wp-json\/wp\/v2\/posts\/3165\/revisions\/3174"}],"wp:attachment":[{"href":"https:\/\/autofans.com.ar\/index.php\/wp-json\/wp\/v2\/media?parent=3165"}],"wp:term":[{"taxonomy":"category","embeddable":true,"href":"https:\/\/autofans.com.ar\/index.php\/wp-json\/wp\/v2\/categories?post=3165"},{"taxonomy":"post_tag","embeddable":true,"href":"https:\/\/autofans.com.ar\/index.php\/wp-json\/wp\/v2\/tags?post=3165"}],"curies":[{"name":"wp","href":"https:\/\/api.w.org\/{rel}","templated":true}]}}