{"id":3198,"date":"2023-06-13T12:49:24","date_gmt":"2023-06-13T15:49:24","guid":{"rendered":"https:\/\/autofans.com.ar\/?p=3198"},"modified":"2023-06-13T12:49:24","modified_gmt":"2023-06-13T15:49:24","slug":"mercedes-benz-camiones-y-buses-destaca-su-potencia-en-agroactiva-2023","status":"publish","type":"post","link":"https:\/\/autofans.com.ar\/index.php\/2023\/06\/13\/mercedes-benz-camiones-y-buses-destaca-su-potencia-en-agroactiva-2023\/","title":{"rendered":"Mercedes-Benz Camiones y Buses destaca su potencia en AgroActiva 2023"},"content":{"rendered":"<p>En el marco de la vigesimonovena edici\u00f3n de AgroActiva, Mercedes-Benz Camiones y Buses, una reconocida marca del segmento automotor, se hace presente en el predio ferial de Armstrong, Santa Fe. Del 7 al 10 de junio, la compa\u00f1\u00eda exhibe sus camiones de producci\u00f3n nacional y sus servicios, consolidando su compromiso con el desarrollo de la producci\u00f3n agropecuaria y sus necesidades.<\/p>\n<p>&nbsp;<\/p>\n<div id='gallery-1' class='gallery galleryid-3198 gallery-columns-2 gallery-size-full'><figure class='gallery-item'>\n\t\t\t<div class='gallery-icon landscape'>\n\t\t\t\t<a href='https:\/\/autofans.com.ar\/index.php\/2023\/06\/13\/mercedes-benz-camiones-y-buses-destaca-su-potencia-en-agroactiva-2023\/foto-7-22\/'><img loading=\"lazy\" width=\"1000\" height=\"667\" src=\"https:\/\/autofans.com.ar\/wp-content\/uploads\/2023\/06\/foto-7.jpg\" class=\"attachment-full size-full\" alt=\"mercedes\" srcset=\"https:\/\/autofans.com.ar\/wp-content\/uploads\/2023\/06\/foto-7.jpg 1000w, https:\/\/autofans.com.ar\/wp-content\/uploads\/2023\/06\/foto-7-300x200.jpg 300w, https:\/\/autofans.com.ar\/wp-content\/uploads\/2023\/06\/foto-7-768x512.jpg 768w\" sizes=\"auto, (max-width: 1000px) 100vw, 1000px\" loading=\"lazy\" decoding=\"async\" \/><\/a>\n\t\t\t<\/div><\/figure><figure class='gallery-item'>\n\t\t\t<div class='gallery-icon landscape'>\n\t\t\t\t<a href='https:\/\/autofans.com.ar\/index.php\/2023\/06\/13\/mercedes-benz-camiones-y-buses-destaca-su-potencia-en-agroactiva-2023\/foto-6-38\/'><img loading=\"lazy\" width=\"1000\" height=\"667\" src=\"https:\/\/autofans.com.ar\/wp-content\/uploads\/2023\/06\/foto-6.jpg\" class=\"attachment-full size-full\" alt=\"mercedes\" srcset=\"https:\/\/autofans.com.ar\/wp-content\/uploads\/2023\/06\/foto-6.jpg 1000w, https:\/\/autofans.com.ar\/wp-content\/uploads\/2023\/06\/foto-6-300x200.jpg 300w, https:\/\/autofans.com.ar\/wp-content\/uploads\/2023\/06\/foto-6-768x512.jpg 768w\" sizes=\"auto, (max-width: 1000px) 100vw, 1000px\" loading=\"lazy\" decoding=\"async\" \/><\/a>\n\t\t\t<\/div><\/figure>\n\t\t<\/div>\n\n<p>En su stand interactivo, Mercedes-Benz presenta sus productos estrella: los camiones Atego y Accelo. Adem\u00e1s de las novedades de su campa\u00f1a Kil\u00f3metro a Kil\u00f3metro, centrada en el servicio de posventa. Esta campa\u00f1a acompa\u00f1a a los clientes en todas las etapas de vida del veh\u00edculo, desde la adquisici\u00f3n hasta el mantenimiento, repuestos, financiaci\u00f3n y compra de camiones usados como parte de pago.<\/p>\n<blockquote>\n<p style=\"text-align: center;\">\u00abAgroActiva representa para nosotros una instancia de intercambio con los diferentes actores del sector agropecuario, donde podemos compartir y dar a conocer innovaciones tecnol\u00f3gicas y todas las novedades del mercado\u00bb, destaca Gonzalo Rodi\u00f1o, Gerente de Relaciones Institucionales de Mercedes-Benz Camiones y Buses.<\/p>\n<\/blockquote>\n<p><img fetchpriority=\"high\" decoding=\"async\" class=\"aligncenter wp-image-3203 size-full\" src=\"https:\/\/autofans.com.ar\/wp-content\/uploads\/2023\/06\/foto-5-1.jpg\" alt=\"mercedes\" width=\"1000\" height=\"667\" srcset=\"https:\/\/autofans.com.ar\/wp-content\/uploads\/2023\/06\/foto-5-1.jpg 1000w, https:\/\/autofans.com.ar\/wp-content\/uploads\/2023\/06\/foto-5-1-300x200.jpg 300w, https:\/\/autofans.com.ar\/wp-content\/uploads\/2023\/06\/foto-5-1-768x512.jpg 768w\" sizes=\"(max-width: 1000px) 100vw, 1000px\" \/><\/p>\n<p>Entre los destacados de la exhibici\u00f3n se encuentran los camiones Atego 1729\/42 y Atego 1729 S\/36, de producci\u00f3n nacional. Estos veh\u00edculos cuentan con una potencia de 286CV y una transmisi\u00f3n automatizada de 12 velocidades Mercedes-Benz PowerShift G 211, que brinda mayor confort y seguridad al conductor. Adem\u00e1s, su eje tractor de velocidad simple HL4 permite reducir el consumo de combustible. Estos camiones son ideales para tareas agr\u00edcolas, transporte de granos, ganado y maquinaria especializada.<\/p>\n<p>&nbsp;<\/p>\n<p><img decoding=\"async\" class=\"aligncenter wp-image-3200 size-full\" src=\"https:\/\/autofans.com.ar\/wp-content\/uploads\/2023\/06\/foto-3-11.jpg\" alt=\"mercedes\" width=\"1000\" height=\"667\" srcset=\"https:\/\/autofans.com.ar\/wp-content\/uploads\/2023\/06\/foto-3-11.jpg 1000w, https:\/\/autofans.com.ar\/wp-content\/uploads\/2023\/06\/foto-3-11-300x200.jpg 300w, https:\/\/autofans.com.ar\/wp-content\/uploads\/2023\/06\/foto-3-11-768x512.jpg 768w\" sizes=\"(max-width: 1000px) 100vw, 1000px\" \/><\/p>\n<p>Otro veh\u00edculo destacado es el Actros 2545 LS, un cami\u00f3n pesado con gran seguridad, eficiencia y confort. Puede transportar equipos escalables de hasta 55,5 toneladas de Peso Bruto Total y bitrenes de 60 toneladas de Peso Bruto Total Combinado. Ofreciendo a los clientes del agro la posibilidad de trasladar grandes cargas hacia su destino final.<\/p>\n<p>Adem\u00e1s de la exhibici\u00f3n de veh\u00edculos, Mercedes-Benz Camiones y Buses ofrece servicios integrales a trav\u00e9s de SelecTrucks. Una unidad de negocios dedicada a la compra y venta de camiones usados de todas las marcas. En la sede de SelecTrucks, ubicada en la zona norte de la Provincia de Buenos Aires, se realizan reparaciones y acondicionamientos de veh\u00edculos, ofreciendo garant\u00eda oficial de la marca.<\/p>\n<p>&nbsp;<\/p>\n<p><img decoding=\"async\" class=\"aligncenter wp-image-3199 size-full\" src=\"https:\/\/autofans.com.ar\/wp-content\/uploads\/2023\/06\/foto-4-7.jpg\" alt=\"mercedes\" width=\"1000\" height=\"667\" srcset=\"https:\/\/autofans.com.ar\/wp-content\/uploads\/2023\/06\/foto-4-7.jpg 1000w, https:\/\/autofans.com.ar\/wp-content\/uploads\/2023\/06\/foto-4-7-300x200.jpg 300w, https:\/\/autofans.com.ar\/wp-content\/uploads\/2023\/06\/foto-4-7-768x512.jpg 768w\" sizes=\"(max-width: 1000px) 100vw, 1000px\" \/><\/p>\n<p>Mercedes-Benz Compa\u00f1\u00eda Financiera, por su parte, tambi\u00e9n se hace presente en AgroActiva con su producto AgroFlex, un plan de financiaci\u00f3n exclusivo para el sector agropecuario. AgroFlex tiene como objetivo adaptar la cuota de capital a la liquidaci\u00f3n de la cosecha de cada cliente, brindando flexibilidad y opciones financieras a medida.<\/p>\n<p>En cuanto a la sustentabilidad, Mercedes-Benz Camiones y Buses enfoca su estrategia global siguiendo los lineamientos propuestos por AgroActiva. Bajo la campa\u00f1a \u00abSomos Parte del Cambio\u00bb, la compa\u00f1\u00eda promueve la concientizaci\u00f3n ambiental. La restauraci\u00f3n de bosques nativos en la ecorregi\u00f3n selv\u00e1tica subtropical andina del noroeste argentino, en colaboraci\u00f3n con la organizaci\u00f3n civil <a href=\"https:\/\/www.seamosbosques.com.ar\" target=\"_blank\" rel=\"noopener\">\u00abSeamos Bosques\u00bb<\/a>. Por cada cami\u00f3n o bus comercializado en 2023, se planta un \u00e1rbol nativo en la selva tucumano-oranense. Desde 2022 hasta la actualidad, se han plantado 8881 \u00e1rboles nativos.<\/p>\n<p>Mercedes-Benz Camiones y Buses, en su rol como subsidiaria local de Daimler Truck AG, invita a todos los integrantes de la cadena de valor agr\u00edcola, ganadera e industrial a conocer las iniciativas destacadas para este a\u00f1o. La presencia en AgroActiva fortalece el compromiso constante de la compa\u00f1\u00eda de estar cerca de sus clientes. Ofreciendo soluciones integrales y tecnol\u00f3gicas que se adaptan a las necesidades del sector.<\/p>\n<p>&nbsp;<\/p>\n<p><i>Para enterarte de m\u00e1s novedades, no dejes de leer\u00a0<\/i><a href=\"https:\/\/autofans.thebrandsoup.com\/\"><i>nuestras notas<\/i><\/a><i>, de ver<\/i><b><i>\u00a0<\/i><\/b><a href=\"https:\/\/www.youtube.com\/channel\/UCgAC8UGHZYbT6P7PpmVnP7g\"><b><i>AUTOFANS TV<\/i><\/b><\/a><b><i>\u00a0<\/i><\/b><i>en nuestro\u00a0canal de Youtube. Adem\u00e1s seguinos en\u00a0<\/i><a href=\"https:\/\/www.instagram.com\/autofanstv\/\"><i>INSTAGRAM<\/i><\/a><i> y <\/i><a href=\"https:\/\/www.facebook.com\/autofansmas\/\"><i>FACEBOOK<\/i><\/a><i> para no perderte nada sobre las novedades del segmento automotor de Argentina y el mundo. <\/i><\/p>\n","protected":false},"excerpt":{"rendered":"<p>En el marco de la vigesimonovena edici\u00f3n de AgroActiva, Mercedes-Benz Camiones y Buses, una reconocida&#8230;<\/p>\n","protected":false},"author":2,"featured_media":3202,"comment_status":"closed","ping_status":"closed","sticky":false,"template":"","format":"standard","meta":{"footnotes":""},"categories":[16,5],"tags":[1527,657,1548,364,169,1549,1547,513,797],"class_list":["post-3198","post","type-post","status-publish","format-standard","has-post-thumbnail","hentry","category-noticias","category-otros","tag-agroactiva","tag-camiones","tag-financiacion","tag-mercedes-benz","tag-sector-agropecuario","tag-selectruck","tag-servicios-posventa","tag-sustentabilidad","tag-transporte-de-carga"],"yoast_head":"<!-- This site is optimized with the Yoast SEO plugin v27.5 - https:\/\/yoast.com\/product\/yoast-seo-wordpress\/ -->\n<title>Mercedes-Benz Camiones y Buses destaca su potencia en AgroActiva 2023 -<\/title>\n<meta name=\"description\" content=\"En el marco de la vigesimonovena edici\u00f3n de AgroActiva, Mercedes-Benz Camiones y Buses, se hace presente en el predio ferial de Armstrong...\" \/>\n<meta name=\"robots\" content=\"index, follow, max-snippet:-1, max-image-preview:large, max-video-preview:-1\" \/>\n<link rel=\"canonical\" href=\"https:\/\/autofans.com.ar\/index.php\/2023\/06\/13\/mercedes-benz-camiones-y-buses-destaca-su-potencia-en-agroactiva-2023\/\" \/>\n<meta property=\"og:locale\" content=\"es_ES\" \/>\n<meta property=\"og:type\" content=\"article\" \/>\n<meta property=\"og:title\" content=\"Mercedes-Benz Camiones y Buses destaca su potencia en AgroActiva 2023 -\" \/>\n<meta property=\"og:description\" content=\"En el marco de la vigesimonovena edici\u00f3n de AgroActiva, Mercedes-Benz Camiones y Buses, se hace presente en el predio ferial de Armstrong...\" \/>\n<meta property=\"og:url\" content=\"https:\/\/autofans.com.ar\/index.php\/2023\/06\/13\/mercedes-benz-camiones-y-buses-destaca-su-potencia-en-agroactiva-2023\/\" \/>\n<meta property=\"article:published_time\" content=\"2023-06-13T15:49:24+00:00\" \/>\n<meta property=\"og:image\" content=\"https:\/\/autofans.com.ar\/wp-content\/uploads\/2023\/06\/foto-1-21.jpg\" \/>\n\t<meta property=\"og:image:width\" content=\"1000\" \/>\n\t<meta property=\"og:image:height\" content=\"667\" \/>\n\t<meta property=\"og:image:type\" content=\"image\/jpeg\" \/>\n<meta name=\"author\" content=\"Alejandro Gabriel Rosito\" \/>\n<meta name=\"twitter:card\" content=\"summary_large_image\" \/>\n<meta name=\"twitter:label1\" content=\"Escrito por\" \/>\n\t<meta name=\"twitter:data1\" content=\"Alejandro Gabriel Rosito\" \/>\n\t<meta name=\"twitter:label2\" content=\"Tiempo de lectura\" \/>\n\t<meta name=\"twitter:data2\" content=\"4 minutos\" \/>\n<script type=\"application\/ld+json\" class=\"yoast-schema-graph\">{\"@context\":\"https:\\\/\\\/schema.org\",\"@graph\":[{\"@type\":\"Article\",\"@id\":\"https:\\\/\\\/autofans.com.ar\\\/index.php\\\/2023\\\/06\\\/13\\\/mercedes-benz-camiones-y-buses-destaca-su-potencia-en-agroactiva-2023\\\/#article\",\"isPartOf\":{\"@id\":\"https:\\\/\\\/autofans.com.ar\\\/index.php\\\/2023\\\/06\\\/13\\\/mercedes-benz-camiones-y-buses-destaca-su-potencia-en-agroactiva-2023\\\/\"},\"author\":{\"name\":\"Alejandro Gabriel Rosito\",\"@id\":\"https:\\\/\\\/autofans.com.ar\\\/#\\\/schema\\\/person\\\/4a8dda0b6df83ac3d6723e921274c2aa\"},\"headline\":\"Mercedes-Benz Camiones y Buses destaca su potencia en AgroActiva 2023\",\"datePublished\":\"2023-06-13T15:49:24+00:00\",\"mainEntityOfPage\":{\"@id\":\"https:\\\/\\\/autofans.com.ar\\\/index.php\\\/2023\\\/06\\\/13\\\/mercedes-benz-camiones-y-buses-destaca-su-potencia-en-agroactiva-2023\\\/\"},\"wordCount\":648,\"image\":{\"@id\":\"https:\\\/\\\/autofans.com.ar\\\/index.php\\\/2023\\\/06\\\/13\\\/mercedes-benz-camiones-y-buses-destaca-su-potencia-en-agroactiva-2023\\\/#primaryimage\"},\"thumbnailUrl\":\"https:\\\/\\\/autofans.com.ar\\\/wp-content\\\/uploads\\\/2023\\\/06\\\/foto-1-21.jpg\",\"keywords\":[\"Agroactiva\",\"camiones\",\"financiaci\u00f3n\",\"Mercedes-Benz\",\"sector agropecuario\",\"SelecTruck\",\"servicios posventa\",\"sustentabilidad\",\"transporte de carga\"],\"articleSection\":[\"NOTICIAS\",\"PICK UPs, UTILITARIOS Y OTROS\"],\"inLanguage\":\"es\"},{\"@type\":\"WebPage\",\"@id\":\"https:\\\/\\\/autofans.com.ar\\\/index.php\\\/2023\\\/06\\\/13\\\/mercedes-benz-camiones-y-buses-destaca-su-potencia-en-agroactiva-2023\\\/\",\"url\":\"https:\\\/\\\/autofans.com.ar\\\/index.php\\\/2023\\\/06\\\/13\\\/mercedes-benz-camiones-y-buses-destaca-su-potencia-en-agroactiva-2023\\\/\",\"name\":\"Mercedes-Benz Camiones y Buses destaca su potencia en AgroActiva 2023 -\",\"isPartOf\":{\"@id\":\"https:\\\/\\\/autofans.com.ar\\\/#website\"},\"primaryImageOfPage\":{\"@id\":\"https:\\\/\\\/autofans.com.ar\\\/index.php\\\/2023\\\/06\\\/13\\\/mercedes-benz-camiones-y-buses-destaca-su-potencia-en-agroactiva-2023\\\/#primaryimage\"},\"image\":{\"@id\":\"https:\\\/\\\/autofans.com.ar\\\/index.php\\\/2023\\\/06\\\/13\\\/mercedes-benz-camiones-y-buses-destaca-su-potencia-en-agroactiva-2023\\\/#primaryimage\"},\"thumbnailUrl\":\"https:\\\/\\\/autofans.com.ar\\\/wp-content\\\/uploads\\\/2023\\\/06\\\/foto-1-21.jpg\",\"datePublished\":\"2023-06-13T15:49:24+00:00\",\"author\":{\"@id\":\"https:\\\/\\\/autofans.com.ar\\\/#\\\/schema\\\/person\\\/4a8dda0b6df83ac3d6723e921274c2aa\"},\"description\":\"En el marco de la vigesimonovena edici\u00f3n de AgroActiva, Mercedes-Benz Camiones y Buses, se hace presente en el predio ferial de Armstrong...\",\"breadcrumb\":{\"@id\":\"https:\\\/\\\/autofans.com.ar\\\/index.php\\\/2023\\\/06\\\/13\\\/mercedes-benz-camiones-y-buses-destaca-su-potencia-en-agroactiva-2023\\\/#breadcrumb\"},\"inLanguage\":\"es\",\"potentialAction\":[{\"@type\":\"ReadAction\",\"target\":[\"https:\\\/\\\/autofans.com.ar\\\/index.php\\\/2023\\\/06\\\/13\\\/mercedes-benz-camiones-y-buses-destaca-su-potencia-en-agroactiva-2023\\\/\"]}]},{\"@type\":\"ImageObject\",\"inLanguage\":\"es\",\"@id\":\"https:\\\/\\\/autofans.com.ar\\\/index.php\\\/2023\\\/06\\\/13\\\/mercedes-benz-camiones-y-buses-destaca-su-potencia-en-agroactiva-2023\\\/#primaryimage\",\"url\":\"https:\\\/\\\/autofans.com.ar\\\/wp-content\\\/uploads\\\/2023\\\/06\\\/foto-1-21.jpg\",\"contentUrl\":\"https:\\\/\\\/autofans.com.ar\\\/wp-content\\\/uploads\\\/2023\\\/06\\\/foto-1-21.jpg\",\"width\":1000,\"height\":667,\"caption\":\"mercedes\"},{\"@type\":\"BreadcrumbList\",\"@id\":\"https:\\\/\\\/autofans.com.ar\\\/index.php\\\/2023\\\/06\\\/13\\\/mercedes-benz-camiones-y-buses-destaca-su-potencia-en-agroactiva-2023\\\/#breadcrumb\",\"itemListElement\":[{\"@type\":\"ListItem\",\"position\":1,\"name\":\"Inicio\",\"item\":\"https:\\\/\\\/autofans.com.ar\\\/\"},{\"@type\":\"ListItem\",\"position\":2,\"name\":\"Mercedes-Benz Camiones y Buses destaca su potencia en AgroActiva 2023\"}]},{\"@type\":\"WebSite\",\"@id\":\"https:\\\/\\\/autofans.com.ar\\\/#website\",\"url\":\"https:\\\/\\\/autofans.com.ar\\\/\",\"name\":\"\",\"description\":\"El multimedio referente de la industria automotriz\",\"potentialAction\":[{\"@type\":\"SearchAction\",\"target\":{\"@type\":\"EntryPoint\",\"urlTemplate\":\"https:\\\/\\\/autofans.com.ar\\\/?s={search_term_string}\"},\"query-input\":{\"@type\":\"PropertyValueSpecification\",\"valueRequired\":true,\"valueName\":\"search_term_string\"}}],\"inLanguage\":\"es\"},{\"@type\":\"Person\",\"@id\":\"https:\\\/\\\/autofans.com.ar\\\/#\\\/schema\\\/person\\\/4a8dda0b6df83ac3d6723e921274c2aa\",\"name\":\"Alejandro Gabriel Rosito\",\"image\":{\"@type\":\"ImageObject\",\"inLanguage\":\"es\",\"@id\":\"https:\\\/\\\/secure.gravatar.com\\\/avatar\\\/16c5dda1489adfc62618084dcbb91cffd879c374b13fe5dd8e44ed6733852c88?s=96&d=mm&r=g\",\"url\":\"https:\\\/\\\/secure.gravatar.com\\\/avatar\\\/16c5dda1489adfc62618084dcbb91cffd879c374b13fe5dd8e44ed6733852c88?s=96&d=mm&r=g\",\"contentUrl\":\"https:\\\/\\\/secure.gravatar.com\\\/avatar\\\/16c5dda1489adfc62618084dcbb91cffd879c374b13fe5dd8e44ed6733852c88?s=96&d=mm&r=g\",\"caption\":\"Alejandro Gabriel Rosito\"},\"url\":\"https:\\\/\\\/autofans.com.ar\\\/index.php\\\/author\\\/gabrielr\\\/\"}]}<\/script>\n<!-- \/ Yoast SEO plugin. -->","yoast_head_json":{"title":"Mercedes-Benz Camiones y Buses destaca su potencia en AgroActiva 2023 -","description":"En el marco de la vigesimonovena edici\u00f3n de AgroActiva, Mercedes-Benz Camiones y Buses, se hace presente en el predio ferial de Armstrong...","robots":{"index":"index","follow":"follow","max-snippet":"max-snippet:-1","max-image-preview":"max-image-preview:large","max-video-preview":"max-video-preview:-1"},"canonical":"https:\/\/autofans.com.ar\/index.php\/2023\/06\/13\/mercedes-benz-camiones-y-buses-destaca-su-potencia-en-agroactiva-2023\/","og_locale":"es_ES","og_type":"article","og_title":"Mercedes-Benz Camiones y Buses destaca su potencia en AgroActiva 2023 -","og_description":"En el marco de la vigesimonovena edici\u00f3n de AgroActiva, Mercedes-Benz Camiones y Buses, se hace presente en el predio ferial de Armstrong...","og_url":"https:\/\/autofans.com.ar\/index.php\/2023\/06\/13\/mercedes-benz-camiones-y-buses-destaca-su-potencia-en-agroactiva-2023\/","article_published_time":"2023-06-13T15:49:24+00:00","og_image":[{"width":1000,"height":667,"url":"https:\/\/autofans.com.ar\/wp-content\/uploads\/2023\/06\/foto-1-21.jpg","type":"image\/jpeg"}],"author":"Alejandro Gabriel Rosito","twitter_card":"summary_large_image","twitter_misc":{"Escrito por":"Alejandro Gabriel Rosito","Tiempo de lectura":"4 minutos"},"schema":{"@context":"https:\/\/schema.org","@graph":[{"@type":"Article","@id":"https:\/\/autofans.com.ar\/index.php\/2023\/06\/13\/mercedes-benz-camiones-y-buses-destaca-su-potencia-en-agroactiva-2023\/#article","isPartOf":{"@id":"https:\/\/autofans.com.ar\/index.php\/2023\/06\/13\/mercedes-benz-camiones-y-buses-destaca-su-potencia-en-agroactiva-2023\/"},"author":{"name":"Alejandro Gabriel Rosito","@id":"https:\/\/autofans.com.ar\/#\/schema\/person\/4a8dda0b6df83ac3d6723e921274c2aa"},"headline":"Mercedes-Benz Camiones y Buses destaca su potencia en AgroActiva 2023","datePublished":"2023-06-13T15:49:24+00:00","mainEntityOfPage":{"@id":"https:\/\/autofans.com.ar\/index.php\/2023\/06\/13\/mercedes-benz-camiones-y-buses-destaca-su-potencia-en-agroactiva-2023\/"},"wordCount":648,"image":{"@id":"https:\/\/autofans.com.ar\/index.php\/2023\/06\/13\/mercedes-benz-camiones-y-buses-destaca-su-potencia-en-agroactiva-2023\/#primaryimage"},"thumbnailUrl":"https:\/\/autofans.com.ar\/wp-content\/uploads\/2023\/06\/foto-1-21.jpg","keywords":["Agroactiva","camiones","financiaci\u00f3n","Mercedes-Benz","sector agropecuario","SelecTruck","servicios posventa","sustentabilidad","transporte de carga"],"articleSection":["NOTICIAS","PICK UPs, UTILITARIOS Y OTROS"],"inLanguage":"es"},{"@type":"WebPage","@id":"https:\/\/autofans.com.ar\/index.php\/2023\/06\/13\/mercedes-benz-camiones-y-buses-destaca-su-potencia-en-agroactiva-2023\/","url":"https:\/\/autofans.com.ar\/index.php\/2023\/06\/13\/mercedes-benz-camiones-y-buses-destaca-su-potencia-en-agroactiva-2023\/","name":"Mercedes-Benz Camiones y Buses destaca su potencia en AgroActiva 2023 -","isPartOf":{"@id":"https:\/\/autofans.com.ar\/#website"},"primaryImageOfPage":{"@id":"https:\/\/autofans.com.ar\/index.php\/2023\/06\/13\/mercedes-benz-camiones-y-buses-destaca-su-potencia-en-agroactiva-2023\/#primaryimage"},"image":{"@id":"https:\/\/autofans.com.ar\/index.php\/2023\/06\/13\/mercedes-benz-camiones-y-buses-destaca-su-potencia-en-agroactiva-2023\/#primaryimage"},"thumbnailUrl":"https:\/\/autofans.com.ar\/wp-content\/uploads\/2023\/06\/foto-1-21.jpg","datePublished":"2023-06-13T15:49:24+00:00","author":{"@id":"https:\/\/autofans.com.ar\/#\/schema\/person\/4a8dda0b6df83ac3d6723e921274c2aa"},"description":"En el marco de la vigesimonovena edici\u00f3n de AgroActiva, Mercedes-Benz Camiones y Buses, se hace presente en el predio ferial de Armstrong...","breadcrumb":{"@id":"https:\/\/autofans.com.ar\/index.php\/2023\/06\/13\/mercedes-benz-camiones-y-buses-destaca-su-potencia-en-agroactiva-2023\/#breadcrumb"},"inLanguage":"es","potentialAction":[{"@type":"ReadAction","target":["https:\/\/autofans.com.ar\/index.php\/2023\/06\/13\/mercedes-benz-camiones-y-buses-destaca-su-potencia-en-agroactiva-2023\/"]}]},{"@type":"ImageObject","inLanguage":"es","@id":"https:\/\/autofans.com.ar\/index.php\/2023\/06\/13\/mercedes-benz-camiones-y-buses-destaca-su-potencia-en-agroactiva-2023\/#primaryimage","url":"https:\/\/autofans.com.ar\/wp-content\/uploads\/2023\/06\/foto-1-21.jpg","contentUrl":"https:\/\/autofans.com.ar\/wp-content\/uploads\/2023\/06\/foto-1-21.jpg","width":1000,"height":667,"caption":"mercedes"},{"@type":"BreadcrumbList","@id":"https:\/\/autofans.com.ar\/index.php\/2023\/06\/13\/mercedes-benz-camiones-y-buses-destaca-su-potencia-en-agroactiva-2023\/#breadcrumb","itemListElement":[{"@type":"ListItem","position":1,"name":"Inicio","item":"https:\/\/autofans.com.ar\/"},{"@type":"ListItem","position":2,"name":"Mercedes-Benz Camiones y Buses destaca su potencia en AgroActiva 2023"}]},{"@type":"WebSite","@id":"https:\/\/autofans.com.ar\/#website","url":"https:\/\/autofans.com.ar\/","name":"","description":"El multimedio referente de la industria automotriz","potentialAction":[{"@type":"SearchAction","target":{"@type":"EntryPoint","urlTemplate":"https:\/\/autofans.com.ar\/?s={search_term_string}"},"query-input":{"@type":"PropertyValueSpecification","valueRequired":true,"valueName":"search_term_string"}}],"inLanguage":"es"},{"@type":"Person","@id":"https:\/\/autofans.com.ar\/#\/schema\/person\/4a8dda0b6df83ac3d6723e921274c2aa","name":"Alejandro Gabriel Rosito","image":{"@type":"ImageObject","inLanguage":"es","@id":"https:\/\/secure.gravatar.com\/avatar\/16c5dda1489adfc62618084dcbb91cffd879c374b13fe5dd8e44ed6733852c88?s=96&d=mm&r=g","url":"https:\/\/secure.gravatar.com\/avatar\/16c5dda1489adfc62618084dcbb91cffd879c374b13fe5dd8e44ed6733852c88?s=96&d=mm&r=g","contentUrl":"https:\/\/secure.gravatar.com\/avatar\/16c5dda1489adfc62618084dcbb91cffd879c374b13fe5dd8e44ed6733852c88?s=96&d=mm&r=g","caption":"Alejandro Gabriel Rosito"},"url":"https:\/\/autofans.com.ar\/index.php\/author\/gabrielr\/"}]}},"featured_image_urls":{"full":["https:\/\/autofans.com.ar\/wp-content\/uploads\/2023\/06\/foto-1-21.jpg",1000,667,false],"thumbnail":["https:\/\/autofans.com.ar\/wp-content\/uploads\/2023\/06\/foto-1-21-150x150.jpg",150,150,true],"medium":["https:\/\/autofans.com.ar\/wp-content\/uploads\/2023\/06\/foto-1-21-300x200.jpg",300,200,true],"medium_large":["https:\/\/autofans.com.ar\/wp-content\/uploads\/2023\/06\/foto-1-21-768x512.jpg",640,427,true],"large":["https:\/\/autofans.com.ar\/wp-content\/uploads\/2023\/06\/foto-1-21.jpg",640,427,false],"1536x1536":["https:\/\/autofans.com.ar\/wp-content\/uploads\/2023\/06\/foto-1-21.jpg",1000,667,false],"2048x2048":["https:\/\/autofans.com.ar\/wp-content\/uploads\/2023\/06\/foto-1-21.jpg",1000,667,false],"covernews-featured":["https:\/\/autofans.com.ar\/wp-content\/uploads\/2023\/06\/foto-1-21.jpg",1000,667,false],"covernews-medium":["https:\/\/autofans.com.ar\/wp-content\/uploads\/2023\/06\/foto-1-21-540x340.jpg",540,340,true]},"author_info":{"display_name":"Alejandro Gabriel Rosito","author_link":"https:\/\/autofans.com.ar\/index.php\/author\/gabrielr\/"},"category_info":"<a href=\"https:\/\/autofans.com.ar\/index.php\/category\/noticias\/\" rel=\"category tag\">NOTICIAS<\/a> <a href=\"https:\/\/autofans.com.ar\/index.php\/category\/noticias\/otros\/\" rel=\"category tag\">PICK UPs, UTILITARIOS Y OTROS<\/a>","tag_info":"PICK UPs, UTILITARIOS Y OTROS","comment_count":0,"_links":{"self":[{"href":"https:\/\/autofans.com.ar\/index.php\/wp-json\/wp\/v2\/posts\/3198","targetHints":{"allow":["GET"]}}],"collection":[{"href":"https:\/\/autofans.com.ar\/index.php\/wp-json\/wp\/v2\/posts"}],"about":[{"href":"https:\/\/autofans.com.ar\/index.php\/wp-json\/wp\/v2\/types\/post"}],"author":[{"embeddable":true,"href":"https:\/\/autofans.com.ar\/index.php\/wp-json\/wp\/v2\/users\/2"}],"replies":[{"embeddable":true,"href":"https:\/\/autofans.com.ar\/index.php\/wp-json\/wp\/v2\/comments?post=3198"}],"version-history":[{"count":5,"href":"https:\/\/autofans.com.ar\/index.php\/wp-json\/wp\/v2\/posts\/3198\/revisions"}],"predecessor-version":[{"id":3210,"href":"https:\/\/autofans.com.ar\/index.php\/wp-json\/wp\/v2\/posts\/3198\/revisions\/3210"}],"wp:featuredmedia":[{"embeddable":true,"href":"https:\/\/autofans.com.ar\/index.php\/wp-json\/wp\/v2\/media\/3202"}],"wp:attachment":[{"href":"https:\/\/autofans.com.ar\/index.php\/wp-json\/wp\/v2\/media?parent=3198"}],"wp:term":[{"taxonomy":"category","embeddable":true,"href":"https:\/\/autofans.com.ar\/index.php\/wp-json\/wp\/v2\/categories?post=3198"},{"taxonomy":"post_tag","embeddable":true,"href":"https:\/\/autofans.com.ar\/index.php\/wp-json\/wp\/v2\/tags?post=3198"}],"curies":[{"name":"wp","href":"https:\/\/api.w.org\/{rel}","templated":true}]}}