{"id":3243,"date":"2023-06-14T18:59:46","date_gmt":"2023-06-14T21:59:46","guid":{"rendered":"https:\/\/autofans.com.ar\/?p=3243"},"modified":"2023-06-14T18:59:46","modified_gmt":"2023-06-14T21:59:46","slug":"ds-automobiles-revela-su-vision-del-futuro-con-el-m-i-21","status":"publish","type":"post","link":"https:\/\/autofans.com.ar\/index.php\/2023\/06\/14\/ds-automobiles-revela-su-vision-del-futuro-con-el-m-i-21\/","title":{"rendered":"DS Automobiles revela su visi\u00f3n del futuro con el M.i. 21"},"content":{"rendered":"<p>DS Automobiles presenta su visi\u00f3n revolucionaria de los interiores de los autom\u00f3viles con su manifiesto de dise\u00f1o interior, el M.i. 21. Este innovador medio de investigaci\u00f3n, que anteriormente se manten\u00eda confidencial, establece la direcci\u00f3n para el desarrollo de los futuros modelos de la marca. Con un enfoque centrado en la experiencia del viaje, el M.i. 21 busca ofrecer un confort excepcional, refinamiento y tecnolog\u00eda de vanguardia. Esta visi\u00f3n se alinea perfectamente con la marca premium DS Automobiles, reconocida por encarnar el arte franc\u00e9s de viajar.<\/p>\n<p>&nbsp;<\/p>\n<p><img fetchpriority=\"high\" decoding=\"async\" class=\"aligncenter wp-image-3248 size-full\" src=\"https:\/\/autofans.com.ar\/wp-content\/uploads\/2023\/06\/foto-4-11.jpg\" alt=\"DS Automobiles\" width=\"1000\" height=\"667\" srcset=\"https:\/\/autofans.com.ar\/wp-content\/uploads\/2023\/06\/foto-4-11.jpg 1000w, https:\/\/autofans.com.ar\/wp-content\/uploads\/2023\/06\/foto-4-11-300x200.jpg 300w, https:\/\/autofans.com.ar\/wp-content\/uploads\/2023\/06\/foto-4-11-768x512.jpg 768w\" sizes=\"(max-width: 1000px) 100vw, 1000px\" \/><\/p>\n<p>&nbsp;<\/p>\n<p>Una primicia excepcional, el M.i. 21 se exhibir\u00e1 en Par\u00eds durante la bienal internacional de artesan\u00eda y dise\u00f1o, R\u00e9v\u00e9lations, en el ic\u00f3nico Grand Palais Eph\u00e9m\u00e8re. Los visitantes tendr\u00e1n la oportunidad \u00fanica de presenciar este manifiesto que representa la pr\u00f3xima evoluci\u00f3n en el dise\u00f1o de interiores de autom\u00f3viles. Adem\u00e1s, DS Automobiles ha lanzado el sitio web <a href=\"https:\/\/www.dsdesignstudio.paris\/fr\/\" target=\"_blank\" rel=\"noopener\">DSDESIGNSTUDIO.PARIS<\/a>, donde los entusiastas pueden explorar los entresijos del dise\u00f1o de DS y sumergirse en los proyectos m\u00e1s emocionantes, incluido el M.i. 21.<\/p>\n<p>&nbsp;<\/p>\n<div id='gallery-1' class='gallery galleryid-3243 gallery-columns-3 gallery-size-full'><figure class='gallery-item'>\n\t\t\t<div class='gallery-icon landscape'>\n\t\t\t\t<a href='https:\/\/autofans.com.ar\/index.php\/2023\/06\/14\/ds-automobiles-revela-su-vision-del-futuro-con-el-m-i-21\/foto-1-151\/'><img loading=\"lazy\" width=\"1000\" height=\"667\" src=\"https:\/\/autofans.com.ar\/wp-content\/uploads\/2023\/06\/foto-1-24.jpg\" class=\"attachment-full size-full\" alt=\"DS Automobiles\" srcset=\"https:\/\/autofans.com.ar\/wp-content\/uploads\/2023\/06\/foto-1-24.jpg 1000w, https:\/\/autofans.com.ar\/wp-content\/uploads\/2023\/06\/foto-1-24-300x200.jpg 300w, https:\/\/autofans.com.ar\/wp-content\/uploads\/2023\/06\/foto-1-24-768x512.jpg 768w\" sizes=\"auto, (max-width: 1000px) 100vw, 1000px\" loading=\"lazy\" decoding=\"async\" \/><\/a>\n\t\t\t<\/div><\/figure><figure class='gallery-item'>\n\t\t\t<div class='gallery-icon landscape'>\n\t\t\t\t<a href='https:\/\/autofans.com.ar\/index.php\/2023\/06\/14\/ds-automobiles-revela-su-vision-del-futuro-con-el-m-i-21\/foto-2-146\/'><img loading=\"lazy\" width=\"1000\" height=\"667\" src=\"https:\/\/autofans.com.ar\/wp-content\/uploads\/2023\/06\/foto-2-23.jpg\" class=\"attachment-full size-full\" alt=\"DS Automobiles\" srcset=\"https:\/\/autofans.com.ar\/wp-content\/uploads\/2023\/06\/foto-2-23.jpg 1000w, https:\/\/autofans.com.ar\/wp-content\/uploads\/2023\/06\/foto-2-23-300x200.jpg 300w, https:\/\/autofans.com.ar\/wp-content\/uploads\/2023\/06\/foto-2-23-768x512.jpg 768w\" sizes=\"auto, (max-width: 1000px) 100vw, 1000px\" loading=\"lazy\" decoding=\"async\" \/><\/a>\n\t\t\t<\/div><\/figure><figure class='gallery-item'>\n\t\t\t<div class='gallery-icon landscape'>\n\t\t\t\t<a href='https:\/\/autofans.com.ar\/index.php\/2023\/06\/14\/ds-automobiles-revela-su-vision-del-futuro-con-el-m-i-21\/foto-7-23\/'><img loading=\"lazy\" width=\"1000\" height=\"667\" src=\"https:\/\/autofans.com.ar\/wp-content\/uploads\/2023\/06\/foto-7-1.jpg\" class=\"attachment-full size-full\" alt=\"DS Automobiles\" srcset=\"https:\/\/autofans.com.ar\/wp-content\/uploads\/2023\/06\/foto-7-1.jpg 1000w, https:\/\/autofans.com.ar\/wp-content\/uploads\/2023\/06\/foto-7-1-300x200.jpg 300w, https:\/\/autofans.com.ar\/wp-content\/uploads\/2023\/06\/foto-7-1-768x512.jpg 768w\" sizes=\"auto, (max-width: 1000px) 100vw, 1000px\" loading=\"lazy\" decoding=\"async\" \/><\/a>\n\t\t\t<\/div><\/figure>\n\t\t<\/div>\n\n<p>&nbsp;<\/p>\n<p>El M.i. 21 es m\u00e1s que un simple concepto de autom\u00f3vil. Este manifiesto es una herramienta interna esencial que permite a los equipos de dise\u00f1o y producto explorar nuevos conceptos, formas, tecnolog\u00edas y materiales. A diferencia de los autos conceptuales convencionales, el M.i. 21 tiene en cuenta las restricciones reglamentarias, industriales y econ\u00f3micas para garantizar su factibilidad en producci\u00f3n. Adem\u00e1s, este manifiesto act\u00faa como una valiosa herramienta de comunicaci\u00f3n interna dentro de la marca, facilitando la colaboraci\u00f3n entre los grupos de ingenier\u00eda y la alta direcci\u00f3n.<\/p>\n<p>&nbsp;<\/p>\n<div dir=\"ltr\">\n<h2 style=\"text-align: left;\">M.i. 21 brinda visi\u00f3n de futuro para los interiores de DS<\/h2>\n<p>Dise\u00f1ado por Thomas Bouveret \u2013 Head of Interior Design \u2013 Vincent Lobry \u2013 Head of CMF Design \u2013 y sus equipos, el manifiesto M.i. 21 reinterpreta el lenguaje de los interiores del futuro en apoyo al arte de viajar. Esto incluye:<\/p>\n<\/div>\n<div dir=\"ltr\" style=\"text-align: center;\">\n<h2 style=\"text-align: left;\">luces<\/h2>\n<p style=\"text-align: left;\">La luz contribuye al bienestar en el habit\u00e1culo. Para dar ligereza a los elementos y aportar una nueva dimensi\u00f3n a los materiales, ya sea de forma directa o indirecta, ha de convertirse en un elemento clave de la experiencia sensorial dentro del autom\u00f3vil adaptable, inteligente, conectado a su entorno. Los c\u00edrculos presentes en las puertas se convierten en anillos de luz que realzan los materiales que all\u00ed se muestran.<\/p>\n<h2 style=\"text-align: left;\">vol\u00famenes<\/h2>\n<p style=\"text-align: left;\">En cambio, la arquitectura ofrece m\u00e1s espacio. Se liber\u00f3 espacio, haciendo flotar el salpicadero y empuj\u00e1ndolo hacia delante. Tambi\u00e9n se libera y redise\u00f1a el suelo, sin t\u00fanel ni consola central, y se aumentan las superficies acristaladas para ofrecer m\u00e1s espacio, libertad y tranquilidad en el interior. El almacenamiento se inspira en el mundo del mueble. Producimos un sutil juego de equilibrios entre los materiales, la sensaci\u00f3n del tacto y la distribuci\u00f3n de los vol\u00famenes para proporcionar sensaci\u00f3n de bienestar.<\/p>\n<h2 style=\"text-align: left;\">sonido<\/h2>\n<p style=\"text-align: left;\">En un viaje, el sonido permite a la mente evadirse. Contribuye a la disposici\u00f3n est\u00e9tica del habit\u00e1culo. Tambi\u00e9n refleja la calidad ac\u00fastica de los interiores de DS Automobiles. El sonido forma parte del viaje: puede amplificar la experiencia o desaparecer para aportar una especie de opulencia. Hemos reflexionado en profundidad para acabar con el constante \u00abuno a uno\u00bb de los componentes del sistema de sonido y ganar espacio y masa. El trabajo ilustrado en el manifiesto es m\u00e1s gratificante visualmente y m\u00e1s acorde con un estilo fluido y refinado. Todo el sonido se ha reunido en un elemento central que se convierte en un objeto ic\u00f3nico por su dise\u00f1o, su colocaci\u00f3n en el habit\u00e1culo y la iluminaci\u00f3n que lo acompa\u00f1a.<\/p>\n<h2 style=\"text-align: left;\">inmersi\u00f3n<\/h2>\n<p style=\"text-align: left;\">La relaci\u00f3n hombre-m\u00e1quina se ha redise\u00f1ado. Con la presentaci\u00f3n del DS AERO SPORT LOUNGE en 2020, ya hab\u00edamos empezado a pensar en interiores con interfaces con m\u00e1s magia, menos intrusivas. La informaci\u00f3n se proyect\u00f3 sobre sat\u00e9n de algod\u00f3n. La desaparici\u00f3n de las pantallas pretend\u00eda reducir la sobrecarga mental y la redundancia de informaci\u00f3n. La carrera por el tama\u00f1o o el n\u00famero de pantallas es una tendencia importante entre todos los fabricantes. Pero, apagadas, estas pantallas no tienen ning\u00fan valor est\u00e9tico real. La idea es encontrar una tecnolog\u00eda que ofrezca la informaci\u00f3n esperada sin sacrificar calidad y atractivo sensorial. Con el manifiesto M.i. 21, estamos probando una soluci\u00f3n innovadora proyectando sobre una banda que puede hacerse opaca para mostrar informaci\u00f3n o volverse transparente para descubrir materiales. La \u00fanica concesi\u00f3n a las pantallas son aquellas situadas en las puertas y las dedicadas a mirar hacia atr\u00e1s por una c\u00e1mara. El sistema se controla por voz o mediante un mando a distancia situado en el reposabrazos central.<\/p>\n<h2 style=\"text-align: left;\">la dimensi\u00f3n art\u00edstica<\/h2>\n<\/div>\n<div dir=\"ltr\">\n<p style=\"text-align: left;\">Un objetivo perseguido por el manifiesto M.i 21 es avanzar m\u00e1s all\u00e1 en la oferta a medida, la cual se realza con una verdadera obra de arte. Cada uno puede adaptarla a su gusto. La expresi\u00f3n art\u00edstica la eleva a un nivel superior. La ausencia de altavoz libera espacio en las puertas. Este espacio se reinvierte para replantear parte del almacenamiento y redefinir un espacio m\u00e1s amplio dedicado a la expresi\u00f3n de la experiencia. Este \u00e1mbito de expresi\u00f3n art\u00edstica no tiene precedentes. Los c\u00edrculos representan la geometr\u00eda perfecta y una caracter\u00edstica de tranquilidad. Enfatizan y diferencian el habit\u00e1culo, con una firma caracter\u00edstica y un potente dise\u00f1o gr\u00e1fico.<\/p>\n<p>&nbsp;<\/p>\n<\/div>\n<div id='gallery-2' class='gallery galleryid-3243 gallery-columns-2 gallery-size-full'><figure class='gallery-item'>\n\t\t\t<div class='gallery-icon landscape'>\n\t\t\t\t<a href='https:\/\/autofans.com.ar\/index.php\/2023\/06\/14\/ds-automobiles-revela-su-vision-del-futuro-con-el-m-i-21\/foto-6-41\/'><img loading=\"lazy\" width=\"1000\" height=\"667\" src=\"https:\/\/autofans.com.ar\/wp-content\/uploads\/2023\/06\/foto-6-3.jpg\" class=\"attachment-full size-full\" alt=\"DS Automobiles\" srcset=\"https:\/\/autofans.com.ar\/wp-content\/uploads\/2023\/06\/foto-6-3.jpg 1000w, https:\/\/autofans.com.ar\/wp-content\/uploads\/2023\/06\/foto-6-3-300x200.jpg 300w, https:\/\/autofans.com.ar\/wp-content\/uploads\/2023\/06\/foto-6-3-768x512.jpg 768w\" sizes=\"auto, (max-width: 1000px) 100vw, 1000px\" loading=\"lazy\" decoding=\"async\" \/><\/a>\n\t\t\t<\/div><\/figure><figure class='gallery-item'>\n\t\t\t<div class='gallery-icon landscape'>\n\t\t\t\t<a href='https:\/\/autofans.com.ar\/index.php\/2023\/06\/14\/ds-automobiles-revela-su-vision-del-futuro-con-el-m-i-21\/foto-5-67\/'><img loading=\"lazy\" width=\"1000\" height=\"667\" src=\"https:\/\/autofans.com.ar\/wp-content\/uploads\/2023\/06\/foto-5-4.jpg\" class=\"attachment-full size-full\" alt=\"DS Automobiles\" srcset=\"https:\/\/autofans.com.ar\/wp-content\/uploads\/2023\/06\/foto-5-4.jpg 1000w, https:\/\/autofans.com.ar\/wp-content\/uploads\/2023\/06\/foto-5-4-300x200.jpg 300w, https:\/\/autofans.com.ar\/wp-content\/uploads\/2023\/06\/foto-5-4-768x512.jpg 768w\" sizes=\"auto, (max-width: 1000px) 100vw, 1000px\" loading=\"lazy\" decoding=\"async\" \/><\/a>\n\t\t\t<\/div><\/figure>\n\t\t<\/div>\n\n<p>&nbsp;<\/p>\n<p>En R\u00e9v\u00e9lations, DS Automobiles se encuentra en el entorno perfecto para compartir su visi\u00f3n con un p\u00fablico vanguardista y conocedor, que valora la excelencia artesanal y el dise\u00f1o de calidad. El evento brinda a DS la oportunidad de recibir comentarios e impresiones directas de expertos y aficionados. Adem\u00e1s, durante esta exposici\u00f3n, DS Automobiles tambi\u00e9n promocionar\u00e1 su concurso de dise\u00f1o DS x M\u00c9TIERS D&#8217;ART, que refuerza a\u00fan m\u00e1s su compromiso con el arte y la artesan\u00eda.<\/p>\n<p>El M.i. 21 simboliza una evoluci\u00f3n hist\u00f3rica en el dise\u00f1o de interiores de autom\u00f3viles. Con las nuevas arquitecturas impulsadas por plataformas el\u00e9ctricas, la conducci\u00f3n aut\u00f3noma y la inteligencia artificial, DS Automobiles se posiciona como pionero en la creaci\u00f3n de experiencias de viaje \u00fanicas. Este manifiesto representa el compromiso de la marca de combinar la innovaci\u00f3n tecnol\u00f3gica con el refinamiento est\u00e9tico, encarnando as\u00ed el arte franc\u00e9s de viajar.<\/p>\n<p>&nbsp;<\/p>\n<p><i>Para enterarte de m\u00e1s novedades, no dejes de leer\u00a0<\/i><a href=\"https:\/\/autofans.thebrandsoup.com\/\"><i>nuestras notas<\/i><\/a><i>, de ver<\/i><b><i>\u00a0<\/i><\/b><a href=\"https:\/\/www.youtube.com\/channel\/UCgAC8UGHZYbT6P7PpmVnP7g\"><b><i>AUTOFANS TV<\/i><\/b><\/a><b><i>\u00a0<\/i><\/b><i>en nuestro\u00a0canal de Youtube. Adem\u00e1s seguinos en\u00a0<\/i><a href=\"https:\/\/www.instagram.com\/autofanstv\/\"><i>INSTAGRAM<\/i><\/a><i> y <\/i><a href=\"https:\/\/www.facebook.com\/autofansmas\/\"><i>FACEBOOK<\/i><\/a><i> para no perderte nada sobre las novedades del segmento automotor de Argentina y el mundo. <\/i><\/p>\n","protected":false},"excerpt":{"rendered":"<p>DS Automobiles presenta su visi\u00f3n revolucionaria de los interiores de los autom\u00f3viles con su manifiesto&#8230;<\/p>\n","protected":false},"author":2,"featured_media":3244,"comment_status":"closed","ping_status":"closed","sticky":false,"template":"","format":"standard","meta":{"footnotes":""},"categories":[218,16],"tags":[1581,1583,1586,1580,878,1587,1585,1582,1579,1584],"class_list":["post-3243","post","type-post","status-publish","format-standard","has-post-thumbnail","hentry","category-autotecno","category-noticias","tag-artedeviajar","tag-automocion","tag-disenodeautomoviles","tag-disenointerior","tag-dsautomobiles","tag-experienciadeconfort","tag-grandpalaisephemere","tag-innovaciontecnologica","tag-m21","tag-revelaciones2023"],"yoast_head":"<!-- This site is optimized with the Yoast SEO plugin v27.5 - https:\/\/yoast.com\/product\/yoast-seo-wordpress\/ -->\n<title>DS Automobiles revela su visi\u00f3n del futuro con el M.i. 21 -<\/title>\n<meta name=\"description\" content=\"DS Automobiles presenta su visi\u00f3n revolucionaria de los interiores de los autom\u00f3viles con su manifiesto de dise\u00f1o interior, el M.i. 21...\" \/>\n<meta name=\"robots\" content=\"index, follow, max-snippet:-1, max-image-preview:large, max-video-preview:-1\" \/>\n<link rel=\"canonical\" href=\"https:\/\/autofans.com.ar\/index.php\/2023\/06\/14\/ds-automobiles-revela-su-vision-del-futuro-con-el-m-i-21\/\" \/>\n<meta property=\"og:locale\" content=\"es_ES\" \/>\n<meta property=\"og:type\" content=\"article\" \/>\n<meta property=\"og:title\" content=\"DS Automobiles revela su visi\u00f3n del futuro con el M.i. 21 -\" \/>\n<meta property=\"og:description\" content=\"DS Automobiles presenta su visi\u00f3n revolucionaria de los interiores de los autom\u00f3viles con su manifiesto de dise\u00f1o interior, el M.i. 21...\" \/>\n<meta property=\"og:url\" content=\"https:\/\/autofans.com.ar\/index.php\/2023\/06\/14\/ds-automobiles-revela-su-vision-del-futuro-con-el-m-i-21\/\" \/>\n<meta property=\"article:published_time\" content=\"2023-06-14T21:59:46+00:00\" \/>\n<meta property=\"og:image\" content=\"https:\/\/autofans.com.ar\/wp-content\/uploads\/2023\/06\/foto-8.jpg\" \/>\n\t<meta property=\"og:image:width\" content=\"1000\" \/>\n\t<meta property=\"og:image:height\" content=\"667\" \/>\n\t<meta property=\"og:image:type\" content=\"image\/jpeg\" \/>\n<meta name=\"author\" content=\"Alejandro Gabriel Rosito\" \/>\n<meta name=\"twitter:card\" content=\"summary_large_image\" \/>\n<meta name=\"twitter:label1\" content=\"Escrito por\" \/>\n\t<meta name=\"twitter:data1\" content=\"Alejandro Gabriel Rosito\" \/>\n\t<meta name=\"twitter:label2\" content=\"Tiempo de lectura\" \/>\n\t<meta name=\"twitter:data2\" content=\"5 minutos\" \/>\n<script type=\"application\/ld+json\" class=\"yoast-schema-graph\">{\"@context\":\"https:\\\/\\\/schema.org\",\"@graph\":[{\"@type\":\"Article\",\"@id\":\"https:\\\/\\\/autofans.com.ar\\\/index.php\\\/2023\\\/06\\\/14\\\/ds-automobiles-revela-su-vision-del-futuro-con-el-m-i-21\\\/#article\",\"isPartOf\":{\"@id\":\"https:\\\/\\\/autofans.com.ar\\\/index.php\\\/2023\\\/06\\\/14\\\/ds-automobiles-revela-su-vision-del-futuro-con-el-m-i-21\\\/\"},\"author\":{\"name\":\"Alejandro Gabriel Rosito\",\"@id\":\"https:\\\/\\\/autofans.com.ar\\\/#\\\/schema\\\/person\\\/4a8dda0b6df83ac3d6723e921274c2aa\"},\"headline\":\"DS Automobiles revela su visi\u00f3n del futuro con el M.i. 21\",\"datePublished\":\"2023-06-14T21:59:46+00:00\",\"mainEntityOfPage\":{\"@id\":\"https:\\\/\\\/autofans.com.ar\\\/index.php\\\/2023\\\/06\\\/14\\\/ds-automobiles-revela-su-vision-del-futuro-con-el-m-i-21\\\/\"},\"wordCount\":1190,\"image\":{\"@id\":\"https:\\\/\\\/autofans.com.ar\\\/index.php\\\/2023\\\/06\\\/14\\\/ds-automobiles-revela-su-vision-del-futuro-con-el-m-i-21\\\/#primaryimage\"},\"thumbnailUrl\":\"https:\\\/\\\/autofans.com.ar\\\/wp-content\\\/uploads\\\/2023\\\/06\\\/foto-8.jpg\",\"keywords\":[\"ArteDeViajar\",\"Automoci\u00f3n\",\"Dise\u00f1oDeAutom\u00f3viles\",\"Dise\u00f1oInterior\",\"DSAutomobiles\",\"ExperienciaDeConfort\",\"GrandPalaisEphemere\",\"Innovaci\u00f3nTecnol\u00f3gica\",\"M21\",\"Revelaciones2023\"],\"articleSection\":[\"AUTOTECNO\",\"NOTICIAS\"],\"inLanguage\":\"es\"},{\"@type\":\"WebPage\",\"@id\":\"https:\\\/\\\/autofans.com.ar\\\/index.php\\\/2023\\\/06\\\/14\\\/ds-automobiles-revela-su-vision-del-futuro-con-el-m-i-21\\\/\",\"url\":\"https:\\\/\\\/autofans.com.ar\\\/index.php\\\/2023\\\/06\\\/14\\\/ds-automobiles-revela-su-vision-del-futuro-con-el-m-i-21\\\/\",\"name\":\"DS Automobiles revela su visi\u00f3n del futuro con el M.i. 21 -\",\"isPartOf\":{\"@id\":\"https:\\\/\\\/autofans.com.ar\\\/#website\"},\"primaryImageOfPage\":{\"@id\":\"https:\\\/\\\/autofans.com.ar\\\/index.php\\\/2023\\\/06\\\/14\\\/ds-automobiles-revela-su-vision-del-futuro-con-el-m-i-21\\\/#primaryimage\"},\"image\":{\"@id\":\"https:\\\/\\\/autofans.com.ar\\\/index.php\\\/2023\\\/06\\\/14\\\/ds-automobiles-revela-su-vision-del-futuro-con-el-m-i-21\\\/#primaryimage\"},\"thumbnailUrl\":\"https:\\\/\\\/autofans.com.ar\\\/wp-content\\\/uploads\\\/2023\\\/06\\\/foto-8.jpg\",\"datePublished\":\"2023-06-14T21:59:46+00:00\",\"author\":{\"@id\":\"https:\\\/\\\/autofans.com.ar\\\/#\\\/schema\\\/person\\\/4a8dda0b6df83ac3d6723e921274c2aa\"},\"description\":\"DS Automobiles presenta su visi\u00f3n revolucionaria de los interiores de los autom\u00f3viles con su manifiesto de dise\u00f1o interior, el M.i. 21...\",\"breadcrumb\":{\"@id\":\"https:\\\/\\\/autofans.com.ar\\\/index.php\\\/2023\\\/06\\\/14\\\/ds-automobiles-revela-su-vision-del-futuro-con-el-m-i-21\\\/#breadcrumb\"},\"inLanguage\":\"es\",\"potentialAction\":[{\"@type\":\"ReadAction\",\"target\":[\"https:\\\/\\\/autofans.com.ar\\\/index.php\\\/2023\\\/06\\\/14\\\/ds-automobiles-revela-su-vision-del-futuro-con-el-m-i-21\\\/\"]}]},{\"@type\":\"ImageObject\",\"inLanguage\":\"es\",\"@id\":\"https:\\\/\\\/autofans.com.ar\\\/index.php\\\/2023\\\/06\\\/14\\\/ds-automobiles-revela-su-vision-del-futuro-con-el-m-i-21\\\/#primaryimage\",\"url\":\"https:\\\/\\\/autofans.com.ar\\\/wp-content\\\/uploads\\\/2023\\\/06\\\/foto-8.jpg\",\"contentUrl\":\"https:\\\/\\\/autofans.com.ar\\\/wp-content\\\/uploads\\\/2023\\\/06\\\/foto-8.jpg\",\"width\":1000,\"height\":667,\"caption\":\"DS Automobiles\"},{\"@type\":\"BreadcrumbList\",\"@id\":\"https:\\\/\\\/autofans.com.ar\\\/index.php\\\/2023\\\/06\\\/14\\\/ds-automobiles-revela-su-vision-del-futuro-con-el-m-i-21\\\/#breadcrumb\",\"itemListElement\":[{\"@type\":\"ListItem\",\"position\":1,\"name\":\"Inicio\",\"item\":\"https:\\\/\\\/autofans.com.ar\\\/\"},{\"@type\":\"ListItem\",\"position\":2,\"name\":\"DS Automobiles revela su visi\u00f3n del futuro con el M.i. 21\"}]},{\"@type\":\"WebSite\",\"@id\":\"https:\\\/\\\/autofans.com.ar\\\/#website\",\"url\":\"https:\\\/\\\/autofans.com.ar\\\/\",\"name\":\"\",\"description\":\"El multimedio referente de la industria automotriz\",\"potentialAction\":[{\"@type\":\"SearchAction\",\"target\":{\"@type\":\"EntryPoint\",\"urlTemplate\":\"https:\\\/\\\/autofans.com.ar\\\/?s={search_term_string}\"},\"query-input\":{\"@type\":\"PropertyValueSpecification\",\"valueRequired\":true,\"valueName\":\"search_term_string\"}}],\"inLanguage\":\"es\"},{\"@type\":\"Person\",\"@id\":\"https:\\\/\\\/autofans.com.ar\\\/#\\\/schema\\\/person\\\/4a8dda0b6df83ac3d6723e921274c2aa\",\"name\":\"Alejandro Gabriel Rosito\",\"image\":{\"@type\":\"ImageObject\",\"inLanguage\":\"es\",\"@id\":\"https:\\\/\\\/secure.gravatar.com\\\/avatar\\\/16c5dda1489adfc62618084dcbb91cffd879c374b13fe5dd8e44ed6733852c88?s=96&d=mm&r=g\",\"url\":\"https:\\\/\\\/secure.gravatar.com\\\/avatar\\\/16c5dda1489adfc62618084dcbb91cffd879c374b13fe5dd8e44ed6733852c88?s=96&d=mm&r=g\",\"contentUrl\":\"https:\\\/\\\/secure.gravatar.com\\\/avatar\\\/16c5dda1489adfc62618084dcbb91cffd879c374b13fe5dd8e44ed6733852c88?s=96&d=mm&r=g\",\"caption\":\"Alejandro Gabriel Rosito\"},\"url\":\"https:\\\/\\\/autofans.com.ar\\\/index.php\\\/author\\\/gabrielr\\\/\"}]}<\/script>\n<!-- \/ Yoast SEO plugin. -->","yoast_head_json":{"title":"DS Automobiles revela su visi\u00f3n del futuro con el M.i. 21 -","description":"DS Automobiles presenta su visi\u00f3n revolucionaria de los interiores de los autom\u00f3viles con su manifiesto de dise\u00f1o interior, el M.i. 21...","robots":{"index":"index","follow":"follow","max-snippet":"max-snippet:-1","max-image-preview":"max-image-preview:large","max-video-preview":"max-video-preview:-1"},"canonical":"https:\/\/autofans.com.ar\/index.php\/2023\/06\/14\/ds-automobiles-revela-su-vision-del-futuro-con-el-m-i-21\/","og_locale":"es_ES","og_type":"article","og_title":"DS Automobiles revela su visi\u00f3n del futuro con el M.i. 21 -","og_description":"DS Automobiles presenta su visi\u00f3n revolucionaria de los interiores de los autom\u00f3viles con su manifiesto de dise\u00f1o interior, el M.i. 21...","og_url":"https:\/\/autofans.com.ar\/index.php\/2023\/06\/14\/ds-automobiles-revela-su-vision-del-futuro-con-el-m-i-21\/","article_published_time":"2023-06-14T21:59:46+00:00","og_image":[{"width":1000,"height":667,"url":"https:\/\/autofans.com.ar\/wp-content\/uploads\/2023\/06\/foto-8.jpg","type":"image\/jpeg"}],"author":"Alejandro Gabriel Rosito","twitter_card":"summary_large_image","twitter_misc":{"Escrito por":"Alejandro Gabriel Rosito","Tiempo de lectura":"5 minutos"},"schema":{"@context":"https:\/\/schema.org","@graph":[{"@type":"Article","@id":"https:\/\/autofans.com.ar\/index.php\/2023\/06\/14\/ds-automobiles-revela-su-vision-del-futuro-con-el-m-i-21\/#article","isPartOf":{"@id":"https:\/\/autofans.com.ar\/index.php\/2023\/06\/14\/ds-automobiles-revela-su-vision-del-futuro-con-el-m-i-21\/"},"author":{"name":"Alejandro Gabriel Rosito","@id":"https:\/\/autofans.com.ar\/#\/schema\/person\/4a8dda0b6df83ac3d6723e921274c2aa"},"headline":"DS Automobiles revela su visi\u00f3n del futuro con el M.i. 21","datePublished":"2023-06-14T21:59:46+00:00","mainEntityOfPage":{"@id":"https:\/\/autofans.com.ar\/index.php\/2023\/06\/14\/ds-automobiles-revela-su-vision-del-futuro-con-el-m-i-21\/"},"wordCount":1190,"image":{"@id":"https:\/\/autofans.com.ar\/index.php\/2023\/06\/14\/ds-automobiles-revela-su-vision-del-futuro-con-el-m-i-21\/#primaryimage"},"thumbnailUrl":"https:\/\/autofans.com.ar\/wp-content\/uploads\/2023\/06\/foto-8.jpg","keywords":["ArteDeViajar","Automoci\u00f3n","Dise\u00f1oDeAutom\u00f3viles","Dise\u00f1oInterior","DSAutomobiles","ExperienciaDeConfort","GrandPalaisEphemere","Innovaci\u00f3nTecnol\u00f3gica","M21","Revelaciones2023"],"articleSection":["AUTOTECNO","NOTICIAS"],"inLanguage":"es"},{"@type":"WebPage","@id":"https:\/\/autofans.com.ar\/index.php\/2023\/06\/14\/ds-automobiles-revela-su-vision-del-futuro-con-el-m-i-21\/","url":"https:\/\/autofans.com.ar\/index.php\/2023\/06\/14\/ds-automobiles-revela-su-vision-del-futuro-con-el-m-i-21\/","name":"DS Automobiles revela su visi\u00f3n del futuro con el M.i. 21 -","isPartOf":{"@id":"https:\/\/autofans.com.ar\/#website"},"primaryImageOfPage":{"@id":"https:\/\/autofans.com.ar\/index.php\/2023\/06\/14\/ds-automobiles-revela-su-vision-del-futuro-con-el-m-i-21\/#primaryimage"},"image":{"@id":"https:\/\/autofans.com.ar\/index.php\/2023\/06\/14\/ds-automobiles-revela-su-vision-del-futuro-con-el-m-i-21\/#primaryimage"},"thumbnailUrl":"https:\/\/autofans.com.ar\/wp-content\/uploads\/2023\/06\/foto-8.jpg","datePublished":"2023-06-14T21:59:46+00:00","author":{"@id":"https:\/\/autofans.com.ar\/#\/schema\/person\/4a8dda0b6df83ac3d6723e921274c2aa"},"description":"DS Automobiles presenta su visi\u00f3n revolucionaria de los interiores de los autom\u00f3viles con su manifiesto de dise\u00f1o interior, el M.i. 21...","breadcrumb":{"@id":"https:\/\/autofans.com.ar\/index.php\/2023\/06\/14\/ds-automobiles-revela-su-vision-del-futuro-con-el-m-i-21\/#breadcrumb"},"inLanguage":"es","potentialAction":[{"@type":"ReadAction","target":["https:\/\/autofans.com.ar\/index.php\/2023\/06\/14\/ds-automobiles-revela-su-vision-del-futuro-con-el-m-i-21\/"]}]},{"@type":"ImageObject","inLanguage":"es","@id":"https:\/\/autofans.com.ar\/index.php\/2023\/06\/14\/ds-automobiles-revela-su-vision-del-futuro-con-el-m-i-21\/#primaryimage","url":"https:\/\/autofans.com.ar\/wp-content\/uploads\/2023\/06\/foto-8.jpg","contentUrl":"https:\/\/autofans.com.ar\/wp-content\/uploads\/2023\/06\/foto-8.jpg","width":1000,"height":667,"caption":"DS Automobiles"},{"@type":"BreadcrumbList","@id":"https:\/\/autofans.com.ar\/index.php\/2023\/06\/14\/ds-automobiles-revela-su-vision-del-futuro-con-el-m-i-21\/#breadcrumb","itemListElement":[{"@type":"ListItem","position":1,"name":"Inicio","item":"https:\/\/autofans.com.ar\/"},{"@type":"ListItem","position":2,"name":"DS Automobiles revela su visi\u00f3n del futuro con el M.i. 21"}]},{"@type":"WebSite","@id":"https:\/\/autofans.com.ar\/#website","url":"https:\/\/autofans.com.ar\/","name":"","description":"El multimedio referente de la industria automotriz","potentialAction":[{"@type":"SearchAction","target":{"@type":"EntryPoint","urlTemplate":"https:\/\/autofans.com.ar\/?s={search_term_string}"},"query-input":{"@type":"PropertyValueSpecification","valueRequired":true,"valueName":"search_term_string"}}],"inLanguage":"es"},{"@type":"Person","@id":"https:\/\/autofans.com.ar\/#\/schema\/person\/4a8dda0b6df83ac3d6723e921274c2aa","name":"Alejandro Gabriel Rosito","image":{"@type":"ImageObject","inLanguage":"es","@id":"https:\/\/secure.gravatar.com\/avatar\/16c5dda1489adfc62618084dcbb91cffd879c374b13fe5dd8e44ed6733852c88?s=96&d=mm&r=g","url":"https:\/\/secure.gravatar.com\/avatar\/16c5dda1489adfc62618084dcbb91cffd879c374b13fe5dd8e44ed6733852c88?s=96&d=mm&r=g","contentUrl":"https:\/\/secure.gravatar.com\/avatar\/16c5dda1489adfc62618084dcbb91cffd879c374b13fe5dd8e44ed6733852c88?s=96&d=mm&r=g","caption":"Alejandro Gabriel Rosito"},"url":"https:\/\/autofans.com.ar\/index.php\/author\/gabrielr\/"}]}},"featured_image_urls":{"full":["https:\/\/autofans.com.ar\/wp-content\/uploads\/2023\/06\/foto-8.jpg",1000,667,false],"thumbnail":["https:\/\/autofans.com.ar\/wp-content\/uploads\/2023\/06\/foto-8-150x150.jpg",150,150,true],"medium":["https:\/\/autofans.com.ar\/wp-content\/uploads\/2023\/06\/foto-8-300x200.jpg",300,200,true],"medium_large":["https:\/\/autofans.com.ar\/wp-content\/uploads\/2023\/06\/foto-8-768x512.jpg",640,427,true],"large":["https:\/\/autofans.com.ar\/wp-content\/uploads\/2023\/06\/foto-8.jpg",640,427,false],"1536x1536":["https:\/\/autofans.com.ar\/wp-content\/uploads\/2023\/06\/foto-8.jpg",1000,667,false],"2048x2048":["https:\/\/autofans.com.ar\/wp-content\/uploads\/2023\/06\/foto-8.jpg",1000,667,false],"covernews-featured":["https:\/\/autofans.com.ar\/wp-content\/uploads\/2023\/06\/foto-8.jpg",1000,667,false],"covernews-medium":["https:\/\/autofans.com.ar\/wp-content\/uploads\/2023\/06\/foto-8-540x340.jpg",540,340,true]},"author_info":{"display_name":"Alejandro Gabriel Rosito","author_link":"https:\/\/autofans.com.ar\/index.php\/author\/gabrielr\/"},"category_info":"<a href=\"https:\/\/autofans.com.ar\/index.php\/category\/noticias\/autotecno\/\" rel=\"category tag\">AUTOTECNO<\/a> <a href=\"https:\/\/autofans.com.ar\/index.php\/category\/noticias\/\" rel=\"category tag\">NOTICIAS<\/a>","tag_info":"NOTICIAS","comment_count":0,"_links":{"self":[{"href":"https:\/\/autofans.com.ar\/index.php\/wp-json\/wp\/v2\/posts\/3243","targetHints":{"allow":["GET"]}}],"collection":[{"href":"https:\/\/autofans.com.ar\/index.php\/wp-json\/wp\/v2\/posts"}],"about":[{"href":"https:\/\/autofans.com.ar\/index.php\/wp-json\/wp\/v2\/types\/post"}],"author":[{"embeddable":true,"href":"https:\/\/autofans.com.ar\/index.php\/wp-json\/wp\/v2\/users\/2"}],"replies":[{"embeddable":true,"href":"https:\/\/autofans.com.ar\/index.php\/wp-json\/wp\/v2\/comments?post=3243"}],"version-history":[{"count":8,"href":"https:\/\/autofans.com.ar\/index.php\/wp-json\/wp\/v2\/posts\/3243\/revisions"}],"predecessor-version":[{"id":3259,"href":"https:\/\/autofans.com.ar\/index.php\/wp-json\/wp\/v2\/posts\/3243\/revisions\/3259"}],"wp:featuredmedia":[{"embeddable":true,"href":"https:\/\/autofans.com.ar\/index.php\/wp-json\/wp\/v2\/media\/3244"}],"wp:attachment":[{"href":"https:\/\/autofans.com.ar\/index.php\/wp-json\/wp\/v2\/media?parent=3243"}],"wp:term":[{"taxonomy":"category","embeddable":true,"href":"https:\/\/autofans.com.ar\/index.php\/wp-json\/wp\/v2\/categories?post=3243"},{"taxonomy":"post_tag","embeddable":true,"href":"https:\/\/autofans.com.ar\/index.php\/wp-json\/wp\/v2\/tags?post=3243"}],"curies":[{"name":"wp","href":"https:\/\/api.w.org\/{rel}","templated":true}]}}