{"id":3278,"date":"2023-06-15T20:54:26","date_gmt":"2023-06-15T23:54:26","guid":{"rendered":"https:\/\/autofans.com.ar\/?p=3278"},"modified":"2023-06-15T20:54:26","modified_gmt":"2023-06-15T23:54:26","slug":"20-anos-del-nuevo-citroen-c3-una-trayectoria-exitosa-en-sudamerica","status":"publish","type":"post","link":"https:\/\/autofans.com.ar\/index.php\/2023\/06\/15\/20-anos-del-nuevo-citroen-c3-una-trayectoria-exitosa-en-sudamerica\/","title":{"rendered":"20 A\u00f1os del Nuevo Citro\u00ebn C3: Una Trayectoria Exitosa en Sudam\u00e9rica"},"content":{"rendered":"<p>Desde su llegada al mercado sudamericano hace veinte a\u00f1os, el Citro\u00ebn C3 ha marcado una historia incre\u00edble. Este a\u00f1o, el modelo m\u00e1s exitoso de la marca en la regi\u00f3n celebra su vig\u00e9simo aniversario con el \u00e9xito de su nueva generaci\u00f3n. Dise\u00f1ada para satisfacer al exigente consumidor sudamericano y aprovechar toda la experiencia de Citro\u00ebn en Am\u00e9rica del Sur.<\/p>\n<p>&nbsp;<\/p>\n<p><img fetchpriority=\"high\" decoding=\"async\" class=\"aligncenter wp-image-1383 size-full\" src=\"https:\/\/autofans.com.ar\/wp-content\/uploads\/2023\/04\/foto-5-5-jpg.webp\" alt=\"c3\" width=\"1000\" height=\"667\" srcset=\"https:\/\/autofans.com.ar\/wp-content\/uploads\/2023\/04\/foto-5-5-jpg.webp 1000w, https:\/\/autofans.com.ar\/wp-content\/uploads\/2023\/04\/foto-5-5-300x200.webp 300w, https:\/\/autofans.com.ar\/wp-content\/uploads\/2023\/04\/foto-5-5-768x512.webp 768w\" sizes=\"(max-width: 1000px) 100vw, 1000px\" \/><\/p>\n<p>&nbsp;<\/p>\n<h2>Citro\u00ebn C3 conquista Sudam\u00e9rica<\/h2>\n<p>El Citro\u00ebn C3 ha sido producido en la planta de Porto Real (R\u00edo de Janeiro). Esta ha comercializado m\u00e1s de 100.000 unidades en Argentina durante estos 20 a\u00f1os. El Polo Industrial Stellantis en la regi\u00f3n suministra el Nuevo C3 a varios pa\u00edses de Sudam\u00e9rica. A lo largo de todos estos a\u00f1os, el C3 ha sabido mantenerse al d\u00eda con las demandas del mercado. Convirti\u00e9ndose r\u00e1pidamente en el modelo deseado por cientos de miles de clientes en todo el continente.<\/p>\n<p>Para celebrar esta fecha especial, vamos a destacar veinte atributos y caracter\u00edsticas que han consolidado al Nuevo C3 en el mercado como una opci\u00f3n \u00fanica de accesibilidad, dise\u00f1o y robustez. Estos atributos son los siguientes:<\/p>\n<ol>\n<li>Actitud SUV: El Nuevo C3 destaca por su estilo audaz y su suspensi\u00f3n que a\u00f1ade confort y estabilidad. Con 18 cm de altura libre del suelo, 23\u00ba de \u00e1ngulo de entrada y 39\u00ba de \u00e1ngulo de salida. Este modelo ofrece un mayor confort para superar los obst\u00e1culos urbanos t\u00edpicos.<\/li>\n<li>Pantalla t\u00e1ctil Citro\u00ebn Connect de 10&#8243;: Este centro multimedia cuenta con una pantalla de diez pulgadas que une una interfaz intuitiva. Con una r\u00e1pida respuesta e integraci\u00f3n inal\u00e1mbrica de Android Auto y Apple Carplay. Adem\u00e1s, est\u00e1 conectado con un sistema eficiente de seis parlantes y ofrece hasta tres puertos USB.<\/li>\n<li>Accesibilidad: El Nuevo C3 se destaca por su accesibilidad, desde el momento de la compra hasta su uso. Los primeros tres servicios de mantenimiento son gratuitos y la canasta de piezas tiene valores competitivos. Tanto los componentes de mantenimiento peri\u00f3dico como los que deben cambiarse despu\u00e9s de imprevistos est\u00e1n dise\u00f1ados para ser accesibles, lo que simplifica la reparaci\u00f3n y hace que la p\u00f3liza de seguro sea m\u00e1s accesible.<\/li>\n<li>Motorizaci\u00f3n eficiente: El motor nafta 1.2 Puretech de 82cv est\u00e1 dise\u00f1ado para simplificar el mantenimiento. Desde su concepci\u00f3n, se pens\u00f3 en la accesibilidad de las revisiones y las piezas de reposici\u00f3n de intercambio peri\u00f3dico, lo que agiliza las revisiones y extiende la disponibilidad del modelo a sus propietarios.<\/li>\n<li>Consumo de combustible eficiente: El motor 1.2 Puretech permite un consumo de combustible eficiente de hasta 6,5 litros\/100km en ciclo mixto, lo que proporciona una autonom\u00eda de m\u00e1s de 720 km.<\/li>\n<li>Sinergia en Sudam\u00e9rica: El Nuevo C3 se beneficia de la amplia experiencia de Citro\u00ebn y Stellantis en Sudam\u00e9rica, aprovechando la sinergia del mayor grupo automotriz de la regi\u00f3n.<\/li>\n<li>Innovadora plataforma CMP: El Nuevo C3 debut\u00f3 como el primer proyecto en Porto Real (R\u00edo de Janeiro) basado en la plataforma CMP, una arquitectura moderna, ligera y vers\u00e1til que permite el desarrollo de diferentes modelos.<\/li>\n<li>Habit\u00e1culo espacioso: El Nuevo C3 ofrece un habit\u00e1culo grande y espacioso, con una posici\u00f3n de conducci\u00f3n elevada y c\u00f3moda para todos los ocupantes.<\/li>\n<li>Amplio ba\u00fal: Con un espacio de 315 litros, el ba\u00fal del Nuevo C3 es el m\u00e1s grande de su segmento, pensado para transportar una gran cantidad de equipaje.<\/li>\n<li>Presencia en m\u00faltiples pa\u00edses: Adem\u00e1s de Argentina, el Nuevo C3 est\u00e1 disponible en Brasil, Uruguay, Paraguay, Chile, Colombia, Per\u00fa, Rep\u00fablica Dominicana y Costa Rica.<\/li>\n<li>Rendimiento destacado en Argentina: En nuestro pa\u00eds, el Nuevo C3 ha tenido un incremento del 97% en ventas entre abril y mayo, con unas 712 unidades patentadas en el \u00faltimo mes.<\/li>\n<li>Detalles de confort: El Nuevo C3 cuenta con ventanas el\u00e9ctricas con cierre \u00abone touch\u00bb y protecci\u00f3n antipinzamiento, ofreciendo comodidad en cada detalle.<\/li>\n<li>Equipamiento esencial: Cada Nuevo C3 viene de serie con aire acondicionado y direcci\u00f3n el\u00e9ctrica. La direcci\u00f3n el\u00e9ctrica optimiza el control del veh\u00edculo en cualquier condici\u00f3n, mientras que el sistema de climatizaci\u00f3n est\u00e1 dise\u00f1ado para brindar confort incluso en los d\u00edas m\u00e1s calurosos del verano y los m\u00e1s fr\u00edos del invierno.<\/li>\n<li>Detalles de dise\u00f1o: Las luces de circulaci\u00f3n diurna (DRL) con leds forman la ic\u00f3nica \u00abV\u00bb horizontal presente en los modelos Citro\u00ebn, adapt\u00e1ndose a la condici\u00f3n del veh\u00edculo en cada momento.<\/li>\n<li>Asistente de arranque en pendiente: El Nuevo C3 cuenta con un sistema de control de estabilidad y tracci\u00f3n que incluye un asistente de arranque en pendiente. As\u00ed evita que el autom\u00f3vil retroceda al iniciar la marcha en una pendiente.<\/li>\n<li>Neum\u00e1ticos eficientes: Cada Nuevo C3 viene equipado con neum\u00e1ticos eficientes 195\/65 R15. Esto proporcionan mayor confort y absorci\u00f3n de impactos junto con una suspensi\u00f3n eficiente.<\/li>\n<li>Personalizaci\u00f3n: El Nuevo C3 es el \u00fanico modelo del segmento que ofrece dos alternativas de color de techo (negro o blanco), permitiendo una carrocer\u00eda bitono.<\/li>\n<li>Reconocimiento internacional: En los World Car Awards 2023, el Nuevo Citro\u00ebn C3 fue galardonado como \u00abBest Urban Car\u00bb. Un premio otorgado por m\u00e1s de 100 periodistas internacionales de 32 pa\u00edses.<\/li>\n<li>Gama de accesorios: Citro\u00ebn ofrece una amplia gama de m\u00e1s de 40 accesorios para personalizar cada Nuevo C3. Incluyendo pedaleras, fundas de asientos, redes de equipaje, llantas de aleaci\u00f3n diamantadas y stickers para la carrocer\u00eda.<\/li>\n<li>C-Cubed: El Nuevo C3 forma parte del programa C-Cubed, que incluye tres nuevos modelos desarrollados y dise\u00f1ados exclusivamente para Am\u00e9rica del Sur.<\/li>\n<\/ol>\n<p>&nbsp;<\/p>\n<p><center><iframe title=\"Nuevo Citro\u00ebn C3\" width=\"640\" height=\"360\" src=\"https:\/\/www.youtube.com\/embed\/09SW2lth5jQ?feature=oembed\" frameborder=\"0\" allow=\"accelerometer; autoplay; clipboard-write; encrypted-media; gyroscope; picture-in-picture; web-share\" referrerpolicy=\"strict-origin-when-cross-origin\" allowfullscreen><\/iframe><\/p>\n<p>&nbsp;<\/p>\n<p>&nbsp;<\/p>\n<p><\/center>Con estos veinte atributos y caracter\u00edsticas, <a href=\"https:\/\/autofans.com.ar\/index.php\/2023\/04\/10\/citroen-c3-gana-el-premio-al-best-urban-car-en-los-world-car-awards-2023\/\" target=\"_blank\" rel=\"noopener\">el Nuevo Citro\u00ebn C3<\/a> se consolida como una opci\u00f3n \u00fanica en el mercado sudamericano. Ofreciendo as\u00ed accesibilidad, dise\u00f1o, robustez y una experiencia de conducci\u00f3n excepcional.<\/p>\n<p>&nbsp;<\/p>\n<p><i>Para enterarte de m\u00e1s novedades, no dejes de leer\u00a0<\/i><a href=\"https:\/\/autofans.thebrandsoup.com\/\"><i>nuestras notas<\/i><\/a><i>, de ver<\/i><b><i>\u00a0<\/i><\/b><a href=\"https:\/\/www.youtube.com\/channel\/UCgAC8UGHZYbT6P7PpmVnP7g\"><b><i>AUTOFANS TV<\/i><\/b><\/a><b><i>\u00a0<\/i><\/b><i>en nuestro\u00a0canal de Youtube. Adem\u00e1s seguinos en\u00a0<\/i><a href=\"https:\/\/www.instagram.com\/autofanstv\/\"><i>INSTAGRAM<\/i><\/a><i> y <\/i><a href=\"https:\/\/www.facebook.com\/autofansmas\/\"><i>FACEBOOK<\/i><\/a><i> para no perderte nada sobre las novedades del segmento automotor de Argentina y el mundo. <\/i><\/p>\n","protected":false},"excerpt":{"rendered":"<p>Desde su llegada al mercado sudamericano hace veinte a\u00f1os, el Citro\u00ebn C3 ha marcado una&#8230;<\/p>\n","protected":false},"author":2,"featured_media":3279,"comment_status":"closed","ping_status":"closed","sticky":false,"template":"","format":"standard","meta":{"footnotes":""},"categories":[3,16],"tags":[211,360,36,1601,1600],"class_list":["post-3278","post","type-post","status-publish","format-standard","has-post-thumbnail","hentry","category-autos","category-noticias","tag-tecnologia","tag-automoviles","tag-citroen","tag-citroenc3","tag-nuevoc3"],"yoast_head":"<!-- This site is optimized with the Yoast SEO plugin v27.5 - https:\/\/yoast.com\/product\/yoast-seo-wordpress\/ -->\n<title>20 A\u00f1os del Nuevo Citro\u00ebn C3: Una Trayectoria Exitosa en Sudam\u00e9rica -<\/title>\n<meta name=\"description\" content=\"Desde su llegada al mercado sudamericano, el Citro\u00ebn C3 ha marcado una historia incre\u00edble, el modelo m\u00e1s exitoso de la marca en la regi\u00f3n...\" \/>\n<meta name=\"robots\" content=\"index, follow, max-snippet:-1, max-image-preview:large, max-video-preview:-1\" \/>\n<link rel=\"canonical\" href=\"https:\/\/autofans.com.ar\/index.php\/2023\/06\/15\/20-anos-del-nuevo-citroen-c3-una-trayectoria-exitosa-en-sudamerica\/\" \/>\n<meta property=\"og:locale\" content=\"es_ES\" \/>\n<meta property=\"og:type\" content=\"article\" \/>\n<meta property=\"og:title\" content=\"20 A\u00f1os del Nuevo Citro\u00ebn C3: Una Trayectoria Exitosa en Sudam\u00e9rica -\" \/>\n<meta property=\"og:description\" content=\"Desde su llegada al mercado sudamericano, el Citro\u00ebn C3 ha marcado una historia incre\u00edble, el modelo m\u00e1s exitoso de la marca en la regi\u00f3n...\" \/>\n<meta property=\"og:url\" content=\"https:\/\/autofans.com.ar\/index.php\/2023\/06\/15\/20-anos-del-nuevo-citroen-c3-una-trayectoria-exitosa-en-sudamerica\/\" \/>\n<meta property=\"article:published_time\" content=\"2023-06-15T23:54:26+00:00\" \/>\n<meta property=\"og:image\" content=\"https:\/\/autofans.com.ar\/wp-content\/uploads\/2023\/06\/foto-2-26.jpg\" \/>\n\t<meta property=\"og:image:width\" content=\"1000\" \/>\n\t<meta property=\"og:image:height\" content=\"667\" \/>\n\t<meta property=\"og:image:type\" content=\"image\/jpeg\" \/>\n<meta name=\"author\" content=\"Alejandro Gabriel Rosito\" \/>\n<meta name=\"twitter:card\" content=\"summary_large_image\" \/>\n<meta name=\"twitter:label1\" content=\"Escrito por\" \/>\n\t<meta name=\"twitter:data1\" content=\"Alejandro Gabriel Rosito\" \/>\n\t<meta name=\"twitter:label2\" content=\"Tiempo de lectura\" \/>\n\t<meta name=\"twitter:data2\" content=\"5 minutos\" \/>\n<script type=\"application\/ld+json\" class=\"yoast-schema-graph\">{\"@context\":\"https:\\\/\\\/schema.org\",\"@graph\":[{\"@type\":\"Article\",\"@id\":\"https:\\\/\\\/autofans.com.ar\\\/index.php\\\/2023\\\/06\\\/15\\\/20-anos-del-nuevo-citroen-c3-una-trayectoria-exitosa-en-sudamerica\\\/#article\",\"isPartOf\":{\"@id\":\"https:\\\/\\\/autofans.com.ar\\\/index.php\\\/2023\\\/06\\\/15\\\/20-anos-del-nuevo-citroen-c3-una-trayectoria-exitosa-en-sudamerica\\\/\"},\"author\":{\"name\":\"Alejandro Gabriel Rosito\",\"@id\":\"https:\\\/\\\/autofans.com.ar\\\/#\\\/schema\\\/person\\\/4a8dda0b6df83ac3d6723e921274c2aa\"},\"headline\":\"20 A\u00f1os del Nuevo Citro\u00ebn C3: Una Trayectoria Exitosa en Sudam\u00e9rica\",\"datePublished\":\"2023-06-15T23:54:26+00:00\",\"mainEntityOfPage\":{\"@id\":\"https:\\\/\\\/autofans.com.ar\\\/index.php\\\/2023\\\/06\\\/15\\\/20-anos-del-nuevo-citroen-c3-una-trayectoria-exitosa-en-sudamerica\\\/\"},\"wordCount\":1069,\"image\":{\"@id\":\"https:\\\/\\\/autofans.com.ar\\\/index.php\\\/2023\\\/06\\\/15\\\/20-anos-del-nuevo-citroen-c3-una-trayectoria-exitosa-en-sudamerica\\\/#primaryimage\"},\"thumbnailUrl\":\"https:\\\/\\\/autofans.com.ar\\\/wp-content\\\/uploads\\\/2023\\\/06\\\/foto-2-26.jpg\",\"keywords\":[\"#tecnolog\u00eda\",\"autom\u00f3viles\",\"Citroen\",\"Citro\u00ebnC3\",\"NuevoC3\"],\"articleSection\":[\"AUTOS y SUV\",\"NOTICIAS\"],\"inLanguage\":\"es\"},{\"@type\":\"WebPage\",\"@id\":\"https:\\\/\\\/autofans.com.ar\\\/index.php\\\/2023\\\/06\\\/15\\\/20-anos-del-nuevo-citroen-c3-una-trayectoria-exitosa-en-sudamerica\\\/\",\"url\":\"https:\\\/\\\/autofans.com.ar\\\/index.php\\\/2023\\\/06\\\/15\\\/20-anos-del-nuevo-citroen-c3-una-trayectoria-exitosa-en-sudamerica\\\/\",\"name\":\"20 A\u00f1os del Nuevo Citro\u00ebn C3: Una Trayectoria Exitosa en Sudam\u00e9rica -\",\"isPartOf\":{\"@id\":\"https:\\\/\\\/autofans.com.ar\\\/#website\"},\"primaryImageOfPage\":{\"@id\":\"https:\\\/\\\/autofans.com.ar\\\/index.php\\\/2023\\\/06\\\/15\\\/20-anos-del-nuevo-citroen-c3-una-trayectoria-exitosa-en-sudamerica\\\/#primaryimage\"},\"image\":{\"@id\":\"https:\\\/\\\/autofans.com.ar\\\/index.php\\\/2023\\\/06\\\/15\\\/20-anos-del-nuevo-citroen-c3-una-trayectoria-exitosa-en-sudamerica\\\/#primaryimage\"},\"thumbnailUrl\":\"https:\\\/\\\/autofans.com.ar\\\/wp-content\\\/uploads\\\/2023\\\/06\\\/foto-2-26.jpg\",\"datePublished\":\"2023-06-15T23:54:26+00:00\",\"author\":{\"@id\":\"https:\\\/\\\/autofans.com.ar\\\/#\\\/schema\\\/person\\\/4a8dda0b6df83ac3d6723e921274c2aa\"},\"description\":\"Desde su llegada al mercado sudamericano, el Citro\u00ebn C3 ha marcado una historia incre\u00edble, el modelo m\u00e1s exitoso de la marca en la regi\u00f3n...\",\"breadcrumb\":{\"@id\":\"https:\\\/\\\/autofans.com.ar\\\/index.php\\\/2023\\\/06\\\/15\\\/20-anos-del-nuevo-citroen-c3-una-trayectoria-exitosa-en-sudamerica\\\/#breadcrumb\"},\"inLanguage\":\"es\",\"potentialAction\":[{\"@type\":\"ReadAction\",\"target\":[\"https:\\\/\\\/autofans.com.ar\\\/index.php\\\/2023\\\/06\\\/15\\\/20-anos-del-nuevo-citroen-c3-una-trayectoria-exitosa-en-sudamerica\\\/\"]}]},{\"@type\":\"ImageObject\",\"inLanguage\":\"es\",\"@id\":\"https:\\\/\\\/autofans.com.ar\\\/index.php\\\/2023\\\/06\\\/15\\\/20-anos-del-nuevo-citroen-c3-una-trayectoria-exitosa-en-sudamerica\\\/#primaryimage\",\"url\":\"https:\\\/\\\/autofans.com.ar\\\/wp-content\\\/uploads\\\/2023\\\/06\\\/foto-2-26.jpg\",\"contentUrl\":\"https:\\\/\\\/autofans.com.ar\\\/wp-content\\\/uploads\\\/2023\\\/06\\\/foto-2-26.jpg\",\"width\":1000,\"height\":667,\"caption\":\"citroen c3\"},{\"@type\":\"BreadcrumbList\",\"@id\":\"https:\\\/\\\/autofans.com.ar\\\/index.php\\\/2023\\\/06\\\/15\\\/20-anos-del-nuevo-citroen-c3-una-trayectoria-exitosa-en-sudamerica\\\/#breadcrumb\",\"itemListElement\":[{\"@type\":\"ListItem\",\"position\":1,\"name\":\"Inicio\",\"item\":\"https:\\\/\\\/autofans.com.ar\\\/\"},{\"@type\":\"ListItem\",\"position\":2,\"name\":\"20 A\u00f1os del Nuevo Citro\u00ebn C3: Una Trayectoria Exitosa en Sudam\u00e9rica\"}]},{\"@type\":\"WebSite\",\"@id\":\"https:\\\/\\\/autofans.com.ar\\\/#website\",\"url\":\"https:\\\/\\\/autofans.com.ar\\\/\",\"name\":\"\",\"description\":\"El multimedio referente de la industria automotriz\",\"potentialAction\":[{\"@type\":\"SearchAction\",\"target\":{\"@type\":\"EntryPoint\",\"urlTemplate\":\"https:\\\/\\\/autofans.com.ar\\\/?s={search_term_string}\"},\"query-input\":{\"@type\":\"PropertyValueSpecification\",\"valueRequired\":true,\"valueName\":\"search_term_string\"}}],\"inLanguage\":\"es\"},{\"@type\":\"Person\",\"@id\":\"https:\\\/\\\/autofans.com.ar\\\/#\\\/schema\\\/person\\\/4a8dda0b6df83ac3d6723e921274c2aa\",\"name\":\"Alejandro Gabriel Rosito\",\"image\":{\"@type\":\"ImageObject\",\"inLanguage\":\"es\",\"@id\":\"https:\\\/\\\/secure.gravatar.com\\\/avatar\\\/16c5dda1489adfc62618084dcbb91cffd879c374b13fe5dd8e44ed6733852c88?s=96&d=mm&r=g\",\"url\":\"https:\\\/\\\/secure.gravatar.com\\\/avatar\\\/16c5dda1489adfc62618084dcbb91cffd879c374b13fe5dd8e44ed6733852c88?s=96&d=mm&r=g\",\"contentUrl\":\"https:\\\/\\\/secure.gravatar.com\\\/avatar\\\/16c5dda1489adfc62618084dcbb91cffd879c374b13fe5dd8e44ed6733852c88?s=96&d=mm&r=g\",\"caption\":\"Alejandro Gabriel Rosito\"},\"url\":\"https:\\\/\\\/autofans.com.ar\\\/index.php\\\/author\\\/gabrielr\\\/\"}]}<\/script>\n<!-- \/ Yoast SEO plugin. -->","yoast_head_json":{"title":"20 A\u00f1os del Nuevo Citro\u00ebn C3: Una Trayectoria Exitosa en Sudam\u00e9rica -","description":"Desde su llegada al mercado sudamericano, el Citro\u00ebn C3 ha marcado una historia incre\u00edble, el modelo m\u00e1s exitoso de la marca en la regi\u00f3n...","robots":{"index":"index","follow":"follow","max-snippet":"max-snippet:-1","max-image-preview":"max-image-preview:large","max-video-preview":"max-video-preview:-1"},"canonical":"https:\/\/autofans.com.ar\/index.php\/2023\/06\/15\/20-anos-del-nuevo-citroen-c3-una-trayectoria-exitosa-en-sudamerica\/","og_locale":"es_ES","og_type":"article","og_title":"20 A\u00f1os del Nuevo Citro\u00ebn C3: Una Trayectoria Exitosa en Sudam\u00e9rica -","og_description":"Desde su llegada al mercado sudamericano, el Citro\u00ebn C3 ha marcado una historia incre\u00edble, el modelo m\u00e1s exitoso de la marca en la regi\u00f3n...","og_url":"https:\/\/autofans.com.ar\/index.php\/2023\/06\/15\/20-anos-del-nuevo-citroen-c3-una-trayectoria-exitosa-en-sudamerica\/","article_published_time":"2023-06-15T23:54:26+00:00","og_image":[{"width":1000,"height":667,"url":"https:\/\/autofans.com.ar\/wp-content\/uploads\/2023\/06\/foto-2-26.jpg","type":"image\/jpeg"}],"author":"Alejandro Gabriel Rosito","twitter_card":"summary_large_image","twitter_misc":{"Escrito por":"Alejandro Gabriel Rosito","Tiempo de lectura":"5 minutos"},"schema":{"@context":"https:\/\/schema.org","@graph":[{"@type":"Article","@id":"https:\/\/autofans.com.ar\/index.php\/2023\/06\/15\/20-anos-del-nuevo-citroen-c3-una-trayectoria-exitosa-en-sudamerica\/#article","isPartOf":{"@id":"https:\/\/autofans.com.ar\/index.php\/2023\/06\/15\/20-anos-del-nuevo-citroen-c3-una-trayectoria-exitosa-en-sudamerica\/"},"author":{"name":"Alejandro Gabriel Rosito","@id":"https:\/\/autofans.com.ar\/#\/schema\/person\/4a8dda0b6df83ac3d6723e921274c2aa"},"headline":"20 A\u00f1os del Nuevo Citro\u00ebn C3: Una Trayectoria Exitosa en Sudam\u00e9rica","datePublished":"2023-06-15T23:54:26+00:00","mainEntityOfPage":{"@id":"https:\/\/autofans.com.ar\/index.php\/2023\/06\/15\/20-anos-del-nuevo-citroen-c3-una-trayectoria-exitosa-en-sudamerica\/"},"wordCount":1069,"image":{"@id":"https:\/\/autofans.com.ar\/index.php\/2023\/06\/15\/20-anos-del-nuevo-citroen-c3-una-trayectoria-exitosa-en-sudamerica\/#primaryimage"},"thumbnailUrl":"https:\/\/autofans.com.ar\/wp-content\/uploads\/2023\/06\/foto-2-26.jpg","keywords":["#tecnolog\u00eda","autom\u00f3viles","Citroen","Citro\u00ebnC3","NuevoC3"],"articleSection":["AUTOS y SUV","NOTICIAS"],"inLanguage":"es"},{"@type":"WebPage","@id":"https:\/\/autofans.com.ar\/index.php\/2023\/06\/15\/20-anos-del-nuevo-citroen-c3-una-trayectoria-exitosa-en-sudamerica\/","url":"https:\/\/autofans.com.ar\/index.php\/2023\/06\/15\/20-anos-del-nuevo-citroen-c3-una-trayectoria-exitosa-en-sudamerica\/","name":"20 A\u00f1os del Nuevo Citro\u00ebn C3: Una Trayectoria Exitosa en Sudam\u00e9rica -","isPartOf":{"@id":"https:\/\/autofans.com.ar\/#website"},"primaryImageOfPage":{"@id":"https:\/\/autofans.com.ar\/index.php\/2023\/06\/15\/20-anos-del-nuevo-citroen-c3-una-trayectoria-exitosa-en-sudamerica\/#primaryimage"},"image":{"@id":"https:\/\/autofans.com.ar\/index.php\/2023\/06\/15\/20-anos-del-nuevo-citroen-c3-una-trayectoria-exitosa-en-sudamerica\/#primaryimage"},"thumbnailUrl":"https:\/\/autofans.com.ar\/wp-content\/uploads\/2023\/06\/foto-2-26.jpg","datePublished":"2023-06-15T23:54:26+00:00","author":{"@id":"https:\/\/autofans.com.ar\/#\/schema\/person\/4a8dda0b6df83ac3d6723e921274c2aa"},"description":"Desde su llegada al mercado sudamericano, el Citro\u00ebn C3 ha marcado una historia incre\u00edble, el modelo m\u00e1s exitoso de la marca en la regi\u00f3n...","breadcrumb":{"@id":"https:\/\/autofans.com.ar\/index.php\/2023\/06\/15\/20-anos-del-nuevo-citroen-c3-una-trayectoria-exitosa-en-sudamerica\/#breadcrumb"},"inLanguage":"es","potentialAction":[{"@type":"ReadAction","target":["https:\/\/autofans.com.ar\/index.php\/2023\/06\/15\/20-anos-del-nuevo-citroen-c3-una-trayectoria-exitosa-en-sudamerica\/"]}]},{"@type":"ImageObject","inLanguage":"es","@id":"https:\/\/autofans.com.ar\/index.php\/2023\/06\/15\/20-anos-del-nuevo-citroen-c3-una-trayectoria-exitosa-en-sudamerica\/#primaryimage","url":"https:\/\/autofans.com.ar\/wp-content\/uploads\/2023\/06\/foto-2-26.jpg","contentUrl":"https:\/\/autofans.com.ar\/wp-content\/uploads\/2023\/06\/foto-2-26.jpg","width":1000,"height":667,"caption":"citroen c3"},{"@type":"BreadcrumbList","@id":"https:\/\/autofans.com.ar\/index.php\/2023\/06\/15\/20-anos-del-nuevo-citroen-c3-una-trayectoria-exitosa-en-sudamerica\/#breadcrumb","itemListElement":[{"@type":"ListItem","position":1,"name":"Inicio","item":"https:\/\/autofans.com.ar\/"},{"@type":"ListItem","position":2,"name":"20 A\u00f1os del Nuevo Citro\u00ebn C3: Una Trayectoria Exitosa en Sudam\u00e9rica"}]},{"@type":"WebSite","@id":"https:\/\/autofans.com.ar\/#website","url":"https:\/\/autofans.com.ar\/","name":"","description":"El multimedio referente de la industria automotriz","potentialAction":[{"@type":"SearchAction","target":{"@type":"EntryPoint","urlTemplate":"https:\/\/autofans.com.ar\/?s={search_term_string}"},"query-input":{"@type":"PropertyValueSpecification","valueRequired":true,"valueName":"search_term_string"}}],"inLanguage":"es"},{"@type":"Person","@id":"https:\/\/autofans.com.ar\/#\/schema\/person\/4a8dda0b6df83ac3d6723e921274c2aa","name":"Alejandro Gabriel Rosito","image":{"@type":"ImageObject","inLanguage":"es","@id":"https:\/\/secure.gravatar.com\/avatar\/16c5dda1489adfc62618084dcbb91cffd879c374b13fe5dd8e44ed6733852c88?s=96&d=mm&r=g","url":"https:\/\/secure.gravatar.com\/avatar\/16c5dda1489adfc62618084dcbb91cffd879c374b13fe5dd8e44ed6733852c88?s=96&d=mm&r=g","contentUrl":"https:\/\/secure.gravatar.com\/avatar\/16c5dda1489adfc62618084dcbb91cffd879c374b13fe5dd8e44ed6733852c88?s=96&d=mm&r=g","caption":"Alejandro Gabriel Rosito"},"url":"https:\/\/autofans.com.ar\/index.php\/author\/gabrielr\/"}]}},"featured_image_urls":{"full":["https:\/\/autofans.com.ar\/wp-content\/uploads\/2023\/06\/foto-2-26.jpg",1000,667,false],"thumbnail":["https:\/\/autofans.com.ar\/wp-content\/uploads\/2023\/06\/foto-2-26-150x150.jpg",150,150,true],"medium":["https:\/\/autofans.com.ar\/wp-content\/uploads\/2023\/06\/foto-2-26-300x200.jpg",300,200,true],"medium_large":["https:\/\/autofans.com.ar\/wp-content\/uploads\/2023\/06\/foto-2-26-768x512.jpg",640,427,true],"large":["https:\/\/autofans.com.ar\/wp-content\/uploads\/2023\/06\/foto-2-26.jpg",640,427,false],"1536x1536":["https:\/\/autofans.com.ar\/wp-content\/uploads\/2023\/06\/foto-2-26.jpg",1000,667,false],"2048x2048":["https:\/\/autofans.com.ar\/wp-content\/uploads\/2023\/06\/foto-2-26.jpg",1000,667,false],"covernews-featured":["https:\/\/autofans.com.ar\/wp-content\/uploads\/2023\/06\/foto-2-26.jpg",1000,667,false],"covernews-medium":["https:\/\/autofans.com.ar\/wp-content\/uploads\/2023\/06\/foto-2-26-540x340.jpg",540,340,true]},"author_info":{"display_name":"Alejandro Gabriel Rosito","author_link":"https:\/\/autofans.com.ar\/index.php\/author\/gabrielr\/"},"category_info":"<a href=\"https:\/\/autofans.com.ar\/index.php\/category\/noticias\/autos\/\" rel=\"category tag\">AUTOS y SUV<\/a> <a href=\"https:\/\/autofans.com.ar\/index.php\/category\/noticias\/\" rel=\"category tag\">NOTICIAS<\/a>","tag_info":"NOTICIAS","comment_count":0,"_links":{"self":[{"href":"https:\/\/autofans.com.ar\/index.php\/wp-json\/wp\/v2\/posts\/3278","targetHints":{"allow":["GET"]}}],"collection":[{"href":"https:\/\/autofans.com.ar\/index.php\/wp-json\/wp\/v2\/posts"}],"about":[{"href":"https:\/\/autofans.com.ar\/index.php\/wp-json\/wp\/v2\/types\/post"}],"author":[{"embeddable":true,"href":"https:\/\/autofans.com.ar\/index.php\/wp-json\/wp\/v2\/users\/2"}],"replies":[{"embeddable":true,"href":"https:\/\/autofans.com.ar\/index.php\/wp-json\/wp\/v2\/comments?post=3278"}],"version-history":[{"count":7,"href":"https:\/\/autofans.com.ar\/index.php\/wp-json\/wp\/v2\/posts\/3278\/revisions"}],"predecessor-version":[{"id":3286,"href":"https:\/\/autofans.com.ar\/index.php\/wp-json\/wp\/v2\/posts\/3278\/revisions\/3286"}],"wp:featuredmedia":[{"embeddable":true,"href":"https:\/\/autofans.com.ar\/index.php\/wp-json\/wp\/v2\/media\/3279"}],"wp:attachment":[{"href":"https:\/\/autofans.com.ar\/index.php\/wp-json\/wp\/v2\/media?parent=3278"}],"wp:term":[{"taxonomy":"category","embeddable":true,"href":"https:\/\/autofans.com.ar\/index.php\/wp-json\/wp\/v2\/categories?post=3278"},{"taxonomy":"post_tag","embeddable":true,"href":"https:\/\/autofans.com.ar\/index.php\/wp-json\/wp\/v2\/tags?post=3278"}],"curies":[{"name":"wp","href":"https:\/\/api.w.org\/{rel}","templated":true}]}}