{"id":3287,"date":"2023-06-16T12:22:39","date_gmt":"2023-06-16T15:22:39","guid":{"rendered":"https:\/\/autofans.com.ar\/?p=3287"},"modified":"2023-06-16T12:22:39","modified_gmt":"2023-06-16T15:22:39","slug":"valentino-rossi-triunfa-en-le-mans-al-volante-de-un-bmw-m4-gt3","status":"publish","type":"post","link":"https:\/\/autofans.com.ar\/index.php\/2023\/06\/16\/valentino-rossi-triunfa-en-le-mans-al-volante-de-un-bmw-m4-gt3\/","title":{"rendered":"Valentino Rossi triunfa en Le Mans al volante de un BMW M4 GT3"},"content":{"rendered":"<p>Valentino Rossi, reconocido piloto de motociclismo, ha logrado una haza\u00f1a impresionante al conquistar su primera victoria en la prestigiosa carrera de resistencia, las 24 Horas de Le Mans, al mando de un potente BMW M4 GT3. Este emocionante triunfo marca el inicio de la destacada presencia de BMW en el centenario de este legendario evento automovil\u00edstico.<\/p>\n<p>&nbsp;<\/p>\n<p><img fetchpriority=\"high\" decoding=\"async\" class=\"aligncenter wp-image-3291 size-full\" src=\"https:\/\/autofans.com.ar\/wp-content\/uploads\/2023\/06\/footo-1.jpg\" alt=\"Valentino Rossi\" width=\"1000\" height=\"667\" srcset=\"https:\/\/autofans.com.ar\/wp-content\/uploads\/2023\/06\/footo-1.jpg 1000w, https:\/\/autofans.com.ar\/wp-content\/uploads\/2023\/06\/footo-1-300x200.jpg 300w, https:\/\/autofans.com.ar\/wp-content\/uploads\/2023\/06\/footo-1-768x512.jpg 768w\" sizes=\"(max-width: 1000px) 100vw, 1000px\" \/><\/p>\n<p>&nbsp;<\/p>\n<h2>BMW M Team WRT arrasa en Road to Le Mans<\/h2>\n<p>El BMW M Team WRT, conformado por los pilotos oficiales de BMW M, Valentino Rossi y Max Hesse, particip\u00f3 en las competencias de Road to Le Mans, que forman parte de la Michelin Le Mans Cup. Durante el emocionante fin de semana, el equipo obtuvo dos victorias con el BMW M4 GT3, y Valentino Rossi dej\u00f3 su huella al conseguir su primer triunfo en la categor\u00eda GT3, realizando un sobrepaso magistral en la pen\u00faltima vuelta. Por su parte, Max Hesse y su compa\u00f1ero Tim Whale completaron el podio con una destacada segunda posici\u00f3n.<\/p>\n<p>&nbsp;<\/p>\n<p><img decoding=\"async\" class=\"aligncenter wp-image-3288 size-full\" src=\"https:\/\/autofans.com.ar\/wp-content\/uploads\/2023\/06\/footo-4.jpg\" alt=\"Valentino Rossi\" width=\"1000\" height=\"667\" srcset=\"https:\/\/autofans.com.ar\/wp-content\/uploads\/2023\/06\/footo-4.jpg 1000w, https:\/\/autofans.com.ar\/wp-content\/uploads\/2023\/06\/footo-4-300x200.jpg 300w, https:\/\/autofans.com.ar\/wp-content\/uploads\/2023\/06\/footo-4-768x512.jpg 768w\" sizes=\"(max-width: 1000px) 100vw, 1000px\" \/><\/p>\n<blockquote>\n<p style=\"text-align: center;\">\u00abEstamos emocionados por esta victoria, que marca nuestro primer \u00e9xito junto a BMW y nos brinda una valiosa experiencia de cara a las pr\u00f3ximas 24 horas. A pesar de algunos contratiempos en la primera carrera, siempre mantuvimos un ritmo s\u00f3lido, lo cual nos motiv\u00f3 para alcanzar el podio en la segunda. J\u00e9r\u00f4me tuvo un excelente desempe\u00f1o en la primera etapa, y yo pude demostrar una buena velocidad y realizar algunos sobrepasos notables. Estamos realmente felices\u00bb, expres\u00f3 Valentino Rossi (#46 BMW M4 GT3, BMW M Team WRT) sobre su victoria.<\/p>\n<\/blockquote>\n<h2>BMW Art Cars y V8 juntos en Le Mans<\/h2>\n<p>Este fin de semana marca el primer despliegue de BMW M Motorsport en Le Mans, anticipando el esperado estreno del BMW M Hybrid V8 en la categor\u00eda principal en 2024. Para conmemorar el centenario de las 24 Horas de Le Mans, el hist\u00f3rico BMW V12 LMR, que obtuvo la victoria general en 1999, realizar\u00e1 una vuelta de exhibici\u00f3n. Adem\u00e1s, los ic\u00f3nicos BMW Art Cars dise\u00f1ados por Alexander Calder y Jeff Koons, que causaron sensaci\u00f3n en ediciones pasadas de Le Mans, tambi\u00e9n ser\u00e1n exhibidos junto al prototipo BMW M Hybrid V8, brindando un adelanto emocionante de lo que nos espera en 2024.<\/p>\n<p>&nbsp;<\/p>\n<p><i>Para enterarte de m\u00e1s novedades, no dejes de leer\u00a0<\/i><a href=\"https:\/\/autofans.thebrandsoup.com\/\"><i>nuestras notas<\/i><\/a><i>, de ver<\/i><b><i>\u00a0<\/i><\/b><a href=\"https:\/\/www.youtube.com\/channel\/UCgAC8UGHZYbT6P7PpmVnP7g\"><b><i>AUTOFANS TV<\/i><\/b><\/a><b><i>\u00a0<\/i><\/b><i>en nuestro\u00a0canal de Youtube. Adem\u00e1s seguinos en\u00a0<\/i><a href=\"https:\/\/www.instagram.com\/autofanstv\/\"><i>INSTAGRAM<\/i><\/a><i> y <\/i><a href=\"https:\/\/www.facebook.com\/autofansmas\/\"><i>FACEBOOK<\/i><\/a><i> para no perderte nada sobre las novedades del segmento automotor de Argentina y el mundo. <\/i><\/p>\n","protected":false},"excerpt":{"rendered":"<p>Valentino Rossi, reconocido piloto de motociclismo, ha logrado una haza\u00f1a impresionante al conquistar su primera&#8230;<\/p>\n","protected":false},"author":2,"featured_media":3289,"comment_status":"closed","ping_status":"closed","sticky":false,"template":"","format":"standard","meta":{"footnotes":""},"categories":[127,16],"tags":[185,208,1592,1610,1603,1611,1604,1609,1605,945,1608,1606,1607,1602,229],"class_list":["post-3287","post","type-post","status-publish","format-standard","has-post-thumbnail","hentry","category-deporte","category-noticias","tag-automovilismo","tag-bmw","tag-24-horas-de-le-mans","tag-bmw-art-cars","tag-bmw-m","tag-bmw-m-hybrid-v8","tag-bmw-m4-gt3","tag-bmw-v12-lmr","tag-carrera-de-resistencia","tag-centenario","tag-michelin-le-mans-cup","tag-piloto","tag-road-to-le-mans","tag-valentino-rossi","tag-victoria"],"yoast_head":"<!-- This site is optimized with the Yoast SEO plugin v27.5 - https:\/\/yoast.com\/product\/yoast-seo-wordpress\/ -->\n<title>Valentino Rossi triunfa en Le Mans al volante de un BMW M4 GT3 -<\/title>\n<meta name=\"description\" content=\"Valentino Rossi, ha logrado una haza\u00f1a impresionante al conquistar su primera victoria en la carrera de resistencia, las 24 Horas de Le Mans.\" \/>\n<meta name=\"robots\" content=\"index, follow, max-snippet:-1, max-image-preview:large, max-video-preview:-1\" \/>\n<link rel=\"canonical\" href=\"https:\/\/autofans.com.ar\/index.php\/2023\/06\/16\/valentino-rossi-triunfa-en-le-mans-al-volante-de-un-bmw-m4-gt3\/\" \/>\n<meta property=\"og:locale\" content=\"es_ES\" \/>\n<meta property=\"og:type\" content=\"article\" \/>\n<meta property=\"og:title\" content=\"Valentino Rossi triunfa en Le Mans al volante de un BMW M4 GT3 -\" \/>\n<meta property=\"og:description\" content=\"Valentino Rossi, ha logrado una haza\u00f1a impresionante al conquistar su primera victoria en la carrera de resistencia, las 24 Horas de Le Mans.\" \/>\n<meta property=\"og:url\" content=\"https:\/\/autofans.com.ar\/index.php\/2023\/06\/16\/valentino-rossi-triunfa-en-le-mans-al-volante-de-un-bmw-m4-gt3\/\" \/>\n<meta property=\"article:published_time\" content=\"2023-06-16T15:22:39+00:00\" \/>\n<meta property=\"og:image\" content=\"https:\/\/autofans.com.ar\/wp-content\/uploads\/2023\/06\/footo-3.jpg\" \/>\n\t<meta property=\"og:image:width\" content=\"1000\" \/>\n\t<meta property=\"og:image:height\" content=\"667\" \/>\n\t<meta property=\"og:image:type\" content=\"image\/jpeg\" \/>\n<meta name=\"author\" content=\"Alejandro Gabriel Rosito\" \/>\n<meta name=\"twitter:card\" content=\"summary_large_image\" \/>\n<meta name=\"twitter:label1\" content=\"Escrito por\" \/>\n\t<meta name=\"twitter:data1\" content=\"Alejandro Gabriel Rosito\" \/>\n\t<meta name=\"twitter:label2\" content=\"Tiempo de lectura\" \/>\n\t<meta name=\"twitter:data2\" content=\"3 minutos\" \/>\n<script type=\"application\/ld+json\" class=\"yoast-schema-graph\">{\"@context\":\"https:\\\/\\\/schema.org\",\"@graph\":[{\"@type\":\"Article\",\"@id\":\"https:\\\/\\\/autofans.com.ar\\\/index.php\\\/2023\\\/06\\\/16\\\/valentino-rossi-triunfa-en-le-mans-al-volante-de-un-bmw-m4-gt3\\\/#article\",\"isPartOf\":{\"@id\":\"https:\\\/\\\/autofans.com.ar\\\/index.php\\\/2023\\\/06\\\/16\\\/valentino-rossi-triunfa-en-le-mans-al-volante-de-un-bmw-m4-gt3\\\/\"},\"author\":{\"name\":\"Alejandro Gabriel Rosito\",\"@id\":\"https:\\\/\\\/autofans.com.ar\\\/#\\\/schema\\\/person\\\/4a8dda0b6df83ac3d6723e921274c2aa\"},\"headline\":\"Valentino Rossi triunfa en Le Mans al volante de un BMW M4 GT3\",\"datePublished\":\"2023-06-16T15:22:39+00:00\",\"mainEntityOfPage\":{\"@id\":\"https:\\\/\\\/autofans.com.ar\\\/index.php\\\/2023\\\/06\\\/16\\\/valentino-rossi-triunfa-en-le-mans-al-volante-de-un-bmw-m4-gt3\\\/\"},\"wordCount\":431,\"image\":{\"@id\":\"https:\\\/\\\/autofans.com.ar\\\/index.php\\\/2023\\\/06\\\/16\\\/valentino-rossi-triunfa-en-le-mans-al-volante-de-un-bmw-m4-gt3\\\/#primaryimage\"},\"thumbnailUrl\":\"https:\\\/\\\/autofans.com.ar\\\/wp-content\\\/uploads\\\/2023\\\/06\\\/footo-3.jpg\",\"keywords\":[\"#automovilismo\",\"#BMW\",\"24 Horas de Le Mans\",\"BMW Art Cars\",\"BMW M\",\"BMW M Hybrid V8\",\"BMW M4 GT3\",\"BMW V12 LMR\",\"carrera de resistencia\",\"Centenario\",\"Michelin Le Mans Cup\",\"piloto\",\"Road to Le Mans\",\"Valentino Rossi\",\"victoria\"],\"articleSection\":[\"DEPORTE MOTOR\",\"NOTICIAS\"],\"inLanguage\":\"es\"},{\"@type\":\"WebPage\",\"@id\":\"https:\\\/\\\/autofans.com.ar\\\/index.php\\\/2023\\\/06\\\/16\\\/valentino-rossi-triunfa-en-le-mans-al-volante-de-un-bmw-m4-gt3\\\/\",\"url\":\"https:\\\/\\\/autofans.com.ar\\\/index.php\\\/2023\\\/06\\\/16\\\/valentino-rossi-triunfa-en-le-mans-al-volante-de-un-bmw-m4-gt3\\\/\",\"name\":\"Valentino Rossi triunfa en Le Mans al volante de un BMW M4 GT3 -\",\"isPartOf\":{\"@id\":\"https:\\\/\\\/autofans.com.ar\\\/#website\"},\"primaryImageOfPage\":{\"@id\":\"https:\\\/\\\/autofans.com.ar\\\/index.php\\\/2023\\\/06\\\/16\\\/valentino-rossi-triunfa-en-le-mans-al-volante-de-un-bmw-m4-gt3\\\/#primaryimage\"},\"image\":{\"@id\":\"https:\\\/\\\/autofans.com.ar\\\/index.php\\\/2023\\\/06\\\/16\\\/valentino-rossi-triunfa-en-le-mans-al-volante-de-un-bmw-m4-gt3\\\/#primaryimage\"},\"thumbnailUrl\":\"https:\\\/\\\/autofans.com.ar\\\/wp-content\\\/uploads\\\/2023\\\/06\\\/footo-3.jpg\",\"datePublished\":\"2023-06-16T15:22:39+00:00\",\"author\":{\"@id\":\"https:\\\/\\\/autofans.com.ar\\\/#\\\/schema\\\/person\\\/4a8dda0b6df83ac3d6723e921274c2aa\"},\"description\":\"Valentino Rossi, ha logrado una haza\u00f1a impresionante al conquistar su primera victoria en la carrera de resistencia, las 24 Horas de Le Mans.\",\"breadcrumb\":{\"@id\":\"https:\\\/\\\/autofans.com.ar\\\/index.php\\\/2023\\\/06\\\/16\\\/valentino-rossi-triunfa-en-le-mans-al-volante-de-un-bmw-m4-gt3\\\/#breadcrumb\"},\"inLanguage\":\"es\",\"potentialAction\":[{\"@type\":\"ReadAction\",\"target\":[\"https:\\\/\\\/autofans.com.ar\\\/index.php\\\/2023\\\/06\\\/16\\\/valentino-rossi-triunfa-en-le-mans-al-volante-de-un-bmw-m4-gt3\\\/\"]}]},{\"@type\":\"ImageObject\",\"inLanguage\":\"es\",\"@id\":\"https:\\\/\\\/autofans.com.ar\\\/index.php\\\/2023\\\/06\\\/16\\\/valentino-rossi-triunfa-en-le-mans-al-volante-de-un-bmw-m4-gt3\\\/#primaryimage\",\"url\":\"https:\\\/\\\/autofans.com.ar\\\/wp-content\\\/uploads\\\/2023\\\/06\\\/footo-3.jpg\",\"contentUrl\":\"https:\\\/\\\/autofans.com.ar\\\/wp-content\\\/uploads\\\/2023\\\/06\\\/footo-3.jpg\",\"width\":1000,\"height\":667,\"caption\":\"Valentino Rossi\"},{\"@type\":\"BreadcrumbList\",\"@id\":\"https:\\\/\\\/autofans.com.ar\\\/index.php\\\/2023\\\/06\\\/16\\\/valentino-rossi-triunfa-en-le-mans-al-volante-de-un-bmw-m4-gt3\\\/#breadcrumb\",\"itemListElement\":[{\"@type\":\"ListItem\",\"position\":1,\"name\":\"Inicio\",\"item\":\"https:\\\/\\\/autofans.com.ar\\\/\"},{\"@type\":\"ListItem\",\"position\":2,\"name\":\"Valentino Rossi triunfa en Le Mans al volante de un BMW M4 GT3\"}]},{\"@type\":\"WebSite\",\"@id\":\"https:\\\/\\\/autofans.com.ar\\\/#website\",\"url\":\"https:\\\/\\\/autofans.com.ar\\\/\",\"name\":\"\",\"description\":\"El multimedio referente de la industria automotriz\",\"potentialAction\":[{\"@type\":\"SearchAction\",\"target\":{\"@type\":\"EntryPoint\",\"urlTemplate\":\"https:\\\/\\\/autofans.com.ar\\\/?s={search_term_string}\"},\"query-input\":{\"@type\":\"PropertyValueSpecification\",\"valueRequired\":true,\"valueName\":\"search_term_string\"}}],\"inLanguage\":\"es\"},{\"@type\":\"Person\",\"@id\":\"https:\\\/\\\/autofans.com.ar\\\/#\\\/schema\\\/person\\\/4a8dda0b6df83ac3d6723e921274c2aa\",\"name\":\"Alejandro Gabriel Rosito\",\"image\":{\"@type\":\"ImageObject\",\"inLanguage\":\"es\",\"@id\":\"https:\\\/\\\/secure.gravatar.com\\\/avatar\\\/16c5dda1489adfc62618084dcbb91cffd879c374b13fe5dd8e44ed6733852c88?s=96&d=mm&r=g\",\"url\":\"https:\\\/\\\/secure.gravatar.com\\\/avatar\\\/16c5dda1489adfc62618084dcbb91cffd879c374b13fe5dd8e44ed6733852c88?s=96&d=mm&r=g\",\"contentUrl\":\"https:\\\/\\\/secure.gravatar.com\\\/avatar\\\/16c5dda1489adfc62618084dcbb91cffd879c374b13fe5dd8e44ed6733852c88?s=96&d=mm&r=g\",\"caption\":\"Alejandro Gabriel Rosito\"},\"url\":\"https:\\\/\\\/autofans.com.ar\\\/index.php\\\/author\\\/gabrielr\\\/\"}]}<\/script>\n<!-- \/ Yoast SEO plugin. -->","yoast_head_json":{"title":"Valentino Rossi triunfa en Le Mans al volante de un BMW M4 GT3 -","description":"Valentino Rossi, ha logrado una haza\u00f1a impresionante al conquistar su primera victoria en la carrera de resistencia, las 24 Horas de Le Mans.","robots":{"index":"index","follow":"follow","max-snippet":"max-snippet:-1","max-image-preview":"max-image-preview:large","max-video-preview":"max-video-preview:-1"},"canonical":"https:\/\/autofans.com.ar\/index.php\/2023\/06\/16\/valentino-rossi-triunfa-en-le-mans-al-volante-de-un-bmw-m4-gt3\/","og_locale":"es_ES","og_type":"article","og_title":"Valentino Rossi triunfa en Le Mans al volante de un BMW M4 GT3 -","og_description":"Valentino Rossi, ha logrado una haza\u00f1a impresionante al conquistar su primera victoria en la carrera de resistencia, las 24 Horas de Le Mans.","og_url":"https:\/\/autofans.com.ar\/index.php\/2023\/06\/16\/valentino-rossi-triunfa-en-le-mans-al-volante-de-un-bmw-m4-gt3\/","article_published_time":"2023-06-16T15:22:39+00:00","og_image":[{"width":1000,"height":667,"url":"https:\/\/autofans.com.ar\/wp-content\/uploads\/2023\/06\/footo-3.jpg","type":"image\/jpeg"}],"author":"Alejandro Gabriel Rosito","twitter_card":"summary_large_image","twitter_misc":{"Escrito por":"Alejandro Gabriel Rosito","Tiempo de lectura":"3 minutos"},"schema":{"@context":"https:\/\/schema.org","@graph":[{"@type":"Article","@id":"https:\/\/autofans.com.ar\/index.php\/2023\/06\/16\/valentino-rossi-triunfa-en-le-mans-al-volante-de-un-bmw-m4-gt3\/#article","isPartOf":{"@id":"https:\/\/autofans.com.ar\/index.php\/2023\/06\/16\/valentino-rossi-triunfa-en-le-mans-al-volante-de-un-bmw-m4-gt3\/"},"author":{"name":"Alejandro Gabriel Rosito","@id":"https:\/\/autofans.com.ar\/#\/schema\/person\/4a8dda0b6df83ac3d6723e921274c2aa"},"headline":"Valentino Rossi triunfa en Le Mans al volante de un BMW M4 GT3","datePublished":"2023-06-16T15:22:39+00:00","mainEntityOfPage":{"@id":"https:\/\/autofans.com.ar\/index.php\/2023\/06\/16\/valentino-rossi-triunfa-en-le-mans-al-volante-de-un-bmw-m4-gt3\/"},"wordCount":431,"image":{"@id":"https:\/\/autofans.com.ar\/index.php\/2023\/06\/16\/valentino-rossi-triunfa-en-le-mans-al-volante-de-un-bmw-m4-gt3\/#primaryimage"},"thumbnailUrl":"https:\/\/autofans.com.ar\/wp-content\/uploads\/2023\/06\/footo-3.jpg","keywords":["#automovilismo","#BMW","24 Horas de Le Mans","BMW Art Cars","BMW M","BMW M Hybrid V8","BMW M4 GT3","BMW V12 LMR","carrera de resistencia","Centenario","Michelin Le Mans Cup","piloto","Road to Le Mans","Valentino Rossi","victoria"],"articleSection":["DEPORTE MOTOR","NOTICIAS"],"inLanguage":"es"},{"@type":"WebPage","@id":"https:\/\/autofans.com.ar\/index.php\/2023\/06\/16\/valentino-rossi-triunfa-en-le-mans-al-volante-de-un-bmw-m4-gt3\/","url":"https:\/\/autofans.com.ar\/index.php\/2023\/06\/16\/valentino-rossi-triunfa-en-le-mans-al-volante-de-un-bmw-m4-gt3\/","name":"Valentino Rossi triunfa en Le Mans al volante de un BMW M4 GT3 -","isPartOf":{"@id":"https:\/\/autofans.com.ar\/#website"},"primaryImageOfPage":{"@id":"https:\/\/autofans.com.ar\/index.php\/2023\/06\/16\/valentino-rossi-triunfa-en-le-mans-al-volante-de-un-bmw-m4-gt3\/#primaryimage"},"image":{"@id":"https:\/\/autofans.com.ar\/index.php\/2023\/06\/16\/valentino-rossi-triunfa-en-le-mans-al-volante-de-un-bmw-m4-gt3\/#primaryimage"},"thumbnailUrl":"https:\/\/autofans.com.ar\/wp-content\/uploads\/2023\/06\/footo-3.jpg","datePublished":"2023-06-16T15:22:39+00:00","author":{"@id":"https:\/\/autofans.com.ar\/#\/schema\/person\/4a8dda0b6df83ac3d6723e921274c2aa"},"description":"Valentino Rossi, ha logrado una haza\u00f1a impresionante al conquistar su primera victoria en la carrera de resistencia, las 24 Horas de Le Mans.","breadcrumb":{"@id":"https:\/\/autofans.com.ar\/index.php\/2023\/06\/16\/valentino-rossi-triunfa-en-le-mans-al-volante-de-un-bmw-m4-gt3\/#breadcrumb"},"inLanguage":"es","potentialAction":[{"@type":"ReadAction","target":["https:\/\/autofans.com.ar\/index.php\/2023\/06\/16\/valentino-rossi-triunfa-en-le-mans-al-volante-de-un-bmw-m4-gt3\/"]}]},{"@type":"ImageObject","inLanguage":"es","@id":"https:\/\/autofans.com.ar\/index.php\/2023\/06\/16\/valentino-rossi-triunfa-en-le-mans-al-volante-de-un-bmw-m4-gt3\/#primaryimage","url":"https:\/\/autofans.com.ar\/wp-content\/uploads\/2023\/06\/footo-3.jpg","contentUrl":"https:\/\/autofans.com.ar\/wp-content\/uploads\/2023\/06\/footo-3.jpg","width":1000,"height":667,"caption":"Valentino Rossi"},{"@type":"BreadcrumbList","@id":"https:\/\/autofans.com.ar\/index.php\/2023\/06\/16\/valentino-rossi-triunfa-en-le-mans-al-volante-de-un-bmw-m4-gt3\/#breadcrumb","itemListElement":[{"@type":"ListItem","position":1,"name":"Inicio","item":"https:\/\/autofans.com.ar\/"},{"@type":"ListItem","position":2,"name":"Valentino Rossi triunfa en Le Mans al volante de un BMW M4 GT3"}]},{"@type":"WebSite","@id":"https:\/\/autofans.com.ar\/#website","url":"https:\/\/autofans.com.ar\/","name":"","description":"El multimedio referente de la industria automotriz","potentialAction":[{"@type":"SearchAction","target":{"@type":"EntryPoint","urlTemplate":"https:\/\/autofans.com.ar\/?s={search_term_string}"},"query-input":{"@type":"PropertyValueSpecification","valueRequired":true,"valueName":"search_term_string"}}],"inLanguage":"es"},{"@type":"Person","@id":"https:\/\/autofans.com.ar\/#\/schema\/person\/4a8dda0b6df83ac3d6723e921274c2aa","name":"Alejandro Gabriel Rosito","image":{"@type":"ImageObject","inLanguage":"es","@id":"https:\/\/secure.gravatar.com\/avatar\/16c5dda1489adfc62618084dcbb91cffd879c374b13fe5dd8e44ed6733852c88?s=96&d=mm&r=g","url":"https:\/\/secure.gravatar.com\/avatar\/16c5dda1489adfc62618084dcbb91cffd879c374b13fe5dd8e44ed6733852c88?s=96&d=mm&r=g","contentUrl":"https:\/\/secure.gravatar.com\/avatar\/16c5dda1489adfc62618084dcbb91cffd879c374b13fe5dd8e44ed6733852c88?s=96&d=mm&r=g","caption":"Alejandro Gabriel Rosito"},"url":"https:\/\/autofans.com.ar\/index.php\/author\/gabrielr\/"}]}},"featured_image_urls":{"full":["https:\/\/autofans.com.ar\/wp-content\/uploads\/2023\/06\/footo-3.jpg",1000,667,false],"thumbnail":["https:\/\/autofans.com.ar\/wp-content\/uploads\/2023\/06\/footo-3-150x150.jpg",150,150,true],"medium":["https:\/\/autofans.com.ar\/wp-content\/uploads\/2023\/06\/footo-3-300x200.jpg",300,200,true],"medium_large":["https:\/\/autofans.com.ar\/wp-content\/uploads\/2023\/06\/footo-3-768x512.jpg",640,427,true],"large":["https:\/\/autofans.com.ar\/wp-content\/uploads\/2023\/06\/footo-3.jpg",640,427,false],"1536x1536":["https:\/\/autofans.com.ar\/wp-content\/uploads\/2023\/06\/footo-3.jpg",1000,667,false],"2048x2048":["https:\/\/autofans.com.ar\/wp-content\/uploads\/2023\/06\/footo-3.jpg",1000,667,false],"covernews-featured":["https:\/\/autofans.com.ar\/wp-content\/uploads\/2023\/06\/footo-3.jpg",1000,667,false],"covernews-medium":["https:\/\/autofans.com.ar\/wp-content\/uploads\/2023\/06\/footo-3-540x340.jpg",540,340,true]},"author_info":{"display_name":"Alejandro Gabriel Rosito","author_link":"https:\/\/autofans.com.ar\/index.php\/author\/gabrielr\/"},"category_info":"<a href=\"https:\/\/autofans.com.ar\/index.php\/category\/noticias\/deporte\/\" rel=\"category tag\">DEPORTE MOTOR<\/a> <a href=\"https:\/\/autofans.com.ar\/index.php\/category\/noticias\/\" rel=\"category tag\">NOTICIAS<\/a>","tag_info":"NOTICIAS","comment_count":0,"_links":{"self":[{"href":"https:\/\/autofans.com.ar\/index.php\/wp-json\/wp\/v2\/posts\/3287","targetHints":{"allow":["GET"]}}],"collection":[{"href":"https:\/\/autofans.com.ar\/index.php\/wp-json\/wp\/v2\/posts"}],"about":[{"href":"https:\/\/autofans.com.ar\/index.php\/wp-json\/wp\/v2\/types\/post"}],"author":[{"embeddable":true,"href":"https:\/\/autofans.com.ar\/index.php\/wp-json\/wp\/v2\/users\/2"}],"replies":[{"embeddable":true,"href":"https:\/\/autofans.com.ar\/index.php\/wp-json\/wp\/v2\/comments?post=3287"}],"version-history":[{"count":3,"href":"https:\/\/autofans.com.ar\/index.php\/wp-json\/wp\/v2\/posts\/3287\/revisions"}],"predecessor-version":[{"id":3294,"href":"https:\/\/autofans.com.ar\/index.php\/wp-json\/wp\/v2\/posts\/3287\/revisions\/3294"}],"wp:featuredmedia":[{"embeddable":true,"href":"https:\/\/autofans.com.ar\/index.php\/wp-json\/wp\/v2\/media\/3289"}],"wp:attachment":[{"href":"https:\/\/autofans.com.ar\/index.php\/wp-json\/wp\/v2\/media?parent=3287"}],"wp:term":[{"taxonomy":"category","embeddable":true,"href":"https:\/\/autofans.com.ar\/index.php\/wp-json\/wp\/v2\/categories?post=3287"},{"taxonomy":"post_tag","embeddable":true,"href":"https:\/\/autofans.com.ar\/index.php\/wp-json\/wp\/v2\/tags?post=3287"}],"curies":[{"name":"wp","href":"https:\/\/api.w.org\/{rel}","templated":true}]}}