{"id":3295,"date":"2023-06-16T18:16:02","date_gmt":"2023-06-16T21:16:02","guid":{"rendered":"https:\/\/autofans.com.ar\/?p=3295"},"modified":"2023-06-16T18:20:42","modified_gmt":"2023-06-16T21:20:42","slug":"ducati-arrasa-en-mugello-con-record-y-dominio-absoluto","status":"publish","type":"post","link":"https:\/\/autofans.com.ar\/index.php\/2023\/06\/16\/ducati-arrasa-en-mugello-con-record-y-dominio-absoluto\/","title":{"rendered":"Ducati arrasa en Mugello con r\u00e9cord y dominio absoluto"},"content":{"rendered":"<p>En un emocionante s\u00e1bado en el Autodromo Internazionale del Mugello, Ducati demostr\u00f3 su dominio absoluto en el campeonato mundial de MotoGP. Los pilotos de la marca italiana arrasaron en la clasificaci\u00f3n y se llevaron los primeros cinco puestos en la Sprint Race, dejando a los fan\u00e1ticos italianos en \u00e9xtasis.<\/p>\n<p>&nbsp;<\/p>\n<p><img fetchpriority=\"high\" decoding=\"async\" class=\"aligncenter wp-image-3299 size-full\" src=\"https:\/\/autofans.com.ar\/wp-content\/uploads\/2023\/06\/foto.jpg\" alt=\"ducati\" width=\"1000\" height=\"667\" srcset=\"https:\/\/autofans.com.ar\/wp-content\/uploads\/2023\/06\/foto.jpg 1000w, https:\/\/autofans.com.ar\/wp-content\/uploads\/2023\/06\/foto-300x200.jpg 300w, https:\/\/autofans.com.ar\/wp-content\/uploads\/2023\/06\/foto-768x512.jpg 768w\" sizes=\"(max-width: 1000px) 100vw, 1000px\" \/><\/p>\n<p>&nbsp;<\/p>\n<p>Encabezando el \u00e9xito de Ducati estuvo Pecco Bagnaia, quien se llev\u00f3 la Pole Position en la Q2 estableciendo un nuevo r\u00e9cord para el circuito italiano. Durante la Sprint Race, Bagnaia mantuvo su posici\u00f3n de liderazgo en la mayor\u00eda de las vueltas, a pesar de ceder brevemente el primer lugar a Jorge Mart\u00edn cuando la lluvia ligera hizo su aparici\u00f3n en algunas partes del circuito.<\/p>\n<p>&nbsp;<\/p>\n<p><img decoding=\"async\" class=\"aligncenter wp-image-3301 size-full\" src=\"https:\/\/autofans.com.ar\/wp-content\/uploads\/2023\/06\/bagnaia-2.jpg\" alt=\"ducati\" width=\"1000\" height=\"667\" srcset=\"https:\/\/autofans.com.ar\/wp-content\/uploads\/2023\/06\/bagnaia-2.jpg 1000w, https:\/\/autofans.com.ar\/wp-content\/uploads\/2023\/06\/bagnaia-2-300x200.jpg 300w, https:\/\/autofans.com.ar\/wp-content\/uploads\/2023\/06\/bagnaia-2-768x512.jpg 768w\" sizes=\"(max-width: 1000px) 100vw, 1000px\" \/><\/p>\n<blockquote>\n<h2 style=\"text-align: center;\">Francesco Bagnaia (#1 Ducati Lenovo Team) Sprint Race &#8211; Puesto 1<\/h2>\n<p style=\"text-align: center;\">\u201cLas primeras vueltas generaron algo de incertidumbre, ya que llov\u00eda en algunos sectores<br \/>\ny era arriesgado apresurar un cambio de moto, por temor a cometer un error. A pesar de<br \/>\nlas gotas que ca\u00edan, la exigencia de carrera fue alta y, cuando las condiciones mejoraron,<br \/>\nintent\u00e9 forzar mi ritmo para ir en b\u00fasqueda de la victoria, la tercera en las Sprint de los<br \/>\ns\u00e1bados\u201d.<\/p>\n<\/blockquote>\n<p>Finalmente, Bagnaia se recuper\u00f3 y cruz\u00f3 la l\u00ednea de meta en primer lugar, con una m\u00ednima ventaja sobre Marco Bezzecchi, su rival italiano del equipo Mooney VR46 Racing. El tercer puesto fue para el espa\u00f1ol del equipo Prima Pramac Racing.<\/p>\n<p>La marca de Borgo Panigale hizo historia al ocupar los cuatro puestos restantes en el top 5. Johann Zarco, compa\u00f1ero de Mart\u00edn en el Pramac Racing, qued\u00f3 en cuarto lugar. Luca Marini, con otra de las motos del VR46 Racing Team, asegur\u00f3 la quinta posici\u00f3n.<\/p>\n<p>&nbsp;<\/p>\n<p><img decoding=\"async\" class=\"aligncenter wp-image-3298 size-full\" src=\"https:\/\/autofans.com.ar\/wp-content\/uploads\/2023\/06\/bezzecchi.jpg\" alt=\"ducati\" width=\"1000\" height=\"667\" srcset=\"https:\/\/autofans.com.ar\/wp-content\/uploads\/2023\/06\/bezzecchi.jpg 1000w, https:\/\/autofans.com.ar\/wp-content\/uploads\/2023\/06\/bezzecchi-300x200.jpg 300w, https:\/\/autofans.com.ar\/wp-content\/uploads\/2023\/06\/bezzecchi-768x512.jpg 768w\" sizes=\"(max-width: 1000px) 100vw, 1000px\" \/><\/p>\n<blockquote>\n<h2 style=\"text-align: center;\">Marco Bezzecchi (#72 Mooney VR46 Racing Team) Sprint Race &#8211; Puesto 2<\/h2>\n<p style=\"text-align: center;\">\u201cMe alegr\u00f3 mucho el resultado. Di el m\u00e1ximo para estar cerca de \u2018Pecco\u2019 despu\u00e9s de una<br \/>\nclasificaci\u00f3n que no fue demasiado buena. Pero creo que tengo ritmo como para<br \/>\nmantenerme al frente y realizar ma\u00f1ana una gran carrera. Quiero agradecer<br \/>\nespecialmente al p\u00fablico italiano, ya que su aliento desde las tribunas me eriza la piel<br \/>\nconstantemente\u201d.<\/p>\n<\/blockquote>\n<p><img loading=\"lazy\" decoding=\"async\" class=\"aligncenter wp-image-3297 size-full\" src=\"https:\/\/autofans.com.ar\/wp-content\/uploads\/2023\/06\/bastianini.jpg\" alt=\"ducati\" width=\"1000\" height=\"667\" srcset=\"https:\/\/autofans.com.ar\/wp-content\/uploads\/2023\/06\/bastianini.jpg 1000w, https:\/\/autofans.com.ar\/wp-content\/uploads\/2023\/06\/bastianini-300x200.jpg 300w, https:\/\/autofans.com.ar\/wp-content\/uploads\/2023\/06\/bastianini-768x512.jpg 768w\" sizes=\"(max-width: 1000px) 100vw, 1000px\" \/><\/p>\n<p>&nbsp;<\/p>\n<p>La presencia de Ducati fue a\u00fan m\u00e1s notable con Enea Bastianini, del equipo Ducati Lenovo Team, quien regres\u00f3 a las carreras despu\u00e9s de un accidente en la primera fecha. Bastianini clasific\u00f3 en el puesto 12 y finaliz\u00f3 la Sprint Race en el noveno lugar, demostrando su destreza y determinaci\u00f3n.<\/p>\n<p>Adem\u00e1s de los pilotos mencionados, otros competidores con motos Ducati se ubicaron entre los primeros 15 puestos. Fabio Di Giannantonio del Gresini Racing en el puesto 14, y Michele Pirro del Aruba.it Racing como piloto invitado.<\/p>\n<p>&nbsp;<\/p>\n<blockquote>\n<h2 style=\"text-align: center;\">Jorge Mart\u00edn (#89 Prima Pramac Racing Sprint Race &#8211; Puesto 3<\/h2>\n<p style=\"text-align: center;\">\u201cNo eran altas mis expectativas para este trazado en funci\u00f3n de lo dif\u00edcil que me resulta.<br \/>\nSin embargo, en carrera not\u00e9 que ten\u00eda buen ritmo para mantenerme en el lote puntero<br \/>\ny de contar con un par de d\u00e9cimas m\u00e1s de velocidad hubiera intentado ir por la victoria.<br \/>\nDe todas maneras, arrancar el fin de semana con un podio en la Sprint Race es muy<br \/>\nbueno\u201d.<\/p>\n<\/blockquote>\n<p style=\"text-align: left;\">Lamentablemente, Alex M\u00e1rquez del Gresini Racing, quien parti\u00f3 tercero en la parrilla de salida, sufri\u00f3 una ca\u00edda en los primeros metros de la carrera. Sin embargo, tendr\u00e1 la oportunidad de buscar un mejor resultado en el Gran Premio que se disputar\u00e1 ma\u00f1ana.<\/p>\n<p>Con estos resultados, Ducati consolida su posici\u00f3n como l\u00edder en el campeonato mundial de MotoGP. Sus motocicletas, reconocidas por su rendimiento excepcional, dise\u00f1o innovador y tecnolog\u00eda de vanguardia, contin\u00faan impresionando a los amantes de las dos ruedas en todo el mundo.<\/p>\n<p>Para obtener m\u00e1s informaci\u00f3n sobre Ducati y sus modelos de motocicletas premium, as\u00ed como accesorios e indumentaria de la marca, visita <a href=\"http:\/\/www.ducati.com.ar\/\" target=\"_new\" rel=\"noopener\">www.ducati.com.ar<\/a>.<\/p>\n<p>&nbsp;<\/p>\n<p><i>Para enterarte de m\u00e1s novedades, no dejes de leer\u00a0<\/i><a href=\"https:\/\/autofans.thebrandsoup.com\/\"><i>nuestras notas<\/i><\/a><i>, de ver<\/i><b><i>\u00a0<\/i><\/b><a href=\"https:\/\/www.youtube.com\/channel\/UCgAC8UGHZYbT6P7PpmVnP7g\"><b><i>AUTOFANS TV<\/i><\/b><\/a><b><i>\u00a0<\/i><\/b><i>en nuestro\u00a0canal de Youtube. Adem\u00e1s seguinos en\u00a0<\/i><a href=\"https:\/\/www.instagram.com\/autofanstv\/\"><i>INSTAGRAM<\/i><\/a><i> y <\/i><a href=\"https:\/\/www.facebook.com\/autofansmas\/\"><i>FACEBOOK<\/i><\/a><i> para no perderte nada sobre las novedades del segmento automotor de Argentina y el mundo. <\/i><\/p>\n","protected":false},"excerpt":{"rendered":"<p>En un emocionante s\u00e1bado en el Autodromo Internazionale del Mugello, Ducati demostr\u00f3 su dominio absoluto&#8230;<\/p>\n","protected":false},"author":2,"featured_media":3300,"comment_status":"closed","ping_status":"closed","sticky":false,"template":"","format":"standard","meta":{"footnotes":""},"categories":[127,16],"tags":[531,219,1501,342,1612,1255],"class_list":["post-3295","post","type-post","status-publish","format-standard","has-post-thumbnail","hentry","category-deporte","category-noticias","tag-campeonato-mundial-de-motogp","tag-ducati","tag-motocicletas-premium","tag-motogp","tag-mugello","tag-sprint-race"],"yoast_head":"<!-- This site is optimized with the Yoast SEO plugin v27.5 - https:\/\/yoast.com\/product\/yoast-seo-wordpress\/ -->\n<title>Ducati arrasa en Mugello con r\u00e9cord y dominio absoluto -<\/title>\n<meta name=\"description\" content=\"En un emocionante s\u00e1bado en el Autodromo Internazionale del Mugello, Ducati demostr\u00f3 su dominio absoluto en el campeonato mundial de MotoGP..\" \/>\n<meta name=\"robots\" content=\"index, follow, max-snippet:-1, max-image-preview:large, max-video-preview:-1\" \/>\n<link rel=\"canonical\" href=\"https:\/\/autofans.com.ar\/index.php\/2023\/06\/16\/ducati-arrasa-en-mugello-con-record-y-dominio-absoluto\/\" \/>\n<meta property=\"og:locale\" content=\"es_ES\" \/>\n<meta property=\"og:type\" content=\"article\" \/>\n<meta property=\"og:title\" content=\"Ducati arrasa en Mugello con r\u00e9cord y dominio absoluto -\" \/>\n<meta property=\"og:description\" content=\"En un emocionante s\u00e1bado en el Autodromo Internazionale del Mugello, Ducati demostr\u00f3 su dominio absoluto en el campeonato mundial de MotoGP..\" \/>\n<meta property=\"og:url\" content=\"https:\/\/autofans.com.ar\/index.php\/2023\/06\/16\/ducati-arrasa-en-mugello-con-record-y-dominio-absoluto\/\" \/>\n<meta property=\"article:published_time\" content=\"2023-06-16T21:16:02+00:00\" \/>\n<meta property=\"article:modified_time\" content=\"2023-06-16T21:20:42+00:00\" \/>\n<meta property=\"og:image\" content=\"https:\/\/autofans.com.ar\/wp-content\/uploads\/2023\/06\/podio-bagnaia.jpg\" \/>\n\t<meta property=\"og:image:width\" content=\"1000\" \/>\n\t<meta property=\"og:image:height\" content=\"667\" \/>\n\t<meta property=\"og:image:type\" content=\"image\/jpeg\" \/>\n<meta name=\"author\" content=\"Alejandro Gabriel Rosito\" \/>\n<meta name=\"twitter:card\" content=\"summary_large_image\" \/>\n<meta name=\"twitter:label1\" content=\"Escrito por\" \/>\n\t<meta name=\"twitter:data1\" content=\"Alejandro Gabriel Rosito\" \/>\n\t<meta name=\"twitter:label2\" content=\"Tiempo de lectura\" \/>\n\t<meta name=\"twitter:data2\" content=\"4 minutos\" \/>\n<script type=\"application\/ld+json\" class=\"yoast-schema-graph\">{\"@context\":\"https:\\\/\\\/schema.org\",\"@graph\":[{\"@type\":\"Article\",\"@id\":\"https:\\\/\\\/autofans.com.ar\\\/index.php\\\/2023\\\/06\\\/16\\\/ducati-arrasa-en-mugello-con-record-y-dominio-absoluto\\\/#article\",\"isPartOf\":{\"@id\":\"https:\\\/\\\/autofans.com.ar\\\/index.php\\\/2023\\\/06\\\/16\\\/ducati-arrasa-en-mugello-con-record-y-dominio-absoluto\\\/\"},\"author\":{\"name\":\"Alejandro Gabriel Rosito\",\"@id\":\"https:\\\/\\\/autofans.com.ar\\\/#\\\/schema\\\/person\\\/4a8dda0b6df83ac3d6723e921274c2aa\"},\"headline\":\"Ducati arrasa en Mugello con r\u00e9cord y dominio absoluto\",\"datePublished\":\"2023-06-16T21:16:02+00:00\",\"dateModified\":\"2023-06-16T21:20:42+00:00\",\"mainEntityOfPage\":{\"@id\":\"https:\\\/\\\/autofans.com.ar\\\/index.php\\\/2023\\\/06\\\/16\\\/ducati-arrasa-en-mugello-con-record-y-dominio-absoluto\\\/\"},\"wordCount\":706,\"image\":{\"@id\":\"https:\\\/\\\/autofans.com.ar\\\/index.php\\\/2023\\\/06\\\/16\\\/ducati-arrasa-en-mugello-con-record-y-dominio-absoluto\\\/#primaryimage\"},\"thumbnailUrl\":\"https:\\\/\\\/autofans.com.ar\\\/wp-content\\\/uploads\\\/2023\\\/06\\\/podio-bagnaia.jpg\",\"keywords\":[\"Campeonato Mundial de MotoGP\",\"Ducati\",\"motocicletas premium\",\"MotoGP\",\"Mugello\",\"Sprint Race\"],\"articleSection\":[\"DEPORTE MOTOR\",\"NOTICIAS\"],\"inLanguage\":\"es\"},{\"@type\":\"WebPage\",\"@id\":\"https:\\\/\\\/autofans.com.ar\\\/index.php\\\/2023\\\/06\\\/16\\\/ducati-arrasa-en-mugello-con-record-y-dominio-absoluto\\\/\",\"url\":\"https:\\\/\\\/autofans.com.ar\\\/index.php\\\/2023\\\/06\\\/16\\\/ducati-arrasa-en-mugello-con-record-y-dominio-absoluto\\\/\",\"name\":\"Ducati arrasa en Mugello con r\u00e9cord y dominio absoluto -\",\"isPartOf\":{\"@id\":\"https:\\\/\\\/autofans.com.ar\\\/#website\"},\"primaryImageOfPage\":{\"@id\":\"https:\\\/\\\/autofans.com.ar\\\/index.php\\\/2023\\\/06\\\/16\\\/ducati-arrasa-en-mugello-con-record-y-dominio-absoluto\\\/#primaryimage\"},\"image\":{\"@id\":\"https:\\\/\\\/autofans.com.ar\\\/index.php\\\/2023\\\/06\\\/16\\\/ducati-arrasa-en-mugello-con-record-y-dominio-absoluto\\\/#primaryimage\"},\"thumbnailUrl\":\"https:\\\/\\\/autofans.com.ar\\\/wp-content\\\/uploads\\\/2023\\\/06\\\/podio-bagnaia.jpg\",\"datePublished\":\"2023-06-16T21:16:02+00:00\",\"dateModified\":\"2023-06-16T21:20:42+00:00\",\"author\":{\"@id\":\"https:\\\/\\\/autofans.com.ar\\\/#\\\/schema\\\/person\\\/4a8dda0b6df83ac3d6723e921274c2aa\"},\"description\":\"En un emocionante s\u00e1bado en el Autodromo Internazionale del Mugello, Ducati demostr\u00f3 su dominio absoluto en el campeonato mundial de MotoGP..\",\"breadcrumb\":{\"@id\":\"https:\\\/\\\/autofans.com.ar\\\/index.php\\\/2023\\\/06\\\/16\\\/ducati-arrasa-en-mugello-con-record-y-dominio-absoluto\\\/#breadcrumb\"},\"inLanguage\":\"es\",\"potentialAction\":[{\"@type\":\"ReadAction\",\"target\":[\"https:\\\/\\\/autofans.com.ar\\\/index.php\\\/2023\\\/06\\\/16\\\/ducati-arrasa-en-mugello-con-record-y-dominio-absoluto\\\/\"]}]},{\"@type\":\"ImageObject\",\"inLanguage\":\"es\",\"@id\":\"https:\\\/\\\/autofans.com.ar\\\/index.php\\\/2023\\\/06\\\/16\\\/ducati-arrasa-en-mugello-con-record-y-dominio-absoluto\\\/#primaryimage\",\"url\":\"https:\\\/\\\/autofans.com.ar\\\/wp-content\\\/uploads\\\/2023\\\/06\\\/podio-bagnaia.jpg\",\"contentUrl\":\"https:\\\/\\\/autofans.com.ar\\\/wp-content\\\/uploads\\\/2023\\\/06\\\/podio-bagnaia.jpg\",\"width\":1000,\"height\":667,\"caption\":\"ducati\"},{\"@type\":\"BreadcrumbList\",\"@id\":\"https:\\\/\\\/autofans.com.ar\\\/index.php\\\/2023\\\/06\\\/16\\\/ducati-arrasa-en-mugello-con-record-y-dominio-absoluto\\\/#breadcrumb\",\"itemListElement\":[{\"@type\":\"ListItem\",\"position\":1,\"name\":\"Inicio\",\"item\":\"https:\\\/\\\/autofans.com.ar\\\/\"},{\"@type\":\"ListItem\",\"position\":2,\"name\":\"Ducati arrasa en Mugello con r\u00e9cord y dominio absoluto\"}]},{\"@type\":\"WebSite\",\"@id\":\"https:\\\/\\\/autofans.com.ar\\\/#website\",\"url\":\"https:\\\/\\\/autofans.com.ar\\\/\",\"name\":\"\",\"description\":\"El multimedio referente de la industria automotriz\",\"potentialAction\":[{\"@type\":\"SearchAction\",\"target\":{\"@type\":\"EntryPoint\",\"urlTemplate\":\"https:\\\/\\\/autofans.com.ar\\\/?s={search_term_string}\"},\"query-input\":{\"@type\":\"PropertyValueSpecification\",\"valueRequired\":true,\"valueName\":\"search_term_string\"}}],\"inLanguage\":\"es\"},{\"@type\":\"Person\",\"@id\":\"https:\\\/\\\/autofans.com.ar\\\/#\\\/schema\\\/person\\\/4a8dda0b6df83ac3d6723e921274c2aa\",\"name\":\"Alejandro Gabriel Rosito\",\"image\":{\"@type\":\"ImageObject\",\"inLanguage\":\"es\",\"@id\":\"https:\\\/\\\/secure.gravatar.com\\\/avatar\\\/16c5dda1489adfc62618084dcbb91cffd879c374b13fe5dd8e44ed6733852c88?s=96&d=mm&r=g\",\"url\":\"https:\\\/\\\/secure.gravatar.com\\\/avatar\\\/16c5dda1489adfc62618084dcbb91cffd879c374b13fe5dd8e44ed6733852c88?s=96&d=mm&r=g\",\"contentUrl\":\"https:\\\/\\\/secure.gravatar.com\\\/avatar\\\/16c5dda1489adfc62618084dcbb91cffd879c374b13fe5dd8e44ed6733852c88?s=96&d=mm&r=g\",\"caption\":\"Alejandro Gabriel Rosito\"},\"url\":\"https:\\\/\\\/autofans.com.ar\\\/index.php\\\/author\\\/gabrielr\\\/\"}]}<\/script>\n<!-- \/ Yoast SEO plugin. -->","yoast_head_json":{"title":"Ducati arrasa en Mugello con r\u00e9cord y dominio absoluto -","description":"En un emocionante s\u00e1bado en el Autodromo Internazionale del Mugello, Ducati demostr\u00f3 su dominio absoluto en el campeonato mundial de MotoGP..","robots":{"index":"index","follow":"follow","max-snippet":"max-snippet:-1","max-image-preview":"max-image-preview:large","max-video-preview":"max-video-preview:-1"},"canonical":"https:\/\/autofans.com.ar\/index.php\/2023\/06\/16\/ducati-arrasa-en-mugello-con-record-y-dominio-absoluto\/","og_locale":"es_ES","og_type":"article","og_title":"Ducati arrasa en Mugello con r\u00e9cord y dominio absoluto -","og_description":"En un emocionante s\u00e1bado en el Autodromo Internazionale del Mugello, Ducati demostr\u00f3 su dominio absoluto en el campeonato mundial de MotoGP..","og_url":"https:\/\/autofans.com.ar\/index.php\/2023\/06\/16\/ducati-arrasa-en-mugello-con-record-y-dominio-absoluto\/","article_published_time":"2023-06-16T21:16:02+00:00","article_modified_time":"2023-06-16T21:20:42+00:00","og_image":[{"width":1000,"height":667,"url":"https:\/\/autofans.com.ar\/wp-content\/uploads\/2023\/06\/podio-bagnaia.jpg","type":"image\/jpeg"}],"author":"Alejandro Gabriel Rosito","twitter_card":"summary_large_image","twitter_misc":{"Escrito por":"Alejandro Gabriel Rosito","Tiempo de lectura":"4 minutos"},"schema":{"@context":"https:\/\/schema.org","@graph":[{"@type":"Article","@id":"https:\/\/autofans.com.ar\/index.php\/2023\/06\/16\/ducati-arrasa-en-mugello-con-record-y-dominio-absoluto\/#article","isPartOf":{"@id":"https:\/\/autofans.com.ar\/index.php\/2023\/06\/16\/ducati-arrasa-en-mugello-con-record-y-dominio-absoluto\/"},"author":{"name":"Alejandro Gabriel Rosito","@id":"https:\/\/autofans.com.ar\/#\/schema\/person\/4a8dda0b6df83ac3d6723e921274c2aa"},"headline":"Ducati arrasa en Mugello con r\u00e9cord y dominio absoluto","datePublished":"2023-06-16T21:16:02+00:00","dateModified":"2023-06-16T21:20:42+00:00","mainEntityOfPage":{"@id":"https:\/\/autofans.com.ar\/index.php\/2023\/06\/16\/ducati-arrasa-en-mugello-con-record-y-dominio-absoluto\/"},"wordCount":706,"image":{"@id":"https:\/\/autofans.com.ar\/index.php\/2023\/06\/16\/ducati-arrasa-en-mugello-con-record-y-dominio-absoluto\/#primaryimage"},"thumbnailUrl":"https:\/\/autofans.com.ar\/wp-content\/uploads\/2023\/06\/podio-bagnaia.jpg","keywords":["Campeonato Mundial de MotoGP","Ducati","motocicletas premium","MotoGP","Mugello","Sprint Race"],"articleSection":["DEPORTE MOTOR","NOTICIAS"],"inLanguage":"es"},{"@type":"WebPage","@id":"https:\/\/autofans.com.ar\/index.php\/2023\/06\/16\/ducati-arrasa-en-mugello-con-record-y-dominio-absoluto\/","url":"https:\/\/autofans.com.ar\/index.php\/2023\/06\/16\/ducati-arrasa-en-mugello-con-record-y-dominio-absoluto\/","name":"Ducati arrasa en Mugello con r\u00e9cord y dominio absoluto -","isPartOf":{"@id":"https:\/\/autofans.com.ar\/#website"},"primaryImageOfPage":{"@id":"https:\/\/autofans.com.ar\/index.php\/2023\/06\/16\/ducati-arrasa-en-mugello-con-record-y-dominio-absoluto\/#primaryimage"},"image":{"@id":"https:\/\/autofans.com.ar\/index.php\/2023\/06\/16\/ducati-arrasa-en-mugello-con-record-y-dominio-absoluto\/#primaryimage"},"thumbnailUrl":"https:\/\/autofans.com.ar\/wp-content\/uploads\/2023\/06\/podio-bagnaia.jpg","datePublished":"2023-06-16T21:16:02+00:00","dateModified":"2023-06-16T21:20:42+00:00","author":{"@id":"https:\/\/autofans.com.ar\/#\/schema\/person\/4a8dda0b6df83ac3d6723e921274c2aa"},"description":"En un emocionante s\u00e1bado en el Autodromo Internazionale del Mugello, Ducati demostr\u00f3 su dominio absoluto en el campeonato mundial de MotoGP..","breadcrumb":{"@id":"https:\/\/autofans.com.ar\/index.php\/2023\/06\/16\/ducati-arrasa-en-mugello-con-record-y-dominio-absoluto\/#breadcrumb"},"inLanguage":"es","potentialAction":[{"@type":"ReadAction","target":["https:\/\/autofans.com.ar\/index.php\/2023\/06\/16\/ducati-arrasa-en-mugello-con-record-y-dominio-absoluto\/"]}]},{"@type":"ImageObject","inLanguage":"es","@id":"https:\/\/autofans.com.ar\/index.php\/2023\/06\/16\/ducati-arrasa-en-mugello-con-record-y-dominio-absoluto\/#primaryimage","url":"https:\/\/autofans.com.ar\/wp-content\/uploads\/2023\/06\/podio-bagnaia.jpg","contentUrl":"https:\/\/autofans.com.ar\/wp-content\/uploads\/2023\/06\/podio-bagnaia.jpg","width":1000,"height":667,"caption":"ducati"},{"@type":"BreadcrumbList","@id":"https:\/\/autofans.com.ar\/index.php\/2023\/06\/16\/ducati-arrasa-en-mugello-con-record-y-dominio-absoluto\/#breadcrumb","itemListElement":[{"@type":"ListItem","position":1,"name":"Inicio","item":"https:\/\/autofans.com.ar\/"},{"@type":"ListItem","position":2,"name":"Ducati arrasa en Mugello con r\u00e9cord y dominio absoluto"}]},{"@type":"WebSite","@id":"https:\/\/autofans.com.ar\/#website","url":"https:\/\/autofans.com.ar\/","name":"","description":"El multimedio referente de la industria automotriz","potentialAction":[{"@type":"SearchAction","target":{"@type":"EntryPoint","urlTemplate":"https:\/\/autofans.com.ar\/?s={search_term_string}"},"query-input":{"@type":"PropertyValueSpecification","valueRequired":true,"valueName":"search_term_string"}}],"inLanguage":"es"},{"@type":"Person","@id":"https:\/\/autofans.com.ar\/#\/schema\/person\/4a8dda0b6df83ac3d6723e921274c2aa","name":"Alejandro Gabriel Rosito","image":{"@type":"ImageObject","inLanguage":"es","@id":"https:\/\/secure.gravatar.com\/avatar\/16c5dda1489adfc62618084dcbb91cffd879c374b13fe5dd8e44ed6733852c88?s=96&d=mm&r=g","url":"https:\/\/secure.gravatar.com\/avatar\/16c5dda1489adfc62618084dcbb91cffd879c374b13fe5dd8e44ed6733852c88?s=96&d=mm&r=g","contentUrl":"https:\/\/secure.gravatar.com\/avatar\/16c5dda1489adfc62618084dcbb91cffd879c374b13fe5dd8e44ed6733852c88?s=96&d=mm&r=g","caption":"Alejandro Gabriel Rosito"},"url":"https:\/\/autofans.com.ar\/index.php\/author\/gabrielr\/"}]}},"featured_image_urls":{"full":["https:\/\/autofans.com.ar\/wp-content\/uploads\/2023\/06\/podio-bagnaia.jpg",1000,667,false],"thumbnail":["https:\/\/autofans.com.ar\/wp-content\/uploads\/2023\/06\/podio-bagnaia-150x150.jpg",150,150,true],"medium":["https:\/\/autofans.com.ar\/wp-content\/uploads\/2023\/06\/podio-bagnaia-300x200.jpg",300,200,true],"medium_large":["https:\/\/autofans.com.ar\/wp-content\/uploads\/2023\/06\/podio-bagnaia-768x512.jpg",640,427,true],"large":["https:\/\/autofans.com.ar\/wp-content\/uploads\/2023\/06\/podio-bagnaia.jpg",640,427,false],"1536x1536":["https:\/\/autofans.com.ar\/wp-content\/uploads\/2023\/06\/podio-bagnaia.jpg",1000,667,false],"2048x2048":["https:\/\/autofans.com.ar\/wp-content\/uploads\/2023\/06\/podio-bagnaia.jpg",1000,667,false],"covernews-featured":["https:\/\/autofans.com.ar\/wp-content\/uploads\/2023\/06\/podio-bagnaia.jpg",1000,667,false],"covernews-medium":["https:\/\/autofans.com.ar\/wp-content\/uploads\/2023\/06\/podio-bagnaia-540x340.jpg",540,340,true]},"author_info":{"display_name":"Alejandro Gabriel Rosito","author_link":"https:\/\/autofans.com.ar\/index.php\/author\/gabrielr\/"},"category_info":"<a href=\"https:\/\/autofans.com.ar\/index.php\/category\/noticias\/deporte\/\" rel=\"category tag\">DEPORTE MOTOR<\/a> <a href=\"https:\/\/autofans.com.ar\/index.php\/category\/noticias\/\" rel=\"category tag\">NOTICIAS<\/a>","tag_info":"NOTICIAS","comment_count":0,"_links":{"self":[{"href":"https:\/\/autofans.com.ar\/index.php\/wp-json\/wp\/v2\/posts\/3295","targetHints":{"allow":["GET"]}}],"collection":[{"href":"https:\/\/autofans.com.ar\/index.php\/wp-json\/wp\/v2\/posts"}],"about":[{"href":"https:\/\/autofans.com.ar\/index.php\/wp-json\/wp\/v2\/types\/post"}],"author":[{"embeddable":true,"href":"https:\/\/autofans.com.ar\/index.php\/wp-json\/wp\/v2\/users\/2"}],"replies":[{"embeddable":true,"href":"https:\/\/autofans.com.ar\/index.php\/wp-json\/wp\/v2\/comments?post=3295"}],"version-history":[{"count":14,"href":"https:\/\/autofans.com.ar\/index.php\/wp-json\/wp\/v2\/posts\/3295\/revisions"}],"predecessor-version":[{"id":3314,"href":"https:\/\/autofans.com.ar\/index.php\/wp-json\/wp\/v2\/posts\/3295\/revisions\/3314"}],"wp:featuredmedia":[{"embeddable":true,"href":"https:\/\/autofans.com.ar\/index.php\/wp-json\/wp\/v2\/media\/3300"}],"wp:attachment":[{"href":"https:\/\/autofans.com.ar\/index.php\/wp-json\/wp\/v2\/media?parent=3295"}],"wp:term":[{"taxonomy":"category","embeddable":true,"href":"https:\/\/autofans.com.ar\/index.php\/wp-json\/wp\/v2\/categories?post=3295"},{"taxonomy":"post_tag","embeddable":true,"href":"https:\/\/autofans.com.ar\/index.php\/wp-json\/wp\/v2\/tags?post=3295"}],"curies":[{"name":"wp","href":"https:\/\/api.w.org\/{rel}","templated":true}]}}