{"id":3324,"date":"2023-06-19T17:30:05","date_gmt":"2023-06-19T20:30:05","guid":{"rendered":"https:\/\/autofans.com.ar\/?p=3324"},"modified":"2023-06-19T17:30:05","modified_gmt":"2023-06-19T20:30:05","slug":"nissan-impulsa-la-sustentabilidad-en-su-planta-de-resende","status":"publish","type":"post","link":"https:\/\/autofans.com.ar\/index.php\/2023\/06\/19\/nissan-impulsa-la-sustentabilidad-en-su-planta-de-resende\/","title":{"rendered":"Nissan impulsa la sustentabilidad en su planta de Resende"},"content":{"rendered":"<p>Nissan destaca en el D\u00eda Mundial del Medio Ambiente dos nuevos proyectos en su Complejo Industrial de Resende, Brasil, que permiten ahorrar m\u00e1s de 26 millones de litros de agua al a\u00f1o. Conoce las pr\u00e1cticas sostenibles implementadas por la compa\u00f1\u00eda y su compromiso con el medio ambiente.<\/p>\n<p>&nbsp;<\/p>\n<h2>Innovaci\u00f3n y sostenibilidad<\/h2>\n<p>En l\u00ednea con el compromiso ambiental de Nissan, el Complejo Industrial de Resende en Brasil contin\u00faa buscando oportunidades para implementar pr\u00e1cticas respetuosas con el medio ambiente. En el D\u00eda Mundial del Medio Ambiente, la compa\u00f1\u00eda destaca dos nuevos proyectos que logran un ahorro anual de m\u00e1s de 26 millones de litros de agua, equivalente al suministro de 655 hogares durante un a\u00f1o en el estado de S\u00e3o Paulo.<\/p>\n<p>El primer proyecto, denominado \u00abReuso do Rejeito da Osmose Reversa\u00bb (\u00abReutilizaci\u00f3n de los Desechos de \u00d3smosis Inversa\u00bb), consiste en reutilizar el agua residual del proceso de tratamiento de \u00f3smosis en otras \u00e1reas de la f\u00e1brica. Esta iniciativa ha permitido reducir el consumo de agua y el desecho de efluentes en un 12% durante el \u00faltimo a\u00f1o.<\/p>\n<p>El segundo proyecto se centra en la reutilizaci\u00f3n del agua condensada del sistema de aire acondicionado instalado en el \u00e1rea de Body Shop. Mediante la instalaci\u00f3n de un sistema de reutilizaci\u00f3n, se ha logrado recuperar aproximadamente cuatro millones de litros de agua al a\u00f1o. Reduciendo as\u00ed la dependencia de agua industrial utilizada en las torres de enfriamiento.<\/p>\n<p>&nbsp;<\/p>\n<p><img fetchpriority=\"high\" decoding=\"async\" class=\"aligncenter wp-image-3327 size-full\" src=\"https:\/\/autofans.com.ar\/wp-content\/uploads\/2023\/06\/foto-2-28.jpg\" alt=\"nissan\" width=\"1000\" height=\"667\" srcset=\"https:\/\/autofans.com.ar\/wp-content\/uploads\/2023\/06\/foto-2-28.jpg 1000w, https:\/\/autofans.com.ar\/wp-content\/uploads\/2023\/06\/foto-2-28-300x200.jpg 300w, https:\/\/autofans.com.ar\/wp-content\/uploads\/2023\/06\/foto-2-28-768x512.jpg 768w\" sizes=\"(max-width: 1000px) 100vw, 1000px\" \/><\/p>\n<h2><\/h2>\n<h2>Innovaci\u00f3n ecoamigable<\/h2>\n<p>Desde la utilizaci\u00f3n de iluminaci\u00f3n natural hasta la generaci\u00f3n de energ\u00eda el\u00e9ctrica 100% e\u00f3lica. Nissan demuestra su compromiso con la eficiencia energ\u00e9tica y la reducci\u00f3n de emisiones de CO2.<\/p>\n<p>Con el objetivo de difundir estas acciones y promover la conciencia ambiental, la compa\u00f1\u00eda contin\u00faa innovando en su proceso de producci\u00f3n y promoviendo la adopci\u00f3n de veh\u00edculos el\u00e9ctricos en su flota interna. Adem\u00e1s, proyectos como el \u00abAterro Cero\u00bb y el uso de AGVs (Automatic Guided Vehicles) demuestran su enfoque integral hacia la sostenibilidad.<\/p>\n<p>Nissan reafirma su compromiso de contribuir a un mundo m\u00e1s seguro, limpio e inclusivo a trav\u00e9s de pr\u00e1cticas responsables en su Complejo Industrial de Resende. La empresa se mantiene a la vanguardia en la adopci\u00f3n de tecnolog\u00edas sostenibles y contin\u00faa liderando el camino hacia un futuro m\u00e1s verde en la industria automotriz.<\/p>\n<p>&nbsp;<\/p>\n<h2>Pr\u00e1cticas sustentables en la producci\u00f3n de veh\u00edculos en Resende<\/h2>\n<p>En l\u00ednea con el plan global Nissan Ambition 2030, la visi\u00f3n global de la compa\u00f1\u00eda para contribuir a un mundo m\u00e1s seguro, limpio e inclusivo. Con el Nissan Green Program, las pr\u00e1cticas de respeto al medio ambiente en el Complejo Industrial de Resende van desde los procesos de producci\u00f3n hasta la manera en que la construcci\u00f3n de la f\u00e1brica fue concebida.<\/p>\n<p>El aprovechamiento de la iluminaci\u00f3n natural contribuye a la eficiencia energ\u00e9tica de la planta y el tratamiento de residuos es realizado de manera adecuada. Se destinan a empresas especializadas y licenciadas, o se reutilizan en el propio proceso.<\/p>\n<p>&nbsp;<\/p>\n<p><i>Para enterarte de m\u00e1s novedades, no dejes de leer\u00a0<\/i><a href=\"https:\/\/autofans.thebrandsoup.com\/\"><i>nuestras notas<\/i><\/a><i>, de ver<\/i><b><i>\u00a0<\/i><\/b><a href=\"https:\/\/www.youtube.com\/channel\/UCgAC8UGHZYbT6P7PpmVnP7g\"><b><i>AUTOFANS TV<\/i><\/b><\/a><b><i>\u00a0<\/i><\/b><i>en nuestro\u00a0canal de Youtube. Adem\u00e1s seguinos en\u00a0<\/i><a href=\"https:\/\/www.instagram.com\/autofanstv\/\"><i>INSTAGRAM<\/i><\/a><i> y <\/i><a href=\"https:\/\/www.facebook.com\/autofansmas\/\"><i>FACEBOOK<\/i><\/a><i> para no perderte nada sobre las novedades del segmento automotor de Argentina y el mundo. <\/i><\/p>\n","protected":false},"excerpt":{"rendered":"<p>Nissan destaca en el D\u00eda Mundial del Medio Ambiente dos nuevos proyectos en su Complejo&#8230;<\/p>\n","protected":false},"author":2,"featured_media":3328,"comment_status":"closed","ping_status":"closed","sticky":false,"template":"","format":"standard","meta":{"footnotes":""},"categories":[6,16],"tags":[1621,1620,356,1619,1622,359],"class_list":["post-3324","post","type-post","status-publish","format-standard","has-post-thumbnail","hentry","category-bizstyle","category-noticias","tag-ahorro-de-agua","tag-complejo-industrial","tag-eficiencia-energetica","tag-nissan-resende","tag-sostenibilidad-automotriz","tag-vehiculos-electricos"],"yoast_head":"<!-- This site is optimized with the Yoast SEO plugin v27.5 - https:\/\/yoast.com\/product\/yoast-seo-wordpress\/ -->\n<title>Nissan impulsa la sustentabilidad en su planta de Resende -<\/title>\n<meta name=\"description\" content=\"Nissan destaca en el D\u00eda Mundial del Medio Ambiente, dos nuevos proyectos en su Complejo Industrial de Resende, Brasil...\" \/>\n<meta name=\"robots\" content=\"index, follow, max-snippet:-1, max-image-preview:large, max-video-preview:-1\" \/>\n<link rel=\"canonical\" href=\"https:\/\/autofans.com.ar\/index.php\/2023\/06\/19\/nissan-impulsa-la-sustentabilidad-en-su-planta-de-resende\/\" \/>\n<meta property=\"og:locale\" content=\"es_ES\" \/>\n<meta property=\"og:type\" content=\"article\" \/>\n<meta property=\"og:title\" content=\"Nissan impulsa la sustentabilidad en su planta de Resende -\" \/>\n<meta property=\"og:description\" content=\"Nissan destaca en el D\u00eda Mundial del Medio Ambiente, dos nuevos proyectos en su Complejo Industrial de Resende, Brasil...\" \/>\n<meta property=\"og:url\" content=\"https:\/\/autofans.com.ar\/index.php\/2023\/06\/19\/nissan-impulsa-la-sustentabilidad-en-su-planta-de-resende\/\" \/>\n<meta property=\"article:published_time\" content=\"2023-06-19T20:30:05+00:00\" \/>\n<meta property=\"og:image\" content=\"https:\/\/autofans.com.ar\/wp-content\/uploads\/2023\/06\/foto-1-28.jpg\" \/>\n\t<meta property=\"og:image:width\" content=\"1000\" \/>\n\t<meta property=\"og:image:height\" content=\"667\" \/>\n\t<meta property=\"og:image:type\" content=\"image\/jpeg\" \/>\n<meta name=\"author\" content=\"Alejandro Gabriel Rosito\" \/>\n<meta name=\"twitter:card\" content=\"summary_large_image\" \/>\n<meta name=\"twitter:label1\" content=\"Escrito por\" \/>\n\t<meta name=\"twitter:data1\" content=\"Alejandro Gabriel Rosito\" \/>\n\t<meta name=\"twitter:label2\" content=\"Tiempo de lectura\" \/>\n\t<meta name=\"twitter:data2\" content=\"3 minutos\" \/>\n<script type=\"application\/ld+json\" class=\"yoast-schema-graph\">{\"@context\":\"https:\\\/\\\/schema.org\",\"@graph\":[{\"@type\":\"Article\",\"@id\":\"https:\\\/\\\/autofans.com.ar\\\/index.php\\\/2023\\\/06\\\/19\\\/nissan-impulsa-la-sustentabilidad-en-su-planta-de-resende\\\/#article\",\"isPartOf\":{\"@id\":\"https:\\\/\\\/autofans.com.ar\\\/index.php\\\/2023\\\/06\\\/19\\\/nissan-impulsa-la-sustentabilidad-en-su-planta-de-resende\\\/\"},\"author\":{\"name\":\"Alejandro Gabriel Rosito\",\"@id\":\"https:\\\/\\\/autofans.com.ar\\\/#\\\/schema\\\/person\\\/4a8dda0b6df83ac3d6723e921274c2aa\"},\"headline\":\"Nissan impulsa la sustentabilidad en su planta de Resende\",\"datePublished\":\"2023-06-19T20:30:05+00:00\",\"mainEntityOfPage\":{\"@id\":\"https:\\\/\\\/autofans.com.ar\\\/index.php\\\/2023\\\/06\\\/19\\\/nissan-impulsa-la-sustentabilidad-en-su-planta-de-resende\\\/\"},\"wordCount\":582,\"image\":{\"@id\":\"https:\\\/\\\/autofans.com.ar\\\/index.php\\\/2023\\\/06\\\/19\\\/nissan-impulsa-la-sustentabilidad-en-su-planta-de-resende\\\/#primaryimage\"},\"thumbnailUrl\":\"https:\\\/\\\/autofans.com.ar\\\/wp-content\\\/uploads\\\/2023\\\/06\\\/foto-1-28.jpg\",\"keywords\":[\"Ahorro de agua\",\"Complejo Industrial\",\"eficiencia energ\u00e9tica\",\"Nissan Resende\",\"Sostenibilidad automotriz\",\"veh\u00edculos el\u00e9ctricos\"],\"articleSection\":[\"BIZSTYLE\",\"NOTICIAS\"],\"inLanguage\":\"es\"},{\"@type\":\"WebPage\",\"@id\":\"https:\\\/\\\/autofans.com.ar\\\/index.php\\\/2023\\\/06\\\/19\\\/nissan-impulsa-la-sustentabilidad-en-su-planta-de-resende\\\/\",\"url\":\"https:\\\/\\\/autofans.com.ar\\\/index.php\\\/2023\\\/06\\\/19\\\/nissan-impulsa-la-sustentabilidad-en-su-planta-de-resende\\\/\",\"name\":\"Nissan impulsa la sustentabilidad en su planta de Resende -\",\"isPartOf\":{\"@id\":\"https:\\\/\\\/autofans.com.ar\\\/#website\"},\"primaryImageOfPage\":{\"@id\":\"https:\\\/\\\/autofans.com.ar\\\/index.php\\\/2023\\\/06\\\/19\\\/nissan-impulsa-la-sustentabilidad-en-su-planta-de-resende\\\/#primaryimage\"},\"image\":{\"@id\":\"https:\\\/\\\/autofans.com.ar\\\/index.php\\\/2023\\\/06\\\/19\\\/nissan-impulsa-la-sustentabilidad-en-su-planta-de-resende\\\/#primaryimage\"},\"thumbnailUrl\":\"https:\\\/\\\/autofans.com.ar\\\/wp-content\\\/uploads\\\/2023\\\/06\\\/foto-1-28.jpg\",\"datePublished\":\"2023-06-19T20:30:05+00:00\",\"author\":{\"@id\":\"https:\\\/\\\/autofans.com.ar\\\/#\\\/schema\\\/person\\\/4a8dda0b6df83ac3d6723e921274c2aa\"},\"description\":\"Nissan destaca en el D\u00eda Mundial del Medio Ambiente, dos nuevos proyectos en su Complejo Industrial de Resende, Brasil...\",\"breadcrumb\":{\"@id\":\"https:\\\/\\\/autofans.com.ar\\\/index.php\\\/2023\\\/06\\\/19\\\/nissan-impulsa-la-sustentabilidad-en-su-planta-de-resende\\\/#breadcrumb\"},\"inLanguage\":\"es\",\"potentialAction\":[{\"@type\":\"ReadAction\",\"target\":[\"https:\\\/\\\/autofans.com.ar\\\/index.php\\\/2023\\\/06\\\/19\\\/nissan-impulsa-la-sustentabilidad-en-su-planta-de-resende\\\/\"]}]},{\"@type\":\"ImageObject\",\"inLanguage\":\"es\",\"@id\":\"https:\\\/\\\/autofans.com.ar\\\/index.php\\\/2023\\\/06\\\/19\\\/nissan-impulsa-la-sustentabilidad-en-su-planta-de-resende\\\/#primaryimage\",\"url\":\"https:\\\/\\\/autofans.com.ar\\\/wp-content\\\/uploads\\\/2023\\\/06\\\/foto-1-28.jpg\",\"contentUrl\":\"https:\\\/\\\/autofans.com.ar\\\/wp-content\\\/uploads\\\/2023\\\/06\\\/foto-1-28.jpg\",\"width\":1000,\"height\":667,\"caption\":\"nissan\"},{\"@type\":\"BreadcrumbList\",\"@id\":\"https:\\\/\\\/autofans.com.ar\\\/index.php\\\/2023\\\/06\\\/19\\\/nissan-impulsa-la-sustentabilidad-en-su-planta-de-resende\\\/#breadcrumb\",\"itemListElement\":[{\"@type\":\"ListItem\",\"position\":1,\"name\":\"Inicio\",\"item\":\"https:\\\/\\\/autofans.com.ar\\\/\"},{\"@type\":\"ListItem\",\"position\":2,\"name\":\"Nissan impulsa la sustentabilidad en su planta de Resende\"}]},{\"@type\":\"WebSite\",\"@id\":\"https:\\\/\\\/autofans.com.ar\\\/#website\",\"url\":\"https:\\\/\\\/autofans.com.ar\\\/\",\"name\":\"\",\"description\":\"El multimedio referente de la industria automotriz\",\"potentialAction\":[{\"@type\":\"SearchAction\",\"target\":{\"@type\":\"EntryPoint\",\"urlTemplate\":\"https:\\\/\\\/autofans.com.ar\\\/?s={search_term_string}\"},\"query-input\":{\"@type\":\"PropertyValueSpecification\",\"valueRequired\":true,\"valueName\":\"search_term_string\"}}],\"inLanguage\":\"es\"},{\"@type\":\"Person\",\"@id\":\"https:\\\/\\\/autofans.com.ar\\\/#\\\/schema\\\/person\\\/4a8dda0b6df83ac3d6723e921274c2aa\",\"name\":\"Alejandro Gabriel Rosito\",\"image\":{\"@type\":\"ImageObject\",\"inLanguage\":\"es\",\"@id\":\"https:\\\/\\\/secure.gravatar.com\\\/avatar\\\/16c5dda1489adfc62618084dcbb91cffd879c374b13fe5dd8e44ed6733852c88?s=96&d=mm&r=g\",\"url\":\"https:\\\/\\\/secure.gravatar.com\\\/avatar\\\/16c5dda1489adfc62618084dcbb91cffd879c374b13fe5dd8e44ed6733852c88?s=96&d=mm&r=g\",\"contentUrl\":\"https:\\\/\\\/secure.gravatar.com\\\/avatar\\\/16c5dda1489adfc62618084dcbb91cffd879c374b13fe5dd8e44ed6733852c88?s=96&d=mm&r=g\",\"caption\":\"Alejandro Gabriel Rosito\"},\"url\":\"https:\\\/\\\/autofans.com.ar\\\/index.php\\\/author\\\/gabrielr\\\/\"}]}<\/script>\n<!-- \/ Yoast SEO plugin. -->","yoast_head_json":{"title":"Nissan impulsa la sustentabilidad en su planta de Resende -","description":"Nissan destaca en el D\u00eda Mundial del Medio Ambiente, dos nuevos proyectos en su Complejo Industrial de Resende, Brasil...","robots":{"index":"index","follow":"follow","max-snippet":"max-snippet:-1","max-image-preview":"max-image-preview:large","max-video-preview":"max-video-preview:-1"},"canonical":"https:\/\/autofans.com.ar\/index.php\/2023\/06\/19\/nissan-impulsa-la-sustentabilidad-en-su-planta-de-resende\/","og_locale":"es_ES","og_type":"article","og_title":"Nissan impulsa la sustentabilidad en su planta de Resende -","og_description":"Nissan destaca en el D\u00eda Mundial del Medio Ambiente, dos nuevos proyectos en su Complejo Industrial de Resende, Brasil...","og_url":"https:\/\/autofans.com.ar\/index.php\/2023\/06\/19\/nissan-impulsa-la-sustentabilidad-en-su-planta-de-resende\/","article_published_time":"2023-06-19T20:30:05+00:00","og_image":[{"width":1000,"height":667,"url":"https:\/\/autofans.com.ar\/wp-content\/uploads\/2023\/06\/foto-1-28.jpg","type":"image\/jpeg"}],"author":"Alejandro Gabriel Rosito","twitter_card":"summary_large_image","twitter_misc":{"Escrito por":"Alejandro Gabriel Rosito","Tiempo de lectura":"3 minutos"},"schema":{"@context":"https:\/\/schema.org","@graph":[{"@type":"Article","@id":"https:\/\/autofans.com.ar\/index.php\/2023\/06\/19\/nissan-impulsa-la-sustentabilidad-en-su-planta-de-resende\/#article","isPartOf":{"@id":"https:\/\/autofans.com.ar\/index.php\/2023\/06\/19\/nissan-impulsa-la-sustentabilidad-en-su-planta-de-resende\/"},"author":{"name":"Alejandro Gabriel Rosito","@id":"https:\/\/autofans.com.ar\/#\/schema\/person\/4a8dda0b6df83ac3d6723e921274c2aa"},"headline":"Nissan impulsa la sustentabilidad en su planta de Resende","datePublished":"2023-06-19T20:30:05+00:00","mainEntityOfPage":{"@id":"https:\/\/autofans.com.ar\/index.php\/2023\/06\/19\/nissan-impulsa-la-sustentabilidad-en-su-planta-de-resende\/"},"wordCount":582,"image":{"@id":"https:\/\/autofans.com.ar\/index.php\/2023\/06\/19\/nissan-impulsa-la-sustentabilidad-en-su-planta-de-resende\/#primaryimage"},"thumbnailUrl":"https:\/\/autofans.com.ar\/wp-content\/uploads\/2023\/06\/foto-1-28.jpg","keywords":["Ahorro de agua","Complejo Industrial","eficiencia energ\u00e9tica","Nissan Resende","Sostenibilidad automotriz","veh\u00edculos el\u00e9ctricos"],"articleSection":["BIZSTYLE","NOTICIAS"],"inLanguage":"es"},{"@type":"WebPage","@id":"https:\/\/autofans.com.ar\/index.php\/2023\/06\/19\/nissan-impulsa-la-sustentabilidad-en-su-planta-de-resende\/","url":"https:\/\/autofans.com.ar\/index.php\/2023\/06\/19\/nissan-impulsa-la-sustentabilidad-en-su-planta-de-resende\/","name":"Nissan impulsa la sustentabilidad en su planta de Resende -","isPartOf":{"@id":"https:\/\/autofans.com.ar\/#website"},"primaryImageOfPage":{"@id":"https:\/\/autofans.com.ar\/index.php\/2023\/06\/19\/nissan-impulsa-la-sustentabilidad-en-su-planta-de-resende\/#primaryimage"},"image":{"@id":"https:\/\/autofans.com.ar\/index.php\/2023\/06\/19\/nissan-impulsa-la-sustentabilidad-en-su-planta-de-resende\/#primaryimage"},"thumbnailUrl":"https:\/\/autofans.com.ar\/wp-content\/uploads\/2023\/06\/foto-1-28.jpg","datePublished":"2023-06-19T20:30:05+00:00","author":{"@id":"https:\/\/autofans.com.ar\/#\/schema\/person\/4a8dda0b6df83ac3d6723e921274c2aa"},"description":"Nissan destaca en el D\u00eda Mundial del Medio Ambiente, dos nuevos proyectos en su Complejo Industrial de Resende, Brasil...","breadcrumb":{"@id":"https:\/\/autofans.com.ar\/index.php\/2023\/06\/19\/nissan-impulsa-la-sustentabilidad-en-su-planta-de-resende\/#breadcrumb"},"inLanguage":"es","potentialAction":[{"@type":"ReadAction","target":["https:\/\/autofans.com.ar\/index.php\/2023\/06\/19\/nissan-impulsa-la-sustentabilidad-en-su-planta-de-resende\/"]}]},{"@type":"ImageObject","inLanguage":"es","@id":"https:\/\/autofans.com.ar\/index.php\/2023\/06\/19\/nissan-impulsa-la-sustentabilidad-en-su-planta-de-resende\/#primaryimage","url":"https:\/\/autofans.com.ar\/wp-content\/uploads\/2023\/06\/foto-1-28.jpg","contentUrl":"https:\/\/autofans.com.ar\/wp-content\/uploads\/2023\/06\/foto-1-28.jpg","width":1000,"height":667,"caption":"nissan"},{"@type":"BreadcrumbList","@id":"https:\/\/autofans.com.ar\/index.php\/2023\/06\/19\/nissan-impulsa-la-sustentabilidad-en-su-planta-de-resende\/#breadcrumb","itemListElement":[{"@type":"ListItem","position":1,"name":"Inicio","item":"https:\/\/autofans.com.ar\/"},{"@type":"ListItem","position":2,"name":"Nissan impulsa la sustentabilidad en su planta de Resende"}]},{"@type":"WebSite","@id":"https:\/\/autofans.com.ar\/#website","url":"https:\/\/autofans.com.ar\/","name":"","description":"El multimedio referente de la industria automotriz","potentialAction":[{"@type":"SearchAction","target":{"@type":"EntryPoint","urlTemplate":"https:\/\/autofans.com.ar\/?s={search_term_string}"},"query-input":{"@type":"PropertyValueSpecification","valueRequired":true,"valueName":"search_term_string"}}],"inLanguage":"es"},{"@type":"Person","@id":"https:\/\/autofans.com.ar\/#\/schema\/person\/4a8dda0b6df83ac3d6723e921274c2aa","name":"Alejandro Gabriel Rosito","image":{"@type":"ImageObject","inLanguage":"es","@id":"https:\/\/secure.gravatar.com\/avatar\/16c5dda1489adfc62618084dcbb91cffd879c374b13fe5dd8e44ed6733852c88?s=96&d=mm&r=g","url":"https:\/\/secure.gravatar.com\/avatar\/16c5dda1489adfc62618084dcbb91cffd879c374b13fe5dd8e44ed6733852c88?s=96&d=mm&r=g","contentUrl":"https:\/\/secure.gravatar.com\/avatar\/16c5dda1489adfc62618084dcbb91cffd879c374b13fe5dd8e44ed6733852c88?s=96&d=mm&r=g","caption":"Alejandro Gabriel Rosito"},"url":"https:\/\/autofans.com.ar\/index.php\/author\/gabrielr\/"}]}},"featured_image_urls":{"full":["https:\/\/autofans.com.ar\/wp-content\/uploads\/2023\/06\/foto-1-28.jpg",1000,667,false],"thumbnail":["https:\/\/autofans.com.ar\/wp-content\/uploads\/2023\/06\/foto-1-28-150x150.jpg",150,150,true],"medium":["https:\/\/autofans.com.ar\/wp-content\/uploads\/2023\/06\/foto-1-28-300x200.jpg",300,200,true],"medium_large":["https:\/\/autofans.com.ar\/wp-content\/uploads\/2023\/06\/foto-1-28-768x512.jpg",640,427,true],"large":["https:\/\/autofans.com.ar\/wp-content\/uploads\/2023\/06\/foto-1-28.jpg",640,427,false],"1536x1536":["https:\/\/autofans.com.ar\/wp-content\/uploads\/2023\/06\/foto-1-28.jpg",1000,667,false],"2048x2048":["https:\/\/autofans.com.ar\/wp-content\/uploads\/2023\/06\/foto-1-28.jpg",1000,667,false],"covernews-featured":["https:\/\/autofans.com.ar\/wp-content\/uploads\/2023\/06\/foto-1-28.jpg",1000,667,false],"covernews-medium":["https:\/\/autofans.com.ar\/wp-content\/uploads\/2023\/06\/foto-1-28-540x340.jpg",540,340,true]},"author_info":{"display_name":"Alejandro Gabriel Rosito","author_link":"https:\/\/autofans.com.ar\/index.php\/author\/gabrielr\/"},"category_info":"<a href=\"https:\/\/autofans.com.ar\/index.php\/category\/noticias\/bizstyle\/\" rel=\"category tag\">BIZSTYLE<\/a> <a href=\"https:\/\/autofans.com.ar\/index.php\/category\/noticias\/\" rel=\"category tag\">NOTICIAS<\/a>","tag_info":"NOTICIAS","comment_count":0,"_links":{"self":[{"href":"https:\/\/autofans.com.ar\/index.php\/wp-json\/wp\/v2\/posts\/3324","targetHints":{"allow":["GET"]}}],"collection":[{"href":"https:\/\/autofans.com.ar\/index.php\/wp-json\/wp\/v2\/posts"}],"about":[{"href":"https:\/\/autofans.com.ar\/index.php\/wp-json\/wp\/v2\/types\/post"}],"author":[{"embeddable":true,"href":"https:\/\/autofans.com.ar\/index.php\/wp-json\/wp\/v2\/users\/2"}],"replies":[{"embeddable":true,"href":"https:\/\/autofans.com.ar\/index.php\/wp-json\/wp\/v2\/comments?post=3324"}],"version-history":[{"count":3,"href":"https:\/\/autofans.com.ar\/index.php\/wp-json\/wp\/v2\/posts\/3324\/revisions"}],"predecessor-version":[{"id":3329,"href":"https:\/\/autofans.com.ar\/index.php\/wp-json\/wp\/v2\/posts\/3324\/revisions\/3329"}],"wp:featuredmedia":[{"embeddable":true,"href":"https:\/\/autofans.com.ar\/index.php\/wp-json\/wp\/v2\/media\/3328"}],"wp:attachment":[{"href":"https:\/\/autofans.com.ar\/index.php\/wp-json\/wp\/v2\/media?parent=3324"}],"wp:term":[{"taxonomy":"category","embeddable":true,"href":"https:\/\/autofans.com.ar\/index.php\/wp-json\/wp\/v2\/categories?post=3324"},{"taxonomy":"post_tag","embeddable":true,"href":"https:\/\/autofans.com.ar\/index.php\/wp-json\/wp\/v2\/tags?post=3324"}],"curies":[{"name":"wp","href":"https:\/\/api.w.org\/{rel}","templated":true}]}}