{"id":3337,"date":"2023-06-20T12:34:26","date_gmt":"2023-06-20T15:34:26","guid":{"rendered":"https:\/\/autofans.com.ar\/?p=3337"},"modified":"2023-06-20T12:34:26","modified_gmt":"2023-06-20T15:34:26","slug":"mini-electrico-y-flash-se-unen-en-un-homenaje-epico-a-la-velocidad","status":"publish","type":"post","link":"https:\/\/autofans.com.ar\/index.php\/2023\/06\/20\/mini-electrico-y-flash-se-unen-en-un-homenaje-epico-a-la-velocidad\/","title":{"rendered":"MINI El\u00e9ctrico y Flash se unen en un homenaje \u00e9pico a la velocidad"},"content":{"rendered":"<p>Descubre c\u00f3mo el MINI El\u00e9ctrico rinde tributo a Flash, el emblem\u00e1tico superh\u00e9roe conocido por su velocidad sobrehumana. Conoce los detalles de esta colaboraci\u00f3n entre MINI y Panini Comics y descubre c\u00f3mo el dise\u00f1o del veh\u00edculo se inspira en la ic\u00f3nica portada del c\u00f3mic. \u00a1No te pierdas esta incre\u00edble fusi\u00f3n entre automovilismo y cultura pop!<\/p>\n<p>&nbsp;<\/p>\n<p><center><iframe title=\"Flash inspira el dise\u00f1o del MINI El\u00e9ctrico: La uni\u00f3n entre automovilismo y cultura pop.\" width=\"640\" height=\"360\" src=\"https:\/\/www.youtube.com\/embed\/TJL-3hTK474?feature=oembed\" frameborder=\"0\" allow=\"accelerometer; autoplay; clipboard-write; encrypted-media; gyroscope; picture-in-picture; web-share\" referrerpolicy=\"strict-origin-when-cross-origin\" allowfullscreen><\/iframe><\/p>\n<p>&nbsp;<\/p>\n<p><\/center><\/p>\n<h2>Una fusi\u00f3n \u00e9pica de velocidad y estilo<\/h2>\n<p>Flash, el famoso superh\u00e9roe con una larga trayectoria en los c\u00f3mics, encuentra un inesperado homenaje en el MINI El\u00e9ctrico. La marca automotriz se ha asociado con Panini Comics para crear una edici\u00f3n especial que fusiona la velocidad del veh\u00edculo el\u00e9ctrico con la esencia de Flash. Este proyecto rinde tributo a la historia y al legado del superh\u00e9roe m\u00e1s veloz de todos los tiempos.<\/p>\n<p>El dise\u00f1o del MINI El\u00e9ctrico toma como referencia la portada del c\u00f3mic n\u00famero 123, dibujada por <a href=\"https:\/\/es.wikipedia.org\/wiki\/Carmine_Infantino\" target=\"_blank\" rel=\"noopener\">Carmine Infantino<\/a> y publicada en septiembre de 1961. En esta portada, se fusionan las versiones cl\u00e1sica y moderna de Flash, Jay Garrick y Barry Allen, respectivamente. El resultado es un veh\u00edculo que captura la esencia de Flash y su inconfundible traje rojo y amarillo.<\/p>\n<p>&nbsp;<\/p>\n<p><img fetchpriority=\"high\" decoding=\"async\" class=\"aligncenter wp-image-3340 size-full\" src=\"https:\/\/autofans.com.ar\/wp-content\/uploads\/2023\/06\/foto-1-30.jpg\" alt=\"mini flash\" width=\"1000\" height=\"667\" srcset=\"https:\/\/autofans.com.ar\/wp-content\/uploads\/2023\/06\/foto-1-30.jpg 1000w, https:\/\/autofans.com.ar\/wp-content\/uploads\/2023\/06\/foto-1-30-300x200.jpg 300w, https:\/\/autofans.com.ar\/wp-content\/uploads\/2023\/06\/foto-1-30-768x512.jpg 768w\" sizes=\"(max-width: 1000px) 100vw, 1000px\" \/><\/p>\n<h2><\/h2>\n<h2>El &#8216;dibujante m\u00e1s r\u00e1pido del mundo&#8217;<\/h2>\n<p>El autor de los dibujos de este proyecto es Carmine Di Giandomenico, reconocido dibujante italiano y experto en el universo de Flash. Di Giandomenico ha plasmado la velocidad y dinamismo del superh\u00e9roe en cada detalle del dise\u00f1o del MINI El\u00e9ctrico. Su talento y dedicaci\u00f3n lo han llevado a ser conocido como \u00abel dibujante m\u00e1s r\u00e1pido del mundo\u00bb, y en esta ocasi\u00f3n, ha creado completamente el dise\u00f1o del veh\u00edculo en tan solo 10 horas.<\/p>\n<p>La colaboraci\u00f3n entre MINI y Panini Comics se present\u00f3 en Lucca Changes 2020, una feria internacional de c\u00f3mics celebrada en la Toscana. Este evento fue el escenario perfecto para mostrar la uni\u00f3n entre el mundo del automovilismo y el de los superh\u00e9roes. Los fan\u00e1ticos de Flash y los amantes de los autom\u00f3viles el\u00e9ctricos quedaron impresionados con el resultado de esta asociaci\u00f3n.<\/p>\n<p>&nbsp;<\/p>\n<p><img decoding=\"async\" class=\"aligncenter wp-image-3338 size-full\" src=\"https:\/\/autofans.com.ar\/wp-content\/uploads\/2023\/06\/foto-3-20.jpg\" alt=\"mini flash\" width=\"1000\" height=\"667\" srcset=\"https:\/\/autofans.com.ar\/wp-content\/uploads\/2023\/06\/foto-3-20.jpg 1000w, https:\/\/autofans.com.ar\/wp-content\/uploads\/2023\/06\/foto-3-20-300x200.jpg 300w, https:\/\/autofans.com.ar\/wp-content\/uploads\/2023\/06\/foto-3-20-768x512.jpg 768w\" sizes=\"(max-width: 1000px) 100vw, 1000px\" \/><\/p>\n<p>&nbsp;<\/p>\n<h2>Compromiso con la movilidad sostenible de BMW Group<\/h2>\n<p><a href=\"https:\/\/autofans.com.ar\/index.php\/2023\/05\/15\/mini-presenta-su-nueva-familia-de-modelos-electricos\/\" target=\"_blank\" rel=\"noopener\">El MINI El\u00e9ctrico<\/a> es una muestra del compromiso de BMW Group, empresa matriz de MINI, con la movilidad sostenible. Como fabricante l\u00edder en el sector premium, BMW Group se destaca por su visi\u00f3n a largo plazo y su enfoque responsable. Con m\u00e1s de 30 instalaciones de producci\u00f3n en todo el mundo y una red global de ventas en m\u00e1s de 140 pa\u00edses, BMW Group se posiciona como referente en la industria automotriz.<\/p>\n<p>Este homenaje del MINI El\u00e9ctrico a Flash es un ejemplo de c\u00f3mo la cultura pop y el mundo del automovilismo pueden converger en una experiencia \u00fanica. La combinaci\u00f3n de la ic\u00f3nica figura de Flash y la innovaci\u00f3n tecnol\u00f3gica del veh\u00edculo el\u00e9ctrico muestra el potencial creativo y la versatilidad de la industria automotriz.<\/p>\n<p>&nbsp;<\/p>\n<p><i>Para enterarte de m\u00e1s novedades, no dejes de leer\u00a0<\/i><a href=\"https:\/\/autofans.thebrandsoup.com\/\"><i>nuestras notas<\/i><\/a><i>, de ver<\/i><b><i>\u00a0<\/i><\/b><a href=\"https:\/\/www.youtube.com\/channel\/UCgAC8UGHZYbT6P7PpmVnP7g\"><b><i>AUTOFANS TV<\/i><\/b><\/a><b><i>\u00a0<\/i><\/b><i>en nuestro\u00a0canal de Youtube. Adem\u00e1s seguinos en\u00a0<\/i><a href=\"https:\/\/www.instagram.com\/autofanstv\/\"><i>INSTAGRAM<\/i><\/a><i> y <\/i><a href=\"https:\/\/www.facebook.com\/autofansmas\/\"><i>FACEBOOK<\/i><\/a><i> para no perderte nada sobre las novedades del segmento automotor de Argentina y el mundo. <\/i><\/p>\n","protected":false},"excerpt":{"rendered":"<p>Descubre c\u00f3mo el MINI El\u00e9ctrico rinde tributo a Flash, el emblem\u00e1tico superh\u00e9roe conocido por su&#8230;<\/p>\n","protected":false},"author":2,"featured_media":3339,"comment_status":"closed","ping_status":"closed","sticky":false,"template":"","format":"standard","meta":{"footnotes":""},"categories":[218,341,16],"tags":[185,1634,1631,1318,1629,415,1626,1627,380,1633,1625,125,1632,1628,32,1630],"class_list":["post-3337","post","type-post","status-publish","format-standard","has-post-thumbnail","hentry","category-autotecno","category-hibridos-y-electricos","category-noticias","tag-automovilismo","tag-bmw-group","tag-carmine-di-giandomenico","tag-colaboracion","tag-cultura-pop","tag-diseno","tag-flash","tag-homenaje","tag-innovacion-tecnologica","tag-lucca-changes-2020","tag-mini-electrico","tag-movilidad-sostenible","tag-panini-comics","tag-superheroe","tag-vehiculo-electrico","tag-velocidad"],"yoast_head":"<!-- This site is optimized with the Yoast SEO plugin v27.5 - https:\/\/yoast.com\/product\/yoast-seo-wordpress\/ -->\n<title>MINI El\u00e9ctrico y Flash se unen en un homenaje \u00e9pico a la velocidad -<\/title>\n<meta name=\"description\" content=\"Descubre c\u00f3mo el MINI El\u00e9ctrico rinde tributo a Flash, el emblem\u00e1tico superh\u00e9roe conocido por su velocidad sobrehumana...\" \/>\n<meta name=\"robots\" content=\"index, follow, max-snippet:-1, max-image-preview:large, max-video-preview:-1\" \/>\n<link rel=\"canonical\" href=\"https:\/\/autofans.com.ar\/index.php\/2023\/06\/20\/mini-electrico-y-flash-se-unen-en-un-homenaje-epico-a-la-velocidad\/\" \/>\n<meta property=\"og:locale\" content=\"es_ES\" \/>\n<meta property=\"og:type\" content=\"article\" \/>\n<meta property=\"og:title\" content=\"MINI El\u00e9ctrico y Flash se unen en un homenaje \u00e9pico a la velocidad -\" \/>\n<meta property=\"og:description\" content=\"Descubre c\u00f3mo el MINI El\u00e9ctrico rinde tributo a Flash, el emblem\u00e1tico superh\u00e9roe conocido por su velocidad sobrehumana...\" \/>\n<meta property=\"og:url\" content=\"https:\/\/autofans.com.ar\/index.php\/2023\/06\/20\/mini-electrico-y-flash-se-unen-en-un-homenaje-epico-a-la-velocidad\/\" \/>\n<meta property=\"article:published_time\" content=\"2023-06-20T15:34:26+00:00\" \/>\n<meta property=\"og:image\" content=\"https:\/\/autofans.com.ar\/wp-content\/uploads\/2023\/06\/foto-2-30.jpg\" \/>\n\t<meta property=\"og:image:width\" content=\"1000\" \/>\n\t<meta property=\"og:image:height\" content=\"667\" \/>\n\t<meta property=\"og:image:type\" content=\"image\/jpeg\" \/>\n<meta name=\"author\" content=\"Alejandro Gabriel Rosito\" \/>\n<meta name=\"twitter:card\" content=\"summary_large_image\" \/>\n<meta name=\"twitter:label1\" content=\"Escrito por\" \/>\n\t<meta name=\"twitter:data1\" content=\"Alejandro Gabriel Rosito\" \/>\n\t<meta name=\"twitter:label2\" content=\"Tiempo de lectura\" \/>\n\t<meta name=\"twitter:data2\" content=\"3 minutos\" \/>\n<script type=\"application\/ld+json\" class=\"yoast-schema-graph\">{\"@context\":\"https:\\\/\\\/schema.org\",\"@graph\":[{\"@type\":\"Article\",\"@id\":\"https:\\\/\\\/autofans.com.ar\\\/index.php\\\/2023\\\/06\\\/20\\\/mini-electrico-y-flash-se-unen-en-un-homenaje-epico-a-la-velocidad\\\/#article\",\"isPartOf\":{\"@id\":\"https:\\\/\\\/autofans.com.ar\\\/index.php\\\/2023\\\/06\\\/20\\\/mini-electrico-y-flash-se-unen-en-un-homenaje-epico-a-la-velocidad\\\/\"},\"author\":{\"name\":\"Alejandro Gabriel Rosito\",\"@id\":\"https:\\\/\\\/autofans.com.ar\\\/#\\\/schema\\\/person\\\/4a8dda0b6df83ac3d6723e921274c2aa\"},\"headline\":\"MINI El\u00e9ctrico y Flash se unen en un homenaje \u00e9pico a la velocidad\",\"datePublished\":\"2023-06-20T15:34:26+00:00\",\"mainEntityOfPage\":{\"@id\":\"https:\\\/\\\/autofans.com.ar\\\/index.php\\\/2023\\\/06\\\/20\\\/mini-electrico-y-flash-se-unen-en-un-homenaje-epico-a-la-velocidad\\\/\"},\"wordCount\":581,\"image\":{\"@id\":\"https:\\\/\\\/autofans.com.ar\\\/index.php\\\/2023\\\/06\\\/20\\\/mini-electrico-y-flash-se-unen-en-un-homenaje-epico-a-la-velocidad\\\/#primaryimage\"},\"thumbnailUrl\":\"https:\\\/\\\/autofans.com.ar\\\/wp-content\\\/uploads\\\/2023\\\/06\\\/foto-2-30.jpg\",\"keywords\":[\"#automovilismo\",\"BMW Group\",\"Carmine Di Giandomenico\",\"colaboraci\u00f3n\",\"cultura pop\",\"dise\u00f1o\",\"Flash\",\"homenaje\",\"innovaci\u00f3n tecnol\u00f3gica\",\"Lucca Changes 2020\",\"MINI El\u00e9ctrico\",\"Movilidad Sostenible\",\"Panini Comics\",\"superh\u00e9roe\",\"Vehiculo electrico\",\"velocidad\"],\"articleSection\":[\"AUTOTECNO\",\"HIBRIDOS, ELECTRICOS y otros\",\"NOTICIAS\"],\"inLanguage\":\"es\"},{\"@type\":\"WebPage\",\"@id\":\"https:\\\/\\\/autofans.com.ar\\\/index.php\\\/2023\\\/06\\\/20\\\/mini-electrico-y-flash-se-unen-en-un-homenaje-epico-a-la-velocidad\\\/\",\"url\":\"https:\\\/\\\/autofans.com.ar\\\/index.php\\\/2023\\\/06\\\/20\\\/mini-electrico-y-flash-se-unen-en-un-homenaje-epico-a-la-velocidad\\\/\",\"name\":\"MINI El\u00e9ctrico y Flash se unen en un homenaje \u00e9pico a la velocidad -\",\"isPartOf\":{\"@id\":\"https:\\\/\\\/autofans.com.ar\\\/#website\"},\"primaryImageOfPage\":{\"@id\":\"https:\\\/\\\/autofans.com.ar\\\/index.php\\\/2023\\\/06\\\/20\\\/mini-electrico-y-flash-se-unen-en-un-homenaje-epico-a-la-velocidad\\\/#primaryimage\"},\"image\":{\"@id\":\"https:\\\/\\\/autofans.com.ar\\\/index.php\\\/2023\\\/06\\\/20\\\/mini-electrico-y-flash-se-unen-en-un-homenaje-epico-a-la-velocidad\\\/#primaryimage\"},\"thumbnailUrl\":\"https:\\\/\\\/autofans.com.ar\\\/wp-content\\\/uploads\\\/2023\\\/06\\\/foto-2-30.jpg\",\"datePublished\":\"2023-06-20T15:34:26+00:00\",\"author\":{\"@id\":\"https:\\\/\\\/autofans.com.ar\\\/#\\\/schema\\\/person\\\/4a8dda0b6df83ac3d6723e921274c2aa\"},\"description\":\"Descubre c\u00f3mo el MINI El\u00e9ctrico rinde tributo a Flash, el emblem\u00e1tico superh\u00e9roe conocido por su velocidad sobrehumana...\",\"breadcrumb\":{\"@id\":\"https:\\\/\\\/autofans.com.ar\\\/index.php\\\/2023\\\/06\\\/20\\\/mini-electrico-y-flash-se-unen-en-un-homenaje-epico-a-la-velocidad\\\/#breadcrumb\"},\"inLanguage\":\"es\",\"potentialAction\":[{\"@type\":\"ReadAction\",\"target\":[\"https:\\\/\\\/autofans.com.ar\\\/index.php\\\/2023\\\/06\\\/20\\\/mini-electrico-y-flash-se-unen-en-un-homenaje-epico-a-la-velocidad\\\/\"]}]},{\"@type\":\"ImageObject\",\"inLanguage\":\"es\",\"@id\":\"https:\\\/\\\/autofans.com.ar\\\/index.php\\\/2023\\\/06\\\/20\\\/mini-electrico-y-flash-se-unen-en-un-homenaje-epico-a-la-velocidad\\\/#primaryimage\",\"url\":\"https:\\\/\\\/autofans.com.ar\\\/wp-content\\\/uploads\\\/2023\\\/06\\\/foto-2-30.jpg\",\"contentUrl\":\"https:\\\/\\\/autofans.com.ar\\\/wp-content\\\/uploads\\\/2023\\\/06\\\/foto-2-30.jpg\",\"width\":1000,\"height\":667,\"caption\":\"mini flash\"},{\"@type\":\"BreadcrumbList\",\"@id\":\"https:\\\/\\\/autofans.com.ar\\\/index.php\\\/2023\\\/06\\\/20\\\/mini-electrico-y-flash-se-unen-en-un-homenaje-epico-a-la-velocidad\\\/#breadcrumb\",\"itemListElement\":[{\"@type\":\"ListItem\",\"position\":1,\"name\":\"Inicio\",\"item\":\"https:\\\/\\\/autofans.com.ar\\\/\"},{\"@type\":\"ListItem\",\"position\":2,\"name\":\"MINI El\u00e9ctrico y Flash se unen en un homenaje \u00e9pico a la velocidad\"}]},{\"@type\":\"WebSite\",\"@id\":\"https:\\\/\\\/autofans.com.ar\\\/#website\",\"url\":\"https:\\\/\\\/autofans.com.ar\\\/\",\"name\":\"\",\"description\":\"El multimedio referente de la industria automotriz\",\"potentialAction\":[{\"@type\":\"SearchAction\",\"target\":{\"@type\":\"EntryPoint\",\"urlTemplate\":\"https:\\\/\\\/autofans.com.ar\\\/?s={search_term_string}\"},\"query-input\":{\"@type\":\"PropertyValueSpecification\",\"valueRequired\":true,\"valueName\":\"search_term_string\"}}],\"inLanguage\":\"es\"},{\"@type\":\"Person\",\"@id\":\"https:\\\/\\\/autofans.com.ar\\\/#\\\/schema\\\/person\\\/4a8dda0b6df83ac3d6723e921274c2aa\",\"name\":\"Alejandro Gabriel Rosito\",\"image\":{\"@type\":\"ImageObject\",\"inLanguage\":\"es\",\"@id\":\"https:\\\/\\\/secure.gravatar.com\\\/avatar\\\/16c5dda1489adfc62618084dcbb91cffd879c374b13fe5dd8e44ed6733852c88?s=96&d=mm&r=g\",\"url\":\"https:\\\/\\\/secure.gravatar.com\\\/avatar\\\/16c5dda1489adfc62618084dcbb91cffd879c374b13fe5dd8e44ed6733852c88?s=96&d=mm&r=g\",\"contentUrl\":\"https:\\\/\\\/secure.gravatar.com\\\/avatar\\\/16c5dda1489adfc62618084dcbb91cffd879c374b13fe5dd8e44ed6733852c88?s=96&d=mm&r=g\",\"caption\":\"Alejandro Gabriel Rosito\"},\"url\":\"https:\\\/\\\/autofans.com.ar\\\/index.php\\\/author\\\/gabrielr\\\/\"}]}<\/script>\n<!-- \/ Yoast SEO plugin. -->","yoast_head_json":{"title":"MINI El\u00e9ctrico y Flash se unen en un homenaje \u00e9pico a la velocidad -","description":"Descubre c\u00f3mo el MINI El\u00e9ctrico rinde tributo a Flash, el emblem\u00e1tico superh\u00e9roe conocido por su velocidad sobrehumana...","robots":{"index":"index","follow":"follow","max-snippet":"max-snippet:-1","max-image-preview":"max-image-preview:large","max-video-preview":"max-video-preview:-1"},"canonical":"https:\/\/autofans.com.ar\/index.php\/2023\/06\/20\/mini-electrico-y-flash-se-unen-en-un-homenaje-epico-a-la-velocidad\/","og_locale":"es_ES","og_type":"article","og_title":"MINI El\u00e9ctrico y Flash se unen en un homenaje \u00e9pico a la velocidad -","og_description":"Descubre c\u00f3mo el MINI El\u00e9ctrico rinde tributo a Flash, el emblem\u00e1tico superh\u00e9roe conocido por su velocidad sobrehumana...","og_url":"https:\/\/autofans.com.ar\/index.php\/2023\/06\/20\/mini-electrico-y-flash-se-unen-en-un-homenaje-epico-a-la-velocidad\/","article_published_time":"2023-06-20T15:34:26+00:00","og_image":[{"width":1000,"height":667,"url":"https:\/\/autofans.com.ar\/wp-content\/uploads\/2023\/06\/foto-2-30.jpg","type":"image\/jpeg"}],"author":"Alejandro Gabriel Rosito","twitter_card":"summary_large_image","twitter_misc":{"Escrito por":"Alejandro Gabriel Rosito","Tiempo de lectura":"3 minutos"},"schema":{"@context":"https:\/\/schema.org","@graph":[{"@type":"Article","@id":"https:\/\/autofans.com.ar\/index.php\/2023\/06\/20\/mini-electrico-y-flash-se-unen-en-un-homenaje-epico-a-la-velocidad\/#article","isPartOf":{"@id":"https:\/\/autofans.com.ar\/index.php\/2023\/06\/20\/mini-electrico-y-flash-se-unen-en-un-homenaje-epico-a-la-velocidad\/"},"author":{"name":"Alejandro Gabriel Rosito","@id":"https:\/\/autofans.com.ar\/#\/schema\/person\/4a8dda0b6df83ac3d6723e921274c2aa"},"headline":"MINI El\u00e9ctrico y Flash se unen en un homenaje \u00e9pico a la velocidad","datePublished":"2023-06-20T15:34:26+00:00","mainEntityOfPage":{"@id":"https:\/\/autofans.com.ar\/index.php\/2023\/06\/20\/mini-electrico-y-flash-se-unen-en-un-homenaje-epico-a-la-velocidad\/"},"wordCount":581,"image":{"@id":"https:\/\/autofans.com.ar\/index.php\/2023\/06\/20\/mini-electrico-y-flash-se-unen-en-un-homenaje-epico-a-la-velocidad\/#primaryimage"},"thumbnailUrl":"https:\/\/autofans.com.ar\/wp-content\/uploads\/2023\/06\/foto-2-30.jpg","keywords":["#automovilismo","BMW Group","Carmine Di Giandomenico","colaboraci\u00f3n","cultura pop","dise\u00f1o","Flash","homenaje","innovaci\u00f3n tecnol\u00f3gica","Lucca Changes 2020","MINI El\u00e9ctrico","Movilidad Sostenible","Panini Comics","superh\u00e9roe","Vehiculo electrico","velocidad"],"articleSection":["AUTOTECNO","HIBRIDOS, ELECTRICOS y otros","NOTICIAS"],"inLanguage":"es"},{"@type":"WebPage","@id":"https:\/\/autofans.com.ar\/index.php\/2023\/06\/20\/mini-electrico-y-flash-se-unen-en-un-homenaje-epico-a-la-velocidad\/","url":"https:\/\/autofans.com.ar\/index.php\/2023\/06\/20\/mini-electrico-y-flash-se-unen-en-un-homenaje-epico-a-la-velocidad\/","name":"MINI El\u00e9ctrico y Flash se unen en un homenaje \u00e9pico a la velocidad -","isPartOf":{"@id":"https:\/\/autofans.com.ar\/#website"},"primaryImageOfPage":{"@id":"https:\/\/autofans.com.ar\/index.php\/2023\/06\/20\/mini-electrico-y-flash-se-unen-en-un-homenaje-epico-a-la-velocidad\/#primaryimage"},"image":{"@id":"https:\/\/autofans.com.ar\/index.php\/2023\/06\/20\/mini-electrico-y-flash-se-unen-en-un-homenaje-epico-a-la-velocidad\/#primaryimage"},"thumbnailUrl":"https:\/\/autofans.com.ar\/wp-content\/uploads\/2023\/06\/foto-2-30.jpg","datePublished":"2023-06-20T15:34:26+00:00","author":{"@id":"https:\/\/autofans.com.ar\/#\/schema\/person\/4a8dda0b6df83ac3d6723e921274c2aa"},"description":"Descubre c\u00f3mo el MINI El\u00e9ctrico rinde tributo a Flash, el emblem\u00e1tico superh\u00e9roe conocido por su velocidad sobrehumana...","breadcrumb":{"@id":"https:\/\/autofans.com.ar\/index.php\/2023\/06\/20\/mini-electrico-y-flash-se-unen-en-un-homenaje-epico-a-la-velocidad\/#breadcrumb"},"inLanguage":"es","potentialAction":[{"@type":"ReadAction","target":["https:\/\/autofans.com.ar\/index.php\/2023\/06\/20\/mini-electrico-y-flash-se-unen-en-un-homenaje-epico-a-la-velocidad\/"]}]},{"@type":"ImageObject","inLanguage":"es","@id":"https:\/\/autofans.com.ar\/index.php\/2023\/06\/20\/mini-electrico-y-flash-se-unen-en-un-homenaje-epico-a-la-velocidad\/#primaryimage","url":"https:\/\/autofans.com.ar\/wp-content\/uploads\/2023\/06\/foto-2-30.jpg","contentUrl":"https:\/\/autofans.com.ar\/wp-content\/uploads\/2023\/06\/foto-2-30.jpg","width":1000,"height":667,"caption":"mini flash"},{"@type":"BreadcrumbList","@id":"https:\/\/autofans.com.ar\/index.php\/2023\/06\/20\/mini-electrico-y-flash-se-unen-en-un-homenaje-epico-a-la-velocidad\/#breadcrumb","itemListElement":[{"@type":"ListItem","position":1,"name":"Inicio","item":"https:\/\/autofans.com.ar\/"},{"@type":"ListItem","position":2,"name":"MINI El\u00e9ctrico y Flash se unen en un homenaje \u00e9pico a la velocidad"}]},{"@type":"WebSite","@id":"https:\/\/autofans.com.ar\/#website","url":"https:\/\/autofans.com.ar\/","name":"","description":"El multimedio referente de la industria automotriz","potentialAction":[{"@type":"SearchAction","target":{"@type":"EntryPoint","urlTemplate":"https:\/\/autofans.com.ar\/?s={search_term_string}"},"query-input":{"@type":"PropertyValueSpecification","valueRequired":true,"valueName":"search_term_string"}}],"inLanguage":"es"},{"@type":"Person","@id":"https:\/\/autofans.com.ar\/#\/schema\/person\/4a8dda0b6df83ac3d6723e921274c2aa","name":"Alejandro Gabriel Rosito","image":{"@type":"ImageObject","inLanguage":"es","@id":"https:\/\/secure.gravatar.com\/avatar\/16c5dda1489adfc62618084dcbb91cffd879c374b13fe5dd8e44ed6733852c88?s=96&d=mm&r=g","url":"https:\/\/secure.gravatar.com\/avatar\/16c5dda1489adfc62618084dcbb91cffd879c374b13fe5dd8e44ed6733852c88?s=96&d=mm&r=g","contentUrl":"https:\/\/secure.gravatar.com\/avatar\/16c5dda1489adfc62618084dcbb91cffd879c374b13fe5dd8e44ed6733852c88?s=96&d=mm&r=g","caption":"Alejandro Gabriel Rosito"},"url":"https:\/\/autofans.com.ar\/index.php\/author\/gabrielr\/"}]}},"featured_image_urls":{"full":["https:\/\/autofans.com.ar\/wp-content\/uploads\/2023\/06\/foto-2-30.jpg",1000,667,false],"thumbnail":["https:\/\/autofans.com.ar\/wp-content\/uploads\/2023\/06\/foto-2-30-150x150.jpg",150,150,true],"medium":["https:\/\/autofans.com.ar\/wp-content\/uploads\/2023\/06\/foto-2-30-300x200.jpg",300,200,true],"medium_large":["https:\/\/autofans.com.ar\/wp-content\/uploads\/2023\/06\/foto-2-30-768x512.jpg",640,427,true],"large":["https:\/\/autofans.com.ar\/wp-content\/uploads\/2023\/06\/foto-2-30.jpg",640,427,false],"1536x1536":["https:\/\/autofans.com.ar\/wp-content\/uploads\/2023\/06\/foto-2-30.jpg",1000,667,false],"2048x2048":["https:\/\/autofans.com.ar\/wp-content\/uploads\/2023\/06\/foto-2-30.jpg",1000,667,false],"covernews-featured":["https:\/\/autofans.com.ar\/wp-content\/uploads\/2023\/06\/foto-2-30.jpg",1000,667,false],"covernews-medium":["https:\/\/autofans.com.ar\/wp-content\/uploads\/2023\/06\/foto-2-30-540x340.jpg",540,340,true]},"author_info":{"display_name":"Alejandro Gabriel Rosito","author_link":"https:\/\/autofans.com.ar\/index.php\/author\/gabrielr\/"},"category_info":"<a href=\"https:\/\/autofans.com.ar\/index.php\/category\/noticias\/autotecno\/\" rel=\"category tag\">AUTOTECNO<\/a> <a href=\"https:\/\/autofans.com.ar\/index.php\/category\/noticias\/hibridos-y-electricos\/\" rel=\"category tag\">HIBRIDOS, ELECTRICOS y otros<\/a> <a href=\"https:\/\/autofans.com.ar\/index.php\/category\/noticias\/\" rel=\"category tag\">NOTICIAS<\/a>","tag_info":"NOTICIAS","comment_count":0,"_links":{"self":[{"href":"https:\/\/autofans.com.ar\/index.php\/wp-json\/wp\/v2\/posts\/3337","targetHints":{"allow":["GET"]}}],"collection":[{"href":"https:\/\/autofans.com.ar\/index.php\/wp-json\/wp\/v2\/posts"}],"about":[{"href":"https:\/\/autofans.com.ar\/index.php\/wp-json\/wp\/v2\/types\/post"}],"author":[{"embeddable":true,"href":"https:\/\/autofans.com.ar\/index.php\/wp-json\/wp\/v2\/users\/2"}],"replies":[{"embeddable":true,"href":"https:\/\/autofans.com.ar\/index.php\/wp-json\/wp\/v2\/comments?post=3337"}],"version-history":[{"count":10,"href":"https:\/\/autofans.com.ar\/index.php\/wp-json\/wp\/v2\/posts\/3337\/revisions"}],"predecessor-version":[{"id":3350,"href":"https:\/\/autofans.com.ar\/index.php\/wp-json\/wp\/v2\/posts\/3337\/revisions\/3350"}],"wp:featuredmedia":[{"embeddable":true,"href":"https:\/\/autofans.com.ar\/index.php\/wp-json\/wp\/v2\/media\/3339"}],"wp:attachment":[{"href":"https:\/\/autofans.com.ar\/index.php\/wp-json\/wp\/v2\/media?parent=3337"}],"wp:term":[{"taxonomy":"category","embeddable":true,"href":"https:\/\/autofans.com.ar\/index.php\/wp-json\/wp\/v2\/categories?post=3337"},{"taxonomy":"post_tag","embeddable":true,"href":"https:\/\/autofans.com.ar\/index.php\/wp-json\/wp\/v2\/tags?post=3337"}],"curies":[{"name":"wp","href":"https:\/\/api.w.org\/{rel}","templated":true}]}}