{"id":3351,"date":"2023-06-20T17:17:58","date_gmt":"2023-06-20T20:17:58","guid":{"rendered":"https:\/\/autofans.com.ar\/?p=3351"},"modified":"2023-06-20T17:17:58","modified_gmt":"2023-06-20T20:17:58","slug":"atego-1730-de-mercedes-benz-lidera-la-nueva-era-de-los-camiones-autonomos-en-brasil","status":"publish","type":"post","link":"https:\/\/autofans.com.ar\/index.php\/2023\/06\/20\/atego-1730-de-mercedes-benz-lidera-la-nueva-era-de-los-camiones-autonomos-en-brasil\/","title":{"rendered":"Atego 1730 de Mercedes-Benz lidera la nueva era de los camiones aut\u00f3nomos en Brasil"},"content":{"rendered":"<p>Mercedes-Benz do Brasil ha marcado un hito en el hemisferio sur al llevar a cabo la primera operaci\u00f3n efectiva de camiones aut\u00f3nomos en una planta de productos de limpieza. En asociaci\u00f3n con la startup Lume Robotics, pionera en movilidad aut\u00f3noma. La subsidiaria brasile\u00f1a de <a href=\"https:\/\/autofans.com.ar\/index.php\/2023\/05\/23\/daimler-truck-ag-alcanza-un-hito-en-seguridad-vial\/\" target=\"_blank\" rel=\"noopener\">Daimler Truck AG<\/a> ha presentado el cami\u00f3n aut\u00f3nomo Atego 1730.<\/p>\n<p>&nbsp;<\/p>\n<p><img fetchpriority=\"high\" decoding=\"async\" class=\"aligncenter wp-image-3354 size-full\" src=\"https:\/\/autofans.com.ar\/wp-content\/uploads\/2023\/06\/foto-2-31.jpg\" alt=\"Atego 1730\" width=\"1000\" height=\"667\" srcset=\"https:\/\/autofans.com.ar\/wp-content\/uploads\/2023\/06\/foto-2-31.jpg 1000w, https:\/\/autofans.com.ar\/wp-content\/uploads\/2023\/06\/foto-2-31-300x200.jpg 300w, https:\/\/autofans.com.ar\/wp-content\/uploads\/2023\/06\/foto-2-31-768x512.jpg 768w\" sizes=\"(max-width: 1000px) 100vw, 1000px\" \/><\/p>\n<p>&nbsp;<\/p>\n<h2>La nueva era de los camiones aut\u00f3nomos<\/h2>\n<p>El cami\u00f3n Atego 1730 ha sido adaptado espec\u00edficamente para Yp\u00ea, una empresa brasile\u00f1a l\u00edder en el segmento de higiene y limpieza y ya se han comercializado cuatro unidades para su uso en su cadena de suministro. Este veh\u00edculo revolucionario, presentado por primera vez en Fenatran 2022, evento destacado en S\u00e3o Paulo. Est\u00e1 equipado con un avanzado sistema rob\u00f3tico de hardware y software que le permite desplazarse de manera aut\u00f3noma en situaciones espec\u00edficas.<\/p>\n<p>La tecnolog\u00eda desarrollada por Lume Robotics permite al cami\u00f3n crear mapas y rutas para una regi\u00f3n determinada. Esto garantiza su capacidad para viajar de forma aut\u00f3noma, evitando obst\u00e1culos est\u00e1ticos y din\u00e1micos y navegando por el tr\u00e1fico hasta llegar a su destino predeterminado. Este avance representa un importante paso hacia adelante en la industria de camiones aut\u00f3nomos. Ya que aumenta la seguridad y la eficiencia en las operaciones log\u00edsticas.<\/p>\n<blockquote>\n<p style=\"text-align: center;\">\u00abEstamos enfocados en ofrecer el mejor producto con la \u00faltima tecnolog\u00eda a nuestros clientes, adapt\u00e1ndonos a sus necesidades y requisitos. La asociaci\u00f3n con Lume Robotics nos ha permitido desarrollar un cami\u00f3n aut\u00f3nomo de nivel 4, una tecnolog\u00eda in\u00e9dita en nuestro pa\u00eds\u00bb, destaca Achim Puchert, presidente de Mercedes-Benz do Brasil &amp; CEO para Latinoam\u00e9rica.<\/p>\n<\/blockquote>\n<p>Adem\u00e1s de este logro tecnol\u00f3gico, Mercedes-Benz do Brasil ha establecido un nuevo modelo de negocio en Brasil al ofrecer a sus clientes servicios de asesoramiento especializado en el ecosistema de veh\u00edculos aut\u00f3nomos. Esta iniciativa proporciona soluciones personalizadas y adaptadas a las necesidades individuales de cada cliente.<\/p>\n<p>&nbsp;<\/p>\n<div id='gallery-1' class='gallery galleryid-3351 gallery-columns-2 gallery-size-full'><figure class='gallery-item'>\n\t\t\t<div class='gallery-icon landscape'>\n\t\t\t\t<a href='https:\/\/autofans.com.ar\/index.php\/2023\/06\/20\/atego-1730-de-mercedes-benz-lidera-la-nueva-era-de-los-camiones-autonomos-en-brasil\/foto-1-158\/'><img loading=\"lazy\" width=\"1000\" height=\"667\" src=\"https:\/\/autofans.com.ar\/wp-content\/uploads\/2023\/06\/foto-1-31.jpg\" class=\"attachment-full size-full\" alt=\"Atego 1730\" srcset=\"https:\/\/autofans.com.ar\/wp-content\/uploads\/2023\/06\/foto-1-31.jpg 1000w, https:\/\/autofans.com.ar\/wp-content\/uploads\/2023\/06\/foto-1-31-300x200.jpg 300w, https:\/\/autofans.com.ar\/wp-content\/uploads\/2023\/06\/foto-1-31-768x512.jpg 768w\" sizes=\"auto, (max-width: 1000px) 100vw, 1000px\" loading=\"lazy\" decoding=\"async\" \/><\/a>\n\t\t\t<\/div><\/figure><figure class='gallery-item'>\n\t\t\t<div class='gallery-icon landscape'>\n\t\t\t\t<a href='https:\/\/autofans.com.ar\/index.php\/2023\/06\/20\/atego-1730-de-mercedes-benz-lidera-la-nueva-era-de-los-camiones-autonomos-en-brasil\/foto-3-127\/'><img loading=\"lazy\" width=\"1000\" height=\"667\" src=\"https:\/\/autofans.com.ar\/wp-content\/uploads\/2023\/06\/foto-3-21.jpg\" class=\"attachment-full size-full\" alt=\"Atego 1730\" srcset=\"https:\/\/autofans.com.ar\/wp-content\/uploads\/2023\/06\/foto-3-21.jpg 1000w, https:\/\/autofans.com.ar\/wp-content\/uploads\/2023\/06\/foto-3-21-300x200.jpg 300w, https:\/\/autofans.com.ar\/wp-content\/uploads\/2023\/06\/foto-3-21-768x512.jpg 768w\" sizes=\"auto, (max-width: 1000px) 100vw, 1000px\" loading=\"lazy\" decoding=\"async\" \/><\/a>\n\t\t\t<\/div><\/figure>\n\t\t<\/div>\n\n<p>&nbsp;<\/p>\n<h2>Autonom\u00eda y supervisi\u00f3n humana<\/h2>\n<p>Roberto Leoncini, vicepresidente de Ventas y Marketing de camiones y buses de Mercedes-Benz do Brasil, enfatiza que a pesar de la autonom\u00eda del cami\u00f3n, el conductor sigue siendo parte integral de la operaci\u00f3n y est\u00e1 presente en la log\u00edstica. Esto le permite realizar otras tareas mientras supervisa el proceso.<\/p>\n<p>Con este importante avance en la industria, Daimler Truck AG (conocida en Argentina como Mercedes-Benz Camiones y Buses) consolida su liderazgo en proyectos innovadores en la regi\u00f3n. La implementaci\u00f3n de esta tecnolog\u00eda disruptiva tiene como objetivo mejorar la seguridad, la eficiencia y la productividad en el sector del transporte.<\/p>\n<p>&nbsp;<\/p>\n<p><i>Para enterarte de m\u00e1s novedades, no dejes de leer\u00a0<\/i><a href=\"https:\/\/autofans.thebrandsoup.com\/\"><i>nuestras notas<\/i><\/a><i>, de ver<\/i><b><i>\u00a0<\/i><\/b><a href=\"https:\/\/www.youtube.com\/channel\/UCgAC8UGHZYbT6P7PpmVnP7g\"><b><i>AUTOFANS TV<\/i><\/b><\/a><b><i>\u00a0<\/i><\/b><i>en nuestro\u00a0canal de Youtube. Adem\u00e1s seguinos en\u00a0<\/i><a href=\"https:\/\/www.instagram.com\/autofanstv\/\"><i>INSTAGRAM<\/i><\/a><i> y <\/i><a href=\"https:\/\/www.facebook.com\/autofansmas\/\"><i>FACEBOOK<\/i><\/a><i> para no perderte nada sobre las novedades del segmento automotor de Argentina y el mundo. <\/i><\/p>\n<p>&nbsp;<\/p>\n<p>&nbsp;<\/p>\n","protected":false},"excerpt":{"rendered":"<p>Mercedes-Benz do Brasil ha marcado un hito en el hemisferio sur al llevar a cabo&#8230;<\/p>\n","protected":false},"author":2,"featured_media":3352,"comment_status":"closed","ping_status":"closed","sticky":false,"template":"","format":"standard","meta":{"footnotes":""},"categories":[218,16,5],"tags":[1639,1635,86,1638,1636,1637],"class_list":["post-3351","post","type-post","status-publish","format-standard","has-post-thumbnail","hentry","category-autotecno","category-noticias","category-otros","tag-brasil","tag-camion-autonomo","tag-industria-automotriz","tag-lume-robotics","tag-mercedes-benz-atego-1730","tag-tecnologia-de-movilidad-autonoma"],"yoast_head":"<!-- This site is optimized with the Yoast SEO plugin v27.5 - https:\/\/yoast.com\/product\/yoast-seo-wordpress\/ -->\n<title>Atego 1730 de Mercedes-Benz lidera la nueva era de los camiones aut\u00f3nomos en Brasil -<\/title>\n<meta name=\"description\" content=\"La subsidiaria brasile\u00f1a de Daimler Truck AG ha presentado el cami\u00f3n aut\u00f3nomo Atego 1730. En asociaci\u00f3n con la startup Lume Robotics...\" \/>\n<meta name=\"robots\" content=\"index, follow, max-snippet:-1, max-image-preview:large, max-video-preview:-1\" \/>\n<link rel=\"canonical\" href=\"https:\/\/autofans.com.ar\/index.php\/2023\/06\/20\/atego-1730-de-mercedes-benz-lidera-la-nueva-era-de-los-camiones-autonomos-en-brasil\/\" \/>\n<meta property=\"og:locale\" content=\"es_ES\" \/>\n<meta property=\"og:type\" content=\"article\" \/>\n<meta property=\"og:title\" content=\"Atego 1730 de Mercedes-Benz lidera la nueva era de los camiones aut\u00f3nomos en Brasil -\" \/>\n<meta property=\"og:description\" content=\"La subsidiaria brasile\u00f1a de Daimler Truck AG ha presentado el cami\u00f3n aut\u00f3nomo Atego 1730. En asociaci\u00f3n con la startup Lume Robotics...\" \/>\n<meta property=\"og:url\" content=\"https:\/\/autofans.com.ar\/index.php\/2023\/06\/20\/atego-1730-de-mercedes-benz-lidera-la-nueva-era-de-los-camiones-autonomos-en-brasil\/\" \/>\n<meta property=\"article:published_time\" content=\"2023-06-20T20:17:58+00:00\" \/>\n<meta property=\"og:image\" content=\"https:\/\/autofans.com.ar\/wp-content\/uploads\/2023\/06\/foto-4-15.jpg\" \/>\n\t<meta property=\"og:image:width\" content=\"1000\" \/>\n\t<meta property=\"og:image:height\" content=\"667\" \/>\n\t<meta property=\"og:image:type\" content=\"image\/jpeg\" \/>\n<meta name=\"author\" content=\"Alejandro Gabriel Rosito\" \/>\n<meta name=\"twitter:card\" content=\"summary_large_image\" \/>\n<meta name=\"twitter:label1\" content=\"Escrito por\" \/>\n\t<meta name=\"twitter:data1\" content=\"Alejandro Gabriel Rosito\" \/>\n\t<meta name=\"twitter:label2\" content=\"Tiempo de lectura\" \/>\n\t<meta name=\"twitter:data2\" content=\"3 minutos\" \/>\n<script type=\"application\/ld+json\" class=\"yoast-schema-graph\">{\"@context\":\"https:\\\/\\\/schema.org\",\"@graph\":[{\"@type\":\"Article\",\"@id\":\"https:\\\/\\\/autofans.com.ar\\\/index.php\\\/2023\\\/06\\\/20\\\/atego-1730-de-mercedes-benz-lidera-la-nueva-era-de-los-camiones-autonomos-en-brasil\\\/#article\",\"isPartOf\":{\"@id\":\"https:\\\/\\\/autofans.com.ar\\\/index.php\\\/2023\\\/06\\\/20\\\/atego-1730-de-mercedes-benz-lidera-la-nueva-era-de-los-camiones-autonomos-en-brasil\\\/\"},\"author\":{\"name\":\"Alejandro Gabriel Rosito\",\"@id\":\"https:\\\/\\\/autofans.com.ar\\\/#\\\/schema\\\/person\\\/4a8dda0b6df83ac3d6723e921274c2aa\"},\"headline\":\"Atego 1730 de Mercedes-Benz lidera la nueva era de los camiones aut\u00f3nomos en Brasil\",\"datePublished\":\"2023-06-20T20:17:58+00:00\",\"mainEntityOfPage\":{\"@id\":\"https:\\\/\\\/autofans.com.ar\\\/index.php\\\/2023\\\/06\\\/20\\\/atego-1730-de-mercedes-benz-lidera-la-nueva-era-de-los-camiones-autonomos-en-brasil\\\/\"},\"wordCount\":516,\"image\":{\"@id\":\"https:\\\/\\\/autofans.com.ar\\\/index.php\\\/2023\\\/06\\\/20\\\/atego-1730-de-mercedes-benz-lidera-la-nueva-era-de-los-camiones-autonomos-en-brasil\\\/#primaryimage\"},\"thumbnailUrl\":\"https:\\\/\\\/autofans.com.ar\\\/wp-content\\\/uploads\\\/2023\\\/06\\\/foto-4-15.jpg\",\"keywords\":[\"Brasil\",\"cami\u00f3n aut\u00f3nomo\",\"Industria Automotriz\",\"Lume Robotics\",\"Mercedes-Benz Atego 1730\",\"tecnolog\u00eda de movilidad aut\u00f3noma\"],\"articleSection\":[\"AUTOTECNO\",\"NOTICIAS\",\"PICK UPs, UTILITARIOS Y OTROS\"],\"inLanguage\":\"es\"},{\"@type\":\"WebPage\",\"@id\":\"https:\\\/\\\/autofans.com.ar\\\/index.php\\\/2023\\\/06\\\/20\\\/atego-1730-de-mercedes-benz-lidera-la-nueva-era-de-los-camiones-autonomos-en-brasil\\\/\",\"url\":\"https:\\\/\\\/autofans.com.ar\\\/index.php\\\/2023\\\/06\\\/20\\\/atego-1730-de-mercedes-benz-lidera-la-nueva-era-de-los-camiones-autonomos-en-brasil\\\/\",\"name\":\"Atego 1730 de Mercedes-Benz lidera la nueva era de los camiones aut\u00f3nomos en Brasil -\",\"isPartOf\":{\"@id\":\"https:\\\/\\\/autofans.com.ar\\\/#website\"},\"primaryImageOfPage\":{\"@id\":\"https:\\\/\\\/autofans.com.ar\\\/index.php\\\/2023\\\/06\\\/20\\\/atego-1730-de-mercedes-benz-lidera-la-nueva-era-de-los-camiones-autonomos-en-brasil\\\/#primaryimage\"},\"image\":{\"@id\":\"https:\\\/\\\/autofans.com.ar\\\/index.php\\\/2023\\\/06\\\/20\\\/atego-1730-de-mercedes-benz-lidera-la-nueva-era-de-los-camiones-autonomos-en-brasil\\\/#primaryimage\"},\"thumbnailUrl\":\"https:\\\/\\\/autofans.com.ar\\\/wp-content\\\/uploads\\\/2023\\\/06\\\/foto-4-15.jpg\",\"datePublished\":\"2023-06-20T20:17:58+00:00\",\"author\":{\"@id\":\"https:\\\/\\\/autofans.com.ar\\\/#\\\/schema\\\/person\\\/4a8dda0b6df83ac3d6723e921274c2aa\"},\"description\":\"La subsidiaria brasile\u00f1a de Daimler Truck AG ha presentado el cami\u00f3n aut\u00f3nomo Atego 1730. En asociaci\u00f3n con la startup Lume Robotics...\",\"breadcrumb\":{\"@id\":\"https:\\\/\\\/autofans.com.ar\\\/index.php\\\/2023\\\/06\\\/20\\\/atego-1730-de-mercedes-benz-lidera-la-nueva-era-de-los-camiones-autonomos-en-brasil\\\/#breadcrumb\"},\"inLanguage\":\"es\",\"potentialAction\":[{\"@type\":\"ReadAction\",\"target\":[\"https:\\\/\\\/autofans.com.ar\\\/index.php\\\/2023\\\/06\\\/20\\\/atego-1730-de-mercedes-benz-lidera-la-nueva-era-de-los-camiones-autonomos-en-brasil\\\/\"]}]},{\"@type\":\"ImageObject\",\"inLanguage\":\"es\",\"@id\":\"https:\\\/\\\/autofans.com.ar\\\/index.php\\\/2023\\\/06\\\/20\\\/atego-1730-de-mercedes-benz-lidera-la-nueva-era-de-los-camiones-autonomos-en-brasil\\\/#primaryimage\",\"url\":\"https:\\\/\\\/autofans.com.ar\\\/wp-content\\\/uploads\\\/2023\\\/06\\\/foto-4-15.jpg\",\"contentUrl\":\"https:\\\/\\\/autofans.com.ar\\\/wp-content\\\/uploads\\\/2023\\\/06\\\/foto-4-15.jpg\",\"width\":1000,\"height\":667,\"caption\":\"Atego 1730\"},{\"@type\":\"BreadcrumbList\",\"@id\":\"https:\\\/\\\/autofans.com.ar\\\/index.php\\\/2023\\\/06\\\/20\\\/atego-1730-de-mercedes-benz-lidera-la-nueva-era-de-los-camiones-autonomos-en-brasil\\\/#breadcrumb\",\"itemListElement\":[{\"@type\":\"ListItem\",\"position\":1,\"name\":\"Inicio\",\"item\":\"https:\\\/\\\/autofans.com.ar\\\/\"},{\"@type\":\"ListItem\",\"position\":2,\"name\":\"Atego 1730 de Mercedes-Benz lidera la nueva era de los camiones aut\u00f3nomos en Brasil\"}]},{\"@type\":\"WebSite\",\"@id\":\"https:\\\/\\\/autofans.com.ar\\\/#website\",\"url\":\"https:\\\/\\\/autofans.com.ar\\\/\",\"name\":\"\",\"description\":\"El multimedio referente de la industria automotriz\",\"potentialAction\":[{\"@type\":\"SearchAction\",\"target\":{\"@type\":\"EntryPoint\",\"urlTemplate\":\"https:\\\/\\\/autofans.com.ar\\\/?s={search_term_string}\"},\"query-input\":{\"@type\":\"PropertyValueSpecification\",\"valueRequired\":true,\"valueName\":\"search_term_string\"}}],\"inLanguage\":\"es\"},{\"@type\":\"Person\",\"@id\":\"https:\\\/\\\/autofans.com.ar\\\/#\\\/schema\\\/person\\\/4a8dda0b6df83ac3d6723e921274c2aa\",\"name\":\"Alejandro Gabriel Rosito\",\"image\":{\"@type\":\"ImageObject\",\"inLanguage\":\"es\",\"@id\":\"https:\\\/\\\/secure.gravatar.com\\\/avatar\\\/16c5dda1489adfc62618084dcbb91cffd879c374b13fe5dd8e44ed6733852c88?s=96&d=mm&r=g\",\"url\":\"https:\\\/\\\/secure.gravatar.com\\\/avatar\\\/16c5dda1489adfc62618084dcbb91cffd879c374b13fe5dd8e44ed6733852c88?s=96&d=mm&r=g\",\"contentUrl\":\"https:\\\/\\\/secure.gravatar.com\\\/avatar\\\/16c5dda1489adfc62618084dcbb91cffd879c374b13fe5dd8e44ed6733852c88?s=96&d=mm&r=g\",\"caption\":\"Alejandro Gabriel Rosito\"},\"url\":\"https:\\\/\\\/autofans.com.ar\\\/index.php\\\/author\\\/gabrielr\\\/\"}]}<\/script>\n<!-- \/ Yoast SEO plugin. -->","yoast_head_json":{"title":"Atego 1730 de Mercedes-Benz lidera la nueva era de los camiones aut\u00f3nomos en Brasil -","description":"La subsidiaria brasile\u00f1a de Daimler Truck AG ha presentado el cami\u00f3n aut\u00f3nomo Atego 1730. En asociaci\u00f3n con la startup Lume Robotics...","robots":{"index":"index","follow":"follow","max-snippet":"max-snippet:-1","max-image-preview":"max-image-preview:large","max-video-preview":"max-video-preview:-1"},"canonical":"https:\/\/autofans.com.ar\/index.php\/2023\/06\/20\/atego-1730-de-mercedes-benz-lidera-la-nueva-era-de-los-camiones-autonomos-en-brasil\/","og_locale":"es_ES","og_type":"article","og_title":"Atego 1730 de Mercedes-Benz lidera la nueva era de los camiones aut\u00f3nomos en Brasil -","og_description":"La subsidiaria brasile\u00f1a de Daimler Truck AG ha presentado el cami\u00f3n aut\u00f3nomo Atego 1730. En asociaci\u00f3n con la startup Lume Robotics...","og_url":"https:\/\/autofans.com.ar\/index.php\/2023\/06\/20\/atego-1730-de-mercedes-benz-lidera-la-nueva-era-de-los-camiones-autonomos-en-brasil\/","article_published_time":"2023-06-20T20:17:58+00:00","og_image":[{"width":1000,"height":667,"url":"https:\/\/autofans.com.ar\/wp-content\/uploads\/2023\/06\/foto-4-15.jpg","type":"image\/jpeg"}],"author":"Alejandro Gabriel Rosito","twitter_card":"summary_large_image","twitter_misc":{"Escrito por":"Alejandro Gabriel Rosito","Tiempo de lectura":"3 minutos"},"schema":{"@context":"https:\/\/schema.org","@graph":[{"@type":"Article","@id":"https:\/\/autofans.com.ar\/index.php\/2023\/06\/20\/atego-1730-de-mercedes-benz-lidera-la-nueva-era-de-los-camiones-autonomos-en-brasil\/#article","isPartOf":{"@id":"https:\/\/autofans.com.ar\/index.php\/2023\/06\/20\/atego-1730-de-mercedes-benz-lidera-la-nueva-era-de-los-camiones-autonomos-en-brasil\/"},"author":{"name":"Alejandro Gabriel Rosito","@id":"https:\/\/autofans.com.ar\/#\/schema\/person\/4a8dda0b6df83ac3d6723e921274c2aa"},"headline":"Atego 1730 de Mercedes-Benz lidera la nueva era de los camiones aut\u00f3nomos en Brasil","datePublished":"2023-06-20T20:17:58+00:00","mainEntityOfPage":{"@id":"https:\/\/autofans.com.ar\/index.php\/2023\/06\/20\/atego-1730-de-mercedes-benz-lidera-la-nueva-era-de-los-camiones-autonomos-en-brasil\/"},"wordCount":516,"image":{"@id":"https:\/\/autofans.com.ar\/index.php\/2023\/06\/20\/atego-1730-de-mercedes-benz-lidera-la-nueva-era-de-los-camiones-autonomos-en-brasil\/#primaryimage"},"thumbnailUrl":"https:\/\/autofans.com.ar\/wp-content\/uploads\/2023\/06\/foto-4-15.jpg","keywords":["Brasil","cami\u00f3n aut\u00f3nomo","Industria Automotriz","Lume Robotics","Mercedes-Benz Atego 1730","tecnolog\u00eda de movilidad aut\u00f3noma"],"articleSection":["AUTOTECNO","NOTICIAS","PICK UPs, UTILITARIOS Y OTROS"],"inLanguage":"es"},{"@type":"WebPage","@id":"https:\/\/autofans.com.ar\/index.php\/2023\/06\/20\/atego-1730-de-mercedes-benz-lidera-la-nueva-era-de-los-camiones-autonomos-en-brasil\/","url":"https:\/\/autofans.com.ar\/index.php\/2023\/06\/20\/atego-1730-de-mercedes-benz-lidera-la-nueva-era-de-los-camiones-autonomos-en-brasil\/","name":"Atego 1730 de Mercedes-Benz lidera la nueva era de los camiones aut\u00f3nomos en Brasil -","isPartOf":{"@id":"https:\/\/autofans.com.ar\/#website"},"primaryImageOfPage":{"@id":"https:\/\/autofans.com.ar\/index.php\/2023\/06\/20\/atego-1730-de-mercedes-benz-lidera-la-nueva-era-de-los-camiones-autonomos-en-brasil\/#primaryimage"},"image":{"@id":"https:\/\/autofans.com.ar\/index.php\/2023\/06\/20\/atego-1730-de-mercedes-benz-lidera-la-nueva-era-de-los-camiones-autonomos-en-brasil\/#primaryimage"},"thumbnailUrl":"https:\/\/autofans.com.ar\/wp-content\/uploads\/2023\/06\/foto-4-15.jpg","datePublished":"2023-06-20T20:17:58+00:00","author":{"@id":"https:\/\/autofans.com.ar\/#\/schema\/person\/4a8dda0b6df83ac3d6723e921274c2aa"},"description":"La subsidiaria brasile\u00f1a de Daimler Truck AG ha presentado el cami\u00f3n aut\u00f3nomo Atego 1730. En asociaci\u00f3n con la startup Lume Robotics...","breadcrumb":{"@id":"https:\/\/autofans.com.ar\/index.php\/2023\/06\/20\/atego-1730-de-mercedes-benz-lidera-la-nueva-era-de-los-camiones-autonomos-en-brasil\/#breadcrumb"},"inLanguage":"es","potentialAction":[{"@type":"ReadAction","target":["https:\/\/autofans.com.ar\/index.php\/2023\/06\/20\/atego-1730-de-mercedes-benz-lidera-la-nueva-era-de-los-camiones-autonomos-en-brasil\/"]}]},{"@type":"ImageObject","inLanguage":"es","@id":"https:\/\/autofans.com.ar\/index.php\/2023\/06\/20\/atego-1730-de-mercedes-benz-lidera-la-nueva-era-de-los-camiones-autonomos-en-brasil\/#primaryimage","url":"https:\/\/autofans.com.ar\/wp-content\/uploads\/2023\/06\/foto-4-15.jpg","contentUrl":"https:\/\/autofans.com.ar\/wp-content\/uploads\/2023\/06\/foto-4-15.jpg","width":1000,"height":667,"caption":"Atego 1730"},{"@type":"BreadcrumbList","@id":"https:\/\/autofans.com.ar\/index.php\/2023\/06\/20\/atego-1730-de-mercedes-benz-lidera-la-nueva-era-de-los-camiones-autonomos-en-brasil\/#breadcrumb","itemListElement":[{"@type":"ListItem","position":1,"name":"Inicio","item":"https:\/\/autofans.com.ar\/"},{"@type":"ListItem","position":2,"name":"Atego 1730 de Mercedes-Benz lidera la nueva era de los camiones aut\u00f3nomos en Brasil"}]},{"@type":"WebSite","@id":"https:\/\/autofans.com.ar\/#website","url":"https:\/\/autofans.com.ar\/","name":"","description":"El multimedio referente de la industria automotriz","potentialAction":[{"@type":"SearchAction","target":{"@type":"EntryPoint","urlTemplate":"https:\/\/autofans.com.ar\/?s={search_term_string}"},"query-input":{"@type":"PropertyValueSpecification","valueRequired":true,"valueName":"search_term_string"}}],"inLanguage":"es"},{"@type":"Person","@id":"https:\/\/autofans.com.ar\/#\/schema\/person\/4a8dda0b6df83ac3d6723e921274c2aa","name":"Alejandro Gabriel Rosito","image":{"@type":"ImageObject","inLanguage":"es","@id":"https:\/\/secure.gravatar.com\/avatar\/16c5dda1489adfc62618084dcbb91cffd879c374b13fe5dd8e44ed6733852c88?s=96&d=mm&r=g","url":"https:\/\/secure.gravatar.com\/avatar\/16c5dda1489adfc62618084dcbb91cffd879c374b13fe5dd8e44ed6733852c88?s=96&d=mm&r=g","contentUrl":"https:\/\/secure.gravatar.com\/avatar\/16c5dda1489adfc62618084dcbb91cffd879c374b13fe5dd8e44ed6733852c88?s=96&d=mm&r=g","caption":"Alejandro Gabriel Rosito"},"url":"https:\/\/autofans.com.ar\/index.php\/author\/gabrielr\/"}]}},"featured_image_urls":{"full":["https:\/\/autofans.com.ar\/wp-content\/uploads\/2023\/06\/foto-4-15.jpg",1000,667,false],"thumbnail":["https:\/\/autofans.com.ar\/wp-content\/uploads\/2023\/06\/foto-4-15-150x150.jpg",150,150,true],"medium":["https:\/\/autofans.com.ar\/wp-content\/uploads\/2023\/06\/foto-4-15-300x200.jpg",300,200,true],"medium_large":["https:\/\/autofans.com.ar\/wp-content\/uploads\/2023\/06\/foto-4-15-768x512.jpg",640,427,true],"large":["https:\/\/autofans.com.ar\/wp-content\/uploads\/2023\/06\/foto-4-15.jpg",640,427,false],"1536x1536":["https:\/\/autofans.com.ar\/wp-content\/uploads\/2023\/06\/foto-4-15.jpg",1000,667,false],"2048x2048":["https:\/\/autofans.com.ar\/wp-content\/uploads\/2023\/06\/foto-4-15.jpg",1000,667,false],"covernews-featured":["https:\/\/autofans.com.ar\/wp-content\/uploads\/2023\/06\/foto-4-15.jpg",1000,667,false],"covernews-medium":["https:\/\/autofans.com.ar\/wp-content\/uploads\/2023\/06\/foto-4-15-540x340.jpg",540,340,true]},"author_info":{"display_name":"Alejandro Gabriel Rosito","author_link":"https:\/\/autofans.com.ar\/index.php\/author\/gabrielr\/"},"category_info":"<a href=\"https:\/\/autofans.com.ar\/index.php\/category\/noticias\/autotecno\/\" rel=\"category tag\">AUTOTECNO<\/a> <a href=\"https:\/\/autofans.com.ar\/index.php\/category\/noticias\/\" rel=\"category tag\">NOTICIAS<\/a> <a href=\"https:\/\/autofans.com.ar\/index.php\/category\/noticias\/otros\/\" rel=\"category tag\">PICK UPs, UTILITARIOS Y OTROS<\/a>","tag_info":"PICK UPs, UTILITARIOS Y OTROS","comment_count":0,"_links":{"self":[{"href":"https:\/\/autofans.com.ar\/index.php\/wp-json\/wp\/v2\/posts\/3351","targetHints":{"allow":["GET"]}}],"collection":[{"href":"https:\/\/autofans.com.ar\/index.php\/wp-json\/wp\/v2\/posts"}],"about":[{"href":"https:\/\/autofans.com.ar\/index.php\/wp-json\/wp\/v2\/types\/post"}],"author":[{"embeddable":true,"href":"https:\/\/autofans.com.ar\/index.php\/wp-json\/wp\/v2\/users\/2"}],"replies":[{"embeddable":true,"href":"https:\/\/autofans.com.ar\/index.php\/wp-json\/wp\/v2\/comments?post=3351"}],"version-history":[{"count":2,"href":"https:\/\/autofans.com.ar\/index.php\/wp-json\/wp\/v2\/posts\/3351\/revisions"}],"predecessor-version":[{"id":3357,"href":"https:\/\/autofans.com.ar\/index.php\/wp-json\/wp\/v2\/posts\/3351\/revisions\/3357"}],"wp:featuredmedia":[{"embeddable":true,"href":"https:\/\/autofans.com.ar\/index.php\/wp-json\/wp\/v2\/media\/3352"}],"wp:attachment":[{"href":"https:\/\/autofans.com.ar\/index.php\/wp-json\/wp\/v2\/media?parent=3351"}],"wp:term":[{"taxonomy":"category","embeddable":true,"href":"https:\/\/autofans.com.ar\/index.php\/wp-json\/wp\/v2\/categories?post=3351"},{"taxonomy":"post_tag","embeddable":true,"href":"https:\/\/autofans.com.ar\/index.php\/wp-json\/wp\/v2\/tags?post=3351"}],"curies":[{"name":"wp","href":"https:\/\/api.w.org\/{rel}","templated":true}]}}