{"id":3358,"date":"2023-06-20T20:23:04","date_gmt":"2023-06-20T23:23:04","guid":{"rendered":"https:\/\/autofans.com.ar\/?p=3358"},"modified":"2023-06-20T20:23:04","modified_gmt":"2023-06-20T23:23:04","slug":"ducati-presenta-el-exclusivo-audi-lounge-para-sus-clientes","status":"publish","type":"post","link":"https:\/\/autofans.com.ar\/index.php\/2023\/06\/20\/ducati-presenta-el-exclusivo-audi-lounge-para-sus-clientes\/","title":{"rendered":"Ducati presenta el exclusivo Audi Lounge para sus clientes"},"content":{"rendered":"<p>Ducati Argentina se complace en anunciar la apertura del Audi Lounge, ubicado en el emblem\u00e1tico edificio de Audi en la esquina de Figueroa Alcorta y Tagle, en pleno coraz\u00f3n de Buenos Aires. A partir de junio, todos los clientes de Ducati tendr\u00e1n acceso a este espacio exclusivo que promete una experiencia \u00fanica.<\/p>\n<p>&nbsp;<\/p>\n<p><img fetchpriority=\"high\" decoding=\"async\" class=\"aligncenter wp-image-3360 size-full\" src=\"https:\/\/autofans.com.ar\/wp-content\/uploads\/2023\/06\/foto-2-32.jpg\" alt=\"audi lounge\" width=\"1000\" height=\"667\" srcset=\"https:\/\/autofans.com.ar\/wp-content\/uploads\/2023\/06\/foto-2-32.jpg 1000w, https:\/\/autofans.com.ar\/wp-content\/uploads\/2023\/06\/foto-2-32-300x200.jpg 300w, https:\/\/autofans.com.ar\/wp-content\/uploads\/2023\/06\/foto-2-32-768x512.jpg 768w\" sizes=\"(max-width: 1000px) 100vw, 1000px\" \/><\/p>\n<p>&nbsp;<\/p>\n<h2>Sofisticaci\u00f3n, tecnolog\u00eda y hospitalidad en un solo lugar<\/h2>\n<p>El Audi Lounge es un lugar que combina sofisticaci\u00f3n y tecnolog\u00eda, brindando hospitalidad a los visitantes mientras descubren las \u00faltimas novedades de la marca. Aquellos entusiastas de las motocicletas Ducati que deseen conocer el Audi Lounge, reservar espacios para reuniones o participar en diversas activaciones, podr\u00e1n hacerlo a trav\u00e9s de los canales de contacto habilitados, presentando su C\u00e9dula \u00danica de Identificaci\u00f3n del Veh\u00edculo en la recepci\u00f3n.<\/p>\n<p>El Audi Lounge estar\u00e1 abierto de lunes a viernes, desde las 9:00 hasta las 21:00 horas. Adem\u00e1s, los usuarios podr\u00e1n disfrutar del Audi Lounge Bar, ubicado en la planta baja del edificio, todos los d\u00edas de la semana. Durante el 2023, los clientes de Ducati tendr\u00e1n un beneficio especial en el Audi Lounge Bar, ya que se les otorgar\u00e1 un descuento del 20% en sus consumos al presentar su C\u00e9dula \u00danica de Identificaci\u00f3n del Veh\u00edculo Ducati.<\/p>\n<p>&nbsp;<\/p>\n<p><img decoding=\"async\" class=\"aligncenter wp-image-3359 size-full\" src=\"https:\/\/autofans.com.ar\/wp-content\/uploads\/2023\/06\/foto-3-22.jpg\" alt=\"audi lounge\" width=\"1000\" height=\"667\" srcset=\"https:\/\/autofans.com.ar\/wp-content\/uploads\/2023\/06\/foto-3-22.jpg 1000w, https:\/\/autofans.com.ar\/wp-content\/uploads\/2023\/06\/foto-3-22-300x200.jpg 300w, https:\/\/autofans.com.ar\/wp-content\/uploads\/2023\/06\/foto-3-22-768x512.jpg 768w\" sizes=\"(max-width: 1000px) 100vw, 1000px\" \/><\/p>\n<p>&nbsp;<\/p>\n<p>Con esta apertura, <a href=\"https:\/\/autofans.com.ar\/index.php\/2023\/06\/08\/ducati-argentina-presenta-el-revolucionario-multistrada-v2s\/\" target=\"_blank\" rel=\"noopener\">Ducati Argentina<\/a> busca ampliar los beneficios para sus clientes, ofreciendo un entorno selecto y exclusivo en el cual disfrutar de una experiencia inigualable. Es un paso m\u00e1s en el compromiso de la marca por brindar un servicio de calidad y estar presente en cada aspecto de la vida de sus apasionados usuarios.<\/p>\n<p>Para obtener m\u00e1s informaci\u00f3n sobre el Audi Lounge y las actividades desarrolladas por Ducati Argentina, visita su p\u00e1gina web oficial en <a href=\"http:\/\/www.audi.com.ar\/\" target=\"_new\" rel=\"noopener\">www.audi.com.ar<\/a>. Tambi\u00e9n puedes seguir todas las novedades de la marca en su cuenta de Instagram @ducatiargentina.<\/p>\n<p>&nbsp;<\/p>\n<p><i>Para enterarte de m\u00e1s novedades, no dejes de leer\u00a0<\/i><a href=\"https:\/\/autofans.thebrandsoup.com\/\"><i>nuestras notas<\/i><\/a><i>, de ver<\/i><b><i>\u00a0<\/i><\/b><a href=\"https:\/\/www.youtube.com\/channel\/UCgAC8UGHZYbT6P7PpmVnP7g\"><b><i>AUTOFANS TV<\/i><\/b><\/a><b><i>\u00a0<\/i><\/b><i>en nuestro\u00a0canal de Youtube. Adem\u00e1s seguinos en\u00a0<\/i><a href=\"https:\/\/www.instagram.com\/autofanstv\/\"><i>INSTAGRAM<\/i><\/a><i> y <\/i><a href=\"https:\/\/www.facebook.com\/autofansmas\/\"><i>FACEBOOK<\/i><\/a><i> para no perderte nada sobre las novedades del segmento automotor de Argentina y el mundo. <\/i><\/p>\n","protected":false},"excerpt":{"rendered":"<p>Ducati Argentina se complace en anunciar la apertura del Audi Lounge, ubicado en el emblem\u00e1tico&#8230;<\/p>\n","protected":false},"author":2,"featured_media":3361,"comment_status":"closed","ping_status":"closed","sticky":false,"template":"","format":"standard","meta":{"footnotes":""},"categories":[6,16],"tags":[211,911,1640,464,1184,390,1642,54,1641,1501],"class_list":["post-3358","post","type-post","status-publish","format-standard","has-post-thumbnail","hentry","category-bizstyle","category-noticias","tag-tecnologia","tag-audi","tag-audi-lounge","tag-beneficios","tag-buenos-aires","tag-clientes","tag-descuento","tag-ducati-argentina","tag-experiencias","tag-motocicletas-premium"],"yoast_head":"<!-- This site is optimized with the Yoast SEO plugin v27.5 - https:\/\/yoast.com\/product\/yoast-seo-wordpress\/ -->\n<title>Ducati presenta el exclusivo Audi Lounge para sus clientes -<\/title>\n<meta name=\"description\" content=\"Ducati Argentina se complace en anunciar la apertura del Audi Lounge ubicado en el edificio de Audi en la esquina de Figueroa Alcorta y Tagle\" \/>\n<meta name=\"robots\" content=\"index, follow, max-snippet:-1, max-image-preview:large, max-video-preview:-1\" \/>\n<link rel=\"canonical\" href=\"https:\/\/autofans.com.ar\/index.php\/2023\/06\/20\/ducati-presenta-el-exclusivo-audi-lounge-para-sus-clientes\/\" \/>\n<meta property=\"og:locale\" content=\"es_ES\" \/>\n<meta property=\"og:type\" content=\"article\" \/>\n<meta property=\"og:title\" content=\"Ducati presenta el exclusivo Audi Lounge para sus clientes -\" \/>\n<meta property=\"og:description\" content=\"Ducati Argentina se complace en anunciar la apertura del Audi Lounge ubicado en el edificio de Audi en la esquina de Figueroa Alcorta y Tagle\" \/>\n<meta property=\"og:url\" content=\"https:\/\/autofans.com.ar\/index.php\/2023\/06\/20\/ducati-presenta-el-exclusivo-audi-lounge-para-sus-clientes\/\" \/>\n<meta property=\"article:published_time\" content=\"2023-06-20T23:23:04+00:00\" \/>\n<meta property=\"og:image\" content=\"https:\/\/autofans.com.ar\/wp-content\/uploads\/2023\/06\/foto-1-32.jpg\" \/>\n\t<meta property=\"og:image:width\" content=\"1000\" \/>\n\t<meta property=\"og:image:height\" content=\"667\" \/>\n\t<meta property=\"og:image:type\" content=\"image\/jpeg\" \/>\n<meta name=\"author\" content=\"Alejandro Gabriel Rosito\" \/>\n<meta name=\"twitter:card\" content=\"summary_large_image\" \/>\n<meta name=\"twitter:label1\" content=\"Escrito por\" \/>\n\t<meta name=\"twitter:data1\" content=\"Alejandro Gabriel Rosito\" \/>\n\t<meta name=\"twitter:label2\" content=\"Tiempo de lectura\" \/>\n\t<meta name=\"twitter:data2\" content=\"2 minutos\" \/>\n<script type=\"application\/ld+json\" class=\"yoast-schema-graph\">{\"@context\":\"https:\\\/\\\/schema.org\",\"@graph\":[{\"@type\":\"Article\",\"@id\":\"https:\\\/\\\/autofans.com.ar\\\/index.php\\\/2023\\\/06\\\/20\\\/ducati-presenta-el-exclusivo-audi-lounge-para-sus-clientes\\\/#article\",\"isPartOf\":{\"@id\":\"https:\\\/\\\/autofans.com.ar\\\/index.php\\\/2023\\\/06\\\/20\\\/ducati-presenta-el-exclusivo-audi-lounge-para-sus-clientes\\\/\"},\"author\":{\"name\":\"Alejandro Gabriel Rosito\",\"@id\":\"https:\\\/\\\/autofans.com.ar\\\/#\\\/schema\\\/person\\\/4a8dda0b6df83ac3d6723e921274c2aa\"},\"headline\":\"Ducati presenta el exclusivo Audi Lounge para sus clientes\",\"datePublished\":\"2023-06-20T23:23:04+00:00\",\"mainEntityOfPage\":{\"@id\":\"https:\\\/\\\/autofans.com.ar\\\/index.php\\\/2023\\\/06\\\/20\\\/ducati-presenta-el-exclusivo-audi-lounge-para-sus-clientes\\\/\"},\"wordCount\":375,\"image\":{\"@id\":\"https:\\\/\\\/autofans.com.ar\\\/index.php\\\/2023\\\/06\\\/20\\\/ducati-presenta-el-exclusivo-audi-lounge-para-sus-clientes\\\/#primaryimage\"},\"thumbnailUrl\":\"https:\\\/\\\/autofans.com.ar\\\/wp-content\\\/uploads\\\/2023\\\/06\\\/foto-1-32.jpg\",\"keywords\":[\"#tecnolog\u00eda\",\"Audi\",\"Audi Lounge\",\"beneficios\",\"Buenos Aires\",\"clientes\",\"descuento\",\"Ducati Argentina\",\"experiencias\",\"motocicletas premium\"],\"articleSection\":[\"BIZSTYLE\",\"NOTICIAS\"],\"inLanguage\":\"es\"},{\"@type\":\"WebPage\",\"@id\":\"https:\\\/\\\/autofans.com.ar\\\/index.php\\\/2023\\\/06\\\/20\\\/ducati-presenta-el-exclusivo-audi-lounge-para-sus-clientes\\\/\",\"url\":\"https:\\\/\\\/autofans.com.ar\\\/index.php\\\/2023\\\/06\\\/20\\\/ducati-presenta-el-exclusivo-audi-lounge-para-sus-clientes\\\/\",\"name\":\"Ducati presenta el exclusivo Audi Lounge para sus clientes -\",\"isPartOf\":{\"@id\":\"https:\\\/\\\/autofans.com.ar\\\/#website\"},\"primaryImageOfPage\":{\"@id\":\"https:\\\/\\\/autofans.com.ar\\\/index.php\\\/2023\\\/06\\\/20\\\/ducati-presenta-el-exclusivo-audi-lounge-para-sus-clientes\\\/#primaryimage\"},\"image\":{\"@id\":\"https:\\\/\\\/autofans.com.ar\\\/index.php\\\/2023\\\/06\\\/20\\\/ducati-presenta-el-exclusivo-audi-lounge-para-sus-clientes\\\/#primaryimage\"},\"thumbnailUrl\":\"https:\\\/\\\/autofans.com.ar\\\/wp-content\\\/uploads\\\/2023\\\/06\\\/foto-1-32.jpg\",\"datePublished\":\"2023-06-20T23:23:04+00:00\",\"author\":{\"@id\":\"https:\\\/\\\/autofans.com.ar\\\/#\\\/schema\\\/person\\\/4a8dda0b6df83ac3d6723e921274c2aa\"},\"description\":\"Ducati Argentina se complace en anunciar la apertura del Audi Lounge ubicado en el edificio de Audi en la esquina de Figueroa Alcorta y Tagle\",\"breadcrumb\":{\"@id\":\"https:\\\/\\\/autofans.com.ar\\\/index.php\\\/2023\\\/06\\\/20\\\/ducati-presenta-el-exclusivo-audi-lounge-para-sus-clientes\\\/#breadcrumb\"},\"inLanguage\":\"es\",\"potentialAction\":[{\"@type\":\"ReadAction\",\"target\":[\"https:\\\/\\\/autofans.com.ar\\\/index.php\\\/2023\\\/06\\\/20\\\/ducati-presenta-el-exclusivo-audi-lounge-para-sus-clientes\\\/\"]}]},{\"@type\":\"ImageObject\",\"inLanguage\":\"es\",\"@id\":\"https:\\\/\\\/autofans.com.ar\\\/index.php\\\/2023\\\/06\\\/20\\\/ducati-presenta-el-exclusivo-audi-lounge-para-sus-clientes\\\/#primaryimage\",\"url\":\"https:\\\/\\\/autofans.com.ar\\\/wp-content\\\/uploads\\\/2023\\\/06\\\/foto-1-32.jpg\",\"contentUrl\":\"https:\\\/\\\/autofans.com.ar\\\/wp-content\\\/uploads\\\/2023\\\/06\\\/foto-1-32.jpg\",\"width\":1000,\"height\":667,\"caption\":\"audi lounge\"},{\"@type\":\"BreadcrumbList\",\"@id\":\"https:\\\/\\\/autofans.com.ar\\\/index.php\\\/2023\\\/06\\\/20\\\/ducati-presenta-el-exclusivo-audi-lounge-para-sus-clientes\\\/#breadcrumb\",\"itemListElement\":[{\"@type\":\"ListItem\",\"position\":1,\"name\":\"Inicio\",\"item\":\"https:\\\/\\\/autofans.com.ar\\\/\"},{\"@type\":\"ListItem\",\"position\":2,\"name\":\"Ducati presenta el exclusivo Audi Lounge para sus clientes\"}]},{\"@type\":\"WebSite\",\"@id\":\"https:\\\/\\\/autofans.com.ar\\\/#website\",\"url\":\"https:\\\/\\\/autofans.com.ar\\\/\",\"name\":\"\",\"description\":\"El multimedio referente de la industria automotriz\",\"potentialAction\":[{\"@type\":\"SearchAction\",\"target\":{\"@type\":\"EntryPoint\",\"urlTemplate\":\"https:\\\/\\\/autofans.com.ar\\\/?s={search_term_string}\"},\"query-input\":{\"@type\":\"PropertyValueSpecification\",\"valueRequired\":true,\"valueName\":\"search_term_string\"}}],\"inLanguage\":\"es\"},{\"@type\":\"Person\",\"@id\":\"https:\\\/\\\/autofans.com.ar\\\/#\\\/schema\\\/person\\\/4a8dda0b6df83ac3d6723e921274c2aa\",\"name\":\"Alejandro Gabriel Rosito\",\"image\":{\"@type\":\"ImageObject\",\"inLanguage\":\"es\",\"@id\":\"https:\\\/\\\/secure.gravatar.com\\\/avatar\\\/16c5dda1489adfc62618084dcbb91cffd879c374b13fe5dd8e44ed6733852c88?s=96&d=mm&r=g\",\"url\":\"https:\\\/\\\/secure.gravatar.com\\\/avatar\\\/16c5dda1489adfc62618084dcbb91cffd879c374b13fe5dd8e44ed6733852c88?s=96&d=mm&r=g\",\"contentUrl\":\"https:\\\/\\\/secure.gravatar.com\\\/avatar\\\/16c5dda1489adfc62618084dcbb91cffd879c374b13fe5dd8e44ed6733852c88?s=96&d=mm&r=g\",\"caption\":\"Alejandro Gabriel Rosito\"},\"url\":\"https:\\\/\\\/autofans.com.ar\\\/index.php\\\/author\\\/gabrielr\\\/\"}]}<\/script>\n<!-- \/ Yoast SEO plugin. -->","yoast_head_json":{"title":"Ducati presenta el exclusivo Audi Lounge para sus clientes -","description":"Ducati Argentina se complace en anunciar la apertura del Audi Lounge ubicado en el edificio de Audi en la esquina de Figueroa Alcorta y Tagle","robots":{"index":"index","follow":"follow","max-snippet":"max-snippet:-1","max-image-preview":"max-image-preview:large","max-video-preview":"max-video-preview:-1"},"canonical":"https:\/\/autofans.com.ar\/index.php\/2023\/06\/20\/ducati-presenta-el-exclusivo-audi-lounge-para-sus-clientes\/","og_locale":"es_ES","og_type":"article","og_title":"Ducati presenta el exclusivo Audi Lounge para sus clientes -","og_description":"Ducati Argentina se complace en anunciar la apertura del Audi Lounge ubicado en el edificio de Audi en la esquina de Figueroa Alcorta y Tagle","og_url":"https:\/\/autofans.com.ar\/index.php\/2023\/06\/20\/ducati-presenta-el-exclusivo-audi-lounge-para-sus-clientes\/","article_published_time":"2023-06-20T23:23:04+00:00","og_image":[{"width":1000,"height":667,"url":"https:\/\/autofans.com.ar\/wp-content\/uploads\/2023\/06\/foto-1-32.jpg","type":"image\/jpeg"}],"author":"Alejandro Gabriel Rosito","twitter_card":"summary_large_image","twitter_misc":{"Escrito por":"Alejandro Gabriel Rosito","Tiempo de lectura":"2 minutos"},"schema":{"@context":"https:\/\/schema.org","@graph":[{"@type":"Article","@id":"https:\/\/autofans.com.ar\/index.php\/2023\/06\/20\/ducati-presenta-el-exclusivo-audi-lounge-para-sus-clientes\/#article","isPartOf":{"@id":"https:\/\/autofans.com.ar\/index.php\/2023\/06\/20\/ducati-presenta-el-exclusivo-audi-lounge-para-sus-clientes\/"},"author":{"name":"Alejandro Gabriel Rosito","@id":"https:\/\/autofans.com.ar\/#\/schema\/person\/4a8dda0b6df83ac3d6723e921274c2aa"},"headline":"Ducati presenta el exclusivo Audi Lounge para sus clientes","datePublished":"2023-06-20T23:23:04+00:00","mainEntityOfPage":{"@id":"https:\/\/autofans.com.ar\/index.php\/2023\/06\/20\/ducati-presenta-el-exclusivo-audi-lounge-para-sus-clientes\/"},"wordCount":375,"image":{"@id":"https:\/\/autofans.com.ar\/index.php\/2023\/06\/20\/ducati-presenta-el-exclusivo-audi-lounge-para-sus-clientes\/#primaryimage"},"thumbnailUrl":"https:\/\/autofans.com.ar\/wp-content\/uploads\/2023\/06\/foto-1-32.jpg","keywords":["#tecnolog\u00eda","Audi","Audi Lounge","beneficios","Buenos Aires","clientes","descuento","Ducati Argentina","experiencias","motocicletas premium"],"articleSection":["BIZSTYLE","NOTICIAS"],"inLanguage":"es"},{"@type":"WebPage","@id":"https:\/\/autofans.com.ar\/index.php\/2023\/06\/20\/ducati-presenta-el-exclusivo-audi-lounge-para-sus-clientes\/","url":"https:\/\/autofans.com.ar\/index.php\/2023\/06\/20\/ducati-presenta-el-exclusivo-audi-lounge-para-sus-clientes\/","name":"Ducati presenta el exclusivo Audi Lounge para sus clientes -","isPartOf":{"@id":"https:\/\/autofans.com.ar\/#website"},"primaryImageOfPage":{"@id":"https:\/\/autofans.com.ar\/index.php\/2023\/06\/20\/ducati-presenta-el-exclusivo-audi-lounge-para-sus-clientes\/#primaryimage"},"image":{"@id":"https:\/\/autofans.com.ar\/index.php\/2023\/06\/20\/ducati-presenta-el-exclusivo-audi-lounge-para-sus-clientes\/#primaryimage"},"thumbnailUrl":"https:\/\/autofans.com.ar\/wp-content\/uploads\/2023\/06\/foto-1-32.jpg","datePublished":"2023-06-20T23:23:04+00:00","author":{"@id":"https:\/\/autofans.com.ar\/#\/schema\/person\/4a8dda0b6df83ac3d6723e921274c2aa"},"description":"Ducati Argentina se complace en anunciar la apertura del Audi Lounge ubicado en el edificio de Audi en la esquina de Figueroa Alcorta y Tagle","breadcrumb":{"@id":"https:\/\/autofans.com.ar\/index.php\/2023\/06\/20\/ducati-presenta-el-exclusivo-audi-lounge-para-sus-clientes\/#breadcrumb"},"inLanguage":"es","potentialAction":[{"@type":"ReadAction","target":["https:\/\/autofans.com.ar\/index.php\/2023\/06\/20\/ducati-presenta-el-exclusivo-audi-lounge-para-sus-clientes\/"]}]},{"@type":"ImageObject","inLanguage":"es","@id":"https:\/\/autofans.com.ar\/index.php\/2023\/06\/20\/ducati-presenta-el-exclusivo-audi-lounge-para-sus-clientes\/#primaryimage","url":"https:\/\/autofans.com.ar\/wp-content\/uploads\/2023\/06\/foto-1-32.jpg","contentUrl":"https:\/\/autofans.com.ar\/wp-content\/uploads\/2023\/06\/foto-1-32.jpg","width":1000,"height":667,"caption":"audi lounge"},{"@type":"BreadcrumbList","@id":"https:\/\/autofans.com.ar\/index.php\/2023\/06\/20\/ducati-presenta-el-exclusivo-audi-lounge-para-sus-clientes\/#breadcrumb","itemListElement":[{"@type":"ListItem","position":1,"name":"Inicio","item":"https:\/\/autofans.com.ar\/"},{"@type":"ListItem","position":2,"name":"Ducati presenta el exclusivo Audi Lounge para sus clientes"}]},{"@type":"WebSite","@id":"https:\/\/autofans.com.ar\/#website","url":"https:\/\/autofans.com.ar\/","name":"","description":"El multimedio referente de la industria automotriz","potentialAction":[{"@type":"SearchAction","target":{"@type":"EntryPoint","urlTemplate":"https:\/\/autofans.com.ar\/?s={search_term_string}"},"query-input":{"@type":"PropertyValueSpecification","valueRequired":true,"valueName":"search_term_string"}}],"inLanguage":"es"},{"@type":"Person","@id":"https:\/\/autofans.com.ar\/#\/schema\/person\/4a8dda0b6df83ac3d6723e921274c2aa","name":"Alejandro Gabriel Rosito","image":{"@type":"ImageObject","inLanguage":"es","@id":"https:\/\/secure.gravatar.com\/avatar\/16c5dda1489adfc62618084dcbb91cffd879c374b13fe5dd8e44ed6733852c88?s=96&d=mm&r=g","url":"https:\/\/secure.gravatar.com\/avatar\/16c5dda1489adfc62618084dcbb91cffd879c374b13fe5dd8e44ed6733852c88?s=96&d=mm&r=g","contentUrl":"https:\/\/secure.gravatar.com\/avatar\/16c5dda1489adfc62618084dcbb91cffd879c374b13fe5dd8e44ed6733852c88?s=96&d=mm&r=g","caption":"Alejandro Gabriel Rosito"},"url":"https:\/\/autofans.com.ar\/index.php\/author\/gabrielr\/"}]}},"featured_image_urls":{"full":["https:\/\/autofans.com.ar\/wp-content\/uploads\/2023\/06\/foto-1-32.jpg",1000,667,false],"thumbnail":["https:\/\/autofans.com.ar\/wp-content\/uploads\/2023\/06\/foto-1-32-150x150.jpg",150,150,true],"medium":["https:\/\/autofans.com.ar\/wp-content\/uploads\/2023\/06\/foto-1-32-300x200.jpg",300,200,true],"medium_large":["https:\/\/autofans.com.ar\/wp-content\/uploads\/2023\/06\/foto-1-32-768x512.jpg",640,427,true],"large":["https:\/\/autofans.com.ar\/wp-content\/uploads\/2023\/06\/foto-1-32.jpg",640,427,false],"1536x1536":["https:\/\/autofans.com.ar\/wp-content\/uploads\/2023\/06\/foto-1-32.jpg",1000,667,false],"2048x2048":["https:\/\/autofans.com.ar\/wp-content\/uploads\/2023\/06\/foto-1-32.jpg",1000,667,false],"covernews-featured":["https:\/\/autofans.com.ar\/wp-content\/uploads\/2023\/06\/foto-1-32.jpg",1000,667,false],"covernews-medium":["https:\/\/autofans.com.ar\/wp-content\/uploads\/2023\/06\/foto-1-32-540x340.jpg",540,340,true]},"author_info":{"display_name":"Alejandro Gabriel Rosito","author_link":"https:\/\/autofans.com.ar\/index.php\/author\/gabrielr\/"},"category_info":"<a href=\"https:\/\/autofans.com.ar\/index.php\/category\/noticias\/bizstyle\/\" rel=\"category tag\">BIZSTYLE<\/a> <a href=\"https:\/\/autofans.com.ar\/index.php\/category\/noticias\/\" rel=\"category tag\">NOTICIAS<\/a>","tag_info":"NOTICIAS","comment_count":0,"_links":{"self":[{"href":"https:\/\/autofans.com.ar\/index.php\/wp-json\/wp\/v2\/posts\/3358","targetHints":{"allow":["GET"]}}],"collection":[{"href":"https:\/\/autofans.com.ar\/index.php\/wp-json\/wp\/v2\/posts"}],"about":[{"href":"https:\/\/autofans.com.ar\/index.php\/wp-json\/wp\/v2\/types\/post"}],"author":[{"embeddable":true,"href":"https:\/\/autofans.com.ar\/index.php\/wp-json\/wp\/v2\/users\/2"}],"replies":[{"embeddable":true,"href":"https:\/\/autofans.com.ar\/index.php\/wp-json\/wp\/v2\/comments?post=3358"}],"version-history":[{"count":1,"href":"https:\/\/autofans.com.ar\/index.php\/wp-json\/wp\/v2\/posts\/3358\/revisions"}],"predecessor-version":[{"id":3362,"href":"https:\/\/autofans.com.ar\/index.php\/wp-json\/wp\/v2\/posts\/3358\/revisions\/3362"}],"wp:featuredmedia":[{"embeddable":true,"href":"https:\/\/autofans.com.ar\/index.php\/wp-json\/wp\/v2\/media\/3361"}],"wp:attachment":[{"href":"https:\/\/autofans.com.ar\/index.php\/wp-json\/wp\/v2\/media?parent=3358"}],"wp:term":[{"taxonomy":"category","embeddable":true,"href":"https:\/\/autofans.com.ar\/index.php\/wp-json\/wp\/v2\/categories?post=3358"},{"taxonomy":"post_tag","embeddable":true,"href":"https:\/\/autofans.com.ar\/index.php\/wp-json\/wp\/v2\/tags?post=3358"}],"curies":[{"name":"wp","href":"https:\/\/api.w.org\/{rel}","templated":true}]}}