{"id":3388,"date":"2023-06-21T11:59:19","date_gmt":"2023-06-21T14:59:19","guid":{"rendered":"https:\/\/autofans.com.ar\/?p=3388"},"modified":"2023-06-21T12:02:42","modified_gmt":"2023-06-21T15:02:42","slug":"el-fitito-vuelve-nuevo-fiat-600-electrico","status":"publish","type":"post","link":"https:\/\/autofans.com.ar\/index.php\/2023\/06\/21\/el-fitito-vuelve-nuevo-fiat-600-electrico\/","title":{"rendered":"El Fitito vuelve &#8211; Nuevo Fiat 600 el\u00e9ctrico"},"content":{"rendered":"<p>El \u00edcono cl\u00e1sico de la marca italiana, el peque\u00f1o gran Fiat 600 est\u00e1 por lanzar un aggiornada versi\u00f3n el\u00e9ctrica en breve. \u00bfLo tendremos pronto en Argentina? No te pierdas este video para saber m\u00e1s.<\/p>\n<p>&nbsp;<\/p>\n<p><center><iframe title=\"El Fitito vuelve - Nuevo Fiat 600 el\u00e9ctrico\" width=\"640\" height=\"360\" src=\"https:\/\/www.youtube.com\/embed\/LnC-rkXFDeY?feature=oembed\" frameborder=\"0\" allow=\"accelerometer; autoplay; clipboard-write; encrypted-media; gyroscope; picture-in-picture; web-share\" referrerpolicy=\"strict-origin-when-cross-origin\" allowfullscreen><\/iframe><\/p>\n<p>&nbsp;<\/p>\n<p><\/center>Si queres ver esta emisi\u00f3n de Autofans TV , nuestros pr\u00f3ximos lives, streamings y mucho m\u00e1s contenido, suscribite a nuestro canal de YouTube y toc\u00e1 la campanita para recibir notificaciones de nuestras nuevas publicaciones.<\/p>\n<p>&nbsp;<\/p>\n<p><i>Para enterarte de m\u00e1s novedades, no dejes de leer\u00a0<\/i><a href=\"https:\/\/autofans.thebrandsoup.com\/\"><i>nuestras notas<\/i><\/a><i>, de ver<\/i><b><i>\u00a0<\/i><\/b><a href=\"https:\/\/www.youtube.com\/channel\/UCgAC8UGHZYbT6P7PpmVnP7g\"><b><i>AUTOFANS TV<\/i><\/b><\/a><b><i>\u00a0<\/i><\/b><i>en nuestro\u00a0canal de Youtube. Adem\u00e1s seguimos\u00a0en\u00a0<\/i><a href=\"https:\/\/www.instagram.com\/autofanstv\/\"><i>INSTAGRAM<\/i><\/a><i>\u00a0y\u00a0<\/i><a href=\"https:\/\/www.facebook.com\/autofansmas\/\"><i>FACEBOOK<\/i><\/a><i>\u00a0para no perderte nada sobre las novedades del segmento automotor de Argentina y el mundo.<\/i><\/p>\n","protected":false},"excerpt":{"rendered":"<p>El \u00edcono cl\u00e1sico de la marca italiana, el peque\u00f1o gran Fiat 600 est\u00e1 por lanzar&#8230;<\/p>\n","protected":false},"author":1,"featured_media":3390,"comment_status":"closed","ping_status":"closed","sticky":false,"template":"","format":"standard","meta":{"footnotes":""},"categories":[1027],"tags":[79,367,1066,258,1655,37,1656],"class_list":["post-3388","post","type-post","status-publish","format-standard","has-post-thumbnail","hentry","category-lifestyle-autofans-2023","tag-autofans-tv","tag-clasico","tag-electrico","tag-fiat-argentina","tag-fiat600","tag-stellantis","tag-vehiculo-sustentable"],"yoast_head":"<!-- This site is optimized with the Yoast SEO plugin v27.5 - https:\/\/yoast.com\/product\/yoast-seo-wordpress\/ -->\n<title>El Fitito vuelve - Nuevo Fiat 600 el\u00e9ctrico -<\/title>\n<meta name=\"description\" content=\"El \u00edcono cl\u00e1sico de la marca italiana, el peque\u00f1o gran Fiat 600 est\u00e1 por lanzar un aggiornada versi\u00f3n el\u00e9ctrica en breve...\" \/>\n<meta name=\"robots\" content=\"index, follow, max-snippet:-1, max-image-preview:large, max-video-preview:-1\" \/>\n<link rel=\"canonical\" href=\"https:\/\/autofans.com.ar\/index.php\/2023\/06\/21\/el-fitito-vuelve-nuevo-fiat-600-electrico\/\" \/>\n<meta property=\"og:locale\" content=\"es_ES\" \/>\n<meta property=\"og:type\" content=\"article\" \/>\n<meta property=\"og:title\" content=\"El Fitito vuelve - Nuevo Fiat 600 el\u00e9ctrico -\" \/>\n<meta property=\"og:description\" content=\"El \u00edcono cl\u00e1sico de la marca italiana, el peque\u00f1o gran Fiat 600 est\u00e1 por lanzar un aggiornada versi\u00f3n el\u00e9ctrica en breve...\" \/>\n<meta property=\"og:url\" content=\"https:\/\/autofans.com.ar\/index.php\/2023\/06\/21\/el-fitito-vuelve-nuevo-fiat-600-electrico\/\" \/>\n<meta property=\"article:published_time\" content=\"2023-06-21T14:59:19+00:00\" \/>\n<meta property=\"article:modified_time\" content=\"2023-06-21T15:02:42+00:00\" \/>\n<meta property=\"og:image\" content=\"https:\/\/autofans.com.ar\/wp-content\/uploads\/2023\/06\/Fiat-600.jpg\" \/>\n\t<meta property=\"og:image:width\" content=\"1000\" \/>\n\t<meta property=\"og:image:height\" content=\"667\" \/>\n\t<meta property=\"og:image:type\" content=\"image\/jpeg\" \/>\n<meta name=\"author\" content=\"AleCAF\" \/>\n<meta name=\"twitter:card\" content=\"summary_large_image\" \/>\n<meta name=\"twitter:label1\" content=\"Escrito por\" \/>\n\t<meta name=\"twitter:data1\" content=\"AleCAF\" \/>\n\t<meta name=\"twitter:label2\" content=\"Tiempo de lectura\" \/>\n\t<meta name=\"twitter:data2\" content=\"1 minuto\" \/>\n<script type=\"application\/ld+json\" class=\"yoast-schema-graph\">{\"@context\":\"https:\\\/\\\/schema.org\",\"@graph\":[{\"@type\":\"Article\",\"@id\":\"https:\\\/\\\/autofans.com.ar\\\/index.php\\\/2023\\\/06\\\/21\\\/el-fitito-vuelve-nuevo-fiat-600-electrico\\\/#article\",\"isPartOf\":{\"@id\":\"https:\\\/\\\/autofans.com.ar\\\/index.php\\\/2023\\\/06\\\/21\\\/el-fitito-vuelve-nuevo-fiat-600-electrico\\\/\"},\"author\":{\"name\":\"AleCAF\",\"@id\":\"https:\\\/\\\/autofans.com.ar\\\/#\\\/schema\\\/person\\\/4f260a29da3cfebb7f29121591a73481\"},\"headline\":\"El Fitito vuelve &#8211; Nuevo Fiat 600 el\u00e9ctrico\",\"datePublished\":\"2023-06-21T14:59:19+00:00\",\"dateModified\":\"2023-06-21T15:02:42+00:00\",\"mainEntityOfPage\":{\"@id\":\"https:\\\/\\\/autofans.com.ar\\\/index.php\\\/2023\\\/06\\\/21\\\/el-fitito-vuelve-nuevo-fiat-600-electrico\\\/\"},\"wordCount\":134,\"image\":{\"@id\":\"https:\\\/\\\/autofans.com.ar\\\/index.php\\\/2023\\\/06\\\/21\\\/el-fitito-vuelve-nuevo-fiat-600-electrico\\\/#primaryimage\"},\"thumbnailUrl\":\"https:\\\/\\\/autofans.com.ar\\\/wp-content\\\/uploads\\\/2023\\\/06\\\/Fiat-600.jpg\",\"keywords\":[\"AutoFans TV\",\"cl\u00e1sico\",\"electrico\",\"fiat argentina\",\"Fiat600\",\"Stellantis\",\"vehiculo Sustentable\"],\"articleSection\":[\"Lifestyle Autofans 2023\"],\"inLanguage\":\"es\"},{\"@type\":\"WebPage\",\"@id\":\"https:\\\/\\\/autofans.com.ar\\\/index.php\\\/2023\\\/06\\\/21\\\/el-fitito-vuelve-nuevo-fiat-600-electrico\\\/\",\"url\":\"https:\\\/\\\/autofans.com.ar\\\/index.php\\\/2023\\\/06\\\/21\\\/el-fitito-vuelve-nuevo-fiat-600-electrico\\\/\",\"name\":\"El Fitito vuelve - Nuevo Fiat 600 el\u00e9ctrico -\",\"isPartOf\":{\"@id\":\"https:\\\/\\\/autofans.com.ar\\\/#website\"},\"primaryImageOfPage\":{\"@id\":\"https:\\\/\\\/autofans.com.ar\\\/index.php\\\/2023\\\/06\\\/21\\\/el-fitito-vuelve-nuevo-fiat-600-electrico\\\/#primaryimage\"},\"image\":{\"@id\":\"https:\\\/\\\/autofans.com.ar\\\/index.php\\\/2023\\\/06\\\/21\\\/el-fitito-vuelve-nuevo-fiat-600-electrico\\\/#primaryimage\"},\"thumbnailUrl\":\"https:\\\/\\\/autofans.com.ar\\\/wp-content\\\/uploads\\\/2023\\\/06\\\/Fiat-600.jpg\",\"datePublished\":\"2023-06-21T14:59:19+00:00\",\"dateModified\":\"2023-06-21T15:02:42+00:00\",\"author\":{\"@id\":\"https:\\\/\\\/autofans.com.ar\\\/#\\\/schema\\\/person\\\/4f260a29da3cfebb7f29121591a73481\"},\"description\":\"El \u00edcono cl\u00e1sico de la marca italiana, el peque\u00f1o gran Fiat 600 est\u00e1 por lanzar un aggiornada versi\u00f3n el\u00e9ctrica en breve...\",\"breadcrumb\":{\"@id\":\"https:\\\/\\\/autofans.com.ar\\\/index.php\\\/2023\\\/06\\\/21\\\/el-fitito-vuelve-nuevo-fiat-600-electrico\\\/#breadcrumb\"},\"inLanguage\":\"es\",\"potentialAction\":[{\"@type\":\"ReadAction\",\"target\":[\"https:\\\/\\\/autofans.com.ar\\\/index.php\\\/2023\\\/06\\\/21\\\/el-fitito-vuelve-nuevo-fiat-600-electrico\\\/\"]}]},{\"@type\":\"ImageObject\",\"inLanguage\":\"es\",\"@id\":\"https:\\\/\\\/autofans.com.ar\\\/index.php\\\/2023\\\/06\\\/21\\\/el-fitito-vuelve-nuevo-fiat-600-electrico\\\/#primaryimage\",\"url\":\"https:\\\/\\\/autofans.com.ar\\\/wp-content\\\/uploads\\\/2023\\\/06\\\/Fiat-600.jpg\",\"contentUrl\":\"https:\\\/\\\/autofans.com.ar\\\/wp-content\\\/uploads\\\/2023\\\/06\\\/Fiat-600.jpg\",\"width\":1000,\"height\":667,\"caption\":\"Fiat 600\"},{\"@type\":\"BreadcrumbList\",\"@id\":\"https:\\\/\\\/autofans.com.ar\\\/index.php\\\/2023\\\/06\\\/21\\\/el-fitito-vuelve-nuevo-fiat-600-electrico\\\/#breadcrumb\",\"itemListElement\":[{\"@type\":\"ListItem\",\"position\":1,\"name\":\"Inicio\",\"item\":\"https:\\\/\\\/autofans.com.ar\\\/\"},{\"@type\":\"ListItem\",\"position\":2,\"name\":\"El Fitito vuelve &#8211; Nuevo Fiat 600 el\u00e9ctrico\"}]},{\"@type\":\"WebSite\",\"@id\":\"https:\\\/\\\/autofans.com.ar\\\/#website\",\"url\":\"https:\\\/\\\/autofans.com.ar\\\/\",\"name\":\"\",\"description\":\"El multimedio referente de la industria automotriz\",\"potentialAction\":[{\"@type\":\"SearchAction\",\"target\":{\"@type\":\"EntryPoint\",\"urlTemplate\":\"https:\\\/\\\/autofans.com.ar\\\/?s={search_term_string}\"},\"query-input\":{\"@type\":\"PropertyValueSpecification\",\"valueRequired\":true,\"valueName\":\"search_term_string\"}}],\"inLanguage\":\"es\"},{\"@type\":\"Person\",\"@id\":\"https:\\\/\\\/autofans.com.ar\\\/#\\\/schema\\\/person\\\/4f260a29da3cfebb7f29121591a73481\",\"name\":\"AleCAF\",\"image\":{\"@type\":\"ImageObject\",\"inLanguage\":\"es\",\"@id\":\"https:\\\/\\\/secure.gravatar.com\\\/avatar\\\/959b1ac26ee9dfc67318763f0a21a739fce256ee110a46fe86a2957f5568f27e?s=96&d=mm&r=g\",\"url\":\"https:\\\/\\\/secure.gravatar.com\\\/avatar\\\/959b1ac26ee9dfc67318763f0a21a739fce256ee110a46fe86a2957f5568f27e?s=96&d=mm&r=g\",\"contentUrl\":\"https:\\\/\\\/secure.gravatar.com\\\/avatar\\\/959b1ac26ee9dfc67318763f0a21a739fce256ee110a46fe86a2957f5568f27e?s=96&d=mm&r=g\",\"caption\":\"AleCAF\"},\"description\":\"Se trata del sitio web del multimedio Autofans, dedicado a informar las novedades y tendencias del segmento automotor nacional e internacional. El multimedio est\u00e1 conformado por Autofans web, Autofans TV (Programa), Youtube, Intagram y Facebook\",\"sameAs\":[\"https:\\\/\\\/autofans.com.ar\"],\"url\":\"https:\\\/\\\/autofans.com.ar\\\/index.php\\\/author\\\/alecampolieto\\\/\"}]}<\/script>\n<!-- \/ Yoast SEO plugin. -->","yoast_head_json":{"title":"El Fitito vuelve - Nuevo Fiat 600 el\u00e9ctrico -","description":"El \u00edcono cl\u00e1sico de la marca italiana, el peque\u00f1o gran Fiat 600 est\u00e1 por lanzar un aggiornada versi\u00f3n el\u00e9ctrica en breve...","robots":{"index":"index","follow":"follow","max-snippet":"max-snippet:-1","max-image-preview":"max-image-preview:large","max-video-preview":"max-video-preview:-1"},"canonical":"https:\/\/autofans.com.ar\/index.php\/2023\/06\/21\/el-fitito-vuelve-nuevo-fiat-600-electrico\/","og_locale":"es_ES","og_type":"article","og_title":"El Fitito vuelve - Nuevo Fiat 600 el\u00e9ctrico -","og_description":"El \u00edcono cl\u00e1sico de la marca italiana, el peque\u00f1o gran Fiat 600 est\u00e1 por lanzar un aggiornada versi\u00f3n el\u00e9ctrica en breve...","og_url":"https:\/\/autofans.com.ar\/index.php\/2023\/06\/21\/el-fitito-vuelve-nuevo-fiat-600-electrico\/","article_published_time":"2023-06-21T14:59:19+00:00","article_modified_time":"2023-06-21T15:02:42+00:00","og_image":[{"width":1000,"height":667,"url":"https:\/\/autofans.com.ar\/wp-content\/uploads\/2023\/06\/Fiat-600.jpg","type":"image\/jpeg"}],"author":"AleCAF","twitter_card":"summary_large_image","twitter_misc":{"Escrito por":"AleCAF","Tiempo de lectura":"1 minuto"},"schema":{"@context":"https:\/\/schema.org","@graph":[{"@type":"Article","@id":"https:\/\/autofans.com.ar\/index.php\/2023\/06\/21\/el-fitito-vuelve-nuevo-fiat-600-electrico\/#article","isPartOf":{"@id":"https:\/\/autofans.com.ar\/index.php\/2023\/06\/21\/el-fitito-vuelve-nuevo-fiat-600-electrico\/"},"author":{"name":"AleCAF","@id":"https:\/\/autofans.com.ar\/#\/schema\/person\/4f260a29da3cfebb7f29121591a73481"},"headline":"El Fitito vuelve &#8211; Nuevo Fiat 600 el\u00e9ctrico","datePublished":"2023-06-21T14:59:19+00:00","dateModified":"2023-06-21T15:02:42+00:00","mainEntityOfPage":{"@id":"https:\/\/autofans.com.ar\/index.php\/2023\/06\/21\/el-fitito-vuelve-nuevo-fiat-600-electrico\/"},"wordCount":134,"image":{"@id":"https:\/\/autofans.com.ar\/index.php\/2023\/06\/21\/el-fitito-vuelve-nuevo-fiat-600-electrico\/#primaryimage"},"thumbnailUrl":"https:\/\/autofans.com.ar\/wp-content\/uploads\/2023\/06\/Fiat-600.jpg","keywords":["AutoFans TV","cl\u00e1sico","electrico","fiat argentina","Fiat600","Stellantis","vehiculo Sustentable"],"articleSection":["Lifestyle Autofans 2023"],"inLanguage":"es"},{"@type":"WebPage","@id":"https:\/\/autofans.com.ar\/index.php\/2023\/06\/21\/el-fitito-vuelve-nuevo-fiat-600-electrico\/","url":"https:\/\/autofans.com.ar\/index.php\/2023\/06\/21\/el-fitito-vuelve-nuevo-fiat-600-electrico\/","name":"El Fitito vuelve - Nuevo Fiat 600 el\u00e9ctrico -","isPartOf":{"@id":"https:\/\/autofans.com.ar\/#website"},"primaryImageOfPage":{"@id":"https:\/\/autofans.com.ar\/index.php\/2023\/06\/21\/el-fitito-vuelve-nuevo-fiat-600-electrico\/#primaryimage"},"image":{"@id":"https:\/\/autofans.com.ar\/index.php\/2023\/06\/21\/el-fitito-vuelve-nuevo-fiat-600-electrico\/#primaryimage"},"thumbnailUrl":"https:\/\/autofans.com.ar\/wp-content\/uploads\/2023\/06\/Fiat-600.jpg","datePublished":"2023-06-21T14:59:19+00:00","dateModified":"2023-06-21T15:02:42+00:00","author":{"@id":"https:\/\/autofans.com.ar\/#\/schema\/person\/4f260a29da3cfebb7f29121591a73481"},"description":"El \u00edcono cl\u00e1sico de la marca italiana, el peque\u00f1o gran Fiat 600 est\u00e1 por lanzar un aggiornada versi\u00f3n el\u00e9ctrica en breve...","breadcrumb":{"@id":"https:\/\/autofans.com.ar\/index.php\/2023\/06\/21\/el-fitito-vuelve-nuevo-fiat-600-electrico\/#breadcrumb"},"inLanguage":"es","potentialAction":[{"@type":"ReadAction","target":["https:\/\/autofans.com.ar\/index.php\/2023\/06\/21\/el-fitito-vuelve-nuevo-fiat-600-electrico\/"]}]},{"@type":"ImageObject","inLanguage":"es","@id":"https:\/\/autofans.com.ar\/index.php\/2023\/06\/21\/el-fitito-vuelve-nuevo-fiat-600-electrico\/#primaryimage","url":"https:\/\/autofans.com.ar\/wp-content\/uploads\/2023\/06\/Fiat-600.jpg","contentUrl":"https:\/\/autofans.com.ar\/wp-content\/uploads\/2023\/06\/Fiat-600.jpg","width":1000,"height":667,"caption":"Fiat 600"},{"@type":"BreadcrumbList","@id":"https:\/\/autofans.com.ar\/index.php\/2023\/06\/21\/el-fitito-vuelve-nuevo-fiat-600-electrico\/#breadcrumb","itemListElement":[{"@type":"ListItem","position":1,"name":"Inicio","item":"https:\/\/autofans.com.ar\/"},{"@type":"ListItem","position":2,"name":"El Fitito vuelve &#8211; Nuevo Fiat 600 el\u00e9ctrico"}]},{"@type":"WebSite","@id":"https:\/\/autofans.com.ar\/#website","url":"https:\/\/autofans.com.ar\/","name":"","description":"El multimedio referente de la industria automotriz","potentialAction":[{"@type":"SearchAction","target":{"@type":"EntryPoint","urlTemplate":"https:\/\/autofans.com.ar\/?s={search_term_string}"},"query-input":{"@type":"PropertyValueSpecification","valueRequired":true,"valueName":"search_term_string"}}],"inLanguage":"es"},{"@type":"Person","@id":"https:\/\/autofans.com.ar\/#\/schema\/person\/4f260a29da3cfebb7f29121591a73481","name":"AleCAF","image":{"@type":"ImageObject","inLanguage":"es","@id":"https:\/\/secure.gravatar.com\/avatar\/959b1ac26ee9dfc67318763f0a21a739fce256ee110a46fe86a2957f5568f27e?s=96&d=mm&r=g","url":"https:\/\/secure.gravatar.com\/avatar\/959b1ac26ee9dfc67318763f0a21a739fce256ee110a46fe86a2957f5568f27e?s=96&d=mm&r=g","contentUrl":"https:\/\/secure.gravatar.com\/avatar\/959b1ac26ee9dfc67318763f0a21a739fce256ee110a46fe86a2957f5568f27e?s=96&d=mm&r=g","caption":"AleCAF"},"description":"Se trata del sitio web del multimedio Autofans, dedicado a informar las novedades y tendencias del segmento automotor nacional e internacional. El multimedio est\u00e1 conformado por Autofans web, Autofans TV (Programa), Youtube, Intagram y Facebook","sameAs":["https:\/\/autofans.com.ar"],"url":"https:\/\/autofans.com.ar\/index.php\/author\/alecampolieto\/"}]}},"featured_image_urls":{"full":["https:\/\/autofans.com.ar\/wp-content\/uploads\/2023\/06\/Fiat-600.jpg",1000,667,false],"thumbnail":["https:\/\/autofans.com.ar\/wp-content\/uploads\/2023\/06\/Fiat-600-150x150.jpg",150,150,true],"medium":["https:\/\/autofans.com.ar\/wp-content\/uploads\/2023\/06\/Fiat-600-300x200.jpg",300,200,true],"medium_large":["https:\/\/autofans.com.ar\/wp-content\/uploads\/2023\/06\/Fiat-600-768x512.jpg",640,427,true],"large":["https:\/\/autofans.com.ar\/wp-content\/uploads\/2023\/06\/Fiat-600.jpg",640,427,false],"1536x1536":["https:\/\/autofans.com.ar\/wp-content\/uploads\/2023\/06\/Fiat-600.jpg",1000,667,false],"2048x2048":["https:\/\/autofans.com.ar\/wp-content\/uploads\/2023\/06\/Fiat-600.jpg",1000,667,false],"covernews-featured":["https:\/\/autofans.com.ar\/wp-content\/uploads\/2023\/06\/Fiat-600.jpg",1000,667,false],"covernews-medium":["https:\/\/autofans.com.ar\/wp-content\/uploads\/2023\/06\/Fiat-600-540x340.jpg",540,340,true]},"author_info":{"display_name":"AleCAF","author_link":"https:\/\/autofans.com.ar\/index.php\/author\/alecampolieto\/"},"category_info":"<a href=\"https:\/\/autofans.com.ar\/index.php\/category\/autofans-tv\/programas-2023\/lifestyle-autofans-2023\/\" rel=\"category tag\">Lifestyle Autofans 2023<\/a>","tag_info":"Lifestyle Autofans 2023","comment_count":0,"_links":{"self":[{"href":"https:\/\/autofans.com.ar\/index.php\/wp-json\/wp\/v2\/posts\/3388","targetHints":{"allow":["GET"]}}],"collection":[{"href":"https:\/\/autofans.com.ar\/index.php\/wp-json\/wp\/v2\/posts"}],"about":[{"href":"https:\/\/autofans.com.ar\/index.php\/wp-json\/wp\/v2\/types\/post"}],"author":[{"embeddable":true,"href":"https:\/\/autofans.com.ar\/index.php\/wp-json\/wp\/v2\/users\/1"}],"replies":[{"embeddable":true,"href":"https:\/\/autofans.com.ar\/index.php\/wp-json\/wp\/v2\/comments?post=3388"}],"version-history":[{"count":2,"href":"https:\/\/autofans.com.ar\/index.php\/wp-json\/wp\/v2\/posts\/3388\/revisions"}],"predecessor-version":[{"id":3391,"href":"https:\/\/autofans.com.ar\/index.php\/wp-json\/wp\/v2\/posts\/3388\/revisions\/3391"}],"wp:featuredmedia":[{"embeddable":true,"href":"https:\/\/autofans.com.ar\/index.php\/wp-json\/wp\/v2\/media\/3390"}],"wp:attachment":[{"href":"https:\/\/autofans.com.ar\/index.php\/wp-json\/wp\/v2\/media?parent=3388"}],"wp:term":[{"taxonomy":"category","embeddable":true,"href":"https:\/\/autofans.com.ar\/index.php\/wp-json\/wp\/v2\/categories?post=3388"},{"taxonomy":"post_tag","embeddable":true,"href":"https:\/\/autofans.com.ar\/index.php\/wp-json\/wp\/v2\/tags?post=3388"}],"curies":[{"name":"wp","href":"https:\/\/api.w.org\/{rel}","templated":true}]}}