{"id":3396,"date":"2023-06-21T12:26:31","date_gmt":"2023-06-21T15:26:31","guid":{"rendered":"https:\/\/autofans.com.ar\/?p=3396"},"modified":"2023-06-21T12:27:30","modified_gmt":"2023-06-21T15:27:30","slug":"te-contamos-sobre-el-i-coockpit-panoramico-del-nuevo-peugeot-3008","status":"publish","type":"post","link":"https:\/\/autofans.com.ar\/index.php\/2023\/06\/21\/te-contamos-sobre-el-i-coockpit-panoramico-del-nuevo-peugeot-3008\/","title":{"rendered":"Te contamos sobre el i-coockpit panor\u00e1mico del nuevo Peugeot 3008"},"content":{"rendered":"<p>El nuevo SUV de la marca francesa a presentarse en nuestro pa\u00eds en la segunda mitad del a\u00f1o, presenta un interior renovado con mucha tecnolog\u00eda y un nuevo i-coockpit panor\u00e1mico totalmente intuitivo. Para adelantarte al lanzamiento y conocer todos los detalles, no te pierdas este video.<\/p>\n<p>&nbsp;<\/p>\n<p><center><iframe title=\"Te contamos sobre el i-coockpit panor\u00e1mico del nuevo Peugeot 3008\" width=\"640\" height=\"360\" src=\"https:\/\/www.youtube.com\/embed\/8mL2tClcJz0?feature=oembed\" frameborder=\"0\" allow=\"accelerometer; autoplay; clipboard-write; encrypted-media; gyroscope; picture-in-picture; web-share\" referrerpolicy=\"strict-origin-when-cross-origin\" allowfullscreen><\/iframe><\/p>\n<p>&nbsp;<\/p>\n<p><\/center>Si quer\u00e9s ver nuevamente el programa Autofans TV #10, nuestros pr\u00f3ximos lives, streamings y mucho m\u00e1s contenido, suscribite a nuestro canal de YouTube y toc\u00e1 la campanita para recibir notificaciones de nuestras nuevas publicaciones.<\/p>\n<p>&nbsp;<\/p>\n<p><i>Para enterarte de m\u00e1s novedades, no dejes de leer\u00a0<\/i><a href=\"https:\/\/autofans.thebrandsoup.com\/\"><i>nuestras notas<\/i><\/a><i>, de ver<\/i><b><i>\u00a0<\/i><\/b><a href=\"https:\/\/www.youtube.com\/channel\/UCgAC8UGHZYbT6P7PpmVnP7g\"><b><i>AUTOFANS TV<\/i><\/b><\/a><b><i>\u00a0<\/i><\/b><i>en nuestro\u00a0canal de Youtube. Adem\u00e1s seguimos\u00a0en\u00a0<\/i><a href=\"https:\/\/www.instagram.com\/autofanstv\/\"><i>INSTAGRAM<\/i><\/a><i>\u00a0y\u00a0<\/i><a href=\"https:\/\/www.facebook.com\/autofansmas\/\"><i>FACEBOOK<\/i><\/a><i>\u00a0para no perderte nada sobre las novedades del segmento automotor de Argentina y el mundo.<\/i><\/p>\n","protected":false},"excerpt":{"rendered":"<p>El nuevo SUV de la marca francesa a presentarse en nuestro pa\u00eds en la segunda&#8230;<\/p>\n","protected":false},"author":1,"featured_media":3397,"comment_status":"closed","ping_status":"closed","sticky":false,"template":"","format":"standard","meta":{"footnotes":""},"categories":[1023],"tags":[1660,1661,71,306,1662,1541,108],"class_list":["post-3396","post","type-post","status-publish","format-standard","has-post-thumbnail","hentry","category-test-drives-2023","tag-autofrans-tv","tag-i-coockpit-panoramico","tag-lanzamiento","tag-novedad","tag-nuevo-interior","tag-peugeot-3008","tag-stellantis-argentina"],"yoast_head":"<!-- This site is optimized with the Yoast SEO plugin v27.5 - https:\/\/yoast.com\/product\/yoast-seo-wordpress\/ -->\n<title>Te contamos sobre el i-coockpit panor\u00e1mico del nuevo Peugeot 3008<\/title>\n<meta name=\"description\" content=\"El nuevo Peugeot 3008 presentar\u00e1 un interior renovado con mucha tecnolog\u00eda y un nuevo i-coockpit panor\u00e1mico totalmente intuitivo...\" \/>\n<meta name=\"robots\" content=\"index, follow, max-snippet:-1, max-image-preview:large, max-video-preview:-1\" \/>\n<link rel=\"canonical\" href=\"https:\/\/autofans.com.ar\/index.php\/2023\/06\/21\/te-contamos-sobre-el-i-coockpit-panoramico-del-nuevo-peugeot-3008\/\" \/>\n<meta property=\"og:locale\" content=\"es_ES\" \/>\n<meta property=\"og:type\" content=\"article\" \/>\n<meta property=\"og:title\" content=\"Te contamos sobre el i-coockpit panor\u00e1mico del nuevo Peugeot 3008\" \/>\n<meta property=\"og:description\" content=\"El nuevo Peugeot 3008 presentar\u00e1 un interior renovado con mucha tecnolog\u00eda y un nuevo i-coockpit panor\u00e1mico totalmente intuitivo...\" \/>\n<meta property=\"og:url\" content=\"https:\/\/autofans.com.ar\/index.php\/2023\/06\/21\/te-contamos-sobre-el-i-coockpit-panoramico-del-nuevo-peugeot-3008\/\" \/>\n<meta property=\"article:published_time\" content=\"2023-06-21T15:26:31+00:00\" \/>\n<meta property=\"article:modified_time\" content=\"2023-06-21T15:27:30+00:00\" \/>\n<meta property=\"og:image\" content=\"https:\/\/autofans.com.ar\/wp-content\/uploads\/2023\/06\/Peugeot-3008-icoockpit.jpg\" \/>\n\t<meta property=\"og:image:width\" content=\"1000\" \/>\n\t<meta property=\"og:image:height\" content=\"667\" \/>\n\t<meta property=\"og:image:type\" content=\"image\/jpeg\" \/>\n<meta name=\"author\" content=\"AleCAF\" \/>\n<meta name=\"twitter:card\" content=\"summary_large_image\" \/>\n<meta name=\"twitter:label1\" content=\"Escrito por\" \/>\n\t<meta name=\"twitter:data1\" content=\"AleCAF\" \/>\n\t<meta name=\"twitter:label2\" content=\"Tiempo de lectura\" \/>\n\t<meta name=\"twitter:data2\" content=\"1 minuto\" \/>\n<script type=\"application\/ld+json\" class=\"yoast-schema-graph\">{\"@context\":\"https:\\\/\\\/schema.org\",\"@graph\":[{\"@type\":\"Article\",\"@id\":\"https:\\\/\\\/autofans.com.ar\\\/index.php\\\/2023\\\/06\\\/21\\\/te-contamos-sobre-el-i-coockpit-panoramico-del-nuevo-peugeot-3008\\\/#article\",\"isPartOf\":{\"@id\":\"https:\\\/\\\/autofans.com.ar\\\/index.php\\\/2023\\\/06\\\/21\\\/te-contamos-sobre-el-i-coockpit-panoramico-del-nuevo-peugeot-3008\\\/\"},\"author\":{\"name\":\"AleCAF\",\"@id\":\"https:\\\/\\\/autofans.com.ar\\\/#\\\/schema\\\/person\\\/4f260a29da3cfebb7f29121591a73481\"},\"headline\":\"Te contamos sobre el i-coockpit panor\u00e1mico del nuevo Peugeot 3008\",\"datePublished\":\"2023-06-21T15:26:31+00:00\",\"dateModified\":\"2023-06-21T15:27:30+00:00\",\"mainEntityOfPage\":{\"@id\":\"https:\\\/\\\/autofans.com.ar\\\/index.php\\\/2023\\\/06\\\/21\\\/te-contamos-sobre-el-i-coockpit-panoramico-del-nuevo-peugeot-3008\\\/\"},\"wordCount\":149,\"image\":{\"@id\":\"https:\\\/\\\/autofans.com.ar\\\/index.php\\\/2023\\\/06\\\/21\\\/te-contamos-sobre-el-i-coockpit-panoramico-del-nuevo-peugeot-3008\\\/#primaryimage\"},\"thumbnailUrl\":\"https:\\\/\\\/autofans.com.ar\\\/wp-content\\\/uploads\\\/2023\\\/06\\\/Peugeot-3008-icoockpit.jpg\",\"keywords\":[\"Autofrans TV\",\"i-coockpit p\u00e1noramico\",\"Lanzamiento\",\"Novedad\",\"Nuevo interior\",\"PEUGEOT 3008\",\"Stellantis Argentina\"],\"articleSection\":[\"Test Drives 2023\"],\"inLanguage\":\"es\"},{\"@type\":\"WebPage\",\"@id\":\"https:\\\/\\\/autofans.com.ar\\\/index.php\\\/2023\\\/06\\\/21\\\/te-contamos-sobre-el-i-coockpit-panoramico-del-nuevo-peugeot-3008\\\/\",\"url\":\"https:\\\/\\\/autofans.com.ar\\\/index.php\\\/2023\\\/06\\\/21\\\/te-contamos-sobre-el-i-coockpit-panoramico-del-nuevo-peugeot-3008\\\/\",\"name\":\"Te contamos sobre el i-coockpit panor\u00e1mico del nuevo Peugeot 3008\",\"isPartOf\":{\"@id\":\"https:\\\/\\\/autofans.com.ar\\\/#website\"},\"primaryImageOfPage\":{\"@id\":\"https:\\\/\\\/autofans.com.ar\\\/index.php\\\/2023\\\/06\\\/21\\\/te-contamos-sobre-el-i-coockpit-panoramico-del-nuevo-peugeot-3008\\\/#primaryimage\"},\"image\":{\"@id\":\"https:\\\/\\\/autofans.com.ar\\\/index.php\\\/2023\\\/06\\\/21\\\/te-contamos-sobre-el-i-coockpit-panoramico-del-nuevo-peugeot-3008\\\/#primaryimage\"},\"thumbnailUrl\":\"https:\\\/\\\/autofans.com.ar\\\/wp-content\\\/uploads\\\/2023\\\/06\\\/Peugeot-3008-icoockpit.jpg\",\"datePublished\":\"2023-06-21T15:26:31+00:00\",\"dateModified\":\"2023-06-21T15:27:30+00:00\",\"author\":{\"@id\":\"https:\\\/\\\/autofans.com.ar\\\/#\\\/schema\\\/person\\\/4f260a29da3cfebb7f29121591a73481\"},\"description\":\"El nuevo Peugeot 3008 presentar\u00e1 un interior renovado con mucha tecnolog\u00eda y un nuevo i-coockpit panor\u00e1mico totalmente intuitivo...\",\"breadcrumb\":{\"@id\":\"https:\\\/\\\/autofans.com.ar\\\/index.php\\\/2023\\\/06\\\/21\\\/te-contamos-sobre-el-i-coockpit-panoramico-del-nuevo-peugeot-3008\\\/#breadcrumb\"},\"inLanguage\":\"es\",\"potentialAction\":[{\"@type\":\"ReadAction\",\"target\":[\"https:\\\/\\\/autofans.com.ar\\\/index.php\\\/2023\\\/06\\\/21\\\/te-contamos-sobre-el-i-coockpit-panoramico-del-nuevo-peugeot-3008\\\/\"]}]},{\"@type\":\"ImageObject\",\"inLanguage\":\"es\",\"@id\":\"https:\\\/\\\/autofans.com.ar\\\/index.php\\\/2023\\\/06\\\/21\\\/te-contamos-sobre-el-i-coockpit-panoramico-del-nuevo-peugeot-3008\\\/#primaryimage\",\"url\":\"https:\\\/\\\/autofans.com.ar\\\/wp-content\\\/uploads\\\/2023\\\/06\\\/Peugeot-3008-icoockpit.jpg\",\"contentUrl\":\"https:\\\/\\\/autofans.com.ar\\\/wp-content\\\/uploads\\\/2023\\\/06\\\/Peugeot-3008-icoockpit.jpg\",\"width\":1000,\"height\":667,\"caption\":\"i-coockpit panor\u00e1mico\"},{\"@type\":\"BreadcrumbList\",\"@id\":\"https:\\\/\\\/autofans.com.ar\\\/index.php\\\/2023\\\/06\\\/21\\\/te-contamos-sobre-el-i-coockpit-panoramico-del-nuevo-peugeot-3008\\\/#breadcrumb\",\"itemListElement\":[{\"@type\":\"ListItem\",\"position\":1,\"name\":\"Inicio\",\"item\":\"https:\\\/\\\/autofans.com.ar\\\/\"},{\"@type\":\"ListItem\",\"position\":2,\"name\":\"Te contamos sobre el i-coockpit panor\u00e1mico del nuevo Peugeot 3008\"}]},{\"@type\":\"WebSite\",\"@id\":\"https:\\\/\\\/autofans.com.ar\\\/#website\",\"url\":\"https:\\\/\\\/autofans.com.ar\\\/\",\"name\":\"\",\"description\":\"El multimedio referente de la industria automotriz\",\"potentialAction\":[{\"@type\":\"SearchAction\",\"target\":{\"@type\":\"EntryPoint\",\"urlTemplate\":\"https:\\\/\\\/autofans.com.ar\\\/?s={search_term_string}\"},\"query-input\":{\"@type\":\"PropertyValueSpecification\",\"valueRequired\":true,\"valueName\":\"search_term_string\"}}],\"inLanguage\":\"es\"},{\"@type\":\"Person\",\"@id\":\"https:\\\/\\\/autofans.com.ar\\\/#\\\/schema\\\/person\\\/4f260a29da3cfebb7f29121591a73481\",\"name\":\"AleCAF\",\"image\":{\"@type\":\"ImageObject\",\"inLanguage\":\"es\",\"@id\":\"https:\\\/\\\/secure.gravatar.com\\\/avatar\\\/959b1ac26ee9dfc67318763f0a21a739fce256ee110a46fe86a2957f5568f27e?s=96&d=mm&r=g\",\"url\":\"https:\\\/\\\/secure.gravatar.com\\\/avatar\\\/959b1ac26ee9dfc67318763f0a21a739fce256ee110a46fe86a2957f5568f27e?s=96&d=mm&r=g\",\"contentUrl\":\"https:\\\/\\\/secure.gravatar.com\\\/avatar\\\/959b1ac26ee9dfc67318763f0a21a739fce256ee110a46fe86a2957f5568f27e?s=96&d=mm&r=g\",\"caption\":\"AleCAF\"},\"description\":\"Se trata del sitio web del multimedio Autofans, dedicado a informar las novedades y tendencias del segmento automotor nacional e internacional. El multimedio est\u00e1 conformado por Autofans web, Autofans TV (Programa), Youtube, Intagram y Facebook\",\"sameAs\":[\"https:\\\/\\\/autofans.com.ar\"],\"url\":\"https:\\\/\\\/autofans.com.ar\\\/index.php\\\/author\\\/alecampolieto\\\/\"}]}<\/script>\n<!-- \/ Yoast SEO plugin. -->","yoast_head_json":{"title":"Te contamos sobre el i-coockpit panor\u00e1mico del nuevo Peugeot 3008","description":"El nuevo Peugeot 3008 presentar\u00e1 un interior renovado con mucha tecnolog\u00eda y un nuevo i-coockpit panor\u00e1mico totalmente intuitivo...","robots":{"index":"index","follow":"follow","max-snippet":"max-snippet:-1","max-image-preview":"max-image-preview:large","max-video-preview":"max-video-preview:-1"},"canonical":"https:\/\/autofans.com.ar\/index.php\/2023\/06\/21\/te-contamos-sobre-el-i-coockpit-panoramico-del-nuevo-peugeot-3008\/","og_locale":"es_ES","og_type":"article","og_title":"Te contamos sobre el i-coockpit panor\u00e1mico del nuevo Peugeot 3008","og_description":"El nuevo Peugeot 3008 presentar\u00e1 un interior renovado con mucha tecnolog\u00eda y un nuevo i-coockpit panor\u00e1mico totalmente intuitivo...","og_url":"https:\/\/autofans.com.ar\/index.php\/2023\/06\/21\/te-contamos-sobre-el-i-coockpit-panoramico-del-nuevo-peugeot-3008\/","article_published_time":"2023-06-21T15:26:31+00:00","article_modified_time":"2023-06-21T15:27:30+00:00","og_image":[{"width":1000,"height":667,"url":"https:\/\/autofans.com.ar\/wp-content\/uploads\/2023\/06\/Peugeot-3008-icoockpit.jpg","type":"image\/jpeg"}],"author":"AleCAF","twitter_card":"summary_large_image","twitter_misc":{"Escrito por":"AleCAF","Tiempo de lectura":"1 minuto"},"schema":{"@context":"https:\/\/schema.org","@graph":[{"@type":"Article","@id":"https:\/\/autofans.com.ar\/index.php\/2023\/06\/21\/te-contamos-sobre-el-i-coockpit-panoramico-del-nuevo-peugeot-3008\/#article","isPartOf":{"@id":"https:\/\/autofans.com.ar\/index.php\/2023\/06\/21\/te-contamos-sobre-el-i-coockpit-panoramico-del-nuevo-peugeot-3008\/"},"author":{"name":"AleCAF","@id":"https:\/\/autofans.com.ar\/#\/schema\/person\/4f260a29da3cfebb7f29121591a73481"},"headline":"Te contamos sobre el i-coockpit panor\u00e1mico del nuevo Peugeot 3008","datePublished":"2023-06-21T15:26:31+00:00","dateModified":"2023-06-21T15:27:30+00:00","mainEntityOfPage":{"@id":"https:\/\/autofans.com.ar\/index.php\/2023\/06\/21\/te-contamos-sobre-el-i-coockpit-panoramico-del-nuevo-peugeot-3008\/"},"wordCount":149,"image":{"@id":"https:\/\/autofans.com.ar\/index.php\/2023\/06\/21\/te-contamos-sobre-el-i-coockpit-panoramico-del-nuevo-peugeot-3008\/#primaryimage"},"thumbnailUrl":"https:\/\/autofans.com.ar\/wp-content\/uploads\/2023\/06\/Peugeot-3008-icoockpit.jpg","keywords":["Autofrans TV","i-coockpit p\u00e1noramico","Lanzamiento","Novedad","Nuevo interior","PEUGEOT 3008","Stellantis Argentina"],"articleSection":["Test Drives 2023"],"inLanguage":"es"},{"@type":"WebPage","@id":"https:\/\/autofans.com.ar\/index.php\/2023\/06\/21\/te-contamos-sobre-el-i-coockpit-panoramico-del-nuevo-peugeot-3008\/","url":"https:\/\/autofans.com.ar\/index.php\/2023\/06\/21\/te-contamos-sobre-el-i-coockpit-panoramico-del-nuevo-peugeot-3008\/","name":"Te contamos sobre el i-coockpit panor\u00e1mico del nuevo Peugeot 3008","isPartOf":{"@id":"https:\/\/autofans.com.ar\/#website"},"primaryImageOfPage":{"@id":"https:\/\/autofans.com.ar\/index.php\/2023\/06\/21\/te-contamos-sobre-el-i-coockpit-panoramico-del-nuevo-peugeot-3008\/#primaryimage"},"image":{"@id":"https:\/\/autofans.com.ar\/index.php\/2023\/06\/21\/te-contamos-sobre-el-i-coockpit-panoramico-del-nuevo-peugeot-3008\/#primaryimage"},"thumbnailUrl":"https:\/\/autofans.com.ar\/wp-content\/uploads\/2023\/06\/Peugeot-3008-icoockpit.jpg","datePublished":"2023-06-21T15:26:31+00:00","dateModified":"2023-06-21T15:27:30+00:00","author":{"@id":"https:\/\/autofans.com.ar\/#\/schema\/person\/4f260a29da3cfebb7f29121591a73481"},"description":"El nuevo Peugeot 3008 presentar\u00e1 un interior renovado con mucha tecnolog\u00eda y un nuevo i-coockpit panor\u00e1mico totalmente intuitivo...","breadcrumb":{"@id":"https:\/\/autofans.com.ar\/index.php\/2023\/06\/21\/te-contamos-sobre-el-i-coockpit-panoramico-del-nuevo-peugeot-3008\/#breadcrumb"},"inLanguage":"es","potentialAction":[{"@type":"ReadAction","target":["https:\/\/autofans.com.ar\/index.php\/2023\/06\/21\/te-contamos-sobre-el-i-coockpit-panoramico-del-nuevo-peugeot-3008\/"]}]},{"@type":"ImageObject","inLanguage":"es","@id":"https:\/\/autofans.com.ar\/index.php\/2023\/06\/21\/te-contamos-sobre-el-i-coockpit-panoramico-del-nuevo-peugeot-3008\/#primaryimage","url":"https:\/\/autofans.com.ar\/wp-content\/uploads\/2023\/06\/Peugeot-3008-icoockpit.jpg","contentUrl":"https:\/\/autofans.com.ar\/wp-content\/uploads\/2023\/06\/Peugeot-3008-icoockpit.jpg","width":1000,"height":667,"caption":"i-coockpit panor\u00e1mico"},{"@type":"BreadcrumbList","@id":"https:\/\/autofans.com.ar\/index.php\/2023\/06\/21\/te-contamos-sobre-el-i-coockpit-panoramico-del-nuevo-peugeot-3008\/#breadcrumb","itemListElement":[{"@type":"ListItem","position":1,"name":"Inicio","item":"https:\/\/autofans.com.ar\/"},{"@type":"ListItem","position":2,"name":"Te contamos sobre el i-coockpit panor\u00e1mico del nuevo Peugeot 3008"}]},{"@type":"WebSite","@id":"https:\/\/autofans.com.ar\/#website","url":"https:\/\/autofans.com.ar\/","name":"","description":"El multimedio referente de la industria automotriz","potentialAction":[{"@type":"SearchAction","target":{"@type":"EntryPoint","urlTemplate":"https:\/\/autofans.com.ar\/?s={search_term_string}"},"query-input":{"@type":"PropertyValueSpecification","valueRequired":true,"valueName":"search_term_string"}}],"inLanguage":"es"},{"@type":"Person","@id":"https:\/\/autofans.com.ar\/#\/schema\/person\/4f260a29da3cfebb7f29121591a73481","name":"AleCAF","image":{"@type":"ImageObject","inLanguage":"es","@id":"https:\/\/secure.gravatar.com\/avatar\/959b1ac26ee9dfc67318763f0a21a739fce256ee110a46fe86a2957f5568f27e?s=96&d=mm&r=g","url":"https:\/\/secure.gravatar.com\/avatar\/959b1ac26ee9dfc67318763f0a21a739fce256ee110a46fe86a2957f5568f27e?s=96&d=mm&r=g","contentUrl":"https:\/\/secure.gravatar.com\/avatar\/959b1ac26ee9dfc67318763f0a21a739fce256ee110a46fe86a2957f5568f27e?s=96&d=mm&r=g","caption":"AleCAF"},"description":"Se trata del sitio web del multimedio Autofans, dedicado a informar las novedades y tendencias del segmento automotor nacional e internacional. El multimedio est\u00e1 conformado por Autofans web, Autofans TV (Programa), Youtube, Intagram y Facebook","sameAs":["https:\/\/autofans.com.ar"],"url":"https:\/\/autofans.com.ar\/index.php\/author\/alecampolieto\/"}]}},"featured_image_urls":{"full":["https:\/\/autofans.com.ar\/wp-content\/uploads\/2023\/06\/Peugeot-3008-icoockpit.jpg",1000,667,false],"thumbnail":["https:\/\/autofans.com.ar\/wp-content\/uploads\/2023\/06\/Peugeot-3008-icoockpit-150x150.jpg",150,150,true],"medium":["https:\/\/autofans.com.ar\/wp-content\/uploads\/2023\/06\/Peugeot-3008-icoockpit-300x200.jpg",300,200,true],"medium_large":["https:\/\/autofans.com.ar\/wp-content\/uploads\/2023\/06\/Peugeot-3008-icoockpit-768x512.jpg",640,427,true],"large":["https:\/\/autofans.com.ar\/wp-content\/uploads\/2023\/06\/Peugeot-3008-icoockpit.jpg",640,427,false],"1536x1536":["https:\/\/autofans.com.ar\/wp-content\/uploads\/2023\/06\/Peugeot-3008-icoockpit.jpg",1000,667,false],"2048x2048":["https:\/\/autofans.com.ar\/wp-content\/uploads\/2023\/06\/Peugeot-3008-icoockpit.jpg",1000,667,false],"covernews-featured":["https:\/\/autofans.com.ar\/wp-content\/uploads\/2023\/06\/Peugeot-3008-icoockpit.jpg",1000,667,false],"covernews-medium":["https:\/\/autofans.com.ar\/wp-content\/uploads\/2023\/06\/Peugeot-3008-icoockpit-540x340.jpg",540,340,true]},"author_info":{"display_name":"AleCAF","author_link":"https:\/\/autofans.com.ar\/index.php\/author\/alecampolieto\/"},"category_info":"<a href=\"https:\/\/autofans.com.ar\/index.php\/category\/autofans-tv\/programas-2023\/test-drives-2023\/\" rel=\"category tag\">Test Drives 2023<\/a>","tag_info":"Test Drives 2023","comment_count":0,"_links":{"self":[{"href":"https:\/\/autofans.com.ar\/index.php\/wp-json\/wp\/v2\/posts\/3396","targetHints":{"allow":["GET"]}}],"collection":[{"href":"https:\/\/autofans.com.ar\/index.php\/wp-json\/wp\/v2\/posts"}],"about":[{"href":"https:\/\/autofans.com.ar\/index.php\/wp-json\/wp\/v2\/types\/post"}],"author":[{"embeddable":true,"href":"https:\/\/autofans.com.ar\/index.php\/wp-json\/wp\/v2\/users\/1"}],"replies":[{"embeddable":true,"href":"https:\/\/autofans.com.ar\/index.php\/wp-json\/wp\/v2\/comments?post=3396"}],"version-history":[{"count":4,"href":"https:\/\/autofans.com.ar\/index.php\/wp-json\/wp\/v2\/posts\/3396\/revisions"}],"predecessor-version":[{"id":3697,"href":"https:\/\/autofans.com.ar\/index.php\/wp-json\/wp\/v2\/posts\/3396\/revisions\/3697"}],"wp:featuredmedia":[{"embeddable":true,"href":"https:\/\/autofans.com.ar\/index.php\/wp-json\/wp\/v2\/media\/3397"}],"wp:attachment":[{"href":"https:\/\/autofans.com.ar\/index.php\/wp-json\/wp\/v2\/media?parent=3396"}],"wp:term":[{"taxonomy":"category","embeddable":true,"href":"https:\/\/autofans.com.ar\/index.php\/wp-json\/wp\/v2\/categories?post=3396"},{"taxonomy":"post_tag","embeddable":true,"href":"https:\/\/autofans.com.ar\/index.php\/wp-json\/wp\/v2\/tags?post=3396"}],"curies":[{"name":"wp","href":"https:\/\/api.w.org\/{rel}","templated":true}]}}