{"id":3414,"date":"2023-06-21T17:09:56","date_gmt":"2023-06-21T20:09:56","guid":{"rendered":"https:\/\/autofans.com.ar\/?p=3414"},"modified":"2023-06-21T17:09:56","modified_gmt":"2023-06-21T20:09:56","slug":"bmw-group-classic-confirma-su-participacion-en-le-mans-classic-2023","status":"publish","type":"post","link":"https:\/\/autofans.com.ar\/index.php\/2023\/06\/21\/bmw-group-classic-confirma-su-participacion-en-le-mans-classic-2023\/","title":{"rendered":"BMW Group Classic confirma su participaci\u00f3n en Le Mans Classic 2023"},"content":{"rendered":"<p>BMW Group Classic se prepara para hacer historia en Le Mans Classic 2023 al confirmar su participaci\u00f3n con el emblem\u00e1tico BMW M1 Grupo 4 y el tr\u00edo de pilotos original de 1981. El legendario circuito de La Sarthe ser\u00e1 testigo de este emocionante evento que celebra el centenario de las 24 Horas de Le Mans, los 50 a\u00f1os de BMW Francia y el 80 cumplea\u00f1os del Pr\u00edncipe Leopoldo de Baviera. Descubr\u00ed todos los detalles y las ic\u00f3nicas exhibiciones de autos que BMW Group Classic tiene preparadas en esta nota.<\/p>\n<p>&nbsp;<\/p>\n<p><img fetchpriority=\"high\" decoding=\"async\" class=\"aligncenter wp-image-3416 size-full\" src=\"https:\/\/autofans.com.ar\/wp-content\/uploads\/2023\/06\/foto-2-35.jpg\" alt=\"mbw\" width=\"1000\" height=\"667\" srcset=\"https:\/\/autofans.com.ar\/wp-content\/uploads\/2023\/06\/foto-2-35.jpg 1000w, https:\/\/autofans.com.ar\/wp-content\/uploads\/2023\/06\/foto-2-35-300x200.jpg 300w, https:\/\/autofans.com.ar\/wp-content\/uploads\/2023\/06\/foto-2-35-768x512.jpg 768w\" sizes=\"(max-width: 1000px) 100vw, 1000px\" \/><\/p>\n<p>&nbsp;<\/p>\n<h2>BMW Group Classic revive la gloria de Le Mans Classic<\/h2>\n<p>M\u00fanich\/Le Mans. BMW Group Classic est\u00e1 listo para hacer una impresionante vuelta al pasado en<a href=\"https:\/\/autofans.com.ar\/index.php\/2023\/06\/16\/valentino-rossi-triunfa-en-le-mans-al-volante-de-un-bmw-m4-gt3\/\" target=\"_blank\" rel=\"noopener\"> Le Mans Classic 2023<\/a>. Despu\u00e9s de una ausencia desde 2014, el equipo regresa al Circuito de La Sarthe con el ic\u00f3nico BMW M1 Grupo 4, luciendo la emblem\u00e1tica decoraci\u00f3n \u00abM\u00fcnchener Wirtshaus\u00bb. Pero eso no es todo, lo m\u00e1s emocionante es que el veh\u00edculo estar\u00e1 bajo el mando del tr\u00edo de pilotos original de las 24 Horas de Le Mans 1981: el Pr\u00edncipe Leopoldo de Baviera, Christian Danner y Peter Oberndorfer.<\/p>\n<p>El entusiasmo por esta participaci\u00f3n hist\u00f3rica se hizo evidente el 15 de junio de 2023, cuando el equipo se reuni\u00f3 en el restaurante \u00abSpatenhaus an der Oper\u00bb de M\u00fanich. All\u00ed, los pilotos se encontraron con fan\u00e1ticos y medios de comunicaci\u00f3n para recrear la legendaria sesi\u00f3n de fotos previa a la carrera de 1981. Este evento marc\u00f3 el inicio de la destacada participaci\u00f3n de BMW en las 24 Horas de Le Mans de aquel a\u00f1o, y ahora, 42 a\u00f1os despu\u00e9s, la historia se repite en el mismo lugar, con el mismo veh\u00edculo y los mismos pilotos.<\/p>\n<blockquote>\n<p style=\"text-align: center;\">El Pr\u00edncipe Leopoldo de Baviera expres\u00f3 su emoci\u00f3n al respecto: \u00abTengo muchas ganas de volver a ponerme al volante del BMW M1 Grupo 4 en Le Mans despu\u00e9s de 42 a\u00f1os. Tambi\u00e9n me enorgullece que mis amigos Christian Danner y Peter Oberndorfer me acompa\u00f1en en este viaje en el tiempo\u00bb.<\/p>\n<\/blockquote>\n<h2><img decoding=\"async\" class=\"aligncenter wp-image-3415 size-full\" src=\"https:\/\/autofans.com.ar\/wp-content\/uploads\/2023\/06\/foto-1-35.jpg\" alt=\"mbw\" width=\"1000\" height=\"667\" srcset=\"https:\/\/autofans.com.ar\/wp-content\/uploads\/2023\/06\/foto-1-35.jpg 1000w, https:\/\/autofans.com.ar\/wp-content\/uploads\/2023\/06\/foto-1-35-300x200.jpg 300w, https:\/\/autofans.com.ar\/wp-content\/uploads\/2023\/06\/foto-1-35-768x512.jpg 768w\" sizes=\"(max-width: 1000px) 100vw, 1000px\" \/><\/h2>\n<h2><\/h2>\n<h2>Exhibici\u00f3n de leyendas<\/h2>\n<p>El a\u00f1o 2023 es especialmente significativo para BMW Group Classic, ya que no solo est\u00e1n celebrando el centenario de las legendarias 24 Horas de Le Mans, sino tambi\u00e9n el 50 aniversario de BMW Francia. Adem\u00e1s, el 21 de junio, el Pr\u00edncipe Leopoldo de Baviera, el piloto original del equipo de 1981, cumplir\u00e1 80 a\u00f1os, haciendo de esta ocasi\u00f3n un hito doblemente especial.<\/p>\n<p>Adem\u00e1s de la participaci\u00f3n del BMW M1 Grupo 4 en la categor\u00eda Plateau 6, BMW Group Classic ha preparado una emocionante exhibici\u00f3n de autos ic\u00f3nicos en el Mus\u00e9e des 24 Heures du Mans. All\u00ed, los visitantes podr\u00e1n maravillarse con el BMW V12 LMR, ganador general de las 24 Horas en 1999, junto con el primer BMW Art Car: el impresionante BMW 3.0 CSL de 1975 dise\u00f1ado por Alexander Calder. Tambi\u00e9n se exhibir\u00e1 el BMW M3 GT2 Art Car de 2010, una obra maestra creada por el renombrado artista Jeff Koons.<\/p>\n<p>Le Mans Classic tambi\u00e9n contar\u00e1 con la participaci\u00f3n de alrededor de 20 corredores hist\u00f3ricos de BMW, inscritos de forma privada, que contribuir\u00e1n a la emoci\u00f3n y la pasi\u00f3n de esta prestigiosa carrera.<\/p>\n<p>No te pierdas esta oportunidad \u00fanica de presenciar la historia en vivo mientras BMW Group Classic rinde homenaje a su legado en Le Mans Classic 2023. Sigue nuestras redes sociales y mantente al tanto de todas las novedades y emocionantes momentos que nos esperan en este evento imperdible.<\/p>\n<p>&nbsp;<\/p>\n<p><i>Para enterarte de m\u00e1s novedades, no dejes de leer\u00a0<\/i><a href=\"https:\/\/autofans.thebrandsoup.com\/\"><i>nuestras notas<\/i><\/a><i>, de ver<\/i><b><i>\u00a0<\/i><\/b><a href=\"https:\/\/www.youtube.com\/channel\/UCgAC8UGHZYbT6P7PpmVnP7g\"><b><i>AUTOFANS TV<\/i><\/b><\/a><b><i>\u00a0<\/i><\/b><i>en nuestro\u00a0canal de Youtube. Adem\u00e1s seguinos en\u00a0<\/i><a href=\"https:\/\/www.instagram.com\/autofanstv\/\"><i>INSTAGRAM<\/i><\/a><i> y <\/i><a href=\"https:\/\/www.facebook.com\/autofansmas\/\"><i>FACEBOOK<\/i><\/a><i> para no perderte nada sobre las novedades del segmento automotor de Argentina y el mundo. <\/i><\/p>\n","protected":false},"excerpt":{"rendered":"<p>BMW Group Classic se prepara para hacer historia en Le Mans Classic 2023 al confirmar&#8230;<\/p>\n","protected":false},"author":2,"featured_media":3417,"comment_status":"closed","ping_status":"closed","sticky":false,"template":"","format":"standard","meta":{"footnotes":""},"categories":[127,16],"tags":[1592,1673,1675,587,1671,1609,1676,1670,1674,1677,1672],"class_list":["post-3414","post","type-post","status-publish","format-standard","has-post-thumbnail","hentry","category-deporte","category-noticias","tag-24-horas-de-le-mans","tag-autos-iconicos","tag-bmw-art-car","tag-bmw-group-classic","tag-bmw-m1","tag-bmw-v12-lmr","tag-christian-danner","tag-le-mans-classic","tag-musee-des-24-heures-du-mans","tag-peter-oberndorfer","tag-principe-leopoldo-de-baviera"],"yoast_head":"<!-- This site is optimized with the Yoast SEO plugin v27.5 - https:\/\/yoast.com\/product\/yoast-seo-wordpress\/ -->\n<title>BMW Group Classic confirma su participaci\u00f3n en Le Mans Classic 2023 -<\/title>\n<meta name=\"description\" content=\"BMW Group Classic se prepara para hacer historia en Le Mans Classic 2023 al confirmar su participaci\u00f3n con el emblem\u00e1tico BMW M1...\" \/>\n<meta name=\"robots\" content=\"index, follow, max-snippet:-1, max-image-preview:large, max-video-preview:-1\" \/>\n<link rel=\"canonical\" href=\"https:\/\/autofans.com.ar\/index.php\/2023\/06\/21\/bmw-group-classic-confirma-su-participacion-en-le-mans-classic-2023\/\" \/>\n<meta property=\"og:locale\" content=\"es_ES\" \/>\n<meta property=\"og:type\" content=\"article\" \/>\n<meta property=\"og:title\" content=\"BMW Group Classic confirma su participaci\u00f3n en Le Mans Classic 2023 -\" \/>\n<meta property=\"og:description\" content=\"BMW Group Classic se prepara para hacer historia en Le Mans Classic 2023 al confirmar su participaci\u00f3n con el emblem\u00e1tico BMW M1...\" \/>\n<meta property=\"og:url\" content=\"https:\/\/autofans.com.ar\/index.php\/2023\/06\/21\/bmw-group-classic-confirma-su-participacion-en-le-mans-classic-2023\/\" \/>\n<meta property=\"article:published_time\" content=\"2023-06-21T20:09:56+00:00\" \/>\n<meta property=\"og:image\" content=\"https:\/\/autofans.com.ar\/wp-content\/uploads\/2023\/06\/foto-3-25.jpg\" \/>\n\t<meta property=\"og:image:width\" content=\"1000\" \/>\n\t<meta property=\"og:image:height\" content=\"667\" \/>\n\t<meta property=\"og:image:type\" content=\"image\/jpeg\" \/>\n<meta name=\"author\" content=\"Alejandro Gabriel Rosito\" \/>\n<meta name=\"twitter:card\" content=\"summary_large_image\" \/>\n<meta name=\"twitter:label1\" content=\"Escrito por\" \/>\n\t<meta name=\"twitter:data1\" content=\"Alejandro Gabriel Rosito\" \/>\n\t<meta name=\"twitter:label2\" content=\"Tiempo de lectura\" \/>\n\t<meta name=\"twitter:data2\" content=\"4 minutos\" \/>\n<script type=\"application\/ld+json\" class=\"yoast-schema-graph\">{\"@context\":\"https:\\\/\\\/schema.org\",\"@graph\":[{\"@type\":\"Article\",\"@id\":\"https:\\\/\\\/autofans.com.ar\\\/index.php\\\/2023\\\/06\\\/21\\\/bmw-group-classic-confirma-su-participacion-en-le-mans-classic-2023\\\/#article\",\"isPartOf\":{\"@id\":\"https:\\\/\\\/autofans.com.ar\\\/index.php\\\/2023\\\/06\\\/21\\\/bmw-group-classic-confirma-su-participacion-en-le-mans-classic-2023\\\/\"},\"author\":{\"name\":\"Alejandro Gabriel Rosito\",\"@id\":\"https:\\\/\\\/autofans.com.ar\\\/#\\\/schema\\\/person\\\/4a8dda0b6df83ac3d6723e921274c2aa\"},\"headline\":\"BMW Group Classic confirma su participaci\u00f3n en Le Mans Classic 2023\",\"datePublished\":\"2023-06-21T20:09:56+00:00\",\"mainEntityOfPage\":{\"@id\":\"https:\\\/\\\/autofans.com.ar\\\/index.php\\\/2023\\\/06\\\/21\\\/bmw-group-classic-confirma-su-participacion-en-le-mans-classic-2023\\\/\"},\"wordCount\":645,\"image\":{\"@id\":\"https:\\\/\\\/autofans.com.ar\\\/index.php\\\/2023\\\/06\\\/21\\\/bmw-group-classic-confirma-su-participacion-en-le-mans-classic-2023\\\/#primaryimage\"},\"thumbnailUrl\":\"https:\\\/\\\/autofans.com.ar\\\/wp-content\\\/uploads\\\/2023\\\/06\\\/foto-3-25.jpg\",\"keywords\":[\"24 Horas de Le Mans\",\"autos ic\u00f3nicos\",\"BMW Art Car\",\"BMW Group Classic\",\"BMW M1\",\"BMW V12 LMR\",\"Christian Danner\",\"Le Mans Classic\",\"Mus\u00e9e des 24 Heures du Mans\",\"Peter Oberndorfer\",\"Pr\u00edncipe Leopoldo de Baviera\"],\"articleSection\":[\"DEPORTE MOTOR\",\"NOTICIAS\"],\"inLanguage\":\"es\"},{\"@type\":\"WebPage\",\"@id\":\"https:\\\/\\\/autofans.com.ar\\\/index.php\\\/2023\\\/06\\\/21\\\/bmw-group-classic-confirma-su-participacion-en-le-mans-classic-2023\\\/\",\"url\":\"https:\\\/\\\/autofans.com.ar\\\/index.php\\\/2023\\\/06\\\/21\\\/bmw-group-classic-confirma-su-participacion-en-le-mans-classic-2023\\\/\",\"name\":\"BMW Group Classic confirma su participaci\u00f3n en Le Mans Classic 2023 -\",\"isPartOf\":{\"@id\":\"https:\\\/\\\/autofans.com.ar\\\/#website\"},\"primaryImageOfPage\":{\"@id\":\"https:\\\/\\\/autofans.com.ar\\\/index.php\\\/2023\\\/06\\\/21\\\/bmw-group-classic-confirma-su-participacion-en-le-mans-classic-2023\\\/#primaryimage\"},\"image\":{\"@id\":\"https:\\\/\\\/autofans.com.ar\\\/index.php\\\/2023\\\/06\\\/21\\\/bmw-group-classic-confirma-su-participacion-en-le-mans-classic-2023\\\/#primaryimage\"},\"thumbnailUrl\":\"https:\\\/\\\/autofans.com.ar\\\/wp-content\\\/uploads\\\/2023\\\/06\\\/foto-3-25.jpg\",\"datePublished\":\"2023-06-21T20:09:56+00:00\",\"author\":{\"@id\":\"https:\\\/\\\/autofans.com.ar\\\/#\\\/schema\\\/person\\\/4a8dda0b6df83ac3d6723e921274c2aa\"},\"description\":\"BMW Group Classic se prepara para hacer historia en Le Mans Classic 2023 al confirmar su participaci\u00f3n con el emblem\u00e1tico BMW M1...\",\"breadcrumb\":{\"@id\":\"https:\\\/\\\/autofans.com.ar\\\/index.php\\\/2023\\\/06\\\/21\\\/bmw-group-classic-confirma-su-participacion-en-le-mans-classic-2023\\\/#breadcrumb\"},\"inLanguage\":\"es\",\"potentialAction\":[{\"@type\":\"ReadAction\",\"target\":[\"https:\\\/\\\/autofans.com.ar\\\/index.php\\\/2023\\\/06\\\/21\\\/bmw-group-classic-confirma-su-participacion-en-le-mans-classic-2023\\\/\"]}]},{\"@type\":\"ImageObject\",\"inLanguage\":\"es\",\"@id\":\"https:\\\/\\\/autofans.com.ar\\\/index.php\\\/2023\\\/06\\\/21\\\/bmw-group-classic-confirma-su-participacion-en-le-mans-classic-2023\\\/#primaryimage\",\"url\":\"https:\\\/\\\/autofans.com.ar\\\/wp-content\\\/uploads\\\/2023\\\/06\\\/foto-3-25.jpg\",\"contentUrl\":\"https:\\\/\\\/autofans.com.ar\\\/wp-content\\\/uploads\\\/2023\\\/06\\\/foto-3-25.jpg\",\"width\":1000,\"height\":667,\"caption\":\"mbw\"},{\"@type\":\"BreadcrumbList\",\"@id\":\"https:\\\/\\\/autofans.com.ar\\\/index.php\\\/2023\\\/06\\\/21\\\/bmw-group-classic-confirma-su-participacion-en-le-mans-classic-2023\\\/#breadcrumb\",\"itemListElement\":[{\"@type\":\"ListItem\",\"position\":1,\"name\":\"Inicio\",\"item\":\"https:\\\/\\\/autofans.com.ar\\\/\"},{\"@type\":\"ListItem\",\"position\":2,\"name\":\"BMW Group Classic confirma su participaci\u00f3n en Le Mans Classic 2023\"}]},{\"@type\":\"WebSite\",\"@id\":\"https:\\\/\\\/autofans.com.ar\\\/#website\",\"url\":\"https:\\\/\\\/autofans.com.ar\\\/\",\"name\":\"\",\"description\":\"El multimedio referente de la industria automotriz\",\"potentialAction\":[{\"@type\":\"SearchAction\",\"target\":{\"@type\":\"EntryPoint\",\"urlTemplate\":\"https:\\\/\\\/autofans.com.ar\\\/?s={search_term_string}\"},\"query-input\":{\"@type\":\"PropertyValueSpecification\",\"valueRequired\":true,\"valueName\":\"search_term_string\"}}],\"inLanguage\":\"es\"},{\"@type\":\"Person\",\"@id\":\"https:\\\/\\\/autofans.com.ar\\\/#\\\/schema\\\/person\\\/4a8dda0b6df83ac3d6723e921274c2aa\",\"name\":\"Alejandro Gabriel Rosito\",\"image\":{\"@type\":\"ImageObject\",\"inLanguage\":\"es\",\"@id\":\"https:\\\/\\\/secure.gravatar.com\\\/avatar\\\/16c5dda1489adfc62618084dcbb91cffd879c374b13fe5dd8e44ed6733852c88?s=96&d=mm&r=g\",\"url\":\"https:\\\/\\\/secure.gravatar.com\\\/avatar\\\/16c5dda1489adfc62618084dcbb91cffd879c374b13fe5dd8e44ed6733852c88?s=96&d=mm&r=g\",\"contentUrl\":\"https:\\\/\\\/secure.gravatar.com\\\/avatar\\\/16c5dda1489adfc62618084dcbb91cffd879c374b13fe5dd8e44ed6733852c88?s=96&d=mm&r=g\",\"caption\":\"Alejandro Gabriel Rosito\"},\"url\":\"https:\\\/\\\/autofans.com.ar\\\/index.php\\\/author\\\/gabrielr\\\/\"}]}<\/script>\n<!-- \/ Yoast SEO plugin. -->","yoast_head_json":{"title":"BMW Group Classic confirma su participaci\u00f3n en Le Mans Classic 2023 -","description":"BMW Group Classic se prepara para hacer historia en Le Mans Classic 2023 al confirmar su participaci\u00f3n con el emblem\u00e1tico BMW M1...","robots":{"index":"index","follow":"follow","max-snippet":"max-snippet:-1","max-image-preview":"max-image-preview:large","max-video-preview":"max-video-preview:-1"},"canonical":"https:\/\/autofans.com.ar\/index.php\/2023\/06\/21\/bmw-group-classic-confirma-su-participacion-en-le-mans-classic-2023\/","og_locale":"es_ES","og_type":"article","og_title":"BMW Group Classic confirma su participaci\u00f3n en Le Mans Classic 2023 -","og_description":"BMW Group Classic se prepara para hacer historia en Le Mans Classic 2023 al confirmar su participaci\u00f3n con el emblem\u00e1tico BMW M1...","og_url":"https:\/\/autofans.com.ar\/index.php\/2023\/06\/21\/bmw-group-classic-confirma-su-participacion-en-le-mans-classic-2023\/","article_published_time":"2023-06-21T20:09:56+00:00","og_image":[{"width":1000,"height":667,"url":"https:\/\/autofans.com.ar\/wp-content\/uploads\/2023\/06\/foto-3-25.jpg","type":"image\/jpeg"}],"author":"Alejandro Gabriel Rosito","twitter_card":"summary_large_image","twitter_misc":{"Escrito por":"Alejandro Gabriel Rosito","Tiempo de lectura":"4 minutos"},"schema":{"@context":"https:\/\/schema.org","@graph":[{"@type":"Article","@id":"https:\/\/autofans.com.ar\/index.php\/2023\/06\/21\/bmw-group-classic-confirma-su-participacion-en-le-mans-classic-2023\/#article","isPartOf":{"@id":"https:\/\/autofans.com.ar\/index.php\/2023\/06\/21\/bmw-group-classic-confirma-su-participacion-en-le-mans-classic-2023\/"},"author":{"name":"Alejandro Gabriel Rosito","@id":"https:\/\/autofans.com.ar\/#\/schema\/person\/4a8dda0b6df83ac3d6723e921274c2aa"},"headline":"BMW Group Classic confirma su participaci\u00f3n en Le Mans Classic 2023","datePublished":"2023-06-21T20:09:56+00:00","mainEntityOfPage":{"@id":"https:\/\/autofans.com.ar\/index.php\/2023\/06\/21\/bmw-group-classic-confirma-su-participacion-en-le-mans-classic-2023\/"},"wordCount":645,"image":{"@id":"https:\/\/autofans.com.ar\/index.php\/2023\/06\/21\/bmw-group-classic-confirma-su-participacion-en-le-mans-classic-2023\/#primaryimage"},"thumbnailUrl":"https:\/\/autofans.com.ar\/wp-content\/uploads\/2023\/06\/foto-3-25.jpg","keywords":["24 Horas de Le Mans","autos ic\u00f3nicos","BMW Art Car","BMW Group Classic","BMW M1","BMW V12 LMR","Christian Danner","Le Mans Classic","Mus\u00e9e des 24 Heures du Mans","Peter Oberndorfer","Pr\u00edncipe Leopoldo de Baviera"],"articleSection":["DEPORTE MOTOR","NOTICIAS"],"inLanguage":"es"},{"@type":"WebPage","@id":"https:\/\/autofans.com.ar\/index.php\/2023\/06\/21\/bmw-group-classic-confirma-su-participacion-en-le-mans-classic-2023\/","url":"https:\/\/autofans.com.ar\/index.php\/2023\/06\/21\/bmw-group-classic-confirma-su-participacion-en-le-mans-classic-2023\/","name":"BMW Group Classic confirma su participaci\u00f3n en Le Mans Classic 2023 -","isPartOf":{"@id":"https:\/\/autofans.com.ar\/#website"},"primaryImageOfPage":{"@id":"https:\/\/autofans.com.ar\/index.php\/2023\/06\/21\/bmw-group-classic-confirma-su-participacion-en-le-mans-classic-2023\/#primaryimage"},"image":{"@id":"https:\/\/autofans.com.ar\/index.php\/2023\/06\/21\/bmw-group-classic-confirma-su-participacion-en-le-mans-classic-2023\/#primaryimage"},"thumbnailUrl":"https:\/\/autofans.com.ar\/wp-content\/uploads\/2023\/06\/foto-3-25.jpg","datePublished":"2023-06-21T20:09:56+00:00","author":{"@id":"https:\/\/autofans.com.ar\/#\/schema\/person\/4a8dda0b6df83ac3d6723e921274c2aa"},"description":"BMW Group Classic se prepara para hacer historia en Le Mans Classic 2023 al confirmar su participaci\u00f3n con el emblem\u00e1tico BMW M1...","breadcrumb":{"@id":"https:\/\/autofans.com.ar\/index.php\/2023\/06\/21\/bmw-group-classic-confirma-su-participacion-en-le-mans-classic-2023\/#breadcrumb"},"inLanguage":"es","potentialAction":[{"@type":"ReadAction","target":["https:\/\/autofans.com.ar\/index.php\/2023\/06\/21\/bmw-group-classic-confirma-su-participacion-en-le-mans-classic-2023\/"]}]},{"@type":"ImageObject","inLanguage":"es","@id":"https:\/\/autofans.com.ar\/index.php\/2023\/06\/21\/bmw-group-classic-confirma-su-participacion-en-le-mans-classic-2023\/#primaryimage","url":"https:\/\/autofans.com.ar\/wp-content\/uploads\/2023\/06\/foto-3-25.jpg","contentUrl":"https:\/\/autofans.com.ar\/wp-content\/uploads\/2023\/06\/foto-3-25.jpg","width":1000,"height":667,"caption":"mbw"},{"@type":"BreadcrumbList","@id":"https:\/\/autofans.com.ar\/index.php\/2023\/06\/21\/bmw-group-classic-confirma-su-participacion-en-le-mans-classic-2023\/#breadcrumb","itemListElement":[{"@type":"ListItem","position":1,"name":"Inicio","item":"https:\/\/autofans.com.ar\/"},{"@type":"ListItem","position":2,"name":"BMW Group Classic confirma su participaci\u00f3n en Le Mans Classic 2023"}]},{"@type":"WebSite","@id":"https:\/\/autofans.com.ar\/#website","url":"https:\/\/autofans.com.ar\/","name":"","description":"El multimedio referente de la industria automotriz","potentialAction":[{"@type":"SearchAction","target":{"@type":"EntryPoint","urlTemplate":"https:\/\/autofans.com.ar\/?s={search_term_string}"},"query-input":{"@type":"PropertyValueSpecification","valueRequired":true,"valueName":"search_term_string"}}],"inLanguage":"es"},{"@type":"Person","@id":"https:\/\/autofans.com.ar\/#\/schema\/person\/4a8dda0b6df83ac3d6723e921274c2aa","name":"Alejandro Gabriel Rosito","image":{"@type":"ImageObject","inLanguage":"es","@id":"https:\/\/secure.gravatar.com\/avatar\/16c5dda1489adfc62618084dcbb91cffd879c374b13fe5dd8e44ed6733852c88?s=96&d=mm&r=g","url":"https:\/\/secure.gravatar.com\/avatar\/16c5dda1489adfc62618084dcbb91cffd879c374b13fe5dd8e44ed6733852c88?s=96&d=mm&r=g","contentUrl":"https:\/\/secure.gravatar.com\/avatar\/16c5dda1489adfc62618084dcbb91cffd879c374b13fe5dd8e44ed6733852c88?s=96&d=mm&r=g","caption":"Alejandro Gabriel Rosito"},"url":"https:\/\/autofans.com.ar\/index.php\/author\/gabrielr\/"}]}},"featured_image_urls":{"full":["https:\/\/autofans.com.ar\/wp-content\/uploads\/2023\/06\/foto-3-25.jpg",1000,667,false],"thumbnail":["https:\/\/autofans.com.ar\/wp-content\/uploads\/2023\/06\/foto-3-25-150x150.jpg",150,150,true],"medium":["https:\/\/autofans.com.ar\/wp-content\/uploads\/2023\/06\/foto-3-25-300x200.jpg",300,200,true],"medium_large":["https:\/\/autofans.com.ar\/wp-content\/uploads\/2023\/06\/foto-3-25-768x512.jpg",640,427,true],"large":["https:\/\/autofans.com.ar\/wp-content\/uploads\/2023\/06\/foto-3-25.jpg",640,427,false],"1536x1536":["https:\/\/autofans.com.ar\/wp-content\/uploads\/2023\/06\/foto-3-25.jpg",1000,667,false],"2048x2048":["https:\/\/autofans.com.ar\/wp-content\/uploads\/2023\/06\/foto-3-25.jpg",1000,667,false],"covernews-featured":["https:\/\/autofans.com.ar\/wp-content\/uploads\/2023\/06\/foto-3-25.jpg",1000,667,false],"covernews-medium":["https:\/\/autofans.com.ar\/wp-content\/uploads\/2023\/06\/foto-3-25-540x340.jpg",540,340,true]},"author_info":{"display_name":"Alejandro Gabriel Rosito","author_link":"https:\/\/autofans.com.ar\/index.php\/author\/gabrielr\/"},"category_info":"<a href=\"https:\/\/autofans.com.ar\/index.php\/category\/noticias\/deporte\/\" rel=\"category tag\">DEPORTE MOTOR<\/a> <a href=\"https:\/\/autofans.com.ar\/index.php\/category\/noticias\/\" rel=\"category tag\">NOTICIAS<\/a>","tag_info":"NOTICIAS","comment_count":0,"_links":{"self":[{"href":"https:\/\/autofans.com.ar\/index.php\/wp-json\/wp\/v2\/posts\/3414","targetHints":{"allow":["GET"]}}],"collection":[{"href":"https:\/\/autofans.com.ar\/index.php\/wp-json\/wp\/v2\/posts"}],"about":[{"href":"https:\/\/autofans.com.ar\/index.php\/wp-json\/wp\/v2\/types\/post"}],"author":[{"embeddable":true,"href":"https:\/\/autofans.com.ar\/index.php\/wp-json\/wp\/v2\/users\/2"}],"replies":[{"embeddable":true,"href":"https:\/\/autofans.com.ar\/index.php\/wp-json\/wp\/v2\/comments?post=3414"}],"version-history":[{"count":3,"href":"https:\/\/autofans.com.ar\/index.php\/wp-json\/wp\/v2\/posts\/3414\/revisions"}],"predecessor-version":[{"id":3429,"href":"https:\/\/autofans.com.ar\/index.php\/wp-json\/wp\/v2\/posts\/3414\/revisions\/3429"}],"wp:featuredmedia":[{"embeddable":true,"href":"https:\/\/autofans.com.ar\/index.php\/wp-json\/wp\/v2\/media\/3417"}],"wp:attachment":[{"href":"https:\/\/autofans.com.ar\/index.php\/wp-json\/wp\/v2\/media?parent=3414"}],"wp:term":[{"taxonomy":"category","embeddable":true,"href":"https:\/\/autofans.com.ar\/index.php\/wp-json\/wp\/v2\/categories?post=3414"},{"taxonomy":"post_tag","embeddable":true,"href":"https:\/\/autofans.com.ar\/index.php\/wp-json\/wp\/v2\/tags?post=3414"}],"curies":[{"name":"wp","href":"https:\/\/api.w.org\/{rel}","templated":true}]}}