{"id":3419,"date":"2023-06-22T11:43:14","date_gmt":"2023-06-22T14:43:14","guid":{"rendered":"https:\/\/autofans.com.ar\/?p=3419"},"modified":"2023-06-22T11:44:25","modified_gmt":"2023-06-22T14:44:25","slug":"volkswagen-meteor-llega-a-buenos-aires-y-conquista-a-la-nueva-casa","status":"publish","type":"post","link":"https:\/\/autofans.com.ar\/index.php\/2023\/06\/22\/volkswagen-meteor-llega-a-buenos-aires-y-conquista-a-la-nueva-casa\/","title":{"rendered":"Volkswagen Meteor llega a Buenos Aires y conquista a \u00abLa Nueva Casa\u00bb"},"content":{"rendered":"<p>Volkswagen, una de las marcas automotrices m\u00e1s reconocidas, se enorgullece de anunciar la llegada del esperado modelo Volkswagen Meteor a Buenos Aires. Este lanzamiento ha generado una gran expectativa en el mercado automotor de la regi\u00f3n y ha encontrado su primer cliente en \u00abLa Nueva Casa\u00bb, un prestigioso concesionario especializado en materiales de construcci\u00f3n.<\/p>\n<p>&nbsp;<\/p>\n<h2><img fetchpriority=\"high\" decoding=\"async\" class=\"aligncenter wp-image-3421 size-full\" src=\"https:\/\/autofans.com.ar\/wp-content\/uploads\/2023\/06\/foto-2-36.jpg\" alt=\"meteor\" width=\"1000\" height=\"667\" srcset=\"https:\/\/autofans.com.ar\/wp-content\/uploads\/2023\/06\/foto-2-36.jpg 1000w, https:\/\/autofans.com.ar\/wp-content\/uploads\/2023\/06\/foto-2-36-300x200.jpg 300w, https:\/\/autofans.com.ar\/wp-content\/uploads\/2023\/06\/foto-2-36-768x512.jpg 768w\" sizes=\"(max-width: 1000px) 100vw, 1000px\" \/><\/h2>\n<h2><\/h2>\n<h2>La Nueva Casa conf\u00eda en Volkswagen Meteor<\/h2>\n<p>La Nueva Casa, con m\u00e1s de tres d\u00e9cadas de liderazgo en el sector y una s\u00f3lida reputaci\u00f3n, ha decidido confiar en Volkswagen y ha adquirido su primera unidad extrapesada de la serie Meteor. Este emocionante paso representa un hito para ambas empresas. consolidando a\u00fan m\u00e1s la relaci\u00f3n entre el concesionario Andecam y Volkswagen. \u00abLa Nueva Casa\u00bb ha elegido a Volkswagen Meteor para ampliar su flota de camiones debido a la atenci\u00f3n personalizada y la excelente calidad del servicio postventa brindado por el concesionario Andecam.<\/p>\n<blockquote>\n<p style=\"text-align: center;\">Orlando Italia, due\u00f1o de \u00abLa Nueva Casa\u00bb, comparti\u00f3 su satisfacci\u00f3n al decir: \u00abHoy, contamos con m\u00e1s de 80 camiones Volkswagen en nuestra flota, incluyendo modelos como el Delivery y el Constellation. Estos veh\u00edculos nos han ayudado a brindar el mejor servicio a nuestros clientes gracias a su excelente desempe\u00f1o. Estamos seguros de que el nuevo cami\u00f3n Meteor nos dar\u00e1 la misma satisfacci\u00f3n\u00bb.<\/p>\n<\/blockquote>\n<h2><img decoding=\"async\" class=\"aligncenter wp-image-3422 size-full\" src=\"https:\/\/autofans.com.ar\/wp-content\/uploads\/2023\/06\/foto-1-36.jpg\" alt=\"meteor\" width=\"1000\" height=\"667\" srcset=\"https:\/\/autofans.com.ar\/wp-content\/uploads\/2023\/06\/foto-1-36.jpg 1000w, https:\/\/autofans.com.ar\/wp-content\/uploads\/2023\/06\/foto-1-36-300x200.jpg 300w, https:\/\/autofans.com.ar\/wp-content\/uploads\/2023\/06\/foto-1-36-768x512.jpg 768w\" sizes=\"(max-width: 1000px) 100vw, 1000px\" \/><\/h2>\n<h2><\/h2>\n<h2>Volkswagen Meteor un s\u00edmbolo de compromiso con la excelencia<\/h2>\n<p>La entrega de la primera unidad Meteor a \u00abLa Nueva Casa\u00bb fue un momento emocionante para ambas partes. Santiago Garc\u00eda, gerente comercial de Andecam, y An\u00edbal Roma, Gerente de Postventa, junto con los directivos de VW Camiones y Buses, Juliano Ruggieri y Diego Hern\u00e1ndez, tuvieron el honor de entregar personalmente la llave al due\u00f1o de \u00abLa Nueva Casa\u00bb, marcando el comienzo de una nueva etapa en su crecimiento empresarial.<\/p>\n<p><a href=\"https:\/\/autofans.com.ar\/index.php\/2023\/06\/13\/volkswagen-camiones-y-buses-en-agroactiva-2023-innovacion-y-tecnologia-en-el-campo\/\" target=\"_blank\" rel=\"noopener\">Volkswagen Meteor<\/a> se destaca por su potencia, confiabilidad y versatilidad. Convirti\u00e9ndose en la opci\u00f3n ideal para empresas como \u00abLa Nueva Casa\u00bb, que requieren veh\u00edculos de alto rendimiento para satisfacer las demandas del mercado. Con esta adquisici\u00f3n, \u00abLa Nueva Casa\u00bb refuerza su compromiso de brindar un servicio excepcional y confiable a sus clientes.<\/p>\n<p>&nbsp;<\/p>\n<p><i>Para enterarte de m\u00e1s novedades, no dejes de leer\u00a0<\/i><a href=\"https:\/\/autofans.thebrandsoup.com\/\"><i>nuestras notas<\/i><\/a><i>, de ver<\/i><b><i>\u00a0<\/i><\/b><a href=\"https:\/\/www.youtube.com\/channel\/UCgAC8UGHZYbT6P7PpmVnP7g\"><b><i>AUTOFANS TV<\/i><\/b><\/a><b><i>\u00a0<\/i><\/b><i>en nuestro\u00a0canal de Youtube. Adem\u00e1s seguinos en\u00a0<\/i><a href=\"https:\/\/www.instagram.com\/autofanstv\/\"><i>INSTAGRAM<\/i><\/a><i> y <\/i><a href=\"https:\/\/www.facebook.com\/autofansmas\/\"><i>FACEBOOK<\/i><\/a><i> para no perderte nada sobre las novedades del segmento automotor de Argentina y el mundo. <\/i><\/p>\n","protected":false},"excerpt":{"rendered":"<p>Volkswagen, una de las marcas automotrices m\u00e1s reconocidas, se enorgullece de anunciar la llegada del&#8230;<\/p>\n","protected":false},"author":2,"featured_media":3420,"comment_status":"closed","ping_status":"closed","sticky":false,"template":"","format":"standard","meta":{"footnotes":""},"categories":[16,5],"tags":[1679,796,450,1678,1683,1680,1682,1681,793],"class_list":["post-3419","post","type-post","status-publish","format-standard","has-post-thumbnail","hentry","category-noticias","category-otros","tag-andecam","tag-camiones-extrapesados","tag-confiabilidad","tag-construccion","tag-flota-de-camiones","tag-la-nueva-casa","tag-liderazgo-en-el-mercado","tag-servicio-postventa","tag-volkswagen-meteor"],"yoast_head":"<!-- This site is optimized with the Yoast SEO plugin v27.5 - https:\/\/yoast.com\/product\/yoast-seo-wordpress\/ -->\n<title>Volkswagen Meteor llega a Buenos Aires y conquista a &quot;La Nueva Casa&quot; -<\/title>\n<meta name=\"description\" content=\"Volkswagen, una de las marcas automotrices m\u00e1s reconocidas, se enorgullece de anunciar la llegada del esperado modelo Meteor a Buenos Aires..\" \/>\n<meta name=\"robots\" content=\"index, follow, max-snippet:-1, max-image-preview:large, max-video-preview:-1\" \/>\n<link rel=\"canonical\" href=\"https:\/\/autofans.com.ar\/index.php\/2023\/06\/22\/volkswagen-meteor-llega-a-buenos-aires-y-conquista-a-la-nueva-casa\/\" \/>\n<meta property=\"og:locale\" content=\"es_ES\" \/>\n<meta property=\"og:type\" content=\"article\" \/>\n<meta property=\"og:title\" content=\"Volkswagen Meteor llega a Buenos Aires y conquista a &quot;La Nueva Casa&quot; -\" \/>\n<meta property=\"og:description\" content=\"Volkswagen, una de las marcas automotrices m\u00e1s reconocidas, se enorgullece de anunciar la llegada del esperado modelo Meteor a Buenos Aires..\" \/>\n<meta property=\"og:url\" content=\"https:\/\/autofans.com.ar\/index.php\/2023\/06\/22\/volkswagen-meteor-llega-a-buenos-aires-y-conquista-a-la-nueva-casa\/\" \/>\n<meta property=\"article:published_time\" content=\"2023-06-22T14:43:14+00:00\" \/>\n<meta property=\"article:modified_time\" content=\"2023-06-22T14:44:25+00:00\" \/>\n<meta property=\"og:image\" content=\"https:\/\/autofans.com.ar\/wp-content\/uploads\/2023\/06\/foto-3-26.jpg\" \/>\n\t<meta property=\"og:image:width\" content=\"1000\" \/>\n\t<meta property=\"og:image:height\" content=\"667\" \/>\n\t<meta property=\"og:image:type\" content=\"image\/jpeg\" \/>\n<meta name=\"author\" content=\"Alejandro Gabriel Rosito\" \/>\n<meta name=\"twitter:card\" content=\"summary_large_image\" \/>\n<meta name=\"twitter:label1\" content=\"Escrito por\" \/>\n\t<meta name=\"twitter:data1\" content=\"Alejandro Gabriel Rosito\" \/>\n\t<meta name=\"twitter:label2\" content=\"Tiempo de lectura\" \/>\n\t<meta name=\"twitter:data2\" content=\"3 minutos\" \/>\n<script type=\"application\/ld+json\" class=\"yoast-schema-graph\">{\"@context\":\"https:\\\/\\\/schema.org\",\"@graph\":[{\"@type\":\"Article\",\"@id\":\"https:\\\/\\\/autofans.com.ar\\\/index.php\\\/2023\\\/06\\\/22\\\/volkswagen-meteor-llega-a-buenos-aires-y-conquista-a-la-nueva-casa\\\/#article\",\"isPartOf\":{\"@id\":\"https:\\\/\\\/autofans.com.ar\\\/index.php\\\/2023\\\/06\\\/22\\\/volkswagen-meteor-llega-a-buenos-aires-y-conquista-a-la-nueva-casa\\\/\"},\"author\":{\"name\":\"Alejandro Gabriel Rosito\",\"@id\":\"https:\\\/\\\/autofans.com.ar\\\/#\\\/schema\\\/person\\\/4a8dda0b6df83ac3d6723e921274c2aa\"},\"headline\":\"Volkswagen Meteor llega a Buenos Aires y conquista a \u00abLa Nueva Casa\u00bb\",\"datePublished\":\"2023-06-22T14:43:14+00:00\",\"dateModified\":\"2023-06-22T14:44:25+00:00\",\"mainEntityOfPage\":{\"@id\":\"https:\\\/\\\/autofans.com.ar\\\/index.php\\\/2023\\\/06\\\/22\\\/volkswagen-meteor-llega-a-buenos-aires-y-conquista-a-la-nueva-casa\\\/\"},\"wordCount\":421,\"image\":{\"@id\":\"https:\\\/\\\/autofans.com.ar\\\/index.php\\\/2023\\\/06\\\/22\\\/volkswagen-meteor-llega-a-buenos-aires-y-conquista-a-la-nueva-casa\\\/#primaryimage\"},\"thumbnailUrl\":\"https:\\\/\\\/autofans.com.ar\\\/wp-content\\\/uploads\\\/2023\\\/06\\\/foto-3-26.jpg\",\"keywords\":[\"Andecam\",\"camiones extrapesados\",\"Confiabilidad\",\"construcci\u00f3n\",\"flota de camiones\",\"La Nueva Casa\",\"liderazgo en el mercado\",\"servicio postventa\",\"Volkswagen Meteor\"],\"articleSection\":[\"NOTICIAS\",\"PICK UPs, UTILITARIOS Y OTROS\"],\"inLanguage\":\"es\"},{\"@type\":\"WebPage\",\"@id\":\"https:\\\/\\\/autofans.com.ar\\\/index.php\\\/2023\\\/06\\\/22\\\/volkswagen-meteor-llega-a-buenos-aires-y-conquista-a-la-nueva-casa\\\/\",\"url\":\"https:\\\/\\\/autofans.com.ar\\\/index.php\\\/2023\\\/06\\\/22\\\/volkswagen-meteor-llega-a-buenos-aires-y-conquista-a-la-nueva-casa\\\/\",\"name\":\"Volkswagen Meteor llega a Buenos Aires y conquista a \\\"La Nueva Casa\\\" -\",\"isPartOf\":{\"@id\":\"https:\\\/\\\/autofans.com.ar\\\/#website\"},\"primaryImageOfPage\":{\"@id\":\"https:\\\/\\\/autofans.com.ar\\\/index.php\\\/2023\\\/06\\\/22\\\/volkswagen-meteor-llega-a-buenos-aires-y-conquista-a-la-nueva-casa\\\/#primaryimage\"},\"image\":{\"@id\":\"https:\\\/\\\/autofans.com.ar\\\/index.php\\\/2023\\\/06\\\/22\\\/volkswagen-meteor-llega-a-buenos-aires-y-conquista-a-la-nueva-casa\\\/#primaryimage\"},\"thumbnailUrl\":\"https:\\\/\\\/autofans.com.ar\\\/wp-content\\\/uploads\\\/2023\\\/06\\\/foto-3-26.jpg\",\"datePublished\":\"2023-06-22T14:43:14+00:00\",\"dateModified\":\"2023-06-22T14:44:25+00:00\",\"author\":{\"@id\":\"https:\\\/\\\/autofans.com.ar\\\/#\\\/schema\\\/person\\\/4a8dda0b6df83ac3d6723e921274c2aa\"},\"description\":\"Volkswagen, una de las marcas automotrices m\u00e1s reconocidas, se enorgullece de anunciar la llegada del esperado modelo Meteor a Buenos Aires..\",\"breadcrumb\":{\"@id\":\"https:\\\/\\\/autofans.com.ar\\\/index.php\\\/2023\\\/06\\\/22\\\/volkswagen-meteor-llega-a-buenos-aires-y-conquista-a-la-nueva-casa\\\/#breadcrumb\"},\"inLanguage\":\"es\",\"potentialAction\":[{\"@type\":\"ReadAction\",\"target\":[\"https:\\\/\\\/autofans.com.ar\\\/index.php\\\/2023\\\/06\\\/22\\\/volkswagen-meteor-llega-a-buenos-aires-y-conquista-a-la-nueva-casa\\\/\"]}]},{\"@type\":\"ImageObject\",\"inLanguage\":\"es\",\"@id\":\"https:\\\/\\\/autofans.com.ar\\\/index.php\\\/2023\\\/06\\\/22\\\/volkswagen-meteor-llega-a-buenos-aires-y-conquista-a-la-nueva-casa\\\/#primaryimage\",\"url\":\"https:\\\/\\\/autofans.com.ar\\\/wp-content\\\/uploads\\\/2023\\\/06\\\/foto-3-26.jpg\",\"contentUrl\":\"https:\\\/\\\/autofans.com.ar\\\/wp-content\\\/uploads\\\/2023\\\/06\\\/foto-3-26.jpg\",\"width\":1000,\"height\":667,\"caption\":\"meteor\"},{\"@type\":\"BreadcrumbList\",\"@id\":\"https:\\\/\\\/autofans.com.ar\\\/index.php\\\/2023\\\/06\\\/22\\\/volkswagen-meteor-llega-a-buenos-aires-y-conquista-a-la-nueva-casa\\\/#breadcrumb\",\"itemListElement\":[{\"@type\":\"ListItem\",\"position\":1,\"name\":\"Inicio\",\"item\":\"https:\\\/\\\/autofans.com.ar\\\/\"},{\"@type\":\"ListItem\",\"position\":2,\"name\":\"Volkswagen Meteor llega a Buenos Aires y conquista a \u00abLa Nueva Casa\u00bb\"}]},{\"@type\":\"WebSite\",\"@id\":\"https:\\\/\\\/autofans.com.ar\\\/#website\",\"url\":\"https:\\\/\\\/autofans.com.ar\\\/\",\"name\":\"\",\"description\":\"El multimedio referente de la industria automotriz\",\"potentialAction\":[{\"@type\":\"SearchAction\",\"target\":{\"@type\":\"EntryPoint\",\"urlTemplate\":\"https:\\\/\\\/autofans.com.ar\\\/?s={search_term_string}\"},\"query-input\":{\"@type\":\"PropertyValueSpecification\",\"valueRequired\":true,\"valueName\":\"search_term_string\"}}],\"inLanguage\":\"es\"},{\"@type\":\"Person\",\"@id\":\"https:\\\/\\\/autofans.com.ar\\\/#\\\/schema\\\/person\\\/4a8dda0b6df83ac3d6723e921274c2aa\",\"name\":\"Alejandro Gabriel Rosito\",\"image\":{\"@type\":\"ImageObject\",\"inLanguage\":\"es\",\"@id\":\"https:\\\/\\\/secure.gravatar.com\\\/avatar\\\/16c5dda1489adfc62618084dcbb91cffd879c374b13fe5dd8e44ed6733852c88?s=96&d=mm&r=g\",\"url\":\"https:\\\/\\\/secure.gravatar.com\\\/avatar\\\/16c5dda1489adfc62618084dcbb91cffd879c374b13fe5dd8e44ed6733852c88?s=96&d=mm&r=g\",\"contentUrl\":\"https:\\\/\\\/secure.gravatar.com\\\/avatar\\\/16c5dda1489adfc62618084dcbb91cffd879c374b13fe5dd8e44ed6733852c88?s=96&d=mm&r=g\",\"caption\":\"Alejandro Gabriel Rosito\"},\"url\":\"https:\\\/\\\/autofans.com.ar\\\/index.php\\\/author\\\/gabrielr\\\/\"}]}<\/script>\n<!-- \/ Yoast SEO plugin. -->","yoast_head_json":{"title":"Volkswagen Meteor llega a Buenos Aires y conquista a \"La Nueva Casa\" -","description":"Volkswagen, una de las marcas automotrices m\u00e1s reconocidas, se enorgullece de anunciar la llegada del esperado modelo Meteor a Buenos Aires..","robots":{"index":"index","follow":"follow","max-snippet":"max-snippet:-1","max-image-preview":"max-image-preview:large","max-video-preview":"max-video-preview:-1"},"canonical":"https:\/\/autofans.com.ar\/index.php\/2023\/06\/22\/volkswagen-meteor-llega-a-buenos-aires-y-conquista-a-la-nueva-casa\/","og_locale":"es_ES","og_type":"article","og_title":"Volkswagen Meteor llega a Buenos Aires y conquista a \"La Nueva Casa\" -","og_description":"Volkswagen, una de las marcas automotrices m\u00e1s reconocidas, se enorgullece de anunciar la llegada del esperado modelo Meteor a Buenos Aires..","og_url":"https:\/\/autofans.com.ar\/index.php\/2023\/06\/22\/volkswagen-meteor-llega-a-buenos-aires-y-conquista-a-la-nueva-casa\/","article_published_time":"2023-06-22T14:43:14+00:00","article_modified_time":"2023-06-22T14:44:25+00:00","og_image":[{"width":1000,"height":667,"url":"https:\/\/autofans.com.ar\/wp-content\/uploads\/2023\/06\/foto-3-26.jpg","type":"image\/jpeg"}],"author":"Alejandro Gabriel Rosito","twitter_card":"summary_large_image","twitter_misc":{"Escrito por":"Alejandro Gabriel Rosito","Tiempo de lectura":"3 minutos"},"schema":{"@context":"https:\/\/schema.org","@graph":[{"@type":"Article","@id":"https:\/\/autofans.com.ar\/index.php\/2023\/06\/22\/volkswagen-meteor-llega-a-buenos-aires-y-conquista-a-la-nueva-casa\/#article","isPartOf":{"@id":"https:\/\/autofans.com.ar\/index.php\/2023\/06\/22\/volkswagen-meteor-llega-a-buenos-aires-y-conquista-a-la-nueva-casa\/"},"author":{"name":"Alejandro Gabriel Rosito","@id":"https:\/\/autofans.com.ar\/#\/schema\/person\/4a8dda0b6df83ac3d6723e921274c2aa"},"headline":"Volkswagen Meteor llega a Buenos Aires y conquista a \u00abLa Nueva Casa\u00bb","datePublished":"2023-06-22T14:43:14+00:00","dateModified":"2023-06-22T14:44:25+00:00","mainEntityOfPage":{"@id":"https:\/\/autofans.com.ar\/index.php\/2023\/06\/22\/volkswagen-meteor-llega-a-buenos-aires-y-conquista-a-la-nueva-casa\/"},"wordCount":421,"image":{"@id":"https:\/\/autofans.com.ar\/index.php\/2023\/06\/22\/volkswagen-meteor-llega-a-buenos-aires-y-conquista-a-la-nueva-casa\/#primaryimage"},"thumbnailUrl":"https:\/\/autofans.com.ar\/wp-content\/uploads\/2023\/06\/foto-3-26.jpg","keywords":["Andecam","camiones extrapesados","Confiabilidad","construcci\u00f3n","flota de camiones","La Nueva Casa","liderazgo en el mercado","servicio postventa","Volkswagen Meteor"],"articleSection":["NOTICIAS","PICK UPs, UTILITARIOS Y OTROS"],"inLanguage":"es"},{"@type":"WebPage","@id":"https:\/\/autofans.com.ar\/index.php\/2023\/06\/22\/volkswagen-meteor-llega-a-buenos-aires-y-conquista-a-la-nueva-casa\/","url":"https:\/\/autofans.com.ar\/index.php\/2023\/06\/22\/volkswagen-meteor-llega-a-buenos-aires-y-conquista-a-la-nueva-casa\/","name":"Volkswagen Meteor llega a Buenos Aires y conquista a \"La Nueva Casa\" -","isPartOf":{"@id":"https:\/\/autofans.com.ar\/#website"},"primaryImageOfPage":{"@id":"https:\/\/autofans.com.ar\/index.php\/2023\/06\/22\/volkswagen-meteor-llega-a-buenos-aires-y-conquista-a-la-nueva-casa\/#primaryimage"},"image":{"@id":"https:\/\/autofans.com.ar\/index.php\/2023\/06\/22\/volkswagen-meteor-llega-a-buenos-aires-y-conquista-a-la-nueva-casa\/#primaryimage"},"thumbnailUrl":"https:\/\/autofans.com.ar\/wp-content\/uploads\/2023\/06\/foto-3-26.jpg","datePublished":"2023-06-22T14:43:14+00:00","dateModified":"2023-06-22T14:44:25+00:00","author":{"@id":"https:\/\/autofans.com.ar\/#\/schema\/person\/4a8dda0b6df83ac3d6723e921274c2aa"},"description":"Volkswagen, una de las marcas automotrices m\u00e1s reconocidas, se enorgullece de anunciar la llegada del esperado modelo Meteor a Buenos Aires..","breadcrumb":{"@id":"https:\/\/autofans.com.ar\/index.php\/2023\/06\/22\/volkswagen-meteor-llega-a-buenos-aires-y-conquista-a-la-nueva-casa\/#breadcrumb"},"inLanguage":"es","potentialAction":[{"@type":"ReadAction","target":["https:\/\/autofans.com.ar\/index.php\/2023\/06\/22\/volkswagen-meteor-llega-a-buenos-aires-y-conquista-a-la-nueva-casa\/"]}]},{"@type":"ImageObject","inLanguage":"es","@id":"https:\/\/autofans.com.ar\/index.php\/2023\/06\/22\/volkswagen-meteor-llega-a-buenos-aires-y-conquista-a-la-nueva-casa\/#primaryimage","url":"https:\/\/autofans.com.ar\/wp-content\/uploads\/2023\/06\/foto-3-26.jpg","contentUrl":"https:\/\/autofans.com.ar\/wp-content\/uploads\/2023\/06\/foto-3-26.jpg","width":1000,"height":667,"caption":"meteor"},{"@type":"BreadcrumbList","@id":"https:\/\/autofans.com.ar\/index.php\/2023\/06\/22\/volkswagen-meteor-llega-a-buenos-aires-y-conquista-a-la-nueva-casa\/#breadcrumb","itemListElement":[{"@type":"ListItem","position":1,"name":"Inicio","item":"https:\/\/autofans.com.ar\/"},{"@type":"ListItem","position":2,"name":"Volkswagen Meteor llega a Buenos Aires y conquista a \u00abLa Nueva Casa\u00bb"}]},{"@type":"WebSite","@id":"https:\/\/autofans.com.ar\/#website","url":"https:\/\/autofans.com.ar\/","name":"","description":"El multimedio referente de la industria automotriz","potentialAction":[{"@type":"SearchAction","target":{"@type":"EntryPoint","urlTemplate":"https:\/\/autofans.com.ar\/?s={search_term_string}"},"query-input":{"@type":"PropertyValueSpecification","valueRequired":true,"valueName":"search_term_string"}}],"inLanguage":"es"},{"@type":"Person","@id":"https:\/\/autofans.com.ar\/#\/schema\/person\/4a8dda0b6df83ac3d6723e921274c2aa","name":"Alejandro Gabriel Rosito","image":{"@type":"ImageObject","inLanguage":"es","@id":"https:\/\/secure.gravatar.com\/avatar\/16c5dda1489adfc62618084dcbb91cffd879c374b13fe5dd8e44ed6733852c88?s=96&d=mm&r=g","url":"https:\/\/secure.gravatar.com\/avatar\/16c5dda1489adfc62618084dcbb91cffd879c374b13fe5dd8e44ed6733852c88?s=96&d=mm&r=g","contentUrl":"https:\/\/secure.gravatar.com\/avatar\/16c5dda1489adfc62618084dcbb91cffd879c374b13fe5dd8e44ed6733852c88?s=96&d=mm&r=g","caption":"Alejandro Gabriel Rosito"},"url":"https:\/\/autofans.com.ar\/index.php\/author\/gabrielr\/"}]}},"featured_image_urls":{"full":["https:\/\/autofans.com.ar\/wp-content\/uploads\/2023\/06\/foto-3-26.jpg",1000,667,false],"thumbnail":["https:\/\/autofans.com.ar\/wp-content\/uploads\/2023\/06\/foto-3-26-150x150.jpg",150,150,true],"medium":["https:\/\/autofans.com.ar\/wp-content\/uploads\/2023\/06\/foto-3-26-300x200.jpg",300,200,true],"medium_large":["https:\/\/autofans.com.ar\/wp-content\/uploads\/2023\/06\/foto-3-26-768x512.jpg",640,427,true],"large":["https:\/\/autofans.com.ar\/wp-content\/uploads\/2023\/06\/foto-3-26.jpg",640,427,false],"1536x1536":["https:\/\/autofans.com.ar\/wp-content\/uploads\/2023\/06\/foto-3-26.jpg",1000,667,false],"2048x2048":["https:\/\/autofans.com.ar\/wp-content\/uploads\/2023\/06\/foto-3-26.jpg",1000,667,false],"covernews-featured":["https:\/\/autofans.com.ar\/wp-content\/uploads\/2023\/06\/foto-3-26.jpg",1000,667,false],"covernews-medium":["https:\/\/autofans.com.ar\/wp-content\/uploads\/2023\/06\/foto-3-26-540x340.jpg",540,340,true]},"author_info":{"display_name":"Alejandro Gabriel Rosito","author_link":"https:\/\/autofans.com.ar\/index.php\/author\/gabrielr\/"},"category_info":"<a href=\"https:\/\/autofans.com.ar\/index.php\/category\/noticias\/\" rel=\"category tag\">NOTICIAS<\/a> <a href=\"https:\/\/autofans.com.ar\/index.php\/category\/noticias\/otros\/\" rel=\"category tag\">PICK UPs, UTILITARIOS Y OTROS<\/a>","tag_info":"PICK UPs, UTILITARIOS Y OTROS","comment_count":0,"_links":{"self":[{"href":"https:\/\/autofans.com.ar\/index.php\/wp-json\/wp\/v2\/posts\/3419","targetHints":{"allow":["GET"]}}],"collection":[{"href":"https:\/\/autofans.com.ar\/index.php\/wp-json\/wp\/v2\/posts"}],"about":[{"href":"https:\/\/autofans.com.ar\/index.php\/wp-json\/wp\/v2\/types\/post"}],"author":[{"embeddable":true,"href":"https:\/\/autofans.com.ar\/index.php\/wp-json\/wp\/v2\/users\/2"}],"replies":[{"embeddable":true,"href":"https:\/\/autofans.com.ar\/index.php\/wp-json\/wp\/v2\/comments?post=3419"}],"version-history":[{"count":3,"href":"https:\/\/autofans.com.ar\/index.php\/wp-json\/wp\/v2\/posts\/3419\/revisions"}],"predecessor-version":[{"id":3425,"href":"https:\/\/autofans.com.ar\/index.php\/wp-json\/wp\/v2\/posts\/3419\/revisions\/3425"}],"wp:featuredmedia":[{"embeddable":true,"href":"https:\/\/autofans.com.ar\/index.php\/wp-json\/wp\/v2\/media\/3420"}],"wp:attachment":[{"href":"https:\/\/autofans.com.ar\/index.php\/wp-json\/wp\/v2\/media?parent=3419"}],"wp:term":[{"taxonomy":"category","embeddable":true,"href":"https:\/\/autofans.com.ar\/index.php\/wp-json\/wp\/v2\/categories?post=3419"},{"taxonomy":"post_tag","embeddable":true,"href":"https:\/\/autofans.com.ar\/index.php\/wp-json\/wp\/v2\/tags?post=3419"}],"curies":[{"name":"wp","href":"https:\/\/api.w.org\/{rel}","templated":true}]}}