{"id":3513,"date":"2023-06-26T14:26:07","date_gmt":"2023-06-26T17:26:07","guid":{"rendered":"https:\/\/autofans.com.ar\/?p=3513"},"modified":"2023-06-26T19:33:58","modified_gmt":"2023-06-26T22:33:58","slug":"bmw-motorrad-presenta-la-esperada-r-1300-gs-con-motor-boxer","status":"publish","type":"post","link":"https:\/\/autofans.com.ar\/index.php\/2023\/06\/26\/bmw-motorrad-presenta-la-esperada-r-1300-gs-con-motor-boxer\/","title":{"rendered":"BMW Motorrad presenta la esperada R 1300 GS con motor b\u00f3xer"},"content":{"rendered":"<p>BMW Motorrad confirma el lanzamiento de la esperada R 1300 GS y celebra un hito importante en su historia con la producci\u00f3n de la GS n\u00famero un mill\u00f3n equipada con motor b\u00f3xer. La presentaci\u00f3n mundial de la nueva motocicleta se llevar\u00e1 a cabo el 28 de septiembre de 2023 en el impresionante Welt de BMW Motorrad en Berl\u00edn.<\/p>\n<p>&nbsp;<\/p>\n<p>&nbsp;<\/p>\n<p><img fetchpriority=\"high\" decoding=\"async\" class=\"aligncenter wp-image-3516 size-full\" src=\"https:\/\/autofans.com.ar\/wp-content\/uploads\/2023\/06\/foto-1-41.jpg\" alt=\"R 1300 GS\" width=\"1000\" height=\"667\" srcset=\"https:\/\/autofans.com.ar\/wp-content\/uploads\/2023\/06\/foto-1-41.jpg 1000w, https:\/\/autofans.com.ar\/wp-content\/uploads\/2023\/06\/foto-1-41-300x200.jpg 300w, https:\/\/autofans.com.ar\/wp-content\/uploads\/2023\/06\/foto-1-41-768x512.jpg 768w\" sizes=\"(max-width: 1000px) 100vw, 1000px\" \/><\/p>\n<p>&nbsp;<\/p>\n<p>Desde 1969, las motos BMW se han fabricado en Berl\u00edn, y desde 1980, los modelos GS con motores b\u00f3xer han sido los favoritos de los aventureros de todo el mundo. Estos veh\u00edculos vers\u00e1tiles han llevado a innumerables motociclistas a realizar viajes \u00e9picos y expediciones a lugares remotos. Ahora, en la inauguraci\u00f3n del nuevo BMW Motorrad Welt en Berl\u00edn, el ic\u00f3nico fabricante presentar\u00e1 la R 1300 GS, una edici\u00f3n mejorada de su legendaria motocicleta GS con motor b\u00f3xer.<\/p>\n<p>&nbsp;<\/p>\n<h2>La legendaria combinaci\u00f3n para ruta, todoterreno y largas distancias.<\/h2>\n<p>La combinaci\u00f3n de la BMW GS con motor b\u00f3xer ha sido una elecci\u00f3n imbatible para aquellos que buscan una motocicleta que pueda enfrentar cualquier tipo de terreno y distancias largas. Fue con la introducci\u00f3n de la R 80 G\/S en 1980 que BMW Motorrad cre\u00f3 el segmento de las touring enduro, con capacidades para rutas, todoterreno, uso diario y largas distancias. Desde entonces, la marca ha mantenido su compromiso de mejora continua y ha transferido las cualidades de la GS a otras series de modelos con gran \u00e9xito.<\/p>\n<blockquote>\n<p style=\"text-align: center;\">El Dr. Markus Schramm, director de BMW Motorrad, expres\u00f3 su satisfacci\u00f3n con el hito alcanzado: \u00abEn el a\u00f1o del Centenario de BMW Motorrad, estamos encantados de celebrar un logro tan significativo como la producci\u00f3n de la BMW GS con motor b\u00f3xer n\u00famero un mill\u00f3n. Adem\u00e1s, la historia continuar\u00e1 con numerosas innovaciones en la nueva R 1300 GS\u00bb.<\/p>\n<\/blockquote>\n<h2><img decoding=\"async\" class=\"aligncenter wp-image-3515 size-full\" src=\"https:\/\/autofans.com.ar\/wp-content\/uploads\/2023\/06\/foto-2-41.jpg\" alt=\"R 1300 GS\" width=\"1000\" height=\"667\" srcset=\"https:\/\/autofans.com.ar\/wp-content\/uploads\/2023\/06\/foto-2-41.jpg 1000w, https:\/\/autofans.com.ar\/wp-content\/uploads\/2023\/06\/foto-2-41-300x200.jpg 300w, https:\/\/autofans.com.ar\/wp-content\/uploads\/2023\/06\/foto-2-41-768x512.jpg 768w\" sizes=\"(max-width: 1000px) 100vw, 1000px\" \/><\/h2>\n<h2><\/h2>\n<h2>Nueva BMW R 1300 GS<\/h2>\n<p>La emoci\u00f3n por el aniversario de BMW Motorrad no se detiene, ya que despu\u00e9s de los emocionantes BMW Motorrad Days en julio, el BMW Motorrad Welt abrir\u00e1 oficialmente sus puertas el 28 de septiembre, justo al lado de la planta de BMW Motorrad en Berl\u00edn-Spandau. Ser\u00e1 en este exclusivo evento de presentaci\u00f3n donde la esperada BMW R 1300 GS har\u00e1 su debut ante el p\u00fablico.<\/p>\n<p>A partir del 30 de septiembre de 2023, el BMW Motorrad Welt de Berl\u00edn estar\u00e1 abierto para que los entusiastas y visitantes puedan disfrutar de todas las emocionantes novedades y experiencias que ofrece.<\/p>\n<p>Este lanzamiento marca un nuevo cap\u00edtulo en la historia de BMW Motorrad y promete cautivar a los amantes de las motocicletas de aventura en todo el mundo. Mant\u00e9ngase atento para conocer m\u00e1s detalles sobre la R 1300 GS y descubrir las innovaciones que har\u00e1n que esta motocicleta sea a\u00fan m\u00e1s impresionante.<\/p>\n<p>&nbsp;<\/p>\n<h2>La BMW R 80 G\/S: la chispa inicial de un nuevo segmento<\/h2>\n<p>En 1980, BMW Motorrad present\u00f3 la R 80 G\/S, una moto que combinaba por primera vez dos \u00e1reas de conducci\u00f3n muy especiales: ruta y todoterreno. Comenz\u00f3 con 798 cent\u00edmetros c\u00fabicos de cilindrada y 50 CV hasta evolucionar, m\u00e1s de cuatro d\u00e9cadas despu\u00e9s, en la actual BMW R 1250 GS. Gracias a este progreso continuo y constante, los modelos BMW GS con motor b\u00f3xer se han convertido en los touring enduro m\u00e1s codiciados del planeta.<\/p>\n<p>&nbsp;<\/p>\n<p><i>Para enterarte de m\u00e1s novedades, no dejes de leer\u00a0<\/i><a href=\"https:\/\/autofans.thebrandsoup.com\/\"><i>nuestras notas<\/i><\/a><i>, de ver<\/i><b><i>\u00a0<\/i><\/b><a href=\"https:\/\/www.youtube.com\/channel\/UCgAC8UGHZYbT6P7PpmVnP7g\"><b><i>AUTOFANS TV<\/i><\/b><\/a><b><i>\u00a0<\/i><\/b><i>en nuestro\u00a0canal de Youtube. Adem\u00e1s seguinos en\u00a0<\/i><a href=\"https:\/\/www.instagram.com\/autofanstv\/\"><i>INSTAGRAM<\/i><\/a><i> y <\/i><a href=\"https:\/\/www.facebook.com\/autofansmas\/\"><i>FACEBOOK<\/i><\/a><i> para no perderte nada sobre las novedades del segmento automotor de Argentina y el mundo. <\/i><\/p>\n","protected":false},"excerpt":{"rendered":"<p>BMW Motorrad confirma el lanzamiento de la esperada R 1300 GS y celebra un hito&#8230;<\/p>\n","protected":false},"author":2,"featured_media":3540,"comment_status":"closed","ping_status":"closed","sticky":false,"template":"","format":"standard","meta":{"footnotes":""},"categories":[1,4],"tags":[855,1159,1706,1707,1705,1704,1708],"class_list":["post-3513","post","type-post","status-publish","format-standard","has-post-thumbnail","hentry","category-lanzamientos","category-motos","tag-berlin","tag-bmw-motorrad","tag-bmw-motorrad-welt","tag-motocicleta-de-aventura","tag-motor-boxer","tag-r-1300-gs","tag-touring-enduro"],"yoast_head":"<!-- This site is optimized with the Yoast SEO plugin v27.5 - https:\/\/yoast.com\/product\/yoast-seo-wordpress\/ -->\n<title>BMW Motorrad presenta la esperada R 1300 GS con motor b\u00f3xer -<\/title>\n<meta name=\"description\" content=\"BMW Motorrad confirma el lanzamiento de la R 1300 GS y celebra un hito importante en su historia con la producci\u00f3n de la GS n\u00famero un mill\u00f3n.\" \/>\n<meta name=\"robots\" content=\"index, follow, max-snippet:-1, max-image-preview:large, max-video-preview:-1\" \/>\n<link rel=\"canonical\" href=\"https:\/\/autofans.com.ar\/index.php\/2023\/06\/26\/bmw-motorrad-presenta-la-esperada-r-1300-gs-con-motor-boxer\/\" \/>\n<meta property=\"og:locale\" content=\"es_ES\" \/>\n<meta property=\"og:type\" content=\"article\" \/>\n<meta property=\"og:title\" content=\"BMW Motorrad presenta la esperada R 1300 GS con motor b\u00f3xer -\" \/>\n<meta property=\"og:description\" content=\"BMW Motorrad confirma el lanzamiento de la R 1300 GS y celebra un hito importante en su historia con la producci\u00f3n de la GS n\u00famero un mill\u00f3n.\" \/>\n<meta property=\"og:url\" content=\"https:\/\/autofans.com.ar\/index.php\/2023\/06\/26\/bmw-motorrad-presenta-la-esperada-r-1300-gs-con-motor-boxer\/\" \/>\n<meta property=\"article:published_time\" content=\"2023-06-26T17:26:07+00:00\" \/>\n<meta property=\"article:modified_time\" content=\"2023-06-26T22:33:58+00:00\" \/>\n<meta property=\"og:image\" content=\"https:\/\/autofans.com.ar\/wp-content\/uploads\/2023\/06\/foto-3-33.jpg\" \/>\n\t<meta property=\"og:image:width\" content=\"1000\" \/>\n\t<meta property=\"og:image:height\" content=\"667\" \/>\n\t<meta property=\"og:image:type\" content=\"image\/jpeg\" \/>\n<meta name=\"author\" content=\"Alejandro Gabriel Rosito\" \/>\n<meta name=\"twitter:card\" content=\"summary_large_image\" \/>\n<meta name=\"twitter:label1\" content=\"Escrito por\" \/>\n\t<meta name=\"twitter:data1\" content=\"Alejandro Gabriel Rosito\" \/>\n\t<meta name=\"twitter:label2\" content=\"Tiempo de lectura\" \/>\n\t<meta name=\"twitter:data2\" content=\"4 minutos\" \/>\n<script type=\"application\/ld+json\" class=\"yoast-schema-graph\">{\"@context\":\"https:\\\/\\\/schema.org\",\"@graph\":[{\"@type\":\"Article\",\"@id\":\"https:\\\/\\\/autofans.com.ar\\\/index.php\\\/2023\\\/06\\\/26\\\/bmw-motorrad-presenta-la-esperada-r-1300-gs-con-motor-boxer\\\/#article\",\"isPartOf\":{\"@id\":\"https:\\\/\\\/autofans.com.ar\\\/index.php\\\/2023\\\/06\\\/26\\\/bmw-motorrad-presenta-la-esperada-r-1300-gs-con-motor-boxer\\\/\"},\"author\":{\"name\":\"Alejandro Gabriel Rosito\",\"@id\":\"https:\\\/\\\/autofans.com.ar\\\/#\\\/schema\\\/person\\\/4a8dda0b6df83ac3d6723e921274c2aa\"},\"headline\":\"BMW Motorrad presenta la esperada R 1300 GS con motor b\u00f3xer\",\"datePublished\":\"2023-06-26T17:26:07+00:00\",\"dateModified\":\"2023-06-26T22:33:58+00:00\",\"mainEntityOfPage\":{\"@id\":\"https:\\\/\\\/autofans.com.ar\\\/index.php\\\/2023\\\/06\\\/26\\\/bmw-motorrad-presenta-la-esperada-r-1300-gs-con-motor-boxer\\\/\"},\"wordCount\":618,\"image\":{\"@id\":\"https:\\\/\\\/autofans.com.ar\\\/index.php\\\/2023\\\/06\\\/26\\\/bmw-motorrad-presenta-la-esperada-r-1300-gs-con-motor-boxer\\\/#primaryimage\"},\"thumbnailUrl\":\"https:\\\/\\\/autofans.com.ar\\\/wp-content\\\/uploads\\\/2023\\\/06\\\/foto-3-33.jpg\",\"keywords\":[\"Berl\u00edn\",\"BMW Motorrad\",\"BMW Motorrad Welt\",\"motocicleta de aventura\",\"motor b\u00f3xer\",\"R 1300 GS\",\"touring enduro\"],\"articleSection\":[\"LANZAMIENTOS\",\"MOTOS\"],\"inLanguage\":\"es\"},{\"@type\":\"WebPage\",\"@id\":\"https:\\\/\\\/autofans.com.ar\\\/index.php\\\/2023\\\/06\\\/26\\\/bmw-motorrad-presenta-la-esperada-r-1300-gs-con-motor-boxer\\\/\",\"url\":\"https:\\\/\\\/autofans.com.ar\\\/index.php\\\/2023\\\/06\\\/26\\\/bmw-motorrad-presenta-la-esperada-r-1300-gs-con-motor-boxer\\\/\",\"name\":\"BMW Motorrad presenta la esperada R 1300 GS con motor b\u00f3xer -\",\"isPartOf\":{\"@id\":\"https:\\\/\\\/autofans.com.ar\\\/#website\"},\"primaryImageOfPage\":{\"@id\":\"https:\\\/\\\/autofans.com.ar\\\/index.php\\\/2023\\\/06\\\/26\\\/bmw-motorrad-presenta-la-esperada-r-1300-gs-con-motor-boxer\\\/#primaryimage\"},\"image\":{\"@id\":\"https:\\\/\\\/autofans.com.ar\\\/index.php\\\/2023\\\/06\\\/26\\\/bmw-motorrad-presenta-la-esperada-r-1300-gs-con-motor-boxer\\\/#primaryimage\"},\"thumbnailUrl\":\"https:\\\/\\\/autofans.com.ar\\\/wp-content\\\/uploads\\\/2023\\\/06\\\/foto-3-33.jpg\",\"datePublished\":\"2023-06-26T17:26:07+00:00\",\"dateModified\":\"2023-06-26T22:33:58+00:00\",\"author\":{\"@id\":\"https:\\\/\\\/autofans.com.ar\\\/#\\\/schema\\\/person\\\/4a8dda0b6df83ac3d6723e921274c2aa\"},\"description\":\"BMW Motorrad confirma el lanzamiento de la R 1300 GS y celebra un hito importante en su historia con la producci\u00f3n de la GS n\u00famero un mill\u00f3n.\",\"breadcrumb\":{\"@id\":\"https:\\\/\\\/autofans.com.ar\\\/index.php\\\/2023\\\/06\\\/26\\\/bmw-motorrad-presenta-la-esperada-r-1300-gs-con-motor-boxer\\\/#breadcrumb\"},\"inLanguage\":\"es\",\"potentialAction\":[{\"@type\":\"ReadAction\",\"target\":[\"https:\\\/\\\/autofans.com.ar\\\/index.php\\\/2023\\\/06\\\/26\\\/bmw-motorrad-presenta-la-esperada-r-1300-gs-con-motor-boxer\\\/\"]}]},{\"@type\":\"ImageObject\",\"inLanguage\":\"es\",\"@id\":\"https:\\\/\\\/autofans.com.ar\\\/index.php\\\/2023\\\/06\\\/26\\\/bmw-motorrad-presenta-la-esperada-r-1300-gs-con-motor-boxer\\\/#primaryimage\",\"url\":\"https:\\\/\\\/autofans.com.ar\\\/wp-content\\\/uploads\\\/2023\\\/06\\\/foto-3-33.jpg\",\"contentUrl\":\"https:\\\/\\\/autofans.com.ar\\\/wp-content\\\/uploads\\\/2023\\\/06\\\/foto-3-33.jpg\",\"width\":1000,\"height\":667,\"caption\":\"R 1300 GS\"},{\"@type\":\"BreadcrumbList\",\"@id\":\"https:\\\/\\\/autofans.com.ar\\\/index.php\\\/2023\\\/06\\\/26\\\/bmw-motorrad-presenta-la-esperada-r-1300-gs-con-motor-boxer\\\/#breadcrumb\",\"itemListElement\":[{\"@type\":\"ListItem\",\"position\":1,\"name\":\"Inicio\",\"item\":\"https:\\\/\\\/autofans.com.ar\\\/\"},{\"@type\":\"ListItem\",\"position\":2,\"name\":\"BMW Motorrad presenta la esperada R 1300 GS con motor b\u00f3xer\"}]},{\"@type\":\"WebSite\",\"@id\":\"https:\\\/\\\/autofans.com.ar\\\/#website\",\"url\":\"https:\\\/\\\/autofans.com.ar\\\/\",\"name\":\"\",\"description\":\"El multimedio referente de la industria automotriz\",\"potentialAction\":[{\"@type\":\"SearchAction\",\"target\":{\"@type\":\"EntryPoint\",\"urlTemplate\":\"https:\\\/\\\/autofans.com.ar\\\/?s={search_term_string}\"},\"query-input\":{\"@type\":\"PropertyValueSpecification\",\"valueRequired\":true,\"valueName\":\"search_term_string\"}}],\"inLanguage\":\"es\"},{\"@type\":\"Person\",\"@id\":\"https:\\\/\\\/autofans.com.ar\\\/#\\\/schema\\\/person\\\/4a8dda0b6df83ac3d6723e921274c2aa\",\"name\":\"Alejandro Gabriel Rosito\",\"image\":{\"@type\":\"ImageObject\",\"inLanguage\":\"es\",\"@id\":\"https:\\\/\\\/secure.gravatar.com\\\/avatar\\\/16c5dda1489adfc62618084dcbb91cffd879c374b13fe5dd8e44ed6733852c88?s=96&d=mm&r=g\",\"url\":\"https:\\\/\\\/secure.gravatar.com\\\/avatar\\\/16c5dda1489adfc62618084dcbb91cffd879c374b13fe5dd8e44ed6733852c88?s=96&d=mm&r=g\",\"contentUrl\":\"https:\\\/\\\/secure.gravatar.com\\\/avatar\\\/16c5dda1489adfc62618084dcbb91cffd879c374b13fe5dd8e44ed6733852c88?s=96&d=mm&r=g\",\"caption\":\"Alejandro Gabriel Rosito\"},\"url\":\"https:\\\/\\\/autofans.com.ar\\\/index.php\\\/author\\\/gabrielr\\\/\"}]}<\/script>\n<!-- \/ Yoast SEO plugin. -->","yoast_head_json":{"title":"BMW Motorrad presenta la esperada R 1300 GS con motor b\u00f3xer -","description":"BMW Motorrad confirma el lanzamiento de la R 1300 GS y celebra un hito importante en su historia con la producci\u00f3n de la GS n\u00famero un mill\u00f3n.","robots":{"index":"index","follow":"follow","max-snippet":"max-snippet:-1","max-image-preview":"max-image-preview:large","max-video-preview":"max-video-preview:-1"},"canonical":"https:\/\/autofans.com.ar\/index.php\/2023\/06\/26\/bmw-motorrad-presenta-la-esperada-r-1300-gs-con-motor-boxer\/","og_locale":"es_ES","og_type":"article","og_title":"BMW Motorrad presenta la esperada R 1300 GS con motor b\u00f3xer -","og_description":"BMW Motorrad confirma el lanzamiento de la R 1300 GS y celebra un hito importante en su historia con la producci\u00f3n de la GS n\u00famero un mill\u00f3n.","og_url":"https:\/\/autofans.com.ar\/index.php\/2023\/06\/26\/bmw-motorrad-presenta-la-esperada-r-1300-gs-con-motor-boxer\/","article_published_time":"2023-06-26T17:26:07+00:00","article_modified_time":"2023-06-26T22:33:58+00:00","og_image":[{"width":1000,"height":667,"url":"https:\/\/autofans.com.ar\/wp-content\/uploads\/2023\/06\/foto-3-33.jpg","type":"image\/jpeg"}],"author":"Alejandro Gabriel Rosito","twitter_card":"summary_large_image","twitter_misc":{"Escrito por":"Alejandro Gabriel Rosito","Tiempo de lectura":"4 minutos"},"schema":{"@context":"https:\/\/schema.org","@graph":[{"@type":"Article","@id":"https:\/\/autofans.com.ar\/index.php\/2023\/06\/26\/bmw-motorrad-presenta-la-esperada-r-1300-gs-con-motor-boxer\/#article","isPartOf":{"@id":"https:\/\/autofans.com.ar\/index.php\/2023\/06\/26\/bmw-motorrad-presenta-la-esperada-r-1300-gs-con-motor-boxer\/"},"author":{"name":"Alejandro Gabriel Rosito","@id":"https:\/\/autofans.com.ar\/#\/schema\/person\/4a8dda0b6df83ac3d6723e921274c2aa"},"headline":"BMW Motorrad presenta la esperada R 1300 GS con motor b\u00f3xer","datePublished":"2023-06-26T17:26:07+00:00","dateModified":"2023-06-26T22:33:58+00:00","mainEntityOfPage":{"@id":"https:\/\/autofans.com.ar\/index.php\/2023\/06\/26\/bmw-motorrad-presenta-la-esperada-r-1300-gs-con-motor-boxer\/"},"wordCount":618,"image":{"@id":"https:\/\/autofans.com.ar\/index.php\/2023\/06\/26\/bmw-motorrad-presenta-la-esperada-r-1300-gs-con-motor-boxer\/#primaryimage"},"thumbnailUrl":"https:\/\/autofans.com.ar\/wp-content\/uploads\/2023\/06\/foto-3-33.jpg","keywords":["Berl\u00edn","BMW Motorrad","BMW Motorrad Welt","motocicleta de aventura","motor b\u00f3xer","R 1300 GS","touring enduro"],"articleSection":["LANZAMIENTOS","MOTOS"],"inLanguage":"es"},{"@type":"WebPage","@id":"https:\/\/autofans.com.ar\/index.php\/2023\/06\/26\/bmw-motorrad-presenta-la-esperada-r-1300-gs-con-motor-boxer\/","url":"https:\/\/autofans.com.ar\/index.php\/2023\/06\/26\/bmw-motorrad-presenta-la-esperada-r-1300-gs-con-motor-boxer\/","name":"BMW Motorrad presenta la esperada R 1300 GS con motor b\u00f3xer -","isPartOf":{"@id":"https:\/\/autofans.com.ar\/#website"},"primaryImageOfPage":{"@id":"https:\/\/autofans.com.ar\/index.php\/2023\/06\/26\/bmw-motorrad-presenta-la-esperada-r-1300-gs-con-motor-boxer\/#primaryimage"},"image":{"@id":"https:\/\/autofans.com.ar\/index.php\/2023\/06\/26\/bmw-motorrad-presenta-la-esperada-r-1300-gs-con-motor-boxer\/#primaryimage"},"thumbnailUrl":"https:\/\/autofans.com.ar\/wp-content\/uploads\/2023\/06\/foto-3-33.jpg","datePublished":"2023-06-26T17:26:07+00:00","dateModified":"2023-06-26T22:33:58+00:00","author":{"@id":"https:\/\/autofans.com.ar\/#\/schema\/person\/4a8dda0b6df83ac3d6723e921274c2aa"},"description":"BMW Motorrad confirma el lanzamiento de la R 1300 GS y celebra un hito importante en su historia con la producci\u00f3n de la GS n\u00famero un mill\u00f3n.","breadcrumb":{"@id":"https:\/\/autofans.com.ar\/index.php\/2023\/06\/26\/bmw-motorrad-presenta-la-esperada-r-1300-gs-con-motor-boxer\/#breadcrumb"},"inLanguage":"es","potentialAction":[{"@type":"ReadAction","target":["https:\/\/autofans.com.ar\/index.php\/2023\/06\/26\/bmw-motorrad-presenta-la-esperada-r-1300-gs-con-motor-boxer\/"]}]},{"@type":"ImageObject","inLanguage":"es","@id":"https:\/\/autofans.com.ar\/index.php\/2023\/06\/26\/bmw-motorrad-presenta-la-esperada-r-1300-gs-con-motor-boxer\/#primaryimage","url":"https:\/\/autofans.com.ar\/wp-content\/uploads\/2023\/06\/foto-3-33.jpg","contentUrl":"https:\/\/autofans.com.ar\/wp-content\/uploads\/2023\/06\/foto-3-33.jpg","width":1000,"height":667,"caption":"R 1300 GS"},{"@type":"BreadcrumbList","@id":"https:\/\/autofans.com.ar\/index.php\/2023\/06\/26\/bmw-motorrad-presenta-la-esperada-r-1300-gs-con-motor-boxer\/#breadcrumb","itemListElement":[{"@type":"ListItem","position":1,"name":"Inicio","item":"https:\/\/autofans.com.ar\/"},{"@type":"ListItem","position":2,"name":"BMW Motorrad presenta la esperada R 1300 GS con motor b\u00f3xer"}]},{"@type":"WebSite","@id":"https:\/\/autofans.com.ar\/#website","url":"https:\/\/autofans.com.ar\/","name":"","description":"El multimedio referente de la industria automotriz","potentialAction":[{"@type":"SearchAction","target":{"@type":"EntryPoint","urlTemplate":"https:\/\/autofans.com.ar\/?s={search_term_string}"},"query-input":{"@type":"PropertyValueSpecification","valueRequired":true,"valueName":"search_term_string"}}],"inLanguage":"es"},{"@type":"Person","@id":"https:\/\/autofans.com.ar\/#\/schema\/person\/4a8dda0b6df83ac3d6723e921274c2aa","name":"Alejandro Gabriel Rosito","image":{"@type":"ImageObject","inLanguage":"es","@id":"https:\/\/secure.gravatar.com\/avatar\/16c5dda1489adfc62618084dcbb91cffd879c374b13fe5dd8e44ed6733852c88?s=96&d=mm&r=g","url":"https:\/\/secure.gravatar.com\/avatar\/16c5dda1489adfc62618084dcbb91cffd879c374b13fe5dd8e44ed6733852c88?s=96&d=mm&r=g","contentUrl":"https:\/\/secure.gravatar.com\/avatar\/16c5dda1489adfc62618084dcbb91cffd879c374b13fe5dd8e44ed6733852c88?s=96&d=mm&r=g","caption":"Alejandro Gabriel Rosito"},"url":"https:\/\/autofans.com.ar\/index.php\/author\/gabrielr\/"}]}},"featured_image_urls":{"full":["https:\/\/autofans.com.ar\/wp-content\/uploads\/2023\/06\/foto-3-33.jpg",1000,667,false],"thumbnail":["https:\/\/autofans.com.ar\/wp-content\/uploads\/2023\/06\/foto-3-33-150x150.jpg",150,150,true],"medium":["https:\/\/autofans.com.ar\/wp-content\/uploads\/2023\/06\/foto-3-33-300x200.jpg",300,200,true],"medium_large":["https:\/\/autofans.com.ar\/wp-content\/uploads\/2023\/06\/foto-3-33-768x512.jpg",640,427,true],"large":["https:\/\/autofans.com.ar\/wp-content\/uploads\/2023\/06\/foto-3-33.jpg",640,427,false],"1536x1536":["https:\/\/autofans.com.ar\/wp-content\/uploads\/2023\/06\/foto-3-33.jpg",1000,667,false],"2048x2048":["https:\/\/autofans.com.ar\/wp-content\/uploads\/2023\/06\/foto-3-33.jpg",1000,667,false],"covernews-featured":["https:\/\/autofans.com.ar\/wp-content\/uploads\/2023\/06\/foto-3-33.jpg",1000,667,false],"covernews-medium":["https:\/\/autofans.com.ar\/wp-content\/uploads\/2023\/06\/foto-3-33-540x340.jpg",540,340,true]},"author_info":{"display_name":"Alejandro Gabriel Rosito","author_link":"https:\/\/autofans.com.ar\/index.php\/author\/gabrielr\/"},"category_info":"<a href=\"https:\/\/autofans.com.ar\/index.php\/category\/lanzamientos\/\" rel=\"category tag\">LANZAMIENTOS<\/a> <a href=\"https:\/\/autofans.com.ar\/index.php\/category\/noticias\/motos\/\" rel=\"category tag\">MOTOS<\/a>","tag_info":"MOTOS","comment_count":0,"_links":{"self":[{"href":"https:\/\/autofans.com.ar\/index.php\/wp-json\/wp\/v2\/posts\/3513","targetHints":{"allow":["GET"]}}],"collection":[{"href":"https:\/\/autofans.com.ar\/index.php\/wp-json\/wp\/v2\/posts"}],"about":[{"href":"https:\/\/autofans.com.ar\/index.php\/wp-json\/wp\/v2\/types\/post"}],"author":[{"embeddable":true,"href":"https:\/\/autofans.com.ar\/index.php\/wp-json\/wp\/v2\/users\/2"}],"replies":[{"embeddable":true,"href":"https:\/\/autofans.com.ar\/index.php\/wp-json\/wp\/v2\/comments?post=3513"}],"version-history":[{"count":5,"href":"https:\/\/autofans.com.ar\/index.php\/wp-json\/wp\/v2\/posts\/3513\/revisions"}],"predecessor-version":[{"id":3521,"href":"https:\/\/autofans.com.ar\/index.php\/wp-json\/wp\/v2\/posts\/3513\/revisions\/3521"}],"wp:featuredmedia":[{"embeddable":true,"href":"https:\/\/autofans.com.ar\/index.php\/wp-json\/wp\/v2\/media\/3540"}],"wp:attachment":[{"href":"https:\/\/autofans.com.ar\/index.php\/wp-json\/wp\/v2\/media?parent=3513"}],"wp:term":[{"taxonomy":"category","embeddable":true,"href":"https:\/\/autofans.com.ar\/index.php\/wp-json\/wp\/v2\/categories?post=3513"},{"taxonomy":"post_tag","embeddable":true,"href":"https:\/\/autofans.com.ar\/index.php\/wp-json\/wp\/v2\/tags?post=3513"}],"curies":[{"name":"wp","href":"https:\/\/api.w.org\/{rel}","templated":true}]}}