{"id":3522,"date":"2023-06-27T13:13:16","date_gmt":"2023-06-27T16:13:16","guid":{"rendered":"https:\/\/autofans.com.ar\/?p=3522"},"modified":"2023-06-27T13:13:16","modified_gmt":"2023-06-27T16:13:16","slug":"bosch-argentina-presenta-mecanico-pro-para-talleres-mecanicos","status":"publish","type":"post","link":"https:\/\/autofans.com.ar\/index.php\/2023\/06\/27\/bosch-argentina-presenta-mecanico-pro-para-talleres-mecanicos\/","title":{"rendered":"Bosch Argentina presenta Mec\u00e1nico Pro,  para talleres mec\u00e1nicos"},"content":{"rendered":"<p>Bosch Argentina, una de las principales compa\u00f1\u00edas de tecnolog\u00eda y servicios para la movilidad, ha lanzado una innovadora plataforma destinada a brindar soporte t\u00e9cnico y soluciones especializadas a mec\u00e1nicos y talleres de todo el pa\u00eds. Con el nombre de Mec\u00e1nico Pro, esta herramienta digital se convierte en la fuente de informaci\u00f3n t\u00e9cnica m\u00e1s confiable y actualizada para los profesionales del sector automotor.<\/p>\n<p>&nbsp;<\/p>\n<h2>la Biblioteca T\u00e9cnica Virtual de Bosch que revoluciona el sector automotriz<\/h2>\n<p>La plataforma Mec\u00e1nico Pro, desarrollada por Bosch en colaboraci\u00f3n con el Centro de Capacitaciones de la compa\u00f1\u00eda, proporciona a los usuarios acceso las 24 horas del d\u00eda a una Biblioteca T\u00e9cnica Virtual. Esta biblioteca incluye informaci\u00f3n detallada sobre una amplia gama de veh\u00edculos, desde livianos hasta pesados, as\u00ed como conceptos de red.<\/p>\n<p>\u00bfQu\u00e9 hace a Mec\u00e1nico Pro tan especial? Adem\u00e1s de brindar informaci\u00f3n t\u00e9cnica precisa y actualizada, la plataforma ofrece una variedad de formatos de contenido, como folletos, e-books y videos instructivos. Los usuarios podr\u00e1n acceder a diagramas el\u00e9ctricos y se\u00f1ales, consejos t\u00e9cnicos, documentos sobre fallas comunes y sus soluciones, as\u00ed como videos explicativos, entre otros recursos.<\/p>\n<p>Mec\u00e1nico Pro tambi\u00e9n cuenta con una funci\u00f3n de chat en l\u00ednea que permite a los t\u00e9cnicos realizar consultas directas con los asesores t\u00e9cnicos de Bosch de lunes a viernes, de 8 a 17 hs. Esta herramienta garantiza una respuesta r\u00e1pida y precisa a cualquier inquietud relacionada con diagn\u00f3sticos o reparaciones.<\/p>\n<p>&nbsp;<\/p>\n<p><img fetchpriority=\"high\" decoding=\"async\" class=\"aligncenter wp-image-3523 size-full\" src=\"https:\/\/autofans.com.ar\/wp-content\/uploads\/2023\/06\/foto-2-42.jpg\" alt=\"boch\" width=\"1000\" height=\"667\" srcset=\"https:\/\/autofans.com.ar\/wp-content\/uploads\/2023\/06\/foto-2-42.jpg 1000w, https:\/\/autofans.com.ar\/wp-content\/uploads\/2023\/06\/foto-2-42-300x200.jpg 300w, https:\/\/autofans.com.ar\/wp-content\/uploads\/2023\/06\/foto-2-42-768x512.jpg 768w\" sizes=\"(max-width: 1000px) 100vw, 1000px\" \/><\/p>\n<blockquote>\n<p style=\"text-align: center;\">\u00abInvestigaci\u00f3n y desarrollo son parte integral del ADN de Bosch Argentina. Estamos comprometidos en evolucionar al ritmo de la industria automotriz, manteni\u00e9ndonos actualizados sobre las novedades, modificaciones y renovaciones que las compa\u00f1\u00edas realizan en sus veh\u00edculos\u00bb, afirm\u00f3 Inivaldo Souza Filho, Gerente General de Bosch Automotive Aftermarket Argentina. \u00abCon Mec\u00e1nico Pro, nuestra meta es transferir nuestro conocimiento a cada uno de los profesionales que trabajan con nosotros, brind\u00e1ndoles datos precisos para que puedan ofrecer un servicio de calidad que cumpla con las expectativas de los clientes\u00bb, agreg\u00f3.<\/p>\n<\/blockquote>\n<p>Si eres un mec\u00e1nico o due\u00f1o de taller, no pierdas la oportunidad de explorar esta plataforma l\u00edder en el sector automotor. Obt\u00e9n acceso a informaci\u00f3n t\u00e9cnica actualizada y de calidad, y mantente al d\u00eda con los \u00faltimos avances en tecnolog\u00eda automotriz. Visita el sitio web de Mec\u00e1nico Pro en <a href=\"http:\/\/www.mecanicopro.com.ar\/\" target=\"_new\" rel=\"noopener\">www.mecanicopro.com.ar<\/a> para obtener m\u00e1s informaci\u00f3n.<\/p>\n<h2>Acerca de Bosch Argentina<\/h2>\n<p>Con una trayectoria de m\u00e1s de 100 a\u00f1os en Argentina, Bosch se ha posicionado como un referente en la industria automotriz y de tecnolog\u00eda. El Grupo Bosch en Argentina emplea a m\u00e1s de 200 colaboradores y comercializa una amplia gama de productos a trav\u00e9s de sus unidades de ventas Automotive Aftermarket, Herramientas El\u00e9ctricas, Building Technologies y Termotecnolog\u00eda. Adem\u00e1s, cuenta con una unidad fabril, Bosch Rexroth S.A.I.C., ubicada en la localidad de Carapachay.<\/p>\n<p>&nbsp;<\/p>\n<p><i>Para enterarte de m\u00e1s novedades, no dejes de leer\u00a0<\/i><a href=\"https:\/\/autofans.thebrandsoup.com\/\"><i>nuestras notas<\/i><\/a><i>, de ver<\/i><b><i>\u00a0<\/i><\/b><a href=\"https:\/\/www.youtube.com\/channel\/UCgAC8UGHZYbT6P7PpmVnP7g\"><b><i>AUTOFANS TV<\/i><\/b><\/a><b><i>\u00a0<\/i><\/b><i>en nuestro\u00a0canal de Youtube. Adem\u00e1s seguinos en\u00a0<\/i><a href=\"https:\/\/www.instagram.com\/autofanstv\/\"><i>INSTAGRAM<\/i><\/a><i> y <\/i><a href=\"https:\/\/www.facebook.com\/autofansmas\/\"><i>FACEBOOK<\/i><\/a><i> para no perderte nada sobre las novedades del segmento automotor de Argentina y el mundo. <\/i><\/p>\n","protected":false},"excerpt":{"rendered":"<p>Bosch Argentina, una de las principales compa\u00f1\u00edas de tecnolog\u00eda y servicios para la movilidad, ha&#8230;<\/p>\n","protected":false},"author":2,"featured_media":3524,"comment_status":"closed","ping_status":"closed","sticky":false,"template":"","format":"standard","meta":{"footnotes":""},"categories":[6,16],"tags":[1710,1712,1709,1713,1711,1714,1687],"class_list":["post-3522","post","type-post","status-publish","format-standard","has-post-thumbnail","hentry","category-bizstyle","category-noticias","tag-boschargentina","tag-informaciontecnicaactualizada","tag-mecanicopro","tag-plataformadigital","tag-serviciosparamecanicos","tag-solucionesparaprofesionalesdelamecanica","tag-tecnologiaautomotriz"],"yoast_head":"<!-- This site is optimized with the Yoast SEO plugin v27.5 - https:\/\/yoast.com\/product\/yoast-seo-wordpress\/ -->\n<title>Bosch Argentina presenta Mec\u00e1nico Pro, para talleres mec\u00e1nicos -<\/title>\n<meta name=\"description\" content=\"Bosch Argentina una de las principales compa\u00f1\u00edas de tecnolog\u00eda y servicios para la movilidad, ha lanzado una plataforma para brindar soporte.\" \/>\n<meta name=\"robots\" content=\"index, follow, max-snippet:-1, max-image-preview:large, max-video-preview:-1\" \/>\n<link rel=\"canonical\" href=\"https:\/\/autofans.com.ar\/index.php\/2023\/06\/27\/bosch-argentina-presenta-mecanico-pro-para-talleres-mecanicos\/\" \/>\n<meta property=\"og:locale\" content=\"es_ES\" \/>\n<meta property=\"og:type\" content=\"article\" \/>\n<meta property=\"og:title\" content=\"Bosch Argentina presenta Mec\u00e1nico Pro, para talleres mec\u00e1nicos -\" \/>\n<meta property=\"og:description\" content=\"Bosch Argentina una de las principales compa\u00f1\u00edas de tecnolog\u00eda y servicios para la movilidad, ha lanzado una plataforma para brindar soporte.\" \/>\n<meta property=\"og:url\" content=\"https:\/\/autofans.com.ar\/index.php\/2023\/06\/27\/bosch-argentina-presenta-mecanico-pro-para-talleres-mecanicos\/\" \/>\n<meta property=\"article:published_time\" content=\"2023-06-27T16:13:16+00:00\" \/>\n<meta property=\"og:image\" content=\"https:\/\/autofans.com.ar\/wp-content\/uploads\/2023\/06\/foto-1-42.jpg\" \/>\n\t<meta property=\"og:image:width\" content=\"1000\" \/>\n\t<meta property=\"og:image:height\" content=\"667\" \/>\n\t<meta property=\"og:image:type\" content=\"image\/jpeg\" \/>\n<meta name=\"author\" content=\"Alejandro Gabriel Rosito\" \/>\n<meta name=\"twitter:card\" content=\"summary_large_image\" \/>\n<meta name=\"twitter:label1\" content=\"Escrito por\" \/>\n\t<meta name=\"twitter:data1\" content=\"Alejandro Gabriel Rosito\" \/>\n\t<meta name=\"twitter:label2\" content=\"Tiempo de lectura\" \/>\n\t<meta name=\"twitter:data2\" content=\"3 minutos\" \/>\n<script type=\"application\/ld+json\" class=\"yoast-schema-graph\">{\"@context\":\"https:\\\/\\\/schema.org\",\"@graph\":[{\"@type\":\"Article\",\"@id\":\"https:\\\/\\\/autofans.com.ar\\\/index.php\\\/2023\\\/06\\\/27\\\/bosch-argentina-presenta-mecanico-pro-para-talleres-mecanicos\\\/#article\",\"isPartOf\":{\"@id\":\"https:\\\/\\\/autofans.com.ar\\\/index.php\\\/2023\\\/06\\\/27\\\/bosch-argentina-presenta-mecanico-pro-para-talleres-mecanicos\\\/\"},\"author\":{\"name\":\"Alejandro Gabriel Rosito\",\"@id\":\"https:\\\/\\\/autofans.com.ar\\\/#\\\/schema\\\/person\\\/4a8dda0b6df83ac3d6723e921274c2aa\"},\"headline\":\"Bosch Argentina presenta Mec\u00e1nico Pro, para talleres mec\u00e1nicos\",\"datePublished\":\"2023-06-27T16:13:16+00:00\",\"mainEntityOfPage\":{\"@id\":\"https:\\\/\\\/autofans.com.ar\\\/index.php\\\/2023\\\/06\\\/27\\\/bosch-argentina-presenta-mecanico-pro-para-talleres-mecanicos\\\/\"},\"wordCount\":561,\"image\":{\"@id\":\"https:\\\/\\\/autofans.com.ar\\\/index.php\\\/2023\\\/06\\\/27\\\/bosch-argentina-presenta-mecanico-pro-para-talleres-mecanicos\\\/#primaryimage\"},\"thumbnailUrl\":\"https:\\\/\\\/autofans.com.ar\\\/wp-content\\\/uploads\\\/2023\\\/06\\\/foto-1-42.jpg\",\"keywords\":[\"BoschArgentina\",\"Informaci\u00f3nT\u00e9cnicaActualizada\",\"Mec\u00e1nicoPro\",\"PlataformaDigital\",\"ServiciosParaMec\u00e1nicos\",\"SolucionesParaProfesionalesDeLaMec\u00e1nica\",\"tecnolog\u00edaautomotriz\"],\"articleSection\":[\"BIZSTYLE\",\"NOTICIAS\"],\"inLanguage\":\"es\"},{\"@type\":\"WebPage\",\"@id\":\"https:\\\/\\\/autofans.com.ar\\\/index.php\\\/2023\\\/06\\\/27\\\/bosch-argentina-presenta-mecanico-pro-para-talleres-mecanicos\\\/\",\"url\":\"https:\\\/\\\/autofans.com.ar\\\/index.php\\\/2023\\\/06\\\/27\\\/bosch-argentina-presenta-mecanico-pro-para-talleres-mecanicos\\\/\",\"name\":\"Bosch Argentina presenta Mec\u00e1nico Pro, para talleres mec\u00e1nicos -\",\"isPartOf\":{\"@id\":\"https:\\\/\\\/autofans.com.ar\\\/#website\"},\"primaryImageOfPage\":{\"@id\":\"https:\\\/\\\/autofans.com.ar\\\/index.php\\\/2023\\\/06\\\/27\\\/bosch-argentina-presenta-mecanico-pro-para-talleres-mecanicos\\\/#primaryimage\"},\"image\":{\"@id\":\"https:\\\/\\\/autofans.com.ar\\\/index.php\\\/2023\\\/06\\\/27\\\/bosch-argentina-presenta-mecanico-pro-para-talleres-mecanicos\\\/#primaryimage\"},\"thumbnailUrl\":\"https:\\\/\\\/autofans.com.ar\\\/wp-content\\\/uploads\\\/2023\\\/06\\\/foto-1-42.jpg\",\"datePublished\":\"2023-06-27T16:13:16+00:00\",\"author\":{\"@id\":\"https:\\\/\\\/autofans.com.ar\\\/#\\\/schema\\\/person\\\/4a8dda0b6df83ac3d6723e921274c2aa\"},\"description\":\"Bosch Argentina una de las principales compa\u00f1\u00edas de tecnolog\u00eda y servicios para la movilidad, ha lanzado una plataforma para brindar soporte.\",\"breadcrumb\":{\"@id\":\"https:\\\/\\\/autofans.com.ar\\\/index.php\\\/2023\\\/06\\\/27\\\/bosch-argentina-presenta-mecanico-pro-para-talleres-mecanicos\\\/#breadcrumb\"},\"inLanguage\":\"es\",\"potentialAction\":[{\"@type\":\"ReadAction\",\"target\":[\"https:\\\/\\\/autofans.com.ar\\\/index.php\\\/2023\\\/06\\\/27\\\/bosch-argentina-presenta-mecanico-pro-para-talleres-mecanicos\\\/\"]}]},{\"@type\":\"ImageObject\",\"inLanguage\":\"es\",\"@id\":\"https:\\\/\\\/autofans.com.ar\\\/index.php\\\/2023\\\/06\\\/27\\\/bosch-argentina-presenta-mecanico-pro-para-talleres-mecanicos\\\/#primaryimage\",\"url\":\"https:\\\/\\\/autofans.com.ar\\\/wp-content\\\/uploads\\\/2023\\\/06\\\/foto-1-42.jpg\",\"contentUrl\":\"https:\\\/\\\/autofans.com.ar\\\/wp-content\\\/uploads\\\/2023\\\/06\\\/foto-1-42.jpg\",\"width\":1000,\"height\":667,\"caption\":\"boch\"},{\"@type\":\"BreadcrumbList\",\"@id\":\"https:\\\/\\\/autofans.com.ar\\\/index.php\\\/2023\\\/06\\\/27\\\/bosch-argentina-presenta-mecanico-pro-para-talleres-mecanicos\\\/#breadcrumb\",\"itemListElement\":[{\"@type\":\"ListItem\",\"position\":1,\"name\":\"Inicio\",\"item\":\"https:\\\/\\\/autofans.com.ar\\\/\"},{\"@type\":\"ListItem\",\"position\":2,\"name\":\"Bosch Argentina presenta Mec\u00e1nico Pro, para talleres mec\u00e1nicos\"}]},{\"@type\":\"WebSite\",\"@id\":\"https:\\\/\\\/autofans.com.ar\\\/#website\",\"url\":\"https:\\\/\\\/autofans.com.ar\\\/\",\"name\":\"\",\"description\":\"El multimedio referente de la industria automotriz\",\"potentialAction\":[{\"@type\":\"SearchAction\",\"target\":{\"@type\":\"EntryPoint\",\"urlTemplate\":\"https:\\\/\\\/autofans.com.ar\\\/?s={search_term_string}\"},\"query-input\":{\"@type\":\"PropertyValueSpecification\",\"valueRequired\":true,\"valueName\":\"search_term_string\"}}],\"inLanguage\":\"es\"},{\"@type\":\"Person\",\"@id\":\"https:\\\/\\\/autofans.com.ar\\\/#\\\/schema\\\/person\\\/4a8dda0b6df83ac3d6723e921274c2aa\",\"name\":\"Alejandro Gabriel Rosito\",\"image\":{\"@type\":\"ImageObject\",\"inLanguage\":\"es\",\"@id\":\"https:\\\/\\\/secure.gravatar.com\\\/avatar\\\/16c5dda1489adfc62618084dcbb91cffd879c374b13fe5dd8e44ed6733852c88?s=96&d=mm&r=g\",\"url\":\"https:\\\/\\\/secure.gravatar.com\\\/avatar\\\/16c5dda1489adfc62618084dcbb91cffd879c374b13fe5dd8e44ed6733852c88?s=96&d=mm&r=g\",\"contentUrl\":\"https:\\\/\\\/secure.gravatar.com\\\/avatar\\\/16c5dda1489adfc62618084dcbb91cffd879c374b13fe5dd8e44ed6733852c88?s=96&d=mm&r=g\",\"caption\":\"Alejandro Gabriel Rosito\"},\"url\":\"https:\\\/\\\/autofans.com.ar\\\/index.php\\\/author\\\/gabrielr\\\/\"}]}<\/script>\n<!-- \/ Yoast SEO plugin. -->","yoast_head_json":{"title":"Bosch Argentina presenta Mec\u00e1nico Pro, para talleres mec\u00e1nicos -","description":"Bosch Argentina una de las principales compa\u00f1\u00edas de tecnolog\u00eda y servicios para la movilidad, ha lanzado una plataforma para brindar soporte.","robots":{"index":"index","follow":"follow","max-snippet":"max-snippet:-1","max-image-preview":"max-image-preview:large","max-video-preview":"max-video-preview:-1"},"canonical":"https:\/\/autofans.com.ar\/index.php\/2023\/06\/27\/bosch-argentina-presenta-mecanico-pro-para-talleres-mecanicos\/","og_locale":"es_ES","og_type":"article","og_title":"Bosch Argentina presenta Mec\u00e1nico Pro, para talleres mec\u00e1nicos -","og_description":"Bosch Argentina una de las principales compa\u00f1\u00edas de tecnolog\u00eda y servicios para la movilidad, ha lanzado una plataforma para brindar soporte.","og_url":"https:\/\/autofans.com.ar\/index.php\/2023\/06\/27\/bosch-argentina-presenta-mecanico-pro-para-talleres-mecanicos\/","article_published_time":"2023-06-27T16:13:16+00:00","og_image":[{"width":1000,"height":667,"url":"https:\/\/autofans.com.ar\/wp-content\/uploads\/2023\/06\/foto-1-42.jpg","type":"image\/jpeg"}],"author":"Alejandro Gabriel Rosito","twitter_card":"summary_large_image","twitter_misc":{"Escrito por":"Alejandro Gabriel Rosito","Tiempo de lectura":"3 minutos"},"schema":{"@context":"https:\/\/schema.org","@graph":[{"@type":"Article","@id":"https:\/\/autofans.com.ar\/index.php\/2023\/06\/27\/bosch-argentina-presenta-mecanico-pro-para-talleres-mecanicos\/#article","isPartOf":{"@id":"https:\/\/autofans.com.ar\/index.php\/2023\/06\/27\/bosch-argentina-presenta-mecanico-pro-para-talleres-mecanicos\/"},"author":{"name":"Alejandro Gabriel Rosito","@id":"https:\/\/autofans.com.ar\/#\/schema\/person\/4a8dda0b6df83ac3d6723e921274c2aa"},"headline":"Bosch Argentina presenta Mec\u00e1nico Pro, para talleres mec\u00e1nicos","datePublished":"2023-06-27T16:13:16+00:00","mainEntityOfPage":{"@id":"https:\/\/autofans.com.ar\/index.php\/2023\/06\/27\/bosch-argentina-presenta-mecanico-pro-para-talleres-mecanicos\/"},"wordCount":561,"image":{"@id":"https:\/\/autofans.com.ar\/index.php\/2023\/06\/27\/bosch-argentina-presenta-mecanico-pro-para-talleres-mecanicos\/#primaryimage"},"thumbnailUrl":"https:\/\/autofans.com.ar\/wp-content\/uploads\/2023\/06\/foto-1-42.jpg","keywords":["BoschArgentina","Informaci\u00f3nT\u00e9cnicaActualizada","Mec\u00e1nicoPro","PlataformaDigital","ServiciosParaMec\u00e1nicos","SolucionesParaProfesionalesDeLaMec\u00e1nica","tecnolog\u00edaautomotriz"],"articleSection":["BIZSTYLE","NOTICIAS"],"inLanguage":"es"},{"@type":"WebPage","@id":"https:\/\/autofans.com.ar\/index.php\/2023\/06\/27\/bosch-argentina-presenta-mecanico-pro-para-talleres-mecanicos\/","url":"https:\/\/autofans.com.ar\/index.php\/2023\/06\/27\/bosch-argentina-presenta-mecanico-pro-para-talleres-mecanicos\/","name":"Bosch Argentina presenta Mec\u00e1nico Pro, para talleres mec\u00e1nicos -","isPartOf":{"@id":"https:\/\/autofans.com.ar\/#website"},"primaryImageOfPage":{"@id":"https:\/\/autofans.com.ar\/index.php\/2023\/06\/27\/bosch-argentina-presenta-mecanico-pro-para-talleres-mecanicos\/#primaryimage"},"image":{"@id":"https:\/\/autofans.com.ar\/index.php\/2023\/06\/27\/bosch-argentina-presenta-mecanico-pro-para-talleres-mecanicos\/#primaryimage"},"thumbnailUrl":"https:\/\/autofans.com.ar\/wp-content\/uploads\/2023\/06\/foto-1-42.jpg","datePublished":"2023-06-27T16:13:16+00:00","author":{"@id":"https:\/\/autofans.com.ar\/#\/schema\/person\/4a8dda0b6df83ac3d6723e921274c2aa"},"description":"Bosch Argentina una de las principales compa\u00f1\u00edas de tecnolog\u00eda y servicios para la movilidad, ha lanzado una plataforma para brindar soporte.","breadcrumb":{"@id":"https:\/\/autofans.com.ar\/index.php\/2023\/06\/27\/bosch-argentina-presenta-mecanico-pro-para-talleres-mecanicos\/#breadcrumb"},"inLanguage":"es","potentialAction":[{"@type":"ReadAction","target":["https:\/\/autofans.com.ar\/index.php\/2023\/06\/27\/bosch-argentina-presenta-mecanico-pro-para-talleres-mecanicos\/"]}]},{"@type":"ImageObject","inLanguage":"es","@id":"https:\/\/autofans.com.ar\/index.php\/2023\/06\/27\/bosch-argentina-presenta-mecanico-pro-para-talleres-mecanicos\/#primaryimage","url":"https:\/\/autofans.com.ar\/wp-content\/uploads\/2023\/06\/foto-1-42.jpg","contentUrl":"https:\/\/autofans.com.ar\/wp-content\/uploads\/2023\/06\/foto-1-42.jpg","width":1000,"height":667,"caption":"boch"},{"@type":"BreadcrumbList","@id":"https:\/\/autofans.com.ar\/index.php\/2023\/06\/27\/bosch-argentina-presenta-mecanico-pro-para-talleres-mecanicos\/#breadcrumb","itemListElement":[{"@type":"ListItem","position":1,"name":"Inicio","item":"https:\/\/autofans.com.ar\/"},{"@type":"ListItem","position":2,"name":"Bosch Argentina presenta Mec\u00e1nico Pro, para talleres mec\u00e1nicos"}]},{"@type":"WebSite","@id":"https:\/\/autofans.com.ar\/#website","url":"https:\/\/autofans.com.ar\/","name":"","description":"El multimedio referente de la industria automotriz","potentialAction":[{"@type":"SearchAction","target":{"@type":"EntryPoint","urlTemplate":"https:\/\/autofans.com.ar\/?s={search_term_string}"},"query-input":{"@type":"PropertyValueSpecification","valueRequired":true,"valueName":"search_term_string"}}],"inLanguage":"es"},{"@type":"Person","@id":"https:\/\/autofans.com.ar\/#\/schema\/person\/4a8dda0b6df83ac3d6723e921274c2aa","name":"Alejandro Gabriel Rosito","image":{"@type":"ImageObject","inLanguage":"es","@id":"https:\/\/secure.gravatar.com\/avatar\/16c5dda1489adfc62618084dcbb91cffd879c374b13fe5dd8e44ed6733852c88?s=96&d=mm&r=g","url":"https:\/\/secure.gravatar.com\/avatar\/16c5dda1489adfc62618084dcbb91cffd879c374b13fe5dd8e44ed6733852c88?s=96&d=mm&r=g","contentUrl":"https:\/\/secure.gravatar.com\/avatar\/16c5dda1489adfc62618084dcbb91cffd879c374b13fe5dd8e44ed6733852c88?s=96&d=mm&r=g","caption":"Alejandro Gabriel Rosito"},"url":"https:\/\/autofans.com.ar\/index.php\/author\/gabrielr\/"}]}},"featured_image_urls":{"full":["https:\/\/autofans.com.ar\/wp-content\/uploads\/2023\/06\/foto-1-42.jpg",1000,667,false],"thumbnail":["https:\/\/autofans.com.ar\/wp-content\/uploads\/2023\/06\/foto-1-42-150x150.jpg",150,150,true],"medium":["https:\/\/autofans.com.ar\/wp-content\/uploads\/2023\/06\/foto-1-42-300x200.jpg",300,200,true],"medium_large":["https:\/\/autofans.com.ar\/wp-content\/uploads\/2023\/06\/foto-1-42-768x512.jpg",640,427,true],"large":["https:\/\/autofans.com.ar\/wp-content\/uploads\/2023\/06\/foto-1-42.jpg",640,427,false],"1536x1536":["https:\/\/autofans.com.ar\/wp-content\/uploads\/2023\/06\/foto-1-42.jpg",1000,667,false],"2048x2048":["https:\/\/autofans.com.ar\/wp-content\/uploads\/2023\/06\/foto-1-42.jpg",1000,667,false],"covernews-featured":["https:\/\/autofans.com.ar\/wp-content\/uploads\/2023\/06\/foto-1-42.jpg",1000,667,false],"covernews-medium":["https:\/\/autofans.com.ar\/wp-content\/uploads\/2023\/06\/foto-1-42-540x340.jpg",540,340,true]},"author_info":{"display_name":"Alejandro Gabriel Rosito","author_link":"https:\/\/autofans.com.ar\/index.php\/author\/gabrielr\/"},"category_info":"<a href=\"https:\/\/autofans.com.ar\/index.php\/category\/noticias\/bizstyle\/\" rel=\"category tag\">BIZSTYLE<\/a> <a href=\"https:\/\/autofans.com.ar\/index.php\/category\/noticias\/\" rel=\"category tag\">NOTICIAS<\/a>","tag_info":"NOTICIAS","comment_count":0,"_links":{"self":[{"href":"https:\/\/autofans.com.ar\/index.php\/wp-json\/wp\/v2\/posts\/3522","targetHints":{"allow":["GET"]}}],"collection":[{"href":"https:\/\/autofans.com.ar\/index.php\/wp-json\/wp\/v2\/posts"}],"about":[{"href":"https:\/\/autofans.com.ar\/index.php\/wp-json\/wp\/v2\/types\/post"}],"author":[{"embeddable":true,"href":"https:\/\/autofans.com.ar\/index.php\/wp-json\/wp\/v2\/users\/2"}],"replies":[{"embeddable":true,"href":"https:\/\/autofans.com.ar\/index.php\/wp-json\/wp\/v2\/comments?post=3522"}],"version-history":[{"count":3,"href":"https:\/\/autofans.com.ar\/index.php\/wp-json\/wp\/v2\/posts\/3522\/revisions"}],"predecessor-version":[{"id":3527,"href":"https:\/\/autofans.com.ar\/index.php\/wp-json\/wp\/v2\/posts\/3522\/revisions\/3527"}],"wp:featuredmedia":[{"embeddable":true,"href":"https:\/\/autofans.com.ar\/index.php\/wp-json\/wp\/v2\/media\/3524"}],"wp:attachment":[{"href":"https:\/\/autofans.com.ar\/index.php\/wp-json\/wp\/v2\/media?parent=3522"}],"wp:term":[{"taxonomy":"category","embeddable":true,"href":"https:\/\/autofans.com.ar\/index.php\/wp-json\/wp\/v2\/categories?post=3522"},{"taxonomy":"post_tag","embeddable":true,"href":"https:\/\/autofans.com.ar\/index.php\/wp-json\/wp\/v2\/tags?post=3522"}],"curies":[{"name":"wp","href":"https:\/\/api.w.org\/{rel}","templated":true}]}}