{"id":3553,"date":"2023-06-27T12:54:32","date_gmt":"2023-06-27T15:54:32","guid":{"rendered":"https:\/\/autofans.com.ar\/?p=3553"},"modified":"2023-06-27T12:54:32","modified_gmt":"2023-06-27T15:54:32","slug":"cobertura-lanzamiento-de-venta-audi-a3-en-argentina","status":"publish","type":"post","link":"https:\/\/autofans.com.ar\/index.php\/2023\/06\/27\/cobertura-lanzamiento-de-venta-audi-a3-en-argentina\/","title":{"rendered":"Cobertura lanzamiento de venta AUDI A3 en Argentina"},"content":{"rendered":"<p>Audi realiz\u00f3 una presentaci\u00f3n para anunciar que la \u00faltima generaci\u00f3n de los modelos A3 Sportback y A3 Sed\u00e1n, que se destacan por su dise\u00f1o deportivo, innovaciones tecnol\u00f3gicas y conectividad avanzada, ya estan a la venta en nuestro pa\u00eds. Para enterarte de todo no te pierdas este clip de nuestro programa de Autofans TV #11<\/p>\n<p>Tampoco nuestra nota web sobre el modelo y sus variantes en <a href=\"https:\/\/autofans.com.ar\/index.php\/2023\/06\/22\/audi-a3-sportback-y-a3-sedan-diseno-compacto-y-funcionalidad-excepcional\/\">este link<\/a><\/p>\n<p>&nbsp;<\/p>\n<p><center><iframe title=\"Cobertura lanzamiento de venta AUDI A3 en Argentina\" width=\"640\" height=\"360\" src=\"https:\/\/www.youtube.com\/embed\/bj22eQxkHzY?feature=oembed\" frameborder=\"0\" allow=\"accelerometer; autoplay; clipboard-write; encrypted-media; gyroscope; picture-in-picture; web-share\" referrerpolicy=\"strict-origin-when-cross-origin\" allowfullscreen><\/iframe><\/p>\n<p style=\"text-align: left;\">Para volver a ver esta emisi\u00f3n, nuestros pr\u00f3ximos lives, streamings y mucho m\u00e1s contenido, suscribite a nuestro canal de YouTube y toc\u00e1 la campanita para recibir notificaciones de nuestras nuevas publicaciones.<\/p>\n<p>&nbsp;<\/p>\n<p style=\"text-align: left;\"><i>Para enterarte de m\u00e1s novedades, no dejes de leer\u00a0<\/i><a href=\"https:\/\/autofans.thebrandsoup.com\/\"><i>nuestras notas<\/i><\/a><i>, de ver<\/i><b><i>\u00a0<\/i><\/b><a href=\"https:\/\/www.youtube.com\/channel\/UCgAC8UGHZYbT6P7PpmVnP7g\"><b><i>AUTOFANS TV<\/i><\/b><\/a><b><i>\u00a0<\/i><\/b><i>en nuestro\u00a0canal de Youtube. Adem\u00e1s seguinos en\u00a0<\/i><a href=\"https:\/\/www.instagram.com\/autofanstv\/\"><i>INSTAGRAM<\/i><\/a><i>\u00a0y\u00a0<\/i><a href=\"https:\/\/www.facebook.com\/autofansmas\/\"><i>FACEBOOK<\/i><\/a><i>\u00a0para no perderte nada sobre las novedades del segmento automotor de Argentina y el mundo.<\/i><\/p>\n<p><\/center><\/p>\n","protected":false},"excerpt":{"rendered":"<p>Audi realiz\u00f3 una presentaci\u00f3n para anunciar que la \u00faltima generaci\u00f3n de los modelos A3 Sportback&#8230;<\/p>\n","protected":false},"author":1,"featured_media":3548,"comment_status":"closed","ping_status":"closed","sticky":false,"template":"","format":"standard","meta":{"footnotes":""},"categories":[1024],"tags":[1731,55,1640,79,89,1042,71,306],"class_list":["post-3553","post","type-post","status-publish","format-standard","has-post-thumbnail","hentry","category-coberturas","tag-audi-a3","tag-audi-argentina","tag-audi-lounge","tag-autofans-tv","tag-cobertura","tag-entrevista","tag-lanzamiento","tag-novedad"],"yoast_head":"<!-- This site is optimized with the Yoast SEO plugin v27.5 - https:\/\/yoast.com\/product\/yoast-seo-wordpress\/ -->\n<title>Cobertura lanzamiento de venta AUDI A3 en Argentina -<\/title>\n<meta name=\"description\" content=\"Audi realiz\u00f3 una presentaci\u00f3n para anunciar que la \u00faltima generaci\u00f3n de los modelos A3 Sportback y A3 Sed\u00e1n ya est\u00e1n a la venta en Argentina\" \/>\n<meta name=\"robots\" content=\"index, follow, max-snippet:-1, max-image-preview:large, max-video-preview:-1\" \/>\n<link rel=\"canonical\" href=\"https:\/\/autofans.com.ar\/index.php\/2023\/06\/27\/cobertura-lanzamiento-de-venta-audi-a3-en-argentina\/\" \/>\n<meta property=\"og:locale\" content=\"es_ES\" \/>\n<meta property=\"og:type\" content=\"article\" \/>\n<meta property=\"og:title\" content=\"Cobertura lanzamiento de venta AUDI A3 en Argentina -\" \/>\n<meta property=\"og:description\" content=\"Audi realiz\u00f3 una presentaci\u00f3n para anunciar que la \u00faltima generaci\u00f3n de los modelos A3 Sportback y A3 Sed\u00e1n ya est\u00e1n a la venta en Argentina\" \/>\n<meta property=\"og:url\" content=\"https:\/\/autofans.com.ar\/index.php\/2023\/06\/27\/cobertura-lanzamiento-de-venta-audi-a3-en-argentina\/\" \/>\n<meta property=\"article:published_time\" content=\"2023-06-27T15:54:32+00:00\" \/>\n<meta property=\"og:image\" content=\"https:\/\/autofans.com.ar\/wp-content\/uploads\/2023\/06\/Caratula-AUDI-A3.jpg\" \/>\n\t<meta property=\"og:image:width\" content=\"1000\" \/>\n\t<meta property=\"og:image:height\" content=\"667\" \/>\n\t<meta property=\"og:image:type\" content=\"image\/jpeg\" \/>\n<meta name=\"author\" content=\"AleCAF\" \/>\n<meta name=\"twitter:card\" content=\"summary_large_image\" \/>\n<meta name=\"twitter:label1\" content=\"Escrito por\" \/>\n\t<meta name=\"twitter:data1\" content=\"AleCAF\" \/>\n<script type=\"application\/ld+json\" class=\"yoast-schema-graph\">{\"@context\":\"https:\\\/\\\/schema.org\",\"@graph\":[{\"@type\":\"Article\",\"@id\":\"https:\\\/\\\/autofans.com.ar\\\/index.php\\\/2023\\\/06\\\/27\\\/cobertura-lanzamiento-de-venta-audi-a3-en-argentina\\\/#article\",\"isPartOf\":{\"@id\":\"https:\\\/\\\/autofans.com.ar\\\/index.php\\\/2023\\\/06\\\/27\\\/cobertura-lanzamiento-de-venta-audi-a3-en-argentina\\\/\"},\"author\":{\"name\":\"AleCAF\",\"@id\":\"https:\\\/\\\/autofans.com.ar\\\/#\\\/schema\\\/person\\\/4f260a29da3cfebb7f29121591a73481\"},\"headline\":\"Cobertura lanzamiento de venta AUDI A3 en Argentina\",\"datePublished\":\"2023-06-27T15:54:32+00:00\",\"mainEntityOfPage\":{\"@id\":\"https:\\\/\\\/autofans.com.ar\\\/index.php\\\/2023\\\/06\\\/27\\\/cobertura-lanzamiento-de-venta-audi-a3-en-argentina\\\/\"},\"wordCount\":166,\"image\":{\"@id\":\"https:\\\/\\\/autofans.com.ar\\\/index.php\\\/2023\\\/06\\\/27\\\/cobertura-lanzamiento-de-venta-audi-a3-en-argentina\\\/#primaryimage\"},\"thumbnailUrl\":\"https:\\\/\\\/autofans.com.ar\\\/wp-content\\\/uploads\\\/2023\\\/06\\\/Caratula-AUDI-A3.jpg\",\"keywords\":[\"Audi A3\",\"Audi Argentina\",\"Audi Lounge\",\"AutoFans TV\",\"Cobertura\",\"entrevista\",\"Lanzamiento\",\"Novedad\"],\"articleSection\":[\"Coberturas 2023\"],\"inLanguage\":\"es\"},{\"@type\":\"WebPage\",\"@id\":\"https:\\\/\\\/autofans.com.ar\\\/index.php\\\/2023\\\/06\\\/27\\\/cobertura-lanzamiento-de-venta-audi-a3-en-argentina\\\/\",\"url\":\"https:\\\/\\\/autofans.com.ar\\\/index.php\\\/2023\\\/06\\\/27\\\/cobertura-lanzamiento-de-venta-audi-a3-en-argentina\\\/\",\"name\":\"Cobertura lanzamiento de venta AUDI A3 en Argentina -\",\"isPartOf\":{\"@id\":\"https:\\\/\\\/autofans.com.ar\\\/#website\"},\"primaryImageOfPage\":{\"@id\":\"https:\\\/\\\/autofans.com.ar\\\/index.php\\\/2023\\\/06\\\/27\\\/cobertura-lanzamiento-de-venta-audi-a3-en-argentina\\\/#primaryimage\"},\"image\":{\"@id\":\"https:\\\/\\\/autofans.com.ar\\\/index.php\\\/2023\\\/06\\\/27\\\/cobertura-lanzamiento-de-venta-audi-a3-en-argentina\\\/#primaryimage\"},\"thumbnailUrl\":\"https:\\\/\\\/autofans.com.ar\\\/wp-content\\\/uploads\\\/2023\\\/06\\\/Caratula-AUDI-A3.jpg\",\"datePublished\":\"2023-06-27T15:54:32+00:00\",\"author\":{\"@id\":\"https:\\\/\\\/autofans.com.ar\\\/#\\\/schema\\\/person\\\/4f260a29da3cfebb7f29121591a73481\"},\"description\":\"Audi realiz\u00f3 una presentaci\u00f3n para anunciar que la \u00faltima generaci\u00f3n de los modelos A3 Sportback y A3 Sed\u00e1n ya est\u00e1n a la venta en Argentina\",\"breadcrumb\":{\"@id\":\"https:\\\/\\\/autofans.com.ar\\\/index.php\\\/2023\\\/06\\\/27\\\/cobertura-lanzamiento-de-venta-audi-a3-en-argentina\\\/#breadcrumb\"},\"inLanguage\":\"es\",\"potentialAction\":[{\"@type\":\"ReadAction\",\"target\":[\"https:\\\/\\\/autofans.com.ar\\\/index.php\\\/2023\\\/06\\\/27\\\/cobertura-lanzamiento-de-venta-audi-a3-en-argentina\\\/\"]}]},{\"@type\":\"ImageObject\",\"inLanguage\":\"es\",\"@id\":\"https:\\\/\\\/autofans.com.ar\\\/index.php\\\/2023\\\/06\\\/27\\\/cobertura-lanzamiento-de-venta-audi-a3-en-argentina\\\/#primaryimage\",\"url\":\"https:\\\/\\\/autofans.com.ar\\\/wp-content\\\/uploads\\\/2023\\\/06\\\/Caratula-AUDI-A3.jpg\",\"contentUrl\":\"https:\\\/\\\/autofans.com.ar\\\/wp-content\\\/uploads\\\/2023\\\/06\\\/Caratula-AUDI-A3.jpg\",\"width\":1000,\"height\":667,\"caption\":\"AUDI A3 en Argentina\"},{\"@type\":\"BreadcrumbList\",\"@id\":\"https:\\\/\\\/autofans.com.ar\\\/index.php\\\/2023\\\/06\\\/27\\\/cobertura-lanzamiento-de-venta-audi-a3-en-argentina\\\/#breadcrumb\",\"itemListElement\":[{\"@type\":\"ListItem\",\"position\":1,\"name\":\"Inicio\",\"item\":\"https:\\\/\\\/autofans.com.ar\\\/\"},{\"@type\":\"ListItem\",\"position\":2,\"name\":\"Cobertura lanzamiento de venta AUDI A3 en Argentina\"}]},{\"@type\":\"WebSite\",\"@id\":\"https:\\\/\\\/autofans.com.ar\\\/#website\",\"url\":\"https:\\\/\\\/autofans.com.ar\\\/\",\"name\":\"\",\"description\":\"El multimedio referente de la industria automotriz\",\"potentialAction\":[{\"@type\":\"SearchAction\",\"target\":{\"@type\":\"EntryPoint\",\"urlTemplate\":\"https:\\\/\\\/autofans.com.ar\\\/?s={search_term_string}\"},\"query-input\":{\"@type\":\"PropertyValueSpecification\",\"valueRequired\":true,\"valueName\":\"search_term_string\"}}],\"inLanguage\":\"es\"},{\"@type\":\"Person\",\"@id\":\"https:\\\/\\\/autofans.com.ar\\\/#\\\/schema\\\/person\\\/4f260a29da3cfebb7f29121591a73481\",\"name\":\"AleCAF\",\"image\":{\"@type\":\"ImageObject\",\"inLanguage\":\"es\",\"@id\":\"https:\\\/\\\/secure.gravatar.com\\\/avatar\\\/959b1ac26ee9dfc67318763f0a21a739fce256ee110a46fe86a2957f5568f27e?s=96&d=mm&r=g\",\"url\":\"https:\\\/\\\/secure.gravatar.com\\\/avatar\\\/959b1ac26ee9dfc67318763f0a21a739fce256ee110a46fe86a2957f5568f27e?s=96&d=mm&r=g\",\"contentUrl\":\"https:\\\/\\\/secure.gravatar.com\\\/avatar\\\/959b1ac26ee9dfc67318763f0a21a739fce256ee110a46fe86a2957f5568f27e?s=96&d=mm&r=g\",\"caption\":\"AleCAF\"},\"description\":\"Se trata del sitio web del multimedio Autofans, dedicado a informar las novedades y tendencias del segmento automotor nacional e internacional. El multimedio est\u00e1 conformado por Autofans web, Autofans TV (Programa), Youtube, Intagram y Facebook\",\"sameAs\":[\"https:\\\/\\\/autofans.com.ar\"],\"url\":\"https:\\\/\\\/autofans.com.ar\\\/index.php\\\/author\\\/alecampolieto\\\/\"}]}<\/script>\n<!-- \/ Yoast SEO plugin. -->","yoast_head_json":{"title":"Cobertura lanzamiento de venta AUDI A3 en Argentina -","description":"Audi realiz\u00f3 una presentaci\u00f3n para anunciar que la \u00faltima generaci\u00f3n de los modelos A3 Sportback y A3 Sed\u00e1n ya est\u00e1n a la venta en Argentina","robots":{"index":"index","follow":"follow","max-snippet":"max-snippet:-1","max-image-preview":"max-image-preview:large","max-video-preview":"max-video-preview:-1"},"canonical":"https:\/\/autofans.com.ar\/index.php\/2023\/06\/27\/cobertura-lanzamiento-de-venta-audi-a3-en-argentina\/","og_locale":"es_ES","og_type":"article","og_title":"Cobertura lanzamiento de venta AUDI A3 en Argentina -","og_description":"Audi realiz\u00f3 una presentaci\u00f3n para anunciar que la \u00faltima generaci\u00f3n de los modelos A3 Sportback y A3 Sed\u00e1n ya est\u00e1n a la venta en Argentina","og_url":"https:\/\/autofans.com.ar\/index.php\/2023\/06\/27\/cobertura-lanzamiento-de-venta-audi-a3-en-argentina\/","article_published_time":"2023-06-27T15:54:32+00:00","og_image":[{"width":1000,"height":667,"url":"https:\/\/autofans.com.ar\/wp-content\/uploads\/2023\/06\/Caratula-AUDI-A3.jpg","type":"image\/jpeg"}],"author":"AleCAF","twitter_card":"summary_large_image","twitter_misc":{"Escrito por":"AleCAF"},"schema":{"@context":"https:\/\/schema.org","@graph":[{"@type":"Article","@id":"https:\/\/autofans.com.ar\/index.php\/2023\/06\/27\/cobertura-lanzamiento-de-venta-audi-a3-en-argentina\/#article","isPartOf":{"@id":"https:\/\/autofans.com.ar\/index.php\/2023\/06\/27\/cobertura-lanzamiento-de-venta-audi-a3-en-argentina\/"},"author":{"name":"AleCAF","@id":"https:\/\/autofans.com.ar\/#\/schema\/person\/4f260a29da3cfebb7f29121591a73481"},"headline":"Cobertura lanzamiento de venta AUDI A3 en Argentina","datePublished":"2023-06-27T15:54:32+00:00","mainEntityOfPage":{"@id":"https:\/\/autofans.com.ar\/index.php\/2023\/06\/27\/cobertura-lanzamiento-de-venta-audi-a3-en-argentina\/"},"wordCount":166,"image":{"@id":"https:\/\/autofans.com.ar\/index.php\/2023\/06\/27\/cobertura-lanzamiento-de-venta-audi-a3-en-argentina\/#primaryimage"},"thumbnailUrl":"https:\/\/autofans.com.ar\/wp-content\/uploads\/2023\/06\/Caratula-AUDI-A3.jpg","keywords":["Audi A3","Audi Argentina","Audi Lounge","AutoFans TV","Cobertura","entrevista","Lanzamiento","Novedad"],"articleSection":["Coberturas 2023"],"inLanguage":"es"},{"@type":"WebPage","@id":"https:\/\/autofans.com.ar\/index.php\/2023\/06\/27\/cobertura-lanzamiento-de-venta-audi-a3-en-argentina\/","url":"https:\/\/autofans.com.ar\/index.php\/2023\/06\/27\/cobertura-lanzamiento-de-venta-audi-a3-en-argentina\/","name":"Cobertura lanzamiento de venta AUDI A3 en Argentina -","isPartOf":{"@id":"https:\/\/autofans.com.ar\/#website"},"primaryImageOfPage":{"@id":"https:\/\/autofans.com.ar\/index.php\/2023\/06\/27\/cobertura-lanzamiento-de-venta-audi-a3-en-argentina\/#primaryimage"},"image":{"@id":"https:\/\/autofans.com.ar\/index.php\/2023\/06\/27\/cobertura-lanzamiento-de-venta-audi-a3-en-argentina\/#primaryimage"},"thumbnailUrl":"https:\/\/autofans.com.ar\/wp-content\/uploads\/2023\/06\/Caratula-AUDI-A3.jpg","datePublished":"2023-06-27T15:54:32+00:00","author":{"@id":"https:\/\/autofans.com.ar\/#\/schema\/person\/4f260a29da3cfebb7f29121591a73481"},"description":"Audi realiz\u00f3 una presentaci\u00f3n para anunciar que la \u00faltima generaci\u00f3n de los modelos A3 Sportback y A3 Sed\u00e1n ya est\u00e1n a la venta en Argentina","breadcrumb":{"@id":"https:\/\/autofans.com.ar\/index.php\/2023\/06\/27\/cobertura-lanzamiento-de-venta-audi-a3-en-argentina\/#breadcrumb"},"inLanguage":"es","potentialAction":[{"@type":"ReadAction","target":["https:\/\/autofans.com.ar\/index.php\/2023\/06\/27\/cobertura-lanzamiento-de-venta-audi-a3-en-argentina\/"]}]},{"@type":"ImageObject","inLanguage":"es","@id":"https:\/\/autofans.com.ar\/index.php\/2023\/06\/27\/cobertura-lanzamiento-de-venta-audi-a3-en-argentina\/#primaryimage","url":"https:\/\/autofans.com.ar\/wp-content\/uploads\/2023\/06\/Caratula-AUDI-A3.jpg","contentUrl":"https:\/\/autofans.com.ar\/wp-content\/uploads\/2023\/06\/Caratula-AUDI-A3.jpg","width":1000,"height":667,"caption":"AUDI A3 en Argentina"},{"@type":"BreadcrumbList","@id":"https:\/\/autofans.com.ar\/index.php\/2023\/06\/27\/cobertura-lanzamiento-de-venta-audi-a3-en-argentina\/#breadcrumb","itemListElement":[{"@type":"ListItem","position":1,"name":"Inicio","item":"https:\/\/autofans.com.ar\/"},{"@type":"ListItem","position":2,"name":"Cobertura lanzamiento de venta AUDI A3 en Argentina"}]},{"@type":"WebSite","@id":"https:\/\/autofans.com.ar\/#website","url":"https:\/\/autofans.com.ar\/","name":"","description":"El multimedio referente de la industria automotriz","potentialAction":[{"@type":"SearchAction","target":{"@type":"EntryPoint","urlTemplate":"https:\/\/autofans.com.ar\/?s={search_term_string}"},"query-input":{"@type":"PropertyValueSpecification","valueRequired":true,"valueName":"search_term_string"}}],"inLanguage":"es"},{"@type":"Person","@id":"https:\/\/autofans.com.ar\/#\/schema\/person\/4f260a29da3cfebb7f29121591a73481","name":"AleCAF","image":{"@type":"ImageObject","inLanguage":"es","@id":"https:\/\/secure.gravatar.com\/avatar\/959b1ac26ee9dfc67318763f0a21a739fce256ee110a46fe86a2957f5568f27e?s=96&d=mm&r=g","url":"https:\/\/secure.gravatar.com\/avatar\/959b1ac26ee9dfc67318763f0a21a739fce256ee110a46fe86a2957f5568f27e?s=96&d=mm&r=g","contentUrl":"https:\/\/secure.gravatar.com\/avatar\/959b1ac26ee9dfc67318763f0a21a739fce256ee110a46fe86a2957f5568f27e?s=96&d=mm&r=g","caption":"AleCAF"},"description":"Se trata del sitio web del multimedio Autofans, dedicado a informar las novedades y tendencias del segmento automotor nacional e internacional. El multimedio est\u00e1 conformado por Autofans web, Autofans TV (Programa), Youtube, Intagram y Facebook","sameAs":["https:\/\/autofans.com.ar"],"url":"https:\/\/autofans.com.ar\/index.php\/author\/alecampolieto\/"}]}},"featured_image_urls":{"full":["https:\/\/autofans.com.ar\/wp-content\/uploads\/2023\/06\/Caratula-AUDI-A3.jpg",1000,667,false],"thumbnail":["https:\/\/autofans.com.ar\/wp-content\/uploads\/2023\/06\/Caratula-AUDI-A3-150x150.jpg",150,150,true],"medium":["https:\/\/autofans.com.ar\/wp-content\/uploads\/2023\/06\/Caratula-AUDI-A3-300x200.jpg",300,200,true],"medium_large":["https:\/\/autofans.com.ar\/wp-content\/uploads\/2023\/06\/Caratula-AUDI-A3-768x512.jpg",640,427,true],"large":["https:\/\/autofans.com.ar\/wp-content\/uploads\/2023\/06\/Caratula-AUDI-A3.jpg",640,427,false],"1536x1536":["https:\/\/autofans.com.ar\/wp-content\/uploads\/2023\/06\/Caratula-AUDI-A3.jpg",1000,667,false],"2048x2048":["https:\/\/autofans.com.ar\/wp-content\/uploads\/2023\/06\/Caratula-AUDI-A3.jpg",1000,667,false],"covernews-featured":["https:\/\/autofans.com.ar\/wp-content\/uploads\/2023\/06\/Caratula-AUDI-A3.jpg",1000,667,false],"covernews-medium":["https:\/\/autofans.com.ar\/wp-content\/uploads\/2023\/06\/Caratula-AUDI-A3-540x340.jpg",540,340,true]},"author_info":{"display_name":"AleCAF","author_link":"https:\/\/autofans.com.ar\/index.php\/author\/alecampolieto\/"},"category_info":"<a href=\"https:\/\/autofans.com.ar\/index.php\/category\/autofans-tv\/programas-2023\/coberturas\/\" rel=\"category tag\">Coberturas 2023<\/a>","tag_info":"Coberturas 2023","comment_count":0,"_links":{"self":[{"href":"https:\/\/autofans.com.ar\/index.php\/wp-json\/wp\/v2\/posts\/3553","targetHints":{"allow":["GET"]}}],"collection":[{"href":"https:\/\/autofans.com.ar\/index.php\/wp-json\/wp\/v2\/posts"}],"about":[{"href":"https:\/\/autofans.com.ar\/index.php\/wp-json\/wp\/v2\/types\/post"}],"author":[{"embeddable":true,"href":"https:\/\/autofans.com.ar\/index.php\/wp-json\/wp\/v2\/users\/1"}],"replies":[{"embeddable":true,"href":"https:\/\/autofans.com.ar\/index.php\/wp-json\/wp\/v2\/comments?post=3553"}],"version-history":[{"count":1,"href":"https:\/\/autofans.com.ar\/index.php\/wp-json\/wp\/v2\/posts\/3553\/revisions"}],"predecessor-version":[{"id":3554,"href":"https:\/\/autofans.com.ar\/index.php\/wp-json\/wp\/v2\/posts\/3553\/revisions\/3554"}],"wp:featuredmedia":[{"embeddable":true,"href":"https:\/\/autofans.com.ar\/index.php\/wp-json\/wp\/v2\/media\/3548"}],"wp:attachment":[{"href":"https:\/\/autofans.com.ar\/index.php\/wp-json\/wp\/v2\/media?parent=3553"}],"wp:term":[{"taxonomy":"category","embeddable":true,"href":"https:\/\/autofans.com.ar\/index.php\/wp-json\/wp\/v2\/categories?post=3553"},{"taxonomy":"post_tag","embeddable":true,"href":"https:\/\/autofans.com.ar\/index.php\/wp-json\/wp\/v2\/tags?post=3553"}],"curies":[{"name":"wp","href":"https:\/\/api.w.org\/{rel}","templated":true}]}}