{"id":3609,"date":"2023-06-29T09:42:02","date_gmt":"2023-06-29T12:42:02","guid":{"rendered":"https:\/\/autofans.com.ar\/?p=3609"},"modified":"2023-06-29T09:42:02","modified_gmt":"2023-06-29T12:42:02","slug":"mercedes-benz-y-la-conduccion-con-inteligencia-artificial","status":"publish","type":"post","link":"https:\/\/autofans.com.ar\/index.php\/2023\/06\/29\/mercedes-benz-y-la-conduccion-con-inteligencia-artificial\/","title":{"rendered":"Mercedes-Benz y la conducci\u00f3n con inteligencia artificial"},"content":{"rendered":"<p>Mercedes-Benz, la reconocida marca automotriz a nivel mundial, ha dado un gran paso hacia el futuro al incorporar la inteligencia artificial (IA) en sus veh\u00edculos. A trav\u00e9s del sistema MBUX, la compa\u00f1\u00eda ha introducido ChatGPT, un sistema de IA avanzado, que promete llevar la experiencia de conducci\u00f3n a un nivel superior para sus clientes en Estados Unidos.<\/p>\n<h2>Control por voz intuitivo y natural<\/h2>\n<p>El nuevo Asistente de Voz MBUX, ahora impulsado por ChatGPT, proporcionar\u00e1 un control por voz a\u00fan m\u00e1s intuitivo y eficiente. Los conductores podr\u00e1n interactuar de manera m\u00e1s natural y fluida con su autom\u00f3vil simplemente diciendo \u00abHola Mercedes\u00bb, tanto a trav\u00e9s de la aplicaci\u00f3n Mercedes Me como directamente desde el veh\u00edculo mediante el sistema de info-entretenimiento MBUX. Esta emocionante integraci\u00f3n se ha realizado gracias a la colaboraci\u00f3n con Azure Open AI Service.<\/p>\n<p>Hasta ahora, el asistente de voz MBUX de Mercedes-Benz ya era conocido por su capacidad intuitiva y una amplia gama de comandos. Los conductores y pasajeros pod\u00edan recibir actualizaciones deportivas, informaci\u00f3n meteorol\u00f3gica e incluso controlar dispositivos inteligentes en sus hogares. Sin embargo, con la incorporaci\u00f3n de ChatGPT, el sistema ahora puede comprender y responder a\u00fan mejor al lenguaje natural, superando las limitaciones de los asistentes de voz convencionales.<\/p>\n<p>ChatGPT, gracias a su modelo ling\u00fc\u00edstico avanzado, ofrece respuestas m\u00e1s completas y personalizadas. Los usuarios podr\u00e1n entablar conversaciones m\u00e1s fluidas con su veh\u00edculo, haciendo preguntas m\u00e1s complejas y recibiendo respuestas detalladas, todo ello sin apartar las manos del volante ni distraer la atenci\u00f3n del camino.<\/p>\n<p>&nbsp;<\/p>\n<p><img fetchpriority=\"high\" decoding=\"async\" class=\"aligncenter wp-image-3610 size-full\" src=\"https:\/\/autofans.com.ar\/wp-content\/uploads\/2023\/06\/foto-2-47.jpg\" alt=\"inteligencia artificial\" width=\"1000\" height=\"667\" srcset=\"https:\/\/autofans.com.ar\/wp-content\/uploads\/2023\/06\/foto-2-47.jpg 1000w, https:\/\/autofans.com.ar\/wp-content\/uploads\/2023\/06\/foto-2-47-300x200.jpg 300w, https:\/\/autofans.com.ar\/wp-content\/uploads\/2023\/06\/foto-2-47-768x512.jpg 768w\" sizes=\"(max-width: 1000px) 100vw, 1000px\" \/><\/p>\n<h2><\/h2>\n<p>&nbsp;<\/p>\n<h2>Pioneros en la conducci\u00f3n inteligente<\/h2>\n<p>Es importante destacar que Mercedes-Benz ha priorizado la privacidad de los datos en esta implementaci\u00f3n. Trabajando en conjunto con Microsoft y aprovechando la plataforma Azure OpenAI Service, la compa\u00f1\u00eda ha garantizado la protecci\u00f3n y anonimizaci\u00f3n de los datos recopilados. Los comandos de voz se almacenan en la Mercedes-Benz Intelligent Cloud y se procesan con los m\u00e1s altos est\u00e1ndares de seguridad, privacidad y confiabilidad empresarial.<\/p>\n<p>Como parte de su enfoque en la innovaci\u00f3n, Mercedes-Benz ha invitado a sus clientes en Estados Unidos a ser pioneros en la adopci\u00f3n de esta tecnolog\u00eda. Durante un per\u00edodo de tres meses, los conductores podr\u00e1n probar y brindar retroalimentaci\u00f3n sobre las nuevas funcionalidades del control por voz, lo que permitir\u00e1 a los desarrolladores de la marca mejorar a\u00fan m\u00e1s el sistema y establecer prioridades claras en el desarrollo futuro.<\/p>\n<p>Los resultados obtenidos en este programa piloto servir\u00e1n como base para continuar mejorando el asistente de voz y para expandir su despliegue en m\u00e1s mercados e idiomas. Mercedes-Benz sigue comprometido con la mejora constante y la entrega de tecnolog\u00edas de vanguardia a sus clientes, proporcionando una experiencia de conducci\u00f3n \u00fanica y excepcional.<\/p>\n<p>\u00a1Descubre la nueva era de la conducci\u00f3n inteligente con <a href=\"https:\/\/autofans.com.ar\/index.php\/2023\/06\/20\/atego-1730-de-mercedes-benz-lidera-la-nueva-era-de-los-camiones-autonomos-en-brasil\/\" target=\"_blank\" rel=\"noopener\">Mercedes-Benz<\/a> y su revolucionaria integraci\u00f3n de inteligencia artificial en los veh\u00edculos MBUX!<\/p>\n<p>&nbsp;<\/p>\n<p><i>Para enterarte de m\u00e1s novedades, no dejes de leer\u00a0<\/i><a href=\"https:\/\/autofans.thebrandsoup.com\/\"><i>nuestras notas<\/i><\/a><i>, de ver<\/i><b><i>\u00a0<\/i><\/b><a href=\"https:\/\/www.youtube.com\/channel\/UCgAC8UGHZYbT6P7PpmVnP7g\"><b><i>AUTOFANS TV<\/i><\/b><\/a><b><i>\u00a0<\/i><\/b><i>en nuestro\u00a0canal de Youtube. Adem\u00e1s seguinos en\u00a0<\/i><a href=\"https:\/\/www.instagram.com\/autofanstv\/\"><i>INSTAGRAM<\/i><\/a><i> y <\/i><a href=\"https:\/\/www.facebook.com\/autofansmas\/\"><i>FACEBOOK<\/i><\/a><i> para no perderte nada sobre las novedades del segmento automotor de Argentina y el mundo. <\/i><\/p>\n","protected":false},"excerpt":{"rendered":"<p>Mercedes-Benz, la reconocida marca automotriz a nivel mundial, ha dado un gran paso hacia el&#8230;<\/p>\n","protected":false},"author":2,"featured_media":3611,"comment_status":"closed","ping_status":"closed","sticky":false,"template":"","format":"standard","meta":{"footnotes":""},"categories":[218,16],"tags":[1759,1760,1761,1764,1762,1758,364,1763],"class_list":["post-3609","post","type-post","status-publish","format-standard","has-post-thumbnail","hentry","category-autotecno","category-noticias","tag-asistente-de-voz-mbux","tag-chatgpt","tag-control-por-voz-intuitivo","tag-experiencias-de-conduccion-mejoradas","tag-innovacion-en-conduccion","tag-inteligencia-artificial-en-automoviles","tag-mercedes-benz","tag-privacidad-de-datos"],"yoast_head":"<!-- This site is optimized with the Yoast SEO plugin v27.5 - https:\/\/yoast.com\/product\/yoast-seo-wordpress\/ -->\n<title>Mercedes-Benz y la conducci\u00f3n con inteligencia artificial -<\/title>\n<meta name=\"description\" content=\"Mercedes-Benz, la reconocida marca automotriz a nivel mundial, ha dado un gran paso hacia el futuro al incorporar la (IA) en sus veh\u00edculos...\" \/>\n<meta name=\"robots\" content=\"index, follow, max-snippet:-1, max-image-preview:large, max-video-preview:-1\" \/>\n<link rel=\"canonical\" href=\"https:\/\/autofans.com.ar\/index.php\/2023\/06\/29\/mercedes-benz-y-la-conduccion-con-inteligencia-artificial\/\" \/>\n<meta property=\"og:locale\" content=\"es_ES\" \/>\n<meta property=\"og:type\" content=\"article\" \/>\n<meta property=\"og:title\" content=\"Mercedes-Benz y la conducci\u00f3n con inteligencia artificial -\" \/>\n<meta property=\"og:description\" content=\"Mercedes-Benz, la reconocida marca automotriz a nivel mundial, ha dado un gran paso hacia el futuro al incorporar la (IA) en sus veh\u00edculos...\" \/>\n<meta property=\"og:url\" content=\"https:\/\/autofans.com.ar\/index.php\/2023\/06\/29\/mercedes-benz-y-la-conduccion-con-inteligencia-artificial\/\" \/>\n<meta property=\"article:published_time\" content=\"2023-06-29T12:42:02+00:00\" \/>\n<meta property=\"og:image\" content=\"https:\/\/autofans.com.ar\/wp-content\/uploads\/2023\/06\/foto-1-48.jpg\" \/>\n\t<meta property=\"og:image:width\" content=\"1000\" \/>\n\t<meta property=\"og:image:height\" content=\"667\" \/>\n\t<meta property=\"og:image:type\" content=\"image\/jpeg\" \/>\n<meta name=\"author\" content=\"Alejandro Gabriel Rosito\" \/>\n<meta name=\"twitter:card\" content=\"summary_large_image\" \/>\n<meta name=\"twitter:label1\" content=\"Escrito por\" \/>\n\t<meta name=\"twitter:data1\" content=\"Alejandro Gabriel Rosito\" \/>\n\t<meta name=\"twitter:label2\" content=\"Tiempo de lectura\" \/>\n\t<meta name=\"twitter:data2\" content=\"3 minutos\" \/>\n<script type=\"application\/ld+json\" class=\"yoast-schema-graph\">{\"@context\":\"https:\\\/\\\/schema.org\",\"@graph\":[{\"@type\":\"Article\",\"@id\":\"https:\\\/\\\/autofans.com.ar\\\/index.php\\\/2023\\\/06\\\/29\\\/mercedes-benz-y-la-conduccion-con-inteligencia-artificial\\\/#article\",\"isPartOf\":{\"@id\":\"https:\\\/\\\/autofans.com.ar\\\/index.php\\\/2023\\\/06\\\/29\\\/mercedes-benz-y-la-conduccion-con-inteligencia-artificial\\\/\"},\"author\":{\"name\":\"Alejandro Gabriel Rosito\",\"@id\":\"https:\\\/\\\/autofans.com.ar\\\/#\\\/schema\\\/person\\\/4a8dda0b6df83ac3d6723e921274c2aa\"},\"headline\":\"Mercedes-Benz y la conducci\u00f3n con inteligencia artificial\",\"datePublished\":\"2023-06-29T12:42:02+00:00\",\"mainEntityOfPage\":{\"@id\":\"https:\\\/\\\/autofans.com.ar\\\/index.php\\\/2023\\\/06\\\/29\\\/mercedes-benz-y-la-conduccion-con-inteligencia-artificial\\\/\"},\"wordCount\":560,\"image\":{\"@id\":\"https:\\\/\\\/autofans.com.ar\\\/index.php\\\/2023\\\/06\\\/29\\\/mercedes-benz-y-la-conduccion-con-inteligencia-artificial\\\/#primaryimage\"},\"thumbnailUrl\":\"https:\\\/\\\/autofans.com.ar\\\/wp-content\\\/uploads\\\/2023\\\/06\\\/foto-1-48.jpg\",\"keywords\":[\"Asistente de Voz MBUX\",\"ChatGPT\",\"control por voz intuitivo\",\"experiencias de conducci\u00f3n mejoradas\",\"innovaci\u00f3n en conducci\u00f3n\",\"inteligencia artificial en autom\u00f3viles\",\"Mercedes-Benz\",\"privacidad de datos\"],\"articleSection\":[\"AUTOTECNO\",\"NOTICIAS\"],\"inLanguage\":\"es\"},{\"@type\":\"WebPage\",\"@id\":\"https:\\\/\\\/autofans.com.ar\\\/index.php\\\/2023\\\/06\\\/29\\\/mercedes-benz-y-la-conduccion-con-inteligencia-artificial\\\/\",\"url\":\"https:\\\/\\\/autofans.com.ar\\\/index.php\\\/2023\\\/06\\\/29\\\/mercedes-benz-y-la-conduccion-con-inteligencia-artificial\\\/\",\"name\":\"Mercedes-Benz y la conducci\u00f3n con inteligencia artificial -\",\"isPartOf\":{\"@id\":\"https:\\\/\\\/autofans.com.ar\\\/#website\"},\"primaryImageOfPage\":{\"@id\":\"https:\\\/\\\/autofans.com.ar\\\/index.php\\\/2023\\\/06\\\/29\\\/mercedes-benz-y-la-conduccion-con-inteligencia-artificial\\\/#primaryimage\"},\"image\":{\"@id\":\"https:\\\/\\\/autofans.com.ar\\\/index.php\\\/2023\\\/06\\\/29\\\/mercedes-benz-y-la-conduccion-con-inteligencia-artificial\\\/#primaryimage\"},\"thumbnailUrl\":\"https:\\\/\\\/autofans.com.ar\\\/wp-content\\\/uploads\\\/2023\\\/06\\\/foto-1-48.jpg\",\"datePublished\":\"2023-06-29T12:42:02+00:00\",\"author\":{\"@id\":\"https:\\\/\\\/autofans.com.ar\\\/#\\\/schema\\\/person\\\/4a8dda0b6df83ac3d6723e921274c2aa\"},\"description\":\"Mercedes-Benz, la reconocida marca automotriz a nivel mundial, ha dado un gran paso hacia el futuro al incorporar la (IA) en sus veh\u00edculos...\",\"breadcrumb\":{\"@id\":\"https:\\\/\\\/autofans.com.ar\\\/index.php\\\/2023\\\/06\\\/29\\\/mercedes-benz-y-la-conduccion-con-inteligencia-artificial\\\/#breadcrumb\"},\"inLanguage\":\"es\",\"potentialAction\":[{\"@type\":\"ReadAction\",\"target\":[\"https:\\\/\\\/autofans.com.ar\\\/index.php\\\/2023\\\/06\\\/29\\\/mercedes-benz-y-la-conduccion-con-inteligencia-artificial\\\/\"]}]},{\"@type\":\"ImageObject\",\"inLanguage\":\"es\",\"@id\":\"https:\\\/\\\/autofans.com.ar\\\/index.php\\\/2023\\\/06\\\/29\\\/mercedes-benz-y-la-conduccion-con-inteligencia-artificial\\\/#primaryimage\",\"url\":\"https:\\\/\\\/autofans.com.ar\\\/wp-content\\\/uploads\\\/2023\\\/06\\\/foto-1-48.jpg\",\"contentUrl\":\"https:\\\/\\\/autofans.com.ar\\\/wp-content\\\/uploads\\\/2023\\\/06\\\/foto-1-48.jpg\",\"width\":1000,\"height\":667,\"caption\":\"inteligencia artificial\"},{\"@type\":\"BreadcrumbList\",\"@id\":\"https:\\\/\\\/autofans.com.ar\\\/index.php\\\/2023\\\/06\\\/29\\\/mercedes-benz-y-la-conduccion-con-inteligencia-artificial\\\/#breadcrumb\",\"itemListElement\":[{\"@type\":\"ListItem\",\"position\":1,\"name\":\"Inicio\",\"item\":\"https:\\\/\\\/autofans.com.ar\\\/\"},{\"@type\":\"ListItem\",\"position\":2,\"name\":\"Mercedes-Benz y la conducci\u00f3n con inteligencia artificial\"}]},{\"@type\":\"WebSite\",\"@id\":\"https:\\\/\\\/autofans.com.ar\\\/#website\",\"url\":\"https:\\\/\\\/autofans.com.ar\\\/\",\"name\":\"\",\"description\":\"El multimedio referente de la industria automotriz\",\"potentialAction\":[{\"@type\":\"SearchAction\",\"target\":{\"@type\":\"EntryPoint\",\"urlTemplate\":\"https:\\\/\\\/autofans.com.ar\\\/?s={search_term_string}\"},\"query-input\":{\"@type\":\"PropertyValueSpecification\",\"valueRequired\":true,\"valueName\":\"search_term_string\"}}],\"inLanguage\":\"es\"},{\"@type\":\"Person\",\"@id\":\"https:\\\/\\\/autofans.com.ar\\\/#\\\/schema\\\/person\\\/4a8dda0b6df83ac3d6723e921274c2aa\",\"name\":\"Alejandro Gabriel Rosito\",\"image\":{\"@type\":\"ImageObject\",\"inLanguage\":\"es\",\"@id\":\"https:\\\/\\\/secure.gravatar.com\\\/avatar\\\/16c5dda1489adfc62618084dcbb91cffd879c374b13fe5dd8e44ed6733852c88?s=96&d=mm&r=g\",\"url\":\"https:\\\/\\\/secure.gravatar.com\\\/avatar\\\/16c5dda1489adfc62618084dcbb91cffd879c374b13fe5dd8e44ed6733852c88?s=96&d=mm&r=g\",\"contentUrl\":\"https:\\\/\\\/secure.gravatar.com\\\/avatar\\\/16c5dda1489adfc62618084dcbb91cffd879c374b13fe5dd8e44ed6733852c88?s=96&d=mm&r=g\",\"caption\":\"Alejandro Gabriel Rosito\"},\"url\":\"https:\\\/\\\/autofans.com.ar\\\/index.php\\\/author\\\/gabrielr\\\/\"}]}<\/script>\n<!-- \/ Yoast SEO plugin. -->","yoast_head_json":{"title":"Mercedes-Benz y la conducci\u00f3n con inteligencia artificial -","description":"Mercedes-Benz, la reconocida marca automotriz a nivel mundial, ha dado un gran paso hacia el futuro al incorporar la (IA) en sus veh\u00edculos...","robots":{"index":"index","follow":"follow","max-snippet":"max-snippet:-1","max-image-preview":"max-image-preview:large","max-video-preview":"max-video-preview:-1"},"canonical":"https:\/\/autofans.com.ar\/index.php\/2023\/06\/29\/mercedes-benz-y-la-conduccion-con-inteligencia-artificial\/","og_locale":"es_ES","og_type":"article","og_title":"Mercedes-Benz y la conducci\u00f3n con inteligencia artificial -","og_description":"Mercedes-Benz, la reconocida marca automotriz a nivel mundial, ha dado un gran paso hacia el futuro al incorporar la (IA) en sus veh\u00edculos...","og_url":"https:\/\/autofans.com.ar\/index.php\/2023\/06\/29\/mercedes-benz-y-la-conduccion-con-inteligencia-artificial\/","article_published_time":"2023-06-29T12:42:02+00:00","og_image":[{"width":1000,"height":667,"url":"https:\/\/autofans.com.ar\/wp-content\/uploads\/2023\/06\/foto-1-48.jpg","type":"image\/jpeg"}],"author":"Alejandro Gabriel Rosito","twitter_card":"summary_large_image","twitter_misc":{"Escrito por":"Alejandro Gabriel Rosito","Tiempo de lectura":"3 minutos"},"schema":{"@context":"https:\/\/schema.org","@graph":[{"@type":"Article","@id":"https:\/\/autofans.com.ar\/index.php\/2023\/06\/29\/mercedes-benz-y-la-conduccion-con-inteligencia-artificial\/#article","isPartOf":{"@id":"https:\/\/autofans.com.ar\/index.php\/2023\/06\/29\/mercedes-benz-y-la-conduccion-con-inteligencia-artificial\/"},"author":{"name":"Alejandro Gabriel Rosito","@id":"https:\/\/autofans.com.ar\/#\/schema\/person\/4a8dda0b6df83ac3d6723e921274c2aa"},"headline":"Mercedes-Benz y la conducci\u00f3n con inteligencia artificial","datePublished":"2023-06-29T12:42:02+00:00","mainEntityOfPage":{"@id":"https:\/\/autofans.com.ar\/index.php\/2023\/06\/29\/mercedes-benz-y-la-conduccion-con-inteligencia-artificial\/"},"wordCount":560,"image":{"@id":"https:\/\/autofans.com.ar\/index.php\/2023\/06\/29\/mercedes-benz-y-la-conduccion-con-inteligencia-artificial\/#primaryimage"},"thumbnailUrl":"https:\/\/autofans.com.ar\/wp-content\/uploads\/2023\/06\/foto-1-48.jpg","keywords":["Asistente de Voz MBUX","ChatGPT","control por voz intuitivo","experiencias de conducci\u00f3n mejoradas","innovaci\u00f3n en conducci\u00f3n","inteligencia artificial en autom\u00f3viles","Mercedes-Benz","privacidad de datos"],"articleSection":["AUTOTECNO","NOTICIAS"],"inLanguage":"es"},{"@type":"WebPage","@id":"https:\/\/autofans.com.ar\/index.php\/2023\/06\/29\/mercedes-benz-y-la-conduccion-con-inteligencia-artificial\/","url":"https:\/\/autofans.com.ar\/index.php\/2023\/06\/29\/mercedes-benz-y-la-conduccion-con-inteligencia-artificial\/","name":"Mercedes-Benz y la conducci\u00f3n con inteligencia artificial -","isPartOf":{"@id":"https:\/\/autofans.com.ar\/#website"},"primaryImageOfPage":{"@id":"https:\/\/autofans.com.ar\/index.php\/2023\/06\/29\/mercedes-benz-y-la-conduccion-con-inteligencia-artificial\/#primaryimage"},"image":{"@id":"https:\/\/autofans.com.ar\/index.php\/2023\/06\/29\/mercedes-benz-y-la-conduccion-con-inteligencia-artificial\/#primaryimage"},"thumbnailUrl":"https:\/\/autofans.com.ar\/wp-content\/uploads\/2023\/06\/foto-1-48.jpg","datePublished":"2023-06-29T12:42:02+00:00","author":{"@id":"https:\/\/autofans.com.ar\/#\/schema\/person\/4a8dda0b6df83ac3d6723e921274c2aa"},"description":"Mercedes-Benz, la reconocida marca automotriz a nivel mundial, ha dado un gran paso hacia el futuro al incorporar la (IA) en sus veh\u00edculos...","breadcrumb":{"@id":"https:\/\/autofans.com.ar\/index.php\/2023\/06\/29\/mercedes-benz-y-la-conduccion-con-inteligencia-artificial\/#breadcrumb"},"inLanguage":"es","potentialAction":[{"@type":"ReadAction","target":["https:\/\/autofans.com.ar\/index.php\/2023\/06\/29\/mercedes-benz-y-la-conduccion-con-inteligencia-artificial\/"]}]},{"@type":"ImageObject","inLanguage":"es","@id":"https:\/\/autofans.com.ar\/index.php\/2023\/06\/29\/mercedes-benz-y-la-conduccion-con-inteligencia-artificial\/#primaryimage","url":"https:\/\/autofans.com.ar\/wp-content\/uploads\/2023\/06\/foto-1-48.jpg","contentUrl":"https:\/\/autofans.com.ar\/wp-content\/uploads\/2023\/06\/foto-1-48.jpg","width":1000,"height":667,"caption":"inteligencia artificial"},{"@type":"BreadcrumbList","@id":"https:\/\/autofans.com.ar\/index.php\/2023\/06\/29\/mercedes-benz-y-la-conduccion-con-inteligencia-artificial\/#breadcrumb","itemListElement":[{"@type":"ListItem","position":1,"name":"Inicio","item":"https:\/\/autofans.com.ar\/"},{"@type":"ListItem","position":2,"name":"Mercedes-Benz y la conducci\u00f3n con inteligencia artificial"}]},{"@type":"WebSite","@id":"https:\/\/autofans.com.ar\/#website","url":"https:\/\/autofans.com.ar\/","name":"","description":"El multimedio referente de la industria automotriz","potentialAction":[{"@type":"SearchAction","target":{"@type":"EntryPoint","urlTemplate":"https:\/\/autofans.com.ar\/?s={search_term_string}"},"query-input":{"@type":"PropertyValueSpecification","valueRequired":true,"valueName":"search_term_string"}}],"inLanguage":"es"},{"@type":"Person","@id":"https:\/\/autofans.com.ar\/#\/schema\/person\/4a8dda0b6df83ac3d6723e921274c2aa","name":"Alejandro Gabriel Rosito","image":{"@type":"ImageObject","inLanguage":"es","@id":"https:\/\/secure.gravatar.com\/avatar\/16c5dda1489adfc62618084dcbb91cffd879c374b13fe5dd8e44ed6733852c88?s=96&d=mm&r=g","url":"https:\/\/secure.gravatar.com\/avatar\/16c5dda1489adfc62618084dcbb91cffd879c374b13fe5dd8e44ed6733852c88?s=96&d=mm&r=g","contentUrl":"https:\/\/secure.gravatar.com\/avatar\/16c5dda1489adfc62618084dcbb91cffd879c374b13fe5dd8e44ed6733852c88?s=96&d=mm&r=g","caption":"Alejandro Gabriel Rosito"},"url":"https:\/\/autofans.com.ar\/index.php\/author\/gabrielr\/"}]}},"featured_image_urls":{"full":["https:\/\/autofans.com.ar\/wp-content\/uploads\/2023\/06\/foto-1-48.jpg",1000,667,false],"thumbnail":["https:\/\/autofans.com.ar\/wp-content\/uploads\/2023\/06\/foto-1-48-150x150.jpg",150,150,true],"medium":["https:\/\/autofans.com.ar\/wp-content\/uploads\/2023\/06\/foto-1-48-300x200.jpg",300,200,true],"medium_large":["https:\/\/autofans.com.ar\/wp-content\/uploads\/2023\/06\/foto-1-48-768x512.jpg",640,427,true],"large":["https:\/\/autofans.com.ar\/wp-content\/uploads\/2023\/06\/foto-1-48.jpg",640,427,false],"1536x1536":["https:\/\/autofans.com.ar\/wp-content\/uploads\/2023\/06\/foto-1-48.jpg",1000,667,false],"2048x2048":["https:\/\/autofans.com.ar\/wp-content\/uploads\/2023\/06\/foto-1-48.jpg",1000,667,false],"covernews-featured":["https:\/\/autofans.com.ar\/wp-content\/uploads\/2023\/06\/foto-1-48.jpg",1000,667,false],"covernews-medium":["https:\/\/autofans.com.ar\/wp-content\/uploads\/2023\/06\/foto-1-48-540x340.jpg",540,340,true]},"author_info":{"display_name":"Alejandro Gabriel Rosito","author_link":"https:\/\/autofans.com.ar\/index.php\/author\/gabrielr\/"},"category_info":"<a href=\"https:\/\/autofans.com.ar\/index.php\/category\/noticias\/autotecno\/\" rel=\"category tag\">AUTOTECNO<\/a> <a href=\"https:\/\/autofans.com.ar\/index.php\/category\/noticias\/\" rel=\"category tag\">NOTICIAS<\/a>","tag_info":"NOTICIAS","comment_count":0,"_links":{"self":[{"href":"https:\/\/autofans.com.ar\/index.php\/wp-json\/wp\/v2\/posts\/3609","targetHints":{"allow":["GET"]}}],"collection":[{"href":"https:\/\/autofans.com.ar\/index.php\/wp-json\/wp\/v2\/posts"}],"about":[{"href":"https:\/\/autofans.com.ar\/index.php\/wp-json\/wp\/v2\/types\/post"}],"author":[{"embeddable":true,"href":"https:\/\/autofans.com.ar\/index.php\/wp-json\/wp\/v2\/users\/2"}],"replies":[{"embeddable":true,"href":"https:\/\/autofans.com.ar\/index.php\/wp-json\/wp\/v2\/comments?post=3609"}],"version-history":[{"count":3,"href":"https:\/\/autofans.com.ar\/index.php\/wp-json\/wp\/v2\/posts\/3609\/revisions"}],"predecessor-version":[{"id":3616,"href":"https:\/\/autofans.com.ar\/index.php\/wp-json\/wp\/v2\/posts\/3609\/revisions\/3616"}],"wp:featuredmedia":[{"embeddable":true,"href":"https:\/\/autofans.com.ar\/index.php\/wp-json\/wp\/v2\/media\/3611"}],"wp:attachment":[{"href":"https:\/\/autofans.com.ar\/index.php\/wp-json\/wp\/v2\/media?parent=3609"}],"wp:term":[{"taxonomy":"category","embeddable":true,"href":"https:\/\/autofans.com.ar\/index.php\/wp-json\/wp\/v2\/categories?post=3609"},{"taxonomy":"post_tag","embeddable":true,"href":"https:\/\/autofans.com.ar\/index.php\/wp-json\/wp\/v2\/tags?post=3609"}],"curies":[{"name":"wp","href":"https:\/\/api.w.org\/{rel}","templated":true}]}}