{"id":3617,"date":"2023-06-29T21:09:41","date_gmt":"2023-06-30T00:09:41","guid":{"rendered":"https:\/\/autofans.com.ar\/?p=3617"},"modified":"2023-06-29T21:10:05","modified_gmt":"2023-06-30T00:10:05","slug":"toyota-apuesta-por-la-movilidad-del-futuro-electrificacion-inteligencia-y-diversificacion","status":"publish","type":"post","link":"https:\/\/autofans.com.ar\/index.php\/2023\/06\/29\/toyota-apuesta-por-la-movilidad-del-futuro-electrificacion-inteligencia-y-diversificacion\/","title":{"rendered":"Toyota apuesta por la movilidad del futuro: electrificaci\u00f3n, inteligencia y diversificaci\u00f3n"},"content":{"rendered":"<p>Toyota Motor Corporation ha presentado sus \u00faltimos avances en el campo de los veh\u00edculos el\u00e9ctricos y ha compartido su estrategia de negocio para impulsar la tecnolog\u00eda del hidr\u00f3geno. Durante el \u00abToyota Technical Workshop\u00bb, Hiroki Nakajima, Vicepresidente Ejecutivo y Chief Technological Officer de TMC, destac\u00f3 las nuevas tecnolog\u00edas clave que est\u00e1n transformando a la compa\u00f1\u00eda en una empresa de movilidad.<\/p>\n<p>En l\u00ednea con su lema \u00abCambiemos el futuro de los autom\u00f3viles\u00bb, Toyota ha definido tres enfoques fundamentales para la descarbonizaci\u00f3n de la movilidad: electrificaci\u00f3n, inteligencia y diversificaci\u00f3n. Nakajima explic\u00f3 que la empresa adoptar\u00e1 un enfoque diverso en la electrificaci\u00f3n, introduciendo diferentes tecnolog\u00edas seg\u00fan las necesidades y contextos regionales. Adem\u00e1s, Toyota promover\u00e1 la inteligencia en sus veh\u00edculos y servicios, as\u00ed como la conexi\u00f3n con la sociedad a trav\u00e9s de iniciativas como Woven City. Tambi\u00e9n se enfocar\u00e1n en la diversificaci\u00f3n de sus operaciones, ampliando su alcance m\u00e1s all\u00e1 de los veh\u00edculos y considerando la libertad de movilidad y diversas soluciones energ\u00e9ticas.<\/p>\n<p>&nbsp;<\/p>\n<div id='gallery-1' class='gallery galleryid-3617 gallery-columns-2 gallery-size-full'><figure class='gallery-item'>\n\t\t\t<div class='gallery-icon landscape'>\n\t\t\t\t<a href='https:\/\/autofans.com.ar\/index.php\/2023\/06\/29\/toyota-apuesta-por-la-movilidad-del-futuro-electrificacion-inteligencia-y-diversificacion\/foto-1-176\/'><img loading=\"lazy\" width=\"1000\" height=\"667\" src=\"https:\/\/autofans.com.ar\/wp-content\/uploads\/2023\/06\/foto-1-49.jpg\" class=\"attachment-full size-full\" alt=\"Toyota\" aria-describedby=\"gallery-1-3622\" srcset=\"https:\/\/autofans.com.ar\/wp-content\/uploads\/2023\/06\/foto-1-49.jpg 1000w, https:\/\/autofans.com.ar\/wp-content\/uploads\/2023\/06\/foto-1-49-300x200.jpg 300w, https:\/\/autofans.com.ar\/wp-content\/uploads\/2023\/06\/foto-1-49-768x512.jpg 768w\" sizes=\"auto, (max-width: 1000px) 100vw, 1000px\" loading=\"lazy\" decoding=\"async\" \/><\/a>\n\t\t\t<\/div>\n\t\t\t\t<figcaption class='wp-caption-text gallery-caption' id='gallery-1-3622'>\n\t\t\t\tElectrolizador\n\t\t\t\t<\/figcaption><\/figure><figure class='gallery-item'>\n\t\t\t<div class='gallery-icon landscape'>\n\t\t\t\t<a href='https:\/\/autofans.com.ar\/index.php\/2023\/06\/29\/toyota-apuesta-por-la-movilidad-del-futuro-electrificacion-inteligencia-y-diversificacion\/foto-5-72\/'><img loading=\"lazy\" width=\"1000\" height=\"667\" src=\"https:\/\/autofans.com.ar\/wp-content\/uploads\/2023\/06\/foto-5-9.jpg\" class=\"attachment-full size-full\" alt=\"Toyota\" aria-describedby=\"gallery-1-3618\" srcset=\"https:\/\/autofans.com.ar\/wp-content\/uploads\/2023\/06\/foto-5-9.jpg 1000w, https:\/\/autofans.com.ar\/wp-content\/uploads\/2023\/06\/foto-5-9-300x200.jpg 300w, https:\/\/autofans.com.ar\/wp-content\/uploads\/2023\/06\/foto-5-9-768x512.jpg 768w\" sizes=\"auto, (max-width: 1000px) 100vw, 1000px\" loading=\"lazy\" decoding=\"async\" \/><\/a>\n\t\t\t<\/div>\n\t\t\t\t<figcaption class='wp-caption-text gallery-caption' id='gallery-1-3618'>\n\t\t\t\tBater\u00edas de estado s\u00f3lido\n\t\t\t\t<\/figcaption><\/figure>\n\t\t<\/div>\n\n<p>&nbsp;<\/p>\n<h2>Autonom\u00eda en veh\u00edculos el\u00e9ctricos de nueva generaci\u00f3n<\/h2>\n<p>Durante la presentaci\u00f3n, Nakajima resalt\u00f3 los cambios en las \u00e1reas de investigaci\u00f3n y desarrollo de la compa\u00f1\u00eda, donde la mitad de su personal y recursos econ\u00f3micos se han trasladado a proyectos orientados hacia el futuro. Asimismo, enumer\u00f3 tres principios fundamentales para la manufactura de veh\u00edculos de Toyota: priorizar la seguridad sin excepciones, construir el futuro en colaboraci\u00f3n con m\u00faltiples socios y acelerar la localizaci\u00f3n, acercando el desarrollo a los clientes.<\/p>\n<p>En cuanto a los veh\u00edculos el\u00e9ctricos a bater\u00eda, Toyota est\u00e1 trabajando en el desarrollo de una nueva generaci\u00f3n con tecnolog\u00edas avanzadas. Gracias a bater\u00edas de nueva generaci\u00f3n, tecnolog\u00eda s\u00f3nica y dise\u00f1o aerodin\u00e1mico con Inteligencia Artificial, el objetivo es lograr una autonom\u00eda de 1.000 km. El Sistema Operativo Arene permitir\u00e1 actualizaciones tecnol\u00f3gicas en seguridad, rendimiento, multimedia y reconocimiento de voz. Adem\u00e1s, Toyota ha logrado avances significativos en tecnolog\u00eda de bater\u00edas, lo que permitir\u00e1 reducir los tiempos de carga, disminuir costos y aumentar la autonom\u00eda de los veh\u00edculos. Se espera que las bater\u00edas de litio de estado s\u00f3lido est\u00e9n disponibles comercialmente en 2027-2028.<\/p>\n<div id='gallery-2' class='gallery galleryid-3617 gallery-columns-2 gallery-size-full'><figure class='gallery-item'>\n\t\t\t<div class='gallery-icon landscape'>\n\t\t\t\t<a href='https:\/\/autofans.com.ar\/index.php\/2023\/06\/29\/toyota-apuesta-por-la-movilidad-del-futuro-electrificacion-inteligencia-y-diversificacion\/foto-4-104\/'><img loading=\"lazy\" width=\"1000\" height=\"667\" src=\"https:\/\/autofans.com.ar\/wp-content\/uploads\/2023\/06\/foto-4-21.jpg\" class=\"attachment-full size-full\" alt=\"Toyota\" aria-describedby=\"gallery-2-3619\" srcset=\"https:\/\/autofans.com.ar\/wp-content\/uploads\/2023\/06\/foto-4-21.jpg 1000w, https:\/\/autofans.com.ar\/wp-content\/uploads\/2023\/06\/foto-4-21-300x200.jpg 300w, https:\/\/autofans.com.ar\/wp-content\/uploads\/2023\/06\/foto-4-21-768x512.jpg 768w\" sizes=\"auto, (max-width: 1000px) 100vw, 1000px\" loading=\"lazy\" decoding=\"async\" \/><\/a>\n\t\t\t<\/div>\n\t\t\t\t<figcaption class='wp-caption-text gallery-caption' id='gallery-2-3619'>\n\t\t\t\tGiga-Casting\n\t\t\t\t<\/figcaption><\/figure><figure class='gallery-item'>\n\t\t\t<div class='gallery-icon landscape'>\n\t\t\t\t<a href='https:\/\/autofans.com.ar\/index.php\/2023\/06\/29\/toyota-apuesta-por-la-movilidad-del-futuro-electrificacion-inteligencia-y-diversificacion\/foto-2-171\/'><img loading=\"lazy\" width=\"1000\" height=\"667\" src=\"https:\/\/autofans.com.ar\/wp-content\/uploads\/2023\/06\/foto-2-48.jpg\" class=\"attachment-full size-full\" alt=\"Toyota\" aria-describedby=\"gallery-2-3621\" srcset=\"https:\/\/autofans.com.ar\/wp-content\/uploads\/2023\/06\/foto-2-48.jpg 1000w, https:\/\/autofans.com.ar\/wp-content\/uploads\/2023\/06\/foto-2-48-300x200.jpg 300w, https:\/\/autofans.com.ar\/wp-content\/uploads\/2023\/06\/foto-2-48-768x512.jpg 768w\" sizes=\"auto, (max-width: 1000px) 100vw, 1000px\" loading=\"lazy\" decoding=\"async\" \/><\/a>\n\t\t\t<\/div>\n\t\t\t\t<figcaption class='wp-caption-text gallery-caption' id='gallery-2-3621'>\n\t\t\t\tVoice Recognition\n\t\t\t\t<\/figcaption><\/figure>\n\t\t<\/div>\n\n<p>&nbsp;<\/p>\n<h2>Hydrogen Factory<\/h2>\n<p>En t\u00e9rminos de fabricaci\u00f3n, Toyota implementar\u00e1 una nueva estructura modular que consta de tres componentes principales para la carrocer\u00eda del veh\u00edculo. Tambi\u00e9n utilizar\u00e1 el sistema de fundici\u00f3n \u00abGiga Casting\u00bb para reducir costos y mejorar la integraci\u00f3n de los componentes. Un sistema de auto-propulsi\u00f3n de la cadena de montaje ayudar\u00e1 a reducir los procesos y las inversiones en planta.<\/p>\n<p>Por otro lado, Toyota est\u00e1 enfocando sus esfuerzos en la tecnolog\u00eda del hidr\u00f3geno y establecer\u00e1 una nueva entidad, la Hydrogen Factory, que abarcar\u00e1 desde las ventas hasta el desarrollo y la producci\u00f3n. La compa\u00f1\u00eda tiene como objetivo reforzar alianzas con socios clave y localizar la investigaci\u00f3n y desarrollo en los principales mercados, como Europa y China. Tambi\u00e9n est\u00e1 trabajando en una nueva generaci\u00f3n de celdas de combustible, tanques, electrolizadores y motores de combusti\u00f3n capaces de utilizar hidr\u00f3geno.<\/p>\n<p>Toyota se compromete a liderar el camino en la transformaci\u00f3n del sector automotor, impulsando la electrificaci\u00f3n, la inteligencia y la diversificaci\u00f3n. Con sus avances en veh\u00edculos el\u00e9ctricos y su estrategia centrada en el hidr\u00f3geno, la compa\u00f1\u00eda busca ofrecer soluciones de movilidad sostenibles y avanzadas para el futuro.<\/p>\n<p>&nbsp;<\/p>\n<p><i>Para enterarte de m\u00e1s novedades, no dejes de leer\u00a0<\/i><a href=\"https:\/\/autofans.thebrandsoup.com\/\"><i>nuestras notas<\/i><\/a><i>, de ver<\/i><b><i>\u00a0<\/i><\/b><a href=\"https:\/\/www.youtube.com\/channel\/UCgAC8UGHZYbT6P7PpmVnP7g\"><b><i>AUTOFANS TV<\/i><\/b><\/a><b><i>\u00a0<\/i><\/b><i>en nuestro\u00a0canal de Youtube. Adem\u00e1s seguinos en\u00a0<\/i><a href=\"https:\/\/www.instagram.com\/autofanstv\/\"><i>INSTAGRAM<\/i><\/a><i> y <\/i><a href=\"https:\/\/www.facebook.com\/autofansmas\/\"><i>FACEBOOK<\/i><\/a><i> para no perderte nada sobre las novedades del segmento automotor de Argentina y el mundo. <\/i><\/p>\n","protected":false},"excerpt":{"rendered":"<p>Toyota Motor Corporation ha presentado sus \u00faltimos avances en el campo de los veh\u00edculos el\u00e9ctricos&#8230;<\/p>\n","protected":false},"author":2,"featured_media":3620,"comment_status":"closed","ping_status":"closed","sticky":false,"template":"","format":"standard","meta":{"footnotes":""},"categories":[341,16],"tags":[210,211,1574,393,1767,1768,1766,355,340,1765,125,277,359],"class_list":["post-3617","post","type-post","status-publish","format-standard","has-post-thumbnail","hentry","category-hibridos-y-electricos","category-noticias","tag-hidrogeno","tag-tecnologia","tag-alianzas-estrategicas","tag-autonomia","tag-baterias","tag-celdas-de-combustible","tag-diversificacion","tag-electrificacion","tag-fabricacion","tag-inteligencia","tag-movilidad-sostenible","tag-toyota","tag-vehiculos-electricos"],"yoast_head":"<!-- This site is optimized with the Yoast SEO plugin v27.5 - https:\/\/yoast.com\/product\/yoast-seo-wordpress\/ -->\n<title>Toyota apuesta por la movilidad del futuro: electrificaci\u00f3n, inteligencia y diversificaci\u00f3n -<\/title>\n<meta name=\"description\" content=\"Toyota Motor Corporation ha presentado sus \u00faltimos avances en el campo de los veh\u00edculos el\u00e9ctricos e impulsar la tecnolog\u00eda del hidr\u00f3geno..\" \/>\n<meta name=\"robots\" content=\"index, follow, max-snippet:-1, max-image-preview:large, max-video-preview:-1\" \/>\n<link rel=\"canonical\" href=\"https:\/\/autofans.com.ar\/index.php\/2023\/06\/29\/toyota-apuesta-por-la-movilidad-del-futuro-electrificacion-inteligencia-y-diversificacion\/\" \/>\n<meta property=\"og:locale\" content=\"es_ES\" \/>\n<meta property=\"og:type\" content=\"article\" \/>\n<meta property=\"og:title\" content=\"Toyota apuesta por la movilidad del futuro: electrificaci\u00f3n, inteligencia y diversificaci\u00f3n -\" \/>\n<meta property=\"og:description\" content=\"Toyota Motor Corporation ha presentado sus \u00faltimos avances en el campo de los veh\u00edculos el\u00e9ctricos e impulsar la tecnolog\u00eda del hidr\u00f3geno..\" \/>\n<meta property=\"og:url\" content=\"https:\/\/autofans.com.ar\/index.php\/2023\/06\/29\/toyota-apuesta-por-la-movilidad-del-futuro-electrificacion-inteligencia-y-diversificacion\/\" \/>\n<meta property=\"article:published_time\" content=\"2023-06-30T00:09:41+00:00\" \/>\n<meta property=\"article:modified_time\" content=\"2023-06-30T00:10:05+00:00\" \/>\n<meta property=\"og:image\" content=\"https:\/\/autofans.com.ar\/wp-content\/uploads\/2023\/06\/foto-3-37.jpg\" \/>\n\t<meta property=\"og:image:width\" content=\"1000\" \/>\n\t<meta property=\"og:image:height\" content=\"667\" \/>\n\t<meta property=\"og:image:type\" content=\"image\/jpeg\" \/>\n<meta name=\"author\" content=\"Alejandro Gabriel Rosito\" \/>\n<meta name=\"twitter:card\" content=\"summary_large_image\" \/>\n<meta name=\"twitter:label1\" content=\"Escrito por\" \/>\n\t<meta name=\"twitter:data1\" content=\"Alejandro Gabriel Rosito\" \/>\n\t<meta name=\"twitter:label2\" content=\"Tiempo de lectura\" \/>\n\t<meta name=\"twitter:data2\" content=\"3 minutos\" \/>\n<script type=\"application\/ld+json\" class=\"yoast-schema-graph\">{\"@context\":\"https:\\\/\\\/schema.org\",\"@graph\":[{\"@type\":\"Article\",\"@id\":\"https:\\\/\\\/autofans.com.ar\\\/index.php\\\/2023\\\/06\\\/29\\\/toyota-apuesta-por-la-movilidad-del-futuro-electrificacion-inteligencia-y-diversificacion\\\/#article\",\"isPartOf\":{\"@id\":\"https:\\\/\\\/autofans.com.ar\\\/index.php\\\/2023\\\/06\\\/29\\\/toyota-apuesta-por-la-movilidad-del-futuro-electrificacion-inteligencia-y-diversificacion\\\/\"},\"author\":{\"name\":\"Alejandro Gabriel Rosito\",\"@id\":\"https:\\\/\\\/autofans.com.ar\\\/#\\\/schema\\\/person\\\/4a8dda0b6df83ac3d6723e921274c2aa\"},\"headline\":\"Toyota apuesta por la movilidad del futuro: electrificaci\u00f3n, inteligencia y diversificaci\u00f3n\",\"datePublished\":\"2023-06-30T00:09:41+00:00\",\"dateModified\":\"2023-06-30T00:10:05+00:00\",\"mainEntityOfPage\":{\"@id\":\"https:\\\/\\\/autofans.com.ar\\\/index.php\\\/2023\\\/06\\\/29\\\/toyota-apuesta-por-la-movilidad-del-futuro-electrificacion-inteligencia-y-diversificacion\\\/\"},\"wordCount\":671,\"image\":{\"@id\":\"https:\\\/\\\/autofans.com.ar\\\/index.php\\\/2023\\\/06\\\/29\\\/toyota-apuesta-por-la-movilidad-del-futuro-electrificacion-inteligencia-y-diversificacion\\\/#primaryimage\"},\"thumbnailUrl\":\"https:\\\/\\\/autofans.com.ar\\\/wp-content\\\/uploads\\\/2023\\\/06\\\/foto-3-37.jpg\",\"keywords\":[\"#hidr\u00f3geno\",\"#tecnolog\u00eda\",\"alianzas estrat\u00e9gicas\",\"autonom\u00eda\",\"bater\u00edas\",\"celdas de combustible\",\"diversificaci\u00f3n\",\"electrificaci\u00f3n\",\"Fabricaci\u00f3n\",\"inteligencia\",\"Movilidad Sostenible\",\"Toyota\",\"veh\u00edculos el\u00e9ctricos\"],\"articleSection\":[\"HIBRIDOS, ELECTRICOS y otros\",\"NOTICIAS\"],\"inLanguage\":\"es\"},{\"@type\":\"WebPage\",\"@id\":\"https:\\\/\\\/autofans.com.ar\\\/index.php\\\/2023\\\/06\\\/29\\\/toyota-apuesta-por-la-movilidad-del-futuro-electrificacion-inteligencia-y-diversificacion\\\/\",\"url\":\"https:\\\/\\\/autofans.com.ar\\\/index.php\\\/2023\\\/06\\\/29\\\/toyota-apuesta-por-la-movilidad-del-futuro-electrificacion-inteligencia-y-diversificacion\\\/\",\"name\":\"Toyota apuesta por la movilidad del futuro: electrificaci\u00f3n, inteligencia y diversificaci\u00f3n -\",\"isPartOf\":{\"@id\":\"https:\\\/\\\/autofans.com.ar\\\/#website\"},\"primaryImageOfPage\":{\"@id\":\"https:\\\/\\\/autofans.com.ar\\\/index.php\\\/2023\\\/06\\\/29\\\/toyota-apuesta-por-la-movilidad-del-futuro-electrificacion-inteligencia-y-diversificacion\\\/#primaryimage\"},\"image\":{\"@id\":\"https:\\\/\\\/autofans.com.ar\\\/index.php\\\/2023\\\/06\\\/29\\\/toyota-apuesta-por-la-movilidad-del-futuro-electrificacion-inteligencia-y-diversificacion\\\/#primaryimage\"},\"thumbnailUrl\":\"https:\\\/\\\/autofans.com.ar\\\/wp-content\\\/uploads\\\/2023\\\/06\\\/foto-3-37.jpg\",\"datePublished\":\"2023-06-30T00:09:41+00:00\",\"dateModified\":\"2023-06-30T00:10:05+00:00\",\"author\":{\"@id\":\"https:\\\/\\\/autofans.com.ar\\\/#\\\/schema\\\/person\\\/4a8dda0b6df83ac3d6723e921274c2aa\"},\"description\":\"Toyota Motor Corporation ha presentado sus \u00faltimos avances en el campo de los veh\u00edculos el\u00e9ctricos e impulsar la tecnolog\u00eda del hidr\u00f3geno..\",\"breadcrumb\":{\"@id\":\"https:\\\/\\\/autofans.com.ar\\\/index.php\\\/2023\\\/06\\\/29\\\/toyota-apuesta-por-la-movilidad-del-futuro-electrificacion-inteligencia-y-diversificacion\\\/#breadcrumb\"},\"inLanguage\":\"es\",\"potentialAction\":[{\"@type\":\"ReadAction\",\"target\":[\"https:\\\/\\\/autofans.com.ar\\\/index.php\\\/2023\\\/06\\\/29\\\/toyota-apuesta-por-la-movilidad-del-futuro-electrificacion-inteligencia-y-diversificacion\\\/\"]}]},{\"@type\":\"ImageObject\",\"inLanguage\":\"es\",\"@id\":\"https:\\\/\\\/autofans.com.ar\\\/index.php\\\/2023\\\/06\\\/29\\\/toyota-apuesta-por-la-movilidad-del-futuro-electrificacion-inteligencia-y-diversificacion\\\/#primaryimage\",\"url\":\"https:\\\/\\\/autofans.com.ar\\\/wp-content\\\/uploads\\\/2023\\\/06\\\/foto-3-37.jpg\",\"contentUrl\":\"https:\\\/\\\/autofans.com.ar\\\/wp-content\\\/uploads\\\/2023\\\/06\\\/foto-3-37.jpg\",\"width\":1000,\"height\":667,\"caption\":\"Toyota\"},{\"@type\":\"BreadcrumbList\",\"@id\":\"https:\\\/\\\/autofans.com.ar\\\/index.php\\\/2023\\\/06\\\/29\\\/toyota-apuesta-por-la-movilidad-del-futuro-electrificacion-inteligencia-y-diversificacion\\\/#breadcrumb\",\"itemListElement\":[{\"@type\":\"ListItem\",\"position\":1,\"name\":\"Inicio\",\"item\":\"https:\\\/\\\/autofans.com.ar\\\/\"},{\"@type\":\"ListItem\",\"position\":2,\"name\":\"Toyota apuesta por la movilidad del futuro: electrificaci\u00f3n, inteligencia y diversificaci\u00f3n\"}]},{\"@type\":\"WebSite\",\"@id\":\"https:\\\/\\\/autofans.com.ar\\\/#website\",\"url\":\"https:\\\/\\\/autofans.com.ar\\\/\",\"name\":\"\",\"description\":\"El multimedio referente de la industria automotriz\",\"potentialAction\":[{\"@type\":\"SearchAction\",\"target\":{\"@type\":\"EntryPoint\",\"urlTemplate\":\"https:\\\/\\\/autofans.com.ar\\\/?s={search_term_string}\"},\"query-input\":{\"@type\":\"PropertyValueSpecification\",\"valueRequired\":true,\"valueName\":\"search_term_string\"}}],\"inLanguage\":\"es\"},{\"@type\":\"Person\",\"@id\":\"https:\\\/\\\/autofans.com.ar\\\/#\\\/schema\\\/person\\\/4a8dda0b6df83ac3d6723e921274c2aa\",\"name\":\"Alejandro Gabriel Rosito\",\"image\":{\"@type\":\"ImageObject\",\"inLanguage\":\"es\",\"@id\":\"https:\\\/\\\/secure.gravatar.com\\\/avatar\\\/16c5dda1489adfc62618084dcbb91cffd879c374b13fe5dd8e44ed6733852c88?s=96&d=mm&r=g\",\"url\":\"https:\\\/\\\/secure.gravatar.com\\\/avatar\\\/16c5dda1489adfc62618084dcbb91cffd879c374b13fe5dd8e44ed6733852c88?s=96&d=mm&r=g\",\"contentUrl\":\"https:\\\/\\\/secure.gravatar.com\\\/avatar\\\/16c5dda1489adfc62618084dcbb91cffd879c374b13fe5dd8e44ed6733852c88?s=96&d=mm&r=g\",\"caption\":\"Alejandro Gabriel Rosito\"},\"url\":\"https:\\\/\\\/autofans.com.ar\\\/index.php\\\/author\\\/gabrielr\\\/\"}]}<\/script>\n<!-- \/ Yoast SEO plugin. -->","yoast_head_json":{"title":"Toyota apuesta por la movilidad del futuro: electrificaci\u00f3n, inteligencia y diversificaci\u00f3n -","description":"Toyota Motor Corporation ha presentado sus \u00faltimos avances en el campo de los veh\u00edculos el\u00e9ctricos e impulsar la tecnolog\u00eda del hidr\u00f3geno..","robots":{"index":"index","follow":"follow","max-snippet":"max-snippet:-1","max-image-preview":"max-image-preview:large","max-video-preview":"max-video-preview:-1"},"canonical":"https:\/\/autofans.com.ar\/index.php\/2023\/06\/29\/toyota-apuesta-por-la-movilidad-del-futuro-electrificacion-inteligencia-y-diversificacion\/","og_locale":"es_ES","og_type":"article","og_title":"Toyota apuesta por la movilidad del futuro: electrificaci\u00f3n, inteligencia y diversificaci\u00f3n -","og_description":"Toyota Motor Corporation ha presentado sus \u00faltimos avances en el campo de los veh\u00edculos el\u00e9ctricos e impulsar la tecnolog\u00eda del hidr\u00f3geno..","og_url":"https:\/\/autofans.com.ar\/index.php\/2023\/06\/29\/toyota-apuesta-por-la-movilidad-del-futuro-electrificacion-inteligencia-y-diversificacion\/","article_published_time":"2023-06-30T00:09:41+00:00","article_modified_time":"2023-06-30T00:10:05+00:00","og_image":[{"width":1000,"height":667,"url":"https:\/\/autofans.com.ar\/wp-content\/uploads\/2023\/06\/foto-3-37.jpg","type":"image\/jpeg"}],"author":"Alejandro Gabriel Rosito","twitter_card":"summary_large_image","twitter_misc":{"Escrito por":"Alejandro Gabriel Rosito","Tiempo de lectura":"3 minutos"},"schema":{"@context":"https:\/\/schema.org","@graph":[{"@type":"Article","@id":"https:\/\/autofans.com.ar\/index.php\/2023\/06\/29\/toyota-apuesta-por-la-movilidad-del-futuro-electrificacion-inteligencia-y-diversificacion\/#article","isPartOf":{"@id":"https:\/\/autofans.com.ar\/index.php\/2023\/06\/29\/toyota-apuesta-por-la-movilidad-del-futuro-electrificacion-inteligencia-y-diversificacion\/"},"author":{"name":"Alejandro Gabriel Rosito","@id":"https:\/\/autofans.com.ar\/#\/schema\/person\/4a8dda0b6df83ac3d6723e921274c2aa"},"headline":"Toyota apuesta por la movilidad del futuro: electrificaci\u00f3n, inteligencia y diversificaci\u00f3n","datePublished":"2023-06-30T00:09:41+00:00","dateModified":"2023-06-30T00:10:05+00:00","mainEntityOfPage":{"@id":"https:\/\/autofans.com.ar\/index.php\/2023\/06\/29\/toyota-apuesta-por-la-movilidad-del-futuro-electrificacion-inteligencia-y-diversificacion\/"},"wordCount":671,"image":{"@id":"https:\/\/autofans.com.ar\/index.php\/2023\/06\/29\/toyota-apuesta-por-la-movilidad-del-futuro-electrificacion-inteligencia-y-diversificacion\/#primaryimage"},"thumbnailUrl":"https:\/\/autofans.com.ar\/wp-content\/uploads\/2023\/06\/foto-3-37.jpg","keywords":["#hidr\u00f3geno","#tecnolog\u00eda","alianzas estrat\u00e9gicas","autonom\u00eda","bater\u00edas","celdas de combustible","diversificaci\u00f3n","electrificaci\u00f3n","Fabricaci\u00f3n","inteligencia","Movilidad Sostenible","Toyota","veh\u00edculos el\u00e9ctricos"],"articleSection":["HIBRIDOS, ELECTRICOS y otros","NOTICIAS"],"inLanguage":"es"},{"@type":"WebPage","@id":"https:\/\/autofans.com.ar\/index.php\/2023\/06\/29\/toyota-apuesta-por-la-movilidad-del-futuro-electrificacion-inteligencia-y-diversificacion\/","url":"https:\/\/autofans.com.ar\/index.php\/2023\/06\/29\/toyota-apuesta-por-la-movilidad-del-futuro-electrificacion-inteligencia-y-diversificacion\/","name":"Toyota apuesta por la movilidad del futuro: electrificaci\u00f3n, inteligencia y diversificaci\u00f3n -","isPartOf":{"@id":"https:\/\/autofans.com.ar\/#website"},"primaryImageOfPage":{"@id":"https:\/\/autofans.com.ar\/index.php\/2023\/06\/29\/toyota-apuesta-por-la-movilidad-del-futuro-electrificacion-inteligencia-y-diversificacion\/#primaryimage"},"image":{"@id":"https:\/\/autofans.com.ar\/index.php\/2023\/06\/29\/toyota-apuesta-por-la-movilidad-del-futuro-electrificacion-inteligencia-y-diversificacion\/#primaryimage"},"thumbnailUrl":"https:\/\/autofans.com.ar\/wp-content\/uploads\/2023\/06\/foto-3-37.jpg","datePublished":"2023-06-30T00:09:41+00:00","dateModified":"2023-06-30T00:10:05+00:00","author":{"@id":"https:\/\/autofans.com.ar\/#\/schema\/person\/4a8dda0b6df83ac3d6723e921274c2aa"},"description":"Toyota Motor Corporation ha presentado sus \u00faltimos avances en el campo de los veh\u00edculos el\u00e9ctricos e impulsar la tecnolog\u00eda del hidr\u00f3geno..","breadcrumb":{"@id":"https:\/\/autofans.com.ar\/index.php\/2023\/06\/29\/toyota-apuesta-por-la-movilidad-del-futuro-electrificacion-inteligencia-y-diversificacion\/#breadcrumb"},"inLanguage":"es","potentialAction":[{"@type":"ReadAction","target":["https:\/\/autofans.com.ar\/index.php\/2023\/06\/29\/toyota-apuesta-por-la-movilidad-del-futuro-electrificacion-inteligencia-y-diversificacion\/"]}]},{"@type":"ImageObject","inLanguage":"es","@id":"https:\/\/autofans.com.ar\/index.php\/2023\/06\/29\/toyota-apuesta-por-la-movilidad-del-futuro-electrificacion-inteligencia-y-diversificacion\/#primaryimage","url":"https:\/\/autofans.com.ar\/wp-content\/uploads\/2023\/06\/foto-3-37.jpg","contentUrl":"https:\/\/autofans.com.ar\/wp-content\/uploads\/2023\/06\/foto-3-37.jpg","width":1000,"height":667,"caption":"Toyota"},{"@type":"BreadcrumbList","@id":"https:\/\/autofans.com.ar\/index.php\/2023\/06\/29\/toyota-apuesta-por-la-movilidad-del-futuro-electrificacion-inteligencia-y-diversificacion\/#breadcrumb","itemListElement":[{"@type":"ListItem","position":1,"name":"Inicio","item":"https:\/\/autofans.com.ar\/"},{"@type":"ListItem","position":2,"name":"Toyota apuesta por la movilidad del futuro: electrificaci\u00f3n, inteligencia y diversificaci\u00f3n"}]},{"@type":"WebSite","@id":"https:\/\/autofans.com.ar\/#website","url":"https:\/\/autofans.com.ar\/","name":"","description":"El multimedio referente de la industria automotriz","potentialAction":[{"@type":"SearchAction","target":{"@type":"EntryPoint","urlTemplate":"https:\/\/autofans.com.ar\/?s={search_term_string}"},"query-input":{"@type":"PropertyValueSpecification","valueRequired":true,"valueName":"search_term_string"}}],"inLanguage":"es"},{"@type":"Person","@id":"https:\/\/autofans.com.ar\/#\/schema\/person\/4a8dda0b6df83ac3d6723e921274c2aa","name":"Alejandro Gabriel Rosito","image":{"@type":"ImageObject","inLanguage":"es","@id":"https:\/\/secure.gravatar.com\/avatar\/16c5dda1489adfc62618084dcbb91cffd879c374b13fe5dd8e44ed6733852c88?s=96&d=mm&r=g","url":"https:\/\/secure.gravatar.com\/avatar\/16c5dda1489adfc62618084dcbb91cffd879c374b13fe5dd8e44ed6733852c88?s=96&d=mm&r=g","contentUrl":"https:\/\/secure.gravatar.com\/avatar\/16c5dda1489adfc62618084dcbb91cffd879c374b13fe5dd8e44ed6733852c88?s=96&d=mm&r=g","caption":"Alejandro Gabriel Rosito"},"url":"https:\/\/autofans.com.ar\/index.php\/author\/gabrielr\/"}]}},"featured_image_urls":{"full":["https:\/\/autofans.com.ar\/wp-content\/uploads\/2023\/06\/foto-3-37.jpg",1000,667,false],"thumbnail":["https:\/\/autofans.com.ar\/wp-content\/uploads\/2023\/06\/foto-3-37-150x150.jpg",150,150,true],"medium":["https:\/\/autofans.com.ar\/wp-content\/uploads\/2023\/06\/foto-3-37-300x200.jpg",300,200,true],"medium_large":["https:\/\/autofans.com.ar\/wp-content\/uploads\/2023\/06\/foto-3-37-768x512.jpg",640,427,true],"large":["https:\/\/autofans.com.ar\/wp-content\/uploads\/2023\/06\/foto-3-37.jpg",640,427,false],"1536x1536":["https:\/\/autofans.com.ar\/wp-content\/uploads\/2023\/06\/foto-3-37.jpg",1000,667,false],"2048x2048":["https:\/\/autofans.com.ar\/wp-content\/uploads\/2023\/06\/foto-3-37.jpg",1000,667,false],"covernews-featured":["https:\/\/autofans.com.ar\/wp-content\/uploads\/2023\/06\/foto-3-37.jpg",1000,667,false],"covernews-medium":["https:\/\/autofans.com.ar\/wp-content\/uploads\/2023\/06\/foto-3-37-540x340.jpg",540,340,true]},"author_info":{"display_name":"Alejandro Gabriel Rosito","author_link":"https:\/\/autofans.com.ar\/index.php\/author\/gabrielr\/"},"category_info":"<a href=\"https:\/\/autofans.com.ar\/index.php\/category\/noticias\/hibridos-y-electricos\/\" rel=\"category tag\">HIBRIDOS, ELECTRICOS y otros<\/a> <a href=\"https:\/\/autofans.com.ar\/index.php\/category\/noticias\/\" rel=\"category tag\">NOTICIAS<\/a>","tag_info":"NOTICIAS","comment_count":0,"_links":{"self":[{"href":"https:\/\/autofans.com.ar\/index.php\/wp-json\/wp\/v2\/posts\/3617","targetHints":{"allow":["GET"]}}],"collection":[{"href":"https:\/\/autofans.com.ar\/index.php\/wp-json\/wp\/v2\/posts"}],"about":[{"href":"https:\/\/autofans.com.ar\/index.php\/wp-json\/wp\/v2\/types\/post"}],"author":[{"embeddable":true,"href":"https:\/\/autofans.com.ar\/index.php\/wp-json\/wp\/v2\/users\/2"}],"replies":[{"embeddable":true,"href":"https:\/\/autofans.com.ar\/index.php\/wp-json\/wp\/v2\/comments?post=3617"}],"version-history":[{"count":2,"href":"https:\/\/autofans.com.ar\/index.php\/wp-json\/wp\/v2\/posts\/3617\/revisions"}],"predecessor-version":[{"id":3624,"href":"https:\/\/autofans.com.ar\/index.php\/wp-json\/wp\/v2\/posts\/3617\/revisions\/3624"}],"wp:featuredmedia":[{"embeddable":true,"href":"https:\/\/autofans.com.ar\/index.php\/wp-json\/wp\/v2\/media\/3620"}],"wp:attachment":[{"href":"https:\/\/autofans.com.ar\/index.php\/wp-json\/wp\/v2\/media?parent=3617"}],"wp:term":[{"taxonomy":"category","embeddable":true,"href":"https:\/\/autofans.com.ar\/index.php\/wp-json\/wp\/v2\/categories?post=3617"},{"taxonomy":"post_tag","embeddable":true,"href":"https:\/\/autofans.com.ar\/index.php\/wp-json\/wp\/v2\/tags?post=3617"}],"curies":[{"name":"wp","href":"https:\/\/api.w.org\/{rel}","templated":true}]}}